{"id":72113,"date":"2025-06-13T12:32:38","date_gmt":"2025-06-13T15:32:38","guid":{"rendered":"https:\/\/noticiasribeiraopreto.com.br\/index.php\/2025\/06\/13\/frio-intenso-vai-continuar-no-fim-de-semana-veja-previsao-para-o-interior-de-sp\/"},"modified":"2025-06-13T12:32:38","modified_gmt":"2025-06-13T15:32:38","slug":"frio-intenso-vai-continuar-no-fim-de-semana-veja-previsao-para-o-interior-de-sp","status":"publish","type":"post","link":"https:\/\/noticiasribeiraopreto.com.br\/index.php\/2025\/06\/13\/frio-intenso-vai-continuar-no-fim-de-semana-veja-previsao-para-o-interior-de-sp\/","title":{"rendered":"Frio intenso vai continuar no fim de semana? Veja previs\u00e3o para o interior de SP"},"content":{"rendered":"<p> <br \/>\n<\/p>\n<div data-td-block-uid=\"tdi_95\">\n<div class=\"tdb-block-inner td-fix-index\">\n<p><strong>O interior de S\u00e3o Paulo tem registrado baixas temperaturas nesta semana, durante a segunda onda de frio de 2025.<\/strong><\/p>\n<p><mark style=\"background-color:#fcb900\" class=\"has-inline-color has-black-color\">Ribeir\u00e3o Preto chegou a registrar 9,1\u00b0C na quinta-feira (12), segundo dados do <a href=\"http:\/\/www.ciiagro.org.br\/ema\/index.php?id=65\">Ciiagro (Centro Integrado de Informa\u00e7\u00f5es Agrometeorol\u00f3gicas)<\/a>.<\/mark><\/p>\n<h2 class=\"wp-block-heading\"><strong>At\u00e9 quando tem frio intenso?<\/strong><\/h2>\n<p>A onda de frio est\u00e1 prevista para terminar neste s\u00e1bado (14), segundo a Climatempo.<\/p>\n<p>A previs\u00e3o indica que as baixas temperaturas devem permanecer at\u00e9 o fim desta semana no interior paulista, com m\u00ednimas e m\u00e1ximas menores em rela\u00e7\u00e3o \u00e0 m\u00e9dia.<\/p>\n<p>De acordo com a Climatempo, a massa de ar polar se distancia sobre o oceano e os term\u00f4metros voltam a apresentar maior aumento no s\u00e1bado, quando o calor retorna aos poucos \u00e0 regi\u00e3o de Ribeir\u00e3o.<\/p>\n<h3 class=\"wp-block-heading\"><strong>Chuva?<\/strong><\/h3>\n<p>O deslocamento da \u00e1rea de alta press\u00e3o sobre o oceano e algumas perturba\u00e7\u00f5es na atmosfera\u00a0podem\u00a0contribuir para o retorno das instabilidades ao interior de S\u00e3o Paulo, no domingo (15), de acordo com a Climatempo.<\/p>\n<p>A tend\u00eancia \u00e9 de pancadas de chuva isoladas em munic\u00edpios do interior paulista.<\/p>\n<p>N\u00e3o h\u00e1, por\u00e9m, indicativo de chuva moderada ou forte.<\/p>\n<p><!-- CONTENT END 2 -->\n<\/div>\n<\/div>\n<p><br \/>\n<br \/><a href=\"https:\/\/www.acidadeon.com\/ribeiraopreto\/cotidiano\/frio-intenso-vai-continuar-no-fim-de-semana-veja-previsao-para-o-interior-de-sp\/\">Source link <\/a><\/p>\n","protected":false},"excerpt":{"rendered":"<p>O interior de S\u00e3o Paulo tem registrado baixas temperaturas nesta semana, durante a segunda onda de frio de 2025. Ribeir\u00e3o Preto chegou a registrar 9,1\u00b0C&#8230;<\/p>\n","protected":false},"author":1,"featured_media":72114,"comment_status":"open","ping_status":"open","sticky":false,"template":"","format":"standard","meta":{"advanced_seo_description":"","jetpack_seo_html_title":"","jetpack_seo_noindex":false,"jetpack_post_was_ever_published":false,"_jetpack_newsletter_access":"","_jetpack_dont_email_post_to_subs":false,"_jetpack_newsletter_tier_id":0,"_jetpack_memberships_contains_paywalled_content":false,"_jetpack_memberships_contains_paid_content":false,"footnotes":"","jetpack_publicize_message":"","jetpack_publicize_feature_enabled":true,"jetpack_social_post_already_shared":true,"jetpack_social_options":{"image_generator_settings":{"template":"highway","default_image_id":0,"font":"","enabled":false},"version":2}},"categories":[11],"tags":[],"class_list":["post-72113","post","type-post","status-publish","format-standard","has-post-thumbnail","hentry","category-noticias-de-ribeirao-preto-sp-e-regiao-ismael-colosi"],"jetpack_publicize_connections":[],"jetpack_featured_media_url":"https:\/\/i0.wp.com\/noticiasribeiraopreto.com.br\/wp-content\/uploads\/2025\/06\/clima_tempo_1024x576_25052021185248.jpg?fit=1024%2C576&ssl=1","jetpack-related-posts":[{"id":51219,"url":"https:\/\/noticiasribeiraopreto.com.br\/index.php\/2024\/05\/24\/chuva-e-frio-fim-de-semana-tem-virada-no-tempo-no-interior-de-sp-veja-a-previsao\/","url_meta":{"origin":72113,"position":0},"title":"Chuva e frio: Fim de semana tem virada no tempo no interior de SP; Veja a previs\u00e3o","author":"noticiasribeiraopreto.com.br","date":"24 de May de 2024","format":false,"excerpt":"Uma frente fria avan\u00e7a nesta sexta-feira (24) e a umidade pode trazer chuva isolada\u00a0para Ribeir\u00e3o Preto no fim da tarde e \u00e0 noite, segundo a Climatempo. Com o avan\u00e7o deste sistema, tamb\u00e9m est\u00e3o previstas rajadas de vento de at\u00e9 70 km\/h hoje. Onda de frio A 1\u00aa onda de frio\u2026","rel":"","context":"In &quot;Not\u00edcias de Ribeir\u00e3o Preto-SP e Regi\u00e3o&quot;","block_context":{"text":"Not\u00edcias de Ribeir\u00e3o Preto-SP e Regi\u00e3o","link":"https:\/\/noticiasribeiraopreto.com.br\/index.php\/category\/noticias-de-ribeirao-preto-sp-e-regiao-ismael-colosi\/"},"img":{"alt_text":"","src":"https:\/\/i0.wp.com\/noticiasribeiraopreto.com.br\/wp-content\/uploads\/2024\/05\/WhatsApp-Image-2024-02-16-at-11.24.48.jpeg?fit=1200%2C540&ssl=1&resize=350%2C200","width":350,"height":200,"srcset":"https:\/\/i0.wp.com\/noticiasribeiraopreto.com.br\/wp-content\/uploads\/2024\/05\/WhatsApp-Image-2024-02-16-at-11.24.48.jpeg?fit=1200%2C540&ssl=1&resize=350%2C200 1x, https:\/\/i0.wp.com\/noticiasribeiraopreto.com.br\/wp-content\/uploads\/2024\/05\/WhatsApp-Image-2024-02-16-at-11.24.48.jpeg?fit=1200%2C540&ssl=1&resize=525%2C300 1.5x, https:\/\/i0.wp.com\/noticiasribeiraopreto.com.br\/wp-content\/uploads\/2024\/05\/WhatsApp-Image-2024-02-16-at-11.24.48.jpeg?fit=1200%2C540&ssl=1&resize=700%2C400 2x, https:\/\/i0.wp.com\/noticiasribeiraopreto.com.br\/wp-content\/uploads\/2024\/05\/WhatsApp-Image-2024-02-16-at-11.24.48.jpeg?fit=1200%2C540&ssl=1&resize=1050%2C600 3x"},"classes":[]},{"id":72746,"url":"https:\/\/noticiasribeiraopreto.com.br\/index.php\/2025\/06\/20\/primeira-onda-de-frio-do-inverno-tem-data-para-chegar-ao-estado-de-sp-veja-quando\/","url_meta":{"origin":72113,"position":1},"title":"Primeira onda de frio do inverno tem data para chegar ao estado de SP; Veja quando","author":"noticiasribeiraopreto.com.br","date":"20 de June de 2025","format":false,"excerpt":"A primeira onda de frio do inverno 2025 \u2013 a terceira do ano \u2013 est\u00e1 prevista para atingir o Centro-Sul do Brasil nos pr\u00f3ximos dias. Segundo a Climatempo, a nova onda de frio deve come\u00e7ar na pr\u00f3xima segunda-feira (23) e se estende at\u00e9 a sexta-feira (27). O inverno tem in\u00edcio\u2026","rel":"","context":"In &quot;Not\u00edcias de Ribeir\u00e3o Preto-SP e Regi\u00e3o&quot;","block_context":{"text":"Not\u00edcias de Ribeir\u00e3o Preto-SP e Regi\u00e3o","link":"https:\/\/noticiasribeiraopreto.com.br\/index.php\/category\/noticias-de-ribeirao-preto-sp-e-regiao-ismael-colosi\/"},"img":{"alt_text":"","src":"https:\/\/i0.wp.com\/noticiasribeiraopreto.com.br\/wp-content\/uploads\/2025\/06\/1750450353_calcadao_ribeirao_1024x576_22052020190437.jpg?fit=1024%2C576&ssl=1&resize=350%2C200","width":350,"height":200,"srcset":"https:\/\/i0.wp.com\/noticiasribeiraopreto.com.br\/wp-content\/uploads\/2025\/06\/1750450353_calcadao_ribeirao_1024x576_22052020190437.jpg?fit=1024%2C576&ssl=1&resize=350%2C200 1x, https:\/\/i0.wp.com\/noticiasribeiraopreto.com.br\/wp-content\/uploads\/2025\/06\/1750450353_calcadao_ribeirao_1024x576_22052020190437.jpg?fit=1024%2C576&ssl=1&resize=525%2C300 1.5x, https:\/\/i0.wp.com\/noticiasribeiraopreto.com.br\/wp-content\/uploads\/2025\/06\/1750450353_calcadao_ribeirao_1024x576_22052020190437.jpg?fit=1024%2C576&ssl=1&resize=700%2C400 2x"},"classes":[]},{"id":72054,"url":"https:\/\/noticiasribeiraopreto.com.br\/index.php\/2025\/06\/12\/ate-quando-vai-o-frio-intenso-que-atinge-o-interior-de-sp\/","url_meta":{"origin":72113,"position":2},"title":"At\u00e9 quando vai o frio intenso que atinge o interior de SP?","author":"noticiasribeiraopreto.com.br","date":"12 de June de 2025","format":false,"excerpt":"O frio intenso que atinge diversas regi\u00f5es do interior de S\u00e3o Paulo deve continuar, pelo menos, at\u00e9 s\u00e1bado (14), de acordo com os meteorologistas. >>>FIQUE POR DENTRO: Frio extremo atinge interior de SP e temperatura pode chegar a 2\u00baC; Veja onde Na \u00faltima segunda-feira (9), a Defesa Civil emitiu um\u2026","rel":"","context":"In &quot;Not\u00edcias de Ribeir\u00e3o Preto-SP e Regi\u00e3o&quot;","block_context":{"text":"Not\u00edcias de Ribeir\u00e3o Preto-SP e Regi\u00e3o","link":"https:\/\/noticiasribeiraopreto.com.br\/index.php\/category\/noticias-de-ribeirao-preto-sp-e-regiao-ismael-colosi\/"},"img":{"alt_text":"","src":"https:\/\/i0.wp.com\/noticiasribeiraopreto.com.br\/wp-content\/uploads\/2025\/06\/frio_luva_1200x675_16042022092951.jpg?fit=1200%2C675&ssl=1&resize=350%2C200","width":350,"height":200,"srcset":"https:\/\/i0.wp.com\/noticiasribeiraopreto.com.br\/wp-content\/uploads\/2025\/06\/frio_luva_1200x675_16042022092951.jpg?fit=1200%2C675&ssl=1&resize=350%2C200 1x, https:\/\/i0.wp.com\/noticiasribeiraopreto.com.br\/wp-content\/uploads\/2025\/06\/frio_luva_1200x675_16042022092951.jpg?fit=1200%2C675&ssl=1&resize=525%2C300 1.5x, https:\/\/i0.wp.com\/noticiasribeiraopreto.com.br\/wp-content\/uploads\/2025\/06\/frio_luva_1200x675_16042022092951.jpg?fit=1200%2C675&ssl=1&resize=700%2C400 2x, https:\/\/i0.wp.com\/noticiasribeiraopreto.com.br\/wp-content\/uploads\/2025\/06\/frio_luva_1200x675_16042022092951.jpg?fit=1200%2C675&ssl=1&resize=1050%2C600 3x"},"classes":[]},{"id":51762,"url":"https:\/\/noticiasribeiraopreto.com.br\/index.php\/2024\/05\/29\/onda-de-frio-deve-provocar-temperaturas-ainda-mais-baixas-no-interior-de-sp-veja-a-previsao\/","url_meta":{"origin":72113,"position":3},"title":"Onda de frio deve provocar temperaturas ainda mais baixas no interior de SP; Veja a previs\u00e3o","author":"noticiasribeiraopreto.com.br","date":"29 de May de 2024","format":false,"excerpt":"A frente fria que chegou ao interior do estado de S\u00e3o Paulo deve fazer com que as temperaturas caiam ainda mais nesta quinta-feira (30), feriado de Corpus Christi, e pode causar geada em algumas regi\u00f5es. De acordo com a meteorologia, a segunda onda de frio deste ano come\u00e7ou a atingir\u2026","rel":"","context":"In &quot;Not\u00edcias de Ribeir\u00e3o Preto-SP e Regi\u00e3o&quot;","block_context":{"text":"Not\u00edcias de Ribeir\u00e3o Preto-SP e Regi\u00e3o","link":"https:\/\/noticiasribeiraopreto.com.br\/index.php\/category\/noticias-de-ribeirao-preto-sp-e-regiao-ismael-colosi\/"},"img":{"alt_text":"","src":"https:\/\/i0.wp.com\/noticiasribeiraopreto.com.br\/wp-content\/uploads\/2024\/05\/frente_fria_-_foto_guilherme_sircili_5.jpg_231334169.png?fit=600%2C400&ssl=1&resize=350%2C200","width":350,"height":200,"srcset":"https:\/\/i0.wp.com\/noticiasribeiraopreto.com.br\/wp-content\/uploads\/2024\/05\/frente_fria_-_foto_guilherme_sircili_5.jpg_231334169.png?fit=600%2C400&ssl=1&resize=350%2C200 1x, https:\/\/i0.wp.com\/noticiasribeiraopreto.com.br\/wp-content\/uploads\/2024\/05\/frente_fria_-_foto_guilherme_sircili_5.jpg_231334169.png?fit=600%2C400&ssl=1&resize=525%2C300 1.5x"},"classes":[]},{"id":49218,"url":"https:\/\/noticiasribeiraopreto.com.br\/index.php\/2024\/05\/09\/frio-tem-data-para-chegar-ao-estado-de-sp-veja-previsao-das-temperaturas-no-interior\/","url_meta":{"origin":72113,"position":4},"title":"Frio tem data para chegar ao estado de SP; Veja previs\u00e3o das temperaturas no interior","author":"noticiasribeiraopreto.com.br","date":"9 de May de 2024","format":false,"excerpt":"A chegada de uma frente fria ao Sul do Brasil neste fim de semana traz uma forte massa de ar polar, que deve come\u00e7ar a romper o bloqueio do ar quente no Sudeste a partir da pr\u00f3xima semana, segundo a Climatempo. \u201cA atmosfera deve come\u00e7ar a se movimentar novamente na\u2026","rel":"","context":"In &quot;Not\u00edcias de Ribeir\u00e3o Preto-SP e Regi\u00e3o&quot;","block_context":{"text":"Not\u00edcias de Ribeir\u00e3o Preto-SP e Regi\u00e3o","link":"https:\/\/noticiasribeiraopreto.com.br\/index.php\/category\/noticias-de-ribeirao-preto-sp-e-regiao-ismael-colosi\/"},"img":{"alt_text":"","src":"https:\/\/i0.wp.com\/noticiasribeiraopreto.com.br\/wp-content\/uploads\/2024\/05\/ceu_nublado_e_tempo_frio_em_campinas_cxdigo_19_166036-scaled.jpg?fit=1200%2C800&ssl=1&resize=350%2C200","width":350,"height":200,"srcset":"https:\/\/i0.wp.com\/noticiasribeiraopreto.com.br\/wp-content\/uploads\/2024\/05\/ceu_nublado_e_tempo_frio_em_campinas_cxdigo_19_166036-scaled.jpg?fit=1200%2C800&ssl=1&resize=350%2C200 1x, https:\/\/i0.wp.com\/noticiasribeiraopreto.com.br\/wp-content\/uploads\/2024\/05\/ceu_nublado_e_tempo_frio_em_campinas_cxdigo_19_166036-scaled.jpg?fit=1200%2C800&ssl=1&resize=525%2C300 1.5x, https:\/\/i0.wp.com\/noticiasribeiraopreto.com.br\/wp-content\/uploads\/2024\/05\/ceu_nublado_e_tempo_frio_em_campinas_cxdigo_19_166036-scaled.jpg?fit=1200%2C800&ssl=1&resize=700%2C400 2x, https:\/\/i0.wp.com\/noticiasribeiraopreto.com.br\/wp-content\/uploads\/2024\/05\/ceu_nublado_e_tempo_frio_em_campinas_cxdigo_19_166036-scaled.jpg?fit=1200%2C800&ssl=1&resize=1050%2C600 3x"},"classes":[]},{"id":46862,"url":"https:\/\/noticiasribeiraopreto.com.br\/index.php\/2024\/04\/15\/entenda-como-sera-a-onda-de-frio-veja-as-temperaturas-no-interior-de-sp\/","url_meta":{"origin":72113,"position":5},"title":"Entenda como ser\u00e1 a onda de frio; Veja as temperaturas no interior de SP","author":"noticiasribeiraopreto.com.br","date":"15 de April de 2024","format":false,"excerpt":"Uma massa de ar de origem polar deve causar a primeira queda de temperatura acentuada do outono nos pr\u00f3ximos dias. Segundo a Climatempo, a frente fria se forma nesta ter\u00e7a-feira (16) entre o Brasil, o Uruguai e a Argentina, e est\u00e1 associada a um intenso ciclone extratropical \u2013 que n\u00e3o\u2026","rel":"","context":"In &quot;Not\u00edcias de Ribeir\u00e3o Preto-SP e Regi\u00e3o&quot;","block_context":{"text":"Not\u00edcias de Ribeir\u00e3o Preto-SP e Regi\u00e3o","link":"https:\/\/noticiasribeiraopreto.com.br\/index.php\/category\/noticias-de-ribeirao-preto-sp-e-regiao-ismael-colosi\/"},"img":{"alt_text":"","src":"https:\/\/i0.wp.com\/noticiasribeiraopreto.com.br\/wp-content\/uploads\/2024\/04\/frio_ribeirao_1024x576_30062021063120.jpg?fit=1024%2C576&ssl=1&resize=350%2C200","width":350,"height":200,"srcset":"https:\/\/i0.wp.com\/noticiasribeiraopreto.com.br\/wp-content\/uploads\/2024\/04\/frio_ribeirao_1024x576_30062021063120.jpg?fit=1024%2C576&ssl=1&resize=350%2C200 1x, https:\/\/i0.wp.com\/noticiasribeiraopreto.com.br\/wp-content\/uploads\/2024\/04\/frio_ribeirao_1024x576_30062021063120.jpg?fit=1024%2C576&ssl=1&resize=525%2C300 1.5x, https:\/\/i0.wp.com\/noticiasribeiraopreto.com.br\/wp-content\/uploads\/2024\/04\/frio_ribeirao_1024x576_30062021063120.jpg?fit=1024%2C576&ssl=1&resize=700%2C400 2x"},"classes":[]}],"jetpack_sharing_enabled":true,"jetpack_shortlink":"https:\/\/wp.me\/peQAOb-iL7","_links":{"self":[{"href":"https:\/\/noticiasribeiraopreto.com.br\/index.php\/wp-json\/wp\/v2\/posts\/72113","targetHints":{"allow":["GET"]}}],"collection":[{"href":"https:\/\/noticiasribeiraopreto.com.br\/index.php\/wp-json\/wp\/v2\/posts"}],"about":[{"href":"https:\/\/noticiasribeiraopreto.com.br\/index.php\/wp-json\/wp\/v2\/types\/post"}],"author":[{"embeddable":true,"href":"https:\/\/noticiasribeiraopreto.com.br\/index.php\/wp-json\/wp\/v2\/users\/1"}],"replies":[{"embeddable":true,"href":"https:\/\/noticiasribeiraopreto.com.br\/index.php\/wp-json\/wp\/v2\/comments?post=72113"}],"version-history":[{"count":0,"href":"https:\/\/noticiasribeiraopreto.com.br\/index.php\/wp-json\/wp\/v2\/posts\/72113\/revisions"}],"wp:featuredmedia":[{"embeddable":true,"href":"https:\/\/noticiasribeiraopreto.com.br\/index.php\/wp-json\/wp\/v2\/media\/72114"}],"wp:attachment":[{"href":"https:\/\/noticiasribeiraopreto.com.br\/index.php\/wp-json\/wp\/v2\/media?parent=72113"}],"wp:term":[{"taxonomy":"category","embeddable":true,"href":"https:\/\/noticiasribeiraopreto.com.br\/index.php\/wp-json\/wp\/v2\/categories?post=72113"},{"taxonomy":"post_tag","embeddable":true,"href":"https:\/\/noticiasribeiraopreto.com.br\/index.php\/wp-json\/wp\/v2\/tags?post=72113"}],"curies":[{"name":"wp","href":"https:\/\/api.w.org\/{rel}","templated":true}]}}