{"id":72115,"date":"2025-06-13T12:39:17","date_gmt":"2025-06-13T15:39:17","guid":{"rendered":"https:\/\/noticiasribeiraopreto.com.br\/index.php\/2025\/06\/13\/joao-rock-teatro-e-exposicao-de-carros-veja-onde-aproveitar-o-fim-de-semana-em-ribeirao-preto\/"},"modified":"2025-06-13T12:39:17","modified_gmt":"2025-06-13T15:39:17","slug":"joao-rock-teatro-e-exposicao-de-carros-veja-onde-aproveitar-o-fim-de-semana-em-ribeirao-preto","status":"publish","type":"post","link":"https:\/\/noticiasribeiraopreto.com.br\/index.php\/2025\/06\/13\/joao-rock-teatro-e-exposicao-de-carros-veja-onde-aproveitar-o-fim-de-semana-em-ribeirao-preto\/","title":{"rendered":"Jo\u00e3o Rock, teatro e exposi\u00e7\u00e3o de carros: veja onde aproveitar o fim de semana em Ribeir\u00e3o Preto"},"content":{"rendered":"<p> <br \/>\n<\/p>\n<div>\n<p>Ainda n\u00e3o sabe o que fazer no fim de semana? O <strong>acidade on Ribeir\u00e3o Preto<\/strong> listou as melhores op\u00e7\u00f5es para quem est\u00e1 em busca de programa\u00e7\u00e3o. Os grandes destaques da agenda cultural s\u00e3o: o festival <strong>Jo\u00e3o Rock<\/strong>, a apresenta\u00e7\u00e3o da pe\u00e7a <strong>\u201cDorot\u00e9ia<\/strong>\u201d e a <strong>12\u00aa exposi\u00e7\u00e3o de carros antigos do Clube Faixa Branca<\/strong>. Veja:<\/p>\n<h2 class=\"wp-block-heading\"><strong>Jo\u00e3o Rock<\/strong><\/h2>\n<p>O <strong>Festival Jo\u00e3o Rock<\/strong> acontece neste<strong> s\u00e1bado (14)<\/strong>, no <strong>Parque Permanente de Exposi\u00e7\u00f5es<\/strong>. O evento conta com quatro palcos, <strong>mais de 30 atra\u00e7\u00f5es<\/strong> entre Seu Jorge, Natiruts, Vanessa da Mata e mais. A estrutura conta com  setores pista, pista premium e camarotes. Os ingressos ainda podem ser adquiridos atrav\u00e9s do site oficial <a href=\"https:\/\/www.joaorock.com.br\/ingressos\/\">(clique aqui)<\/a>. <\/p>\n<p><strong>Quando:\u00a0<\/strong>14 de junho, s\u00e1bado <strong><br \/>Hor\u00e1rio:\u00a0<\/strong>A partir das 14h<strong><br \/>Local:\u00a0<\/strong>Parque Permanente de Exposi\u00e7\u00f5es <strong><br \/>Ingressos:\u00a0<\/strong>A partir de R$ 240<\/p>\n<h2 class=\"wp-block-heading\"><strong>Dorot\u00e9ia<\/strong><\/h2>\n<p>O grupo teatral<strong> F\u00f3cu <\/strong>apresenta neste<strong> s\u00e1bado (14)<\/strong>, \u00e0s <strong>20h<\/strong>, no<strong> Teatro Santarosa <\/strong>a pe\u00e7a <strong>\u201cDorot\u00e9ia\u201d<\/strong>. Na trama, <strong>Dorot\u00e9ia <\/strong>retorna a casa de suas parentas distantes em busca da remiss\u00e3o de seus pecados. O retorno acontece no mesmo dia que <strong>Dona Fl\u00e1via<\/strong>, a mais velha e feia da fam\u00edlia casar\u00e1 sua filha, nascida morta e de cinco meses,<strong> Maria das Dores<\/strong>, com um noivo invis\u00edvel. Os ingressos podem ser adquiridos <strong>on-line <a href=\"https:\/\/bileto.sympla.com.br\/event\/106953\/d\/321379\/s\/2189777?_gl=1*10g7lzf*_gcl_au*MzE5MDUzNDI2LjE3NDczOTgxMTM.*_ga*MjE1Mjg5MjkyLjE3NDczOTgxMTQ.*_ga_KXH10SQTZF*czE3NDk4MjIyNjgkbzMkZzAkdDE3NDk4MjIyNzgkajUwJGwwJGgxNTE5NTEyMjM0\">(clique aqui).<\/a><\/strong><\/p>\n<p><strong>Quando:<\/strong> 14 de junho, s\u00e1bado<br \/><strong>Hor\u00e1rio:<\/strong> 20h<br \/><strong>Onde:<\/strong> Teatro SantaRosa | pra\u00e7a Rotary Club, 325 \u2013 City Ribeir\u00e3o<br \/><strong>Ingressos: <\/strong>A partir de R$ 20<\/p>\n<h2 class=\"wp-block-heading\"><strong>12\u00aa Exposi\u00e7\u00e3o de Carros Antigos <\/strong><strong\/><\/h2>\n<p>O <strong>Novo Shopping<\/strong> recebe, de <strong>14 a 29 de junho<\/strong>, a <strong>12\u00aa Exposi\u00e7\u00e3o de Carros Antigos do Clube Faixa Branca<\/strong>, uma <strong>mostra gratuita<\/strong> com uma sele\u00e7\u00e3o <strong>de 25 carros e motos cl\u00e1ssicas<\/strong>. Esta edi\u00e7\u00e3o comemora os 36 anos do <strong>Clube Faixa Branca<\/strong>, estar\u00e3o expostos os modelos Ford 1931, Aero Willys 1970, Mg Enseada 1975, Jeep Willys 1962, Dodge 1978 e Del Rey Ghia 19.<\/p>\n<p><strong>Quando:\u00a0<\/strong>14 a 29 de junho \u00a0<strong><br \/>Hor\u00e1rio:\u00a0<\/strong>segunda-feira a s\u00e1bado das 10h \u00e0s 22h e domingos das 14h \u00e0s 20h<br \/><strong>Local:\u00a0<\/strong>Corredor de acesso \u00e0 portaria 5, no Novo Shopping | avenida Presidente Kennedy, 1500 \u00a0<br \/><strong>Entrada gratuita<\/strong><\/p>\n<h2 class=\"wp-block-heading\"><strong>Fam\u00edlia no Museu<\/strong><\/h2>\n<p>Neste <strong>s\u00e1bado (14)<\/strong> e <strong>domingo (15)<\/strong>, o <strong>Museu Casa de Portinari<\/strong> recebe mais uma edi\u00e7\u00e3o do projeto \u201c<strong>Fam\u00edlia no Museu \u2013 Atividades Intergeracionais<\/strong>\u201d. A programa\u00e7\u00e3o inclui brincadeiras, jogos e leituras mediadas. Ao final das atividades, os participantes recebem o certificado de \u201c<strong>Fam\u00edlia Legal<\/strong>\u201d.<\/p>\n<p><strong>Quando:\u00a0<\/strong>14 e 15 de junho, s\u00e1bado e domingo<br \/><strong>Local:<\/strong>\u00a0Museu Casa de Potinari<br \/><strong>Hor\u00e1rio: <\/strong>10h \u00e0s 16h<br \/><strong>Entrada gratuita<\/strong><\/p>\n<h2 class=\"wp-block-heading\"><strong>Esquenta Jo\u00e3o Rock Armaz\u00e9m Baixada<\/strong><\/h2>\n<p>O <strong>Armaz\u00e9m Baixada<\/strong> realiza nesta <strong>sexta-feira (13)<\/strong>, o \u201c<strong>Esquenta Jo\u00e3o Rock<\/strong>\u201d, a partir das <strong>22h<\/strong>. O evento conta com a banda <strong>R\u00e1dio Reggae<\/strong>, <strong>Bogot\u00e1<\/strong> e <strong>DJ Kizo<\/strong>. Os ingressos podem ser adquiridos na portaria do evento, para desconto na compra, basta colocar seu nome na lista, nos coment\u00e1rios da publica\u00e7\u00e3o do Instagram do <strong>Armaz\u00e9m<\/strong>.<\/p>\n<p><strong>Quando:\u00a0<\/strong>13 de junho, sexta-feira \u00a0\u00a0<strong><br \/>Hor\u00e1rio:<\/strong>\u00a0A partir das 22h <strong><br \/>Local:<\/strong>\u00a0Armaz\u00e9m Baixada | rua Duque de Caxias, 141 \u2013 Centro <strong><br \/>Ingressos: <\/strong><strong>A partir de R$ 20 (nome na lista)<\/strong><\/p>\n<h2 class=\"wp-block-heading\"><strong>A Hist\u00f3ria e a Arte da Nossa Catedral<\/strong><\/h2>\n<p>O Shopping Santa \u00darsula, no Centro de\u00a0<strong>Ribeir\u00e3o Preto<\/strong>, recebe\u00a0<strong>at\u00e9 o dia 31 de julho<\/strong>, uma exposi\u00e7\u00e3o que busca sensibilizar a popula\u00e7\u00e3o sobre a\u00a0<strong>situa\u00e7\u00e3o estrutural\u00a0<\/strong>enfrentada pela\u00a0<strong>Catedral Metropolitana<\/strong>. A\u00a0<strong>visita\u00e7\u00e3o \u00e9 gratuita<\/strong>\u00a0e aberta ao p\u00fablico durante o hor\u00e1rio de funcionamento do estabelecimento.<\/p>\n<p><strong>Quando:\u00a0<\/strong><strong>at\u00e9 31 de julho <\/strong><strong><br \/>Hor\u00e1rio:<\/strong> segunda a s\u00e1bado das 9h \u00e0s 21 e domingos e feriados das 11h \u00e0s 21h<strong><br \/>Local:\u00a0<\/strong>Shopping Santa \u00darsula | rua S\u00e3o Jos\u00e9, 933 \u2013 Higen\u00f3polis \u00a0\u00a0<strong><br \/>Entrada gratuita <\/strong><strong\/><\/p>\n<h2 class=\"wp-block-heading\"><strong>Feira de Artesanato <\/strong><strong\/><\/h2>\n<p>Durante todos os s\u00e1bados e domingos de junho, o Museu Casa de Portinari realiza a sua tradicional Feira de Artesanato, das 10h \u00e0s 16h, na esplanada do Museu. Obras de artes\u00f5es locais estar\u00e3o expostas e dispon\u00edveis para venda.<\/p>\n<p><strong>Quando:\u00a0<\/strong>Todos os s\u00e1bados e domingos de junho<br \/><strong>Hor\u00e1rio:\u00a0<\/strong>Das 10h \u00e0s 16h <strong><br \/>Local:\u00a0<\/strong>Esplanada do Museu Casa de Portinari <strong><br \/>Entrada gratuita<\/strong><\/p>\n<h2 class=\"wp-block-heading\"><strong>Shows Teatro de Arena<\/strong><\/h2>\n<p><strong>No <\/strong><strong>domingo (15)<\/strong><strong>, o <\/strong><strong>Teatro de Arena de Ribeir\u00e3o Preto<\/strong><strong> recebe <\/strong>a partir das\u00a0<strong>15h<\/strong>, o espet\u00e1culo \u201c<strong>Shows no Teatro de Arena<\/strong>\u201d, com quatro atra\u00e7\u00f5es e entrada <strong>gratuita. <\/strong>A m\u00fasica fica por conta de\u00a0<strong>Magn\u00f3lia Samba<\/strong>,\u00a0<strong>DJ Spin, Banda Balaco<\/strong>\u00a0e\u00a0<strong>Soberanas do Samba<\/strong>. O evento segue at\u00e9 as\u00a0<strong>22h<\/strong>\u00a0e tem classifica\u00e7\u00e3o indicativa\u00a0<strong>livre<\/strong>. N\u00e3o \u00e9 necess\u00e1rio retirar\u00a0<strong>ingressos<\/strong>.<\/p>\n<p><strong>Quando: <\/strong><strong>15 de junho<\/strong>, domingo \u00a0<strong><br \/>Hor\u00e1rio:<\/strong> 15h<br \/><strong>Local:<\/strong> Teatro de Arena de Ribeir\u00e3o Preto | Jardim Mosteiro<br \/><strong>Entrada gratuita<\/strong><\/p>\n<h2 class=\"wp-block-heading\"><strong>S\u00e9rie Juventude Tem Concerto<\/strong><\/h2>\n<p>O maestro <strong>Reginaldo Nascimento <\/strong>e a <strong>Orquestra Sinf\u00f4nica de Ribeir\u00e3o Preto<\/strong> apresentam um espet\u00e1culo gratuito, no <strong>domingo (15)<\/strong>, a partir das <strong>10h<\/strong>, no <strong>Theatro Pedro II<\/strong>. O programa conta com obras de <strong>Carl Nielsen<\/strong>, <strong>Ernesto de Curtis<\/strong>, <strong>Henry Mancini<\/strong>, <strong>Ennio Morricone<\/strong> e outros.<\/p>\n<p><strong>Quando: <\/strong>15 de junho, domingo<br \/><strong>Hor\u00e1rio:<\/strong>\u00a010h <strong><br \/>Local:\u00a0<\/strong>Theatro Pedro II | rua Alvares Cabral, 370 \u2013 Centro \u00a0\u00a0\u00a0<strong><br \/>Entrada gratuita<\/strong><\/p>\n<h2 class=\"wp-block-heading\"><strong>O Pequeno Dom Quixote<\/strong><\/h2>\n<p>O\u00a0<strong>Teatro Municipal de Ribeir\u00e3o Preto<\/strong>\u00a0recebe<strong> <\/strong>uma\u00a0<strong>apresenta\u00e7\u00e3o gratuita<\/strong>\u00a0de \u201cO Pequeno Dom Quixote\u201d.\u00a0<strong>Quixano<\/strong>, filho de uma atriz de uma trupe de circo-teatro, encantado pela apresenta\u00e7\u00e3o da trupe invade o ensaio de uma das pe\u00e7as, e \u00e9 enxotado pela sua tia. \u00c9 ent\u00e3o que ele se declara um cavaleiro, e decide fugir dali. <strong\/><\/p>\n<p><strong>Quando: <\/strong>13 de junho, sexta-feira <strong><br \/>Hor\u00e1rio:<\/strong>\u00a0\u00c0s 15h <strong><br \/>Local:\u00a0<\/strong>Teatro Municipal de Ribeir\u00e3o Preto | Jardim Mosteiro \u00a0\u00a0<strong><br \/>Entrada gratuita<\/strong><\/p>\n<h2 class=\"wp-block-heading\"><strong>Feira de Orqu\u00eddeas<\/strong><\/h2>\n<p>O<strong> Museu Casa de Portinari <\/strong>recebe a<strong> Feira de Orqu\u00eddeas <\/strong>promovida pelo <strong>Orquid\u00e1rio Nossa Senhora Aparecida<\/strong>. O evento conta com diversas esp\u00e9cies e exemplares. A entrada \u00e9 <strong>gratuita <\/strong>e a programa\u00e7\u00e3o come\u00e7a a partir das <strong>9h<\/strong>, <strong>deste s\u00e1bado (14).<\/strong><\/p>\n<p><strong>Quando: <\/strong>14 junho, s\u00e1bado<strong><br \/>Hor\u00e1rio:<\/strong>\u00a0Das 9h \u00e0s 14h<strong><br \/>Local:\u00a0<\/strong>Esplanada do Museu Casa de Portinari \u00a0\u00a0<strong><br \/>Entrada gratuita<\/strong><\/p>\n<h2 class=\"wp-block-heading\"><strong>Oficina Capoeira de Angola<\/strong><\/h2>\n<p>A\u00a0<strong>Universidade de S\u00e3o Paulo (USP) de Ribeir\u00e3o Preto<\/strong><strong> realiza <\/strong>no s\u00e1bado (14), das\u00a0<strong>8h \u00e0s 15h<\/strong>, na sala 2 do Centro de Educa\u00e7\u00e3o F\u00edsica, Esportes e Recrea\u00e7\u00e3o (Cefer) uma <strong>Oficina de Capoeira Angola<\/strong><strong>. Programa\u00e7\u00e3o inclui viv\u00eancia pr\u00e1tica em Capoeira Angola<\/strong><strong>,\u00a0<\/strong><strong>oficina de<\/strong><strong>musicalidade<\/strong><strong>,\u00a0<\/strong><strong>roda de conversa<\/strong><strong>\u00a0<\/strong>e um<strong>\u00a0almo\u00e7o coletivo.<\/strong> Os interessados devem se inscrever por\u00a0<a href=\"https:\/\/docs.google.com\/forms\/d\/e\/1FAIpQLSdj3HLOJIzTMmd5FdP6AxTP4cK3rOsaCo1jOi7bLFvShJlAxQ\/viewform\">meio deste link<\/a>, mas o n\u00famero de vagas \u00e9 limitado.<strong\/><\/p>\n<p><strong>Quando: <\/strong>14 de junho, s\u00e1bado <strong>\u00a0<br \/>Hor\u00e1rio:<\/strong>\u00a08h \u00e0s 15h<strong><br \/>Local:\u00a0<\/strong>CEFER \u2013 USP Ribeir\u00e3o Preto \u00a0<strong><br \/>Inscri\u00e7\u00f5es gratuitas<\/strong><\/p>\n<h2 class=\"wp-block-heading\"><strong>Espet\u00e1culo Abracadabra<\/strong><\/h2>\n<p>O espet\u00e1culo \u201c<strong>Abracadabra \u2013 O Circo Musical<\/strong>\u201d segue por mais um fim de semana em\u00a0<strong>Ribeir\u00e3o Preto. <\/strong>Criado por\u00a0<strong>Frederico Reder<\/strong>, esta temporada conta com nomes como\u00a0<strong>Ded\u00e9 Santana, Diego Hyp\u00f3lito\u00a0<\/strong>e\u00a0<strong>Tio Paulo<\/strong>. O espet\u00e1culo conta com m\u00fasica ao vivo, anim\u00e1gicos, brinquedos e pra\u00e7a de alimenta\u00e7\u00e3o. <strong>Os ingressos est\u00e3o dispon\u00edveis\u00a0on-line<\/strong>\u00a0(<a href=\"https:\/\/uhuu.com\/comprar-ingressos\/sp\/ribeirao-preto\/reder-circus-dede-santana-e-tio-paulo-em-abracadabra-14603?queueittoken=e_principal~q_4dadbacf-b587-41ba-8425-5e6457569a5b~ts_1746659386~ce_true~rt_safetynet~h_375d37f8c12fec4c1d48460921d38408354aafd330b45a64caff5dd3895c3277#\/fluxo-de-selecao\">clique aqui<\/a>), com sess\u00f5es de quinta a domingo, com hor\u00e1rios a partir das 15h.<\/p>\n<p><strong>Quando:\u00a0<\/strong>A partir de 16 de maio \u00a0<br \/><strong>Local:<\/strong>\u00a0Reeder Circus | via Dr. Jeremias de Paula Martins \u2013 Jardim Zinato<br \/><strong>Hor\u00e1rio: <\/strong>Sess\u00f5es a partir das 15h (dependendo do dia)<br \/><strong>Ingressos: <\/strong><strong>A partir de R$ 44<\/strong><\/p>\n<h2 class=\"wp-block-heading\"><strong>Oficina com Enzo The Dude<\/strong><\/h2>\n<p>O\u00a0<strong>Espa\u00e7o MuseLab<\/strong>\u00a0oferece oficinas e encontros gratuitos sobre temas diversos do universo da m\u00fasica. Neste <strong>s\u00e1bado (14)<\/strong>, a programa\u00e7\u00e3o fica por conta de <strong>Enzo The Dude<\/strong>. A atividade oferece uma introdu\u00e7\u00e3o ao universo da discotecagem, por meio de um encontro din\u00e2mico e introdut\u00f3rio, abordando temas como estrutura musical, leitura de pista, constru\u00e7\u00e3o de set e panorama do mercado de DJs. Os interessados devem se inscrever previamente\u00a0<strong>on-line\u00a0<a href=\"https:\/\/www.youtube.com\/watch?v=_yt_RSwUduU&amp;t=5939s\">(clique aqui)<\/a><\/strong>.<\/p>\n<p><strong>Quando: <\/strong>14 de junho, s\u00e1bado <strong><br \/>Hor\u00e1rio:<\/strong>\u00a019h30<strong><br \/>Local:\u00a0<\/strong>Centro Cultural Vila Tecnol\u00f3gica | rua Am\u00e9rico Biscaro, 21-85 \u2013 Jardim Alexandre \u00a0\u00a0\u00a0\u00a0<strong><br \/>Inscri\u00e7\u00f5es gratuitas<\/strong><\/p>\n<h2 class=\"wp-block-heading\"><strong>O Menino Que Vestia Poesia<\/strong><\/h2>\n<p><strong>William Gama<\/strong> apresenta uma conta\u00e7\u00e3o de hist\u00f3ria neste <strong>domingo (15)<\/strong>, \u00e0s <strong>16h<\/strong>, no <strong>Sesi Ribeir\u00e3o Preto<\/strong>. Na trama, o protagonista, um menino que percebe tudo \u00e0 sua volta com poesia, decide um dia criar uma roupa feita de versos para espalhar encantamento por onde passar. A entrada \u00e9 <strong>gratuita<\/strong> mediante a reserva de ingressos \u2013 <a href=\"https:\/\/www.sesisp.org.br\/evento\/a6feb680-6046-45a9-8e08-0f207e3d19ce\/o-menino-que-vestia-poesia\">clique aqui para reservar<\/a>.<\/p>\n<p><strong>Quando: <\/strong>15 de junho, domingo <strong><br \/>Hor\u00e1rio:<\/strong>\u00a016h<strong><br \/>Local:\u00a0<\/strong>Sesi Ribeir\u00e3o Preto | rua Jo\u00e3o Ignacchitti \u00a0\u00a0\u00a0\u00a0<strong><br \/>Entrada gratuita<\/strong><\/p>\n<h2 class=\"wp-block-heading\"><strong>Flamencas<\/strong><\/h2>\n<p>A <strong>Cia Flamenca Cal\u00f3 <\/strong>apresenta um espet\u00e1culo vibrante que celebra a cultura flamenca. A apresenta\u00e7\u00e3o conta com trajes tradicionais, m\u00fasica, dan\u00e7a e mais. A apresenta\u00e7\u00e3o acontece no<strong> Sesi<\/strong>, na <strong>sexta-feira (13) <\/strong>e<strong> s\u00e1bado (14),<\/strong> \u00e0s <strong>20h<\/strong> e<strong> domingo (15) <\/strong>\u00e0s <strong>19h<\/strong>. Entrada gratuita mediante a reserva de ingressos \u2013 <strong><a href=\"https:\/\/www.sesisp.org.br\/evento\/f5a7a738-b278-4c55-8e6b-4321733dfce7\/flamencas\">clique aqui para reservar<\/a>.<\/strong><\/p>\n<p><strong>Quando: <\/strong>13, 14 e 15 de junho \u00a0<strong><br \/>Hor\u00e1rio:<\/strong>\u00a0Sexta e s\u00e1bado \u00e0s 20h e domingo \u00e0s 19h <strong><br \/>Local:\u00a0<\/strong>Sesi Ribeir\u00e3o Preto | rua Jo\u00e3o Ignachiti, 20-364 \u2013 Jardim Castelo Branco <strong><br \/>Entrada gratuita <\/strong><strong>\u00a0<\/strong><\/p>\n<p><!-- CONTENT END 1 -->\n<\/div>\n<p><br \/>\n<br \/><a href=\"https:\/\/www.acidadeon.com\/ribeiraopreto\/lazer-e-cultura\/joao-rock-teatro-e-exposicao-de-carros-veja-onde-aproveitar-o-fim-de-semana-em-ribeirao-preto\/\">Source link <\/a><\/p>\n","protected":false},"excerpt":{"rendered":"<p>Ainda n\u00e3o sabe o que fazer no fim de semana? O acidade on Ribeir\u00e3o Preto listou as melhores op\u00e7\u00f5es para quem est\u00e1 em busca de&#8230;<\/p>\n","protected":false},"author":1,"featured_media":72116,"comment_status":"open","ping_status":"open","sticky":false,"template":"","format":"standard","meta":{"advanced_seo_description":"","jetpack_seo_html_title":"","jetpack_seo_noindex":false,"jetpack_post_was_ever_published":false,"_jetpack_newsletter_access":"","_jetpack_dont_email_post_to_subs":false,"_jetpack_newsletter_tier_id":0,"_jetpack_memberships_contains_paywalled_content":false,"_jetpack_memberships_contains_paid_content":false,"footnotes":"","jetpack_publicize_message":"","jetpack_publicize_feature_enabled":true,"jetpack_social_post_already_shared":true,"jetpack_social_options":{"image_generator_settings":{"template":"highway","default_image_id":0,"font":"","enabled":false},"version":2}},"categories":[11],"tags":[],"class_list":["post-72115","post","type-post","status-publish","format-standard","has-post-thumbnail","hentry","category-noticias-de-ribeirao-preto-sp-e-regiao-ismael-colosi"],"jetpack_publicize_connections":[],"jetpack_featured_media_url":"https:\/\/i0.wp.com\/noticiasribeiraopreto.com.br\/wp-content\/uploads\/2025\/06\/Design-sem-nome_2025-05-06_13-03-53.webp.webp?fit=1200%2C675&ssl=1","jetpack-related-posts":[{"id":72200,"url":"https:\/\/noticiasribeiraopreto.com.br\/index.php\/2025\/06\/14\/ainda-da-tempo-veja-como-comprar-ingressos-para-o-joao-rock\/","url_meta":{"origin":72115,"position":0},"title":"Ainda d\u00e1 tempo: Veja como comprar ingressos para o Jo\u00e3o Rock","author":"noticiasribeiraopreto.com.br","date":"14 de June de 2025","format":false,"excerpt":"A\u00a022\u00aa edi\u00e7\u00e3o\u00a0do festival\u00a0Jo\u00e3o Rock\u00a0acontece neste\u00a0s\u00e1bado (14), no\u00a0Parque Permanente de Exposi\u00e7\u00f5es, em\u00a0Ribeir\u00e3o Preto.\u00a0Os port\u00f5es abrem a partir das 12h30. O evento conta com uma maratona de m\u00fasica e re\u00fane nomes do rock, rap, MPB e reggae, em quatro palcos que recebem 36 atra\u00e7\u00f5es. Os interessados em ir ao festival ainda podem\u2026","rel":"","context":"In &quot;Not\u00edcias de Ribeir\u00e3o Preto-SP e Regi\u00e3o&quot;","block_context":{"text":"Not\u00edcias de Ribeir\u00e3o Preto-SP e Regi\u00e3o","link":"https:\/\/noticiasribeiraopreto.com.br\/index.php\/category\/noticias-de-ribeirao-preto-sp-e-regiao-ismael-colosi\/"},"img":{"alt_text":"","src":"https:\/\/i0.wp.com\/noticiasribeiraopreto.com.br\/wp-content\/uploads\/2025\/06\/pulseira-joao-rock_2025-06-14_13-52-29.webp.webp?fit=1200%2C675&ssl=1&resize=350%2C200","width":350,"height":200,"srcset":"https:\/\/i0.wp.com\/noticiasribeiraopreto.com.br\/wp-content\/uploads\/2025\/06\/pulseira-joao-rock_2025-06-14_13-52-29.webp.webp?fit=1200%2C675&ssl=1&resize=350%2C200 1x, https:\/\/i0.wp.com\/noticiasribeiraopreto.com.br\/wp-content\/uploads\/2025\/06\/pulseira-joao-rock_2025-06-14_13-52-29.webp.webp?fit=1200%2C675&ssl=1&resize=525%2C300 1.5x, https:\/\/i0.wp.com\/noticiasribeiraopreto.com.br\/wp-content\/uploads\/2025\/06\/pulseira-joao-rock_2025-06-14_13-52-29.webp.webp?fit=1200%2C675&ssl=1&resize=700%2C400 2x, https:\/\/i0.wp.com\/noticiasribeiraopreto.com.br\/wp-content\/uploads\/2025\/06\/pulseira-joao-rock_2025-06-14_13-52-29.webp.webp?fit=1200%2C675&ssl=1&resize=1050%2C600 3x"},"classes":[]},{"id":63297,"url":"https:\/\/noticiasribeiraopreto.com.br\/index.php\/2025\/02\/09\/joao-rock-inicia-venda-geral-de-ingressos-nesse-domingo-veja-valores-e-como-comprar\/","url_meta":{"origin":72115,"position":1},"title":"Jo\u00e3o Rock inicia venda geral de ingressos nesse domingo; Veja valores e como comprar","author":"noticiasribeiraopreto.com.br","date":"9 de February de 2025","format":false,"excerpt":"O Jo\u00e3o Rock inicia neste domingo (9), a venda geral de ingressos para a 22\u00aa edi\u00e7\u00e3o do festival que acontece em Ribeir\u00e3o Preto. O evento acontece no dia 14 de junho, no Parque Permanente de Exposi\u00e7\u00f5es. A programa\u00e7\u00e3o musical deste ano conta com Natiruts, Nando Reis, Vanessa da Mata, Seu\u2026","rel":"","context":"In &quot;Not\u00edcias de Ribeir\u00e3o Preto-SP e Regi\u00e3o&quot;","block_context":{"text":"Not\u00edcias de Ribeir\u00e3o Preto-SP e Regi\u00e3o","link":"https:\/\/noticiasribeiraopreto.com.br\/index.php\/category\/noticias-de-ribeirao-preto-sp-e-regiao-ismael-colosi\/"},"img":{"alt_text":"","src":"https:\/\/i0.wp.com\/noticiasribeiraopreto.com.br\/wp-content\/uploads\/2024\/04\/AnyConv.com__joao-rock-1.webp.webp?fit=1200%2C776&ssl=1&resize=350%2C200","width":350,"height":200,"srcset":"https:\/\/i0.wp.com\/noticiasribeiraopreto.com.br\/wp-content\/uploads\/2024\/04\/AnyConv.com__joao-rock-1.webp.webp?fit=1200%2C776&ssl=1&resize=350%2C200 1x, https:\/\/i0.wp.com\/noticiasribeiraopreto.com.br\/wp-content\/uploads\/2024\/04\/AnyConv.com__joao-rock-1.webp.webp?fit=1200%2C776&ssl=1&resize=525%2C300 1.5x, https:\/\/i0.wp.com\/noticiasribeiraopreto.com.br\/wp-content\/uploads\/2024\/04\/AnyConv.com__joao-rock-1.webp.webp?fit=1200%2C776&ssl=1&resize=700%2C400 2x, https:\/\/i0.wp.com\/noticiasribeiraopreto.com.br\/wp-content\/uploads\/2024\/04\/AnyConv.com__joao-rock-1.webp.webp?fit=1200%2C776&ssl=1&resize=1050%2C600 3x"},"classes":[]},{"id":49295,"url":"https:\/\/noticiasribeiraopreto.com.br\/index.php\/2024\/05\/09\/joao-rock-veja-como-carregar-e-ativar-a-pulseira-do-festival-em-ribeirao-preto\/","url_meta":{"origin":72115,"position":2},"title":"Jo\u00e3o Rock: Veja como carregar e ativar a pulseira do festival em Ribeir\u00e3o Preto","author":"noticiasribeiraopreto.com.br","date":"9 de May de 2024","format":false,"excerpt":"O Jo\u00e3o Rock liberou o sistema de pr\u00e9-carga em suas pulseiras multifuncionais, nesta quinta-feira (9). O evento acontece no dia 8 de junho, no Parque Permanente de Exposi\u00e7\u00f5es de Ribeir\u00e3o Preto. O dispositivo, al\u00e9m de servir como ingresso, tamb\u00e9m \u00e9 utilizado para realizar todas as transa\u00e7\u00f5es de compra no festival,\u2026","rel":"","context":"In &quot;Not\u00edcias de Ribeir\u00e3o Preto-SP e Regi\u00e3o&quot;","block_context":{"text":"Not\u00edcias de Ribeir\u00e3o Preto-SP e Regi\u00e3o","link":"https:\/\/noticiasribeiraopreto.com.br\/index.php\/category\/noticias-de-ribeirao-preto-sp-e-regiao-ismael-colosi\/"},"img":{"alt_text":"","src":"https:\/\/i0.wp.com\/noticiasribeiraopreto.com.br\/wp-content\/uploads\/2024\/04\/AnyConv.com__joao-rock-1.webp.webp?fit=1200%2C776&ssl=1&resize=350%2C200","width":350,"height":200,"srcset":"https:\/\/i0.wp.com\/noticiasribeiraopreto.com.br\/wp-content\/uploads\/2024\/04\/AnyConv.com__joao-rock-1.webp.webp?fit=1200%2C776&ssl=1&resize=350%2C200 1x, https:\/\/i0.wp.com\/noticiasribeiraopreto.com.br\/wp-content\/uploads\/2024\/04\/AnyConv.com__joao-rock-1.webp.webp?fit=1200%2C776&ssl=1&resize=525%2C300 1.5x, https:\/\/i0.wp.com\/noticiasribeiraopreto.com.br\/wp-content\/uploads\/2024\/04\/AnyConv.com__joao-rock-1.webp.webp?fit=1200%2C776&ssl=1&resize=700%2C400 2x, https:\/\/i0.wp.com\/noticiasribeiraopreto.com.br\/wp-content\/uploads\/2024\/04\/AnyConv.com__joao-rock-1.webp.webp?fit=1200%2C776&ssl=1&resize=1050%2C600 3x"},"classes":[]},{"id":65547,"url":"https:\/\/noticiasribeiraopreto.com.br\/index.php\/2025\/03\/21\/doadores-de-sangue-tem-direito-a-meia-entrada-no-festival-joao-rock\/","url_meta":{"origin":72115,"position":3},"title":"Doadores de sangue t\u00eam direito a meia-entrada no Festival Jo\u00e3o Rock","author":"noticiasribeiraopreto.com.br","date":"21 de March de 2025","format":false,"excerpt":"Doadores de sangue t\u00eam direito a desconto de meia-entrada no Festival Jo\u00e3o Rock, que acontece no dia 14 junho, no Parque Permanente de Exposi\u00e7\u00f5es, em Ribeir\u00e3o Preto. O participante deve apresentar comprovante de doa\u00e7\u00e3o na entrada do evento. O desconto \u00e9 v\u00e1lido para todos os lotes e setores do festival\u2026","rel":"","context":"In &quot;Not\u00edcias de Ribeir\u00e3o Preto-SP e Regi\u00e3o&quot;","block_context":{"text":"Not\u00edcias de Ribeir\u00e3o Preto-SP e Regi\u00e3o","link":"https:\/\/noticiasribeiraopreto.com.br\/index.php\/category\/noticias-de-ribeirao-preto-sp-e-regiao-ismael-colosi\/"},"img":{"alt_text":"","src":"https:\/\/i0.wp.com\/noticiasribeiraopreto.com.br\/wp-content\/uploads\/2025\/03\/Copia-de-Copia-de-Copia-de-TAMANHO-EXATO-PARA-FOTOS-NO-SISTEMA-NOVO-29_2025-03-20_15-25-58_jpg_2025-03-20_15-25-58.webp.webp?fit=1200%2C675&ssl=1&resize=350%2C200","width":350,"height":200,"srcset":"https:\/\/i0.wp.com\/noticiasribeiraopreto.com.br\/wp-content\/uploads\/2025\/03\/Copia-de-Copia-de-Copia-de-TAMANHO-EXATO-PARA-FOTOS-NO-SISTEMA-NOVO-29_2025-03-20_15-25-58_jpg_2025-03-20_15-25-58.webp.webp?fit=1200%2C675&ssl=1&resize=350%2C200 1x, https:\/\/i0.wp.com\/noticiasribeiraopreto.com.br\/wp-content\/uploads\/2025\/03\/Copia-de-Copia-de-Copia-de-TAMANHO-EXATO-PARA-FOTOS-NO-SISTEMA-NOVO-29_2025-03-20_15-25-58_jpg_2025-03-20_15-25-58.webp.webp?fit=1200%2C675&ssl=1&resize=525%2C300 1.5x, https:\/\/i0.wp.com\/noticiasribeiraopreto.com.br\/wp-content\/uploads\/2025\/03\/Copia-de-Copia-de-Copia-de-TAMANHO-EXATO-PARA-FOTOS-NO-SISTEMA-NOVO-29_2025-03-20_15-25-58_jpg_2025-03-20_15-25-58.webp.webp?fit=1200%2C675&ssl=1&resize=700%2C400 2x, https:\/\/i0.wp.com\/noticiasribeiraopreto.com.br\/wp-content\/uploads\/2025\/03\/Copia-de-Copia-de-Copia-de-TAMANHO-EXATO-PARA-FOTOS-NO-SISTEMA-NOVO-29_2025-03-20_15-25-58_jpg_2025-03-20_15-25-58.webp.webp?fit=1200%2C675&ssl=1&resize=1050%2C600 3x"},"classes":[]},{"id":39741,"url":"https:\/\/noticiasribeiraopreto.com.br\/index.php\/2024\/02\/27\/ingressos-para-camarote-e-pista-premium-do-joao-rock-estao-esgotados-veja-quando-e-o-proximo-lote\/","url_meta":{"origin":72115,"position":4},"title":"Ingressos para camarote e pista premium do Jo\u00e3o Rock est\u00e3o esgotados; Veja quando \u00e9 o pr\u00f3ximo lote","author":"noticiasribeiraopreto.com.br","date":"27 de February de 2024","format":false,"excerpt":"A pr\u00e9-venda dos ingressos do Festival Jo\u00e3o Rock, que acontece em Ribeir\u00e3o Preto, no dia 8 de junho, segue apenas com o setor pista dispon\u00edvel para venda. A compra foi aberta \u00e0s 12h desta ter\u00e7a-feira (27), no site oficial do evento (clique aqui), e os convites antecipados e com descontos\u2026","rel":"","context":"In &quot;Not\u00edcias de Ribeir\u00e3o Preto-SP e Regi\u00e3o&quot;","block_context":{"text":"Not\u00edcias de Ribeir\u00e3o Preto-SP e Regi\u00e3o","link":"https:\/\/noticiasribeiraopreto.com.br\/index.php\/category\/noticias-de-ribeirao-preto-sp-e-regiao-ismael-colosi\/"},"img":{"alt_text":"","src":"https:\/\/i0.wp.com\/noticiasribeiraopreto.com.br\/wp-content\/uploads\/2024\/02\/1709083337_joao-rock-scaled.jpg?fit=1200%2C675&ssl=1&resize=350%2C200","width":350,"height":200,"srcset":"https:\/\/i0.wp.com\/noticiasribeiraopreto.com.br\/wp-content\/uploads\/2024\/02\/1709083337_joao-rock-scaled.jpg?fit=1200%2C675&ssl=1&resize=350%2C200 1x, https:\/\/i0.wp.com\/noticiasribeiraopreto.com.br\/wp-content\/uploads\/2024\/02\/1709083337_joao-rock-scaled.jpg?fit=1200%2C675&ssl=1&resize=525%2C300 1.5x, https:\/\/i0.wp.com\/noticiasribeiraopreto.com.br\/wp-content\/uploads\/2024\/02\/1709083337_joao-rock-scaled.jpg?fit=1200%2C675&ssl=1&resize=700%2C400 2x, https:\/\/i0.wp.com\/noticiasribeiraopreto.com.br\/wp-content\/uploads\/2024\/02\/1709083337_joao-rock-scaled.jpg?fit=1200%2C675&ssl=1&resize=1050%2C600 3x"},"classes":[]},{"id":40710,"url":"https:\/\/noticiasribeiraopreto.com.br\/index.php\/2024\/03\/05\/joao-rock-divulga-line-up-com-lulu-santos-marina-sena-duda-beat-e-samuel-rosa-confira\/","url_meta":{"origin":72115,"position":5},"title":"Jo\u00e3o Rock divulga line-up com Lulu Santos, Marina Sena, Duda Beat e Samuel Rosa; Confira","author":"noticiasribeiraopreto.com.br","date":"5 de March de 2024","format":false,"excerpt":"O Jo\u00e3o Rock anunciou nesta ter\u00e7a-feira (5) o line-up do festival de 2024 que conta com artistas como Emicida e Pitty, Lulu Santos, Marina Sena, Duda Beat, Ney Matogrosso, Maria Gad\u00fa, Samuel Rosa, Djavan, entre outros \u2013 veja a lista completa abaixo. O Jo\u00e3o Rock 2024 acontece no dia 8\u2026","rel":"","context":"In &quot;Not\u00edcias de Ribeir\u00e3o Preto-SP e Regi\u00e3o&quot;","block_context":{"text":"Not\u00edcias de Ribeir\u00e3o Preto-SP e Regi\u00e3o","link":"https:\/\/noticiasribeiraopreto.com.br\/index.php\/category\/noticias-de-ribeirao-preto-sp-e-regiao-ismael-colosi\/"},"img":{"alt_text":"","src":"https:\/\/i0.wp.com\/noticiasribeiraopreto.com.br\/wp-content\/uploads\/2024\/03\/AnyConv.com__joao-rock.webp.webp?fit=1200%2C675&ssl=1&resize=350%2C200","width":350,"height":200,"srcset":"https:\/\/i0.wp.com\/noticiasribeiraopreto.com.br\/wp-content\/uploads\/2024\/03\/AnyConv.com__joao-rock.webp.webp?fit=1200%2C675&ssl=1&resize=350%2C200 1x, https:\/\/i0.wp.com\/noticiasribeiraopreto.com.br\/wp-content\/uploads\/2024\/03\/AnyConv.com__joao-rock.webp.webp?fit=1200%2C675&ssl=1&resize=525%2C300 1.5x, https:\/\/i0.wp.com\/noticiasribeiraopreto.com.br\/wp-content\/uploads\/2024\/03\/AnyConv.com__joao-rock.webp.webp?fit=1200%2C675&ssl=1&resize=700%2C400 2x, https:\/\/i0.wp.com\/noticiasribeiraopreto.com.br\/wp-content\/uploads\/2024\/03\/AnyConv.com__joao-rock.webp.webp?fit=1200%2C675&ssl=1&resize=1050%2C600 3x"},"classes":[]}],"jetpack_sharing_enabled":true,"jetpack_shortlink":"https:\/\/wp.me\/peQAOb-iL9","_links":{"self":[{"href":"https:\/\/noticiasribeiraopreto.com.br\/index.php\/wp-json\/wp\/v2\/posts\/72115","targetHints":{"allow":["GET"]}}],"collection":[{"href":"https:\/\/noticiasribeiraopreto.com.br\/index.php\/wp-json\/wp\/v2\/posts"}],"about":[{"href":"https:\/\/noticiasribeiraopreto.com.br\/index.php\/wp-json\/wp\/v2\/types\/post"}],"author":[{"embeddable":true,"href":"https:\/\/noticiasribeiraopreto.com.br\/index.php\/wp-json\/wp\/v2\/users\/1"}],"replies":[{"embeddable":true,"href":"https:\/\/noticiasribeiraopreto.com.br\/index.php\/wp-json\/wp\/v2\/comments?post=72115"}],"version-history":[{"count":0,"href":"https:\/\/noticiasribeiraopreto.com.br\/index.php\/wp-json\/wp\/v2\/posts\/72115\/revisions"}],"wp:featuredmedia":[{"embeddable":true,"href":"https:\/\/noticiasribeiraopreto.com.br\/index.php\/wp-json\/wp\/v2\/media\/72116"}],"wp:attachment":[{"href":"https:\/\/noticiasribeiraopreto.com.br\/index.php\/wp-json\/wp\/v2\/media?parent=72115"}],"wp:term":[{"taxonomy":"category","embeddable":true,"href":"https:\/\/noticiasribeiraopreto.com.br\/index.php\/wp-json\/wp\/v2\/categories?post=72115"},{"taxonomy":"post_tag","embeddable":true,"href":"https:\/\/noticiasribeiraopreto.com.br\/index.php\/wp-json\/wp\/v2\/tags?post=72115"}],"curies":[{"name":"wp","href":"https:\/\/api.w.org\/{rel}","templated":true}]}}