{"id":72117,"date":"2025-06-13T12:46:52","date_gmt":"2025-06-13T15:46:52","guid":{"rendered":"https:\/\/noticiasribeiraopreto.com.br\/index.php\/2025\/06\/13\/idoso-morre-apos-ataque-de-abelhas-no-interior-de-sp\/"},"modified":"2025-06-13T12:46:52","modified_gmt":"2025-06-13T15:46:52","slug":"idoso-morre-apos-ataque-de-abelhas-no-interior-de-sp","status":"publish","type":"post","link":"https:\/\/noticiasribeiraopreto.com.br\/index.php\/2025\/06\/13\/idoso-morre-apos-ataque-de-abelhas-no-interior-de-sp\/","title":{"rendered":"Idoso morre ap\u00f3s ataque de abelhas no interior de SP"},"content":{"rendered":"<p> <br \/>\n<\/p>\n<div>\n<p><strong>Um idoso de 70 anos sofreu um ataque de abelhas e morreu na tarde desta quinta-feira (12)<\/strong>, em <strong>Taquaritinga<\/strong>, no interior de S\u00e3o Paulo.<\/p>\n<p>De acordo com a Prefeitura Municipal, a v\u00edtima, identificada como <strong>Lu\u00eds Carlos da Silva<\/strong>, era natural de Monte Alto e trabalhava na ro\u00e7agem de um terreno no <strong>bairro Jardim Laranjeiras IV<\/strong>, pr\u00f3ximo ao Jardim Bot\u00e2nico. <\/p>\n<p>Durante a atividade, o <strong>idoso foi surpreendido por um enxame de abelhas.<\/strong> Equipes de emerg\u00eancia prestaram os primeiros atendimentos no local e o <strong>encaminharam ao Pronto Atendimento da Santa Casa de Taquaritinga<\/strong>.<\/p>\n<p>Segundo o boletim de ocorr\u00eancia, <mark style=\"background-color:#fcb900\" class=\"has-inline-color\">Lu\u00eds Carlos era al\u00e9rgico e apresentava picadas por todo o corpo.<\/mark><\/p>\n<p>A prefeitura emitiu uma nota de pesar e informou que est\u00e1 prestando assist\u00eancia \u00e0 fam\u00edlia. <strong>Leia na \u00edntegra:<\/strong><\/p>\n<p class=\"has-text-align-center\"><em>A Prefeitura de Taquaritinga manifesta profundo pesar pelo falecimento do servidor <strong>Lu\u00eds Carlos da Silva<\/strong>, ocorrido nesta quinta-feira (12), e se solidariza com familiares, amigos e colegas de trabalho neste momento de dor.<\/em><\/p>\n<p class=\"has-text-align-center\"><em>Lu\u00eds Carlos faleceu em decorr\u00eancia de um tr\u00e1gico acidente enquanto exercia suas fun\u00e7\u00f5es no munic\u00edpio. Servidor lotado no Jardim Bot\u00e2nico, ele realizava ro\u00e7agem de um terreno no bairro Jardim Laranjeiras IV quando foi atacado por um enxame de abelhas, sofrendo m\u00faltiplas picadas. Apesar dos primeiros socorros e do encaminhamento imediato ao Pronto Atendimento da Santa Casa, ele infelizmente n\u00e3o resistiu.<\/em><\/p>\n<p class=\"has-text-align-center\"><em>A administra\u00e7\u00e3o municipal presta condol\u00eancias e se coloca \u00e0 disposi\u00e7\u00e3o da fam\u00edlia para o que for necess\u00e1rio. Lu\u00eds Carlos deixa como legado seu comprometimento com o servi\u00e7o p\u00fablico e a contribui\u00e7\u00e3o dedicada ao munic\u00edpio.<\/em><\/p>\n<hr class=\"wp-block-separator has-alpha-channel-opacity\"\/>\n<p>SAIBA MAIS<\/p>\n<p>Rompimento de adutora causa grande vazamento de \u00e1gua em Ribeir\u00e3o Preto<\/p>\n<h4 class=\"wp-block-heading\"><strong>FIQUE ON<\/strong><\/h4>\n<p>Quer ficar por dentro de tudo que acontece em Ribeir\u00e3o Preto e regi\u00e3o? Ent\u00e3o siga os perfis do\u202facidade on\u202fno\u202f<a href=\"https:\/\/www.instagram.com\/acidadeonribeirao\" target=\"_blank\" rel=\"noreferrer noopener\">Instagram<\/a>\u202fe no\u202f<a href=\"https:\/\/www.facebook.com\/acidadeonribeirao\/\" target=\"_blank\" rel=\"noreferrer noopener\">Facebook<\/a>.<\/p>\n<p>Al\u00e9m disso, voc\u00ea pode receber as principais not\u00edcias diretamente no WhatsApp. Para isso, basta\u00a0<a href=\"https:\/\/chat.whatsapp.com\/BjKQZ9oJwlz8VVT50NuePq\" target=\"_blank\" rel=\"noreferrer noopener\">entrar no grupo clicando aqui<\/a>.<\/p>\n<p>Por fim, se quiser fazer uma den\u00fancia ou sugerir uma reportagem sobre Ribeir\u00e3o Preto e regi\u00e3o, envie uma mensagem pelo WhatsApp: (16) 99117-7802.<\/p>\n<p>VEJA TAMB\u00c9M<\/p>\n<p>Como \u00e9 o processo de autoriza\u00e7\u00e3o para cria\u00e7\u00e3o de can\u00e1rios-da-terra? <mark style=\"background-color:#ffffff\" class=\"has-inline-color has-white-color\">, contudo<\/mark><\/p>\n<p><!-- CONTENT END 1 -->\n<\/div>\n<p><script async src=\"\/\/www.instagram.com\/embed.js\"><\/script><br \/>\n<br \/><br \/>\n<br \/><a href=\"https:\/\/www.acidadeon.com\/ribeiraopreto\/cotidiano\/idoso-morre-apos-ataque-de-abelhas-no-interior-de-sp\/\">Source link <\/a><\/p>\n","protected":false},"excerpt":{"rendered":"<p>Um idoso de 70 anos sofreu um ataque de abelhas e morreu na tarde desta quinta-feira (12), em Taquaritinga, no interior de S\u00e3o Paulo. De&#8230;<\/p>\n","protected":false},"author":1,"featured_media":72118,"comment_status":"open","ping_status":"open","sticky":false,"template":"","format":"standard","meta":{"advanced_seo_description":"","jetpack_seo_html_title":"","jetpack_seo_noindex":false,"jetpack_post_was_ever_published":false,"_jetpack_newsletter_access":"","_jetpack_dont_email_post_to_subs":false,"_jetpack_newsletter_tier_id":0,"_jetpack_memberships_contains_paywalled_content":false,"_jetpack_memberships_contains_paid_content":false,"footnotes":"","jetpack_publicize_message":"","jetpack_publicize_feature_enabled":true,"jetpack_social_post_already_shared":true,"jetpack_social_options":{"image_generator_settings":{"template":"highway","default_image_id":0,"font":"","enabled":false},"version":2}},"categories":[11],"tags":[],"class_list":["post-72117","post","type-post","status-publish","format-standard","has-post-thumbnail","hentry","category-noticias-de-ribeirao-preto-sp-e-regiao-ismael-colosi"],"jetpack_publicize_connections":[],"jetpack_featured_media_url":"https:\/\/i0.wp.com\/noticiasribeiraopreto.com.br\/wp-content\/uploads\/2025\/06\/Copia-de-Copia-de-Copia-de-TAMANHO-EXATO-PARA-FOTOS-NO-SISTEMA-NOVO-2025-06-13T110358.402_2025-06-13_14-04-13.webp.webp?fit=1200%2C675&ssl=1","jetpack-related-posts":[{"id":75224,"url":"https:\/\/noticiasribeiraopreto.com.br\/index.php\/2025\/08\/05\/idoso-e-cao-ficam-feridos-apos-ataque-envolvendo-pitbull-no-interior-de-sp\/","url_meta":{"origin":72117,"position":0},"title":"Idoso e c\u00e3o ficam feridos ap\u00f3s ataque envolvendo pitbull no interior de SP","author":"noticiasribeiraopreto.com.br","date":"5 de August de 2025","format":false,"excerpt":"Um idoso de 73 anos e o cachorro dele ficaram feridos ap\u00f3s serem atacados por um pitbull na manh\u00e3 desta ter\u00e7a-feira (5), em Taquaritinga, no interior de S\u00e3o Paulo. O caso aconteceu pr\u00f3ximo \u00e0 sede da APAE da cidade. O ataque foi registrado por c\u00e2meras de seguran\u00e7a. Nas imagens, \u00e9\u2026","rel":"","context":"In &quot;Not\u00edcias de Ribeir\u00e3o Preto-SP e Regi\u00e3o&quot;","block_context":{"text":"Not\u00edcias de Ribeir\u00e3o Preto-SP e Regi\u00e3o","link":"https:\/\/noticiasribeiraopreto.com.br\/index.php\/category\/noticias-de-ribeirao-preto-sp-e-regiao-ismael-colosi\/"},"img":{"alt_text":"","src":"https:\/\/i0.wp.com\/noticiasribeiraopreto.com.br\/wp-content\/uploads\/2025\/08\/Copia-de-Copia-de-Copia-de-TAMANHO-EXATO-PARA-FOTOS-NO-SISTEMA-NOVO-2025-08-05T165624.405_2025-08-05_20-00-09.webp.webp?fit=1200%2C675&ssl=1&resize=350%2C200","width":350,"height":200,"srcset":"https:\/\/i0.wp.com\/noticiasribeiraopreto.com.br\/wp-content\/uploads\/2025\/08\/Copia-de-Copia-de-Copia-de-TAMANHO-EXATO-PARA-FOTOS-NO-SISTEMA-NOVO-2025-08-05T165624.405_2025-08-05_20-00-09.webp.webp?fit=1200%2C675&ssl=1&resize=350%2C200 1x, https:\/\/i0.wp.com\/noticiasribeiraopreto.com.br\/wp-content\/uploads\/2025\/08\/Copia-de-Copia-de-Copia-de-TAMANHO-EXATO-PARA-FOTOS-NO-SISTEMA-NOVO-2025-08-05T165624.405_2025-08-05_20-00-09.webp.webp?fit=1200%2C675&ssl=1&resize=525%2C300 1.5x, https:\/\/i0.wp.com\/noticiasribeiraopreto.com.br\/wp-content\/uploads\/2025\/08\/Copia-de-Copia-de-Copia-de-TAMANHO-EXATO-PARA-FOTOS-NO-SISTEMA-NOVO-2025-08-05T165624.405_2025-08-05_20-00-09.webp.webp?fit=1200%2C675&ssl=1&resize=700%2C400 2x, https:\/\/i0.wp.com\/noticiasribeiraopreto.com.br\/wp-content\/uploads\/2025\/08\/Copia-de-Copia-de-Copia-de-TAMANHO-EXATO-PARA-FOTOS-NO-SISTEMA-NOVO-2025-08-05T165624.405_2025-08-05_20-00-09.webp.webp?fit=1200%2C675&ssl=1&resize=1050%2C600 3x"},"classes":[]},{"id":82088,"url":"https:\/\/noticiasribeiraopreto.com.br\/index.php\/2026\/02\/03\/mulher-denuncia-ataque-de-abelhas-em-parque-de-ribeirao-preto\/","url_meta":{"origin":72117,"position":1},"title":"Mulher denuncia ataque de abelhas em parque de Ribeir\u00e3o Preto","author":"noticiasribeiraopreto.com.br","date":"3 de February de 2026","format":false,"excerpt":"Um ataque de abelhas ocorrido no Parque Prefeito Luiz Eduardo Jabali, em Ribeir\u00e3o Preto, deixou uma mulher de 29 anos ferida. Segundo den\u00fancia feita ao portal acidade on, a filha dela foi picada diversas vezes ao entrar no local para caminhar, na \u00faltima quinta-feira (28). De acordo com a m\u00e3e,\u2026","rel":"","context":"In &quot;Not\u00edcias de Ribeir\u00e3o Preto-SP e Regi\u00e3o&quot;","block_context":{"text":"Not\u00edcias de Ribeir\u00e3o Preto-SP e Regi\u00e3o","link":"https:\/\/noticiasribeiraopreto.com.br\/index.php\/category\/noticias-de-ribeirao-preto-sp-e-regiao-ismael-colosi\/"},"img":{"alt_text":"","src":"https:\/\/i0.wp.com\/noticiasribeiraopreto.com.br\/wp-content\/uploads\/2026\/02\/domingo-2026-02-02T164446.103_2026-02-02_19-44-56.webp.webp?fit=1200%2C675&ssl=1&resize=350%2C200","width":350,"height":200,"srcset":"https:\/\/i0.wp.com\/noticiasribeiraopreto.com.br\/wp-content\/uploads\/2026\/02\/domingo-2026-02-02T164446.103_2026-02-02_19-44-56.webp.webp?fit=1200%2C675&ssl=1&resize=350%2C200 1x, https:\/\/i0.wp.com\/noticiasribeiraopreto.com.br\/wp-content\/uploads\/2026\/02\/domingo-2026-02-02T164446.103_2026-02-02_19-44-56.webp.webp?fit=1200%2C675&ssl=1&resize=525%2C300 1.5x, https:\/\/i0.wp.com\/noticiasribeiraopreto.com.br\/wp-content\/uploads\/2026\/02\/domingo-2026-02-02T164446.103_2026-02-02_19-44-56.webp.webp?fit=1200%2C675&ssl=1&resize=700%2C400 2x, https:\/\/i0.wp.com\/noticiasribeiraopreto.com.br\/wp-content\/uploads\/2026\/02\/domingo-2026-02-02T164446.103_2026-02-02_19-44-56.webp.webp?fit=1200%2C675&ssl=1&resize=1050%2C600 3x"},"classes":[]},{"id":68925,"url":"https:\/\/noticiasribeiraopreto.com.br\/index.php\/2025\/04\/30\/video-ataque-de-abelhas-deixa-feridos-e-mata-cavalos\/","url_meta":{"origin":72117,"position":2},"title":"V\u00cdDEO: Ataque de abelhas deixa feridos e mata cavalos","author":"noticiasribeiraopreto.com.br","date":"30 de April de 2025","format":false,"excerpt":"30 de abril de 2025 12:502 Compartilhar0 Um ataque de abelhas no \u00faltimo domingo (27) deixou pelo menos 20 pessoas feridas e provocou a morte de dois cavalos em Ivoti, no Rio Grande do Sul. O incidente ocorreu por volta das 13h, durante uma cavalgada nas proximidades do N\u00facleo de\u2026","rel":"","context":"In &quot;Not\u00edcias de Ribeir\u00e3o Preto-SP e Regi\u00e3o&quot;","block_context":{"text":"Not\u00edcias de Ribeir\u00e3o Preto-SP e Regi\u00e3o","link":"https:\/\/noticiasribeiraopreto.com.br\/index.php\/category\/noticias-de-ribeirao-preto-sp-e-regiao-ismael-colosi\/"},"img":{"alt_text":"","src":"https:\/\/i0.wp.com\/noticiasribeiraopreto.com.br\/wp-content\/uploads\/2025\/04\/abelhas_ataque-scaled.jpeg?fit=756%2C500&ssl=1&resize=350%2C200","width":350,"height":200,"srcset":"https:\/\/i0.wp.com\/noticiasribeiraopreto.com.br\/wp-content\/uploads\/2025\/04\/abelhas_ataque-scaled.jpeg?fit=756%2C500&ssl=1&resize=350%2C200 1x, https:\/\/i0.wp.com\/noticiasribeiraopreto.com.br\/wp-content\/uploads\/2025\/04\/abelhas_ataque-scaled.jpeg?fit=756%2C500&ssl=1&resize=525%2C300 1.5x, https:\/\/i0.wp.com\/noticiasribeiraopreto.com.br\/wp-content\/uploads\/2025\/04\/abelhas_ataque-scaled.jpeg?fit=756%2C500&ssl=1&resize=700%2C400 2x"},"classes":[]},{"id":39097,"url":"https:\/\/noticiasribeiraopreto.com.br\/index.php\/2024\/02\/23\/duas-pessoas-ficam-feridas-em-ataque-de-abelhas-em-ribeirao-preto\/","url_meta":{"origin":72117,"position":3},"title":"Duas pessoas ficam feridas em ataque de abelhas em Ribeir\u00e3o Preto","author":"noticiasribeiraopreto.com.br","date":"23 de February de 2024","format":false,"excerpt":"Duas pessoas ficaram feridas ap\u00f3s um ataque de abelhas, na manh\u00e3 desta sexta-feira (23). As v\u00edtimas estavam trabalhando na jardinagem de um local pr\u00f3ximo de onde estavam as abelhas, na pra\u00e7a que fica na rua L\u00eddio de Oliveira Valada, no bairro Jardim S\u00e3o Luiz. Segundo informa\u00e7\u00f5es, as v\u00edtimas tiveram ferimentos\u2026","rel":"","context":"In &quot;Not\u00edcias de Ribeir\u00e3o Preto-SP e Regi\u00e3o&quot;","block_context":{"text":"Not\u00edcias de Ribeir\u00e3o Preto-SP e Regi\u00e3o","link":"https:\/\/noticiasribeiraopreto.com.br\/index.php\/category\/noticias-de-ribeirao-preto-sp-e-regiao-ismael-colosi\/"},"img":{"alt_text":"","src":"https:\/\/i0.wp.com\/noticiasribeiraopreto.com.br\/wp-content\/uploads\/2024\/02\/3-15.jpg?fit=1200%2C675&ssl=1&resize=350%2C200","width":350,"height":200,"srcset":"https:\/\/i0.wp.com\/noticiasribeiraopreto.com.br\/wp-content\/uploads\/2024\/02\/3-15.jpg?fit=1200%2C675&ssl=1&resize=350%2C200 1x, https:\/\/i0.wp.com\/noticiasribeiraopreto.com.br\/wp-content\/uploads\/2024\/02\/3-15.jpg?fit=1200%2C675&ssl=1&resize=525%2C300 1.5x, https:\/\/i0.wp.com\/noticiasribeiraopreto.com.br\/wp-content\/uploads\/2024\/02\/3-15.jpg?fit=1200%2C675&ssl=1&resize=700%2C400 2x, https:\/\/i0.wp.com\/noticiasribeiraopreto.com.br\/wp-content\/uploads\/2024\/02\/3-15.jpg?fit=1200%2C675&ssl=1&resize=1050%2C600 3x"},"classes":[]},{"id":45937,"url":"https:\/\/noticiasribeiraopreto.com.br\/index.php\/2024\/04\/08\/avenida-de-ribeirao-preto-e-interditada-para-retirada-de-enxame-de-abelhas-saiba-mais\/","url_meta":{"origin":72117,"position":4},"title":"Avenida de Ribeir\u00e3o Preto \u00e9 interditada para retirada de enxame de abelhas; Saiba mais","author":"noticiasribeiraopreto.com.br","date":"8 de April de 2024","format":false,"excerpt":"A avenida Carlos Eduardo de Gasperi Consoni, na zona Sul de Ribeir\u00e3o Preto, ter\u00e1 um trecho interditado nesta ter\u00e7a-feira (9), a partir das 19h30, para a remo\u00e7\u00e3o de um enxame de abelhas. A previs\u00e3o \u00e9 de que o local seja liberado na noite de quarta-feira (10). De acordo com a\u2026","rel":"","context":"In &quot;Not\u00edcias de Ribeir\u00e3o Preto-SP e Regi\u00e3o&quot;","block_context":{"text":"Not\u00edcias de Ribeir\u00e3o Preto-SP e Regi\u00e3o","link":"https:\/\/noticiasribeiraopreto.com.br\/index.php\/category\/noticias-de-ribeirao-preto-sp-e-regiao-ismael-colosi\/"},"img":{"alt_text":"","src":"https:\/\/i0.wp.com\/noticiasribeiraopreto.com.br\/wp-content\/uploads\/2024\/04\/close-up-shot-working-honey-bees-apiary-beehive-scaled.jpg?fit=1200%2C801&ssl=1&resize=350%2C200","width":350,"height":200,"srcset":"https:\/\/i0.wp.com\/noticiasribeiraopreto.com.br\/wp-content\/uploads\/2024\/04\/close-up-shot-working-honey-bees-apiary-beehive-scaled.jpg?fit=1200%2C801&ssl=1&resize=350%2C200 1x, https:\/\/i0.wp.com\/noticiasribeiraopreto.com.br\/wp-content\/uploads\/2024\/04\/close-up-shot-working-honey-bees-apiary-beehive-scaled.jpg?fit=1200%2C801&ssl=1&resize=525%2C300 1.5x, https:\/\/i0.wp.com\/noticiasribeiraopreto.com.br\/wp-content\/uploads\/2024\/04\/close-up-shot-working-honey-bees-apiary-beehive-scaled.jpg?fit=1200%2C801&ssl=1&resize=700%2C400 2x, https:\/\/i0.wp.com\/noticiasribeiraopreto.com.br\/wp-content\/uploads\/2024\/04\/close-up-shot-working-honey-bees-apiary-beehive-scaled.jpg?fit=1200%2C801&ssl=1&resize=1050%2C600 3x"},"classes":[]},{"id":81289,"url":"https:\/\/noticiasribeiraopreto.com.br\/index.php\/2025\/12\/31\/fonte-luminosa-e-interditada-apos-enxame-de-abelhas-na-regiao-de-ribeirao-preto\/","url_meta":{"origin":72117,"position":5},"title":"Fonte luminosa \u00e9 interditada ap\u00f3s enxame de abelhas na regi\u00e3o de Ribeir\u00e3o Preto","author":"noticiasribeiraopreto.com.br","date":"31 de December de 2025","format":false,"excerpt":"A fonte luminosa da Casa de Cultura no Parque Marac\u00e1, em Gua\u00edra, a 120 quil\u00f4metros de Ribeir\u00e3o Preto, foi interditada nesta ter\u00e7a-feira (30), por causa de um enxame de abelhas. A Prefeitura de Gua\u00edra emitiu um comunicado no qual orienta aos moradores e visitantes\u00a0para que mantenham dist\u00e2ncia do local por\u2026","rel":"","context":"In &quot;Not\u00edcias de Ribeir\u00e3o Preto-SP e Regi\u00e3o&quot;","block_context":{"text":"Not\u00edcias de Ribeir\u00e3o Preto-SP e Regi\u00e3o","link":"https:\/\/noticiasribeiraopreto.com.br\/index.php\/category\/noticias-de-ribeirao-preto-sp-e-regiao-ismael-colosi\/"},"img":{"alt_text":"","src":"https:\/\/i0.wp.com\/noticiasribeiraopreto.com.br\/wp-content\/uploads\/2025\/12\/fonte_2025-12-30_18-09-45.webp.webp?fit=1200%2C905&ssl=1&resize=350%2C200","width":350,"height":200,"srcset":"https:\/\/i0.wp.com\/noticiasribeiraopreto.com.br\/wp-content\/uploads\/2025\/12\/fonte_2025-12-30_18-09-45.webp.webp?fit=1200%2C905&ssl=1&resize=350%2C200 1x, https:\/\/i0.wp.com\/noticiasribeiraopreto.com.br\/wp-content\/uploads\/2025\/12\/fonte_2025-12-30_18-09-45.webp.webp?fit=1200%2C905&ssl=1&resize=525%2C300 1.5x, https:\/\/i0.wp.com\/noticiasribeiraopreto.com.br\/wp-content\/uploads\/2025\/12\/fonte_2025-12-30_18-09-45.webp.webp?fit=1200%2C905&ssl=1&resize=700%2C400 2x, https:\/\/i0.wp.com\/noticiasribeiraopreto.com.br\/wp-content\/uploads\/2025\/12\/fonte_2025-12-30_18-09-45.webp.webp?fit=1200%2C905&ssl=1&resize=1050%2C600 3x"},"classes":[]}],"jetpack_sharing_enabled":true,"jetpack_shortlink":"https:\/\/wp.me\/peQAOb-iLb","_links":{"self":[{"href":"https:\/\/noticiasribeiraopreto.com.br\/index.php\/wp-json\/wp\/v2\/posts\/72117","targetHints":{"allow":["GET"]}}],"collection":[{"href":"https:\/\/noticiasribeiraopreto.com.br\/index.php\/wp-json\/wp\/v2\/posts"}],"about":[{"href":"https:\/\/noticiasribeiraopreto.com.br\/index.php\/wp-json\/wp\/v2\/types\/post"}],"author":[{"embeddable":true,"href":"https:\/\/noticiasribeiraopreto.com.br\/index.php\/wp-json\/wp\/v2\/users\/1"}],"replies":[{"embeddable":true,"href":"https:\/\/noticiasribeiraopreto.com.br\/index.php\/wp-json\/wp\/v2\/comments?post=72117"}],"version-history":[{"count":0,"href":"https:\/\/noticiasribeiraopreto.com.br\/index.php\/wp-json\/wp\/v2\/posts\/72117\/revisions"}],"wp:featuredmedia":[{"embeddable":true,"href":"https:\/\/noticiasribeiraopreto.com.br\/index.php\/wp-json\/wp\/v2\/media\/72118"}],"wp:attachment":[{"href":"https:\/\/noticiasribeiraopreto.com.br\/index.php\/wp-json\/wp\/v2\/media?parent=72117"}],"wp:term":[{"taxonomy":"category","embeddable":true,"href":"https:\/\/noticiasribeiraopreto.com.br\/index.php\/wp-json\/wp\/v2\/categories?post=72117"},{"taxonomy":"post_tag","embeddable":true,"href":"https:\/\/noticiasribeiraopreto.com.br\/index.php\/wp-json\/wp\/v2\/tags?post=72117"}],"curies":[{"name":"wp","href":"https:\/\/api.w.org\/{rel}","templated":true}]}}