{"id":72121,"date":"2025-06-13T12:56:28","date_gmt":"2025-06-13T15:56:28","guid":{"rendered":"https:\/\/noticiasribeiraopreto.com.br\/index.php\/2025\/06\/13\/video-medico-que-atendeu-irmas-fala-do-quadro-que-encontrou\/"},"modified":"2025-06-13T12:56:28","modified_gmt":"2025-06-13T15:56:28","slug":"video-medico-que-atendeu-irmas-fala-do-quadro-que-encontrou","status":"publish","type":"post","link":"https:\/\/noticiasribeiraopreto.com.br\/index.php\/2025\/06\/13\/video-medico-que-atendeu-irmas-fala-do-quadro-que-encontrou\/","title":{"rendered":"V\u00cdDEO &#8211; M\u00e9dico que atendeu irm\u00e3s fala do quadro que encontrou"},"content":{"rendered":"<div class='code-block code-block-1' style='margin: 8px 0 8px auto; text-align: right; display: block; clear: both;'>\n<p><a href=\"https:\/\/wa.link\/vpicfd\"><img data-recalc-dims=\"1\" class=\"wp-image-4922\" style=\"aspect-ratio: 2.0253164556962027; width: 561px; height: auto;\" src=\"https:\/\/i0.wp.com\/ismaelcolosi.com.br\/wp-content\/uploads\/2023\/11\/grupo-de-empregos-whatsapp-e-facebook-ismael-colosi-vagas.jpg?ssl=1\" alt=\"\" \/><\/a><\/p>\n<!-- \/wp:image -->\n<\/div>\n<p> <br \/>\n<\/p>\n<div id=\"\">\n<h2 class=\"penci-post-subtitle\">Intensivista do Grau explica que mais nova j\u00e1 estava em parada respirat\u00f3ria quando bombeiros chegaram<\/h2>\n<p>\n\t\t\t\t\t\t\t\t\t<span class=\"entry-meta-item penci-posted-on\"><i class=\"fa fa-clock-o\"\/><time class=\"entry-date published\" datetime=\"2025-06-13T12:50:01-03:00\">13 de junho de 2025 12:50<\/time><time class=\"updated\" datetime=\"2025-06-13T12:50:27-03:00\">13 de junho de 2025 12:50<\/time><\/span><span class=\"entry-meta-item penci-post-countview\"><span class=\"entry-meta-item penci-post-countview penci_post-meta_item\"><i class=\"fa fa-eye\"\/><span class=\"penci-post-countview-number penci-post-countview-p428657\">3<\/span><\/span><\/span>\t\t\t\t\t\t\t\t<\/p>\n<p><!-- .entry-meta --><br \/>\n\t\t\t\t\t\t\t\t<span class=\"penci-social-buttons penci-social-share-footer\"><span class=\"penci-social-share-text\">Compartilhar<\/span><a href=\"#\" class=\"penci-post-like penci_post-meta_item  single-like-button penci-social-item like\" data-post_id=\"428657\" title=\"Like\" data-like=\"Like\" data-unlike=\"Unlike\"><i class=\"fa fa-thumbs-o-up\"\/><span class=\"penci-share-number\">0<\/span><\/a><i class=\"fa fa-facebook\"\/><a class=\"penci-social-item twitter\" target=\"_blank\" rel=\"noopener\" title=\"\" href=\"https:\/\/twitter.com\/intent\/tweet?text=V\u00cdDEO%20-%20M\u00e9dico%20que%20atendeu%20irm\u00e3s%20fala%20do%20quadro%20que%20encontrou%20-%20https:\/\/www.tribunaribeirao.com.br\/video-medico-que-atendeu-irmas-fala-do-quadro-que-encontrou\/\"><i class=\"fa fa-twitter\"\/><\/a><i class=\"fa fa-linkedin\"\/><i class=\"fa fa-whatsapp\"\/><i class=\"fa fa-telegram\"\/><i class=\"fa fa-envelope\"\/><\/span>\t\t\t\t\t\t\t<\/div>\n<div>\n<p>Por: Adalberto Luque<\/p>\n<p>O m\u00e9dico intensivista Leandro Mota, que participou do resgate das irm\u00e3s atropeladas, fala sobre o quadro encontrado assim que as viaturas do Grupo de Resgate e Atendimento de Urg\u00eancias (Grau) do Corpo de Bombeiros, encontraram no local.<\/p>\n<p>Na manh\u00e3 desta sexta-feira (13), por volta de 07h00, Bruna Maira de Almeida Mendon\u00e7a, de 12 anos, seguia em uma bicicleta, levando na garupa a irm\u00e3 Yasmin Alice de Almeida Mendon\u00e7a, de 3 anos, at\u00e9 a escola.<\/p>\n<p>No cruzamento da avenida Ettore e Aurora Coraucci com rua Palmiro Bim, no Parque dos Pinus, zona Norte da cidade, um \u00f4nibus aguardava para fazer uma convers\u00e3o \u00e0 esquerda.<\/p>\n<figure id=\"attachment_428658\" aria-describedby=\"caption-attachment-428658\" style=\"width: 800px\" class=\"wp-caption alignnone\"><img data-recalc-dims=\"1\" loading=\"lazy\" decoding=\"async\" class=\"size-full wp-image-428658 lazyload\" src=\"https:\/\/i0.wp.com\/www.tribunaribeirao.com.br\/wp-content\/uploads\/2025\/06\/13-jun-2025-medicoatropelamento-scaled.jpg?resize=800%2C450&#038;ssl=1\" alt=\"\" width=\"800\" height=\"450\" srcset=\"https:\/\/www.tribunaribeirao.com.br\/wp-content\/uploads\/2025\/06\/13-jun-2025-medicoatropelamento-scaled.jpg 800w, https:\/\/www.tribunaribeirao.com.br\/wp-content\/uploads\/2025\/06\/13-jun-2025-medicoatropelamento-300x169.jpg 300w, https:\/\/www.tribunaribeirao.com.br\/wp-content\/uploads\/2025\/06\/13-jun-2025-medicoatropelamento-1024x576.jpg 1024w, https:\/\/www.tribunaribeirao.com.br\/wp-content\/uploads\/2025\/06\/13-jun-2025-medicoatropelamento-768x432.jpg 768w, https:\/\/www.tribunaribeirao.com.br\/wp-content\/uploads\/2025\/06\/13-jun-2025-medicoatropelamento-1536x864.jpg 1536w, https:\/\/www.tribunaribeirao.com.br\/wp-content\/uploads\/2025\/06\/13-jun-2025-medicoatropelamento-960x540.jpg 960w, https:\/\/www.tribunaribeirao.com.br\/wp-content\/uploads\/2025\/06\/13-jun-2025-medicoatropelamento-711x400.jpg 711w, https:\/\/www.tribunaribeirao.com.br\/wp-content\/uploads\/2025\/06\/13-jun-2025-medicoatropelamento-585x329.jpg 585w\" data-sizes=\"(max-width: 800px) 100vw, 800px\" style=\"--smush-placeholder-width: 800px; --smush-placeholder-aspect-ratio: 800\/450;\"\/><figcaption id=\"caption-attachment-428658\" class=\"wp-caption-text\">M\u00e9dico Leandro Mota, que participou do resgate das irm\u00e3s atropeladas, revelou detalhes do atendimento (Foto: Divulga\u00e7\u00e3o\/Grau)<\/figcaption><\/figure>\n<p>As irm\u00e3s se aproximavam do outro lado da rua e, no ponto cego do \u00f4nibus, n\u00e3o foram vistas pelo motorista, ocorrendo o atropelamento. O motorista parou para prestar socorro e acionar o Corpo de Bombeiros.<\/p>\n<p>Mota participou do resgate. Segundo o m\u00e9dico intensivista, a crian\u00e7a de tr\u00eas anos j\u00e1 estava com quadro de parada card\u00edaca quando as viaturas do Grau chegaram ao local. Foram tentadas manobras de ressuscita\u00e7\u00e3o, mas sem resultado. O corpo da pequena Yasmin foi levado para a Unidade de Pronto Atendimento (UPA) Norte, no bairro Adelino Simioni.<\/p>\n<figure id=\"attachment_428659\" aria-describedby=\"caption-attachment-428659\" style=\"width: 451px\" class=\"wp-caption alignright\"><img data-recalc-dims=\"1\" loading=\"lazy\" decoding=\"async\" class=\"wp-image-428659 lazyload\" src=\"https:\/\/i0.wp.com\/www.tribunaribeirao.com.br\/wp-content\/uploads\/2025\/06\/13-jun-2025-medicoatropelamento2.jpg?resize=451%2C373&#038;ssl=1\" alt=\"\" width=\"451\" height=\"373\" srcset=\"https:\/\/www.tribunaribeirao.com.br\/wp-content\/uploads\/2025\/06\/13-jun-2025-medicoatropelamento2.jpg 605w, https:\/\/www.tribunaribeirao.com.br\/wp-content\/uploads\/2025\/06\/13-jun-2025-medicoatropelamento2-300x248.jpg 300w, https:\/\/www.tribunaribeirao.com.br\/wp-content\/uploads\/2025\/06\/13-jun-2025-medicoatropelamento2-484x400.jpg 484w, https:\/\/www.tribunaribeirao.com.br\/wp-content\/uploads\/2025\/06\/13-jun-2025-medicoatropelamento2-585x484.jpg 585w\" data-sizes=\"(max-width: 451px) 100vw, 451px\" style=\"--smush-placeholder-width: 451px; --smush-placeholder-aspect-ratio: 451\/373;\"\/><figcaption id=\"caption-attachment-428659\" class=\"wp-caption-text\">Yasmin n\u00e3o respondeu aos est\u00edmulos e morreu no local do atropelamento (Foto: Divulga\u00e7\u00e3o)<\/figcaption><\/figure>\n<p>J\u00e1 Bruna tamb\u00e9m estava em estado grav\u00edssimo. Ela foi estabilizada e entubada. Foi levada para o Hospital das Cl\u00ednicas \u2013 Unidade de Emerg\u00eancia (HC-UE), onde passaria por cirurgia.<\/p>\n<p>A empresa dona do \u00f4nibus fretado que se envolveu no atropelamento lamentou o ocorrido, manifestando solidariedade para os familiares das v\u00edtimas. A Pol\u00edcia Cient\u00edfica esteve no local e realizou per\u00edcia. A Pol\u00edcia Civil vai investigar o caso.<\/p>\n<p><strong>Aulas suspensas<\/strong><\/p>\n<p>A Secretaria Municipal de Educa\u00e7\u00e3o manifestou profundo pesar pela morte de Yasmin, aluna da EMEI Jos\u00e9 Bonif\u00e1cio Coutinho Nogueira, para onde se dirigia quando ocorreu o acidente. \u201cEm respeito \u00e0 mem\u00f3ria da Yasmin Alice de Almeida Mendon\u00e7a e como forma de acolher a equipe escolar e as fam\u00edlias, informamos que as aulas na EMEI Jos\u00e9 Bonif\u00e1cio Coutinho Nogueira est\u00e3o suspensas nesta sexta-feira (13\/6)\u201d, informou a Secretaria.<\/p>\n<p>\u00a0<\/p>\n<p>_____<\/p>\n<p>\u00a0<\/p>\n<p>Jornal Tribuna Ribeir\u00e3o<br \/>Um Jornal com a cara de Ribeir\u00e3o!<\/p>\n<p>Impresso | WEB | Redes sociais<br \/>Tribuna Ribeir\u00e3o \u2013 Fone: (16) 3632-2200 \u2013 Whatsapp: (16) 98161-8743<br \/>Av. Bar\u00e3o do Bananal, 880 \u2013 Jardim Anhanguera, Ribeir\u00e3o Preto<\/p>\n<p>@tribunaribeirao<br \/>@meiaderibeirao<br \/>@dinoderibeirao<br \/>#TribunaRibeir\u00e3o<br \/>#News<br \/>#Not\u00edcia<br \/>#Ribeir\u00e3oPreto #Not\u00edciasDeRibeir\u00e3oPreto<br \/>#ClassificadosTribunaRibeir\u00e3o<br \/>#Jornalismo<br \/>#ClassificadosRibeir\u00e3o<\/p>\n<\/div>\n<p><script async src=\"\/\/platform.twitter.com\/widgets.js\" charset=\"utf-8\"><\/script><br \/>\n<br \/><br \/>\n<br \/><a href=\"https:\/\/www.tribunaribeirao.com.br\/video-medico-que-atendeu-irmas-fala-do-quadro-que-encontrou\/\">Source link <\/a><\/p>\n<!-- CONTENT END 1 -->\n","protected":false},"excerpt":{"rendered":"<p>Intensivista do Grau explica que mais nova j\u00e1 estava em parada respirat\u00f3ria quando bombeiros chegaram 13 de junho de 2025 12:5013 de junho de 2025&#8230;<\/p>\n","protected":false},"author":1,"featured_media":72122,"comment_status":"open","ping_status":"open","sticky":false,"template":"","format":"standard","meta":{"advanced_seo_description":"","jetpack_seo_html_title":"","jetpack_seo_noindex":false,"jetpack_post_was_ever_published":false,"_jetpack_newsletter_access":"","_jetpack_dont_email_post_to_subs":false,"_jetpack_newsletter_tier_id":0,"_jetpack_memberships_contains_paywalled_content":false,"_jetpack_memberships_contains_paid_content":false,"footnotes":"","jetpack_publicize_message":"","jetpack_publicize_feature_enabled":true,"jetpack_social_post_already_shared":true,"jetpack_social_options":{"image_generator_settings":{"template":"highway","default_image_id":0,"font":"","enabled":false},"version":2}},"categories":[11],"tags":[],"class_list":["post-72121","post","type-post","status-publish","format-standard","has-post-thumbnail","hentry","category-noticias-de-ribeirao-preto-sp-e-regiao-ismael-colosi"],"jetpack_publicize_connections":[],"jetpack_featured_media_url":"https:\/\/i0.wp.com\/noticiasribeiraopreto.com.br\/wp-content\/uploads\/2025\/06\/13-jun-2025-medicoatropelamento-scaled.jpg?fit=800%2C450&ssl=1","jetpack-related-posts":[{"id":71224,"url":"https:\/\/noticiasribeiraopreto.com.br\/index.php\/2025\/06\/03\/usp-publica-novos-editais-de-concurso-publico-confira-as-vagas\/","url_meta":{"origin":72121,"position":0},"title":"USP publica novos editais de concurso p\u00fablico; confira as vagas","author":"noticiasribeiraopreto.com.br","date":"3 de June de 2025","format":false,"excerpt":"A USP (Universidade de S\u00e3o Paulo) publicou os editais dos concursos p\u00fablicos para o preenchimento de vagas em diversas fun\u00e7\u00f5es t\u00e9cnico-administrativas. As oportunidades s\u00e3o para atua\u00e7\u00e3o nas Unidades de Ensino ou \u00d3rg\u00e3os de Administra\u00e7\u00e3o da USP, localizados na capital e no interior do estado. Os concursos oferecem vagas para os\u2026","rel":"","context":"In &quot;Not\u00edcias de Ribeir\u00e3o Preto-SP e Regi\u00e3o&quot;","block_context":{"text":"Not\u00edcias de Ribeir\u00e3o Preto-SP e Regi\u00e3o","link":"https:\/\/noticiasribeiraopreto.com.br\/index.php\/category\/noticias-de-ribeirao-preto-sp-e-regiao-ismael-colosi\/"},"img":{"alt_text":"","src":"https:\/\/i0.wp.com\/noticiasribeiraopreto.com.br\/wp-content\/uploads\/2024\/07\/Copia-de-Copia-de-TAMANHO-EXATO-PARA-FOTOS-NO-SISTEMA-NOVO-5_2024-07-27_19-14-03_jpg_2024-07-27_19-14-03.webp.webp?fit=1200%2C675&ssl=1&resize=350%2C200","width":350,"height":200,"srcset":"https:\/\/i0.wp.com\/noticiasribeiraopreto.com.br\/wp-content\/uploads\/2024\/07\/Copia-de-Copia-de-TAMANHO-EXATO-PARA-FOTOS-NO-SISTEMA-NOVO-5_2024-07-27_19-14-03_jpg_2024-07-27_19-14-03.webp.webp?fit=1200%2C675&ssl=1&resize=350%2C200 1x, https:\/\/i0.wp.com\/noticiasribeiraopreto.com.br\/wp-content\/uploads\/2024\/07\/Copia-de-Copia-de-TAMANHO-EXATO-PARA-FOTOS-NO-SISTEMA-NOVO-5_2024-07-27_19-14-03_jpg_2024-07-27_19-14-03.webp.webp?fit=1200%2C675&ssl=1&resize=525%2C300 1.5x, https:\/\/i0.wp.com\/noticiasribeiraopreto.com.br\/wp-content\/uploads\/2024\/07\/Copia-de-Copia-de-TAMANHO-EXATO-PARA-FOTOS-NO-SISTEMA-NOVO-5_2024-07-27_19-14-03_jpg_2024-07-27_19-14-03.webp.webp?fit=1200%2C675&ssl=1&resize=700%2C400 2x, https:\/\/i0.wp.com\/noticiasribeiraopreto.com.br\/wp-content\/uploads\/2024\/07\/Copia-de-Copia-de-TAMANHO-EXATO-PARA-FOTOS-NO-SISTEMA-NOVO-5_2024-07-27_19-14-03_jpg_2024-07-27_19-14-03.webp.webp?fit=1200%2C675&ssl=1&resize=1050%2C600 3x"},"classes":[]},{"id":72036,"url":"https:\/\/noticiasribeiraopreto.com.br\/index.php\/2025\/06\/12\/video-vereador-zomba-de-colega-em-plena-sessao\/","url_meta":{"origin":72121,"position":1},"title":"V\u00eddeo: Vereador zomba de colega em plena sess\u00e3o","author":"noticiasribeiraopreto.com.br","date":"12 de June de 2025","format":false,"excerpt":"12 de junho de 2025 15:3712 de junho de 2025 16:5556 Compartilhar0 Uma brincadeira, no m\u00ednimo de mau gosto, foi protagonizada pelo vereador Andr\u00e9 Rodini (Novo) na sess\u00e3o da C\u00e2mara de Vereadores de Ribeir\u00e3o Preto, na noite de quarta-feira, 11 de junho. Enquanto o tamb\u00e9m vereador Brando Veiga (Republicanos) comunicava,\u2026","rel":"","context":"In &quot;Not\u00edcias de Ribeir\u00e3o Preto-SP e Regi\u00e3o&quot;","block_context":{"text":"Not\u00edcias de Ribeir\u00e3o Preto-SP e Regi\u00e3o","link":"https:\/\/noticiasribeiraopreto.com.br\/index.php\/category\/noticias-de-ribeirao-preto-sp-e-regiao-ismael-colosi\/"},"img":{"alt_text":"","src":"https:\/\/i0.wp.com\/noticiasribeiraopreto.com.br\/wp-content\/uploads\/2025\/06\/imagem-rodini-scaled.png?fit=800%2C450&ssl=1&resize=350%2C200","width":350,"height":200,"srcset":"https:\/\/i0.wp.com\/noticiasribeiraopreto.com.br\/wp-content\/uploads\/2025\/06\/imagem-rodini-scaled.png?fit=800%2C450&ssl=1&resize=350%2C200 1x, https:\/\/i0.wp.com\/noticiasribeiraopreto.com.br\/wp-content\/uploads\/2025\/06\/imagem-rodini-scaled.png?fit=800%2C450&ssl=1&resize=525%2C300 1.5x, https:\/\/i0.wp.com\/noticiasribeiraopreto.com.br\/wp-content\/uploads\/2025\/06\/imagem-rodini-scaled.png?fit=800%2C450&ssl=1&resize=700%2C400 2x"},"classes":[]},{"id":51496,"url":"https:\/\/noticiasribeiraopreto.com.br\/index.php\/2024\/05\/27\/beneficiarios-do-bolsa-familia-comemoram-governo-confirma-3-adicionais-para-o-mes-de-junho-confira\/","url_meta":{"origin":72121,"position":2},"title":"Benefici\u00e1rios do Bolsa Fam\u00edlia comemoram: Governo confirma 3 adicionais para o m\u00eas de Junho; Confira!","author":"noticiasribeiraopreto.com.br","date":"27 de May de 2024","format":false,"excerpt":"O Governo Federal confirmou que os benefici\u00e1rios do Bolsa Fam\u00edlia receber\u00e3o tr\u00eas importantes benef\u00edcios adicionais desde junho, refor\u00e7ando o compromisso de apoiar fam\u00edlias em situa\u00e7\u00e3o de vulnerabilidade social. Anunciada pelo presidente Luiz In\u00e1cio Lula da Silva (PT) em meados do ano passado, essa ajuda continuar\u00e1 sendo desembolsada em 2024 com\u2026","rel":"","context":"In &quot;Dinheiro e Investimento&quot;","block_context":{"text":"Dinheiro e Investimento","link":"https:\/\/noticiasribeiraopreto.com.br\/index.php\/category\/dinheiro-e-investimento-como-fazer-como-ganhar\/"},"img":{"alt_text":"","src":"https:\/\/i0.wp.com\/noticiasribeiraopreto.com.br\/wp-content\/uploads\/2024\/05\/Design-sem-nome-5-1.webp.webp?fit=1200%2C630&ssl=1&resize=350%2C200","width":350,"height":200,"srcset":"https:\/\/i0.wp.com\/noticiasribeiraopreto.com.br\/wp-content\/uploads\/2024\/05\/Design-sem-nome-5-1.webp.webp?fit=1200%2C630&ssl=1&resize=350%2C200 1x, https:\/\/i0.wp.com\/noticiasribeiraopreto.com.br\/wp-content\/uploads\/2024\/05\/Design-sem-nome-5-1.webp.webp?fit=1200%2C630&ssl=1&resize=525%2C300 1.5x, https:\/\/i0.wp.com\/noticiasribeiraopreto.com.br\/wp-content\/uploads\/2024\/05\/Design-sem-nome-5-1.webp.webp?fit=1200%2C630&ssl=1&resize=700%2C400 2x, https:\/\/i0.wp.com\/noticiasribeiraopreto.com.br\/wp-content\/uploads\/2024\/05\/Design-sem-nome-5-1.webp.webp?fit=1200%2C630&ssl=1&resize=1050%2C600 3x"},"classes":[]},{"id":72364,"url":"https:\/\/noticiasribeiraopreto.com.br\/index.php\/2025\/06\/16\/ricardo-silva-reassumiu-prefeitura-nesta-segunda\/","url_meta":{"origin":72121,"position":3},"title":"Ricardo Silva reassumiu prefeitura nesta segunda","author":"noticiasribeiraopreto.com.br","date":"16 de June de 2025","format":false,"excerpt":"16 de junho de 2025 14:531 Compartilhar0 O prefeito de Ribeir\u00e3o Preto, Ricardo Silva (PSD) reassumiu o cargo na manh\u00e3 desta segunda-feira, 16 de junho. Ele tinha se afastado do cargo na quinta-feira, 12 de junho, para integrar uma delega\u00e7\u00e3o que, durante seis dias \u2013 de 12 a17 de junho\u2026","rel":"","context":"In &quot;Not\u00edcias de Ribeir\u00e3o Preto-SP e Regi\u00e3o&quot;","block_context":{"text":"Not\u00edcias de Ribeir\u00e3o Preto-SP e Regi\u00e3o","link":"https:\/\/noticiasribeiraopreto.com.br\/index.php\/category\/noticias-de-ribeirao-preto-sp-e-regiao-ismael-colosi\/"},"img":{"alt_text":"","src":"https:\/\/i0.wp.com\/noticiasribeiraopreto.com.br\/wp-content\/uploads\/2025\/06\/Comam-Alfredo-Risk-scaled.jpg?fit=800%2C455&ssl=1&resize=350%2C200","width":350,"height":200,"srcset":"https:\/\/i0.wp.com\/noticiasribeiraopreto.com.br\/wp-content\/uploads\/2025\/06\/Comam-Alfredo-Risk-scaled.jpg?fit=800%2C455&ssl=1&resize=350%2C200 1x, https:\/\/i0.wp.com\/noticiasribeiraopreto.com.br\/wp-content\/uploads\/2025\/06\/Comam-Alfredo-Risk-scaled.jpg?fit=800%2C455&ssl=1&resize=525%2C300 1.5x, https:\/\/i0.wp.com\/noticiasribeiraopreto.com.br\/wp-content\/uploads\/2025\/06\/Comam-Alfredo-Risk-scaled.jpg?fit=800%2C455&ssl=1&resize=700%2C400 2x"},"classes":[]},{"id":71496,"url":"https:\/\/noticiasribeiraopreto.com.br\/index.php\/2025\/06\/06\/rota-do-arraia-saiba-quais-sao-as-quermesses-de-ribeirao-preto-neste-fim-de-semana\/","url_meta":{"origin":72121,"position":4},"title":"Rota do Arrai\u00e1: Saiba quais s\u00e3o as quermesses de Ribeir\u00e3o Preto neste fim de semana","author":"noticiasribeiraopreto.com.br","date":"6 de June de 2025","format":false,"excerpt":"A Rota do Arrai\u00e1 (clique aqui)\u00a0re\u00fane as quermesses que acontecem em diferentes locais de Ribeir\u00e3o Preto e regi\u00e3o. Neste fim de semana, acontece nove festas t\u00edpicas na cidade, com musica ao vivo, bingo e brincadeiras. Veja a programa\u00e7\u00e3o: 2\u00ba Arrai\u00e1 Solid\u00e1rio APAE A Associa\u00e7\u00e3o de Pais e Amigos dos Expecionais\u2026","rel":"","context":"In &quot;Not\u00edcias de Ribeir\u00e3o Preto-SP e Regi\u00e3o&quot;","block_context":{"text":"Not\u00edcias de Ribeir\u00e3o Preto-SP e Regi\u00e3o","link":"https:\/\/noticiasribeiraopreto.com.br\/index.php\/category\/noticias-de-ribeirao-preto-sp-e-regiao-ismael-colosi\/"},"img":{"alt_text":"","src":"https:\/\/i0.wp.com\/noticiasribeiraopreto.com.br\/wp-content\/uploads\/2024\/05\/quermesse_2024-05-07_13-34-01_jpg_2024-05-07_13-34-01.webp.webp?fit=582%2C393&ssl=1&resize=350%2C200","width":350,"height":200,"srcset":"https:\/\/i0.wp.com\/noticiasribeiraopreto.com.br\/wp-content\/uploads\/2024\/05\/quermesse_2024-05-07_13-34-01_jpg_2024-05-07_13-34-01.webp.webp?fit=582%2C393&ssl=1&resize=350%2C200 1x, https:\/\/i0.wp.com\/noticiasribeiraopreto.com.br\/wp-content\/uploads\/2024\/05\/quermesse_2024-05-07_13-34-01_jpg_2024-05-07_13-34-01.webp.webp?fit=582%2C393&ssl=1&resize=525%2C300 1.5x"},"classes":[]},{"id":13582,"url":"https:\/\/noticiasribeiraopreto.com.br\/index.php\/2023\/12\/10\/liga-das-nacoes-de-volei-anuncia-datas-de-jogos-no-rio-de-janeiro\/","url_meta":{"origin":72121,"position":5},"title":"Liga das Na\u00e7\u00f5es de V\u00f4lei anuncia datas de jogos no Rio de Janeiro \u2013 Folha de Ribeir\u00e3o","author":"noticiasribeiraopreto.com.br","date":"10 de December de 2023","format":false,"excerpt":"A Federa\u00e7\u00e3o Internacional de V\u00f4lei (FIVB) anunciou nesta sexta-feira (8) as datas das disputadas da edi\u00e7\u00e3o 2024 da Liga das Na\u00e7\u00f5es de V\u00f4lei, competi\u00e7\u00e3o que ter\u00e1 as fases iniciais, tanto no masculino quanto\u00a0no feminino, disputadas na cidade do Rio de Janeiro. As mulheres ser\u00e3o as primeiras a entrarem em a\u00e7\u00e3o,\u2026","rel":"","context":"In &quot;Not\u00edcias de Ribeir\u00e3o Preto-SP e Regi\u00e3o&quot;","block_context":{"text":"Not\u00edcias de Ribeir\u00e3o Preto-SP e Regi\u00e3o","link":"https:\/\/noticiasribeiraopreto.com.br\/index.php\/category\/noticias-de-ribeirao-preto-sp-e-regiao-ismael-colosi\/"},"img":{"alt_text":"","src":"","width":0,"height":0},"classes":[]}],"jetpack_sharing_enabled":true,"jetpack_shortlink":"https:\/\/wp.me\/peQAOb-iLf","_links":{"self":[{"href":"https:\/\/noticiasribeiraopreto.com.br\/index.php\/wp-json\/wp\/v2\/posts\/72121","targetHints":{"allow":["GET"]}}],"collection":[{"href":"https:\/\/noticiasribeiraopreto.com.br\/index.php\/wp-json\/wp\/v2\/posts"}],"about":[{"href":"https:\/\/noticiasribeiraopreto.com.br\/index.php\/wp-json\/wp\/v2\/types\/post"}],"author":[{"embeddable":true,"href":"https:\/\/noticiasribeiraopreto.com.br\/index.php\/wp-json\/wp\/v2\/users\/1"}],"replies":[{"embeddable":true,"href":"https:\/\/noticiasribeiraopreto.com.br\/index.php\/wp-json\/wp\/v2\/comments?post=72121"}],"version-history":[{"count":0,"href":"https:\/\/noticiasribeiraopreto.com.br\/index.php\/wp-json\/wp\/v2\/posts\/72121\/revisions"}],"wp:featuredmedia":[{"embeddable":true,"href":"https:\/\/noticiasribeiraopreto.com.br\/index.php\/wp-json\/wp\/v2\/media\/72122"}],"wp:attachment":[{"href":"https:\/\/noticiasribeiraopreto.com.br\/index.php\/wp-json\/wp\/v2\/media?parent=72121"}],"wp:term":[{"taxonomy":"category","embeddable":true,"href":"https:\/\/noticiasribeiraopreto.com.br\/index.php\/wp-json\/wp\/v2\/categories?post=72121"},{"taxonomy":"post_tag","embeddable":true,"href":"https:\/\/noticiasribeiraopreto.com.br\/index.php\/wp-json\/wp\/v2\/tags?post=72121"}],"curies":[{"name":"wp","href":"https:\/\/api.w.org\/{rel}","templated":true}]}}