{"id":72125,"date":"2025-06-13T13:08:48","date_gmt":"2025-06-13T16:08:48","guid":{"rendered":"https:\/\/noticiasribeiraopreto.com.br\/index.php\/2025\/06\/13\/forro-e-sertanejo-agitam-o-fim-de-semana-no-arraia-mio-di-bao-ribeirao\/"},"modified":"2025-06-13T13:08:48","modified_gmt":"2025-06-13T16:08:48","slug":"forro-e-sertanejo-agitam-o-fim-de-semana-no-arraia-mio-di-bao-ribeirao","status":"publish","type":"post","link":"https:\/\/noticiasribeiraopreto.com.br\/index.php\/2025\/06\/13\/forro-e-sertanejo-agitam-o-fim-de-semana-no-arraia-mio-di-bao-ribeirao\/","title":{"rendered":"Forr\u00f3 e sertanejo agitam o fim de semana no Arrai\u00e1 Mi\u00f3 di B\u00e3o Ribeir\u00e3o"},"content":{"rendered":"<div class='code-block code-block-1' style='margin: 8px 0 8px auto; text-align: right; display: block; clear: both;'>\n<p><a href=\"https:\/\/wa.link\/vpicfd\"><img data-recalc-dims=\"1\" class=\"wp-image-4922\" style=\"aspect-ratio: 2.0253164556962027; width: 561px; height: auto;\" src=\"https:\/\/i0.wp.com\/ismaelcolosi.com.br\/wp-content\/uploads\/2023\/11\/grupo-de-empregos-whatsapp-e-facebook-ismael-colosi-vagas.jpg?ssl=1\" alt=\"\" \/><\/a><\/p>\n<!-- \/wp:image -->\n<\/div>\n<p> <br \/>\n<\/p>\n<div id=\"\">\n<p>\n\t\t\t\t\t\t\t\t\t<span class=\"entry-meta-item penci-posted-on\"><i class=\"fa fa-clock-o\"\/><time class=\"entry-date published\" datetime=\"2025-06-13T13:05:01-03:00\">13 de junho de 2025 13:05<\/time><time class=\"updated\" datetime=\"2025-06-13T13:07:34-03:00\">13 de junho de 2025 13:07<\/time><\/span><span class=\"entry-meta-item penci-post-countview\"><span class=\"entry-meta-item penci-post-countview penci_post-meta_item\"><i class=\"fa fa-eye\"\/><span class=\"penci-post-countview-number penci-post-countview-p428661\">0<\/span><\/span><\/span>\t\t\t\t\t\t\t\t<\/p>\n<p><!-- .entry-meta --><br \/>\n\t\t\t\t\t\t\t\t<span class=\"penci-social-buttons penci-social-share-footer\"><span class=\"penci-social-share-text\">Compartilhar<\/span><a href=\"#\" class=\"penci-post-like penci_post-meta_item  single-like-button penci-social-item like\" data-post_id=\"428661\" title=\"Like\" data-like=\"Like\" data-unlike=\"Unlike\"><i class=\"fa fa-thumbs-o-up\"\/><span class=\"penci-share-number\">0<\/span><\/a><i class=\"fa fa-facebook\"\/><a class=\"penci-social-item twitter\" target=\"_blank\" rel=\"noopener\" title=\"\" href=\"https:\/\/twitter.com\/intent\/tweet?text=Forr\u00f3%20e%20sertanejo%20agitam%20o%20fim%20de%20semana%20no%20Arrai\u00e1%20Mi\u00f3%20di%20B\u00e3o%20Ribeir\u00e3o%20-%20https:\/\/www.tribunaribeirao.com.br\/forro-e-sertanejo-agitam-o-fim-de-semana-no-arraia-mio-di-bao-ribeirao\/\"><i class=\"fa fa-twitter\"\/><\/a><i class=\"fa fa-linkedin\"\/><i class=\"fa fa-whatsapp\"\/><i class=\"fa fa-telegram\"\/><i class=\"fa fa-envelope\"\/><\/span>\t\t\t\t\t\t\t<\/div>\n<div>\n<p>O fim de semana est\u00e1 chegando e o Arrai\u00e1 Mi\u00f3 Di B\u00e3o Ribeir\u00e3o traz uma programa\u00e7\u00e3o especial para animar os visitantes da maior festa junina da regi\u00e3o. O grupo Forr\u00f3 100 D\u00f3 se apresentar\u00e1 na sexta-feira, dia 13 de junho. No s\u00e1bado, ser\u00e1 a vez do cantor Sydney Santiago e a \u00faltima atra\u00e7\u00e3o da semana ficar\u00e1 por conta da dupla Z\u00e9 Sim\u00f5es &amp; Luiz Magner. O Arrai\u00e1 segue at\u00e9 o dia 29 de junho, no estacionamento do Novo Shopping, sempre \u00e0s sextas, s\u00e1bados e domingos e, tamb\u00e9m no feriado do dia 19 de junho (anivers\u00e1rio de Ribeir\u00e3o e <em>Corpus Christi<\/em>).<\/p>\n<p><img data-recalc-dims=\"1\" loading=\"lazy\" decoding=\"async\" class=\"size-medium wp-image-428665 alignleft lazyload\" src=\"https:\/\/i0.wp.com\/www.tribunaribeirao.com.br\/wp-content\/uploads\/2025\/06\/arraia-1-300x200.jpeg?resize=300%2C200&#038;ssl=1\" alt=\"\" width=\"300\" height=\"200\" srcset=\"https:\/\/www.tribunaribeirao.com.br\/wp-content\/uploads\/2025\/06\/arraia-1-300x200.jpeg 300w, https:\/\/www.tribunaribeirao.com.br\/wp-content\/uploads\/2025\/06\/arraia-1-1024x682.jpeg 1024w, https:\/\/www.tribunaribeirao.com.br\/wp-content\/uploads\/2025\/06\/arraia-1-768x512.jpeg 768w, https:\/\/www.tribunaribeirao.com.br\/wp-content\/uploads\/2025\/06\/arraia-1-480x320.jpeg 480w, https:\/\/www.tribunaribeirao.com.br\/wp-content\/uploads\/2025\/06\/arraia-1-280x186.jpeg 280w, https:\/\/www.tribunaribeirao.com.br\/wp-content\/uploads\/2025\/06\/arraia-1-960x640.jpeg 960w, https:\/\/www.tribunaribeirao.com.br\/wp-content\/uploads\/2025\/06\/arraia-1-600x400.jpeg 600w, https:\/\/www.tribunaribeirao.com.br\/wp-content\/uploads\/2025\/06\/arraia-1-585x390.jpeg 585w, https:\/\/www.tribunaribeirao.com.br\/wp-content\/uploads\/2025\/06\/arraia-1-scaled.jpeg 750w\" data-sizes=\"(max-width: 300px) 100vw, 300px\" style=\"--smush-placeholder-width: 300px; --smush-placeholder-aspect-ratio: 300\/200;\"\/>O evento, que \u00e9 sucesso de p\u00fablico e j\u00e1 est\u00e1 em sua terceira edi\u00e7\u00e3o, festeja as tradi\u00e7\u00f5es juninas com comidas e bebidas t\u00edpicas, brincadeiras para todas as idades e atividades culturais. O espa\u00e7o \u00e9 coberto, conta com seguran\u00e7a e pre\u00e7os acess\u00edveis, al\u00e9m de entrada e estacionamento gratuitos. <em>\u201cO Arrai\u00e1 celebra as tradi\u00e7\u00f5es juninas, trazendo momentos de descontra\u00e7\u00e3o para toda a fam\u00edlia, al\u00e9m de fomentar a\u00e7\u00f5es solid\u00e1rias, contribuindo com as entidades sociais da nossa cidade\u201d<\/em>, destaca Anderson Silva, da KA2RP Eventos, empresa realizadora do Arrai\u00e1.<\/p>\n<p>O evento tem o patroc\u00ednio do Savegnago Supermercados; Viva M\u00eddia OHH, como Media Partner e apoio do Grupo Santa Maria \u2013 Produtos para o Lar, Rede Ideal e Alcans.<\/p>\n<p><img data-recalc-dims=\"1\" loading=\"lazy\" decoding=\"async\" class=\"size-medium wp-image-428667 alignleft lazyload\" src=\"https:\/\/i0.wp.com\/www.tribunaribeirao.com.br\/wp-content\/uploads\/2025\/06\/arraia-2-300x200.jpeg?resize=300%2C200&#038;ssl=1\" alt=\"\" width=\"300\" height=\"200\" srcset=\"https:\/\/www.tribunaribeirao.com.br\/wp-content\/uploads\/2025\/06\/arraia-2-300x200.jpeg 300w, https:\/\/www.tribunaribeirao.com.br\/wp-content\/uploads\/2025\/06\/arraia-2-1024x682.jpeg 1024w, https:\/\/www.tribunaribeirao.com.br\/wp-content\/uploads\/2025\/06\/arraia-2-768x512.jpeg 768w, https:\/\/www.tribunaribeirao.com.br\/wp-content\/uploads\/2025\/06\/arraia-2-480x320.jpeg 480w, https:\/\/www.tribunaribeirao.com.br\/wp-content\/uploads\/2025\/06\/arraia-2-280x186.jpeg 280w, https:\/\/www.tribunaribeirao.com.br\/wp-content\/uploads\/2025\/06\/arraia-2-960x640.jpeg 960w, https:\/\/www.tribunaribeirao.com.br\/wp-content\/uploads\/2025\/06\/arraia-2-600x400.jpeg 600w, https:\/\/www.tribunaribeirao.com.br\/wp-content\/uploads\/2025\/06\/arraia-2-585x390.jpeg 585w, https:\/\/www.tribunaribeirao.com.br\/wp-content\/uploads\/2025\/06\/arraia-2-scaled.jpeg 750w\" data-sizes=\"(max-width: 300px) 100vw, 300px\" style=\"--smush-placeholder-width: 300px; --smush-placeholder-aspect-ratio: 300\/200;\"\/>O Arrai\u00e1 Mi\u00f3 Di B\u00e3o tem como uma de suas vertentes, a solidariedade j\u00e1 que conta com a participa\u00e7\u00e3o de algumas das principais entidades assistenciais da cidade. A organiza\u00e7\u00e3o do evento ter\u00e1 como homenageada da terceira edi\u00e7\u00e3o, o Hospital de C\u00e2ncer de Ribeir\u00e3o Preto. A entidade \u00e9 mantida pela Funda\u00e7\u00e3o SobecCan e atua h\u00e1 31 anos em Ribeir\u00e3o Preto e em mais 27 cidades da Regi\u00e3o Metropolitana. Nas edi\u00e7\u00f5es anteriores, foram homenageadas, a Casa das Mangueiras (2023) e o Lar Padre Euclides (2024).<\/p>\n<p><strong>Campanha do Agasalho<\/strong><\/p>\n<p>O Arrai\u00e1 conta, ainda, com espa\u00e7o para receber agasalhos destinados para a \u201cCampanha do Agasalho\u201d, promovida pelo Fundo Social de Solidariedade de Ribeir\u00e3o Preto. Al\u00e9m disso haver\u00e1 a destina\u00e7\u00e3o de todo material recicl\u00e1vel (especialmente alum\u00ednio das latas de refrigerantes e sucos, material pl\u00e1stico e papel\u00e3o) para um ecoponto municipal, por meio da reconhecida ONG Cooperagir.<\/p>\n<p>\u00a0<\/p>\n<p><strong>\u00a0Programa\u00e7\u00e3o:<\/strong><\/p>\n<p>\u2013 13, 14 e 15\/Junho<\/p>\n<p>\u2013 19\/Junho (feriado Anivers\u00e1rio de Ribeir\u00e3o e <em>Corpus Christi<\/em>)<\/p>\n<p>\u2013 20, 21 e 22\/Junho<\/p>\n<p>\u2013 27, 28 e 29\/Junho<\/p>\n<p><strong>Hor\u00e1rios:<\/strong><\/p>\n<p>\u2013 Sextas \u2013 Das 18 \u00e0s 23h30;<\/p>\n<p>\u2013 S\u00e1bados \u2013 Das 16 \u00e0s 23h30;<\/p>\n<p>\u2013 Domingos e o Feriado de 19\/Jun \u2013 Das 15 \u00e0s 22h<\/p>\n<p><strong>Servi\u00e7o:<\/strong><\/p>\n<p>Arrai\u00e1 Mi\u00f3 Di B\u00e3o-Ribeir\u00e3o!<\/p>\n<p>At\u00e9 29 junho de 2025<\/p>\n<p>Estacionamento do Novo Shopping (ao lado do Goril\u00e3o), na avenida Presidente Kennedy, 1500<\/p>\n<p>Entrada e estacionamento gratuitos<\/p>\n<p>Acompanhe toda a programa\u00e7\u00e3o pelo Instagram: @arraiamiodibao<\/p>\n<\/div>\n<p><script async src=\"\/\/platform.twitter.com\/widgets.js\" charset=\"utf-8\"><\/script><br \/>\n<br \/><br \/>\n<br \/><a href=\"https:\/\/www.tribunaribeirao.com.br\/forro-e-sertanejo-agitam-o-fim-de-semana-no-arraia-mio-di-bao-ribeirao\/\">Source link <\/a><\/p>\n<!-- CONTENT END 1 -->\n","protected":false},"excerpt":{"rendered":"<p>13 de junho de 2025 13:0513 de junho de 2025 13:070 Compartilhar0 O fim de semana est\u00e1 chegando e o Arrai\u00e1 Mi\u00f3 Di B\u00e3o Ribeir\u00e3o&#8230;<\/p>\n","protected":false},"author":1,"featured_media":72126,"comment_status":"open","ping_status":"open","sticky":false,"template":"","format":"standard","meta":{"advanced_seo_description":"","jetpack_seo_html_title":"","jetpack_seo_noindex":false,"jetpack_post_was_ever_published":false,"_jetpack_newsletter_access":"","_jetpack_dont_email_post_to_subs":false,"_jetpack_newsletter_tier_id":0,"_jetpack_memberships_contains_paywalled_content":false,"_jetpack_memberships_contains_paid_content":false,"footnotes":"","jetpack_publicize_message":"","jetpack_publicize_feature_enabled":true,"jetpack_social_post_already_shared":true,"jetpack_social_options":{"image_generator_settings":{"template":"highway","default_image_id":0,"font":"","enabled":false},"version":2}},"categories":[11],"tags":[],"class_list":["post-72125","post","type-post","status-publish","format-standard","has-post-thumbnail","hentry","category-noticias-de-ribeirao-preto-sp-e-regiao-ismael-colosi"],"jetpack_publicize_connections":[],"jetpack_featured_media_url":"https:\/\/i0.wp.com\/noticiasribeiraopreto.com.br\/wp-content\/uploads\/2025\/06\/arraia-scaled.jpeg?fit=750%2C500&ssl=1","jetpack-related-posts":[{"id":72133,"url":"https:\/\/noticiasribeiraopreto.com.br\/index.php\/2025\/06\/13\/forro-e-sertanejo-agitam-o-fim-de-semana-no-arraia-mio-di-bao-ribeirao-2\/","url_meta":{"origin":72125,"position":0},"title":"Forr\u00f3 e sertanejo agitam o fim de semana no Arrai\u00e1 Mi\u00f3 di B\u00e3o Ribeir\u00e3o","author":"noticiasribeiraopreto.com.br","date":"13 de June de 2025","format":false,"excerpt":"13 de junho de 2025 14:126 Compartilhar0 O fim de semana est\u00e1 chegando e o Arrai\u00e1 Mi\u00f3 Di B\u00e3o Ribeir\u00e3o traz uma programa\u00e7\u00e3o especial para animar os visitantes da maior festa junina da regi\u00e3o. O grupo Forr\u00f3 100 D\u00f3 se apresentar\u00e1 na sexta-feira, dia 13 de junho. No s\u00e1bado, ser\u00e1\u2026","rel":"","context":"In &quot;Not\u00edcias de Ribeir\u00e3o Preto-SP e Regi\u00e3o&quot;","block_context":{"text":"Not\u00edcias de Ribeir\u00e3o Preto-SP e Regi\u00e3o","link":"https:\/\/noticiasribeiraopreto.com.br\/index.php\/category\/noticias-de-ribeirao-preto-sp-e-regiao-ismael-colosi\/"},"img":{"alt_text":"","src":"https:\/\/i0.wp.com\/noticiasribeiraopreto.com.br\/wp-content\/uploads\/2025\/06\/arraia-3-scaled.jpeg?fit=750%2C500&ssl=1&resize=350%2C200","width":350,"height":200,"srcset":"https:\/\/i0.wp.com\/noticiasribeiraopreto.com.br\/wp-content\/uploads\/2025\/06\/arraia-3-scaled.jpeg?fit=750%2C500&ssl=1&resize=350%2C200 1x, https:\/\/i0.wp.com\/noticiasribeiraopreto.com.br\/wp-content\/uploads\/2025\/06\/arraia-3-scaled.jpeg?fit=750%2C500&ssl=1&resize=525%2C300 1.5x, https:\/\/i0.wp.com\/noticiasribeiraopreto.com.br\/wp-content\/uploads\/2025\/06\/arraia-3-scaled.jpeg?fit=750%2C500&ssl=1&resize=700%2C400 2x"},"classes":[]},{"id":52916,"url":"https:\/\/noticiasribeiraopreto.com.br\/index.php\/2024\/06\/13\/franca-basquete-e-tricampeao-do-nbb-apos-vencer-o-flamengo\/","url_meta":{"origin":72125,"position":1},"title":"Franca Basquete \u00e9 tricampe\u00e3o do NBB ap\u00f3s vencer o Flamengo","author":"noticiasribeiraopreto.com.br","date":"13 de June de 2024","format":false,"excerpt":"O Franca Basquete venceu o Flamengo por dez pontos de diferen\u00e7a e conquistou o tricampeonato do NBB (Novo Basquete Brasil). Em partida realizada, na noite desta quinta-feira (13), no Maracan\u00e3zinho, no Rio de Janeiro, a equipe da regi\u00e3o de Ribeir\u00e3o Preto marcou 69 pontos contra 59 do time carioca. O\u2026","rel":"","context":"In &quot;Not\u00edcias de Ribeir\u00e3o Preto-SP e Regi\u00e3o&quot;","block_context":{"text":"Not\u00edcias de Ribeir\u00e3o Preto-SP e Regi\u00e3o","link":"https:\/\/noticiasribeiraopreto.com.br\/index.php\/category\/noticias-de-ribeirao-preto-sp-e-regiao-ismael-colosi\/"},"img":{"alt_text":"","src":"https:\/\/i0.wp.com\/noticiasribeiraopreto.com.br\/wp-content\/uploads\/2024\/06\/Copia-de-Copia-de-TAMANHO-EXATO-PARA-FOTOS-NO-SISTEMA-NOVO-3_2024-06-13_23-25-12_jpg_2024-06-13_23-25-13.webp.webp?fit=1200%2C675&ssl=1&resize=350%2C200","width":350,"height":200,"srcset":"https:\/\/i0.wp.com\/noticiasribeiraopreto.com.br\/wp-content\/uploads\/2024\/06\/Copia-de-Copia-de-TAMANHO-EXATO-PARA-FOTOS-NO-SISTEMA-NOVO-3_2024-06-13_23-25-12_jpg_2024-06-13_23-25-13.webp.webp?fit=1200%2C675&ssl=1&resize=350%2C200 1x, https:\/\/i0.wp.com\/noticiasribeiraopreto.com.br\/wp-content\/uploads\/2024\/06\/Copia-de-Copia-de-TAMANHO-EXATO-PARA-FOTOS-NO-SISTEMA-NOVO-3_2024-06-13_23-25-12_jpg_2024-06-13_23-25-13.webp.webp?fit=1200%2C675&ssl=1&resize=525%2C300 1.5x, https:\/\/i0.wp.com\/noticiasribeiraopreto.com.br\/wp-content\/uploads\/2024\/06\/Copia-de-Copia-de-TAMANHO-EXATO-PARA-FOTOS-NO-SISTEMA-NOVO-3_2024-06-13_23-25-12_jpg_2024-06-13_23-25-13.webp.webp?fit=1200%2C675&ssl=1&resize=700%2C400 2x, https:\/\/i0.wp.com\/noticiasribeiraopreto.com.br\/wp-content\/uploads\/2024\/06\/Copia-de-Copia-de-TAMANHO-EXATO-PARA-FOTOS-NO-SISTEMA-NOVO-3_2024-06-13_23-25-12_jpg_2024-06-13_23-25-13.webp.webp?fit=1200%2C675&ssl=1&resize=1050%2C600 3x"},"classes":[]},{"id":72809,"url":"https:\/\/noticiasribeiraopreto.com.br\/index.php\/2025\/06\/21\/confessionario-tribuna-ribeirao-33\/","url_meta":{"origin":72125,"position":2},"title":"Confession\u00e1rio &#8211; Tribuna Ribeir\u00e3o","author":"noticiasribeiraopreto.com.br","date":"21 de June de 2025","format":false,"excerpt":"21 de junho de 2025 14:022 Compartilhar0 \u2013 Atividade empresarial: O Sincovarp est\u00e1 numa luta ferrenha contra a aprova\u00e7\u00e3o de uma lei municipal que prejudica o funcionamento de adegas e tabacarias da cidade; \u2013 For\u00e7a empres\u00e1rio! A Associa\u00e7\u00e3o Comercial e Industrial de Ribeir\u00e3o Preto (ACIRP) est\u00e1 patrocinando um campeonato de\u2026","rel":"","context":"In &quot;Not\u00edcias de Ribeir\u00e3o Preto-SP e Regi\u00e3o&quot;","block_context":{"text":"Not\u00edcias de Ribeir\u00e3o Preto-SP e Regi\u00e3o","link":"https:\/\/noticiasribeiraopreto.com.br\/index.php\/category\/noticias-de-ribeirao-preto-sp-e-regiao-ismael-colosi\/"},"img":{"alt_text":"","src":"https:\/\/i0.wp.com\/noticiasribeiraopreto.com.br\/wp-content\/uploads\/2025\/06\/Chopp-e-seus-beneficios-para-a-saude.jpg?fit=600%2C400&ssl=1&resize=350%2C200","width":350,"height":200,"srcset":"https:\/\/i0.wp.com\/noticiasribeiraopreto.com.br\/wp-content\/uploads\/2025\/06\/Chopp-e-seus-beneficios-para-a-saude.jpg?fit=600%2C400&ssl=1&resize=350%2C200 1x, https:\/\/i0.wp.com\/noticiasribeiraopreto.com.br\/wp-content\/uploads\/2025\/06\/Chopp-e-seus-beneficios-para-a-saude.jpg?fit=600%2C400&ssl=1&resize=525%2C300 1.5x"},"classes":[]},{"id":71496,"url":"https:\/\/noticiasribeiraopreto.com.br\/index.php\/2025\/06\/06\/rota-do-arraia-saiba-quais-sao-as-quermesses-de-ribeirao-preto-neste-fim-de-semana\/","url_meta":{"origin":72125,"position":3},"title":"Rota do Arrai\u00e1: Saiba quais s\u00e3o as quermesses de Ribeir\u00e3o Preto neste fim de semana","author":"noticiasribeiraopreto.com.br","date":"6 de June de 2025","format":false,"excerpt":"A Rota do Arrai\u00e1 (clique aqui)\u00a0re\u00fane as quermesses que acontecem em diferentes locais de Ribeir\u00e3o Preto e regi\u00e3o. Neste fim de semana, acontece nove festas t\u00edpicas na cidade, com musica ao vivo, bingo e brincadeiras. Veja a programa\u00e7\u00e3o: 2\u00ba Arrai\u00e1 Solid\u00e1rio APAE A Associa\u00e7\u00e3o de Pais e Amigos dos Expecionais\u2026","rel":"","context":"In &quot;Not\u00edcias de Ribeir\u00e3o Preto-SP e Regi\u00e3o&quot;","block_context":{"text":"Not\u00edcias de Ribeir\u00e3o Preto-SP e Regi\u00e3o","link":"https:\/\/noticiasribeiraopreto.com.br\/index.php\/category\/noticias-de-ribeirao-preto-sp-e-regiao-ismael-colosi\/"},"img":{"alt_text":"","src":"https:\/\/i0.wp.com\/noticiasribeiraopreto.com.br\/wp-content\/uploads\/2024\/05\/quermesse_2024-05-07_13-34-01_jpg_2024-05-07_13-34-01.webp.webp?fit=582%2C393&ssl=1&resize=350%2C200","width":350,"height":200,"srcset":"https:\/\/i0.wp.com\/noticiasribeiraopreto.com.br\/wp-content\/uploads\/2024\/05\/quermesse_2024-05-07_13-34-01_jpg_2024-05-07_13-34-01.webp.webp?fit=582%2C393&ssl=1&resize=350%2C200 1x, https:\/\/i0.wp.com\/noticiasribeiraopreto.com.br\/wp-content\/uploads\/2024\/05\/quermesse_2024-05-07_13-34-01_jpg_2024-05-07_13-34-01.webp.webp?fit=582%2C393&ssl=1&resize=525%2C300 1.5x"},"classes":[]},{"id":72115,"url":"https:\/\/noticiasribeiraopreto.com.br\/index.php\/2025\/06\/13\/joao-rock-teatro-e-exposicao-de-carros-veja-onde-aproveitar-o-fim-de-semana-em-ribeirao-preto\/","url_meta":{"origin":72125,"position":4},"title":"Jo\u00e3o Rock, teatro e exposi\u00e7\u00e3o de carros: veja onde aproveitar o fim de semana em Ribeir\u00e3o Preto","author":"noticiasribeiraopreto.com.br","date":"13 de June de 2025","format":false,"excerpt":"Ainda n\u00e3o sabe o que fazer no fim de semana? O acidade on Ribeir\u00e3o Preto listou as melhores op\u00e7\u00f5es para quem est\u00e1 em busca de programa\u00e7\u00e3o. Os grandes destaques da agenda cultural s\u00e3o: o festival Jo\u00e3o Rock, a apresenta\u00e7\u00e3o da pe\u00e7a \u201cDorot\u00e9ia\u201d e a 12\u00aa exposi\u00e7\u00e3o de carros antigos do\u2026","rel":"","context":"In &quot;Not\u00edcias de Ribeir\u00e3o Preto-SP e Regi\u00e3o&quot;","block_context":{"text":"Not\u00edcias de Ribeir\u00e3o Preto-SP e Regi\u00e3o","link":"https:\/\/noticiasribeiraopreto.com.br\/index.php\/category\/noticias-de-ribeirao-preto-sp-e-regiao-ismael-colosi\/"},"img":{"alt_text":"","src":"https:\/\/i0.wp.com\/noticiasribeiraopreto.com.br\/wp-content\/uploads\/2025\/06\/Design-sem-nome_2025-05-06_13-03-53.webp.webp?fit=1200%2C675&ssl=1&resize=350%2C200","width":350,"height":200,"srcset":"https:\/\/i0.wp.com\/noticiasribeiraopreto.com.br\/wp-content\/uploads\/2025\/06\/Design-sem-nome_2025-05-06_13-03-53.webp.webp?fit=1200%2C675&ssl=1&resize=350%2C200 1x, https:\/\/i0.wp.com\/noticiasribeiraopreto.com.br\/wp-content\/uploads\/2025\/06\/Design-sem-nome_2025-05-06_13-03-53.webp.webp?fit=1200%2C675&ssl=1&resize=525%2C300 1.5x, https:\/\/i0.wp.com\/noticiasribeiraopreto.com.br\/wp-content\/uploads\/2025\/06\/Design-sem-nome_2025-05-06_13-03-53.webp.webp?fit=1200%2C675&ssl=1&resize=700%2C400 2x, https:\/\/i0.wp.com\/noticiasribeiraopreto.com.br\/wp-content\/uploads\/2025\/06\/Design-sem-nome_2025-05-06_13-03-53.webp.webp?fit=1200%2C675&ssl=1&resize=1050%2C600 3x"},"classes":[]},{"id":78956,"url":"https:\/\/noticiasribeiraopreto.com.br\/index.php\/2025\/10\/21\/joao-rock-2026-ja-tem-data-definida\/","url_meta":{"origin":72125,"position":5},"title":"Jo\u00e3o Rock 2026 j\u00e1 tem data definida","author":"noticiasribeiraopreto.com.br","date":"21 de October de 2025","format":false,"excerpt":"21 de outubro de 2025 18:211 Compartilhar0 23\u00aa edi\u00e7\u00e3o do festival acontece em Ribeir\u00e3o Preto no dia\u00a0 13 de junho\u00a0 com 4 palcos celebrando a m\u00fasica nacional O Jo\u00e3o Rock j\u00e1 tem data confirmada para sua 23\u00aa edi\u00e7\u00e3o: dia 13 de junho de 2026, no Parque Permanente de Exposi\u00e7\u00f5es de\u2026","rel":"","context":"In &quot;Not\u00edcias de Ribeir\u00e3o Preto-SP e Regi\u00e3o&quot;","block_context":{"text":"Not\u00edcias de Ribeir\u00e3o Preto-SP e Regi\u00e3o","link":"https:\/\/noticiasribeiraopreto.com.br\/index.php\/category\/noticias-de-ribeirao-preto-sp-e-regiao-ismael-colosi\/"},"img":{"alt_text":"","src":"https:\/\/i0.wp.com\/noticiasribeiraopreto.com.br\/wp-content\/uploads\/2025\/10\/ok_Drone-Imprensa-7-2-1-1-1-1-1-scaled.png?fit=1200%2C721&ssl=1&resize=350%2C200","width":350,"height":200,"srcset":"https:\/\/i0.wp.com\/noticiasribeiraopreto.com.br\/wp-content\/uploads\/2025\/10\/ok_Drone-Imprensa-7-2-1-1-1-1-1-scaled.png?fit=1200%2C721&ssl=1&resize=350%2C200 1x, https:\/\/i0.wp.com\/noticiasribeiraopreto.com.br\/wp-content\/uploads\/2025\/10\/ok_Drone-Imprensa-7-2-1-1-1-1-1-scaled.png?fit=1200%2C721&ssl=1&resize=525%2C300 1.5x, https:\/\/i0.wp.com\/noticiasribeiraopreto.com.br\/wp-content\/uploads\/2025\/10\/ok_Drone-Imprensa-7-2-1-1-1-1-1-scaled.png?fit=1200%2C721&ssl=1&resize=700%2C400 2x, https:\/\/i0.wp.com\/noticiasribeiraopreto.com.br\/wp-content\/uploads\/2025\/10\/ok_Drone-Imprensa-7-2-1-1-1-1-1-scaled.png?fit=1200%2C721&ssl=1&resize=1050%2C600 3x"},"classes":[]}],"jetpack_sharing_enabled":true,"jetpack_shortlink":"https:\/\/wp.me\/peQAOb-iLj","_links":{"self":[{"href":"https:\/\/noticiasribeiraopreto.com.br\/index.php\/wp-json\/wp\/v2\/posts\/72125","targetHints":{"allow":["GET"]}}],"collection":[{"href":"https:\/\/noticiasribeiraopreto.com.br\/index.php\/wp-json\/wp\/v2\/posts"}],"about":[{"href":"https:\/\/noticiasribeiraopreto.com.br\/index.php\/wp-json\/wp\/v2\/types\/post"}],"author":[{"embeddable":true,"href":"https:\/\/noticiasribeiraopreto.com.br\/index.php\/wp-json\/wp\/v2\/users\/1"}],"replies":[{"embeddable":true,"href":"https:\/\/noticiasribeiraopreto.com.br\/index.php\/wp-json\/wp\/v2\/comments?post=72125"}],"version-history":[{"count":0,"href":"https:\/\/noticiasribeiraopreto.com.br\/index.php\/wp-json\/wp\/v2\/posts\/72125\/revisions"}],"wp:featuredmedia":[{"embeddable":true,"href":"https:\/\/noticiasribeiraopreto.com.br\/index.php\/wp-json\/wp\/v2\/media\/72126"}],"wp:attachment":[{"href":"https:\/\/noticiasribeiraopreto.com.br\/index.php\/wp-json\/wp\/v2\/media?parent=72125"}],"wp:term":[{"taxonomy":"category","embeddable":true,"href":"https:\/\/noticiasribeiraopreto.com.br\/index.php\/wp-json\/wp\/v2\/categories?post=72125"},{"taxonomy":"post_tag","embeddable":true,"href":"https:\/\/noticiasribeiraopreto.com.br\/index.php\/wp-json\/wp\/v2\/tags?post=72125"}],"curies":[{"name":"wp","href":"https:\/\/api.w.org\/{rel}","templated":true}]}}