{"id":72127,"date":"2025-06-13T13:12:23","date_gmt":"2025-06-13T16:12:23","guid":{"rendered":"https:\/\/noticiasribeiraopreto.com.br\/index.php\/2025\/06\/13\/prefeito-de-ribeirao-preto-tem-viagem-interrompida-a-israel-apos-ataque-ao-ira\/"},"modified":"2025-06-13T13:12:23","modified_gmt":"2025-06-13T16:12:23","slug":"prefeito-de-ribeirao-preto-tem-viagem-interrompida-a-israel-apos-ataque-ao-ira","status":"publish","type":"post","link":"https:\/\/noticiasribeiraopreto.com.br\/index.php\/2025\/06\/13\/prefeito-de-ribeirao-preto-tem-viagem-interrompida-a-israel-apos-ataque-ao-ira\/","title":{"rendered":"Prefeito de Ribeir\u00e3o Preto tem viagem interrompida \u00e0 Israel ap\u00f3s ataque ao Ir\u00e3"},"content":{"rendered":"<p> <br \/>\n<\/p>\n<div>\n<p><strong>O prefeito de Ribeir\u00e3o Preto, Ricardo Silva (PSD), foi impedido de seguir viagem \u00e0 Israel, ap\u00f3s o ataque contra o Ir\u00e3 e amea\u00e7as de retalia\u00e7\u00e3o, na madrugada desta sexta-feira (13).<\/strong><\/p>\n<p>Al\u00e9m de <strong>Ricardo<\/strong>, estavam na delega\u00e7\u00e3o o vice-governador de S\u00e3o Paulo, <strong>Fel\u00edcio Ramuth (PSD)<\/strong>, e os prefeitos de Barretos, <strong>Odair Silva (Republicanos)<\/strong>, de Urup\u00eas, <strong>Beto Cacciari (PL)<\/strong>, de S\u00e3o Jos\u00e9 dos Campos, <strong>Anderson Farias (PSD)<\/strong> e Guaratinguet\u00e1, <strong>Junior Filippo (PSD)<\/strong>.<\/p>\n<p>A comitiva ficou retida no aeroporto de <strong>Paris<\/strong>, na <strong>Fran\u00e7a<\/strong>. Segundo informa\u00e7\u00f5es de v\u00eddeos divulgados nas redes sociais, todos se preparam para retornar ao <strong>Brasil<\/strong>.<\/p>\n<figure class=\"wp-block-pullquote\">\n<blockquote>\n<p>No meio da viagem iniciou a guerra, mas n\u00f3s n\u00e3o chegamos l\u00e1 (em Israel) [\u2026]. N\u00f3s vamos ter que voltar ao Brasil. Gra\u00e7as a Deus, estamos em Paris e logo retornando ao nosso Brasil, <\/p>\n<p><cite><strong>declarou Ricardo Silva, em v\u00eddeo divulgado nas suas redes sociais.<\/strong><\/cite><\/p><\/blockquote>\n<\/figure>\n<p>Prefeitos paulistas e o vice-governador de <strong>S\u00e3o Paulo<\/strong> partiram nesta <strong>quinta-feira (12)<\/strong>, para participar de uma <strong>miss\u00e3o oficial<\/strong> com o objetivo de fortalecer as rela\u00e7\u00f5es institucionais entre o estado de <strong>S\u00e3o Paulo<\/strong> e <strong>Israel<\/strong>, al\u00e9m de buscar parcerias estrat\u00e9gias em \u00e1reas como tecnologia, seguran\u00e7a p\u00fablica, agricultura, cidades inteligentes e sustentabilidade.<\/p>\n<h2 class=\"wp-block-heading\"><strong>Ataque conta o Ir\u00e3<\/strong><\/h2>\n<p>Durante o ataque, quatro pessoas foram mortas, entre elas o chefe da Guarda Revolucion\u00e1ria do Ir\u00e3, <strong>Hossein Salami<\/strong>, e o chefe das For\u00e7as Armadas do pa\u00eds, <strong>Mohammad Bagheri<\/strong>.<\/p>\n<p>O primeiro ministro de Israel, <strong>Benjamin Netanyahu<\/strong>, afirmou que o principal alvo \u00e9 a usina iraniana de <strong>Natanz<\/strong>. Segundo ele, a opera\u00e7\u00e3o tem o objetivo de deter a amea\u00e7a iraniana e que os ataques seguem enquanto forem  necess\u00e1rios. <\/p>\n<p>No v\u00eddeo do pronunciamento ap\u00f3s os ataques, o ministro disse \u201cEstamos em um momento decisivo na hist\u00f3ria de <strong>Israel<\/strong>\u201d.<\/p>\n<p>Ap\u00f3s os ataques, o porta-voz do governo do Ir\u00e3, <strong>Ali Khamenei<\/strong>, disse que os bombardeios revelam a \u201cnatureza perversa\u201d de Israel. <\/p>\n<p>O governo iraniano amea\u00e7ou <strong>Israel<\/strong> e <strong>Estados Unidos<\/strong> ao afirmar que o ataque n\u00e3o ficar\u00e1 impune. \u00a0<\/p>\n<p>SAIBA MAIS<\/p>\n<p>Vice de Ricardo assume a Prefeitura de Ribeir\u00e3o Preto; Entenda o motivo<\/p>\n<h3 class=\"wp-block-heading\"><strong>FIQUE ON<\/strong><\/h3>\n<p>Fique ligado em tudo que acontece em Ribeir\u00e3o Preto e regi\u00e3o. Siga os perfis do <strong>acidade on <\/strong>no <a href=\"https:\/\/www.instagram.com\/acidadeonribeirao\" target=\"_blank\" rel=\"noreferrer noopener\">Instagram<\/a> e no <a href=\"https:\/\/www.facebook.com\/acidadeonribeirao\" target=\"_blank\" rel=\"noreferrer noopener\">Facebook<\/a>.<\/p>\n<p>Receba not\u00edcias do acidade on no WhatsApp. Para entrar no grupo, basta <a href=\"https:\/\/chat.whatsapp.com\/BjKQZ9oJwlz8VVT50NuePq\" target=\"_blank\" rel=\"noreferrer noopener\">clicar aqui<\/a>.<\/p>\n<p>Fa\u00e7a uma den\u00fancia ou sugira uma reportagem sobre Ribeir\u00e3o Preto e regi\u00e3o pelo WhatsApp: 16 99117 7802.<\/p>\n<p>VEJA TAMB\u00c9M<\/p>\n<p>O que aconteceu com Flora Diegues?<\/p>\n<p><!-- CONTENT END 1 -->\n<\/div>\n<p><script async src=\"\/\/www.instagram.com\/embed.js\"><\/script><br \/>\n<br \/><br \/>\n<br \/><a href=\"https:\/\/www.acidadeon.com\/ribeiraopreto\/politica\/prefeito-de-ribeirao-preto-tem-viagem-interrompida-a-israel-apos-ataque-ao-ira\/\">Source link <\/a><\/p>\n","protected":false},"excerpt":{"rendered":"<p>O prefeito de Ribeir\u00e3o Preto, Ricardo Silva (PSD), foi impedido de seguir viagem \u00e0 Israel, ap\u00f3s o ataque contra o Ir\u00e3 e amea\u00e7as de retalia\u00e7\u00e3o,&#8230;<\/p>\n","protected":false},"author":1,"featured_media":72128,"comment_status":"open","ping_status":"open","sticky":false,"template":"","format":"standard","meta":{"advanced_seo_description":"","jetpack_seo_html_title":"","jetpack_seo_noindex":false,"jetpack_post_was_ever_published":false,"_jetpack_newsletter_access":"","_jetpack_dont_email_post_to_subs":false,"_jetpack_newsletter_tier_id":0,"_jetpack_memberships_contains_paywalled_content":false,"_jetpack_memberships_contains_paid_content":false,"footnotes":"","jetpack_publicize_message":"","jetpack_publicize_feature_enabled":true,"jetpack_social_post_already_shared":true,"jetpack_social_options":{"image_generator_settings":{"template":"highway","default_image_id":0,"font":"","enabled":false},"version":2}},"categories":[11],"tags":[],"class_list":["post-72127","post","type-post","status-publish","format-standard","has-post-thumbnail","hentry","category-noticias-de-ribeirao-preto-sp-e-regiao-ismael-colosi"],"jetpack_publicize_connections":[],"jetpack_featured_media_url":"https:\/\/i0.wp.com\/noticiasribeiraopreto.com.br\/wp-content\/uploads\/2025\/06\/filmes-1_2025-06-13_12-33-28.webp.webp?fit=1200%2C675&ssl=1","jetpack-related-posts":[{"id":72364,"url":"https:\/\/noticiasribeiraopreto.com.br\/index.php\/2025\/06\/16\/ricardo-silva-reassumiu-prefeitura-nesta-segunda\/","url_meta":{"origin":72127,"position":0},"title":"Ricardo Silva reassumiu prefeitura nesta segunda","author":"noticiasribeiraopreto.com.br","date":"16 de June de 2025","format":false,"excerpt":"16 de junho de 2025 14:531 Compartilhar0 O prefeito de Ribeir\u00e3o Preto, Ricardo Silva (PSD) reassumiu o cargo na manh\u00e3 desta segunda-feira, 16 de junho. Ele tinha se afastado do cargo na quinta-feira, 12 de junho, para integrar uma delega\u00e7\u00e3o que, durante seis dias \u2013 de 12 a17 de junho\u2026","rel":"","context":"In &quot;Not\u00edcias de Ribeir\u00e3o Preto-SP e Regi\u00e3o&quot;","block_context":{"text":"Not\u00edcias de Ribeir\u00e3o Preto-SP e Regi\u00e3o","link":"https:\/\/noticiasribeiraopreto.com.br\/index.php\/category\/noticias-de-ribeirao-preto-sp-e-regiao-ismael-colosi\/"},"img":{"alt_text":"","src":"https:\/\/i0.wp.com\/noticiasribeiraopreto.com.br\/wp-content\/uploads\/2025\/06\/Comam-Alfredo-Risk-scaled.jpg?fit=800%2C455&ssl=1&resize=350%2C200","width":350,"height":200,"srcset":"https:\/\/i0.wp.com\/noticiasribeiraopreto.com.br\/wp-content\/uploads\/2025\/06\/Comam-Alfredo-Risk-scaled.jpg?fit=800%2C455&ssl=1&resize=350%2C200 1x, https:\/\/i0.wp.com\/noticiasribeiraopreto.com.br\/wp-content\/uploads\/2025\/06\/Comam-Alfredo-Risk-scaled.jpg?fit=800%2C455&ssl=1&resize=525%2C300 1.5x, https:\/\/i0.wp.com\/noticiasribeiraopreto.com.br\/wp-content\/uploads\/2025\/06\/Comam-Alfredo-Risk-scaled.jpg?fit=800%2C455&ssl=1&resize=700%2C400 2x"},"classes":[]},{"id":71818,"url":"https:\/\/noticiasribeiraopreto.com.br\/index.php\/2025\/06\/10\/ricardo-silva-vai-para-israel-nesta-quinta\/","url_meta":{"origin":72127,"position":1},"title":"Ricardo Silva vai para Israel nesta quinta","author":"noticiasribeiraopreto.com.br","date":"10 de June de 2025","format":false,"excerpt":"10 de junho de 2025 14:410 Compartilhar0 O prefeito de Ribeir\u00e3o Preto, Ricardo Silva (PSD) viaja para Israel, nesta quinta-feira, 12 de junho. Ele vai integrar uma delega\u00e7\u00e3o de prefeitos do Estado de S\u00e3o Paulo que, durante seis dias, realizar\u00e1 interc\u00e2mbio com aquele pa\u00eds. O vice-governador Fel\u00edcio Ramuht (PSD) chefiar\u00e1\u2026","rel":"","context":"In &quot;Not\u00edcias de Ribeir\u00e3o Preto-SP e Regi\u00e3o&quot;","block_context":{"text":"Not\u00edcias de Ribeir\u00e3o Preto-SP e Regi\u00e3o","link":"https:\/\/noticiasribeiraopreto.com.br\/index.php\/category\/noticias-de-ribeirao-preto-sp-e-regiao-ismael-colosi\/"},"img":{"alt_text":"","src":"https:\/\/i0.wp.com\/noticiasribeiraopreto.com.br\/wp-content\/uploads\/2025\/06\/Nogueira-Sil-Alfredo-Risk-scaled.jpg?fit=800%2C455&ssl=1&resize=350%2C200","width":350,"height":200,"srcset":"https:\/\/i0.wp.com\/noticiasribeiraopreto.com.br\/wp-content\/uploads\/2025\/06\/Nogueira-Sil-Alfredo-Risk-scaled.jpg?fit=800%2C455&ssl=1&resize=350%2C200 1x, https:\/\/i0.wp.com\/noticiasribeiraopreto.com.br\/wp-content\/uploads\/2025\/06\/Nogueira-Sil-Alfredo-Risk-scaled.jpg?fit=800%2C455&ssl=1&resize=525%2C300 1.5x, https:\/\/i0.wp.com\/noticiasribeiraopreto.com.br\/wp-content\/uploads\/2025\/06\/Nogueira-Sil-Alfredo-Risk-scaled.jpg?fit=800%2C455&ssl=1&resize=700%2C400 2x"},"classes":[]},{"id":72105,"url":"https:\/\/noticiasribeiraopreto.com.br\/index.php\/2025\/06\/13\/video-ricardo-silva-volta-ao-brasil-apos-bloqueio-do-espaco-aereo-de-israel\/","url_meta":{"origin":72127,"position":2},"title":"V\u00eddeo: Ricardo Silva volta ao Brasil ap\u00f3s bloqueio do espa\u00e7o a\u00e9reo de Israel","author":"noticiasribeiraopreto.com.br","date":"13 de June de 2025","format":false,"excerpt":"13 de junho de 2025 10:177 Compartilhar0 O prefeito Ricardo Silva, que estava a caminho de Israel, vai precisar voltar para Ribeir\u00e3o Preto, ap\u00f3s o bloqueio do espa\u00e7o a\u00e9reo israelense. Ricardo partiu \u00e0 Israel nesta quinta-feira (12). O prefeito foi convidado pelo consulado-geral de Israel em S\u00e3o Paulo, representado por\u2026","rel":"","context":"In &quot;Not\u00edcias de Ribeir\u00e3o Preto-SP e Regi\u00e3o&quot;","block_context":{"text":"Not\u00edcias de Ribeir\u00e3o Preto-SP e Regi\u00e3o","link":"https:\/\/noticiasribeiraopreto.com.br\/index.php\/category\/noticias-de-ribeirao-preto-sp-e-regiao-ismael-colosi\/"},"img":{"alt_text":"","src":"https:\/\/i0.wp.com\/noticiasribeiraopreto.com.br\/wp-content\/uploads\/2025\/06\/ricardo-scaled.jpeg?fit=800%2C434&ssl=1&resize=350%2C200","width":350,"height":200,"srcset":"https:\/\/i0.wp.com\/noticiasribeiraopreto.com.br\/wp-content\/uploads\/2025\/06\/ricardo-scaled.jpeg?fit=800%2C434&ssl=1&resize=350%2C200 1x, https:\/\/i0.wp.com\/noticiasribeiraopreto.com.br\/wp-content\/uploads\/2025\/06\/ricardo-scaled.jpeg?fit=800%2C434&ssl=1&resize=525%2C300 1.5x, https:\/\/i0.wp.com\/noticiasribeiraopreto.com.br\/wp-content\/uploads\/2025\/06\/ricardo-scaled.jpeg?fit=800%2C434&ssl=1&resize=700%2C400 2x"},"classes":[]},{"id":70262,"url":"https:\/\/noticiasribeiraopreto.com.br\/index.php\/2025\/05\/24\/tabuleiro-eleitoral-ja-tem-rascunho\/","url_meta":{"origin":72127,"position":3},"title":"Tabuleiro eleitoral j\u00e1 tem \u2018rascunho\u2019\u00a0","author":"noticiasribeiraopreto.com.br","date":"24 de May de 2025","format":false,"excerpt":"24 de maio de 2025 10:3023 de maio de 2025 22:459 Compartilhar0 A filia\u00e7\u00e3o de Rafael Silva J\u00fanior ao Partido Progressista sinalizou nos meios pol\u00edticos que ele dever\u00e1 ser candidato a deputado estadual pela legenda, nas elei\u00e7\u00f5es do pr\u00f3ximo ano.\u00a0 Irm\u00e3o do prefeito de Ribeir\u00e3o Preto, Ricardo Silva (PSD), ele\u2026","rel":"","context":"In &quot;Not\u00edcias de Ribeir\u00e3o Preto-SP e Regi\u00e3o&quot;","block_context":{"text":"Not\u00edcias de Ribeir\u00e3o Preto-SP e Regi\u00e3o","link":"https:\/\/noticiasribeiraopreto.com.br\/index.php\/category\/noticias-de-ribeirao-preto-sp-e-regiao-ismael-colosi\/"},"img":{"alt_text":"","src":"https:\/\/i0.wp.com\/noticiasribeiraopreto.com.br\/wp-content\/uploads\/2025\/05\/politica.jpeg?fit=640%2C360&ssl=1&resize=350%2C200","width":350,"height":200,"srcset":"https:\/\/i0.wp.com\/noticiasribeiraopreto.com.br\/wp-content\/uploads\/2025\/05\/politica.jpeg?fit=640%2C360&ssl=1&resize=350%2C200 1x, https:\/\/i0.wp.com\/noticiasribeiraopreto.com.br\/wp-content\/uploads\/2025\/05\/politica.jpeg?fit=640%2C360&ssl=1&resize=525%2C300 1.5x"},"classes":[]},{"id":72023,"url":"https:\/\/noticiasribeiraopreto.com.br\/index.php\/2025\/06\/12\/vice-de-ricardo-assume-a-prefeitura-de-ribeirao-preto-entenda-o-motivo\/","url_meta":{"origin":72127,"position":4},"title":"Vice de Ricardo assume a Prefeitura de Ribeir\u00e3o Preto; Entenda o motivo","author":"noticiasribeiraopreto.com.br","date":"12 de June de 2025","format":false,"excerpt":"A partir desta quinta-feira (12), o vice-prefeito de Ribeir\u00e3o Preto, Alessandro Maraca (MDB), assume o cargo de prefeito interinamente. O prefeito Ricardo Silva (PSD) ficar\u00e1 ausente at\u00e9 a pr\u00f3xima ter\u00e7a-feira (17). Neste per\u00edodo, o chefe do Executivo estar\u00e1 em viagem internacional \u00e0 Israel e estar\u00e1 no exerc\u00edcio do cargo \u00e9\u2026","rel":"","context":"In &quot;Not\u00edcias de Ribeir\u00e3o Preto-SP e Regi\u00e3o&quot;","block_context":{"text":"Not\u00edcias de Ribeir\u00e3o Preto-SP e Regi\u00e3o","link":"https:\/\/noticiasribeiraopreto.com.br\/index.php\/category\/noticias-de-ribeirao-preto-sp-e-regiao-ismael-colosi\/"},"img":{"alt_text":"","src":"https:\/\/i0.wp.com\/noticiasribeiraopreto.com.br\/wp-content\/uploads\/2024\/12\/MARACA_2024-12-17_16-47-16_jpg_2024-12-17_16-47-16.webp.webp?fit=1200%2C800&ssl=1&resize=350%2C200","width":350,"height":200,"srcset":"https:\/\/i0.wp.com\/noticiasribeiraopreto.com.br\/wp-content\/uploads\/2024\/12\/MARACA_2024-12-17_16-47-16_jpg_2024-12-17_16-47-16.webp.webp?fit=1200%2C800&ssl=1&resize=350%2C200 1x, https:\/\/i0.wp.com\/noticiasribeiraopreto.com.br\/wp-content\/uploads\/2024\/12\/MARACA_2024-12-17_16-47-16_jpg_2024-12-17_16-47-16.webp.webp?fit=1200%2C800&ssl=1&resize=525%2C300 1.5x, https:\/\/i0.wp.com\/noticiasribeiraopreto.com.br\/wp-content\/uploads\/2024\/12\/MARACA_2024-12-17_16-47-16_jpg_2024-12-17_16-47-16.webp.webp?fit=1200%2C800&ssl=1&resize=700%2C400 2x, https:\/\/i0.wp.com\/noticiasribeiraopreto.com.br\/wp-content\/uploads\/2024\/12\/MARACA_2024-12-17_16-47-16_jpg_2024-12-17_16-47-16.webp.webp?fit=1200%2C800&ssl=1&resize=1050%2C600 3x"},"classes":[]},{"id":70124,"url":"https:\/\/noticiasribeiraopreto.com.br\/index.php\/2025\/05\/22\/irmao-de-ricardo-silva-se-filia-ao-pp\/","url_meta":{"origin":72127,"position":5},"title":"Irm\u00e3o de Ricardo Silva se filia ao PP","author":"noticiasribeiraopreto.com.br","date":"22 de May de 2025","format":false,"excerpt":"22 de maio de 2025 22:146 Compartilhar0 O irm\u00e3o do prefeito de Ribeir\u00e3o Preto, Ricardo Silva (PSD), se filiou nesta quinta-feira, 22 de maio, ao Partido Progressista (PP). O ato de filia\u00e7\u00e3o de Rafael Silva J\u00fanior, aconteceu em S\u00e3o Paulo e teve a presen\u00e7a do prefeito. J\u00fanior, como \u00e9 conhecido,\u2026","rel":"","context":"In &quot;Not\u00edcias de Ribeir\u00e3o Preto-SP e Regi\u00e3o&quot;","block_context":{"text":"Not\u00edcias de Ribeir\u00e3o Preto-SP e Regi\u00e3o","link":"https:\/\/noticiasribeiraopreto.com.br\/index.php\/category\/noticias-de-ribeirao-preto-sp-e-regiao-ismael-colosi\/"},"img":{"alt_text":"","src":"https:\/\/i0.wp.com\/noticiasribeiraopreto.com.br\/wp-content\/uploads\/2025\/05\/silva.jpeg?fit=1200%2C1084&ssl=1&resize=350%2C200","width":350,"height":200,"srcset":"https:\/\/i0.wp.com\/noticiasribeiraopreto.com.br\/wp-content\/uploads\/2025\/05\/silva.jpeg?fit=1200%2C1084&ssl=1&resize=350%2C200 1x, https:\/\/i0.wp.com\/noticiasribeiraopreto.com.br\/wp-content\/uploads\/2025\/05\/silva.jpeg?fit=1200%2C1084&ssl=1&resize=525%2C300 1.5x, https:\/\/i0.wp.com\/noticiasribeiraopreto.com.br\/wp-content\/uploads\/2025\/05\/silva.jpeg?fit=1200%2C1084&ssl=1&resize=700%2C400 2x, https:\/\/i0.wp.com\/noticiasribeiraopreto.com.br\/wp-content\/uploads\/2025\/05\/silva.jpeg?fit=1200%2C1084&ssl=1&resize=1050%2C600 3x"},"classes":[]}],"jetpack_sharing_enabled":true,"jetpack_shortlink":"https:\/\/wp.me\/peQAOb-iLl","_links":{"self":[{"href":"https:\/\/noticiasribeiraopreto.com.br\/index.php\/wp-json\/wp\/v2\/posts\/72127","targetHints":{"allow":["GET"]}}],"collection":[{"href":"https:\/\/noticiasribeiraopreto.com.br\/index.php\/wp-json\/wp\/v2\/posts"}],"about":[{"href":"https:\/\/noticiasribeiraopreto.com.br\/index.php\/wp-json\/wp\/v2\/types\/post"}],"author":[{"embeddable":true,"href":"https:\/\/noticiasribeiraopreto.com.br\/index.php\/wp-json\/wp\/v2\/users\/1"}],"replies":[{"embeddable":true,"href":"https:\/\/noticiasribeiraopreto.com.br\/index.php\/wp-json\/wp\/v2\/comments?post=72127"}],"version-history":[{"count":0,"href":"https:\/\/noticiasribeiraopreto.com.br\/index.php\/wp-json\/wp\/v2\/posts\/72127\/revisions"}],"wp:featuredmedia":[{"embeddable":true,"href":"https:\/\/noticiasribeiraopreto.com.br\/index.php\/wp-json\/wp\/v2\/media\/72128"}],"wp:attachment":[{"href":"https:\/\/noticiasribeiraopreto.com.br\/index.php\/wp-json\/wp\/v2\/media?parent=72127"}],"wp:term":[{"taxonomy":"category","embeddable":true,"href":"https:\/\/noticiasribeiraopreto.com.br\/index.php\/wp-json\/wp\/v2\/categories?post=72127"},{"taxonomy":"post_tag","embeddable":true,"href":"https:\/\/noticiasribeiraopreto.com.br\/index.php\/wp-json\/wp\/v2\/tags?post=72127"}],"curies":[{"name":"wp","href":"https:\/\/api.w.org\/{rel}","templated":true}]}}