{"id":72364,"date":"2025-06-16T14:57:31","date_gmt":"2025-06-16T17:57:31","guid":{"rendered":"https:\/\/noticiasribeiraopreto.com.br\/index.php\/2025\/06\/16\/ricardo-silva-reassumiu-prefeitura-nesta-segunda\/"},"modified":"2025-06-16T14:57:31","modified_gmt":"2025-06-16T17:57:31","slug":"ricardo-silva-reassumiu-prefeitura-nesta-segunda","status":"publish","type":"post","link":"https:\/\/noticiasribeiraopreto.com.br\/index.php\/2025\/06\/16\/ricardo-silva-reassumiu-prefeitura-nesta-segunda\/","title":{"rendered":"Ricardo Silva reassumiu prefeitura nesta segunda"},"content":{"rendered":"<div class='code-block code-block-1' style='margin: 8px 0 8px auto; text-align: right; display: block; clear: both;'>\n<p><a href=\"https:\/\/wa.link\/vpicfd\"><img data-recalc-dims=\"1\" class=\"wp-image-4922\" style=\"aspect-ratio: 2.0253164556962027; width: 561px; height: auto;\" src=\"https:\/\/i0.wp.com\/ismaelcolosi.com.br\/wp-content\/uploads\/2023\/11\/grupo-de-empregos-whatsapp-e-facebook-ismael-colosi-vagas.jpg?ssl=1\" alt=\"\" \/><\/a><\/p>\n<!-- \/wp:image -->\n<\/div>\n<p> <br \/>\n<\/p>\n<div id=\"\">\n<p>\n\t\t\t\t\t\t\t\t\t<span class=\"entry-meta-item penci-posted-on\"><i class=\"fa fa-clock-o\"\/><time class=\"entry-date published updated\" datetime=\"2025-06-16T14:53:45-03:00\">16 de junho de 2025 14:53<\/time><\/span><span class=\"entry-meta-item penci-post-countview\"><span class=\"entry-meta-item penci-post-countview penci_post-meta_item\"><i class=\"fa fa-eye\"\/><span class=\"penci-post-countview-number penci-post-countview-p428879\">1<\/span><\/span><\/span>\t\t\t\t\t\t\t\t<\/p>\n<p><!-- .entry-meta --><br \/>\n\t\t\t\t\t\t\t\t<span class=\"penci-social-buttons penci-social-share-footer\"><span class=\"penci-social-share-text\">Compartilhar<\/span><a href=\"#\" class=\"penci-post-like penci_post-meta_item  single-like-button penci-social-item like\" data-post_id=\"428879\" title=\"Like\" data-like=\"Like\" data-unlike=\"Unlike\"><i class=\"fa fa-thumbs-o-up\"\/><span class=\"penci-share-number\">0<\/span><\/a><i class=\"fa fa-facebook\"\/><a class=\"penci-social-item twitter\" target=\"_blank\" rel=\"noopener\" title=\"\" href=\"https:\/\/twitter.com\/intent\/tweet?text=Ricardo%20Silva%20reassumiu%20prefeitura%20nesta%20segunda%20-%20https:\/\/www.tribunaribeirao.com.br\/ricardo-silva-reassumiu-prefeitura-nesta-segunda\/\"><i class=\"fa fa-twitter\"\/><\/a><i class=\"fa fa-linkedin\"\/><i class=\"fa fa-whatsapp\"\/><i class=\"fa fa-telegram\"\/><i class=\"fa fa-envelope\"\/><\/span>\t\t\t\t\t\t\t<\/div>\n<div>\n<p>O prefeito de Ribeir\u00e3o Preto, Ricardo Silva (PSD) reassumiu o cargo na manh\u00e3 desta segunda-feira, 16 de junho. Ele tinha se afastado do cargo na quinta-feira, 12 de junho, para integrar uma delega\u00e7\u00e3o que, durante seis dias \u2013 de 12 a17 de junho -, realizaria interc\u00e2mbio com Israel. O vice-governador Fel\u00edcio Ramuht (PSD) chefiava a comitiva. Tamb\u00e9m participavam da viagem prefeitos de outras cidades, como S\u00e3o Jos\u00e9 dos Campos. Campos do Jord\u00e3o e Barretos.<\/p>\n<p>Entretanto, na sexta-feira (13), durante escala do voo em Paris, na Fran\u00e7a, eles foram informados que n\u00e3o poderiam prosseguir a viagem porque Israel havia declarado emerg\u00eancia e fechado o espa\u00e7o a\u00e9reo temendo repres\u00e1lia do Ir\u00e3 que foi bombardeado por Israel.<br \/>Por conta do conflito armado parte da comitiva que estava em Paris, retornou ao Brasil J\u00e1 outros prefeitos que j\u00e1 estavam em Israel ainda n\u00e3o conseguiram retornar. Ricardo Silva chegou ao Brasil na noite de s\u00e1bado e em Ribeir\u00e3o Preto no domingo, 15 de junho.<\/p>\n<p>Com o retorno de Ricardo Silva, antes do previsto, o vice-prefeito Alessandro Maraca (MDB), que assumiu interinamente o cargo, teve seu curto mandato de seis dias, reduzido. Um of\u00edcio comunicando a C\u00e2mara Municipal sobre o retorno do prefeito ao cargo foi protocolado nesta segunda-feira.<\/p>\n<\/div>\n<p><script async src=\"\/\/platform.twitter.com\/widgets.js\" charset=\"utf-8\"><\/script><br \/>\n<br \/><br \/>\n<br \/><a href=\"https:\/\/www.tribunaribeirao.com.br\/ricardo-silva-reassumiu-prefeitura-nesta-segunda\/\">Source link <\/a><\/p>\n<!-- CONTENT END 1 -->\n","protected":false},"excerpt":{"rendered":"<p>16 de junho de 2025 14:531 Compartilhar0 O prefeito de Ribeir\u00e3o Preto, Ricardo Silva (PSD) reassumiu o cargo na manh\u00e3 desta segunda-feira, 16 de junho&#8230;.<\/p>\n","protected":false},"author":1,"featured_media":72365,"comment_status":"open","ping_status":"open","sticky":false,"template":"","format":"standard","meta":{"advanced_seo_description":"","jetpack_seo_html_title":"","jetpack_seo_noindex":false,"jetpack_post_was_ever_published":false,"_jetpack_newsletter_access":"","_jetpack_dont_email_post_to_subs":false,"_jetpack_newsletter_tier_id":0,"_jetpack_memberships_contains_paywalled_content":false,"_jetpack_memberships_contains_paid_content":false,"footnotes":"","jetpack_publicize_message":"","jetpack_publicize_feature_enabled":true,"jetpack_social_post_already_shared":true,"jetpack_social_options":{"image_generator_settings":{"template":"highway","default_image_id":0,"font":"","enabled":false},"version":2}},"categories":[11],"tags":[],"class_list":["post-72364","post","type-post","status-publish","format-standard","has-post-thumbnail","hentry","category-noticias-de-ribeirao-preto-sp-e-regiao-ismael-colosi"],"jetpack_publicize_connections":[],"jetpack_featured_media_url":"https:\/\/i0.wp.com\/noticiasribeiraopreto.com.br\/wp-content\/uploads\/2025\/06\/Comam-Alfredo-Risk-scaled.jpg?fit=800%2C455&ssl=1","jetpack-related-posts":[{"id":71818,"url":"https:\/\/noticiasribeiraopreto.com.br\/index.php\/2025\/06\/10\/ricardo-silva-vai-para-israel-nesta-quinta\/","url_meta":{"origin":72364,"position":0},"title":"Ricardo Silva vai para Israel nesta quinta","author":"noticiasribeiraopreto.com.br","date":"10 de June de 2025","format":false,"excerpt":"10 de junho de 2025 14:410 Compartilhar0 O prefeito de Ribeir\u00e3o Preto, Ricardo Silva (PSD) viaja para Israel, nesta quinta-feira, 12 de junho. Ele vai integrar uma delega\u00e7\u00e3o de prefeitos do Estado de S\u00e3o Paulo que, durante seis dias, realizar\u00e1 interc\u00e2mbio com aquele pa\u00eds. O vice-governador Fel\u00edcio Ramuht (PSD) chefiar\u00e1\u2026","rel":"","context":"In &quot;Not\u00edcias de Ribeir\u00e3o Preto-SP e Regi\u00e3o&quot;","block_context":{"text":"Not\u00edcias de Ribeir\u00e3o Preto-SP e Regi\u00e3o","link":"https:\/\/noticiasribeiraopreto.com.br\/index.php\/category\/noticias-de-ribeirao-preto-sp-e-regiao-ismael-colosi\/"},"img":{"alt_text":"","src":"https:\/\/i0.wp.com\/noticiasribeiraopreto.com.br\/wp-content\/uploads\/2025\/06\/Nogueira-Sil-Alfredo-Risk-scaled.jpg?fit=800%2C455&ssl=1&resize=350%2C200","width":350,"height":200,"srcset":"https:\/\/i0.wp.com\/noticiasribeiraopreto.com.br\/wp-content\/uploads\/2025\/06\/Nogueira-Sil-Alfredo-Risk-scaled.jpg?fit=800%2C455&ssl=1&resize=350%2C200 1x, https:\/\/i0.wp.com\/noticiasribeiraopreto.com.br\/wp-content\/uploads\/2025\/06\/Nogueira-Sil-Alfredo-Risk-scaled.jpg?fit=800%2C455&ssl=1&resize=525%2C300 1.5x, https:\/\/i0.wp.com\/noticiasribeiraopreto.com.br\/wp-content\/uploads\/2025\/06\/Nogueira-Sil-Alfredo-Risk-scaled.jpg?fit=800%2C455&ssl=1&resize=700%2C400 2x"},"classes":[]},{"id":59100,"url":"https:\/\/noticiasribeiraopreto.com.br\/index.php\/2024\/10\/14\/ao-vivo-acidade-on-ribeirao-entrevista-ricardo-silva-nesta-segunda-feira\/","url_meta":{"origin":72364,"position":1},"title":"AO VIVO: acidade on Ribeir\u00e3o entrevista Ricardo Silva nesta segunda-feira","author":"noticiasribeiraopreto.com.br","date":"14 de October de 2024","format":false,"excerpt":"O acidade on Ribeir\u00e3o entrevista o candidato Ricardo Silva (PSD), que est\u00e1 no segundo turno das elei\u00e7\u00f5es 2024 na disputa pela Prefeitura de Ribeir\u00e3o Preto. A sabatina ser\u00e1 transmitida ao vivo no canal no YouTube do acidade on \u2013 veja o player acima \u2013 ap\u00f3s a participa\u00e7\u00e3o do candidato no\u2026","rel":"","context":"In &quot;Not\u00edcias de Ribeir\u00e3o Preto-SP e Regi\u00e3o&quot;","block_context":{"text":"Not\u00edcias de Ribeir\u00e3o Preto-SP e Regi\u00e3o","link":"https:\/\/noticiasribeiraopreto.com.br\/index.php\/category\/noticias-de-ribeirao-preto-sp-e-regiao-ismael-colosi\/"},"img":{"alt_text":"","src":"https:\/\/i0.wp.com\/noticiasribeiraopreto.com.br\/wp-content\/uploads\/2024\/09\/ricardo-silva_2024-09-27_14-05-41_jpg_2024-09-27_14-05-41.webp.webp?fit=1200%2C863&ssl=1&resize=350%2C200","width":350,"height":200,"srcset":"https:\/\/i0.wp.com\/noticiasribeiraopreto.com.br\/wp-content\/uploads\/2024\/09\/ricardo-silva_2024-09-27_14-05-41_jpg_2024-09-27_14-05-41.webp.webp?fit=1200%2C863&ssl=1&resize=350%2C200 1x, https:\/\/i0.wp.com\/noticiasribeiraopreto.com.br\/wp-content\/uploads\/2024\/09\/ricardo-silva_2024-09-27_14-05-41_jpg_2024-09-27_14-05-41.webp.webp?fit=1200%2C863&ssl=1&resize=525%2C300 1.5x, https:\/\/i0.wp.com\/noticiasribeiraopreto.com.br\/wp-content\/uploads\/2024\/09\/ricardo-silva_2024-09-27_14-05-41_jpg_2024-09-27_14-05-41.webp.webp?fit=1200%2C863&ssl=1&resize=700%2C400 2x, https:\/\/i0.wp.com\/noticiasribeiraopreto.com.br\/wp-content\/uploads\/2024\/09\/ricardo-silva_2024-09-27_14-05-41_jpg_2024-09-27_14-05-41.webp.webp?fit=1200%2C863&ssl=1&resize=1050%2C600 3x"},"classes":[]},{"id":58103,"url":"https:\/\/noticiasribeiraopreto.com.br\/index.php\/2024\/09\/18\/veja-a-simulacao-do-2o-turno-das-eleicoes-municipais-em-ribeirao-preto\/","url_meta":{"origin":72364,"position":2},"title":"Veja a simula\u00e7\u00e3o do 2\u00ba turno das elei\u00e7\u00f5es municipais em Ribeir\u00e3o Preto","author":"noticiasribeiraopreto.com.br","date":"18 de September de 2024","format":false,"excerpt":"O instituto Quaest e a EPTV divulgaram nesta quarta-feira (18), a segunda pesquisa de inten\u00e7\u00e3o de voto \u00e0 Prefeitura de Ribeir\u00e3o Preto. O levantamento mostra as inten\u00e7\u00f5es de voto em eventual segundo turno nas elei\u00e7\u00f5es de 2024. Conforme a pesquisa, o candidato Ricardo Silva (PSD) venceria Jorge Roque (PT), Andr\u00e9\u2026","rel":"","context":"In &quot;Not\u00edcias de Ribeir\u00e3o Preto-SP e Regi\u00e3o&quot;","block_context":{"text":"Not\u00edcias de Ribeir\u00e3o Preto-SP e Regi\u00e3o","link":"https:\/\/noticiasribeiraopreto.com.br\/index.php\/category\/noticias-de-ribeirao-preto-sp-e-regiao-ismael-colosi\/"},"img":{"alt_text":"","src":"https:\/\/i0.wp.com\/noticiasribeiraopreto.com.br\/wp-content\/uploads\/2024\/09\/1726703165_urnas_ribeirao.jpg?fit=1200%2C717&ssl=1&resize=350%2C200","width":350,"height":200,"srcset":"https:\/\/i0.wp.com\/noticiasribeiraopreto.com.br\/wp-content\/uploads\/2024\/09\/1726703165_urnas_ribeirao.jpg?fit=1200%2C717&ssl=1&resize=350%2C200 1x, https:\/\/i0.wp.com\/noticiasribeiraopreto.com.br\/wp-content\/uploads\/2024\/09\/1726703165_urnas_ribeirao.jpg?fit=1200%2C717&ssl=1&resize=525%2C300 1.5x, https:\/\/i0.wp.com\/noticiasribeiraopreto.com.br\/wp-content\/uploads\/2024\/09\/1726703165_urnas_ribeirao.jpg?fit=1200%2C717&ssl=1&resize=700%2C400 2x, https:\/\/i0.wp.com\/noticiasribeiraopreto.com.br\/wp-content\/uploads\/2024\/09\/1726703165_urnas_ribeirao.jpg?fit=1200%2C717&ssl=1&resize=1050%2C600 3x"},"classes":[]},{"id":58101,"url":"https:\/\/noticiasribeiraopreto.com.br\/index.php\/2024\/09\/18\/veja-quem-ganharia-as-eleicoes-em-eventual-2o-turno-em-ribeirao-preto\/","url_meta":{"origin":72364,"position":3},"title":"Veja quem ganharia as elei\u00e7\u00f5es em eventual 2\u00ba turno em Ribeir\u00e3o Preto","author":"noticiasribeiraopreto.com.br","date":"18 de September de 2024","format":false,"excerpt":"O instituto Quaest e a EPTV divulgaram nesta quarta-feira (18), a segunda pesquisa de inten\u00e7\u00e3o de voto \u00e0 Prefeitura de Ribeir\u00e3o Preto. O levantamento mostra as inten\u00e7\u00f5es de voto em eventual segundo turno nas elei\u00e7\u00f5es de 2024. Conforme a pesquisa, o candidato Ricardo Silva (PSD) venceria Jorge Roque (PT), Andr\u00e9\u2026","rel":"","context":"In &quot;Not\u00edcias de Ribeir\u00e3o Preto-SP e Regi\u00e3o&quot;","block_context":{"text":"Not\u00edcias de Ribeir\u00e3o Preto-SP e Regi\u00e3o","link":"https:\/\/noticiasribeiraopreto.com.br\/index.php\/category\/noticias-de-ribeirao-preto-sp-e-regiao-ismael-colosi\/"},"img":{"alt_text":"","src":"https:\/\/i0.wp.com\/noticiasribeiraopreto.com.br\/wp-content\/uploads\/2024\/09\/urnas_ribeirao.jpg?fit=1200%2C717&ssl=1&resize=350%2C200","width":350,"height":200,"srcset":"https:\/\/i0.wp.com\/noticiasribeiraopreto.com.br\/wp-content\/uploads\/2024\/09\/urnas_ribeirao.jpg?fit=1200%2C717&ssl=1&resize=350%2C200 1x, https:\/\/i0.wp.com\/noticiasribeiraopreto.com.br\/wp-content\/uploads\/2024\/09\/urnas_ribeirao.jpg?fit=1200%2C717&ssl=1&resize=525%2C300 1.5x, https:\/\/i0.wp.com\/noticiasribeiraopreto.com.br\/wp-content\/uploads\/2024\/09\/urnas_ribeirao.jpg?fit=1200%2C717&ssl=1&resize=700%2C400 2x, https:\/\/i0.wp.com\/noticiasribeiraopreto.com.br\/wp-content\/uploads\/2024\/09\/urnas_ribeirao.jpg?fit=1200%2C717&ssl=1&resize=1050%2C600 3x"},"classes":[]},{"id":58445,"url":"https:\/\/noticiasribeiraopreto.com.br\/index.php\/2024\/09\/27\/ricardo-silva-participa-nesta-sexta-da-serie-de-entrevistas-com-candidatos-a-prefeitura-de-ribeirao-preto\/","url_meta":{"origin":72364,"position":4},"title":"Ricardo Silva participa nesta sexta da s\u00e9rie de entrevistas com candidatos \u00e0 Prefeitura de Ribeir\u00e3o Preto","author":"noticiasribeiraopreto.com.br","date":"27 de September de 2024","format":false,"excerpt":"O acidade on Ribeir\u00e3o realiza nesta semana uma s\u00e9rie de entrevistas com os candidatos \u00e0 Prefeitura de Ribeir\u00e3o Preto nas elei\u00e7\u00f5es 2024. Nesta sexta-feira (27) \u00e9 a vez da sabatina do deputado federal Ricardo Silva (PSD) \u2013 veja o player acima. A entrevista, que encerra as transmiss\u00f5es ao vivo, ter\u00e1\u2026","rel":"","context":"In &quot;Not\u00edcias de Ribeir\u00e3o Preto-SP e Regi\u00e3o&quot;","block_context":{"text":"Not\u00edcias de Ribeir\u00e3o Preto-SP e Regi\u00e3o","link":"https:\/\/noticiasribeiraopreto.com.br\/index.php\/category\/noticias-de-ribeirao-preto-sp-e-regiao-ismael-colosi\/"},"img":{"alt_text":"","src":"https:\/\/i0.wp.com\/noticiasribeiraopreto.com.br\/wp-content\/uploads\/2024\/09\/ricardo-silva_2024-09-27_14-05-41_jpg_2024-09-27_14-05-41.webp.webp?fit=1200%2C863&ssl=1&resize=350%2C200","width":350,"height":200,"srcset":"https:\/\/i0.wp.com\/noticiasribeiraopreto.com.br\/wp-content\/uploads\/2024\/09\/ricardo-silva_2024-09-27_14-05-41_jpg_2024-09-27_14-05-41.webp.webp?fit=1200%2C863&ssl=1&resize=350%2C200 1x, https:\/\/i0.wp.com\/noticiasribeiraopreto.com.br\/wp-content\/uploads\/2024\/09\/ricardo-silva_2024-09-27_14-05-41_jpg_2024-09-27_14-05-41.webp.webp?fit=1200%2C863&ssl=1&resize=525%2C300 1.5x, https:\/\/i0.wp.com\/noticiasribeiraopreto.com.br\/wp-content\/uploads\/2024\/09\/ricardo-silva_2024-09-27_14-05-41_jpg_2024-09-27_14-05-41.webp.webp?fit=1200%2C863&ssl=1&resize=700%2C400 2x, https:\/\/i0.wp.com\/noticiasribeiraopreto.com.br\/wp-content\/uploads\/2024\/09\/ricardo-silva_2024-09-27_14-05-41_jpg_2024-09-27_14-05-41.webp.webp?fit=1200%2C863&ssl=1&resize=1050%2C600 3x"},"classes":[]},{"id":59068,"url":"https:\/\/noticiasribeiraopreto.com.br\/index.php\/2024\/10\/13\/confira-a-agenda-dos-candidatos-a-prefeitura-de-ribeirao-preto-nesta-segunda-feira-14\/","url_meta":{"origin":72364,"position":5},"title":"Confira a agenda dos candidatos \u00e0 Prefeitura de Ribeir\u00e3o Preto nesta segunda-feira (14)","author":"noticiasribeiraopreto.com.br","date":"13 de October de 2024","format":false,"excerpt":"Os candidatos \u00e0\u00a0Prefeitura de Ribeir\u00e3o Preto\u00a0divulgaram suas agendas de campanha para esta segunda-feira (14). O per\u00edodo de propaganda eleitoral, para o segundo turno, come\u00e7ou no dia 7 de outubro, portanto,\u00a0candidatos podem apresentar \u00e0s eleitoras e aos eleitores suas ideias e propostas. A publicidade das candidaturas pode ser feita na internet,\u2026","rel":"","context":"In &quot;Not\u00edcias de Ribeir\u00e3o Preto-SP e Regi\u00e3o&quot;","block_context":{"text":"Not\u00edcias de Ribeir\u00e3o Preto-SP e Regi\u00e3o","link":"https:\/\/noticiasribeiraopreto.com.br\/index.php\/category\/noticias-de-ribeirao-preto-sp-e-regiao-ismael-colosi\/"},"img":{"alt_text":"","src":"https:\/\/i0.wp.com\/noticiasribeiraopreto.com.br\/wp-content\/uploads\/2024\/10\/1728855199_ribeirao-preto-prefeitura.jpg?fit=1200%2C900&ssl=1&resize=350%2C200","width":350,"height":200,"srcset":"https:\/\/i0.wp.com\/noticiasribeiraopreto.com.br\/wp-content\/uploads\/2024\/10\/1728855199_ribeirao-preto-prefeitura.jpg?fit=1200%2C900&ssl=1&resize=350%2C200 1x, https:\/\/i0.wp.com\/noticiasribeiraopreto.com.br\/wp-content\/uploads\/2024\/10\/1728855199_ribeirao-preto-prefeitura.jpg?fit=1200%2C900&ssl=1&resize=525%2C300 1.5x, https:\/\/i0.wp.com\/noticiasribeiraopreto.com.br\/wp-content\/uploads\/2024\/10\/1728855199_ribeirao-preto-prefeitura.jpg?fit=1200%2C900&ssl=1&resize=700%2C400 2x, https:\/\/i0.wp.com\/noticiasribeiraopreto.com.br\/wp-content\/uploads\/2024\/10\/1728855199_ribeirao-preto-prefeitura.jpg?fit=1200%2C900&ssl=1&resize=1050%2C600 3x"},"classes":[]}],"jetpack_sharing_enabled":true,"jetpack_shortlink":"https:\/\/wp.me\/peQAOb-iPa","_links":{"self":[{"href":"https:\/\/noticiasribeiraopreto.com.br\/index.php\/wp-json\/wp\/v2\/posts\/72364","targetHints":{"allow":["GET"]}}],"collection":[{"href":"https:\/\/noticiasribeiraopreto.com.br\/index.php\/wp-json\/wp\/v2\/posts"}],"about":[{"href":"https:\/\/noticiasribeiraopreto.com.br\/index.php\/wp-json\/wp\/v2\/types\/post"}],"author":[{"embeddable":true,"href":"https:\/\/noticiasribeiraopreto.com.br\/index.php\/wp-json\/wp\/v2\/users\/1"}],"replies":[{"embeddable":true,"href":"https:\/\/noticiasribeiraopreto.com.br\/index.php\/wp-json\/wp\/v2\/comments?post=72364"}],"version-history":[{"count":0,"href":"https:\/\/noticiasribeiraopreto.com.br\/index.php\/wp-json\/wp\/v2\/posts\/72364\/revisions"}],"wp:featuredmedia":[{"embeddable":true,"href":"https:\/\/noticiasribeiraopreto.com.br\/index.php\/wp-json\/wp\/v2\/media\/72365"}],"wp:attachment":[{"href":"https:\/\/noticiasribeiraopreto.com.br\/index.php\/wp-json\/wp\/v2\/media?parent=72364"}],"wp:term":[{"taxonomy":"category","embeddable":true,"href":"https:\/\/noticiasribeiraopreto.com.br\/index.php\/wp-json\/wp\/v2\/categories?post=72364"},{"taxonomy":"post_tag","embeddable":true,"href":"https:\/\/noticiasribeiraopreto.com.br\/index.php\/wp-json\/wp\/v2\/tags?post=72364"}],"curies":[{"name":"wp","href":"https:\/\/api.w.org\/{rel}","templated":true}]}}