{"id":72368,"date":"2025-06-16T16:08:27","date_gmt":"2025-06-16T19:08:27","guid":{"rendered":"https:\/\/noticiasribeiraopreto.com.br\/index.php\/2025\/06\/16\/morre-homem-que-matou-mae-de-91-anos-na-regiao\/"},"modified":"2025-06-16T16:08:27","modified_gmt":"2025-06-16T19:08:27","slug":"morre-homem-que-matou-mae-de-91-anos-na-regiao","status":"publish","type":"post","link":"https:\/\/noticiasribeiraopreto.com.br\/index.php\/2025\/06\/16\/morre-homem-que-matou-mae-de-91-anos-na-regiao\/","title":{"rendered":"Morre homem que matou m\u00e3e de 91 anos na regi\u00e3o"},"content":{"rendered":"<div class='code-block code-block-1' style='margin: 8px 0 8px auto; text-align: right; display: block; clear: both;'>\n<p><a href=\"https:\/\/wa.link\/vpicfd\"><img data-recalc-dims=\"1\" class=\"wp-image-4922\" style=\"aspect-ratio: 2.0253164556962027; width: 561px; height: auto;\" src=\"https:\/\/i0.wp.com\/ismaelcolosi.com.br\/wp-content\/uploads\/2023\/11\/grupo-de-empregos-whatsapp-e-facebook-ismael-colosi-vagas.jpg?ssl=1\" alt=\"\" \/><\/a><\/p>\n<!-- \/wp:image -->\n<\/div>\n<p> <br \/>\n<\/p>\n<div id=\"\">\n<h2 class=\"penci-post-subtitle\">Ele estava preso em uma unidade prisional quando sofreu mal s\u00fabito<\/h2>\n<p>\n\t\t\t\t\t\t\t\t\t<span class=\"entry-meta-item penci-posted-on\"><i class=\"fa fa-clock-o\"\/><time class=\"entry-date published\" datetime=\"2025-06-16T16:02:55-03:00\">16 de junho de 2025 16:02<\/time><time class=\"updated\" datetime=\"2025-06-16T16:05:36-03:00\">16 de junho de 2025 16:05<\/time><\/span><span class=\"entry-meta-item penci-post-countview\"><span class=\"entry-meta-item penci-post-countview penci_post-meta_item\"><i class=\"fa fa-eye\"\/><span class=\"penci-post-countview-number penci-post-countview-p428891\">5<\/span><\/span><\/span>\t\t\t\t\t\t\t\t<\/p>\n<p><!-- .entry-meta --><br \/>\n\t\t\t\t\t\t\t\t<span class=\"penci-social-buttons penci-social-share-footer\"><span class=\"penci-social-share-text\">Compartilhar<\/span><a href=\"#\" class=\"penci-post-like penci_post-meta_item  single-like-button penci-social-item like\" data-post_id=\"428891\" title=\"Like\" data-like=\"Like\" data-unlike=\"Unlike\"><i class=\"fa fa-thumbs-o-up\"\/><span class=\"penci-share-number\">1<\/span><\/a><i class=\"fa fa-facebook\"\/><a class=\"penci-social-item twitter\" target=\"_blank\" rel=\"noopener\" title=\"\" href=\"https:\/\/twitter.com\/intent\/tweet?text=Morre%20homem%20que%20matou%20m\u00e3e%20de%2091%20anos%20na%20regi\u00e3o%20-%20https:\/\/www.tribunaribeirao.com.br\/morre-homem-que-matou-mae-de-91-anos-na-regiao\/\"><i class=\"fa fa-twitter\"\/><\/a><i class=\"fa fa-linkedin\"\/><i class=\"fa fa-whatsapp\"\/><i class=\"fa fa-telegram\"\/><i class=\"fa fa-envelope\"\/><\/span>\t\t\t\t\t\t\t<\/div>\n<div>\n<p>Por: Adalberto Luque<\/p>\n<p>Morreu neste domingo (15) o homem que teria matado a pr\u00f3pria m\u00e3e, de 91 anos, com golpes de machadinha e barra de ferro em Mat\u00e3o. Walter Ribeiro dos Santos tinha 67 anos e estava preso desde o dia em que ocorreu o matric\u00eddio, no dia 9 de junho de 2025.<\/p>\n<p>Santos foi preso em flagrante ap\u00f3s agredir a m\u00e3e, que chegou a ser socorrida, mas n\u00e3o resistiu aos ferimentos. Ele passou por exame de corpo de delito e foi encaminhado para a Cadeia P\u00fablica de Santa Ernestina, distante 90 km de Ribeir\u00e3o Preto, na regi\u00e3o de Araraquara.<\/p>\n<figure id=\"attachment_428159\" aria-describedby=\"caption-attachment-428159\" style=\"width: 800px\" class=\"wp-caption alignnone\"><img data-recalc-dims=\"1\" loading=\"lazy\" decoding=\"async\" class=\"size-full wp-image-428159 lazyload\" src=\"https:\/\/i0.wp.com\/www.tribunaribeirao.com.br\/wp-content\/uploads\/2025\/06\/09-jun-2025-maemortamatao02-scaled.jpg?resize=800%2C450&#038;ssl=1\" alt=\"\" width=\"800\" height=\"450\" srcset=\"https:\/\/www.tribunaribeirao.com.br\/wp-content\/uploads\/2025\/06\/09-jun-2025-maemortamatao02-scaled.jpg 800w, https:\/\/www.tribunaribeirao.com.br\/wp-content\/uploads\/2025\/06\/09-jun-2025-maemortamatao02-300x169.jpg 300w, https:\/\/www.tribunaribeirao.com.br\/wp-content\/uploads\/2025\/06\/09-jun-2025-maemortamatao02-1024x576.jpg 1024w, https:\/\/www.tribunaribeirao.com.br\/wp-content\/uploads\/2025\/06\/09-jun-2025-maemortamatao02-768x432.jpg 768w, https:\/\/www.tribunaribeirao.com.br\/wp-content\/uploads\/2025\/06\/09-jun-2025-maemortamatao02-1536x864.jpg 1536w, https:\/\/www.tribunaribeirao.com.br\/wp-content\/uploads\/2025\/06\/09-jun-2025-maemortamatao02-960x540.jpg 960w, https:\/\/www.tribunaribeirao.com.br\/wp-content\/uploads\/2025\/06\/09-jun-2025-maemortamatao02-711x400.jpg 711w, https:\/\/www.tribunaribeirao.com.br\/wp-content\/uploads\/2025\/06\/09-jun-2025-maemortamatao02-585x329.jpg 585w\" data-sizes=\"(max-width: 800px) 100vw, 800px\" style=\"--smush-placeholder-width: 800px; --smush-placeholder-aspect-ratio: 800\/450;\"\/><figcaption id=\"caption-attachment-428159\" class=\"wp-caption-text\">Santos foi preso na casa e acabou morrendo ap\u00f3s mal s\u00fabito sofrido na cadeia (Foto: Maury J\u00fanior\/Mat\u00e3o Urgente)<\/figcaption><\/figure>\n<p>Neste domingo ele teria sofrido um mal s\u00fabito. O homem chegou a ser levado para um hospital em Taquaritinga, mas n\u00e3o resistiu e morreu. Ele seria sepultado em Mat\u00e3o, no final da tarde desta segunda-feira (16).<\/p>\n<p><strong>O crime<\/strong><\/p>\n<p>A Pol\u00edcia Militar foi acionada ap\u00f3s vizinhos ouvirem gritos e sons estranhos, na noite de 8 de junho. Quando os policiais chegaram, encontraram Deodata de Almeida Santos, 91 anos, ca\u00edda no ch\u00e3o da sala de um im\u00f3vel, localizado na avenida 7 de Setembro, Bairro Alto, em Mat\u00e3o, a 100 km de Ribeir\u00e3o Preto.<\/p>\n<p>Deodata chegou a ser socorrida, mas n\u00e3o resistiu \u00e0 gravidade dos ferimentos. Santos estava na casa e n\u00e3o ofereceu resist\u00eancia em sua pris\u00e3o. O crime chocou a cidade de Mat\u00e3o.<\/p>\n<figure id=\"attachment_428160\" aria-describedby=\"caption-attachment-428160\" style=\"width: 300px\" class=\"wp-caption alignnone\"><img data-recalc-dims=\"1\" loading=\"lazy\" decoding=\"async\" class=\"size-full wp-image-428160 lazyload\" src=\"https:\/\/i0.wp.com\/www.tribunaribeirao.com.br\/wp-content\/uploads\/2025\/06\/09-jun-2025-maemortamatao03.jpg?resize=300%2C324&#038;ssl=1\" alt=\"\" width=\"300\" height=\"324\" srcset=\"https:\/\/www.tribunaribeirao.com.br\/wp-content\/uploads\/2025\/06\/09-jun-2025-maemortamatao03.jpg 300w, https:\/\/www.tribunaribeirao.com.br\/wp-content\/uploads\/2025\/06\/09-jun-2025-maemortamatao03-278x300.jpg 278w\" data-sizes=\"(max-width: 300px) 100vw, 300px\" style=\"--smush-placeholder-width: 300px; --smush-placeholder-aspect-ratio: 300\/324;\"\/><figcaption id=\"caption-attachment-428160\" class=\"wp-caption-text\">Morte da idosa de 91 anos chocou a cidade de Mat\u00e3o (Foto: Redes Sociais)<\/figcaption><\/figure>\n<p>\u00a0<\/p>\n<p>_____<\/p>\n<p>\u00a0<\/p>\n<p>Jornal Tribuna Ribeir\u00e3o<br \/>Um Jornal com a cara de Ribeir\u00e3o!<\/p>\n<p>Impresso | WEB | Redes sociais<br \/>Tribuna Ribeir\u00e3o \u2013 Fone: (16) 3632-2200 \u2013 Whatsapp: (16) 98161-8743<br \/>Av. Bar\u00e3o do Bananal, 880 \u2013 Jardim Anhanguera, Ribeir\u00e3o Preto<\/p>\n<p>@tribunaribeirao<br \/>@meiaderibeirao<br \/>@dinoderibeirao<br \/>#TribunaRibeir\u00e3o<br \/>#News<br \/>#Not\u00edcia<br \/>#Ribeir\u00e3oPreto #Not\u00edciasDeRibeir\u00e3oPreto<br \/>#ClassificadosTribunaRibeir\u00e3o<br \/>#Jornalismo<br \/>#ClassificadosRibeir\u00e3o<\/p>\n<\/div>\n<p><script async src=\"\/\/platform.twitter.com\/widgets.js\" charset=\"utf-8\"><\/script><br \/>\n<br \/><br \/>\n<br \/><a href=\"https:\/\/www.tribunaribeirao.com.br\/morre-homem-que-matou-mae-de-91-anos-na-regiao\/\">Source link <\/a><\/p>\n<!-- CONTENT END 1 -->\n","protected":false},"excerpt":{"rendered":"<p>Ele estava preso em uma unidade prisional quando sofreu mal s\u00fabito 16 de junho de 2025 16:0216 de junho de 2025 16:055 Compartilhar1 Por: Adalberto&#8230;<\/p>\n","protected":false},"author":1,"featured_media":72369,"comment_status":"open","ping_status":"open","sticky":false,"template":"","format":"standard","meta":{"advanced_seo_description":"","jetpack_seo_html_title":"","jetpack_seo_noindex":false,"jetpack_post_was_ever_published":false,"_jetpack_newsletter_access":"","_jetpack_dont_email_post_to_subs":false,"_jetpack_newsletter_tier_id":0,"_jetpack_memberships_contains_paywalled_content":false,"_jetpack_memberships_contains_paid_content":false,"footnotes":"","jetpack_publicize_message":"","jetpack_publicize_feature_enabled":true,"jetpack_social_post_already_shared":true,"jetpack_social_options":{"image_generator_settings":{"template":"highway","default_image_id":0,"font":"","enabled":false},"version":2}},"categories":[11],"tags":[],"class_list":["post-72368","post","type-post","status-publish","format-standard","has-post-thumbnail","hentry","category-noticias-de-ribeirao-preto-sp-e-regiao-ismael-colosi"],"jetpack_publicize_connections":[],"jetpack_featured_media_url":"https:\/\/i0.wp.com\/noticiasribeiraopreto.com.br\/wp-content\/uploads\/2025\/06\/09-jun-2025-maemortamatao01.jpg?fit=667%2C500&ssl=1","jetpack-related-posts":[{"id":52116,"url":"https:\/\/noticiasribeiraopreto.com.br\/index.php\/2024\/06\/04\/aniversario-de-ribeirao-preto-e-feriado-data-e-comemorada-no-dia-19-de-junho\/","url_meta":{"origin":72368,"position":0},"title":"Anivers\u00e1rio de Ribeir\u00e3o Preto \u00e9 feriado? Data \u00e9 comemorada no dia 19 de junho","author":"noticiasribeiraopreto.com.br","date":"4 de June de 2024","format":false,"excerpt":"O anivers\u00e1rio de 168 anos de Ribeir\u00e3o Preto \u00e9 comemorado no pr\u00f3ximo dia 19 de junho e j\u00e1 foi divulgada uma programa\u00e7\u00e3o especial para a celebra\u00e7\u00e3o. Mas, afinal, o dia do anivers\u00e1rio de Ribeir\u00e3o \u00e9 considerado feriado? Sim, a data \u00e9 feriado municipal, que foi institu\u00eddo por meio de legisla\u00e7\u00e3o\u2026","rel":"","context":"In &quot;Not\u00edcias de Ribeir\u00e3o Preto-SP e Regi\u00e3o&quot;","block_context":{"text":"Not\u00edcias de Ribeir\u00e3o Preto-SP e Regi\u00e3o","link":"https:\/\/noticiasribeiraopreto.com.br\/index.php\/category\/noticias-de-ribeirao-preto-sp-e-regiao-ismael-colosi\/"},"img":{"alt_text":"","src":"https:\/\/i0.wp.com\/noticiasribeiraopreto.com.br\/wp-content\/uploads\/2024\/06\/totem_eu_amo_ribeirao_-_foto_fernando_gonzaga_2_2024-06-04_11-49-25_jpeg_2024-06-04_11-49-25.webp.webp?fit=1200%2C800&ssl=1&resize=350%2C200","width":350,"height":200,"srcset":"https:\/\/i0.wp.com\/noticiasribeiraopreto.com.br\/wp-content\/uploads\/2024\/06\/totem_eu_amo_ribeirao_-_foto_fernando_gonzaga_2_2024-06-04_11-49-25_jpeg_2024-06-04_11-49-25.webp.webp?fit=1200%2C800&ssl=1&resize=350%2C200 1x, https:\/\/i0.wp.com\/noticiasribeiraopreto.com.br\/wp-content\/uploads\/2024\/06\/totem_eu_amo_ribeirao_-_foto_fernando_gonzaga_2_2024-06-04_11-49-25_jpeg_2024-06-04_11-49-25.webp.webp?fit=1200%2C800&ssl=1&resize=525%2C300 1.5x, https:\/\/i0.wp.com\/noticiasribeiraopreto.com.br\/wp-content\/uploads\/2024\/06\/totem_eu_amo_ribeirao_-_foto_fernando_gonzaga_2_2024-06-04_11-49-25_jpeg_2024-06-04_11-49-25.webp.webp?fit=1200%2C800&ssl=1&resize=700%2C400 2x, https:\/\/i0.wp.com\/noticiasribeiraopreto.com.br\/wp-content\/uploads\/2024\/06\/totem_eu_amo_ribeirao_-_foto_fernando_gonzaga_2_2024-06-04_11-49-25_jpeg_2024-06-04_11-49-25.webp.webp?fit=1200%2C800&ssl=1&resize=1050%2C600 3x"},"classes":[]},{"id":71224,"url":"https:\/\/noticiasribeiraopreto.com.br\/index.php\/2025\/06\/03\/usp-publica-novos-editais-de-concurso-publico-confira-as-vagas\/","url_meta":{"origin":72368,"position":1},"title":"USP publica novos editais de concurso p\u00fablico; confira as vagas","author":"noticiasribeiraopreto.com.br","date":"3 de June de 2025","format":false,"excerpt":"A USP (Universidade de S\u00e3o Paulo) publicou os editais dos concursos p\u00fablicos para o preenchimento de vagas em diversas fun\u00e7\u00f5es t\u00e9cnico-administrativas. As oportunidades s\u00e3o para atua\u00e7\u00e3o nas Unidades de Ensino ou \u00d3rg\u00e3os de Administra\u00e7\u00e3o da USP, localizados na capital e no interior do estado. Os concursos oferecem vagas para os\u2026","rel":"","context":"In &quot;Not\u00edcias de Ribeir\u00e3o Preto-SP e Regi\u00e3o&quot;","block_context":{"text":"Not\u00edcias de Ribeir\u00e3o Preto-SP e Regi\u00e3o","link":"https:\/\/noticiasribeiraopreto.com.br\/index.php\/category\/noticias-de-ribeirao-preto-sp-e-regiao-ismael-colosi\/"},"img":{"alt_text":"","src":"https:\/\/i0.wp.com\/noticiasribeiraopreto.com.br\/wp-content\/uploads\/2024\/07\/Copia-de-Copia-de-TAMANHO-EXATO-PARA-FOTOS-NO-SISTEMA-NOVO-5_2024-07-27_19-14-03_jpg_2024-07-27_19-14-03.webp.webp?fit=1200%2C675&ssl=1&resize=350%2C200","width":350,"height":200,"srcset":"https:\/\/i0.wp.com\/noticiasribeiraopreto.com.br\/wp-content\/uploads\/2024\/07\/Copia-de-Copia-de-TAMANHO-EXATO-PARA-FOTOS-NO-SISTEMA-NOVO-5_2024-07-27_19-14-03_jpg_2024-07-27_19-14-03.webp.webp?fit=1200%2C675&ssl=1&resize=350%2C200 1x, https:\/\/i0.wp.com\/noticiasribeiraopreto.com.br\/wp-content\/uploads\/2024\/07\/Copia-de-Copia-de-TAMANHO-EXATO-PARA-FOTOS-NO-SISTEMA-NOVO-5_2024-07-27_19-14-03_jpg_2024-07-27_19-14-03.webp.webp?fit=1200%2C675&ssl=1&resize=525%2C300 1.5x, https:\/\/i0.wp.com\/noticiasribeiraopreto.com.br\/wp-content\/uploads\/2024\/07\/Copia-de-Copia-de-TAMANHO-EXATO-PARA-FOTOS-NO-SISTEMA-NOVO-5_2024-07-27_19-14-03_jpg_2024-07-27_19-14-03.webp.webp?fit=1200%2C675&ssl=1&resize=700%2C400 2x, https:\/\/i0.wp.com\/noticiasribeiraopreto.com.br\/wp-content\/uploads\/2024\/07\/Copia-de-Copia-de-TAMANHO-EXATO-PARA-FOTOS-NO-SISTEMA-NOVO-5_2024-07-27_19-14-03_jpg_2024-07-27_19-14-03.webp.webp?fit=1200%2C675&ssl=1&resize=1050%2C600 3x"},"classes":[]},{"id":51750,"url":"https:\/\/noticiasribeiraopreto.com.br\/index.php\/2024\/05\/29\/confira-a-programacao-de-eventos-em-comemoracao-ao-aniversario-de-ribeirao-preto\/","url_meta":{"origin":72368,"position":2},"title":"Confira a programa\u00e7\u00e3o de eventos em comemora\u00e7\u00e3o ao anivers\u00e1rio de Ribeir\u00e3o Preto","author":"noticiasribeiraopreto.com.br","date":"29 de May de 2024","format":false,"excerpt":"A Secretaria Municipal da Cultura e Turismo divulgou, nesta quarta-feira (29), a programa\u00e7\u00e3o de alguns dos eventos em comemora\u00e7\u00e3o ao anivers\u00e1rio da cidade. Ribeir\u00e3o Preto completa 168 anos no dia 19 de junho. As atividades comemorativas come\u00e7am, nesta quinta-feira (30), e seguem at\u00e9 o fim de junho, em diversos locais\u2026","rel":"","context":"In &quot;Not\u00edcias de Ribeir\u00e3o Preto-SP e Regi\u00e3o&quot;","block_context":{"text":"Not\u00edcias de Ribeir\u00e3o Preto-SP e Regi\u00e3o","link":"https:\/\/noticiasribeiraopreto.com.br\/index.php\/category\/noticias-de-ribeirao-preto-sp-e-regiao-ismael-colosi\/"},"img":{"alt_text":"","src":"https:\/\/i0.wp.com\/noticiasribeiraopreto.com.br\/wp-content\/uploads\/2024\/05\/Copia-de-Copia-de-TAMANHO-EXATO-PARA-FOTOS-NO-SISTEMA-NOVO-61_2024-05-29_20-36-08_jpg_2024-05-29_20-36-09.webp.webp?fit=1200%2C675&ssl=1&resize=350%2C200","width":350,"height":200,"srcset":"https:\/\/i0.wp.com\/noticiasribeiraopreto.com.br\/wp-content\/uploads\/2024\/05\/Copia-de-Copia-de-TAMANHO-EXATO-PARA-FOTOS-NO-SISTEMA-NOVO-61_2024-05-29_20-36-08_jpg_2024-05-29_20-36-09.webp.webp?fit=1200%2C675&ssl=1&resize=350%2C200 1x, https:\/\/i0.wp.com\/noticiasribeiraopreto.com.br\/wp-content\/uploads\/2024\/05\/Copia-de-Copia-de-TAMANHO-EXATO-PARA-FOTOS-NO-SISTEMA-NOVO-61_2024-05-29_20-36-08_jpg_2024-05-29_20-36-09.webp.webp?fit=1200%2C675&ssl=1&resize=525%2C300 1.5x, https:\/\/i0.wp.com\/noticiasribeiraopreto.com.br\/wp-content\/uploads\/2024\/05\/Copia-de-Copia-de-TAMANHO-EXATO-PARA-FOTOS-NO-SISTEMA-NOVO-61_2024-05-29_20-36-08_jpg_2024-05-29_20-36-09.webp.webp?fit=1200%2C675&ssl=1&resize=700%2C400 2x, https:\/\/i0.wp.com\/noticiasribeiraopreto.com.br\/wp-content\/uploads\/2024\/05\/Copia-de-Copia-de-TAMANHO-EXATO-PARA-FOTOS-NO-SISTEMA-NOVO-61_2024-05-29_20-36-08_jpg_2024-05-29_20-36-09.webp.webp?fit=1200%2C675&ssl=1&resize=1050%2C600 3x"},"classes":[]},{"id":70078,"url":"https:\/\/noticiasribeiraopreto.com.br\/index.php\/2025\/05\/22\/unesp-publica-editais-de-concurso-com-salarios-de-ate-r-155-mil-confira-as-vagas\/","url_meta":{"origin":72368,"position":3},"title":"Unesp p\u00fablica editais de concurso com sal\u00e1rios de at\u00e9 R$ 15,5 mil; Confira as vagas","author":"noticiasribeiraopreto.com.br","date":"22 de May de 2025","format":false,"excerpt":"A Unesp (Universidade Estadual Paulista) publicou sete editais de concurso p\u00fablico de n\u00edvel superior e sal\u00e1rios entre R$ 2,6 mil e R$ 15,5 mil. As oportunidades s\u00e3o para diversos campi no interior de S\u00e3o Paulo. Como se inscrever? As inscri\u00e7\u00f5es devem ser realizadas pela internet, no site da Unesp Concurso\u2026","rel":"","context":"In &quot;Not\u00edcias de Ribeir\u00e3o Preto-SP e Regi\u00e3o&quot;","block_context":{"text":"Not\u00edcias de Ribeir\u00e3o Preto-SP e Regi\u00e3o","link":"https:\/\/noticiasribeiraopreto.com.br\/index.php\/category\/noticias-de-ribeirao-preto-sp-e-regiao-ismael-colosi\/"},"img":{"alt_text":"","src":"https:\/\/i0.wp.com\/noticiasribeiraopreto.com.br\/wp-content\/uploads\/2024\/10\/close-up-woman-filling-application-form_2024-10-02_18-06-48_jpg_2024-10-02_18-06-50-scaled.webp.webp?fit=1200%2C800&ssl=1&resize=350%2C200","width":350,"height":200,"srcset":"https:\/\/i0.wp.com\/noticiasribeiraopreto.com.br\/wp-content\/uploads\/2024\/10\/close-up-woman-filling-application-form_2024-10-02_18-06-48_jpg_2024-10-02_18-06-50-scaled.webp.webp?fit=1200%2C800&ssl=1&resize=350%2C200 1x, https:\/\/i0.wp.com\/noticiasribeiraopreto.com.br\/wp-content\/uploads\/2024\/10\/close-up-woman-filling-application-form_2024-10-02_18-06-48_jpg_2024-10-02_18-06-50-scaled.webp.webp?fit=1200%2C800&ssl=1&resize=525%2C300 1.5x, https:\/\/i0.wp.com\/noticiasribeiraopreto.com.br\/wp-content\/uploads\/2024\/10\/close-up-woman-filling-application-form_2024-10-02_18-06-48_jpg_2024-10-02_18-06-50-scaled.webp.webp?fit=1200%2C800&ssl=1&resize=700%2C400 2x, https:\/\/i0.wp.com\/noticiasribeiraopreto.com.br\/wp-content\/uploads\/2024\/10\/close-up-woman-filling-application-form_2024-10-02_18-06-48_jpg_2024-10-02_18-06-50-scaled.webp.webp?fit=1200%2C800&ssl=1&resize=1050%2C600 3x"},"classes":[]},{"id":51941,"url":"https:\/\/noticiasribeiraopreto.com.br\/index.php\/2024\/06\/01\/franca-vence-flamengo-no-primeiro-jogo-das-finais-do-nbb\/","url_meta":{"origin":72368,"position":4},"title":"Franca vence Flamengo no primeiro jogo das finais do NBB","author":"noticiasribeiraopreto.com.br","date":"1 de June de 2024","format":false,"excerpt":"O Franca derrotou o Flamengo por 69 a 56 no primeiro confronto pelas finais do NBB (Novo Basquete Brasil), em disputa realizada neste s\u00e1bado (1\u00ba), no Maracan\u00e3zinho. Lucas Dias foi o destaque da partida pelo Franca e terminou como cestinha, com 16 pontos. J\u00e1 pelo lado do advers\u00e1rio, Gabriel Ja\u00fa\u2026","rel":"","context":"In &quot;Not\u00edcias de Ribeir\u00e3o Preto-SP e Regi\u00e3o&quot;","block_context":{"text":"Not\u00edcias de Ribeir\u00e3o Preto-SP e Regi\u00e3o","link":"https:\/\/noticiasribeiraopreto.com.br\/index.php\/category\/noticias-de-ribeirao-preto-sp-e-regiao-ismael-colosi\/"},"img":{"alt_text":"","src":"https:\/\/i0.wp.com\/noticiasribeiraopreto.com.br\/wp-content\/uploads\/2024\/06\/53762301339_bb4d8a2fcc_o_2024-06-01_17-19-37_jpg_2024-06-01_17-19-40-scaled.webp.webp?fit=1200%2C800&ssl=1&resize=350%2C200","width":350,"height":200,"srcset":"https:\/\/i0.wp.com\/noticiasribeiraopreto.com.br\/wp-content\/uploads\/2024\/06\/53762301339_bb4d8a2fcc_o_2024-06-01_17-19-37_jpg_2024-06-01_17-19-40-scaled.webp.webp?fit=1200%2C800&ssl=1&resize=350%2C200 1x, https:\/\/i0.wp.com\/noticiasribeiraopreto.com.br\/wp-content\/uploads\/2024\/06\/53762301339_bb4d8a2fcc_o_2024-06-01_17-19-37_jpg_2024-06-01_17-19-40-scaled.webp.webp?fit=1200%2C800&ssl=1&resize=525%2C300 1.5x, https:\/\/i0.wp.com\/noticiasribeiraopreto.com.br\/wp-content\/uploads\/2024\/06\/53762301339_bb4d8a2fcc_o_2024-06-01_17-19-37_jpg_2024-06-01_17-19-40-scaled.webp.webp?fit=1200%2C800&ssl=1&resize=700%2C400 2x, https:\/\/i0.wp.com\/noticiasribeiraopreto.com.br\/wp-content\/uploads\/2024\/06\/53762301339_bb4d8a2fcc_o_2024-06-01_17-19-37_jpg_2024-06-01_17-19-40-scaled.webp.webp?fit=1200%2C800&ssl=1&resize=1050%2C600 3x"},"classes":[]},{"id":71459,"url":"https:\/\/noticiasribeiraopreto.com.br\/index.php\/2025\/06\/06\/confessionario-tribuna-ribeirao-26\/","url_meta":{"origin":72368,"position":5},"title":"Confession\u00e1rio &#8211; Tribuna Ribeir\u00e3o","author":"noticiasribeiraopreto.com.br","date":"6 de June de 2025","format":false,"excerpt":"6 de junho de 2025 09:356 de junho de 2025 09:309 Compartilhar0 R\u00e1dio 79\u00a0vira TH+ Prime FM O\u00a0Grupo Thathi de Comunica\u00e7\u00e3o\u00a0lan\u00e7ou nesta quinta-feira, dia 05 de junho em\u00a0Ribeir\u00e3o Preto, a\u00a0TH+ Prime FM 104.7 (antiga 79 AM 590, agora migrada ao FM). A esta\u00e7\u00e3o, que j\u00e1 estava em opera\u00e7\u00e3o em formato\u2026","rel":"","context":"In &quot;Not\u00edcias de Ribeir\u00e3o Preto-SP e Regi\u00e3o&quot;","block_context":{"text":"Not\u00edcias de Ribeir\u00e3o Preto-SP e Regi\u00e3o","link":"https:\/\/noticiasribeiraopreto.com.br\/index.php\/category\/noticias-de-ribeirao-preto-sp-e-regiao-ismael-colosi\/"},"img":{"alt_text":"","src":"https:\/\/i0.wp.com\/noticiasribeiraopreto.com.br\/wp-content\/uploads\/2025\/06\/melhores_microfones_para_estudios_de_radios1-1320x880-1-scaled.jpg?fit=750%2C500&ssl=1&resize=350%2C200","width":350,"height":200,"srcset":"https:\/\/i0.wp.com\/noticiasribeiraopreto.com.br\/wp-content\/uploads\/2025\/06\/melhores_microfones_para_estudios_de_radios1-1320x880-1-scaled.jpg?fit=750%2C500&ssl=1&resize=350%2C200 1x, https:\/\/i0.wp.com\/noticiasribeiraopreto.com.br\/wp-content\/uploads\/2025\/06\/melhores_microfones_para_estudios_de_radios1-1320x880-1-scaled.jpg?fit=750%2C500&ssl=1&resize=525%2C300 1.5x, https:\/\/i0.wp.com\/noticiasribeiraopreto.com.br\/wp-content\/uploads\/2025\/06\/melhores_microfones_para_estudios_de_radios1-1320x880-1-scaled.jpg?fit=750%2C500&ssl=1&resize=700%2C400 2x"},"classes":[]}],"jetpack_sharing_enabled":true,"jetpack_shortlink":"https:\/\/wp.me\/peQAOb-iPe","_links":{"self":[{"href":"https:\/\/noticiasribeiraopreto.com.br\/index.php\/wp-json\/wp\/v2\/posts\/72368","targetHints":{"allow":["GET"]}}],"collection":[{"href":"https:\/\/noticiasribeiraopreto.com.br\/index.php\/wp-json\/wp\/v2\/posts"}],"about":[{"href":"https:\/\/noticiasribeiraopreto.com.br\/index.php\/wp-json\/wp\/v2\/types\/post"}],"author":[{"embeddable":true,"href":"https:\/\/noticiasribeiraopreto.com.br\/index.php\/wp-json\/wp\/v2\/users\/1"}],"replies":[{"embeddable":true,"href":"https:\/\/noticiasribeiraopreto.com.br\/index.php\/wp-json\/wp\/v2\/comments?post=72368"}],"version-history":[{"count":0,"href":"https:\/\/noticiasribeiraopreto.com.br\/index.php\/wp-json\/wp\/v2\/posts\/72368\/revisions"}],"wp:featuredmedia":[{"embeddable":true,"href":"https:\/\/noticiasribeiraopreto.com.br\/index.php\/wp-json\/wp\/v2\/media\/72369"}],"wp:attachment":[{"href":"https:\/\/noticiasribeiraopreto.com.br\/index.php\/wp-json\/wp\/v2\/media?parent=72368"}],"wp:term":[{"taxonomy":"category","embeddable":true,"href":"https:\/\/noticiasribeiraopreto.com.br\/index.php\/wp-json\/wp\/v2\/categories?post=72368"},{"taxonomy":"post_tag","embeddable":true,"href":"https:\/\/noticiasribeiraopreto.com.br\/index.php\/wp-json\/wp\/v2\/tags?post=72368"}],"curies":[{"name":"wp","href":"https:\/\/api.w.org\/{rel}","templated":true}]}}