{"id":72372,"date":"2025-06-16T16:45:54","date_gmt":"2025-06-16T19:45:54","guid":{"rendered":"https:\/\/noticiasribeiraopreto.com.br\/index.php\/2025\/06\/16\/conselho-que-fiscaliza-alimentacao-em-escolas-de-franca-tem-vaga-aberta-para-integrante\/"},"modified":"2025-06-16T16:45:54","modified_gmt":"2025-06-16T19:45:54","slug":"conselho-que-fiscaliza-alimentacao-em-escolas-de-franca-tem-vaga-aberta-para-integrante","status":"publish","type":"post","link":"https:\/\/noticiasribeiraopreto.com.br\/index.php\/2025\/06\/16\/conselho-que-fiscaliza-alimentacao-em-escolas-de-franca-tem-vaga-aberta-para-integrante\/","title":{"rendered":"Conselho que fiscaliza alimenta\u00e7\u00e3o em escolas de Franca tem vaga aberta para integrante"},"content":{"rendered":"<div class='code-block code-block-1' style='margin: 8px 0 8px auto; text-align: right; display: block; clear: both;'>\n<p><a href=\"https:\/\/wa.link\/vpicfd\"><img data-recalc-dims=\"1\" class=\"wp-image-4922\" style=\"aspect-ratio: 2.0253164556962027; width: 561px; height: auto;\" src=\"https:\/\/i0.wp.com\/ismaelcolosi.com.br\/wp-content\/uploads\/2023\/11\/grupo-de-empregos-whatsapp-e-facebook-ismael-colosi-vagas.jpg?ssl=1\" alt=\"\" \/><\/a><\/p>\n<!-- \/wp:image -->\n<\/div>\n<p> <br \/>\n<\/p>\n<div>\n<p>O Conselho Municipal de Alimenta\u00e7\u00e3o Escolar (CAE) de Franca faz divulga\u00e7\u00e3o para que seja eleito representante de pais de alunos para compor o \u00f3rg\u00e3o consultivo e deliberativo. O mandato vai ser de 13 de mar\u00e7o de 2025 a 12 de mar\u00e7o de 2019. O cargo est\u00e1 vago h\u00e1 tr\u00eas meses.<\/p>\n<p>A Assembleia P\u00fablica ser\u00e1 realizada no dia 18 de junho de 2025, \u00e0s 18h, na sede da Secretaria Municipal de Educa\u00e7\u00e3o\/sala dos conselhos (Avenida Francisco de Paula Quintanilha Ribeiro, n\u00b0 550 \u2013 Parque Francal).<\/p>\n<p>Conforme o colegiado, \u00e9 obrigat\u00f3rio a apreenta\u00e7\u00e3o dos documentos como: Comprovante de escolaridade do(a) filho(a); Documento de identifica\u00e7\u00e3o do aluno (R.G. ou Certid\u00e3o de Nascimento), Documento pessoal do respons\u00e1vel.<\/p>\n<p><img data-recalc-dims=\"1\" loading=\"lazy\" decoding=\"async\" class=\"alignnone size-full wp-image-37686\" src=\"https:\/\/i0.wp.com\/www.f3noticias.com.br\/wp-content\/uploads\/2025\/06\/cae_2025_franca-conselho.jpg?resize=567%2C319&#038;ssl=1\" alt=\"\" width=\"567\" height=\"319\" srcset=\"https:\/\/www.f3noticias.com.br\/wp-content\/uploads\/2025\/06\/cae_2025_franca-conselho.jpg 567w, https:\/\/www.f3noticias.com.br\/wp-content\/uploads\/2025\/06\/cae_2025_franca-conselho-300x169.jpg 300w\" sizes=\"auto, (max-width: 567px) 100vw, 567px\"\/><\/p>\n<p>O edital foi assinado pela presidente do CAE, Silvia Helena Paula Flor de Luna. O atual colegiado do Conselho de Alimenta\u00e7\u00e3o Escolar foi nomeado pela portaria n. 184, de 11 de mar\u00e7o de 2025, publicada no Di\u00e1rio Oficial do Munic\u00edpio em 12 de mar\u00e7o de 2025, para o per\u00edodo de 13 de mar\u00e7o de 2025 a 12 de mar\u00e7o de 2029. A diretoria \u00e9 composta pelos seguintes conselheiros: Presidente: Silvia Helena Paula Flor de Luna; Vice Presidente: Danielle Marques de Oliveira; Secret\u00e1rias: Marilaine Xavier Lopes Marques e Cleibe Ribeiro da Silva.<\/p>\n<p>As reuni\u00f5es ordin\u00e1rias acontecem na \u00faltima quinta feira de cada m\u00eas, \u00e0s 19h, na sala dos conselhos\/ 4\u00ba andar, s\u00e3o p\u00fablicas e realizadas presencialmente ou de forma hibrida.<\/p>\n<p>O conselho \u00e9 composto por representantes do poder executivo, de entidades civis, docentes\/discentes, pais dos alunos e outros, com o intuito de fiscalizar a aplica\u00e7\u00e3o do PNAE nas escolas. A dura\u00e7\u00e3o do mandato de cada colegiado \u00e9 de 4 anos e \u00e9 considerado servi\u00e7o p\u00fablico relevante.<\/p>\n<\/p><\/div>\n<p><br \/>\n<br \/><a href=\"https:\/\/www.f3noticias.com.br\/conselho-que-fiscaliza-alimentacao-em-escolas-de-franca-tem-vaga-aberta-para-integrante\/\">Source link <\/a><\/p>\n<!-- CONTENT END 1 -->\n","protected":false},"excerpt":{"rendered":"<p>O Conselho Municipal de Alimenta\u00e7\u00e3o Escolar (CAE) de Franca faz divulga\u00e7\u00e3o para que seja eleito representante de pais de alunos para compor o \u00f3rg\u00e3o consultivo&#8230;<\/p>\n","protected":false},"author":1,"featured_media":72373,"comment_status":"open","ping_status":"open","sticky":false,"template":"","format":"standard","meta":{"advanced_seo_description":"","jetpack_seo_html_title":"","jetpack_seo_noindex":false,"jetpack_post_was_ever_published":false,"_jetpack_newsletter_access":"","_jetpack_dont_email_post_to_subs":false,"_jetpack_newsletter_tier_id":0,"_jetpack_memberships_contains_paywalled_content":false,"_jetpack_memberships_contains_paid_content":false,"footnotes":"","jetpack_publicize_message":"","jetpack_publicize_feature_enabled":true,"jetpack_social_post_already_shared":true,"jetpack_social_options":{"image_generator_settings":{"template":"highway","default_image_id":0,"font":"","enabled":false},"version":2}},"categories":[3597],"tags":[],"class_list":["post-72372","post","type-post","status-publish","format-standard","has-post-thumbnail","hentry","category-noticias-franca-sp"],"jetpack_publicize_connections":[],"jetpack_featured_media_url":"https:\/\/i0.wp.com\/noticiasribeiraopreto.com.br\/wp-content\/uploads\/2025\/06\/merenda_escolar-divulgacao.jpg?fit=898%2C537&ssl=1","jetpack-related-posts":[{"id":65507,"url":"https:\/\/noticiasribeiraopreto.com.br\/index.php\/2025\/03\/20\/assembleia-em-27-3-define-integrantes-para-monitorar-uso-de-mais-de-r-200-milhoes-do-fundeb\/","url_meta":{"origin":72372,"position":0},"title":"Assembleia em 27\/3 define integrantes para monitorar uso de mais de R$ 200 milh\u00f5es do Fundeb","author":"noticiasribeiraopreto.com.br","date":"20 de March de 2025","format":false,"excerpt":"O Conselho de Acompanhamento e Controle Social do Fundeb (Fundo de Manuten\u00e7\u00e3o e Desenvolvimento da Educa\u00e7\u00e3o B\u00e1sica e de Valoriza\u00e7\u00e3o dos Profissionais da Educa\u00e7\u00e3o) est\u00e1 com convoca\u00e7\u00e3o aberta para participa\u00e7\u00e3o de audi\u00eancia p\u00fablica que ser\u00e1 realizada com a finalidade de eleger membros, em substitui\u00e7\u00e3o para compor seu colegiado. Em 2024,\u2026","rel":"","context":"In &quot;Not\u00edcias de Franca-SP&quot;","block_context":{"text":"Not\u00edcias de Franca-SP","link":"https:\/\/noticiasribeiraopreto.com.br\/index.php\/category\/noticias-de-ribeirao-preto-sp-e-regiao-ismael-colosi\/noticias-franca-sp\/"},"img":{"alt_text":"","src":"https:\/\/i0.wp.com\/noticiasribeiraopreto.com.br\/wp-content\/uploads\/2025\/03\/Secretaria-de-educacao.jpg?fit=800%2C529&ssl=1&resize=350%2C200","width":350,"height":200,"srcset":"https:\/\/i0.wp.com\/noticiasribeiraopreto.com.br\/wp-content\/uploads\/2025\/03\/Secretaria-de-educacao.jpg?fit=800%2C529&ssl=1&resize=350%2C200 1x, https:\/\/i0.wp.com\/noticiasribeiraopreto.com.br\/wp-content\/uploads\/2025\/03\/Secretaria-de-educacao.jpg?fit=800%2C529&ssl=1&resize=525%2C300 1.5x, https:\/\/i0.wp.com\/noticiasribeiraopreto.com.br\/wp-content\/uploads\/2025\/03\/Secretaria-de-educacao.jpg?fit=800%2C529&ssl=1&resize=700%2C400 2x"},"classes":[]},{"id":66501,"url":"https:\/\/noticiasribeiraopreto.com.br\/index.php\/2025\/04\/02\/jornal-da-franca-conselho-de-turismo-convoca-reuniao-para-definicao-de-eventos-no-ano-em-rifaina\/","url_meta":{"origin":72372,"position":1},"title":"Jornal da Franca &#8211; Conselho de Turismo convoca reuni\u00e3o para defini\u00e7\u00e3o de eventos no ano em Rifaina","author":"noticiasribeiraopreto.com.br","date":"2 de April de 2025","format":false,"excerpt":"compartilhar no whatsapp compartilhar no telegram compartilhar no facebook compartilhar no linkedin A primeira Edi\u00e7\u00e3o do Viradouro Cultural aconteceu no dia 23 de mar\u00e7o de 2025 no Teatro de Arena da Praia de Rifaina. A primeira Edi\u00e7\u00e3o do Viradouro Cultural aconteceu no dia 23 de mar\u00e7o de 2025 no Teatro\u2026","rel":"","context":"In &quot;Not\u00edcias de Franca-SP&quot;","block_context":{"text":"Not\u00edcias de Franca-SP","link":"https:\/\/noticiasribeiraopreto.com.br\/index.php\/category\/noticias-de-ribeirao-preto-sp-e-regiao-ismael-colosi\/noticias-franca-sp\/"},"img":{"alt_text":"","src":"https:\/\/i0.wp.com\/noticiasribeiraopreto.com.br\/wp-content\/uploads\/2025\/04\/117a1694ef7b4d93926b2286ac33080di.jpg?fit=1200%2C800&ssl=1&resize=350%2C200","width":350,"height":200,"srcset":"https:\/\/i0.wp.com\/noticiasribeiraopreto.com.br\/wp-content\/uploads\/2025\/04\/117a1694ef7b4d93926b2286ac33080di.jpg?fit=1200%2C800&ssl=1&resize=350%2C200 1x, https:\/\/i0.wp.com\/noticiasribeiraopreto.com.br\/wp-content\/uploads\/2025\/04\/117a1694ef7b4d93926b2286ac33080di.jpg?fit=1200%2C800&ssl=1&resize=525%2C300 1.5x, https:\/\/i0.wp.com\/noticiasribeiraopreto.com.br\/wp-content\/uploads\/2025\/04\/117a1694ef7b4d93926b2286ac33080di.jpg?fit=1200%2C800&ssl=1&resize=700%2C400 2x, https:\/\/i0.wp.com\/noticiasribeiraopreto.com.br\/wp-content\/uploads\/2025\/04\/117a1694ef7b4d93926b2286ac33080di.jpg?fit=1200%2C800&ssl=1&resize=1050%2C600 3x"},"classes":[]},{"id":66204,"url":"https:\/\/noticiasribeiraopreto.com.br\/index.php\/2025\/03\/28\/conselho-municipal-de-franca-que-atua-com-politicas-que-envolvem-moradores-de-rua-sofre-alteracao\/","url_meta":{"origin":72372,"position":2},"title":"Conselho municipal de Franca que atua com pol\u00edticas que envolvem moradores de rua sofre altera\u00e7\u00e3o","author":"noticiasribeiraopreto.com.br","date":"28 de March de 2025","format":false,"excerpt":"O Conselho Municipal de Assist\u00eancia Social sofreu altera\u00e7\u00e3o entre seus membros. Portaria n. 204, de 27 de mar\u00e7o de 2025, definiu a nova composi\u00e7\u00e3o do colegiado, que tem atua\u00e7\u00e3o direta para deliberar sobre pol\u00edticas que envolvem, entre diferentes temas, a situa\u00e7\u00e3o dos moradores de rua em Franca. As mudan\u00e7as envolveram\u2026","rel":"","context":"In &quot;Not\u00edcias de Franca-SP&quot;","block_context":{"text":"Not\u00edcias de Franca-SP","link":"https:\/\/noticiasribeiraopreto.com.br\/index.php\/category\/noticias-de-ribeirao-preto-sp-e-regiao-ismael-colosi\/noticias-franca-sp\/"},"img":{"alt_text":"","src":"https:\/\/i0.wp.com\/noticiasribeiraopreto.com.br\/wp-content\/uploads\/2025\/03\/1743215219_logo.png?fit=1200%2C630&ssl=1&resize=350%2C200","width":350,"height":200,"srcset":"https:\/\/i0.wp.com\/noticiasribeiraopreto.com.br\/wp-content\/uploads\/2025\/03\/1743215219_logo.png?fit=1200%2C630&ssl=1&resize=350%2C200 1x, https:\/\/i0.wp.com\/noticiasribeiraopreto.com.br\/wp-content\/uploads\/2025\/03\/1743215219_logo.png?fit=1200%2C630&ssl=1&resize=525%2C300 1.5x, https:\/\/i0.wp.com\/noticiasribeiraopreto.com.br\/wp-content\/uploads\/2025\/03\/1743215219_logo.png?fit=1200%2C630&ssl=1&resize=700%2C400 2x, https:\/\/i0.wp.com\/noticiasribeiraopreto.com.br\/wp-content\/uploads\/2025\/03\/1743215219_logo.png?fit=1200%2C630&ssl=1&resize=1050%2C600 3x"},"classes":[]},{"id":69954,"url":"https:\/\/noticiasribeiraopreto.com.br\/index.php\/2025\/05\/21\/jornal-da-franca-conselho-dos-direitos-das-mulheres-e-reestruturado-veja-quem-formara-o-colegiado\/","url_meta":{"origin":72372,"position":3},"title":"Jornal da Franca &#8211; Conselho dos Direitos das Mulheres \u00e9 reestruturado; veja quem formar\u00e1 o colegiado","author":"noticiasribeiraopreto.com.br","date":"21 de May de 2025","format":false,"excerpt":"compartilhar no whatsapp compartilhar no telegram compartilhar no facebook compartilhar no linkedin Vereadores aprovam projeto que altera denomina\u00e7\u00e3o e regras de funcionamento do conselho A C\u00e2mara Municipal aprovou o Projeto de Lei Ordin\u00e1ria n\u00ba 51\/2025, que reestrutura o Conselho Municipal da Condi\u00e7\u00e3o Feminina de Franca, agora denominado Conselho Municipal dos\u2026","rel":"","context":"In &quot;Not\u00edcias de Franca-SP&quot;","block_context":{"text":"Not\u00edcias de Franca-SP","link":"https:\/\/noticiasribeiraopreto.com.br\/index.php\/category\/noticias-de-ribeirao-preto-sp-e-regiao-ismael-colosi\/noticias-franca-sp\/"},"img":{"alt_text":"","src":"https:\/\/i0.wp.com\/noticiasribeiraopreto.com.br\/wp-content\/uploads\/2025\/05\/logogabinetes-1-1.jpeg?fit=930%2C558&ssl=1&resize=350%2C200","width":350,"height":200,"srcset":"https:\/\/i0.wp.com\/noticiasribeiraopreto.com.br\/wp-content\/uploads\/2025\/05\/logogabinetes-1-1.jpeg?fit=930%2C558&ssl=1&resize=350%2C200 1x, https:\/\/i0.wp.com\/noticiasribeiraopreto.com.br\/wp-content\/uploads\/2025\/05\/logogabinetes-1-1.jpeg?fit=930%2C558&ssl=1&resize=525%2C300 1.5x, https:\/\/i0.wp.com\/noticiasribeiraopreto.com.br\/wp-content\/uploads\/2025\/05\/logogabinetes-1-1.jpeg?fit=930%2C558&ssl=1&resize=700%2C400 2x"},"classes":[]},{"id":71768,"url":"https:\/\/noticiasribeiraopreto.com.br\/index.php\/2025\/06\/10\/jornal-da-franca-bolsa-universidade-franca-divulga-lista-de-contemplados-veja-se-seu-nome-esta-nela\/","url_meta":{"origin":72372,"position":4},"title":"Jornal da Franca &#8211; Bolsa Universidade: Franca divulga lista de contemplados; veja se seu nome est\u00e1 nela","author":"noticiasribeiraopreto.com.br","date":"10 de June de 2025","format":false,"excerpt":"compartilhar no whatsapp compartilhar no telegram compartilhar no facebook compartilhar no linkedin Estudantes devem comparecer \u00e0 Secretaria de Educa\u00e7\u00e3o no dia 13 para garantir benef\u00edcio Estudantes contemplados devem comparecer dia 13, sexta-feira, na Secretaria de Educa\u00e7\u00e3o para garantir benef\u00edcio \u00a0 A Secretaria de Educa\u00e7\u00e3o de Franca publicou no Di\u00e1rio Oficial\u2026","rel":"","context":"In &quot;Not\u00edcias de Franca-SP&quot;","block_context":{"text":"Not\u00edcias de Franca-SP","link":"https:\/\/noticiasribeiraopreto.com.br\/index.php\/category\/noticias-de-ribeirao-preto-sp-e-regiao-ismael-colosi\/noticias-franca-sp\/"},"img":{"alt_text":"","src":"https:\/\/i0.wp.com\/noticiasribeiraopreto.com.br\/wp-content\/uploads\/2025\/06\/Secretaria-de-Educacao-1.jpeg?fit=1200%2C794&ssl=1&resize=350%2C200","width":350,"height":200,"srcset":"https:\/\/i0.wp.com\/noticiasribeiraopreto.com.br\/wp-content\/uploads\/2025\/06\/Secretaria-de-Educacao-1.jpeg?fit=1200%2C794&ssl=1&resize=350%2C200 1x, https:\/\/i0.wp.com\/noticiasribeiraopreto.com.br\/wp-content\/uploads\/2025\/06\/Secretaria-de-Educacao-1.jpeg?fit=1200%2C794&ssl=1&resize=525%2C300 1.5x, https:\/\/i0.wp.com\/noticiasribeiraopreto.com.br\/wp-content\/uploads\/2025\/06\/Secretaria-de-Educacao-1.jpeg?fit=1200%2C794&ssl=1&resize=700%2C400 2x, https:\/\/i0.wp.com\/noticiasribeiraopreto.com.br\/wp-content\/uploads\/2025\/06\/Secretaria-de-Educacao-1.jpeg?fit=1200%2C794&ssl=1&resize=1050%2C600 3x"},"classes":[]},{"id":72362,"url":"https:\/\/noticiasribeiraopreto.com.br\/index.php\/2025\/06\/16\/na-regiao-trabalho-da-promotoria-de-justica-leva-ao-fim-da-evasao-escolar-na-rede-municipal\/","url_meta":{"origin":72372,"position":5},"title":"Na regi\u00e3o, trabalho da Promotoria de Justi\u00e7a leva ao fim da evas\u00e3o escolar na rede municipal","author":"noticiasribeiraopreto.com.br","date":"16 de June de 2025","format":false,"excerpt":"Ap\u00f3s Procedimento Administrativo de Acompanhamento instaurado em 2023 pela Promotoria de Justi\u00e7a de Ipu\u00e3, o Poder Executivo local adotou medidas para sanar a evas\u00e3o escolar no munic\u00edpio. Segundo relat\u00f3rio publicado na \u00faltima ter\u00e7a-feira (10\/6), apenas um caso foi registrado em 2024 e nenhum em 2025. Segundo o documento subscrito pelo\u2026","rel":"","context":"In &quot;Not\u00edcias de Franca-SP&quot;","block_context":{"text":"Not\u00edcias de Franca-SP","link":"https:\/\/noticiasribeiraopreto.com.br\/index.php\/category\/noticias-de-ribeirao-preto-sp-e-regiao-ismael-colosi\/noticias-franca-sp\/"},"img":{"alt_text":"","src":"https:\/\/i0.wp.com\/noticiasribeiraopreto.com.br\/wp-content\/uploads\/2025\/06\/ipua-cidade-1.jpg?fit=700%2C394&ssl=1&resize=350%2C200","width":350,"height":200,"srcset":"https:\/\/i0.wp.com\/noticiasribeiraopreto.com.br\/wp-content\/uploads\/2025\/06\/ipua-cidade-1.jpg?fit=700%2C394&ssl=1&resize=350%2C200 1x, https:\/\/i0.wp.com\/noticiasribeiraopreto.com.br\/wp-content\/uploads\/2025\/06\/ipua-cidade-1.jpg?fit=700%2C394&ssl=1&resize=525%2C300 1.5x, https:\/\/i0.wp.com\/noticiasribeiraopreto.com.br\/wp-content\/uploads\/2025\/06\/ipua-cidade-1.jpg?fit=700%2C394&ssl=1&resize=700%2C400 2x"},"classes":[]}],"jetpack_sharing_enabled":true,"jetpack_shortlink":"https:\/\/wp.me\/peQAOb-iPi","_links":{"self":[{"href":"https:\/\/noticiasribeiraopreto.com.br\/index.php\/wp-json\/wp\/v2\/posts\/72372","targetHints":{"allow":["GET"]}}],"collection":[{"href":"https:\/\/noticiasribeiraopreto.com.br\/index.php\/wp-json\/wp\/v2\/posts"}],"about":[{"href":"https:\/\/noticiasribeiraopreto.com.br\/index.php\/wp-json\/wp\/v2\/types\/post"}],"author":[{"embeddable":true,"href":"https:\/\/noticiasribeiraopreto.com.br\/index.php\/wp-json\/wp\/v2\/users\/1"}],"replies":[{"embeddable":true,"href":"https:\/\/noticiasribeiraopreto.com.br\/index.php\/wp-json\/wp\/v2\/comments?post=72372"}],"version-history":[{"count":0,"href":"https:\/\/noticiasribeiraopreto.com.br\/index.php\/wp-json\/wp\/v2\/posts\/72372\/revisions"}],"wp:featuredmedia":[{"embeddable":true,"href":"https:\/\/noticiasribeiraopreto.com.br\/index.php\/wp-json\/wp\/v2\/media\/72373"}],"wp:attachment":[{"href":"https:\/\/noticiasribeiraopreto.com.br\/index.php\/wp-json\/wp\/v2\/media?parent=72372"}],"wp:term":[{"taxonomy":"category","embeddable":true,"href":"https:\/\/noticiasribeiraopreto.com.br\/index.php\/wp-json\/wp\/v2\/categories?post=72372"},{"taxonomy":"post_tag","embeddable":true,"href":"https:\/\/noticiasribeiraopreto.com.br\/index.php\/wp-json\/wp\/v2\/tags?post=72372"}],"curies":[{"name":"wp","href":"https:\/\/api.w.org\/{rel}","templated":true}]}}