{"id":72374,"date":"2025-06-16T16:48:17","date_gmt":"2025-06-16T19:48:17","guid":{"rendered":"https:\/\/noticiasribeiraopreto.com.br\/index.php\/2025\/06\/16\/frio-intenso-ou-ameno-veja-a-previsao-do-tempo-para-o-inverno-2025\/"},"modified":"2025-06-16T16:48:17","modified_gmt":"2025-06-16T19:48:17","slug":"frio-intenso-ou-ameno-veja-a-previsao-do-tempo-para-o-inverno-2025","status":"publish","type":"post","link":"https:\/\/noticiasribeiraopreto.com.br\/index.php\/2025\/06\/16\/frio-intenso-ou-ameno-veja-a-previsao-do-tempo-para-o-inverno-2025\/","title":{"rendered":"Frio intenso ou ameno? Veja a previs\u00e3o do tempo para o inverno 2025"},"content":{"rendered":"<p> <br \/>\n<\/p>\n<div>\n<p>O outono est\u00e1 na sua reta final. Nesta sexta-feira (20), \u00e0s 23h42 (hor\u00e1rio de Bras\u00edlia), come\u00e7a o <strong>inverno <\/strong>no Brasil. A esta\u00e7\u00e3o, no entanto, deve apresentar <strong>temperaturas m\u00e9dias a mais elevadas<\/strong> em grande parte do Brasil.<\/p>\n<p>De acordo com os especialistas, os maiores <strong>desvios de temperatura<\/strong> est\u00e3o previstos para as regi\u00f5es entre o <strong>Paran\u00e1<\/strong>, <strong>Sudeste <\/strong>e <strong>Centro-Oeste<\/strong>.<\/p>\n<p><mark style=\"background-color:#fcb900\" class=\"has-inline-color\">Existe a possibilidade de <strong>ondas de frio intensas<\/strong> que podem atingir \u00e1reas centrais do pa\u00eds<\/mark>, segundo o meteorologistas Paulo Lombardi, da <strong>Tempo OK<\/strong>, contudo, <strong>esses epis\u00f3dios n\u00e3o devem ser frequentes<\/strong>.<\/p>\n<p>A tend\u00eancia \u00e9 que, especialmente no fim da esta\u00e7\u00e3o, as <strong>temperaturas fiquem acima da m\u00e9dia<\/strong>, influenciadas por uma \u00e1rea de alta press\u00e3o localizada na costa das <strong>regi\u00f5es Sul<\/strong> e <strong>Sudeste<\/strong>.<\/p>\n<h2 class=\"wp-block-heading\"><strong>Temperatura acima ou muito acima da m\u00e9dia<\/strong> <strong>no inverno<\/strong><\/h2>\n<p>No mapa da empresa de meteorologia, \u00e9 poss\u00edvel observar que <strong>a maior parte do Pa\u00eds ser\u00e1 impactada por temperatura acima ou muito acima da m\u00e9dia<\/strong>, incluindo as regi\u00f5es Sul, Sudeste, Centro-Oeste, Nordeste e parte do Norte.<\/p>\n<p>Durante o <strong>inverno<\/strong>, s\u00e3o esperados <strong>dias mais secos<\/strong> principalmente nas regi\u00f5es Sudeste e Centro-Oeste, <mark style=\"background-color:#fcb900\" class=\"has-inline-color\">o que intensifica o alerta para a incid\u00eancia de queimadas e cuidados com a sa\u00fade<\/mark>.<\/p>\n<p>Al\u00e9m disso, tamb\u00e9m s\u00e3o esperadas que <strong>muitas \u00e1reas do Sudeste e do Centro-Oeste<\/strong> possam sentir <strong>fortes ondas de frio<\/strong> que eventualmente avan\u00e7am pelo interior do Pa\u00eds.<\/p>\n<figure class=\"wp-block-pullquote\">\n<blockquote>\n<p>O sul de Minas Gerais, o Estado de S\u00e3o Paulo, o centro-sul de Mato Grosso do Sul s\u00e3o as \u00e1reas mais suscet\u00edveis \u00e0 geada quando ocorre a passagem das fortes massas de ar frio, de origem polar<\/p>\n<p><cite>acrescenta a Climatempo<\/cite><\/p><\/blockquote>\n<\/figure>\n<h3 class=\"wp-block-heading\"><strong>Sem influ\u00eancia do El Ni\u00f1o e da La Ni\u00f1a<\/strong><\/h3>\n<p>Neste ano, de acordo com os especialistas, no hemisf\u00e9rio Sul, <strong>n\u00e3o haver\u00e1 a influ\u00eancia de fen\u00f4menos como El Ni\u00f1o e nem La Ni\u00f1a<\/strong>.<\/p>\n<p>\u201cA temperatura da \u00e1gua do mar na por\u00e7\u00e3o central e leste do Oceano Pac\u00edfico equatorial, na Costa do Peru, deve se manter pr\u00f3xima da m\u00e9dia. De modo geral, o inverno de 2025 tende a ser mais pr\u00f3ximo das condi\u00e7\u00f5es clim\u00e1ticas m\u00e9dias\u201d, diz a Climatempo.<\/p>\n<h2 class=\"wp-block-heading\"><strong>Outono e suas ondas de frio<\/strong><\/h2>\n<p>No fim de maio, a chegada de uma <strong>frente fria<\/strong> seguida por uma <strong>intensa massa de ar polar<\/strong>, que teve deslocamento pelo interior do continente, <strong>derrubou as temperaturas <\/strong>em diversas cidades do Brasil, incluindo o Estado de S\u00e3o Paulo.<\/p>\n<p>Diversas cidades registraram recorde de baixas temperaturas, incluindo a capital paulista, durante a primeira onda de frio do ano. Em <strong>Ribeir\u00e3o Preto<\/strong>, a menor temperatura registrada foi de<strong> 7,7\u00baC<\/strong>, no dia 30 de maio.<\/p>\n<p>Ainda durante o outono, neste m\u00eas de junho, uma segunda onda de frio do ano atingiu o Pa\u00eds e provocou queda de temperaturas novamente.<\/p>\n<p><em>*Com informa\u00e7\u00f5es de <strong>Renata Okumura<\/strong>, da Ag\u00eancia Estado<\/em><\/p>\n<hr class=\"wp-block-separator has-alpha-channel-opacity\"\/>\n<p>SAIBA MAIS<\/p>\n<p>Ribeir\u00e3o Preto recebe s\u00e9rie \u2018Minaz Jazz\u2019 com performance do grupo \u2018Bax\u00f4!\u2019<\/p>\n<h2 class=\"wp-block-heading\"><strong>FIQUE ON<\/strong><\/h2>\n<p>Quer ficar por dentro de tudo que acontece em Ribeir\u00e3o Preto e regi\u00e3o? Ent\u00e3o siga os perfis do\u202facidade on\u202fno\u202f<a href=\"https:\/\/www.instagram.com\/acidadeonribeirao\" target=\"_blank\" rel=\"noreferrer noopener\">Instagram<\/a>\u202fe no\u202f<a href=\"https:\/\/www.facebook.com\/acidadeonribeirao\/\" target=\"_blank\" rel=\"noreferrer noopener\">Facebook<\/a>.<\/p>\n<p>Al\u00e9m disso, voc\u00ea pode receber as principais not\u00edcias diretamente no WhatsApp. Para isso, basta\u00a0<a href=\"https:\/\/chat.whatsapp.com\/BjKQZ9oJwlz8VVT50NuePq\" target=\"_blank\" rel=\"noreferrer noopener\">entrar no grupo clicando aqui<\/a>.<\/p>\n<p>Por fim, se quiser fazer uma den\u00fancia ou sugerir uma reportagem sobre Ribeir\u00e3o Preto e regi\u00e3o, envie uma mensagem pelo WhatsApp: (16) 99117-7802.<\/p>\n<p>VEJA TAMB\u00c9M<\/p>\n<p>Padilha de \u2018A Viagem\u2019 \u00e9 gay?<\/p>\n<p><!-- CONTENT END 1 -->\n<\/div>\n<p><script async src=\"\/\/www.instagram.com\/embed.js\"><\/script><br \/>\n<br \/><br \/>\n<br \/><a href=\"https:\/\/www.acidadeon.com\/ribeiraopreto\/cotidiano\/frio-intenso-ou-ameno-veja-a-previsao-do-tempo-para-o-inverno-2025\/\">Source link <\/a><\/p>\n","protected":false},"excerpt":{"rendered":"<p>O outono est\u00e1 na sua reta final. Nesta sexta-feira (20), \u00e0s 23h42 (hor\u00e1rio de Bras\u00edlia), come\u00e7a o inverno no Brasil. A esta\u00e7\u00e3o, no entanto, deve&#8230;<\/p>\n","protected":false},"author":1,"featured_media":72375,"comment_status":"open","ping_status":"open","sticky":false,"template":"","format":"standard","meta":{"advanced_seo_description":"","jetpack_seo_html_title":"","jetpack_seo_noindex":false,"jetpack_post_was_ever_published":false,"_jetpack_newsletter_access":"","_jetpack_dont_email_post_to_subs":false,"_jetpack_newsletter_tier_id":0,"_jetpack_memberships_contains_paywalled_content":false,"_jetpack_memberships_contains_paid_content":false,"footnotes":"","jetpack_publicize_message":"","jetpack_publicize_feature_enabled":true,"jetpack_social_post_already_shared":true,"jetpack_social_options":{"image_generator_settings":{"template":"highway","default_image_id":0,"font":"","enabled":false},"version":2}},"categories":[11],"tags":[],"class_list":["post-72374","post","type-post","status-publish","format-standard","has-post-thumbnail","hentry","category-noticias-de-ribeirao-preto-sp-e-regiao-ismael-colosi"],"jetpack_publicize_connections":[],"jetpack_featured_media_url":"https:\/\/i0.wp.com\/noticiasribeiraopreto.com.br\/wp-content\/uploads\/2025\/06\/AnyConv.com__frio.webp.webp?fit=1500%2C1000&ssl=1","jetpack-related-posts":[{"id":72787,"url":"https:\/\/noticiasribeiraopreto.com.br\/index.php\/2025\/06\/21\/jornal-da-franca-por-que-o-inverno-de-2025-deve-ser-mais-frio-que-o-de-anos-anteriores\/","url_meta":{"origin":72374,"position":0},"title":"Jornal da Franca &#8211; Por que o inverno de 2025 deve ser mais frio que o de anos anteriores","author":"noticiasribeiraopreto.com.br","date":"21 de June de 2025","format":false,"excerpt":"compartilhar no whatsapp compartilhar no telegram compartilhar no facebook compartilhar no linkedin De acordo dom a Defesa Civil do Estado de S\u00e3o Paulo, o inverno ter\u00e1 neutralidade das condi\u00e7\u00f5es no Oceano Pac\u00edfico, sem a atua\u00e7\u00e3o dos fen\u00f4menos El Ni\u00f1o e La Ni\u00f1a Inverno, que come\u00e7ou na \u00faltima sexta-feira, 20, deve\u2026","rel":"","context":"In &quot;Not\u00edcias de Franca-SP&quot;","block_context":{"text":"Not\u00edcias de Franca-SP","link":"https:\/\/noticiasribeiraopreto.com.br\/index.php\/category\/noticias-de-ribeirao-preto-sp-e-regiao-ismael-colosi\/noticias-franca-sp\/"},"img":{"alt_text":"","src":"https:\/\/i0.wp.com\/noticiasribeiraopreto.com.br\/wp-content\/uploads\/2025\/06\/mulheres-com-frio.jpg?fit=1200%2C675&ssl=1&resize=350%2C200","width":350,"height":200,"srcset":"https:\/\/i0.wp.com\/noticiasribeiraopreto.com.br\/wp-content\/uploads\/2025\/06\/mulheres-com-frio.jpg?fit=1200%2C675&ssl=1&resize=350%2C200 1x, https:\/\/i0.wp.com\/noticiasribeiraopreto.com.br\/wp-content\/uploads\/2025\/06\/mulheres-com-frio.jpg?fit=1200%2C675&ssl=1&resize=525%2C300 1.5x, https:\/\/i0.wp.com\/noticiasribeiraopreto.com.br\/wp-content\/uploads\/2025\/06\/mulheres-com-frio.jpg?fit=1200%2C675&ssl=1&resize=700%2C400 2x, https:\/\/i0.wp.com\/noticiasribeiraopreto.com.br\/wp-content\/uploads\/2025\/06\/mulheres-com-frio.jpg?fit=1200%2C675&ssl=1&resize=1050%2C600 3x"},"classes":[]},{"id":53498,"url":"https:\/\/noticiasribeiraopreto.com.br\/index.php\/2024\/06\/20\/massas-de-ar-frio-e-temperatura-acima-da-media-devem-marcar-o-inverno-no-interior-de-sp\/","url_meta":{"origin":72374,"position":1},"title":"Massas de ar frio e temperatura acima da m\u00e9dia devem marcar o inverno no interior de SP","author":"noticiasribeiraopreto.com.br","date":"20 de June de 2024","format":false,"excerpt":"O Inmet (Instituto Nacional de Meteorologia) aponta que o interior de S\u00e3o Paulo deve receber massas de ar frio no inverno 2024, mas as temperaturas devem ficar acima da m\u00e9dia. O \u00f3rg\u00e3o informa que a previs\u00e3o para o inverno indica predom\u00ednio de chuva abaixo da m\u00e9dia, por\u00e9m n\u00e3o se descarta\u2026","rel":"","context":"In &quot;Not\u00edcias de Ribeir\u00e3o Preto-SP e Regi\u00e3o&quot;","block_context":{"text":"Not\u00edcias de Ribeir\u00e3o Preto-SP e Regi\u00e3o","link":"https:\/\/noticiasribeiraopreto.com.br\/index.php\/category\/noticias-de-ribeirao-preto-sp-e-regiao-ismael-colosi\/"},"img":{"alt_text":"","src":"https:\/\/i0.wp.com\/noticiasribeiraopreto.com.br\/wp-content\/uploads\/2024\/06\/AnyConv.com__inverno_2024-06-20_17-55-25.webp.webp?fit=1200%2C800&ssl=1&resize=350%2C200","width":350,"height":200,"srcset":"https:\/\/i0.wp.com\/noticiasribeiraopreto.com.br\/wp-content\/uploads\/2024\/06\/AnyConv.com__inverno_2024-06-20_17-55-25.webp.webp?fit=1200%2C800&ssl=1&resize=350%2C200 1x, https:\/\/i0.wp.com\/noticiasribeiraopreto.com.br\/wp-content\/uploads\/2024\/06\/AnyConv.com__inverno_2024-06-20_17-55-25.webp.webp?fit=1200%2C800&ssl=1&resize=525%2C300 1.5x, https:\/\/i0.wp.com\/noticiasribeiraopreto.com.br\/wp-content\/uploads\/2024\/06\/AnyConv.com__inverno_2024-06-20_17-55-25.webp.webp?fit=1200%2C800&ssl=1&resize=700%2C400 2x, https:\/\/i0.wp.com\/noticiasribeiraopreto.com.br\/wp-content\/uploads\/2024\/06\/AnyConv.com__inverno_2024-06-20_17-55-25.webp.webp?fit=1200%2C800&ssl=1&resize=1050%2C600 3x"},"classes":[]},{"id":53567,"url":"https:\/\/noticiasribeiraopreto.com.br\/index.php\/2024\/06\/21\/como-fica-o-tempo-no-primeiro-fim-de-semana-do-inverno-confira-previsao-no-interior-de-sp\/","url_meta":{"origin":72374,"position":2},"title":"Como fica o tempo no primeiro fim de semana do inverno? Confira previs\u00e3o no interior de SP","author":"noticiasribeiraopreto.com.br","date":"21 de June de 2024","format":false,"excerpt":"O inverno come\u00e7ou na tarde desta quinta-feira (20), mas as temperaturas ainda devem continuar altas \u00e0 tarde no interior de S\u00e3o Paulo. Segundo a Climatempo, as quedas mais bruscas de temperatura na regi\u00e3o Sudeste s\u00e3o esperadas somente para o fim da esta\u00e7\u00e3o, em agosto e setembro, quando a frequ\u00eancia de\u2026","rel":"","context":"In &quot;Not\u00edcias de Ribeir\u00e3o Preto-SP e Regi\u00e3o&quot;","block_context":{"text":"Not\u00edcias de Ribeir\u00e3o Preto-SP e Regi\u00e3o","link":"https:\/\/noticiasribeiraopreto.com.br\/index.php\/category\/noticias-de-ribeirao-preto-sp-e-regiao-ismael-colosi\/"},"img":{"alt_text":"","src":"https:\/\/i0.wp.com\/noticiasribeiraopreto.com.br\/wp-content\/uploads\/2024\/06\/WhatsApp-Image-2023-09-14-at-09.35.50.jpeg?fit=1200%2C675&ssl=1&resize=350%2C200","width":350,"height":200,"srcset":"https:\/\/i0.wp.com\/noticiasribeiraopreto.com.br\/wp-content\/uploads\/2024\/06\/WhatsApp-Image-2023-09-14-at-09.35.50.jpeg?fit=1200%2C675&ssl=1&resize=350%2C200 1x, https:\/\/i0.wp.com\/noticiasribeiraopreto.com.br\/wp-content\/uploads\/2024\/06\/WhatsApp-Image-2023-09-14-at-09.35.50.jpeg?fit=1200%2C675&ssl=1&resize=525%2C300 1.5x, https:\/\/i0.wp.com\/noticiasribeiraopreto.com.br\/wp-content\/uploads\/2024\/06\/WhatsApp-Image-2023-09-14-at-09.35.50.jpeg?fit=1200%2C675&ssl=1&resize=700%2C400 2x, https:\/\/i0.wp.com\/noticiasribeiraopreto.com.br\/wp-content\/uploads\/2024\/06\/WhatsApp-Image-2023-09-14-at-09.35.50.jpeg?fit=1200%2C675&ssl=1&resize=1050%2C600 3x"},"classes":[]},{"id":72800,"url":"https:\/\/noticiasribeiraopreto.com.br\/index.php\/2025\/06\/21\/inverno-comeca-com-frio-confira-a-previsao-do-tempo\/","url_meta":{"origin":72374,"position":3},"title":"Inverno come\u00e7a com frio? Confira a previs\u00e3o do tempo","author":"noticiasribeiraopreto.com.br","date":"21 de June de 2025","format":false,"excerpt":"O primeiro dia oficial do inverno come\u00e7a com tempo firme em Ribeir\u00e3o Preto. A previs\u00e3o para este s\u00e1bado (21) \u00e9 de sol com muitas nuvens ao longo do dia e per\u00edodos de c\u00e9u nublado. \u00c0 noite, a nebulosidade continua predominando, mas sem risco de chuva. As temperaturas seguem amenas, com\u2026","rel":"","context":"In &quot;Not\u00edcias de Ribeir\u00e3o Preto-SP e Regi\u00e3o&quot;","block_context":{"text":"Not\u00edcias de Ribeir\u00e3o Preto-SP e Regi\u00e3o","link":"https:\/\/noticiasribeiraopreto.com.br\/index.php\/category\/noticias-de-ribeirao-preto-sp-e-regiao-ismael-colosi\/"},"img":{"alt_text":"","src":"https:\/\/i0.wp.com\/noticiasribeiraopreto.com.br\/wp-content\/uploads\/2025\/06\/WhatsApp-Image-2025-01-28-at-07.06.17_2025-01-28_10-21-07_jpeg_2025-01-28_10-21-07.webp.webp?fit=1200%2C900&ssl=1&resize=350%2C200","width":350,"height":200,"srcset":"https:\/\/i0.wp.com\/noticiasribeiraopreto.com.br\/wp-content\/uploads\/2025\/06\/WhatsApp-Image-2025-01-28-at-07.06.17_2025-01-28_10-21-07_jpeg_2025-01-28_10-21-07.webp.webp?fit=1200%2C900&ssl=1&resize=350%2C200 1x, https:\/\/i0.wp.com\/noticiasribeiraopreto.com.br\/wp-content\/uploads\/2025\/06\/WhatsApp-Image-2025-01-28-at-07.06.17_2025-01-28_10-21-07_jpeg_2025-01-28_10-21-07.webp.webp?fit=1200%2C900&ssl=1&resize=525%2C300 1.5x, https:\/\/i0.wp.com\/noticiasribeiraopreto.com.br\/wp-content\/uploads\/2025\/06\/WhatsApp-Image-2025-01-28-at-07.06.17_2025-01-28_10-21-07_jpeg_2025-01-28_10-21-07.webp.webp?fit=1200%2C900&ssl=1&resize=700%2C400 2x, https:\/\/i0.wp.com\/noticiasribeiraopreto.com.br\/wp-content\/uploads\/2025\/06\/WhatsApp-Image-2025-01-28-at-07.06.17_2025-01-28_10-21-07_jpeg_2025-01-28_10-21-07.webp.webp?fit=1200%2C900&ssl=1&resize=1050%2C600 3x"},"classes":[]},{"id":70985,"url":"https:\/\/noticiasribeiraopreto.com.br\/index.php\/2025\/06\/01\/inverno-deve-ter-dois-episodios-de-frio-intenso-neste-ano-saiba-quando\/","url_meta":{"origin":72374,"position":4},"title":"Inverno deve ter dois epis\u00f3dios de frio intenso neste ano; Saiba quando","author":"noticiasribeiraopreto.com.br","date":"1 de June de 2025","format":false,"excerpt":"O inverno come\u00e7a no pr\u00f3ximo dia 20 de junho, \u00e0s 23h42 (hor\u00e1rio de Bras\u00edlia), e dever\u00e1 ter maior quantidade de dias frios no Centro-Sul do Brasil, em rela\u00e7\u00e3o ao m\u00eas de junho de 2024. Segundo a Climatempo, dois eventos de frio intenso s\u00e3o esperados na nova esta\u00e7\u00e3o: na primeira semana\u2026","rel":"","context":"In &quot;Not\u00edcias de Ribeir\u00e3o Preto-SP e Regi\u00e3o&quot;","block_context":{"text":"Not\u00edcias de Ribeir\u00e3o Preto-SP e Regi\u00e3o","link":"https:\/\/noticiasribeiraopreto.com.br\/index.php\/category\/noticias-de-ribeirao-preto-sp-e-regiao-ismael-colosi\/"},"img":{"alt_text":"","src":"https:\/\/i0.wp.com\/noticiasribeiraopreto.com.br\/wp-content\/uploads\/2025\/05\/frio_mcamgo_abr_180520221818-3_2025-04-15_20-46-56_jpg_2025-04-15_20-46-58-scaled.webp.webp?fit=1200%2C800&ssl=1&resize=350%2C200","width":350,"height":200,"srcset":"https:\/\/i0.wp.com\/noticiasribeiraopreto.com.br\/wp-content\/uploads\/2025\/05\/frio_mcamgo_abr_180520221818-3_2025-04-15_20-46-56_jpg_2025-04-15_20-46-58-scaled.webp.webp?fit=1200%2C800&ssl=1&resize=350%2C200 1x, https:\/\/i0.wp.com\/noticiasribeiraopreto.com.br\/wp-content\/uploads\/2025\/05\/frio_mcamgo_abr_180520221818-3_2025-04-15_20-46-56_jpg_2025-04-15_20-46-58-scaled.webp.webp?fit=1200%2C800&ssl=1&resize=525%2C300 1.5x, https:\/\/i0.wp.com\/noticiasribeiraopreto.com.br\/wp-content\/uploads\/2025\/05\/frio_mcamgo_abr_180520221818-3_2025-04-15_20-46-56_jpg_2025-04-15_20-46-58-scaled.webp.webp?fit=1200%2C800&ssl=1&resize=700%2C400 2x, https:\/\/i0.wp.com\/noticiasribeiraopreto.com.br\/wp-content\/uploads\/2025\/05\/frio_mcamgo_abr_180520221818-3_2025-04-15_20-46-56_jpg_2025-04-15_20-46-58-scaled.webp.webp?fit=1200%2C800&ssl=1&resize=1050%2C600 3x"},"classes":[]},{"id":53720,"url":"https:\/\/noticiasribeiraopreto.com.br\/index.php\/2024\/06\/23\/primeira-massa-de-ar-frio-do-inverno-pode-atingir-o-estado-de-sp-veja-quando\/","url_meta":{"origin":72374,"position":5},"title":"Primeira massa de ar frio do inverno pode atingir o estado de SP; Veja quando","author":"noticiasribeiraopreto.com.br","date":"23 de June de 2024","format":false,"excerpt":"A primeira massa de ar frio do inverno, que come\u00e7ou na \u00faltima quinta-feira (20), j\u00e1 tem data para chegar ao estado de S\u00e3o Paulo, de acordo com a meteorologia. Uma nova frente fria se formou atrav\u00e9s de duas \u00e1reas de baixa press\u00e3o atmosf\u00e9rica neste final de semana, contudo, esse sistema\u2026","rel":"","context":"In &quot;Not\u00edcias de Ribeir\u00e3o Preto-SP e Regi\u00e3o&quot;","block_context":{"text":"Not\u00edcias de Ribeir\u00e3o Preto-SP e Regi\u00e3o","link":"https:\/\/noticiasribeiraopreto.com.br\/index.php\/category\/noticias-de-ribeirao-preto-sp-e-regiao-ismael-colosi\/"},"img":{"alt_text":"","src":"https:\/\/i0.wp.com\/noticiasribeiraopreto.com.br\/wp-content\/uploads\/2024\/04\/AnyConv.com__frio.webp.webp?fit=1200%2C800&ssl=1&resize=350%2C200","width":350,"height":200,"srcset":"https:\/\/i0.wp.com\/noticiasribeiraopreto.com.br\/wp-content\/uploads\/2024\/04\/AnyConv.com__frio.webp.webp?fit=1200%2C800&ssl=1&resize=350%2C200 1x, https:\/\/i0.wp.com\/noticiasribeiraopreto.com.br\/wp-content\/uploads\/2024\/04\/AnyConv.com__frio.webp.webp?fit=1200%2C800&ssl=1&resize=525%2C300 1.5x, https:\/\/i0.wp.com\/noticiasribeiraopreto.com.br\/wp-content\/uploads\/2024\/04\/AnyConv.com__frio.webp.webp?fit=1200%2C800&ssl=1&resize=700%2C400 2x, https:\/\/i0.wp.com\/noticiasribeiraopreto.com.br\/wp-content\/uploads\/2024\/04\/AnyConv.com__frio.webp.webp?fit=1200%2C800&ssl=1&resize=1050%2C600 3x"},"classes":[]}],"jetpack_sharing_enabled":true,"jetpack_shortlink":"https:\/\/wp.me\/peQAOb-iPk","_links":{"self":[{"href":"https:\/\/noticiasribeiraopreto.com.br\/index.php\/wp-json\/wp\/v2\/posts\/72374","targetHints":{"allow":["GET"]}}],"collection":[{"href":"https:\/\/noticiasribeiraopreto.com.br\/index.php\/wp-json\/wp\/v2\/posts"}],"about":[{"href":"https:\/\/noticiasribeiraopreto.com.br\/index.php\/wp-json\/wp\/v2\/types\/post"}],"author":[{"embeddable":true,"href":"https:\/\/noticiasribeiraopreto.com.br\/index.php\/wp-json\/wp\/v2\/users\/1"}],"replies":[{"embeddable":true,"href":"https:\/\/noticiasribeiraopreto.com.br\/index.php\/wp-json\/wp\/v2\/comments?post=72374"}],"version-history":[{"count":0,"href":"https:\/\/noticiasribeiraopreto.com.br\/index.php\/wp-json\/wp\/v2\/posts\/72374\/revisions"}],"wp:featuredmedia":[{"embeddable":true,"href":"https:\/\/noticiasribeiraopreto.com.br\/index.php\/wp-json\/wp\/v2\/media\/72375"}],"wp:attachment":[{"href":"https:\/\/noticiasribeiraopreto.com.br\/index.php\/wp-json\/wp\/v2\/media?parent=72374"}],"wp:term":[{"taxonomy":"category","embeddable":true,"href":"https:\/\/noticiasribeiraopreto.com.br\/index.php\/wp-json\/wp\/v2\/categories?post=72374"},{"taxonomy":"post_tag","embeddable":true,"href":"https:\/\/noticiasribeiraopreto.com.br\/index.php\/wp-json\/wp\/v2\/tags?post=72374"}],"curies":[{"name":"wp","href":"https:\/\/api.w.org\/{rel}","templated":true}]}}