{"id":72376,"date":"2025-06-16T16:55:41","date_gmt":"2025-06-16T19:55:41","guid":{"rendered":"https:\/\/noticiasribeiraopreto.com.br\/index.php\/2025\/06\/16\/motorista-fica-ferido-apos-capotamento-em-rodovia-na-regiao-de-ribeirao\/"},"modified":"2025-06-16T16:55:41","modified_gmt":"2025-06-16T19:55:41","slug":"motorista-fica-ferido-apos-capotamento-em-rodovia-na-regiao-de-ribeirao","status":"publish","type":"post","link":"https:\/\/noticiasribeiraopreto.com.br\/index.php\/2025\/06\/16\/motorista-fica-ferido-apos-capotamento-em-rodovia-na-regiao-de-ribeirao\/","title":{"rendered":"Motorista fica ferido ap\u00f3s capotamento em rodovia na regi\u00e3o de Ribeir\u00e3o"},"content":{"rendered":"<p> <br \/>\n<\/p>\n<div data-td-block-uid=\"tdi_95\">\n<div class=\"tdb-block-inner td-fix-index\">\n<p>Uma pessoa foi socorrida com ferimentos ap\u00f3s um <strong>acidente de tr\u00e2nsito<\/strong> na tarde desta segunda-feira (16), na rodovia Nem\u00e9sio Cadetti (SP-333), em <strong>Jaboticabal<\/strong>, cidade na <strong>regi\u00e3o de Ribeir\u00e3o Preto<\/strong>.<\/p>\n<p>De acordo com <strong>Ecovias Noroeste Paulista<\/strong>, concession\u00e1ria respons\u00e1vel pela via, <strong>o carro teria capotado<\/strong> pr\u00f3ximo ao quil\u00f4metro 129, no sentido Oeste.<\/p>\n<p><mark style=\"background-color:#fcb900\" class=\"has-inline-color\">O ve\u00edculo capotou sobre a pista e interditou as duas faixas de rolagem da rodovia<\/mark>. Ainda n\u00e3o se sabe o que provocou o acidente.<\/p>\n<p>O <strong>Corpo de Bombeiros<\/strong> socorreu o motorista e o levou para a <strong>UPA (Unidade de Pronto Atendimento) de Jaboticabal<\/strong> com<strong> ferimentos leves<\/strong>.<\/p>\n<p>As equipes da concession\u00e1ria ajudaram na sinaliza\u00e7\u00e3o e removeram o ve\u00edculo com o apoio de um guincho. <strong>Neste momento, as duas vias est\u00e3o liberadas.<\/strong><\/p>\n<hr class=\"wp-block-separator has-alpha-channel-opacity\"\/>\n<p>SAIBA MAIS<\/p>\n<p>Pol\u00edcia identifica mulher morta em grave acidente de carro em Ribeir\u00e3o Preto<\/p>\n<h2 class=\"wp-block-heading\"><strong>FIQUE ON<\/strong><\/h2>\n<p>Quer ficar por dentro de tudo que acontece em Ribeir\u00e3o Preto e regi\u00e3o? Ent\u00e3o siga os perfis do\u202facidade on\u202fno\u202f<a href=\"https:\/\/www.instagram.com\/acidadeonribeirao\" target=\"_blank\" rel=\"noreferrer noopener\">Instagram<\/a>\u202fe no\u202f<a href=\"https:\/\/www.facebook.com\/acidadeonribeirao\/\" target=\"_blank\" rel=\"noreferrer noopener\">Facebook<\/a>.<\/p>\n<p>Al\u00e9m disso, voc\u00ea pode receber as principais not\u00edcias diretamente no WhatsApp. Para isso, basta\u00a0<a href=\"https:\/\/chat.whatsapp.com\/BjKQZ9oJwlz8VVT50NuePq\" target=\"_blank\" rel=\"noreferrer noopener\">entrar no grupo clicando aqui<\/a>.<\/p>\n<p>Por fim, se quiser fazer uma den\u00fancia ou sugerir uma reportagem sobre Ribeir\u00e3o Preto e regi\u00e3o, envie uma mensagem pelo WhatsApp: (16) 99117-7802.<\/p>\n<p>VEJA TAMB\u00c9M<\/p>\n<p>Padilha de \u2018A Viagem\u2019 \u00e9 gay?<\/p>\n<p><!-- CONTENT END 1 -->\n<\/div>\n<\/div>\n<p><script async src=\"\/\/www.instagram.com\/embed.js\"><\/script><br \/>\n<br \/><br \/>\n<br \/><a href=\"https:\/\/www.acidadeon.com\/ribeiraopreto\/cotidiano\/motorista-fica-ferido-apos-capotamento-em-rodovia-na-regiao-de-ribeirao\/\">Source link <\/a><\/p>\n","protected":false},"excerpt":{"rendered":"<p>Uma pessoa foi socorrida com ferimentos ap\u00f3s um acidente de tr\u00e2nsito na tarde desta segunda-feira (16), na rodovia Nem\u00e9sio Cadetti (SP-333), em Jaboticabal, cidade na&#8230;<\/p>\n","protected":false},"author":1,"featured_media":72377,"comment_status":"open","ping_status":"open","sticky":false,"template":"","format":"standard","meta":{"advanced_seo_description":"","jetpack_seo_html_title":"","jetpack_seo_noindex":false,"jetpack_post_was_ever_published":false,"_jetpack_newsletter_access":"","_jetpack_dont_email_post_to_subs":false,"_jetpack_newsletter_tier_id":0,"_jetpack_memberships_contains_paywalled_content":false,"_jetpack_memberships_contains_paid_content":false,"footnotes":"","jetpack_publicize_message":"","jetpack_publicize_feature_enabled":true,"jetpack_social_post_already_shared":true,"jetpack_social_options":{"image_generator_settings":{"template":"highway","default_image_id":0,"font":"","enabled":false},"version":2}},"categories":[11],"tags":[],"class_list":["post-72376","post","type-post","status-publish","format-standard","has-post-thumbnail","hentry","category-noticias-de-ribeirao-preto-sp-e-regiao-ismael-colosi"],"jetpack_publicize_connections":[],"jetpack_featured_media_url":"https:\/\/i0.wp.com\/noticiasribeiraopreto.com.br\/wp-content\/uploads\/2025\/06\/Copia-de-Copia-de-Copia-de-TAMANHO-EXATO-PARA-FOTOS-NO-SISTEMA-NOVO-2025-06-16T155335.545_2025-06-16_18-53-41.webp.webp?fit=1200%2C675&ssl=1","jetpack-related-posts":[{"id":71921,"url":"https:\/\/noticiasribeiraopreto.com.br\/index.php\/2025\/06\/11\/ciclista-morre-em-acidente-na-regiao\/","url_meta":{"origin":72376,"position":0},"title":"Ciclista morre em acidente na regi\u00e3o","author":"noticiasribeiraopreto.com.br","date":"11 de June de 2025","format":false,"excerpt":"Homem teria tentado atravessar rodovia com sua bicicleta e acabou atropelado; havia neblina no momento do acidente 11 de junho de 2025 10:2511 de junho de 2025 12:2556 Compartilhar3 Por: Adalberto Luque Um homem de aproximadamente 55 anos morreu, na manh\u00e3 desta quarta-feira (11), ap\u00f3s ser atropelado em uma rodovia.\u2026","rel":"","context":"In &quot;Not\u00edcias de Ribeir\u00e3o Preto-SP e Regi\u00e3o&quot;","block_context":{"text":"Not\u00edcias de Ribeir\u00e3o Preto-SP e Regi\u00e3o","link":"https:\/\/noticiasribeiraopreto.com.br\/index.php\/category\/noticias-de-ribeirao-preto-sp-e-regiao-ismael-colosi\/"},"img":{"alt_text":"","src":"https:\/\/i0.wp.com\/noticiasribeiraopreto.com.br\/wp-content\/uploads\/2025\/06\/1749658648_11-jun-2025-acidente-barrinha1-scaled.jpg?fit=679%2C500&ssl=1&resize=350%2C200","width":350,"height":200,"srcset":"https:\/\/i0.wp.com\/noticiasribeiraopreto.com.br\/wp-content\/uploads\/2025\/06\/1749658648_11-jun-2025-acidente-barrinha1-scaled.jpg?fit=679%2C500&ssl=1&resize=350%2C200 1x, https:\/\/i0.wp.com\/noticiasribeiraopreto.com.br\/wp-content\/uploads\/2025\/06\/1749658648_11-jun-2025-acidente-barrinha1-scaled.jpg?fit=679%2C500&ssl=1&resize=525%2C300 1.5x"},"classes":[]},{"id":82264,"url":"https:\/\/noticiasribeiraopreto.com.br\/index.php\/2026\/02\/09\/motorista-morre-apos-colidir-com-arvore-caida-em-rodovia-da-regiao-de-ribeirao\/","url_meta":{"origin":72376,"position":1},"title":"Motorista morre ap\u00f3s colidir com \u00e1rvore ca\u00edda em rodovia da regi\u00e3o de Ribeir\u00e3o","author":"noticiasribeiraopreto.com.br","date":"9 de February de 2026","format":false,"excerpt":"Uma pessoa morreu e outras duas ficaram feridas ap\u00f3s um acidente de tr\u00e2nsito na rodovia Engenheiro Ronan Rocha (SP-345), em Itirapu\u00e3, cidade da regi\u00e3o de Ribeir\u00e3o Preto, no fim da noite deste domingo (8). De acordo com informa\u00e7\u00f5es do CCM (Centro de Controle Multimodal) da Artesp, os ve\u00edculos trafegavam no\u2026","rel":"","context":"In &quot;Not\u00edcias de Ribeir\u00e3o Preto-SP e Regi\u00e3o&quot;","block_context":{"text":"Not\u00edcias de Ribeir\u00e3o Preto-SP e Regi\u00e3o","link":"https:\/\/noticiasribeiraopreto.com.br\/index.php\/category\/noticias-de-ribeirao-preto-sp-e-regiao-ismael-colosi\/"},"img":{"alt_text":"","src":"https:\/\/i0.wp.com\/noticiasribeiraopreto.com.br\/wp-content\/uploads\/2026\/02\/domingo-83_2026-02-09_11-19-21.webp.webp?fit=1200%2C675&ssl=1&resize=350%2C200","width":350,"height":200,"srcset":"https:\/\/i0.wp.com\/noticiasribeiraopreto.com.br\/wp-content\/uploads\/2026\/02\/domingo-83_2026-02-09_11-19-21.webp.webp?fit=1200%2C675&ssl=1&resize=350%2C200 1x, https:\/\/i0.wp.com\/noticiasribeiraopreto.com.br\/wp-content\/uploads\/2026\/02\/domingo-83_2026-02-09_11-19-21.webp.webp?fit=1200%2C675&ssl=1&resize=525%2C300 1.5x, https:\/\/i0.wp.com\/noticiasribeiraopreto.com.br\/wp-content\/uploads\/2026\/02\/domingo-83_2026-02-09_11-19-21.webp.webp?fit=1200%2C675&ssl=1&resize=700%2C400 2x, https:\/\/i0.wp.com\/noticiasribeiraopreto.com.br\/wp-content\/uploads\/2026\/02\/domingo-83_2026-02-09_11-19-21.webp.webp?fit=1200%2C675&ssl=1&resize=1050%2C600 3x"},"classes":[]},{"id":63813,"url":"https:\/\/noticiasribeiraopreto.com.br\/index.php\/2025\/02\/22\/motorista-morre-apos-acidente-entre-carro-e-carreta-na-rodovia-anhanguera\/","url_meta":{"origin":72376,"position":2},"title":"Motorista morre ap\u00f3s acidente entre carro e carreta na rodovia Anhanguera","author":"noticiasribeiraopreto.com.br","date":"22 de February de 2025","format":false,"excerpt":"Uma pessoa morreu ap\u00f3s um acidente de tr\u00e2nsito envolvendo uma carreta e um carro na rodovia Anhanguera (SP-330), em Igarapava, cidade a cerca de 130 quil\u00f4metros de Ribeir\u00e3o Preto, na noite desta sexta-feira (21). O acidente aconteceu pr\u00f3ximo ao km 441. De acordo com as informa\u00e7\u00f5es do CCI (Centro de\u2026","rel":"","context":"In &quot;Not\u00edcias de Ribeir\u00e3o Preto-SP e Regi\u00e3o&quot;","block_context":{"text":"Not\u00edcias de Ribeir\u00e3o Preto-SP e Regi\u00e3o","link":"https:\/\/noticiasribeiraopreto.com.br\/index.php\/category\/noticias-de-ribeirao-preto-sp-e-regiao-ismael-colosi\/"},"img":{"alt_text":"","src":"https:\/\/i0.wp.com\/noticiasribeiraopreto.com.br\/wp-content\/uploads\/2025\/02\/Copia-de-Copia-de-Copia-de-TAMANHO-EXATO-PARA-FOTOS-NO-SISTEMA-NOVO-2025-02-22T145326.694_2025-02-22_17-53-41_png_2025-02-22_17-53-41.webp.webp?fit=1200%2C675&ssl=1&resize=350%2C200","width":350,"height":200,"srcset":"https:\/\/i0.wp.com\/noticiasribeiraopreto.com.br\/wp-content\/uploads\/2025\/02\/Copia-de-Copia-de-Copia-de-TAMANHO-EXATO-PARA-FOTOS-NO-SISTEMA-NOVO-2025-02-22T145326.694_2025-02-22_17-53-41_png_2025-02-22_17-53-41.webp.webp?fit=1200%2C675&ssl=1&resize=350%2C200 1x, https:\/\/i0.wp.com\/noticiasribeiraopreto.com.br\/wp-content\/uploads\/2025\/02\/Copia-de-Copia-de-Copia-de-TAMANHO-EXATO-PARA-FOTOS-NO-SISTEMA-NOVO-2025-02-22T145326.694_2025-02-22_17-53-41_png_2025-02-22_17-53-41.webp.webp?fit=1200%2C675&ssl=1&resize=525%2C300 1.5x, https:\/\/i0.wp.com\/noticiasribeiraopreto.com.br\/wp-content\/uploads\/2025\/02\/Copia-de-Copia-de-Copia-de-TAMANHO-EXATO-PARA-FOTOS-NO-SISTEMA-NOVO-2025-02-22T145326.694_2025-02-22_17-53-41_png_2025-02-22_17-53-41.webp.webp?fit=1200%2C675&ssl=1&resize=700%2C400 2x, https:\/\/i0.wp.com\/noticiasribeiraopreto.com.br\/wp-content\/uploads\/2025\/02\/Copia-de-Copia-de-Copia-de-TAMANHO-EXATO-PARA-FOTOS-NO-SISTEMA-NOVO-2025-02-22T145326.694_2025-02-22_17-53-41_png_2025-02-22_17-53-41.webp.webp?fit=1200%2C675&ssl=1&resize=1050%2C600 3x"},"classes":[]},{"id":84515,"url":"https:\/\/noticiasribeiraopreto.com.br\/index.php\/2026\/04\/10\/motorista-morre-apos-colisao-entre-dois-caminhoes-em-rodovia-da-regiao\/","url_meta":{"origin":72376,"position":3},"title":"Motorista morre ap\u00f3s colis\u00e3o entre dois caminh\u00f5es em rodovia da regi\u00e3o","author":"noticiasribeiraopreto.com.br","date":"10 de April de 2026","format":false,"excerpt":"Ler o resumo da not\u00edcia Motorista morreu em colis\u00e3o entre dois caminh\u00f5es na rodovia Laurentino Mascari, em Taquaritinga (SP), na tarde desta sexta-feira (10). Condutor de caminh\u00e3o branco perdeu o controle ap\u00f3s dormir ao volante e atingiu a lateral de um caminh\u00e3o preto no sentido oposto. O passageiro do caminh\u00e3o\u2026","rel":"","context":"In &quot;Not\u00edcias de Ribeir\u00e3o Preto-SP e Regi\u00e3o&quot;","block_context":{"text":"Not\u00edcias de Ribeir\u00e3o Preto-SP e Regi\u00e3o","link":"https:\/\/noticiasribeiraopreto.com.br\/index.php\/category\/noticias-de-ribeirao-preto-sp-e-regiao-ismael-colosi\/"},"img":{"alt_text":"","src":"https:\/\/i0.wp.com\/noticiasribeiraopreto.com.br\/wp-content\/uploads\/2026\/04\/030911d9-d2f5-4c7a-8495-ad2559c94125_2026-04-10_18-59-43.webp.webp?fit=704%2C576&ssl=1&resize=350%2C200","width":350,"height":200,"srcset":"https:\/\/i0.wp.com\/noticiasribeiraopreto.com.br\/wp-content\/uploads\/2026\/04\/030911d9-d2f5-4c7a-8495-ad2559c94125_2026-04-10_18-59-43.webp.webp?fit=704%2C576&ssl=1&resize=350%2C200 1x, https:\/\/i0.wp.com\/noticiasribeiraopreto.com.br\/wp-content\/uploads\/2026\/04\/030911d9-d2f5-4c7a-8495-ad2559c94125_2026-04-10_18-59-43.webp.webp?fit=704%2C576&ssl=1&resize=525%2C300 1.5x, https:\/\/i0.wp.com\/noticiasribeiraopreto.com.br\/wp-content\/uploads\/2026\/04\/030911d9-d2f5-4c7a-8495-ad2559c94125_2026-04-10_18-59-43.webp.webp?fit=704%2C576&ssl=1&resize=700%2C400 2x"},"classes":[]},{"id":44635,"url":"https:\/\/noticiasribeiraopreto.com.br\/index.php\/2024\/03\/28\/onibus-com-49-pessoas-tomba-e-deixa-feridos-na-regiao\/","url_meta":{"origin":72376,"position":4},"title":"\u00d4nibus com 49 pessoas tomba e deixa feridos na regi\u00e3o","author":"noticiasribeiraopreto.com.br","date":"28 de March de 2024","format":false,"excerpt":"De acordo com o Corpo de Bombeiros, v\u00edtimas sofreram ferimentos leves e moderados 28 de mar\u00e7o de 2024 | 12:11 2 Por: Adalberto Luque Um \u00f4nibus tombou, na madrugada desta quinta-feira (28), na Rodovia C\u00e2ndido Portinari (SP-334). O acidente ocorreu no km 358, em Batatais, no sentido a Franca. Segundo\u2026","rel":"","context":"In &quot;Not\u00edcias de Ribeir\u00e3o Preto-SP e Regi\u00e3o&quot;","block_context":{"text":"Not\u00edcias de Ribeir\u00e3o Preto-SP e Regi\u00e3o","link":"https:\/\/noticiasribeiraopreto.com.br\/index.php\/category\/noticias-de-ribeirao-preto-sp-e-regiao-ismael-colosi\/"},"img":{"alt_text":"","src":"https:\/\/i0.wp.com\/noticiasribeiraopreto.com.br\/wp-content\/uploads\/2024\/03\/00-28-mar-2024-acidente-batatais-foto-redes-sociais.jpg?fit=800%2C452&ssl=1&resize=350%2C200","width":350,"height":200,"srcset":"https:\/\/i0.wp.com\/noticiasribeiraopreto.com.br\/wp-content\/uploads\/2024\/03\/00-28-mar-2024-acidente-batatais-foto-redes-sociais.jpg?fit=800%2C452&ssl=1&resize=350%2C200 1x, https:\/\/i0.wp.com\/noticiasribeiraopreto.com.br\/wp-content\/uploads\/2024\/03\/00-28-mar-2024-acidente-batatais-foto-redes-sociais.jpg?fit=800%2C452&ssl=1&resize=525%2C300 1.5x, https:\/\/i0.wp.com\/noticiasribeiraopreto.com.br\/wp-content\/uploads\/2024\/03\/00-28-mar-2024-acidente-batatais-foto-redes-sociais.jpg?fit=800%2C452&ssl=1&resize=700%2C400 2x"},"classes":[]},{"id":59269,"url":"https:\/\/noticiasribeiraopreto.com.br\/index.php\/2024\/10\/18\/carro-capota-em-rodovia-na-regiao-de-ribeirao-preto-veja-video\/","url_meta":{"origin":72376,"position":5},"title":"Carro capota em rodovia na regi\u00e3o de Ribeir\u00e3o Preto; Veja v\u00eddeo","author":"noticiasribeiraopreto.com.br","date":"18 de October de 2024","format":false,"excerpt":"Um carro capotou na tarde desta sexta-feira (18), na rodovia Deputado Cunha Bueno em Jaboticabal, na regi\u00e3o de Ribeir\u00e3o Preto. O ve\u00edculo estava em alta velocidade. Segundo testemunhas, o motorista teria tentado ultrapassar um caminh\u00e3o por dentro de um posto de gasolina quando perdeu o controle do ve\u00edculo e capotou.\u2026","rel":"","context":"In &quot;Not\u00edcias de Ribeir\u00e3o Preto-SP e Regi\u00e3o&quot;","block_context":{"text":"Not\u00edcias de Ribeir\u00e3o Preto-SP e Regi\u00e3o","link":"https:\/\/noticiasribeiraopreto.com.br\/index.php\/category\/noticias-de-ribeirao-preto-sp-e-regiao-ismael-colosi\/"},"img":{"alt_text":"","src":"https:\/\/i0.wp.com\/noticiasribeiraopreto.com.br\/wp-content\/uploads\/2024\/10\/Copia-de-Copia-de-Copia-de-TAMANHO-EXATO-PARA-FOTOS-NO-SISTEMA-NOVO-26_2024-10-18_20-08-24_png_2024-10-18_20-08-25.webp.webp?fit=1200%2C675&ssl=1&resize=350%2C200","width":350,"height":200,"srcset":"https:\/\/i0.wp.com\/noticiasribeiraopreto.com.br\/wp-content\/uploads\/2024\/10\/Copia-de-Copia-de-Copia-de-TAMANHO-EXATO-PARA-FOTOS-NO-SISTEMA-NOVO-26_2024-10-18_20-08-24_png_2024-10-18_20-08-25.webp.webp?fit=1200%2C675&ssl=1&resize=350%2C200 1x, https:\/\/i0.wp.com\/noticiasribeiraopreto.com.br\/wp-content\/uploads\/2024\/10\/Copia-de-Copia-de-Copia-de-TAMANHO-EXATO-PARA-FOTOS-NO-SISTEMA-NOVO-26_2024-10-18_20-08-24_png_2024-10-18_20-08-25.webp.webp?fit=1200%2C675&ssl=1&resize=525%2C300 1.5x, https:\/\/i0.wp.com\/noticiasribeiraopreto.com.br\/wp-content\/uploads\/2024\/10\/Copia-de-Copia-de-Copia-de-TAMANHO-EXATO-PARA-FOTOS-NO-SISTEMA-NOVO-26_2024-10-18_20-08-24_png_2024-10-18_20-08-25.webp.webp?fit=1200%2C675&ssl=1&resize=700%2C400 2x, https:\/\/i0.wp.com\/noticiasribeiraopreto.com.br\/wp-content\/uploads\/2024\/10\/Copia-de-Copia-de-Copia-de-TAMANHO-EXATO-PARA-FOTOS-NO-SISTEMA-NOVO-26_2024-10-18_20-08-24_png_2024-10-18_20-08-25.webp.webp?fit=1200%2C675&ssl=1&resize=1050%2C600 3x"},"classes":[]}],"jetpack_sharing_enabled":true,"jetpack_shortlink":"https:\/\/wp.me\/peQAOb-iPm","_links":{"self":[{"href":"https:\/\/noticiasribeiraopreto.com.br\/index.php\/wp-json\/wp\/v2\/posts\/72376","targetHints":{"allow":["GET"]}}],"collection":[{"href":"https:\/\/noticiasribeiraopreto.com.br\/index.php\/wp-json\/wp\/v2\/posts"}],"about":[{"href":"https:\/\/noticiasribeiraopreto.com.br\/index.php\/wp-json\/wp\/v2\/types\/post"}],"author":[{"embeddable":true,"href":"https:\/\/noticiasribeiraopreto.com.br\/index.php\/wp-json\/wp\/v2\/users\/1"}],"replies":[{"embeddable":true,"href":"https:\/\/noticiasribeiraopreto.com.br\/index.php\/wp-json\/wp\/v2\/comments?post=72376"}],"version-history":[{"count":0,"href":"https:\/\/noticiasribeiraopreto.com.br\/index.php\/wp-json\/wp\/v2\/posts\/72376\/revisions"}],"wp:featuredmedia":[{"embeddable":true,"href":"https:\/\/noticiasribeiraopreto.com.br\/index.php\/wp-json\/wp\/v2\/media\/72377"}],"wp:attachment":[{"href":"https:\/\/noticiasribeiraopreto.com.br\/index.php\/wp-json\/wp\/v2\/media?parent=72376"}],"wp:term":[{"taxonomy":"category","embeddable":true,"href":"https:\/\/noticiasribeiraopreto.com.br\/index.php\/wp-json\/wp\/v2\/categories?post=72376"},{"taxonomy":"post_tag","embeddable":true,"href":"https:\/\/noticiasribeiraopreto.com.br\/index.php\/wp-json\/wp\/v2\/tags?post=72376"}],"curies":[{"name":"wp","href":"https:\/\/api.w.org\/{rel}","templated":true}]}}