{"id":72378,"date":"2025-06-16T17:03:04","date_gmt":"2025-06-16T20:03:04","guid":{"rendered":"https:\/\/noticiasribeiraopreto.com.br\/index.php\/2025\/06\/16\/companhia-de-danca-debora-colker-chega-a-ribeirao-preto-veja-quando\/"},"modified":"2025-06-16T17:03:04","modified_gmt":"2025-06-16T20:03:04","slug":"companhia-de-danca-debora-colker-chega-a-ribeirao-preto-veja-quando","status":"publish","type":"post","link":"https:\/\/noticiasribeiraopreto.com.br\/index.php\/2025\/06\/16\/companhia-de-danca-debora-colker-chega-a-ribeirao-preto-veja-quando\/","title":{"rendered":"Companhia de dan\u00e7a Debora Colker chega a Ribeir\u00e3o Preto; veja quando"},"content":{"rendered":"<p> <br \/>\n<\/p>\n<div data-td-block-uid=\"tdi_95\">\n<div class=\"tdb-block-inner td-fix-index\">\n<p>A companhia de dan\u00e7a <strong>Debora Colker<\/strong> traz para o palco do Theatro Pedro II, em <strong>Ribeir\u00e3o Preto<\/strong>, a apresenta\u00e7\u00e3o de \u201c<strong>Sagra\u00e7\u00e3o<\/strong>\u201d, um espet\u00e1culo de dan\u00e7a sobre a origem do mundo a partir de vis\u00f5es ancestrais. Sess\u00f5es acontecem dias <strong>21 e 22 de junho<\/strong>, \u00e0s <strong>20h<\/strong> e <strong>19h<\/strong>, respectivamente.<\/p>\n<p>Estreado em <strong>2024<\/strong>, a apresenta\u00e7\u00e3o envolve a m\u00fasica cl\u00e1ssica de <strong>Stravinsky<\/strong> com ritmos brasileiros. O espet\u00e1culo \u00e9 uma livre adapta\u00e7\u00e3o de \u201c<strong>A Sagra\u00e7\u00e3o da Primavera<\/strong>\u201d, obra composta pelo russo <strong>Igor Stravinsky<\/strong>, que ganhou proje\u00e7\u00e3o mundial pela montagem estreada em <strong>Paris<\/strong> em <strong>1913<\/strong>, com coreografia de <strong>Vaslav Nijinsky<\/strong> e produ\u00e7\u00e3o de <strong>Sergei Diaghilev<\/strong> para os <strong>Ballets Russes<\/strong>.<\/p>\n<h2 class=\"wp-block-heading\"><strong>Ingressos<\/strong><\/h2>\n<p>Os ingressos podem ser adquiridos <strong>on-line<\/strong> atrav\u00e9s do site Mega Bilheteria <strong><a href=\"https:\/\/megabilheteria.com\/evento\/temporada?id=20230330112551\">(clique aqui)<\/a><\/strong>. Os pre\u00e7os variam entre <strong>R$ 45<\/strong> a <strong>R$ 200<\/strong>, a depender do setor escolhido.<\/p>\n<h2 class=\"wp-block-heading\"><strong>Servi\u00e7o<\/strong><\/h2>\n<p><strong><em>Sagra\u00e7\u00e3o<\/em><\/strong><\/p>\n<p><strong>Quando: <\/strong>21 e 22 de junho, s\u00e1bado e domingo <strong><br \/>Hor\u00e1rio: <\/strong>S\u00e1bado (21) \u00e0s 20h e domingo (22) \u00e0s 19h<strong><br \/>Local: <\/strong>Theatro Pedro II | rua \u00c1lvares Cabral, 370 \u2013 Centro <strong><br \/>Ingressos: <\/strong>A partir de R$ 45<\/p>\n<p>SAIBA MAIS<br \/>Moto vai parar embaixo de \u00f4nibus ap\u00f3s acidente em Ribeir\u00e3o Preto<\/p>\n<h4 class=\"wp-block-heading\"><strong>FIQUE ON<\/strong><\/h4>\n<p>Fique ligado em tudo que acontece em Ribeir\u00e3o Preto e regi\u00e3o. Siga os perfis do <strong>acidade on <\/strong>no <a href=\"https:\/\/www.instagram.com\/acidadeonribeirao\" target=\"_blank\" rel=\"noreferrer noopener\">Instagram<\/a> e no <a href=\"https:\/\/www.facebook.com\/acidadeonribeirao\" target=\"_blank\" rel=\"noreferrer noopener\">Facebook<\/a>.<\/p>\n<p>Receba not\u00edcias do acidade on no WhatsApp. Para entrar no grupo, basta <a href=\"https:\/\/chat.whatsapp.com\/BjKQZ9oJwlz8VVT50NuePq\" target=\"_blank\" rel=\"noreferrer noopener\">clicar aqui<\/a>.<\/p>\n<p>Fa\u00e7a uma den\u00fancia ou sugira uma reportagem sobre Ribeir\u00e3o Preto e regi\u00e3o pelo WhatsApp: 16 99117 7802.<\/p>\n<p>VEJA TAMB\u00c9M<br \/>O que aconteceu com Daniel Keller?<\/p>\n<p><!-- CONTENT END 1 -->\n<\/div>\n<\/div>\n<p><script async src=\"\/\/www.instagram.com\/embed.js\"><\/script><br \/>\n<br \/><br \/>\n<br \/><a href=\"https:\/\/www.acidadeon.com\/ribeiraopreto\/lazer-e-cultura\/companhia-de-danca-debora-colker-chega-a-ribeirao-preto-veja-quando\/\">Source link <\/a><\/p>\n","protected":false},"excerpt":{"rendered":"<p>A companhia de dan\u00e7a Debora Colker traz para o palco do Theatro Pedro II, em Ribeir\u00e3o Preto, a apresenta\u00e7\u00e3o de \u201cSagra\u00e7\u00e3o\u201d, um espet\u00e1culo de dan\u00e7a&#8230;<\/p>\n","protected":false},"author":1,"featured_media":72379,"comment_status":"open","ping_status":"open","sticky":false,"template":"","format":"standard","meta":{"advanced_seo_description":"","jetpack_seo_html_title":"","jetpack_seo_noindex":false,"jetpack_post_was_ever_published":false,"_jetpack_newsletter_access":"","_jetpack_dont_email_post_to_subs":false,"_jetpack_newsletter_tier_id":0,"_jetpack_memberships_contains_paywalled_content":false,"_jetpack_memberships_contains_paid_content":false,"footnotes":"","jetpack_publicize_message":"","jetpack_publicize_feature_enabled":true,"jetpack_social_post_already_shared":true,"jetpack_social_options":{"image_generator_settings":{"template":"highway","default_image_id":0,"font":"","enabled":false},"version":2}},"categories":[11],"tags":[],"class_list":["post-72378","post","type-post","status-publish","format-standard","has-post-thumbnail","hentry","category-noticias-de-ribeirao-preto-sp-e-regiao-ismael-colosi"],"jetpack_publicize_connections":[],"jetpack_featured_media_url":"https:\/\/i0.wp.com\/noticiasribeiraopreto.com.br\/wp-content\/uploads\/2025\/06\/Fts_Sagracao_Flavio-Colker_2_2025-06-16_13-00-03.webp.webp?fit=1200%2C735&ssl=1","jetpack-related-posts":[{"id":71838,"url":"https:\/\/noticiasribeiraopreto.com.br\/index.php\/2025\/06\/10\/colker-traz-obra-de-stravinsky-para-rp\/","url_meta":{"origin":72378,"position":0},"title":"Colker traz obra de Stravinsky para RP","author":"noticiasribeiraopreto.com.br","date":"10 de June de 2025","format":false,"excerpt":"Core\u00f3grafa traz para Ribeir\u00e3o Preto \u201cA Sagra\u00e7\u00e3o da Primavera\u201d, de Igor Stravinsky (1882-1971), em busca de sagrar os caminhos evolutivos Deborah Colker traz ao p\u00fablico uma nova obra inspirada no cl\u00e1ssico \u201cA Sagra\u00e7\u00e3o da Primavera\u201d de Igor Stravinsky (1882-1971), em busca de sagrar os caminhos evolutivos. O mais novo espet\u00e1culo\u2026","rel":"","context":"In &quot;Not\u00edcias de Ribeir\u00e3o Preto-SP e Regi\u00e3o&quot;","block_context":{"text":"Not\u00edcias de Ribeir\u00e3o Preto-SP e Regi\u00e3o","link":"https:\/\/noticiasribeiraopreto.com.br\/index.php\/category\/noticias-de-ribeirao-preto-sp-e-regiao-ismael-colosi\/"},"img":{"alt_text":"","src":"https:\/\/i0.wp.com\/noticiasribeiraopreto.com.br\/wp-content\/uploads\/2025\/06\/Colker-Fio-Flavio-Colker-Divulgacao-04-scaled.jpg?fit=794%2C500&ssl=1&resize=350%2C200","width":350,"height":200,"srcset":"https:\/\/i0.wp.com\/noticiasribeiraopreto.com.br\/wp-content\/uploads\/2025\/06\/Colker-Fio-Flavio-Colker-Divulgacao-04-scaled.jpg?fit=794%2C500&ssl=1&resize=350%2C200 1x, https:\/\/i0.wp.com\/noticiasribeiraopreto.com.br\/wp-content\/uploads\/2025\/06\/Colker-Fio-Flavio-Colker-Divulgacao-04-scaled.jpg?fit=794%2C500&ssl=1&resize=525%2C300 1.5x, https:\/\/i0.wp.com\/noticiasribeiraopreto.com.br\/wp-content\/uploads\/2025\/06\/Colker-Fio-Flavio-Colker-Divulgacao-04-scaled.jpg?fit=794%2C500&ssl=1&resize=700%2C400 2x"},"classes":[]},{"id":72791,"url":"https:\/\/noticiasribeiraopreto.com.br\/index.php\/2025\/06\/21\/colker-traz-obra-de-stravinsky-para-rp-2\/","url_meta":{"origin":72378,"position":1},"title":"Colker traz obra de Stravinsky para RP","author":"noticiasribeiraopreto.com.br","date":"21 de June de 2025","format":false,"excerpt":"Deborah Colker traz ao p\u00fablico uma nova obra inspirada no cl\u00e1ssico \u201cA Sagra\u00e7\u00e3o da Primavera\u201d de Igor Stravinsky (1882-1971), em busca de sagrar os caminhos evolutivos. O mais novo espet\u00e1culo da companhia fecha uma trilogia onde cada obra explora aspectos distintos da experi\u00eancia humana. Passa pelas paisagens nordestinas e a\u2026","rel":"","context":"In &quot;Not\u00edcias de Ribeir\u00e3o Preto-SP e Regi\u00e3o&quot;","block_context":{"text":"Not\u00edcias de Ribeir\u00e3o Preto-SP e Regi\u00e3o","link":"https:\/\/noticiasribeiraopreto.com.br\/index.php\/category\/noticias-de-ribeirao-preto-sp-e-regiao-ismael-colosi\/"},"img":{"alt_text":"","src":"https:\/\/i0.wp.com\/noticiasribeiraopreto.com.br\/wp-content\/uploads\/2025\/06\/Colker-Lac-Flavio-Colker-scaled.jpg?fit=800%2C699&ssl=1&resize=350%2C200","width":350,"height":200,"srcset":"https:\/\/i0.wp.com\/noticiasribeiraopreto.com.br\/wp-content\/uploads\/2025\/06\/Colker-Lac-Flavio-Colker-scaled.jpg?fit=800%2C699&ssl=1&resize=350%2C200 1x, https:\/\/i0.wp.com\/noticiasribeiraopreto.com.br\/wp-content\/uploads\/2025\/06\/Colker-Lac-Flavio-Colker-scaled.jpg?fit=800%2C699&ssl=1&resize=525%2C300 1.5x, https:\/\/i0.wp.com\/noticiasribeiraopreto.com.br\/wp-content\/uploads\/2025\/06\/Colker-Lac-Flavio-Colker-scaled.jpg?fit=800%2C699&ssl=1&resize=700%2C400 2x"},"classes":[]},{"id":70544,"url":"https:\/\/noticiasribeiraopreto.com.br\/index.php\/2025\/05\/27\/theatro-pedro-ii-saiba-como-garantir-entrada-gratuita-com-o-projeto-ingresso-social\/","url_meta":{"origin":72378,"position":2},"title":"Theatro Pedro II: saiba como garantir entrada gratuita com o projeto &#8216;Ingresso Social&#8217;","author":"noticiasribeiraopreto.com.br","date":"27 de May de 2025","format":false,"excerpt":"A Funda\u00e7\u00e3o Dom Pedro II, em parceria com a prefeitura, lan\u00e7ou nesta ter\u00e7a-feira (27) o projeto \u201cIngresso Social\u201d para que pessoas de baixa renda recebam ingressos gratuitos para espet\u00e1culos no Theatro Pedro II, em Ribeir\u00e3o Preto. Os ingressos s\u00e3o destinados aos inscritos no Cad\u00danico (Cadastro \u00danico para Programas Sociais) do\u2026","rel":"","context":"In &quot;Not\u00edcias de Ribeir\u00e3o Preto-SP e Regi\u00e3o&quot;","block_context":{"text":"Not\u00edcias de Ribeir\u00e3o Preto-SP e Regi\u00e3o","link":"https:\/\/noticiasribeiraopreto.com.br\/index.php\/category\/noticias-de-ribeirao-preto-sp-e-regiao-ismael-colosi\/"},"img":{"alt_text":"","src":"https:\/\/i0.wp.com\/noticiasribeiraopreto.com.br\/wp-content\/uploads\/2025\/02\/limpeza_lustre_theatro_-_foto_fernando_gonzaga12_2025-02-24_20-18-04_jpg_2025-02-24_20-18-04.webp.webp?fit=1200%2C800&ssl=1&resize=350%2C200","width":350,"height":200,"srcset":"https:\/\/i0.wp.com\/noticiasribeiraopreto.com.br\/wp-content\/uploads\/2025\/02\/limpeza_lustre_theatro_-_foto_fernando_gonzaga12_2025-02-24_20-18-04_jpg_2025-02-24_20-18-04.webp.webp?fit=1200%2C800&ssl=1&resize=350%2C200 1x, https:\/\/i0.wp.com\/noticiasribeiraopreto.com.br\/wp-content\/uploads\/2025\/02\/limpeza_lustre_theatro_-_foto_fernando_gonzaga12_2025-02-24_20-18-04_jpg_2025-02-24_20-18-04.webp.webp?fit=1200%2C800&ssl=1&resize=525%2C300 1.5x, https:\/\/i0.wp.com\/noticiasribeiraopreto.com.br\/wp-content\/uploads\/2025\/02\/limpeza_lustre_theatro_-_foto_fernando_gonzaga12_2025-02-24_20-18-04_jpg_2025-02-24_20-18-04.webp.webp?fit=1200%2C800&ssl=1&resize=700%2C400 2x, https:\/\/i0.wp.com\/noticiasribeiraopreto.com.br\/wp-content\/uploads\/2025\/02\/limpeza_lustre_theatro_-_foto_fernando_gonzaga12_2025-02-24_20-18-04_jpg_2025-02-24_20-18-04.webp.webp?fit=1200%2C800&ssl=1&resize=1050%2C600 3x"},"classes":[]},{"id":75655,"url":"https:\/\/noticiasribeiraopreto.com.br\/index.php\/2025\/08\/13\/ribeirao-preto-recebe-espetaculo-de-danca-gratuito-saiba-como-garantir-seu-ingresso\/","url_meta":{"origin":72378,"position":3},"title":"Ribeir\u00e3o Preto recebe espet\u00e1culo de dan\u00e7a gratuito; saiba como garantir seu ingresso","author":"noticiasribeiraopreto.com.br","date":"13 de August de 2025","format":false,"excerpt":"A Companhia Cisne Negro, uma das principais companhias de dan\u00e7a do Pa\u00eds, apresenta neste fim de semana, no Centro Cultural Sesi Ribeir\u00e3o Preto, um espet\u00e1culo gratuito de dan\u00e7a contempor\u00e2nea inspirado na m\u00fasica \u201cQue tal o imposs\u00edvel?\u201d, de Itamar Assump\u00e7\u00e3o. A companhia ainda oferece uma oficina de dan\u00e7a gratuita. As exibi\u00e7\u00f5es,\u2026","rel":"","context":"In &quot;Not\u00edcias de Ribeir\u00e3o Preto-SP e Regi\u00e3o&quot;","block_context":{"text":"Not\u00edcias de Ribeir\u00e3o Preto-SP e Regi\u00e3o","link":"https:\/\/noticiasribeiraopreto.com.br\/index.php\/category\/noticias-de-ribeirao-preto-sp-e-regiao-ismael-colosi\/"},"img":{"alt_text":"","src":"https:\/\/i0.wp.com\/noticiasribeiraopreto.com.br\/wp-content\/uploads\/2025\/08\/WhatsApp-Image-2025-08-13-at-10.56.18_2025-08-13_14-15-01.webp.webp?fit=1200%2C799&ssl=1&resize=350%2C200","width":350,"height":200,"srcset":"https:\/\/i0.wp.com\/noticiasribeiraopreto.com.br\/wp-content\/uploads\/2025\/08\/WhatsApp-Image-2025-08-13-at-10.56.18_2025-08-13_14-15-01.webp.webp?fit=1200%2C799&ssl=1&resize=350%2C200 1x, https:\/\/i0.wp.com\/noticiasribeiraopreto.com.br\/wp-content\/uploads\/2025\/08\/WhatsApp-Image-2025-08-13-at-10.56.18_2025-08-13_14-15-01.webp.webp?fit=1200%2C799&ssl=1&resize=525%2C300 1.5x, https:\/\/i0.wp.com\/noticiasribeiraopreto.com.br\/wp-content\/uploads\/2025\/08\/WhatsApp-Image-2025-08-13-at-10.56.18_2025-08-13_14-15-01.webp.webp?fit=1200%2C799&ssl=1&resize=700%2C400 2x, https:\/\/i0.wp.com\/noticiasribeiraopreto.com.br\/wp-content\/uploads\/2025\/08\/WhatsApp-Image-2025-08-13-at-10.56.18_2025-08-13_14-15-01.webp.webp?fit=1200%2C799&ssl=1&resize=1050%2C600 3x"},"classes":[]},{"id":75595,"url":"https:\/\/noticiasribeiraopreto.com.br\/index.php\/2025\/08\/12\/ribeirao-preto-recebe-espetaculo-de-danca-sobre-a-imigracao-japonesa\/","url_meta":{"origin":72378,"position":4},"title":"Ribeir\u00e3o Preto recebe espet\u00e1culo de dan\u00e7a sobre a imigra\u00e7\u00e3o japonesa","author":"noticiasribeiraopreto.com.br","date":"12 de August de 2025","format":false,"excerpt":"O Teatro Municipal de Ribeir\u00e3o Preto recebe neste domingo (17), \u00e0s 18h, o espet\u00e1culo de dan\u00e7a \u201cArigat\u00f4\u2026 Sayonara\u201d, que narra a historia da imigra\u00e7\u00e3o japonesa no Brasil. Al\u00e9m disso, tamb\u00e9m acontece uma oficina de dan\u00e7a contempor\u00e2nea gratuita ministrada pelo grupo. O espet\u00e1culo \u00e9 inspirado na linhagem familiar da diretora art\u00edstica\u2026","rel":"","context":"In &quot;Not\u00edcias de Ribeir\u00e3o Preto-SP e Regi\u00e3o&quot;","block_context":{"text":"Not\u00edcias de Ribeir\u00e3o Preto-SP e Regi\u00e3o","link":"https:\/\/noticiasribeiraopreto.com.br\/index.php\/category\/noticias-de-ribeirao-preto-sp-e-regiao-ismael-colosi\/"},"img":{"alt_text":"","src":"https:\/\/i0.wp.com\/noticiasribeiraopreto.com.br\/wp-content\/uploads\/2025\/08\/Arigato-Sayonara-de-Erika-Novachi-Foto-Juliana-Hilal-_2025-08-12_14-50-23.webp.webp?fit=1200%2C800&ssl=1&resize=350%2C200","width":350,"height":200,"srcset":"https:\/\/i0.wp.com\/noticiasribeiraopreto.com.br\/wp-content\/uploads\/2025\/08\/Arigato-Sayonara-de-Erika-Novachi-Foto-Juliana-Hilal-_2025-08-12_14-50-23.webp.webp?fit=1200%2C800&ssl=1&resize=350%2C200 1x, https:\/\/i0.wp.com\/noticiasribeiraopreto.com.br\/wp-content\/uploads\/2025\/08\/Arigato-Sayonara-de-Erika-Novachi-Foto-Juliana-Hilal-_2025-08-12_14-50-23.webp.webp?fit=1200%2C800&ssl=1&resize=525%2C300 1.5x, https:\/\/i0.wp.com\/noticiasribeiraopreto.com.br\/wp-content\/uploads\/2025\/08\/Arigato-Sayonara-de-Erika-Novachi-Foto-Juliana-Hilal-_2025-08-12_14-50-23.webp.webp?fit=1200%2C800&ssl=1&resize=700%2C400 2x, https:\/\/i0.wp.com\/noticiasribeiraopreto.com.br\/wp-content\/uploads\/2025\/08\/Arigato-Sayonara-de-Erika-Novachi-Foto-Juliana-Hilal-_2025-08-12_14-50-23.webp.webp?fit=1200%2C800&ssl=1&resize=1050%2C600 3x"},"classes":[]},{"id":78014,"url":"https:\/\/noticiasribeiraopreto.com.br\/index.php\/2025\/09\/30\/bale-folclorico-da-bahia-se-apresenta-no-sesc-franca-saiba-como-assistir\/","url_meta":{"origin":72378,"position":5},"title":"Bal\u00e9 Folcl\u00f3rico da Bahia se apresenta no Sesc Franca; Saiba como assistir","author":"noticiasribeiraopreto.com.br","date":"30 de September de 2025","format":false,"excerpt":"Nesta quarta-feira (1\u00ba), o Sesc Franca recebe, a partir das 19h30, o Bal\u00e9 Folcl\u00f3rico da Bahia com um espet\u00e1culo da turn\u00ea em comemora\u00e7\u00e3o dos 37 anos da companhia. A apresenta\u00e7\u00e3o integra a Extens\u00e3o Bienal Sesc de Dan\u00e7a, iniciativa vinculada \u00e0 14\u00aa Bienal Sesc de Dan\u00e7a, realizada em Campinas. Criado em\u2026","rel":"","context":"In &quot;Not\u00edcias de Ribeir\u00e3o Preto-SP e Regi\u00e3o&quot;","block_context":{"text":"Not\u00edcias de Ribeir\u00e3o Preto-SP e Regi\u00e3o","link":"https:\/\/noticiasribeiraopreto.com.br\/index.php\/category\/noticias-de-ribeirao-preto-sp-e-regiao-ismael-colosi\/"},"img":{"alt_text":"","src":"https:\/\/i0.wp.com\/noticiasribeiraopreto.com.br\/wp-content\/uploads\/2025\/09\/irmas-cola-2_2025-09-30_14-48-36.webp.webp?fit=1200%2C675&ssl=1&resize=350%2C200","width":350,"height":200,"srcset":"https:\/\/i0.wp.com\/noticiasribeiraopreto.com.br\/wp-content\/uploads\/2025\/09\/irmas-cola-2_2025-09-30_14-48-36.webp.webp?fit=1200%2C675&ssl=1&resize=350%2C200 1x, https:\/\/i0.wp.com\/noticiasribeiraopreto.com.br\/wp-content\/uploads\/2025\/09\/irmas-cola-2_2025-09-30_14-48-36.webp.webp?fit=1200%2C675&ssl=1&resize=525%2C300 1.5x, https:\/\/i0.wp.com\/noticiasribeiraopreto.com.br\/wp-content\/uploads\/2025\/09\/irmas-cola-2_2025-09-30_14-48-36.webp.webp?fit=1200%2C675&ssl=1&resize=700%2C400 2x, https:\/\/i0.wp.com\/noticiasribeiraopreto.com.br\/wp-content\/uploads\/2025\/09\/irmas-cola-2_2025-09-30_14-48-36.webp.webp?fit=1200%2C675&ssl=1&resize=1050%2C600 3x"},"classes":[]}],"jetpack_sharing_enabled":true,"jetpack_shortlink":"https:\/\/wp.me\/peQAOb-iPo","_links":{"self":[{"href":"https:\/\/noticiasribeiraopreto.com.br\/index.php\/wp-json\/wp\/v2\/posts\/72378","targetHints":{"allow":["GET"]}}],"collection":[{"href":"https:\/\/noticiasribeiraopreto.com.br\/index.php\/wp-json\/wp\/v2\/posts"}],"about":[{"href":"https:\/\/noticiasribeiraopreto.com.br\/index.php\/wp-json\/wp\/v2\/types\/post"}],"author":[{"embeddable":true,"href":"https:\/\/noticiasribeiraopreto.com.br\/index.php\/wp-json\/wp\/v2\/users\/1"}],"replies":[{"embeddable":true,"href":"https:\/\/noticiasribeiraopreto.com.br\/index.php\/wp-json\/wp\/v2\/comments?post=72378"}],"version-history":[{"count":0,"href":"https:\/\/noticiasribeiraopreto.com.br\/index.php\/wp-json\/wp\/v2\/posts\/72378\/revisions"}],"wp:featuredmedia":[{"embeddable":true,"href":"https:\/\/noticiasribeiraopreto.com.br\/index.php\/wp-json\/wp\/v2\/media\/72379"}],"wp:attachment":[{"href":"https:\/\/noticiasribeiraopreto.com.br\/index.php\/wp-json\/wp\/v2\/media?parent=72378"}],"wp:term":[{"taxonomy":"category","embeddable":true,"href":"https:\/\/noticiasribeiraopreto.com.br\/index.php\/wp-json\/wp\/v2\/categories?post=72378"},{"taxonomy":"post_tag","embeddable":true,"href":"https:\/\/noticiasribeiraopreto.com.br\/index.php\/wp-json\/wp\/v2\/tags?post=72378"}],"curies":[{"name":"wp","href":"https:\/\/api.w.org\/{rel}","templated":true}]}}