{"id":72380,"date":"2025-06-16T17:09:36","date_gmt":"2025-06-16T20:09:36","guid":{"rendered":"https:\/\/noticiasribeiraopreto.com.br\/index.php\/2025\/06\/16\/filme-sobre-maria-zeferina-entra-em-nova-fase-de-gravacoes-e-inscreve-figurantes-voluntarios\/"},"modified":"2025-06-16T17:09:36","modified_gmt":"2025-06-16T20:09:36","slug":"filme-sobre-maria-zeferina-entra-em-nova-fase-de-gravacoes-e-inscreve-figurantes-voluntarios","status":"publish","type":"post","link":"https:\/\/noticiasribeiraopreto.com.br\/index.php\/2025\/06\/16\/filme-sobre-maria-zeferina-entra-em-nova-fase-de-gravacoes-e-inscreve-figurantes-voluntarios\/","title":{"rendered":"Filme sobre Maria Zeferina entra em nova fase de grava\u00e7\u00f5es e inscreve figurantes volunt\u00e1rios"},"content":{"rendered":"<p> <br \/>\n<\/p>\n<div>\n<p>O longa-metragem documental \u201c<strong>Zeferina \u2013 Maria Brasileira<\/strong>\u201d, que retrata a trajet\u00f3ria da ex-boia-fria e maratonista <strong>Maria Zeferina Baldaia<\/strong>, terceira brasileira a vencer uma edi\u00e7\u00e3o <strong>Corrida de S\u00e3o Silvestre<\/strong>, em <strong>2001<\/strong>, entra em uma nova fase de grava\u00e7\u00f5es, nas cidades do interior paulista, passando por <strong>Sert\u00e3ozinho<\/strong>, <strong>Juruc\u00ea <\/strong>e <strong>Ribeir\u00e3o Preto<\/strong>.<\/p>\n<p>Com roteiro e dire\u00e7\u00e3o de <strong>Lucas Bretas<\/strong>, produ\u00e7\u00e3o de <strong>Junior Perini<\/strong> e co-produ\u00e7\u00e3o da <strong>G\u00eameos do Cinema<\/strong>, o filme tamb\u00e9m prev\u00ea grava\u00e7\u00f5es internacionais com grandes nomes do atletismo mundial.<\/p>\n<p>Entre os nomes confirmados para entrevistas est\u00e3o <strong>Rosa Mota (Portugal)<\/strong>, campe\u00e3 ol\u00edmpica e seis vezes vencedora da <strong>S\u00e3o Silvestre<\/strong>, e <strong>Margarete Okayo (Qu\u00eania)<\/strong>, atleta que disputou com <strong>Zeferina<\/strong> a edi\u00e7\u00e3o hist\u00f3rica de <strong>2001<\/strong>.<\/p>\n<p>O document\u00e1rio tamb\u00e9m contar\u00e1 com depoimentos da fam\u00edlia e amigos pr\u00f3ximos da corredora. O lan\u00e7amento do filme est\u00e1 previsto para dezembro de <strong>2025<\/strong>, m\u00eas que marcar\u00e1 a <strong>100\u00aa edi\u00e7\u00e3o da Corrida de S\u00e3o Silvestre<\/strong>, vencida por <strong>Zeferina<\/strong> no ano de <strong>2001<\/strong>.<\/p>\n<h2 class=\"wp-block-heading\"><strong>Como ser volunt\u00e1rio nas filmagens?<\/strong><\/h2>\n<p>A produ\u00e7\u00e3o do filme abriu inscri\u00e7\u00f5es para figurantes volunt\u00e1rios <strong>maiores de 18 anos<\/strong> para colaborarem na recria\u00e7\u00e3o de momentos importantes da vida da atleta.\u00a0<\/p>\n<p>Crian\u00e7as e adolescentes tamb\u00e9m poder\u00e3o participar, mediante autoriza\u00e7\u00e3o dos pais ou respons\u00e1veis, e n\u00e3o \u00e9 exigida experi\u00eancia pr\u00e9via em atua\u00e7\u00e3o. As cenas s\u00e3o sem di\u00e1logo.<\/p>\n<p>Interessados em participar como figurantes podem se inscrever pelo <strong>link <a href=\"https:\/\/docs.google.com\/forms\/d\/139gG8LLgLPaiGo9CzwewwtTcq5AIhUh6l9w5dioWDGQ\/viewform?edit_requested=true\">(clique aqui)<\/a><\/strong>.<\/p>\n<h3 class=\"wp-block-heading\"><strong>Cronograma de filmagens<\/strong><\/h3>\n<ul class=\"wp-block-list\">\n<li><strong>Segunda-feira, 16\/06<\/strong><br \/>Propriedade Rural \u2013 Sert\u00e3ozinho (Canavial) \/ Atividades durante o dia<\/li>\n<li><strong>Ter\u00e7a-feira, 17\/06<\/strong><br \/>Propriedade Rural \u2013 Sert\u00e3ozinho (Canavial) \/ Atividades durante o dia<\/li>\n<li><strong>Quarta-feira, 18\/06<\/strong><br \/>Resid\u00eancia de Dona Neti (organizadora da Festa do Bom Jesus da Lapa) \u2013 Sert\u00e3ozinho \/ Pr\u00e9-produ\u00e7\u00e3o ao longo do dia \/ Grava\u00e7\u00e3o de cena \u00e0 noite<\/li>\n<li><strong>Quinta-feira, 19\/06<\/strong><br \/>Terminal Rodovi\u00e1rio de Juruc\u00ea e Estradas da Regi\u00e3o \/ Grava\u00e7\u00f5es durante o dia<\/li>\n<li><strong>Sexta-feira, 20\/06<\/strong><br \/>S\u00edtio Duas Marias e Ruas da Cidade \u2013 Sert\u00e3ozinho (Zona Urbana) \/ Chegada \u00e0 tarde; grava\u00e7\u00f5es seguem at\u00e9 tarde da noite.<\/li>\n<li><strong>Domingo, 22\/06<\/strong><br \/>Cava do Bosque \u2013 Ribeir\u00e3o Preto \/ Grava\u00e7\u00e3o pela manh\u00e3 \/ Chegada prevista antes do nascer do sol<\/li>\n<li><strong>Centro Ol\u00edmpico Maria Zeferina Baldaia<\/strong> \u2013 Sert\u00e3ozinho \/ Grava\u00e7\u00f5es pela manh\u00e3 e \u00e0 tarde<\/li>\n<\/ul>\n<p>SAIBA MAIS<\/p>\n<p>Ribeir\u00e3o Preto recebe s\u00e9rie \u2018Minaz Jazz\u2019 com performance do grupo \u2018Bax\u00f4!\u2019<\/p>\n<h4 class=\"wp-block-heading\"><strong>FIQUE ON<\/strong><\/h4>\n<p>Fique ligado em tudo que acontece em Ribeir\u00e3o Preto e regi\u00e3o. Siga os perfis do <strong>acidade on <\/strong>no <a href=\"https:\/\/www.instagram.com\/acidadeonribeirao\" target=\"_blank\" rel=\"noreferrer noopener\">Instagram<\/a> e no <a href=\"https:\/\/www.facebook.com\/acidadeonribeirao\" target=\"_blank\" rel=\"noreferrer noopener\">Facebook<\/a>.<\/p>\n<p>Receba not\u00edcias do acidade on no WhatsApp. Para entrar no grupo, basta <a href=\"https:\/\/chat.whatsapp.com\/BjKQZ9oJwlz8VVT50NuePq\" target=\"_blank\" rel=\"noreferrer noopener\">clicar aqui<\/a>.<\/p>\n<p>Fa\u00e7a uma den\u00fancia ou sugira uma reportagem sobre Ribeir\u00e3o Preto e regi\u00e3o pelo WhatsApp: 16 99117 7802.<\/p>\n<p>VEJA TAMB\u00c9M<\/p>\n<p>S\u00e3o Jo\u00e3o de PE: quais artistas que ganharam mais de cach\u00ea?<\/p>\n<p><!-- CONTENT END 1 -->\n<\/div>\n<p><script async src=\"\/\/www.instagram.com\/embed.js\"><\/script><br \/>\n<br \/><br \/>\n<br \/><a href=\"https:\/\/www.acidadeon.com\/ribeiraopreto\/lazer-e-cultura\/filme-sobre-maria-zeferina-entra-em-nova-fase-de-gravacoes-e-inscreve-figurantes-voluntarios\/\">Source link <\/a><\/p>\n","protected":false},"excerpt":{"rendered":"<p>O longa-metragem documental \u201cZeferina \u2013 Maria Brasileira\u201d, que retrata a trajet\u00f3ria da ex-boia-fria e maratonista Maria Zeferina Baldaia, terceira brasileira a vencer uma edi\u00e7\u00e3o Corrida&#8230;<\/p>\n","protected":false},"author":1,"featured_media":72381,"comment_status":"open","ping_status":"open","sticky":false,"template":"","format":"standard","meta":{"advanced_seo_description":"","jetpack_seo_html_title":"","jetpack_seo_noindex":false,"jetpack_post_was_ever_published":false,"_jetpack_newsletter_access":"","_jetpack_dont_email_post_to_subs":false,"_jetpack_newsletter_tier_id":0,"_jetpack_memberships_contains_paywalled_content":false,"_jetpack_memberships_contains_paid_content":false,"footnotes":"","jetpack_publicize_message":"","jetpack_publicize_feature_enabled":true,"jetpack_social_post_already_shared":true,"jetpack_social_options":{"image_generator_settings":{"template":"highway","default_image_id":0,"font":"","enabled":false},"version":2}},"categories":[11],"tags":[],"class_list":["post-72380","post","type-post","status-publish","format-standard","has-post-thumbnail","hentry","category-noticias-de-ribeirao-preto-sp-e-regiao-ismael-colosi"],"jetpack_publicize_connections":[],"jetpack_featured_media_url":"https:\/\/i0.wp.com\/noticiasribeiraopreto.com.br\/wp-content\/uploads\/2025\/06\/Gravacao-Zeferina.-2_2025-06-16_16-47-01.webp.webp?fit=1200%2C898&ssl=1","jetpack-related-posts":[{"id":72424,"url":"https:\/\/noticiasribeiraopreto.com.br\/index.php\/2025\/06\/17\/filme-sobre-a-maratonista-maria-zeferina-seleciona-figurantes\/","url_meta":{"origin":72380,"position":0},"title":"Filme sobre a maratonista Maria Zeferina seleciona figurantes","author":"noticiasribeiraopreto.com.br","date":"17 de June de 2025","format":false,"excerpt":"16 de junho de 2025 15:2217 de junho de 2025 01:0658 Compartilhar0 A Grattitude Films produtora do longa-metragem documental \u201cZeferina \u2013 Maria Brasileira\u201d, que retrata a trajet\u00f3ria da ex-boia-fria e maratonista Maria Zeferina Baldaia, abriu inscri\u00e7\u00f5es para figurantes volunt\u00e1rios. Maria Zeferina foi a terceira brasileira a vencer uma edi\u00e7\u00e3o Corrida\u2026","rel":"","context":"In &quot;Not\u00edcias de Ribeir\u00e3o Preto-SP e Regi\u00e3o&quot;","block_context":{"text":"Not\u00edcias de Ribeir\u00e3o Preto-SP e Regi\u00e3o","link":"https:\/\/noticiasribeiraopreto.com.br\/index.php\/category\/noticias-de-ribeirao-preto-sp-e-regiao-ismael-colosi\/"},"img":{"alt_text":"","src":"https:\/\/i0.wp.com\/noticiasribeiraopreto.com.br\/wp-content\/uploads\/2025\/06\/zeferina-scaled.jpeg?fit=668%2C500&ssl=1&resize=350%2C200","width":350,"height":200,"srcset":"https:\/\/i0.wp.com\/noticiasribeiraopreto.com.br\/wp-content\/uploads\/2025\/06\/zeferina-scaled.jpeg?fit=668%2C500&ssl=1&resize=350%2C200 1x, https:\/\/i0.wp.com\/noticiasribeiraopreto.com.br\/wp-content\/uploads\/2025\/06\/zeferina-scaled.jpeg?fit=668%2C500&ssl=1&resize=525%2C300 1.5x"},"classes":[]},{"id":76651,"url":"https:\/\/noticiasribeiraopreto.com.br\/index.php\/2025\/09\/02\/campea-olimpica-participa-de-documentario-sobre-maria-zeferina-em-ribeirao-preto\/","url_meta":{"origin":72380,"position":1},"title":"Campe\u00e3 ol\u00edmpica participa de document\u00e1rio sobre\u00a0Maria\u00a0Zeferina em Ribeir\u00e3o Preto","author":"noticiasribeiraopreto.com.br","date":"2 de September de 2025","format":false,"excerpt":"A campe\u00e3 ol\u00edmpica Rosa Mota participou das grava\u00e7\u00f5es do document\u00e1rio \u201cZeferina \u2013 Maria Brasileira\u201d, em Ribeir\u00e3o Preto. A atleta portuguesa, vencedora da maratona nos Jogos Ol\u00edmpicos de Seul em 1988 e seis vezes campe\u00e3 da Corrida de S\u00e3o Silvestre, gravou cenas em locais simb\u00f3licos da cidade, como o Teatro de\u2026","rel":"","context":"In &quot;Not\u00edcias de Ribeir\u00e3o Preto-SP e Regi\u00e3o&quot;","block_context":{"text":"Not\u00edcias de Ribeir\u00e3o Preto-SP e Regi\u00e3o","link":"https:\/\/noticiasribeiraopreto.com.br\/index.php\/category\/noticias-de-ribeirao-preto-sp-e-regiao-ismael-colosi\/"},"img":{"alt_text":"","src":"https:\/\/i0.wp.com\/noticiasribeiraopreto.com.br\/wp-content\/uploads\/2025\/09\/Copia-de-Copia-de-Copia-de-TAMANHO-EXATO-PARA-FOTOS-NO-SISTEMA-NOVO-2025-09-02T200651.584_2025-09-02_23-08-37.webp.webp?fit=1200%2C675&ssl=1&resize=350%2C200","width":350,"height":200,"srcset":"https:\/\/i0.wp.com\/noticiasribeiraopreto.com.br\/wp-content\/uploads\/2025\/09\/Copia-de-Copia-de-Copia-de-TAMANHO-EXATO-PARA-FOTOS-NO-SISTEMA-NOVO-2025-09-02T200651.584_2025-09-02_23-08-37.webp.webp?fit=1200%2C675&ssl=1&resize=350%2C200 1x, https:\/\/i0.wp.com\/noticiasribeiraopreto.com.br\/wp-content\/uploads\/2025\/09\/Copia-de-Copia-de-Copia-de-TAMANHO-EXATO-PARA-FOTOS-NO-SISTEMA-NOVO-2025-09-02T200651.584_2025-09-02_23-08-37.webp.webp?fit=1200%2C675&ssl=1&resize=525%2C300 1.5x, https:\/\/i0.wp.com\/noticiasribeiraopreto.com.br\/wp-content\/uploads\/2025\/09\/Copia-de-Copia-de-Copia-de-TAMANHO-EXATO-PARA-FOTOS-NO-SISTEMA-NOVO-2025-09-02T200651.584_2025-09-02_23-08-37.webp.webp?fit=1200%2C675&ssl=1&resize=700%2C400 2x, https:\/\/i0.wp.com\/noticiasribeiraopreto.com.br\/wp-content\/uploads\/2025\/09\/Copia-de-Copia-de-Copia-de-TAMANHO-EXATO-PARA-FOTOS-NO-SISTEMA-NOVO-2025-09-02T200651.584_2025-09-02_23-08-37.webp.webp?fit=1200%2C675&ssl=1&resize=1050%2C600 3x"},"classes":[]},{"id":80885,"url":"https:\/\/noticiasribeiraopreto.com.br\/index.php\/2025\/12\/17\/documentario-zeferina-maria-brasileira-tem-pre-estreia-nesta-terca-em-ribeirao-preto\/","url_meta":{"origin":72380,"position":2},"title":"Document\u00e1rio &#8216;Zeferina \u2013 Maria Brasileira&#8217; tem pr\u00e9-estreia nesta ter\u00e7a em Ribeir\u00e3o Preto","author":"noticiasribeiraopreto.com.br","date":"17 de December de 2025","format":false,"excerpt":"A trajet\u00f3ria de Maria Zeferina Baldaia, atleta brasileira que saiu do trabalho como boia-fria para vencer a Corrida Internacional de S\u00e3o Silvestre, chega \u00e0s telas de Ribeir\u00e3o Preto nesta ter\u00e7a-feira (16). O document\u00e1rio \u201cZeferina \u2013 Maria Brasileira\u201d ter\u00e1 pr\u00e9-estreia gratuita \u00e0s 19h, no Audit\u00f3rio do Senai Ribeir\u00e3o Preto. O filme\u2026","rel":"","context":"In &quot;Not\u00edcias de Ribeir\u00e3o Preto-SP e Regi\u00e3o&quot;","block_context":{"text":"Not\u00edcias de Ribeir\u00e3o Preto-SP e Regi\u00e3o","link":"https:\/\/noticiasribeiraopreto.com.br\/index.php\/category\/noticias-de-ribeirao-preto-sp-e-regiao-ismael-colosi\/"},"img":{"alt_text":"","src":"https:\/\/i0.wp.com\/noticiasribeiraopreto.com.br\/wp-content\/uploads\/2025\/12\/167242145363af204d5c641_1672421453_3x2_md_2025-12-16_17-37-19.webp.webp?fit=768%2C512&ssl=1&resize=350%2C200","width":350,"height":200,"srcset":"https:\/\/i0.wp.com\/noticiasribeiraopreto.com.br\/wp-content\/uploads\/2025\/12\/167242145363af204d5c641_1672421453_3x2_md_2025-12-16_17-37-19.webp.webp?fit=768%2C512&ssl=1&resize=350%2C200 1x, https:\/\/i0.wp.com\/noticiasribeiraopreto.com.br\/wp-content\/uploads\/2025\/12\/167242145363af204d5c641_1672421453_3x2_md_2025-12-16_17-37-19.webp.webp?fit=768%2C512&ssl=1&resize=525%2C300 1.5x, https:\/\/i0.wp.com\/noticiasribeiraopreto.com.br\/wp-content\/uploads\/2025\/12\/167242145363af204d5c641_1672421453_3x2_md_2025-12-16_17-37-19.webp.webp?fit=768%2C512&ssl=1&resize=700%2C400 2x"},"classes":[]},{"id":80974,"url":"https:\/\/noticiasribeiraopreto.com.br\/index.php\/2025\/12\/19\/podcast-tribuna-maria-zeferina-relembra-superacao-e-celebra-seu-filme\/","url_meta":{"origin":72380,"position":3},"title":"Podcast Tribuna &#8211; Maria Zeferina relembra supera\u00e7\u00e3o e celebra seu filme","author":"noticiasribeiraopreto.com.br","date":"19 de December de 2025","format":false,"excerpt":"Fundista relembra inf\u00e2ncia na ro\u00e7a, a vit\u00f3ria hist\u00f3rica na S\u00e3o Silvestre e o legado deixado ao atletismo brasileiro, agora retratado no cinema A atleta Maria Zeferina Baldaia, um dos maiores nomes do atletismo brasileiro, \u00e9 a entrevistada do Epis\u00f3dio #11 do Podcast Tribuna Ribeir\u00e3o. No bate-papo, ela revisita a inf\u00e2ncia\u2026","rel":"","context":"In &quot;Not\u00edcias de Ribeir\u00e3o Preto-SP e Regi\u00e3o&quot;","block_context":{"text":"Not\u00edcias de Ribeir\u00e3o Preto-SP e Regi\u00e3o","link":"https:\/\/noticiasribeiraopreto.com.br\/index.php\/category\/noticias-de-ribeirao-preto-sp-e-regiao-ismael-colosi\/"},"img":{"alt_text":"","src":"https:\/\/i0.wp.com\/noticiasribeiraopreto.com.br\/wp-content\/uploads\/2025\/12\/podcast-maria-zeferina-scaled.jpeg?fit=1040%2C780&ssl=1&resize=350%2C200","width":350,"height":200,"srcset":"https:\/\/i0.wp.com\/noticiasribeiraopreto.com.br\/wp-content\/uploads\/2025\/12\/podcast-maria-zeferina-scaled.jpeg?fit=1040%2C780&ssl=1&resize=350%2C200 1x, https:\/\/i0.wp.com\/noticiasribeiraopreto.com.br\/wp-content\/uploads\/2025\/12\/podcast-maria-zeferina-scaled.jpeg?fit=1040%2C780&ssl=1&resize=525%2C300 1.5x, https:\/\/i0.wp.com\/noticiasribeiraopreto.com.br\/wp-content\/uploads\/2025\/12\/podcast-maria-zeferina-scaled.jpeg?fit=1040%2C780&ssl=1&resize=700%2C400 2x"},"classes":[]},{"id":82941,"url":"https:\/\/noticiasribeiraopreto.com.br\/index.php\/2026\/03\/04\/mulheres-que-inspiram-maria-zeferina-no-pod\/","url_meta":{"origin":72380,"position":4},"title":"Mulheres que Inspiram: Maria Zeferina no POD","author":"noticiasribeiraopreto.com.br","date":"4 de March de 2026","format":false,"excerpt":"No especial de M\u00eas da Mulher, o POD Com Elas recebe uma convidada que \u00e9 sin\u00f4nimo de garra e supera\u00e7\u00e3o: Maria Zeferina Baldaia. Com uma trajet\u00f3ria marcada por desafios, Maria Zeferina saiu do trabalho na ro\u00e7a e conquistou espa\u00e7o no atletismo brasileiro, mostrando que a determina\u00e7\u00e3o pode transformar qualquer realidade.\u2026","rel":"","context":"In &quot;Not\u00edcias de Ribeir\u00e3o Preto-SP e Regi\u00e3o&quot;","block_context":{"text":"Not\u00edcias de Ribeir\u00e3o Preto-SP e Regi\u00e3o","link":"https:\/\/noticiasribeiraopreto.com.br\/index.php\/category\/noticias-de-ribeirao-preto-sp-e-regiao-ismael-colosi\/"},"img":{"alt_text":"","src":"https:\/\/i0.wp.com\/noticiasribeiraopreto.com.br\/wp-content\/uploads\/2026\/03\/informe-g1-17_2026-03-03_20-50-03.webp.webp?fit=1200%2C675&ssl=1&resize=350%2C200","width":350,"height":200,"srcset":"https:\/\/i0.wp.com\/noticiasribeiraopreto.com.br\/wp-content\/uploads\/2026\/03\/informe-g1-17_2026-03-03_20-50-03.webp.webp?fit=1200%2C675&ssl=1&resize=350%2C200 1x, https:\/\/i0.wp.com\/noticiasribeiraopreto.com.br\/wp-content\/uploads\/2026\/03\/informe-g1-17_2026-03-03_20-50-03.webp.webp?fit=1200%2C675&ssl=1&resize=525%2C300 1.5x, https:\/\/i0.wp.com\/noticiasribeiraopreto.com.br\/wp-content\/uploads\/2026\/03\/informe-g1-17_2026-03-03_20-50-03.webp.webp?fit=1200%2C675&ssl=1&resize=700%2C400 2x, https:\/\/i0.wp.com\/noticiasribeiraopreto.com.br\/wp-content\/uploads\/2026\/03\/informe-g1-17_2026-03-03_20-50-03.webp.webp?fit=1200%2C675&ssl=1&resize=1050%2C600 3x"},"classes":[]},{"id":84854,"url":"https:\/\/noticiasribeiraopreto.com.br\/index.php\/2026\/04\/16\/17a-corrida-do-trabalhador\/","url_meta":{"origin":72380,"position":5},"title":"17\u00aa Corrida do Trabalhador:","author":"noticiasribeiraopreto.com.br","date":"16 de April de 2026","format":false,"excerpt":"Preparados para a 17\u00aa Corrida do Trabalhador? No Momento da Fam\u00edlia, Andr\u00e9a Vitaliano bate papo com a campe\u00e3 Maria Zeferina Baldaia direto da pista! O post 17\u00aa Corrida do Trabalhador: apareceu primeiro em ACidade ON Ribeir\u00e3o Preto. Source link","rel":"","context":"In &quot;Not\u00edcias de Ribeir\u00e3o Preto-SP e Regi\u00e3o&quot;","block_context":{"text":"Not\u00edcias de Ribeir\u00e3o Preto-SP e Regi\u00e3o","link":"https:\/\/noticiasribeiraopreto.com.br\/index.php\/category\/noticias-de-ribeirao-preto-sp-e-regiao-ismael-colosi\/"},"img":{"alt_text":"","src":"https:\/\/i0.wp.com\/noticiasribeiraopreto.com.br\/wp-content\/uploads\/2026\/04\/capa_2026-04-16_18-39-10.webp.webp?fit=1168%2C658&ssl=1&resize=350%2C200","width":350,"height":200,"srcset":"https:\/\/i0.wp.com\/noticiasribeiraopreto.com.br\/wp-content\/uploads\/2026\/04\/capa_2026-04-16_18-39-10.webp.webp?fit=1168%2C658&ssl=1&resize=350%2C200 1x, https:\/\/i0.wp.com\/noticiasribeiraopreto.com.br\/wp-content\/uploads\/2026\/04\/capa_2026-04-16_18-39-10.webp.webp?fit=1168%2C658&ssl=1&resize=525%2C300 1.5x, https:\/\/i0.wp.com\/noticiasribeiraopreto.com.br\/wp-content\/uploads\/2026\/04\/capa_2026-04-16_18-39-10.webp.webp?fit=1168%2C658&ssl=1&resize=700%2C400 2x, https:\/\/i0.wp.com\/noticiasribeiraopreto.com.br\/wp-content\/uploads\/2026\/04\/capa_2026-04-16_18-39-10.webp.webp?fit=1168%2C658&ssl=1&resize=1050%2C600 3x"},"classes":[]}],"jetpack_sharing_enabled":true,"jetpack_shortlink":"https:\/\/wp.me\/peQAOb-iPq","_links":{"self":[{"href":"https:\/\/noticiasribeiraopreto.com.br\/index.php\/wp-json\/wp\/v2\/posts\/72380","targetHints":{"allow":["GET"]}}],"collection":[{"href":"https:\/\/noticiasribeiraopreto.com.br\/index.php\/wp-json\/wp\/v2\/posts"}],"about":[{"href":"https:\/\/noticiasribeiraopreto.com.br\/index.php\/wp-json\/wp\/v2\/types\/post"}],"author":[{"embeddable":true,"href":"https:\/\/noticiasribeiraopreto.com.br\/index.php\/wp-json\/wp\/v2\/users\/1"}],"replies":[{"embeddable":true,"href":"https:\/\/noticiasribeiraopreto.com.br\/index.php\/wp-json\/wp\/v2\/comments?post=72380"}],"version-history":[{"count":0,"href":"https:\/\/noticiasribeiraopreto.com.br\/index.php\/wp-json\/wp\/v2\/posts\/72380\/revisions"}],"wp:featuredmedia":[{"embeddable":true,"href":"https:\/\/noticiasribeiraopreto.com.br\/index.php\/wp-json\/wp\/v2\/media\/72381"}],"wp:attachment":[{"href":"https:\/\/noticiasribeiraopreto.com.br\/index.php\/wp-json\/wp\/v2\/media?parent=72380"}],"wp:term":[{"taxonomy":"category","embeddable":true,"href":"https:\/\/noticiasribeiraopreto.com.br\/index.php\/wp-json\/wp\/v2\/categories?post=72380"},{"taxonomy":"post_tag","embeddable":true,"href":"https:\/\/noticiasribeiraopreto.com.br\/index.php\/wp-json\/wp\/v2\/tags?post=72380"}],"curies":[{"name":"wp","href":"https:\/\/api.w.org\/{rel}","templated":true}]}}