{"id":72382,"date":"2025-06-16T17:17:48","date_gmt":"2025-06-16T20:17:48","guid":{"rendered":"https:\/\/noticiasribeiraopreto.com.br\/index.php\/2025\/06\/16\/muito-assustador-diz-adolescente-que-subiu-em-carro-para-se-proteger-de-ataque-de-pit-bull\/"},"modified":"2025-06-16T17:17:48","modified_gmt":"2025-06-16T20:17:48","slug":"muito-assustador-diz-adolescente-que-subiu-em-carro-para-se-proteger-de-ataque-de-pit-bull","status":"publish","type":"post","link":"https:\/\/noticiasribeiraopreto.com.br\/index.php\/2025\/06\/16\/muito-assustador-diz-adolescente-que-subiu-em-carro-para-se-proteger-de-ataque-de-pit-bull\/","title":{"rendered":"\u2018Muito assustador\u2019, diz adolescente que subiu em carro para se proteger de ataque de pit bull"},"content":{"rendered":"<p> <br \/>\n<\/p>\n<div data-td-block-uid=\"tdi_95\">\n<div class=\"tdb-block-inner td-fix-index\">\n<p><strong>Uma adolescente que precisou subir em um carro para se proteger do ataque de um pit bull relatou os momentos de tens\u00e3o vividos com mais cinco amigos neste domingo (15), no bairro Santo Ant\u00f4nio, em Jaboticabal, a 50 quil\u00f4metros de Ribeir\u00e3o Preto. <\/strong>O <strong>cachorro <\/strong>teria o teria <strong>escapado <\/strong>de uma <strong>resid\u00eancia<\/strong>. <strong>Assista\u00a0<\/strong>ao\u00a0<strong>v\u00eddeo\u00a0<\/strong>abaixo.<\/p>\n<figure class=\"wp-block-pullquote\">\n<blockquote>\n<p>Foi muito, muito assustador. O cachorro n\u00e3o parecia estar para brincadeira, n\u00e3o,<\/p>\n<p><cite><strong>disse Daphine Melissa de Oliveira, de 15 anos, em entrevista \u00e0 EPTV.<\/strong><\/cite><\/p><\/blockquote>\n<\/figure>\n<p><mark style=\"background-color:#fcb900\" class=\"has-inline-color has-black-color\">Uma menina de 15 anos, que estava com o grupo, sofreu ferimentos e precisou ser encaminhada a uma unidade de sa\u00fade.<\/mark><\/p>\n<p>A dona de casa Camila Silva, m\u00e3e da menina ferida, disse que o c\u00e3o mordeu sua filha quando ela j\u00e1 havia descido do carro e corrido para buscar ajuda em uma resid\u00eancia pr\u00f3xima.<\/p>\n<figure class=\"wp-block-pullquote\">\n<blockquote>\n<p>O cachorro veio e pegou por tr\u00e1s dela. Ela teve ferimentos leves, por\u00e9m, perfurou. Ela j\u00e1 est\u00e1 medicada e passa bem. Mas, est\u00e1 assustada. Ela s\u00f3 chora, fica imaginando a cena, que poderia ser pior, <\/p>\n<p><cite><strong>disse Camila Silva.<\/strong><\/cite><\/p><\/blockquote>\n<\/figure>\n<p>A m\u00e3e contou que o dono do pit bull entrou em contato com ela e que ele tamb\u00e9m est\u00e1 assustado com a situa\u00e7\u00e3o.<\/p>\n<p>Segundo Camila , ele apresentou a carteira de vacina\u00e7\u00e3o do cachorro e ofereceu ajuda com primeiros socorros e medicamentos. (Com EPTV)<\/p>\n<figure class=\"wp-block-video\"><video controls=\"\" src=\"https:\/\/www.acidadeon.com\/ribeiraopreto\/wp-content\/uploads\/sites\/3\/2025\/06\/WhatsApp-Video-2025-06-16-at-06.49.15-1.mp4\"\/><\/figure>\n<p>SAIBA MAIS<\/p>\n<p><strong>Crian\u00e7as sobem em carro para se protegerem de ataque de pit bull; V\u00eddeo<\/strong><\/p>\n<h2 class=\"wp-block-heading\"><strong>FIQUE ON<\/strong><\/h2>\n<p>Quer ficar por dentro de tudo que acontece em Ribeir\u00e3o Preto e regi\u00e3o? Ent\u00e3o siga os perfis do\u202facidade on\u202fno\u202f<a href=\"https:\/\/www.instagram.com\/acidadeonribeirao\" target=\"_blank\" rel=\"noreferrer noopener\">Instagram<\/a>\u202fe no\u202f<a href=\"https:\/\/www.facebook.com\/acidadeonribeirao\/\" target=\"_blank\" rel=\"noreferrer noopener\">Facebook<\/a>.<\/p>\n<p>Al\u00e9m disso, voc\u00ea pode receber as principais not\u00edcias diretamente no WhatsApp. Para isso, basta\u00a0<a href=\"https:\/\/chat.whatsapp.com\/BjKQZ9oJwlz8VVT50NuePq\" target=\"_blank\" rel=\"noreferrer noopener\">entrar no grupo clicando aqui<\/a>.<\/p>\n<p>Por fim, se quiser fazer uma den\u00fancia ou sugerir uma reportagem sobre Ribeir\u00e3o Preto e regi\u00e3o, envie uma mensagem pelo WhatsApp: (16) 99117-7802.<\/p>\n<p>VEJA TAMB\u00c9M<\/p>\n<p>Caixa Tem est\u00e1 fora do ar?<\/p>\n<p><!-- CONTENT END 1 -->\n<\/div>\n<\/div>\n<p><script async src=\"\/\/www.instagram.com\/embed.js\"><\/script><br \/>\n<br \/><br \/>\n<br \/><a href=\"https:\/\/www.acidadeon.com\/ribeiraopreto\/cotidiano\/muito-assustador-diz-adolescente-que-subiu-em-carro-para-se-proteger-de-ataque-de-pit-bull\/\">Source link <\/a><\/p>\n","protected":false},"excerpt":{"rendered":"<p>Uma adolescente que precisou subir em um carro para se proteger do ataque de um pit bull relatou os momentos de tens\u00e3o vividos com mais&#8230;<\/p>\n","protected":false},"author":1,"featured_media":72383,"comment_status":"open","ping_status":"open","sticky":false,"template":"","format":"standard","meta":{"advanced_seo_description":"","jetpack_seo_html_title":"","jetpack_seo_noindex":false,"jetpack_post_was_ever_published":false,"_jetpack_newsletter_access":"","_jetpack_dont_email_post_to_subs":false,"_jetpack_newsletter_tier_id":0,"_jetpack_memberships_contains_paywalled_content":false,"_jetpack_memberships_contains_paid_content":false,"footnotes":"","jetpack_publicize_message":"","jetpack_publicize_feature_enabled":true,"jetpack_social_post_already_shared":true,"jetpack_social_options":{"image_generator_settings":{"template":"highway","default_image_id":0,"font":"","enabled":false},"version":2}},"categories":[11],"tags":[],"class_list":["post-72382","post","type-post","status-publish","format-standard","has-post-thumbnail","hentry","category-noticias-de-ribeirao-preto-sp-e-regiao-ismael-colosi"],"jetpack_publicize_connections":[],"jetpack_featured_media_url":"https:\/\/i0.wp.com\/noticiasribeiraopreto.com.br\/wp-content\/uploads\/2025\/06\/CACHORRO_2025-06-16_17-18-12.webp.webp?fit=1200%2C868&ssl=1","jetpack-related-posts":[{"id":72326,"url":"https:\/\/noticiasribeiraopreto.com.br\/index.php\/2025\/06\/16\/criancas-sobem-em-carro-para-se-protegerem-de-ataque-de-pit-bull-video\/","url_meta":{"origin":72382,"position":0},"title":"Crian\u00e7as sobem em carro para se protegerem de ataque de pit bull; V\u00eddeo","author":"noticiasribeiraopreto.com.br","date":"16 de June de 2025","format":false,"excerpt":"Um grupo de crian\u00e7as e adolescentes subiu no teto de um carro, no final da tarde deste domingo (15), para se proteger do ataque de um pit bull em uma rua de Jaboticabal, a 50 quil\u00f4metros de Ribeir\u00e3o Preto. Assista ao v\u00eddeo abaixo. Uma menina, por\u00e9m, sofreu ferimentos e precisou\u2026","rel":"","context":"In &quot;Not\u00edcias de Ribeir\u00e3o Preto-SP e Regi\u00e3o&quot;","block_context":{"text":"Not\u00edcias de Ribeir\u00e3o Preto-SP e Regi\u00e3o","link":"https:\/\/noticiasribeiraopreto.com.br\/index.php\/category\/noticias-de-ribeirao-preto-sp-e-regiao-ismael-colosi\/"},"img":{"alt_text":"","src":"https:\/\/i0.wp.com\/noticiasribeiraopreto.com.br\/wp-content\/uploads\/2025\/06\/ATAQUE_2025-06-16_09-54-30.webp.webp?fit=1200%2C736&ssl=1&resize=350%2C200","width":350,"height":200,"srcset":"https:\/\/i0.wp.com\/noticiasribeiraopreto.com.br\/wp-content\/uploads\/2025\/06\/ATAQUE_2025-06-16_09-54-30.webp.webp?fit=1200%2C736&ssl=1&resize=350%2C200 1x, https:\/\/i0.wp.com\/noticiasribeiraopreto.com.br\/wp-content\/uploads\/2025\/06\/ATAQUE_2025-06-16_09-54-30.webp.webp?fit=1200%2C736&ssl=1&resize=525%2C300 1.5x, https:\/\/i0.wp.com\/noticiasribeiraopreto.com.br\/wp-content\/uploads\/2025\/06\/ATAQUE_2025-06-16_09-54-30.webp.webp?fit=1200%2C736&ssl=1&resize=700%2C400 2x, https:\/\/i0.wp.com\/noticiasribeiraopreto.com.br\/wp-content\/uploads\/2025\/06\/ATAQUE_2025-06-16_09-54-30.webp.webp?fit=1200%2C736&ssl=1&resize=1050%2C600 3x"},"classes":[]},{"id":74717,"url":"https:\/\/noticiasribeiraopreto.com.br\/index.php\/2025\/07\/28\/video-pit-bull-ataca-mulher-e-caozinho-na-zona-sul\/","url_meta":{"origin":72382,"position":1},"title":"V\u00cdDEO &#8211; Pit bull ataca mulher e c\u00e3ozinho na zona Sul","author":"noticiasribeiraopreto.com.br","date":"28 de July de 2025","format":false,"excerpt":"Ataque ocorreu em pra\u00e7a, quando c\u00e3o teria se soltado de coleira e iniciado o ataque 28 de julho de 2025 12:451 Compartilhar0 Por: Adalberto Luque Uma mulher e seu c\u00e3ozinho teriam ficados feridos, neste s\u00e1bado (26), ap\u00f3s serem atacados por um c\u00e3o da ra\u00e7a pit bull. O ataque ocorreu na\u2026","rel":"","context":"In &quot;Not\u00edcias de Ribeir\u00e3o Preto-SP e Regi\u00e3o&quot;","block_context":{"text":"Not\u00edcias de Ribeir\u00e3o Preto-SP e Regi\u00e3o","link":"https:\/\/noticiasribeiraopreto.com.br\/index.php\/category\/noticias-de-ribeirao-preto-sp-e-regiao-ismael-colosi\/"},"img":{"alt_text":"","src":"https:\/\/i0.wp.com\/noticiasribeiraopreto.com.br\/wp-content\/uploads\/2025\/07\/28-jul-2025-ataquepitbull.jpg?fit=822%2C467&ssl=1&resize=350%2C200","width":350,"height":200,"srcset":"https:\/\/i0.wp.com\/noticiasribeiraopreto.com.br\/wp-content\/uploads\/2025\/07\/28-jul-2025-ataquepitbull.jpg?fit=822%2C467&ssl=1&resize=350%2C200 1x, https:\/\/i0.wp.com\/noticiasribeiraopreto.com.br\/wp-content\/uploads\/2025\/07\/28-jul-2025-ataquepitbull.jpg?fit=822%2C467&ssl=1&resize=525%2C300 1.5x, https:\/\/i0.wp.com\/noticiasribeiraopreto.com.br\/wp-content\/uploads\/2025\/07\/28-jul-2025-ataquepitbull.jpg?fit=822%2C467&ssl=1&resize=700%2C400 2x"},"classes":[]},{"id":69747,"url":"https:\/\/noticiasribeiraopreto.com.br\/index.php\/2025\/05\/08\/vereador-e-preso-por-suspeita-de-oferecer-dinheiro-para-encontro-sexual-com-adolescente\/","url_meta":{"origin":72382,"position":2},"title":"Vereador \u00e9 preso por suspeita de oferecer dinheiro para encontro sexual com adolescente","author":"noticiasribeiraopreto.com.br","date":"8 de May de 2025","format":false,"excerpt":"Um vereador de Patroc\u00ednio Paulista, cidade a cerca de 100 quil\u00f4metros de Ribeir\u00e3o Preto, foi preso em flagrante na tarde desta quinta-feira (8), pela suspeita de oferecer dinheiro a uma adolescente de 15 anos em troca de encontros sexuais. Segundo a delegada Juliana Paiva, da DDM (Delegacia de Defesa da\u2026","rel":"","context":"In &quot;Not\u00edcias de Ribeir\u00e3o Preto-SP e Regi\u00e3o&quot;","block_context":{"text":"Not\u00edcias de Ribeir\u00e3o Preto-SP e Regi\u00e3o","link":"https:\/\/noticiasribeiraopreto.com.br\/index.php\/category\/noticias-de-ribeirao-preto-sp-e-regiao-ismael-colosi\/"},"img":{"alt_text":"","src":"https:\/\/i0.wp.com\/noticiasribeiraopreto.com.br\/wp-content\/uploads\/2025\/05\/Copia-de-Copia-de-Copia-de-TAMANHO-EXATO-PARA-FOTOS-NO-SISTEMA-NOVO-2025-05-08T192012.900_2025-05-08_22-20-19.webp.webp?fit=1200%2C675&ssl=1&resize=350%2C200","width":350,"height":200,"srcset":"https:\/\/i0.wp.com\/noticiasribeiraopreto.com.br\/wp-content\/uploads\/2025\/05\/Copia-de-Copia-de-Copia-de-TAMANHO-EXATO-PARA-FOTOS-NO-SISTEMA-NOVO-2025-05-08T192012.900_2025-05-08_22-20-19.webp.webp?fit=1200%2C675&ssl=1&resize=350%2C200 1x, https:\/\/i0.wp.com\/noticiasribeiraopreto.com.br\/wp-content\/uploads\/2025\/05\/Copia-de-Copia-de-Copia-de-TAMANHO-EXATO-PARA-FOTOS-NO-SISTEMA-NOVO-2025-05-08T192012.900_2025-05-08_22-20-19.webp.webp?fit=1200%2C675&ssl=1&resize=525%2C300 1.5x, https:\/\/i0.wp.com\/noticiasribeiraopreto.com.br\/wp-content\/uploads\/2025\/05\/Copia-de-Copia-de-Copia-de-TAMANHO-EXATO-PARA-FOTOS-NO-SISTEMA-NOVO-2025-05-08T192012.900_2025-05-08_22-20-19.webp.webp?fit=1200%2C675&ssl=1&resize=700%2C400 2x, https:\/\/i0.wp.com\/noticiasribeiraopreto.com.br\/wp-content\/uploads\/2025\/05\/Copia-de-Copia-de-Copia-de-TAMANHO-EXATO-PARA-FOTOS-NO-SISTEMA-NOVO-2025-05-08T192012.900_2025-05-08_22-20-19.webp.webp?fit=1200%2C675&ssl=1&resize=1050%2C600 3x"},"classes":[]},{"id":75028,"url":"https:\/\/noticiasribeiraopreto.com.br\/index.php\/2025\/08\/01\/ataques-de-pit-bull-saiba-como-fazer-denuncias-em-ribeirao-preto\/","url_meta":{"origin":72382,"position":3},"title":"Ataques de pit bull: Saiba como fazer den\u00fancias em Ribeir\u00e3o Preto","author":"noticiasribeiraopreto.com.br","date":"1 de August de 2025","format":false,"excerpt":"Ribeir\u00e3o Preto registrou dois ataques de c\u00e3es da ra\u00e7a pit bull em um per\u00edodo de oito dias \u2013 entre 17 e 25 de julho. No primeiro caso, no \u00faltimo dia 17, um outro cachorro foi alvo, depois que o tutor de um pit bull teria soltado a guia do animal\u2026","rel":"","context":"In &quot;Not\u00edcias de Ribeir\u00e3o Preto-SP e Regi\u00e3o&quot;","block_context":{"text":"Not\u00edcias de Ribeir\u00e3o Preto-SP e Regi\u00e3o","link":"https:\/\/noticiasribeiraopreto.com.br\/index.php\/category\/noticias-de-ribeirao-preto-sp-e-regiao-ismael-colosi\/"},"img":{"alt_text":"","src":"https:\/\/i0.wp.com\/noticiasribeiraopreto.com.br\/wp-content\/uploads\/2025\/08\/homem-atacado-pitbull.jpg?fit=1200%2C798&ssl=1&resize=350%2C200","width":350,"height":200,"srcset":"https:\/\/i0.wp.com\/noticiasribeiraopreto.com.br\/wp-content\/uploads\/2025\/08\/homem-atacado-pitbull.jpg?fit=1200%2C798&ssl=1&resize=350%2C200 1x, https:\/\/i0.wp.com\/noticiasribeiraopreto.com.br\/wp-content\/uploads\/2025\/08\/homem-atacado-pitbull.jpg?fit=1200%2C798&ssl=1&resize=525%2C300 1.5x, https:\/\/i0.wp.com\/noticiasribeiraopreto.com.br\/wp-content\/uploads\/2025\/08\/homem-atacado-pitbull.jpg?fit=1200%2C798&ssl=1&resize=700%2C400 2x, https:\/\/i0.wp.com\/noticiasribeiraopreto.com.br\/wp-content\/uploads\/2025\/08\/homem-atacado-pitbull.jpg?fit=1200%2C798&ssl=1&resize=1050%2C600 3x"},"classes":[]},{"id":23400,"url":"https:\/\/noticiasribeiraopreto.com.br\/index.php\/2024\/01\/02\/adolescentes-sao-apreendidos-apos-roubo-de-carro-em-bonfim-paulista\/","url_meta":{"origin":72382,"position":4},"title":"Adolescentes s\u00e3o apreendidos ap\u00f3s roubo de carro em Bonfim Paulista","author":"noticiasribeiraopreto.com.br","date":"2 de January de 2024","format":false,"excerpt":"A Pol\u00edcia Militar apreendeu tr\u00eas adolescentes ap\u00f3s o roubo de uma Jeep Renegade no distrito de Bonfim Paulista, em Ribeir\u00e3o Preto, na madrugada desta ter\u00e7a-feira (2). A v\u00edtima, um homem de 57 anos, precisou ser internada ap\u00f3s ser agredido e esfaqueado. De acordo com o B.O. (boletim de ocorr\u00eancia), os\u2026","rel":"","context":"In &quot;Not\u00edcias de Ribeir\u00e3o Preto-SP e Regi\u00e3o&quot;","block_context":{"text":"Not\u00edcias de Ribeir\u00e3o Preto-SP e Regi\u00e3o","link":"https:\/\/noticiasribeiraopreto.com.br\/index.php\/category\/noticias-de-ribeirao-preto-sp-e-regiao-ismael-colosi\/"},"img":{"alt_text":"","src":"https:\/\/i0.wp.com\/noticiasribeiraopreto.com.br\/wp-content\/uploads\/2024\/01\/sirene_giroflex_1024x576_11032021085239.jpg?fit=1024%2C576&ssl=1&resize=350%2C200","width":350,"height":200,"srcset":"https:\/\/i0.wp.com\/noticiasribeiraopreto.com.br\/wp-content\/uploads\/2024\/01\/sirene_giroflex_1024x576_11032021085239.jpg?fit=1024%2C576&ssl=1&resize=350%2C200 1x, https:\/\/i0.wp.com\/noticiasribeiraopreto.com.br\/wp-content\/uploads\/2024\/01\/sirene_giroflex_1024x576_11032021085239.jpg?fit=1024%2C576&ssl=1&resize=525%2C300 1.5x, https:\/\/i0.wp.com\/noticiasribeiraopreto.com.br\/wp-content\/uploads\/2024\/01\/sirene_giroflex_1024x576_11032021085239.jpg?fit=1024%2C576&ssl=1&resize=700%2C400 2x"},"classes":[]},{"id":72304,"url":"https:\/\/noticiasribeiraopreto.com.br\/index.php\/2025\/06\/15\/video-pitbull-ataca-criancas-em-rua-de-jaboticabal\/","url_meta":{"origin":72382,"position":5},"title":"V\u00cdDEO: Pitbull ataca crian\u00e7as em rua de Jaboticabal","author":"noticiasribeiraopreto.com.br","date":"15 de June de 2025","format":false,"excerpt":"15 de junho de 2025 20:340 Compartilhar0 Um c\u00e3o da ra\u00e7a pitbull atacou um grupo de crian\u00e7as na tarde deste domingo (15), na rua Santo Ant\u00f4nio, em Jaboticabal (SP). De acordo com testemunhas, o animal usava coleira no momento do ataque. Na tentativa de se proteger, meninos e meninas subiram\u2026","rel":"","context":"In &quot;Not\u00edcias de Ribeir\u00e3o Preto-SP e Regi\u00e3o&quot;","block_context":{"text":"Not\u00edcias de Ribeir\u00e3o Preto-SP e Regi\u00e3o","link":"https:\/\/noticiasribeiraopreto.com.br\/index.php\/category\/noticias-de-ribeirao-preto-sp-e-regiao-ismael-colosi\/"},"img":{"alt_text":"","src":"https:\/\/i0.wp.com\/noticiasribeiraopreto.com.br\/wp-content\/uploads\/2025\/06\/pitbull_jaboticabal.jpeg?fit=715%2C331&ssl=1&resize=350%2C200","width":350,"height":200,"srcset":"https:\/\/i0.wp.com\/noticiasribeiraopreto.com.br\/wp-content\/uploads\/2025\/06\/pitbull_jaboticabal.jpeg?fit=715%2C331&ssl=1&resize=350%2C200 1x, https:\/\/i0.wp.com\/noticiasribeiraopreto.com.br\/wp-content\/uploads\/2025\/06\/pitbull_jaboticabal.jpeg?fit=715%2C331&ssl=1&resize=525%2C300 1.5x, https:\/\/i0.wp.com\/noticiasribeiraopreto.com.br\/wp-content\/uploads\/2025\/06\/pitbull_jaboticabal.jpeg?fit=715%2C331&ssl=1&resize=700%2C400 2x"},"classes":[]}],"jetpack_sharing_enabled":true,"jetpack_shortlink":"https:\/\/wp.me\/peQAOb-iPs","_links":{"self":[{"href":"https:\/\/noticiasribeiraopreto.com.br\/index.php\/wp-json\/wp\/v2\/posts\/72382","targetHints":{"allow":["GET"]}}],"collection":[{"href":"https:\/\/noticiasribeiraopreto.com.br\/index.php\/wp-json\/wp\/v2\/posts"}],"about":[{"href":"https:\/\/noticiasribeiraopreto.com.br\/index.php\/wp-json\/wp\/v2\/types\/post"}],"author":[{"embeddable":true,"href":"https:\/\/noticiasribeiraopreto.com.br\/index.php\/wp-json\/wp\/v2\/users\/1"}],"replies":[{"embeddable":true,"href":"https:\/\/noticiasribeiraopreto.com.br\/index.php\/wp-json\/wp\/v2\/comments?post=72382"}],"version-history":[{"count":0,"href":"https:\/\/noticiasribeiraopreto.com.br\/index.php\/wp-json\/wp\/v2\/posts\/72382\/revisions"}],"wp:featuredmedia":[{"embeddable":true,"href":"https:\/\/noticiasribeiraopreto.com.br\/index.php\/wp-json\/wp\/v2\/media\/72383"}],"wp:attachment":[{"href":"https:\/\/noticiasribeiraopreto.com.br\/index.php\/wp-json\/wp\/v2\/media?parent=72382"}],"wp:term":[{"taxonomy":"category","embeddable":true,"href":"https:\/\/noticiasribeiraopreto.com.br\/index.php\/wp-json\/wp\/v2\/categories?post=72382"},{"taxonomy":"post_tag","embeddable":true,"href":"https:\/\/noticiasribeiraopreto.com.br\/index.php\/wp-json\/wp\/v2\/tags?post=72382"}],"curies":[{"name":"wp","href":"https:\/\/api.w.org\/{rel}","templated":true}]}}