{"id":72398,"date":"2025-06-16T21:53:53","date_gmt":"2025-06-17T00:53:53","guid":{"rendered":"https:\/\/noticiasribeiraopreto.com.br\/index.php\/2025\/06\/16\/jornal-da-franca-vai-trocar-de-celular-veja-o-que-fazer-antes-de-vender-o-smartphone-antigo\/"},"modified":"2025-06-16T21:53:53","modified_gmt":"2025-06-17T00:53:53","slug":"jornal-da-franca-vai-trocar-de-celular-veja-o-que-fazer-antes-de-vender-o-smartphone-antigo","status":"publish","type":"post","link":"https:\/\/noticiasribeiraopreto.com.br\/index.php\/2025\/06\/16\/jornal-da-franca-vai-trocar-de-celular-veja-o-que-fazer-antes-de-vender-o-smartphone-antigo\/","title":{"rendered":"Jornal da Franca &#8211; Vai trocar de celular? Veja o que fazer antes de vender o smartphone antigo"},"content":{"rendered":"<p> <br \/>\n<\/p>\n<div>\n\t                            <a class=\"mb-1\" href=\"https:\/\/api.whatsapp.com\/send?text=Olha essa Not\u00edcia no Jornal da Franca.%0D%0D*Vai trocar de celular? Veja o que fazer antes de vender o smartphone antigo*%0D%0Dclique na url abaixo%0Dhttps:\/\/www.jornaldafranca.com.br\/vai-trocar-de-celular-veja-o-que-fazer-antes-de-vender-o-smartphone-antigo\/\" target=\"_blank\"><span class=\"text-12 badge badge-pill badge-success\"><i class=\"fa fa-whatsapp\"\/> compartilhar no whatsapp<\/span><\/a><\/p>\n<p>\t                            <a class=\"mb-1\" href=\"https:\/\/telegram.me\/share\/url?url=https:\/\/www.jornaldafranca.com.br\/vai-trocar-de-celular-veja-o-que-fazer-antes-de-vender-o-smartphone-antigo\/&amp;text=Olha essa Not\u00edcia no Jornal da Franca.\" target=\"_blank\"><span class=\"text-12 badge badge-pill badge-info\"><i class=\"fa fa-telegram\"\/> compartilhar no telegram<\/span><\/a><\/p>\n<p>\t                            <a class=\"mb-1\" href=\"https:\/\/www.facebook.com\/sharer\/sharer.php?u=https:\/\/www.jornaldafranca.com.br\/vai-trocar-de-celular-veja-o-que-fazer-antes-de-vender-o-smartphone-antigo\/\" target=\"_blank\"><span class=\"text-12 badge badge-pill badge-primary\"><i class=\"fa fa-facebook\"\/> compartilhar no facebook<\/span><\/a><\/p>\n<p>\t                            <a class=\"mb-1\" href=\"https:\/\/www.linkedin.com\/shareArticle?mini=true&amp;url=https:\/\/www.jornaldafranca.com.br\/vai-trocar-de-celular-veja-o-que-fazer-antes-de-vender-o-smartphone-antigo\/&amp;title=Vai trocar de celular? Veja o que fazer antes de vender o smartphone antigo&amp;source=JORNAL DA FRANCA\" target=\"_blank\"><span class=\"text-12 badge badge-pill badge-secondary\"><i class=\"fa fa-linkedin\"\/> compartilhar no linkedin<\/span><\/a><\/p>\n<div class=\"lead text-20\">\n<p>Saiba como preparar seu aparelho, proteger seus dados e tentar conseguir um bom valor. D\u00e1 para vender para pessoas f\u00edsicas ou para lojas especializadas em usados<\/p>\n<\/p><\/div>\n<p><img data-recalc-dims=\"1\" decoding=\"async\" src=\"https:\/\/i0.wp.com\/www.jornaldafranca.com.br\/wp-content\/uploads\/2025\/06\/celular-venda-usado-foto-tudocelular.jpg?ssl=1\" alt=\"\"\/><\/p>\n<h6>Seu celular antigo pode render dinheiro na hora de comprar um novo, mas \u00e9 preciso aten\u00e7\u00e3o \u2013 foto TudoCelular<\/h6>\n<p>\u00a0<\/p>\n<p>Quando voc\u00ea compra um celular novo, o que faz com o seu aparelho antigo? Vender o smartphone pode ser uma op\u00e7\u00e3o para ajudar a pagar o novo.<\/p>\n<p>Voc\u00ea pode vender para amigos, familiares ou em sites de classificados. Mas tenha cuidado ao vender para conhecidos sem informar o estado geral do celular, pois isso pode prejudicar a amizade.<\/p>\n<p>Uma op\u00e7\u00e3o mais segura, mas menos lucrativa, \u00e9 usar o celular antigo como forma de pagamento em lojas de fabricantes, como Samsung, revendas da Apple ou operadoras de telefonia. Isso pode render um desconto no pre\u00e7o do celular novo.<\/p>\n<p>No entanto, o valor do desconto varia de acordo com o aparelho oferecido e seu estado geral de uso.<\/p>\n<p>Outra op\u00e7\u00e3o \u00e9 vender o celular para empresas especializadas em compra e venda de telefones e outros eletr\u00f4nicos.<\/p>\n<p>Elas fazem uma revis\u00e3o completa no aparelho, trocam pe\u00e7as, se necess\u00e1rio, e revendem como recondicionados com garantia.<\/p>\n<p><strong>Quais aparelhos s\u00e3o mais valorizados para revender?<\/strong><\/p>\n<p>Apple (desde o iPhone 11) e Samsung (com a linha S, a mais avan\u00e7ada) s\u00e3o as fabricantes mais valorizadas na hora da revenda.<\/p>\n<p>Felipe Piva, diretor de opera\u00e7\u00f5es da Trocafy (que compra aparelhos em programas de troca de celulares nas operadoras de telefonia), explica que a Apple e a Samsung s\u00e3o mais vi\u00e1veis economicamente porque t\u00eam produtos topo de linha.<\/p>\n<p>\u201ciPhone sempre tem o maior apelo e \u00e9 a marca mais procurada no mercado de usados\u201d, explica Fl\u00e1vio Peres, diretor-geral da Trocafone, empresa de compra e venda de usados.<\/p>\n<p>Smartphones de fabricantes como Motorola e Xiaomi costumam ter valores mais baixos que os iPhones e Galaxy S.<\/p>\n<p><strong>O que informar na hora da venda<\/strong><\/p>\n<p>Seja honesto e informe o estado geral do aparelho, respondendo \u00e0s seguintes quest\u00f5es:<\/p>\n<p>\u2013 Como est\u00e1 a tela? Est\u00e1 inteira? Tem ranhuras ou est\u00e1 quebrada? Tem pel\u00edcula?<\/p>\n<p>\u2013 A bateria est\u00e1 acima de 80% de vida \u00fatil? (Voc\u00ea pode verificar isso nas configura\u00e7\u00f5es do aparelho). Se n\u00e3o estiver, o novo dono pode precisar troc\u00e1-la depois..<\/p>\n<p>\u2013 O Wi-Fi, o 4G\/5G e o Bluetooth funcionam?<\/p>\n<p>\u2013 As c\u00e2meras ainda tiram boas fotos? A lente n\u00e3o est\u00e1 riscada ou quebrada?<\/p>\n<p>\u2013 O cabo USB encaixa corretamente?<\/p>\n<p>\u2013 Tem outros danos \u00e0 carca\u00e7a do celular? Ele j\u00e1 caiu na \u00e1gua? Foi aberto? J\u00e1 passou por algum reparo na assist\u00eancia t\u00e9cnica?<\/p>\n<p>\u2013 Tem a caixa original, o carregador de tomada e o cabo? Outros acess\u00f3rios, como capinhas, est\u00e3o inclu\u00eddos?<\/p>\n<p>\u2013 Tem nota fiscal? O aparelho ainda est\u00e1 na garantia?<\/p>\n<p>Tenha o IMEI do aparelho em m\u00e3os, caso o comprador queira verificar se o smartphone n\u00e3o \u00e9 furtado\/roubado. Para descobrir, veja se o dado est\u00e1 na caixa ou digite *#06# no telefone e aperte discar. O n\u00famero ir\u00e1 aparecer na tela.<\/p>\n<p>Depois, \u00e9 hora de tirar fotos do celular \u00e0 venda e publicar o an\u00fancio (ou mandar pelo WhatsApp para os conhecidos).<\/p>\n<p>Na venda para empresas\/sites, as dicas s\u00e3o parecidas, mas o mais importante \u00e9 o estado de conserva\u00e7\u00e3o geral do aparelho.<\/p>\n<p>Se tiver problemas, eles ser\u00e3o consertados antes da revenda. Troca de bateria e de tela s\u00e3o as mudan\u00e7as mais comuns, de acordo com a Trocafone e a Trocafy.<\/p>\n<p>Uma tela quebrada, por\u00e9m, reduz o valor do celular.<\/p>\n<p>Essas lojas tamb\u00e9m pedem o n\u00famero IMEI do celular, para o comprador checar se o aparelho n\u00e3o \u00e9 roubado\/furtado antes de fechar neg\u00f3cio.<\/p>\n<p><strong>Como calcular o pre\u00e7o da venda?<\/strong><\/p>\n<p>Pesquise nos sites de compra e venda, como OLX, Mercado Livre e at\u00e9 o Marketplace do Facebook. Isso serve para dar uma ideia de como est\u00e1 a concorr\u00eancia e a demanda por aquele determinado celular.<\/p>\n<p>O estado geral do aparelho e da bateria podem reduzir o valor final.<\/p>\n<p>Outro item importante \u00e9 o armazenamento. Um smartphone com 256 GB vai custar mais caro do que um de 128 GB, por exemplo.<\/p>\n<p>Os pr\u00f3prios sites de compra para recondicionamento, como o Trocafone, ajudam o vendedor a ter uma ideia de valores \u2013 abaixo dos praticados pelo mercado em geral, vale ressaltar.<\/p>\n<p>Uma simula\u00e7\u00e3o feita no meio de junho mostrou que um iPhone 15 de 128 GB em bom estado poderia render R$ 1.719 ao vendedor. A empresa oferecia R$ 1.381 em Galaxy S24, tamb\u00e9m com 128 GB de armazenamento. O frete de envio fica por conto da Trocafone.<\/p>\n<p>Na OLX, a busca pelo mesmo iPhone mostrava valores de R$ 3.400 at\u00e9 mais de R$ 4.000. O Galaxy S24 ia de R$ 2.300 a R$ 3.500.<\/p>\n<p>A loja iPlace, especializada em Apple, tamb\u00e9m compra aparelhos usados, mas a avalia\u00e7\u00e3o de cada um deles \u00e9 feita apenas presencialmente.<\/p>\n<p><strong>N\u00e3o se esque\u00e7a de formatar tudo antes de vender<\/strong><\/p>\n<p>Com o celular pronto para a venda, fa\u00e7a backup dos seus dados importantes (WhatsApp, fotos, contatos, remover apps de banco), retire o cart\u00e3o SIM e redefina o seu smartphone.<\/p>\n<p>No iPhone, v\u00e1 para Ajustes &gt; Geral &gt; Transferir ou Redefinir &gt; Apagar Conte\u00fado e Ajustes. Se o recurso Buscar Dispositivo estiver ativado, ser\u00e1 necess\u00e1rio inserir a Conta Apple e a senha.<\/p>\n<p>Nos celulares Android, v\u00e1 para Configura\u00e7\u00f5es &gt; Gerenciamento Geral &gt; Restaurar &gt; Restaurar Padr\u00e3o de F\u00e1brica.<\/p>\n<p>Fonte: <em><strong>Guia de Compras G1<\/strong><\/em><\/p>\n<p>\u00a0<\/p>\n<p><!-- CONTENT END 1 --><\/p>\n<hr\/><\/div>\n<p><br \/>\n<br \/><a href=\"https:\/\/www.jornaldafranca.com.br\/vai-trocar-de-celular-veja-o-que-fazer-antes-de-vender-o-smartphone-antigo\/\">Source link <\/a><\/p>\n","protected":false},"excerpt":{"rendered":"<p>compartilhar no whatsapp compartilhar no telegram compartilhar no facebook compartilhar no linkedin Saiba como preparar seu aparelho, proteger seus dados e tentar conseguir um bom&#8230;<\/p>\n","protected":false},"author":1,"featured_media":72399,"comment_status":"open","ping_status":"open","sticky":false,"template":"","format":"standard","meta":{"advanced_seo_description":"","jetpack_seo_html_title":"","jetpack_seo_noindex":false,"jetpack_post_was_ever_published":false,"_jetpack_newsletter_access":"","_jetpack_dont_email_post_to_subs":false,"_jetpack_newsletter_tier_id":0,"_jetpack_memberships_contains_paywalled_content":false,"_jetpack_memberships_contains_paid_content":false,"footnotes":"","jetpack_publicize_message":"","jetpack_publicize_feature_enabled":true,"jetpack_social_post_already_shared":true,"jetpack_social_options":{"image_generator_settings":{"template":"highway","default_image_id":0,"font":"","enabled":false},"version":2}},"categories":[3597],"tags":[],"class_list":["post-72398","post","type-post","status-publish","format-standard","has-post-thumbnail","hentry","category-noticias-franca-sp"],"jetpack_publicize_connections":[],"jetpack_featured_media_url":"https:\/\/i0.wp.com\/noticiasribeiraopreto.com.br\/wp-content\/uploads\/2025\/06\/celular-venda-usado-foto-tudocelular.jpg?fit=1920%2C1080&ssl=1","jetpack-related-posts":[{"id":69340,"url":"https:\/\/noticiasribeiraopreto.com.br\/index.php\/2025\/05\/05\/jornal-da-franca-implantacao-de-escola-civico-militar-em-franca-e-tema-de-debates-na-camara-municipal\/","url_meta":{"origin":72398,"position":0},"title":"Jornal da Franca &#8211; Implanta\u00e7\u00e3o de escola c\u00edvico-militar em Franca \u00e9 tema de debates na C\u00e2mara Municipal","author":"noticiasribeiraopreto.com.br","date":"5 de May de 2025","format":false,"excerpt":"compartilhar no whatsapp compartilhar no telegram compartilhar no facebook compartilhar no linkedin Mun\u00edcipe agradece apoio de vereadores e parlamentares para que Franca fosse contemplada com o modelo educacional A implanta\u00e7\u00e3o do Programa das Escolas C\u00edvico-Militares em Franca, pauta defendida pela direita, foi tema abordado durante a sess\u00e3o ordin\u00e1ria da C\u00e2mara\u2026","rel":"","context":"In &quot;Not\u00edcias de Franca-SP&quot;","block_context":{"text":"Not\u00edcias de Franca-SP","link":"https:\/\/noticiasribeiraopreto.com.br\/index.php\/category\/noticias-de-ribeirao-preto-sp-e-regiao-ismael-colosi\/noticias-franca-sp\/"},"img":{"alt_text":"","src":"https:\/\/i0.wp.com\/noticiasribeiraopreto.com.br\/wp-content\/uploads\/2025\/05\/1746449336_plenariodiagonal_0.jpg?fit=930%2C558&ssl=1&resize=350%2C200","width":350,"height":200,"srcset":"https:\/\/i0.wp.com\/noticiasribeiraopreto.com.br\/wp-content\/uploads\/2025\/05\/1746449336_plenariodiagonal_0.jpg?fit=930%2C558&ssl=1&resize=350%2C200 1x, https:\/\/i0.wp.com\/noticiasribeiraopreto.com.br\/wp-content\/uploads\/2025\/05\/1746449336_plenariodiagonal_0.jpg?fit=930%2C558&ssl=1&resize=525%2C300 1.5x, https:\/\/i0.wp.com\/noticiasribeiraopreto.com.br\/wp-content\/uploads\/2025\/05\/1746449336_plenariodiagonal_0.jpg?fit=930%2C558&ssl=1&resize=700%2C400 2x"},"classes":[]},{"id":67863,"url":"https:\/\/noticiasribeiraopreto.com.br\/index.php\/2025\/04\/19\/jornal-da-franca-sesi-franca-quer-vencer-o-cordoba-e-deixar-a-champions-league-de-cabeca-erguida\/","url_meta":{"origin":72398,"position":1},"title":"Jornal da Franca &#8211; Sesi Franca quer vencer o C\u00f3rdoba e deixar a Champions League de cabe\u00e7a erguida","author":"noticiasribeiraopreto.com.br","date":"19 de April de 2025","format":false,"excerpt":"compartilhar no whatsapp compartilhar no telegram compartilhar no facebook compartilhar no linkedin Jogo de hoje servir\u00e1 para a equipe se reencontrar e encerrar campeonato honrosamente O Sesi Franca ainda procura se reencontrar ap\u00f3s a elimina\u00e7\u00e3o contra o Flamengo pelas semifinais da Champions League, por 91 a 65, na noite desta\u2026","rel":"","context":"In &quot;Not\u00edcias de Franca-SP&quot;","block_context":{"text":"Not\u00edcias de Franca-SP","link":"https:\/\/noticiasribeiraopreto.com.br\/index.php\/category\/noticias-de-ribeirao-preto-sp-e-regiao-ismael-colosi\/noticias-franca-sp\/"},"img":{"alt_text":"","src":"https:\/\/i0.wp.com\/noticiasribeiraopreto.com.br\/wp-content\/uploads\/2025\/04\/IMG_20250418_111654.jpg?fit=1080%2C710&ssl=1&resize=350%2C200","width":350,"height":200,"srcset":"https:\/\/i0.wp.com\/noticiasribeiraopreto.com.br\/wp-content\/uploads\/2025\/04\/IMG_20250418_111654.jpg?fit=1080%2C710&ssl=1&resize=350%2C200 1x, https:\/\/i0.wp.com\/noticiasribeiraopreto.com.br\/wp-content\/uploads\/2025\/04\/IMG_20250418_111654.jpg?fit=1080%2C710&ssl=1&resize=525%2C300 1.5x, https:\/\/i0.wp.com\/noticiasribeiraopreto.com.br\/wp-content\/uploads\/2025\/04\/IMG_20250418_111654.jpg?fit=1080%2C710&ssl=1&resize=700%2C400 2x, https:\/\/i0.wp.com\/noticiasribeiraopreto.com.br\/wp-content\/uploads\/2025\/04\/IMG_20250418_111654.jpg?fit=1080%2C710&ssl=1&resize=1050%2C600 3x"},"classes":[]},{"id":68730,"url":"https:\/\/noticiasribeiraopreto.com.br\/index.php\/2025\/04\/28\/jornal-da-franca-sesi-franca-busca-consolidar-vantagem-contra-o-pato-basquete-no-pedrocao\/","url_meta":{"origin":72398,"position":2},"title":"Jornal da Franca &#8211; Sesi Franca busca consolidar vantagem contra o Pato Basquete no Pedroc\u00e3o\u00a0","author":"noticiasribeiraopreto.com.br","date":"28 de April de 2025","format":false,"excerpt":"compartilhar no whatsapp compartilhar no telegram compartilhar no facebook compartilhar no linkedin Segunda partida do playoff de oitavas de final do NBB ser\u00e1 disputada na noite desta ter\u00e7a-feira O Sesi Franca, atual tricampe\u00e3o do NBB, recebe o Pato Basquete na noite desta ter\u00e7a-feira, dia 30, no gin\u00e1sio Pedroc\u00e3o, em busca\u2026","rel":"","context":"In &quot;Not\u00edcias de Franca-SP&quot;","block_context":{"text":"Not\u00edcias de Franca-SP","link":"https:\/\/noticiasribeiraopreto.com.br\/index.php\/category\/noticias-de-ribeirao-preto-sp-e-regiao-ismael-colosi\/noticias-franca-sp\/"},"img":{"alt_text":"","src":"https:\/\/i0.wp.com\/noticiasribeiraopreto.com.br\/wp-content\/uploads\/2025\/04\/1745863888_IMG-20250424-WA0042.jpg?fit=1200%2C800&ssl=1&resize=350%2C200","width":350,"height":200,"srcset":"https:\/\/i0.wp.com\/noticiasribeiraopreto.com.br\/wp-content\/uploads\/2025\/04\/1745863888_IMG-20250424-WA0042.jpg?fit=1200%2C800&ssl=1&resize=350%2C200 1x, https:\/\/i0.wp.com\/noticiasribeiraopreto.com.br\/wp-content\/uploads\/2025\/04\/1745863888_IMG-20250424-WA0042.jpg?fit=1200%2C800&ssl=1&resize=525%2C300 1.5x, https:\/\/i0.wp.com\/noticiasribeiraopreto.com.br\/wp-content\/uploads\/2025\/04\/1745863888_IMG-20250424-WA0042.jpg?fit=1200%2C800&ssl=1&resize=700%2C400 2x, https:\/\/i0.wp.com\/noticiasribeiraopreto.com.br\/wp-content\/uploads\/2025\/04\/1745863888_IMG-20250424-WA0042.jpg?fit=1200%2C800&ssl=1&resize=1050%2C600 3x"},"classes":[]},{"id":69085,"url":"https:\/\/noticiasribeiraopreto.com.br\/index.php\/2025\/05\/02\/jornal-da-franca-sesi-franca-basquete-varre-o-pato-por-3-a-0-e-avanca-as-quartas-de-final-do-nbb\/","url_meta":{"origin":72398,"position":3},"title":"Jornal da Franca &#8211; Sesi Franca Basquete varre o Pato por 3 a 0 e avan\u00e7a \u00e0s quartas de final do NBB","author":"noticiasribeiraopreto.com.br","date":"2 de May de 2025","format":false,"excerpt":"compartilhar no whatsapp compartilhar no telegram compartilhar no facebook compartilhar no linkedin Time venceu o Pato Basquete por 3 a 0 na s\u00e9rie melhor de cinco e setembro classificou O Sesi Franca Basquete avan\u00e7ou \u00e0s quartas de final do NBB 2024\/2025 ap\u00f3s vencer o Pato Basquete de forma incontest\u00e1vel por\u2026","rel":"","context":"In &quot;Not\u00edcias de Franca-SP&quot;","block_context":{"text":"Not\u00edcias de Franca-SP","link":"https:\/\/noticiasribeiraopreto.com.br\/index.php\/category\/noticias-de-ribeirao-preto-sp-e-regiao-ismael-colosi\/noticias-franca-sp\/"},"img":{"alt_text":"","src":"https:\/\/i0.wp.com\/noticiasribeiraopreto.com.br\/wp-content\/uploads\/2025\/05\/IMG_20250502_043552.jpg?fit=1080%2C712&ssl=1&resize=350%2C200","width":350,"height":200,"srcset":"https:\/\/i0.wp.com\/noticiasribeiraopreto.com.br\/wp-content\/uploads\/2025\/05\/IMG_20250502_043552.jpg?fit=1080%2C712&ssl=1&resize=350%2C200 1x, https:\/\/i0.wp.com\/noticiasribeiraopreto.com.br\/wp-content\/uploads\/2025\/05\/IMG_20250502_043552.jpg?fit=1080%2C712&ssl=1&resize=525%2C300 1.5x, https:\/\/i0.wp.com\/noticiasribeiraopreto.com.br\/wp-content\/uploads\/2025\/05\/IMG_20250502_043552.jpg?fit=1080%2C712&ssl=1&resize=700%2C400 2x, https:\/\/i0.wp.com\/noticiasribeiraopreto.com.br\/wp-content\/uploads\/2025\/05\/IMG_20250502_043552.jpg?fit=1080%2C712&ssl=1&resize=1050%2C600 3x"},"classes":[]},{"id":72627,"url":"https:\/\/noticiasribeiraopreto.com.br\/index.php\/2025\/06\/19\/jornal-da-franca-torcedores-do-sesi-franca-aguardam-confirmacao-de-carreata-para-comemorar-o-tetra\/","url_meta":{"origin":72398,"position":4},"title":"Jornal da Franca &#8211; Torcedores do Sesi Franca aguardam confirma\u00e7\u00e3o de carreata para comemorar o tetra","author":"noticiasribeiraopreto.com.br","date":"19 de June de 2025","format":false,"excerpt":"compartilhar no whatsapp compartilhar no telegram compartilhar no facebook compartilhar no linkedin Time tradicionalmente comemora titulos desfilando em carro aberto pela cidade Os torcedores do Sesi Franca aguardam que o clube confirme a realiza\u00e7\u00e3o de uma carreata para comemorar o t\u00edtulo do tetracampeonato do NBB \u2013 Novo Basquete Brasil, conquistado\u2026","rel":"","context":"In &quot;Not\u00edcias de Franca-SP&quot;","block_context":{"text":"Not\u00edcias de Franca-SP","link":"https:\/\/noticiasribeiraopreto.com.br\/index.php\/category\/noticias-de-ribeirao-preto-sp-e-regiao-ismael-colosi\/noticias-franca-sp\/"},"img":{"alt_text":"","src":"https:\/\/i0.wp.com\/noticiasribeiraopreto.com.br\/wp-content\/uploads\/2025\/06\/basq-scaled.jpg?fit=1200%2C800&ssl=1&resize=350%2C200","width":350,"height":200,"srcset":"https:\/\/i0.wp.com\/noticiasribeiraopreto.com.br\/wp-content\/uploads\/2025\/06\/basq-scaled.jpg?fit=1200%2C800&ssl=1&resize=350%2C200 1x, https:\/\/i0.wp.com\/noticiasribeiraopreto.com.br\/wp-content\/uploads\/2025\/06\/basq-scaled.jpg?fit=1200%2C800&ssl=1&resize=525%2C300 1.5x, https:\/\/i0.wp.com\/noticiasribeiraopreto.com.br\/wp-content\/uploads\/2025\/06\/basq-scaled.jpg?fit=1200%2C800&ssl=1&resize=700%2C400 2x, https:\/\/i0.wp.com\/noticiasribeiraopreto.com.br\/wp-content\/uploads\/2025\/06\/basq-scaled.jpg?fit=1200%2C800&ssl=1&resize=1050%2C600 3x"},"classes":[]},{"id":66296,"url":"https:\/\/noticiasribeiraopreto.com.br\/index.php\/2025\/03\/30\/jornal-da-franca-camara-vota-regularizacao-de-utilidade-publica-da-associacao-dos-surdos-de-franca\/","url_meta":{"origin":72398,"position":5},"title":"Jornal da Franca &#8211; C\u00e2mara vota regulariza\u00e7\u00e3o de utilidade p\u00fablica da Associa\u00e7\u00e3o dos Surdos de Franca\u00a0","author":"noticiasribeiraopreto.com.br","date":"30 de March de 2025","format":false,"excerpt":"compartilhar no whatsapp compartilhar no telegram compartilhar no facebook compartilhar no linkedin Objetivo \u00e9 fazer a adequa\u00e7\u00e3o no nome da entidade, que tem utilidade p\u00fablica reconhecida \u00a0 De autoria do vereador Donizete da Farm\u00e1cia (MDB) ser\u00e1 votado na sess\u00e3o da pr\u00f3xima ter\u00e7a-feira o Projeto de Lei Ordin\u00e1ria n\u00ba 31\/2025, que\u2026","rel":"","context":"In &quot;Not\u00edcias de Franca-SP&quot;","block_context":{"text":"Not\u00edcias de Franca-SP","link":"https:\/\/noticiasribeiraopreto.com.br\/index.php\/category\/noticias-de-ribeirao-preto-sp-e-regiao-ismael-colosi\/noticias-franca-sp\/"},"img":{"alt_text":"","src":"https:\/\/i0.wp.com\/noticiasribeiraopreto.com.br\/wp-content\/uploads\/2025\/03\/1743353625_pLENARIO-21.jpg?fit=930%2C558&ssl=1&resize=350%2C200","width":350,"height":200,"srcset":"https:\/\/i0.wp.com\/noticiasribeiraopreto.com.br\/wp-content\/uploads\/2025\/03\/1743353625_pLENARIO-21.jpg?fit=930%2C558&ssl=1&resize=350%2C200 1x, https:\/\/i0.wp.com\/noticiasribeiraopreto.com.br\/wp-content\/uploads\/2025\/03\/1743353625_pLENARIO-21.jpg?fit=930%2C558&ssl=1&resize=525%2C300 1.5x, https:\/\/i0.wp.com\/noticiasribeiraopreto.com.br\/wp-content\/uploads\/2025\/03\/1743353625_pLENARIO-21.jpg?fit=930%2C558&ssl=1&resize=700%2C400 2x"},"classes":[]}],"jetpack_sharing_enabled":true,"jetpack_shortlink":"https:\/\/wp.me\/peQAOb-iPI","_links":{"self":[{"href":"https:\/\/noticiasribeiraopreto.com.br\/index.php\/wp-json\/wp\/v2\/posts\/72398","targetHints":{"allow":["GET"]}}],"collection":[{"href":"https:\/\/noticiasribeiraopreto.com.br\/index.php\/wp-json\/wp\/v2\/posts"}],"about":[{"href":"https:\/\/noticiasribeiraopreto.com.br\/index.php\/wp-json\/wp\/v2\/types\/post"}],"author":[{"embeddable":true,"href":"https:\/\/noticiasribeiraopreto.com.br\/index.php\/wp-json\/wp\/v2\/users\/1"}],"replies":[{"embeddable":true,"href":"https:\/\/noticiasribeiraopreto.com.br\/index.php\/wp-json\/wp\/v2\/comments?post=72398"}],"version-history":[{"count":0,"href":"https:\/\/noticiasribeiraopreto.com.br\/index.php\/wp-json\/wp\/v2\/posts\/72398\/revisions"}],"wp:featuredmedia":[{"embeddable":true,"href":"https:\/\/noticiasribeiraopreto.com.br\/index.php\/wp-json\/wp\/v2\/media\/72399"}],"wp:attachment":[{"href":"https:\/\/noticiasribeiraopreto.com.br\/index.php\/wp-json\/wp\/v2\/media?parent=72398"}],"wp:term":[{"taxonomy":"category","embeddable":true,"href":"https:\/\/noticiasribeiraopreto.com.br\/index.php\/wp-json\/wp\/v2\/categories?post=72398"},{"taxonomy":"post_tag","embeddable":true,"href":"https:\/\/noticiasribeiraopreto.com.br\/index.php\/wp-json\/wp\/v2\/tags?post=72398"}],"curies":[{"name":"wp","href":"https:\/\/api.w.org\/{rel}","templated":true}]}}