{"id":72400,"date":"2025-06-16T22:40:53","date_gmt":"2025-06-17T01:40:53","guid":{"rendered":"https:\/\/noticiasribeiraopreto.com.br\/index.php\/2025\/06\/16\/aniversario-de-ribeirao-tera-esquadrilha-da-fumaca-e-show-de-leci-brandao-veja-programacao\/"},"modified":"2025-06-16T22:40:53","modified_gmt":"2025-06-17T01:40:53","slug":"aniversario-de-ribeirao-tera-esquadrilha-da-fumaca-e-show-de-leci-brandao-veja-programacao","status":"publish","type":"post","link":"https:\/\/noticiasribeiraopreto.com.br\/index.php\/2025\/06\/16\/aniversario-de-ribeirao-tera-esquadrilha-da-fumaca-e-show-de-leci-brandao-veja-programacao\/","title":{"rendered":"Anivers\u00e1rio de Ribeir\u00e3o ter\u00e1 Esquadrilha da Fuma\u00e7a e show de Leci Brand\u00e3o; veja programa\u00e7\u00e3o"},"content":{"rendered":"<p> <br \/>\n<\/p>\n<div data-td-block-uid=\"tdi_95\">\n<div class=\"tdb-block-inner td-fix-index\">\n<p><strong>Ribeir\u00e3o Preto celebra 169 anos<\/strong> nesta quinta-feira (19), <strong>com uma programa\u00e7\u00e3o gratuita que ocupa diversos espa\u00e7os da cidade com arte<\/strong>, <strong>cultura <\/strong>e <strong>atividades para todas as idades<\/strong>. O destaque do dia fica por conta da apresenta\u00e7\u00e3o da <strong>Esquadrilha da Fuma\u00e7a e do show da cantora Leci Brand\u00e3o<\/strong>.<\/p>\n<p>As a\u00e7\u00f5es t\u00eam in\u00edcio pela manh\u00e3 com a abertura do Palacete Camilo de Matos para visita\u00e7\u00e3o p\u00fablica. Em seguida, na Pra\u00e7a XV, ocorre a tradicional cerim\u00f4nia de parab\u00e9ns com bolo comunit\u00e1rio e feira de artesanato com artistas locais.<\/p>\n<p>A programa\u00e7\u00e3o segue ao longo do dia com atra\u00e7\u00f5es culturais, apresenta\u00e7\u00f5es musicais, sess\u00f5es de cinema ao ar livre e cortejos em diferentes bairros da cidade.<\/p>\n<p><strong>Confira a programa\u00e7\u00e3o do dia 19 de junho:<\/strong><\/p>\n<ul class=\"wp-block-list\">\n<li><strong>8h30 \u00e0s 17h<\/strong> \u2013 <strong>Palacete Camilo de Matos<\/strong><br \/>Visita\u00e7\u00e3o guiada ao edif\u00edcio hist\u00f3rico no centro da cidade<\/li>\n<li><strong>9h \u2013 Pra\u00e7a XV<br \/><\/strong>Parab\u00e9ns com bolo comunit\u00e1rio e feira de artesanato com artistas locais<\/li>\n<li><strong>10h15 \u2013 Bairro Cristo Redentor<br \/><\/strong>Apresenta\u00e7\u00e3o da Esquadrilha da Fuma\u00e7a<\/li>\n<li><strong>14h \u2013 Centro da cidade <\/strong><em>(ponto de encontro no Sesc, avenida Nove de Julho)<\/em><strong><br \/><\/strong>Free Walking Tour \u2013 passeio guiado com media\u00e7\u00e3o cultural e hist\u00f3ria da cidade<\/li>\n<li><strong>16h \u00e0s 18h \u2013 Teatro de Arena<br \/><\/strong>Discotecagem com DJ Spin \u2013 repert\u00f3rio com vinis de m\u00fasica preta (jazz, samba, afrobeat, salsa)<\/li>\n<li><strong>16h \u00e0s 18h \u2013 Pra\u00e7a S\u00e3o Mateus \u2013 Quintino Facci I<br \/><\/strong>Conta\u00e7\u00e3o de hist\u00f3rias com o projeto \u201cViajando e Brincando com as Hist\u00f3rias\u201d<\/li>\n<li><strong>18h \u2013 Parque Tom Jobim<br \/><\/strong>Apresenta\u00e7\u00e3o da Orquestra Paulista de Viola Caipira<\/li>\n<li><strong>18h \u00e0s 19h30 \u2013 Teatro de Arena<br \/><\/strong>Show \u201cSoberanas do Samba\u201d \u2013 com repert\u00f3rio dedicado a vozes femininas do samba brasileiro<\/li>\n<li><strong>19h \u2013 Pra\u00e7a S\u00e3o Mateus \u2013 Quintino Facci I<br \/><\/strong>Cine C\u00e9u \u2013 exibi\u00e7\u00e3o do filme <em>Moana<\/em>, com proje\u00e7\u00e3o movida a energia solar<\/li>\n<li><strong>20h \u2013 Teatro de Arena<br \/><\/strong>Show de Leci Brand\u00e3o \u2013 encerramento das comemora\u00e7\u00f5es do dia<\/li>\n<\/ul>\n<hr class=\"wp-block-separator has-alpha-channel-opacity\"\/>\n<p>SAIBA MAIS<\/p>\n<p>Frio intenso ou ameno? Veja a previs\u00e3o do tempo para o inverno 2025<\/p>\n<h2 class=\"wp-block-heading\"><strong>FIQUE ON<\/strong><\/h2>\n<p>Quer ficar por dentro de tudo que acontece em Ribeir\u00e3o Preto e regi\u00e3o? Ent\u00e3o siga os perfis do\u202facidade on\u202fno\u202f<a href=\"https:\/\/www.instagram.com\/acidadeonribeirao\" target=\"_blank\" rel=\"noreferrer noopener\">Instagram<\/a>\u202fe no\u202f<a href=\"https:\/\/www.facebook.com\/acidadeonribeirao\/\" target=\"_blank\" rel=\"noreferrer noopener\">Facebook<\/a>.<\/p>\n<p>Al\u00e9m disso, voc\u00ea pode receber as principais not\u00edcias diretamente no WhatsApp. Para isso, basta\u00a0<a href=\"https:\/\/chat.whatsapp.com\/BjKQZ9oJwlz8VVT50NuePq\" target=\"_blank\" rel=\"noreferrer noopener\">entrar no grupo clicando aqui<\/a>.<\/p>\n<p>Por fim, se quiser fazer uma den\u00fancia ou sugerir uma reportagem sobre Ribeir\u00e3o Preto e regi\u00e3o, envie uma mensagem pelo WhatsApp: (16) 99117-7802.<\/p>\n<p>VEJA TAMB\u00c9M<\/p>\n<p>Quais famosos s\u00e3o retratados em filme sobre Ney Matogrosso? <mark style=\"background-color:#ffffff\" class=\"has-inline-color has-white-color\">contudo,<\/mark><\/p>\n<p><!-- CONTENT END 1 -->\n<\/div>\n<\/div>\n<p><script async src=\"\/\/www.instagram.com\/embed.js\"><\/script><br \/>\n<br \/><br \/>\n<br \/><a href=\"https:\/\/www.acidadeon.com\/ribeiraopreto\/lazer-e-cultura\/aniversario-de-ribeirao-tera-esquadrilha-da-fumaca-e-show-de-leci-brandao-veja-programacao\/\">Source link <\/a><\/p>\n","protected":false},"excerpt":{"rendered":"<p>Ribeir\u00e3o Preto celebra 169 anos nesta quinta-feira (19), com uma programa\u00e7\u00e3o gratuita que ocupa diversos espa\u00e7os da cidade com arte, cultura e atividades para todas&#8230;<\/p>\n","protected":false},"author":1,"featured_media":72401,"comment_status":"open","ping_status":"open","sticky":false,"template":"","format":"standard","meta":{"advanced_seo_description":"","jetpack_seo_html_title":"","jetpack_seo_noindex":false,"jetpack_post_was_ever_published":false,"_jetpack_newsletter_access":"","_jetpack_dont_email_post_to_subs":false,"_jetpack_newsletter_tier_id":0,"_jetpack_memberships_contains_paywalled_content":false,"_jetpack_memberships_contains_paid_content":false,"footnotes":"","jetpack_publicize_message":"","jetpack_publicize_feature_enabled":true,"jetpack_social_post_already_shared":true,"jetpack_social_options":{"image_generator_settings":{"template":"highway","default_image_id":0,"font":"","enabled":false},"version":2}},"categories":[11],"tags":[],"class_list":["post-72400","post","type-post","status-publish","format-standard","has-post-thumbnail","hentry","category-noticias-de-ribeirao-preto-sp-e-regiao-ismael-colosi"],"jetpack_publicize_connections":[],"jetpack_featured_media_url":"https:\/\/i0.wp.com\/noticiasribeiraopreto.com.br\/wp-content\/uploads\/2025\/06\/Copia-de-Copia-de-Copia-de-TAMANHO-EXATO-PARA-FOTOS-NO-SISTEMA-NOVO-2025-06-16T193946.543_2025-06-16_22-44-17.webp.webp?fit=1200%2C675&ssl=1","jetpack-related-posts":[{"id":72637,"url":"https:\/\/noticiasribeiraopreto.com.br\/index.php\/2025\/06\/19\/aniversario-de-ribeirao-programacao-especial-tem-bolo-esquadrilha-da-fumaca-e-leci-brandao\/","url_meta":{"origin":72400,"position":0},"title":"Anivers\u00e1rio de Ribeir\u00e3o: Programa\u00e7\u00e3o especial tem bolo, Esquadrilha da Fuma\u00e7a e Leci Brand\u00e3o","author":"noticiasribeiraopreto.com.br","date":"19 de June de 2025","format":false,"excerpt":"Ribeir\u00e3o Preto completa 169 anos nesta quinta-feira (19) e tem uma programa\u00e7\u00e3o gratuita preparada especialmente para este dia, inclusive com bolo e o tradicional \u201cparab\u00e9ns\u201d. Confira os eventos: 8h30 \u00e0s 17h\u00a0\u2013\u00a0Palacete Camilo de MatosVisita\u00e7\u00e3o guiada ao edif\u00edcio hist\u00f3rico no centro da cidade 9h \u2013 Pra\u00e7a XVParab\u00e9ns com bolo comunit\u00e1rio e\u2026","rel":"","context":"In &quot;Not\u00edcias de Ribeir\u00e3o Preto-SP e Regi\u00e3o&quot;","block_context":{"text":"Not\u00edcias de Ribeir\u00e3o Preto-SP e Regi\u00e3o","link":"https:\/\/noticiasribeiraopreto.com.br\/index.php\/category\/noticias-de-ribeirao-preto-sp-e-regiao-ismael-colosi\/"},"img":{"alt_text":"","src":"https:\/\/i0.wp.com\/noticiasribeiraopreto.com.br\/wp-content\/uploads\/2025\/06\/totem_eu_amo_ribeirao_-_foto_fernando_gonzaga_2_2024-06-04_11-49-25_jpeg_2024-06-04_11-49-25.webp.webp?fit=1200%2C800&ssl=1&resize=350%2C200","width":350,"height":200,"srcset":"https:\/\/i0.wp.com\/noticiasribeiraopreto.com.br\/wp-content\/uploads\/2025\/06\/totem_eu_amo_ribeirao_-_foto_fernando_gonzaga_2_2024-06-04_11-49-25_jpeg_2024-06-04_11-49-25.webp.webp?fit=1200%2C800&ssl=1&resize=350%2C200 1x, https:\/\/i0.wp.com\/noticiasribeiraopreto.com.br\/wp-content\/uploads\/2025\/06\/totem_eu_amo_ribeirao_-_foto_fernando_gonzaga_2_2024-06-04_11-49-25_jpeg_2024-06-04_11-49-25.webp.webp?fit=1200%2C800&ssl=1&resize=525%2C300 1.5x, https:\/\/i0.wp.com\/noticiasribeiraopreto.com.br\/wp-content\/uploads\/2025\/06\/totem_eu_amo_ribeirao_-_foto_fernando_gonzaga_2_2024-06-04_11-49-25_jpeg_2024-06-04_11-49-25.webp.webp?fit=1200%2C800&ssl=1&resize=700%2C400 2x, https:\/\/i0.wp.com\/noticiasribeiraopreto.com.br\/wp-content\/uploads\/2025\/06\/totem_eu_amo_ribeirao_-_foto_fernando_gonzaga_2_2024-06-04_11-49-25_jpeg_2024-06-04_11-49-25.webp.webp?fit=1200%2C800&ssl=1&resize=1050%2C600 3x"},"classes":[]},{"id":72623,"url":"https:\/\/noticiasribeiraopreto.com.br\/index.php\/2025\/06\/19\/leci-brandao-canta-nos-169-anos-de-rp\/","url_meta":{"origin":72400,"position":1},"title":"Leci Brand\u00e3o canta nos 169 anos de RP","author":"noticiasribeiraopreto.com.br","date":"19 de June de 2025","format":false,"excerpt":"Ribeir\u00e3o Preto completa 169 anos nesta quinta-feira, 19 de junho, Dia de Santa Juliana Falconieri e de Corpus Christi. Para comemorar, a cidade se transforma em um grande palco a c\u00e9u aberto. Com uma programa\u00e7\u00e3o gratuita e diversa durante todo o m\u00eas de junho, a popula\u00e7\u00e3o \u00e9 convidada a ocupar\u2026","rel":"","context":"In &quot;Not\u00edcias de Ribeir\u00e3o Preto-SP e Regi\u00e3o&quot;","block_context":{"text":"Not\u00edcias de Ribeir\u00e3o Preto-SP e Regi\u00e3o","link":"https:\/\/noticiasribeiraopreto.com.br\/index.php\/category\/noticias-de-ribeirao-preto-sp-e-regiao-ismael-colosi\/"},"img":{"alt_text":"","src":"https:\/\/i0.wp.com\/noticiasribeiraopreto.com.br\/wp-content\/uploads\/2025\/06\/NiverRP-Divulgacao-scaled.jpeg?fit=750%2C500&ssl=1&resize=350%2C200","width":350,"height":200,"srcset":"https:\/\/i0.wp.com\/noticiasribeiraopreto.com.br\/wp-content\/uploads\/2025\/06\/NiverRP-Divulgacao-scaled.jpeg?fit=750%2C500&ssl=1&resize=350%2C200 1x, https:\/\/i0.wp.com\/noticiasribeiraopreto.com.br\/wp-content\/uploads\/2025\/06\/NiverRP-Divulgacao-scaled.jpeg?fit=750%2C500&ssl=1&resize=525%2C300 1.5x, https:\/\/i0.wp.com\/noticiasribeiraopreto.com.br\/wp-content\/uploads\/2025\/06\/NiverRP-Divulgacao-scaled.jpeg?fit=750%2C500&ssl=1&resize=700%2C400 2x"},"classes":[]},{"id":72470,"url":"https:\/\/noticiasribeiraopreto.com.br\/index.php\/2025\/06\/17\/teatro-de-arena-recebe-festival-de-cerveja-artesanal-com-shows-ao-vivo-veja-quando\/","url_meta":{"origin":72400,"position":2},"title":"Teatro de Arena recebe festival de cerveja artesanal com shows ao vivo; Veja quando","author":"noticiasribeiraopreto.com.br","date":"17 de June de 2025","format":false,"excerpt":"O Teatro de Arena, em Ribeir\u00e3o Preto, ser\u00e1 palco da terceira edi\u00e7\u00e3o do Maltesa Beer Rock, nos dias 21 e 22 de junho. O evento conta com entrada gratuita e programa\u00e7\u00e3o para todas as idades. A atividade faz parte das comemora\u00e7\u00f5es oficiais do anivers\u00e1rio de 169 anos da cidade \u2013\u2026","rel":"","context":"In &quot;Not\u00edcias de Ribeir\u00e3o Preto-SP e Regi\u00e3o&quot;","block_context":{"text":"Not\u00edcias de Ribeir\u00e3o Preto-SP e Regi\u00e3o","link":"https:\/\/noticiasribeiraopreto.com.br\/index.php\/category\/noticias-de-ribeirao-preto-sp-e-regiao-ismael-colosi\/"},"img":{"alt_text":"","src":"https:\/\/i0.wp.com\/noticiasribeiraopreto.com.br\/wp-content\/uploads\/2025\/06\/cerveja-artesanal_2025-06-17_14-49-37.webp.webp?fit=1200%2C675&ssl=1&resize=350%2C200","width":350,"height":200,"srcset":"https:\/\/i0.wp.com\/noticiasribeiraopreto.com.br\/wp-content\/uploads\/2025\/06\/cerveja-artesanal_2025-06-17_14-49-37.webp.webp?fit=1200%2C675&ssl=1&resize=350%2C200 1x, https:\/\/i0.wp.com\/noticiasribeiraopreto.com.br\/wp-content\/uploads\/2025\/06\/cerveja-artesanal_2025-06-17_14-49-37.webp.webp?fit=1200%2C675&ssl=1&resize=525%2C300 1.5x, https:\/\/i0.wp.com\/noticiasribeiraopreto.com.br\/wp-content\/uploads\/2025\/06\/cerveja-artesanal_2025-06-17_14-49-37.webp.webp?fit=1200%2C675&ssl=1&resize=700%2C400 2x, https:\/\/i0.wp.com\/noticiasribeiraopreto.com.br\/wp-content\/uploads\/2025\/06\/cerveja-artesanal_2025-06-17_14-49-37.webp.webp?fit=1200%2C675&ssl=1&resize=1050%2C600 3x"},"classes":[]},{"id":72647,"url":"https:\/\/noticiasribeiraopreto.com.br\/index.php\/2025\/06\/19\/esquadrilha-da-fumaca-desenha-coracao-no-ceu-em-homenagem-a-ribeirao-preto-video\/","url_meta":{"origin":72400,"position":3},"title":"Esquadrilha da Fuma\u00e7a desenha cora\u00e7\u00e3o no c\u00e9u em homenagem a Ribeir\u00e3o Preto; V\u00eddeo","author":"noticiasribeiraopreto.com.br","date":"19 de June de 2025","format":false,"excerpt":"A Esquadrilha da Fuma\u00e7a desenhou um cora\u00e7\u00e3o no c\u00e9u de Ribeir\u00e3o Preto para homenagear a cidade que completa 169 anos nesta quinta-feira (19). Assista ao v\u00eddeo abaixo. A apresenta\u00e7\u00e3o, que integra a programa\u00e7\u00e3o de anivers\u00e1rio de Ribeir\u00e3o, atraiu o p\u00fablico nesta manh\u00e3, ao bairro Cristo Redentor. No entanto, as manobras\u2026","rel":"","context":"In &quot;Not\u00edcias de Ribeir\u00e3o Preto-SP e Regi\u00e3o&quot;","block_context":{"text":"Not\u00edcias de Ribeir\u00e3o Preto-SP e Regi\u00e3o","link":"https:\/\/noticiasribeiraopreto.com.br\/index.php\/category\/noticias-de-ribeirao-preto-sp-e-regiao-ismael-colosi\/"},"img":{"alt_text":"","src":"https:\/\/i0.wp.com\/noticiasribeiraopreto.com.br\/wp-content\/uploads\/2025\/06\/CORACAO_2025-06-19_14-39-23.webp.webp?fit=1200%2C736&ssl=1&resize=350%2C200","width":350,"height":200,"srcset":"https:\/\/i0.wp.com\/noticiasribeiraopreto.com.br\/wp-content\/uploads\/2025\/06\/CORACAO_2025-06-19_14-39-23.webp.webp?fit=1200%2C736&ssl=1&resize=350%2C200 1x, https:\/\/i0.wp.com\/noticiasribeiraopreto.com.br\/wp-content\/uploads\/2025\/06\/CORACAO_2025-06-19_14-39-23.webp.webp?fit=1200%2C736&ssl=1&resize=525%2C300 1.5x, https:\/\/i0.wp.com\/noticiasribeiraopreto.com.br\/wp-content\/uploads\/2025\/06\/CORACAO_2025-06-19_14-39-23.webp.webp?fit=1200%2C736&ssl=1&resize=700%2C400 2x, https:\/\/i0.wp.com\/noticiasribeiraopreto.com.br\/wp-content\/uploads\/2025\/06\/CORACAO_2025-06-19_14-39-23.webp.webp?fit=1200%2C736&ssl=1&resize=1050%2C600 3x"},"classes":[]},{"id":52243,"url":"https:\/\/noticiasribeiraopreto.com.br\/index.php\/2024\/06\/05\/palacete-camilo-de-mattos-em-ribeirao-preto-abre-para-visitacao-gratuita\/","url_meta":{"origin":72400,"position":4},"title":"Palacete Camilo de Mattos em Ribeir\u00e3o Preto abre para visita\u00e7\u00e3o gratuita","author":"noticiasribeiraopreto.com.br","date":"5 de June de 2024","format":false,"excerpt":"O Palacete Camilo de Mattos, patrim\u00f4nio hist\u00f3rico de Ribeir\u00e3o Preto, abrir\u00e1 as portas para visita\u00e7\u00e3o gratuita, entre os dias 20 a 30 de junho. As visitas, que podem ser agendadas (veja abaixo), fazem parte da programa\u00e7\u00e3o das comemora\u00e7\u00f5es do anivers\u00e1rio de 168 anos de Ribeir\u00e3o Preto. Durante a iniciativa, os\u2026","rel":"","context":"In &quot;Not\u00edcias de Ribeir\u00e3o Preto-SP e Regi\u00e3o&quot;","block_context":{"text":"Not\u00edcias de Ribeir\u00e3o Preto-SP e Regi\u00e3o","link":"https:\/\/noticiasribeiraopreto.com.br\/index.php\/category\/noticias-de-ribeirao-preto-sp-e-regiao-ismael-colosi\/"},"img":{"alt_text":"","src":"https:\/\/i0.wp.com\/noticiasribeiraopreto.com.br\/wp-content\/uploads\/2024\/06\/visita_palacete_camilo_de_mattos_03_2024-06-05_15-28-06_jpeg_2024-06-05_15-28-06.webp.webp?fit=1000%2C666&ssl=1&resize=350%2C200","width":350,"height":200,"srcset":"https:\/\/i0.wp.com\/noticiasribeiraopreto.com.br\/wp-content\/uploads\/2024\/06\/visita_palacete_camilo_de_mattos_03_2024-06-05_15-28-06_jpeg_2024-06-05_15-28-06.webp.webp?fit=1000%2C666&ssl=1&resize=350%2C200 1x, https:\/\/i0.wp.com\/noticiasribeiraopreto.com.br\/wp-content\/uploads\/2024\/06\/visita_palacete_camilo_de_mattos_03_2024-06-05_15-28-06_jpeg_2024-06-05_15-28-06.webp.webp?fit=1000%2C666&ssl=1&resize=525%2C300 1.5x, https:\/\/i0.wp.com\/noticiasribeiraopreto.com.br\/wp-content\/uploads\/2024\/06\/visita_palacete_camilo_de_mattos_03_2024-06-05_15-28-06_jpeg_2024-06-05_15-28-06.webp.webp?fit=1000%2C666&ssl=1&resize=700%2C400 2x"},"classes":[]},{"id":43637,"url":"https:\/\/noticiasribeiraopreto.com.br\/index.php\/2024\/03\/22\/esquadrilha-da-fumaca-vai-se-apresentar-na-regiao-de-ribeirao-veja-quando\/","url_meta":{"origin":72400,"position":5},"title":"Esquadrilha da Fuma\u00e7a vai se apresentar na regi\u00e3o de Ribeir\u00e3o; Veja quando","author":"noticiasribeiraopreto.com.br","date":"22 de March de 2024","format":false,"excerpt":"A Esquadrilha da Fuma\u00e7a vai se apresentar em Ituverava, na regi\u00e3o de Ribeir\u00e3o Preto, no pr\u00f3ximo domingo (24), \u00e0s 16h, no aeroporto da cidade (clique aqui e veja como chegar). A \u00faltima apresenta\u00e7\u00e3o da Esquadrilha da Fuma\u00e7a em Ituverava foi em 2011. A apresenta\u00e7\u00e3o a\u00e9rea contar\u00e1 com os A-29 Super\u2026","rel":"","context":"In &quot;Not\u00edcias de Ribeir\u00e3o Preto-SP e Regi\u00e3o&quot;","block_context":{"text":"Not\u00edcias de Ribeir\u00e3o Preto-SP e Regi\u00e3o","link":"https:\/\/noticiasribeiraopreto.com.br\/index.php\/category\/noticias-de-ribeirao-preto-sp-e-regiao-ismael-colosi\/"},"img":{"alt_text":"","src":"https:\/\/i0.wp.com\/noticiasribeiraopreto.com.br\/wp-content\/uploads\/2024\/03\/AnyConv.com__esquadrilha-da-fumaca.webp.webp?fit=1200%2C800&ssl=1&resize=350%2C200","width":350,"height":200,"srcset":"https:\/\/i0.wp.com\/noticiasribeiraopreto.com.br\/wp-content\/uploads\/2024\/03\/AnyConv.com__esquadrilha-da-fumaca.webp.webp?fit=1200%2C800&ssl=1&resize=350%2C200 1x, https:\/\/i0.wp.com\/noticiasribeiraopreto.com.br\/wp-content\/uploads\/2024\/03\/AnyConv.com__esquadrilha-da-fumaca.webp.webp?fit=1200%2C800&ssl=1&resize=525%2C300 1.5x, https:\/\/i0.wp.com\/noticiasribeiraopreto.com.br\/wp-content\/uploads\/2024\/03\/AnyConv.com__esquadrilha-da-fumaca.webp.webp?fit=1200%2C800&ssl=1&resize=700%2C400 2x, https:\/\/i0.wp.com\/noticiasribeiraopreto.com.br\/wp-content\/uploads\/2024\/03\/AnyConv.com__esquadrilha-da-fumaca.webp.webp?fit=1200%2C800&ssl=1&resize=1050%2C600 3x"},"classes":[]}],"jetpack_sharing_enabled":true,"jetpack_shortlink":"https:\/\/wp.me\/peQAOb-iPK","_links":{"self":[{"href":"https:\/\/noticiasribeiraopreto.com.br\/index.php\/wp-json\/wp\/v2\/posts\/72400","targetHints":{"allow":["GET"]}}],"collection":[{"href":"https:\/\/noticiasribeiraopreto.com.br\/index.php\/wp-json\/wp\/v2\/posts"}],"about":[{"href":"https:\/\/noticiasribeiraopreto.com.br\/index.php\/wp-json\/wp\/v2\/types\/post"}],"author":[{"embeddable":true,"href":"https:\/\/noticiasribeiraopreto.com.br\/index.php\/wp-json\/wp\/v2\/users\/1"}],"replies":[{"embeddable":true,"href":"https:\/\/noticiasribeiraopreto.com.br\/index.php\/wp-json\/wp\/v2\/comments?post=72400"}],"version-history":[{"count":0,"href":"https:\/\/noticiasribeiraopreto.com.br\/index.php\/wp-json\/wp\/v2\/posts\/72400\/revisions"}],"wp:featuredmedia":[{"embeddable":true,"href":"https:\/\/noticiasribeiraopreto.com.br\/index.php\/wp-json\/wp\/v2\/media\/72401"}],"wp:attachment":[{"href":"https:\/\/noticiasribeiraopreto.com.br\/index.php\/wp-json\/wp\/v2\/media?parent=72400"}],"wp:term":[{"taxonomy":"category","embeddable":true,"href":"https:\/\/noticiasribeiraopreto.com.br\/index.php\/wp-json\/wp\/v2\/categories?post=72400"},{"taxonomy":"post_tag","embeddable":true,"href":"https:\/\/noticiasribeiraopreto.com.br\/index.php\/wp-json\/wp\/v2\/tags?post=72400"}],"curies":[{"name":"wp","href":"https:\/\/api.w.org\/{rel}","templated":true}]}}