{"id":72402,"date":"2025-06-16T22:56:28","date_gmt":"2025-06-17T01:56:28","guid":{"rendered":"https:\/\/noticiasribeiraopreto.com.br\/index.php\/2025\/06\/16\/feira-tecnologica-do-centro-paula-souza-prorroga-prazo-para-inscricao-de-projetos\/"},"modified":"2025-06-16T22:56:28","modified_gmt":"2025-06-17T01:56:28","slug":"feira-tecnologica-do-centro-paula-souza-prorroga-prazo-para-inscricao-de-projetos","status":"publish","type":"post","link":"https:\/\/noticiasribeiraopreto.com.br\/index.php\/2025\/06\/16\/feira-tecnologica-do-centro-paula-souza-prorroga-prazo-para-inscricao-de-projetos\/","title":{"rendered":"Feira Tecnol\u00f3gica do Centro Paula Souza prorroga prazo para inscri\u00e7\u00e3o de projetos"},"content":{"rendered":"<div class='code-block code-block-1' style='margin: 8px 0 8px auto; text-align: right; display: block; clear: both;'>\n<p><a href=\"https:\/\/wa.link\/vpicfd\"><img data-recalc-dims=\"1\" class=\"wp-image-4922\" style=\"aspect-ratio: 2.0253164556962027; width: 561px; height: auto;\" src=\"https:\/\/i0.wp.com\/ismaelcolosi.com.br\/wp-content\/uploads\/2023\/11\/grupo-de-empregos-whatsapp-e-facebook-ismael-colosi-vagas.jpg?ssl=1\" alt=\"\" \/><\/a><\/p>\n<!-- \/wp:image -->\n<\/div>\n<p> <br \/>\n<\/p>\n<div>\n<p>Foi prorrogado at\u00e9 23 de junho o prazo para inscri\u00e7\u00f5es de projetos na 16\u00aa edi\u00e7\u00e3o da Feira Tecnol\u00f3gica do Centro Paula Souza (Feteps), um dos maiores eventos acad\u00eamicos gratuitos de tecnologia e inova\u00e7\u00e3o do pa\u00eds. Voltada a estudantes dos ensinos M\u00e9dio, T\u00e9cnico e Superior Tecnol\u00f3gico, a mostra contar\u00e1 com 150 trabalhos selecionados. O evento ser\u00e1 realizado em outubro, na capital, com o intuito de conectar jovens talentos com o mercado e transformar ideias criativas em solu\u00e7\u00f5es para a sociedade.<\/p>\n<p>Podem apresentar projetos na Feteps alunos de Escolas T\u00e9cnicas (Etecs) e Faculdades de Tecnologia (Fatecs) estaduais do Centro Paula Souza (CPS), bem como de outras institui\u00e7\u00f5es de ensino nacionais e internacionais. \u00c9 poss\u00edvel inscrever a proposta individualmente ou em equipes com at\u00e9 tr\u00eas integrantes, al\u00e9m de um orientador (obrigat\u00f3rio) e um coorientador (opcional). As inscri\u00e7\u00f5es devem ser feitas pelo professor respons\u00e1vel no site <a href=\"http:\/\/feteps.cps.sp.gov.br\" target=\"_blank\" rel=\"noopener\"><strong>feteps.cps.sp.gov.br<\/strong><\/a>.<\/p>\n<p>\u201cMinha participa\u00e7\u00e3o na Feteps foi transformadora. Tive a oportunidade de trocar experi\u00eancias com pessoas de diferentes realidades e at\u00e9 apresentar meu projeto para o governador\u201d, conta o estudante Israel Nascimento de Oliveira, da Fatec Pompeia \u2013 Shunji Nishimura, um dos autores do Nema Vision, vencedor da 15\u00aa edi\u00e7\u00e3o da mostra. \u201cA excelente organiza\u00e7\u00e3o e estrutura proporcionaram conex\u00f5es inesquec\u00edveis e reafirmaram o valor da feira\u201d, ressalta.<\/p>\n<p>Desenvolvimento sustent\u00e1vel<br \/>Os trabalhos devem abordar desafios relacionados a energia limpa, cidades sustent\u00e1veis, educa\u00e7\u00e3o de qualidade, sa\u00fade e bem-estar, entre outros temas ligados aos 17 Objetivos de Desenvolvimento Sustent\u00e1vel (ODS) da Organiza\u00e7\u00e3o das Na\u00e7\u00f5es Unidas (ONU). Uma comiss\u00e3o t\u00e9cnica selecionar\u00e1 os melhores projetos com base em crit\u00e9rios como inova\u00e7\u00e3o, aplicabilidade e impacto social. Confira regulamento com instru\u00e7\u00f5es para envio das propostas.<\/p>\n<p>Al\u00e9m da feira presencial, em que os 10 melhores trabalhos ser\u00e3o premiados, haver\u00e1 uma mostra virtual com 290 projetos em uma plataforma online. A divulga\u00e7\u00e3o dos classificados est\u00e1 prevista para 30 de junho.<\/p>\n<p>\u201cA Feteps j\u00e1 revelou diversos casos de sucesso ao longo de suas edi\u00e7\u00f5es. S\u00e3o projetos com condi\u00e7\u00f5es reais de se transformar em novos produtos ou servi\u00e7os\u201d, explica o diretor-superintendente do CPS, Cl\u00f3vis Dias. \u201cPara os estudantes, \u00e9 uma chance de colocar em pr\u00e1tica o conhecimento adquirido em sala de aula e dar os primeiros passos no ecossistema de inova\u00e7\u00e3o\u201d, completa o vice, Maycon Geres.<\/p>\n<\/p><\/div>\n<p><br \/>\n<br \/><a href=\"https:\/\/www.f3noticias.com.br\/feira-tecnologica-do-centro-paula-souza-prorroga-prazo-para-inscricao-de-projetos\/\">Source link <\/a><\/p>\n<!-- CONTENT END 1 -->\n","protected":false},"excerpt":{"rendered":"<p>Foi prorrogado at\u00e9 23 de junho o prazo para inscri\u00e7\u00f5es de projetos na 16\u00aa edi\u00e7\u00e3o da Feira Tecnol\u00f3gica do Centro Paula Souza (Feteps), um dos&#8230;<\/p>\n","protected":false},"author":1,"featured_media":72403,"comment_status":"open","ping_status":"open","sticky":false,"template":"","format":"standard","meta":{"advanced_seo_description":"","jetpack_seo_html_title":"","jetpack_seo_noindex":false,"jetpack_post_was_ever_published":false,"_jetpack_newsletter_access":"","_jetpack_dont_email_post_to_subs":false,"_jetpack_newsletter_tier_id":0,"_jetpack_memberships_contains_paywalled_content":false,"_jetpack_memberships_contains_paid_content":false,"footnotes":"","jetpack_publicize_message":"","jetpack_publicize_feature_enabled":true,"jetpack_social_post_already_shared":true,"jetpack_social_options":{"image_generator_settings":{"template":"highway","default_image_id":0,"font":"","enabled":false},"version":2}},"categories":[3597],"tags":[],"class_list":["post-72402","post","type-post","status-publish","format-standard","has-post-thumbnail","hentry","category-noticias-franca-sp"],"jetpack_publicize_connections":[],"jetpack_featured_media_url":"https:\/\/i0.wp.com\/noticiasribeiraopreto.com.br\/wp-content\/uploads\/2025\/06\/Escola-profissional.jpg?fit=1599%2C736&ssl=1","jetpack-related-posts":[{"id":17083,"url":"https:\/\/noticiasribeiraopreto.com.br\/index.php\/2023\/12\/17\/ultima-chance-de-inscricao-para-vestibular-das-fatecs-2024\/","url_meta":{"origin":72402,"position":0},"title":"\u00daltima chance de inscri\u00e7\u00e3o para vestibular das Fatecs 2024","author":"noticiasribeiraopreto.com.br","date":"17 de December de 2023","format":false,"excerpt":"Os interessados em ingressar nas Faculdades de Tecnologia do Estado de S\u00e3o Paulo (Fatecs) t\u00eam at\u00e9 a pr\u00f3xima segunda-feira, 18, para se inscrever no vestibular. A inscri\u00e7\u00e3o deve ser realizada exclusivamente pelo site www.vestibularfatec.com.br, com encerramento \u00e0s 15 horas. A oferta abrange 19.445 vagas para o primeiro semestre de 2024.\u2026","rel":"","context":"In &quot;Variedades&quot;","block_context":{"text":"Variedades","link":"https:\/\/noticiasribeiraopreto.com.br\/index.php\/category\/variedades\/"},"img":{"alt_text":"","src":"https:\/\/i0.wp.com\/noticiasribeiraopreto.com.br\/wp-content\/uploads\/2023\/12\/cursinhos-gratuitos-etecs-fatecs.jpg?fit=1200%2C638&ssl=1&resize=350%2C200","width":350,"height":200,"srcset":"https:\/\/i0.wp.com\/noticiasribeiraopreto.com.br\/wp-content\/uploads\/2023\/12\/cursinhos-gratuitos-etecs-fatecs.jpg?fit=1200%2C638&ssl=1&resize=350%2C200 1x, https:\/\/i0.wp.com\/noticiasribeiraopreto.com.br\/wp-content\/uploads\/2023\/12\/cursinhos-gratuitos-etecs-fatecs.jpg?fit=1200%2C638&ssl=1&resize=525%2C300 1.5x, https:\/\/i0.wp.com\/noticiasribeiraopreto.com.br\/wp-content\/uploads\/2023\/12\/cursinhos-gratuitos-etecs-fatecs.jpg?fit=1200%2C638&ssl=1&resize=700%2C400 2x, https:\/\/i0.wp.com\/noticiasribeiraopreto.com.br\/wp-content\/uploads\/2023\/12\/cursinhos-gratuitos-etecs-fatecs.jpg?fit=1200%2C638&ssl=1&resize=1050%2C600 3x"},"classes":[]},{"id":14402,"url":"https:\/\/noticiasribeiraopreto.com.br\/index.php\/2023\/12\/12\/inscricoes-abertas-para-cursos-de-mba-gratuitos-no-centro-paula-souza-2\/","url_meta":{"origin":72402,"position":1},"title":"Inscri\u00e7\u00f5es abertas para cursos de MBA gratuitos no Centro Paula Souza","author":"noticiasribeiraopreto.com.br","date":"12 de December de 2023","format":false,"excerpt":"A Unidade de P\u00f3s-Gradua\u00e7\u00e3o, Extens\u00e3o e Pesquisa (Upep) do Centro Paula Souza (CPS) anuncia a abertura das inscri\u00e7\u00f5es para os cursos de MBA (Master of Business Administration). Os interessados t\u00eam at\u00e9 o dia 10 de mar\u00e7o de 2024 para se inscreverem e potencializarem suas carreiras, seja para buscar uma nova\u2026","rel":"","context":"In &quot;Vagas de Emprego em Ribeir\u00e3o Preto-SP&quot;","block_context":{"text":"Vagas de Emprego em Ribeir\u00e3o Preto-SP","link":"https:\/\/noticiasribeiraopreto.com.br\/index.php\/category\/empregos-classificados-vagas-trabalho\/vagas-de-empregos-em-ribeirao-preto-regiao-brasil\/"},"img":{"alt_text":"","src":"https:\/\/i0.wp.com\/noticiasribeiraopreto.com.br\/wp-content\/uploads\/2023\/12\/centro-paula-souza-cps-divulgacao.jpg?fit=1200%2C675&ssl=1&resize=350%2C200","width":350,"height":200,"srcset":"https:\/\/i0.wp.com\/noticiasribeiraopreto.com.br\/wp-content\/uploads\/2023\/12\/centro-paula-souza-cps-divulgacao.jpg?fit=1200%2C675&ssl=1&resize=350%2C200 1x, https:\/\/i0.wp.com\/noticiasribeiraopreto.com.br\/wp-content\/uploads\/2023\/12\/centro-paula-souza-cps-divulgacao.jpg?fit=1200%2C675&ssl=1&resize=525%2C300 1.5x, https:\/\/i0.wp.com\/noticiasribeiraopreto.com.br\/wp-content\/uploads\/2023\/12\/centro-paula-souza-cps-divulgacao.jpg?fit=1200%2C675&ssl=1&resize=700%2C400 2x, https:\/\/i0.wp.com\/noticiasribeiraopreto.com.br\/wp-content\/uploads\/2023\/12\/centro-paula-souza-cps-divulgacao.jpg?fit=1200%2C675&ssl=1&resize=1050%2C600 3x"},"classes":[]},{"id":22937,"url":"https:\/\/noticiasribeiraopreto.com.br\/index.php\/2023\/12\/31\/conheca-o-calendario-do-vestibular-das-fatecs-2024\/","url_meta":{"origin":72402,"position":2},"title":"Conhe\u00e7a o calend\u00e1rio do vestibular das Fatecs 2024","author":"noticiasribeiraopreto.com.br","date":"31 de December de 2023","format":false,"excerpt":"A partir das 15h do dia 3 de janeiro de 2024, os locais de prova para o processo seletivo do primeiro semestre para as Faculdades de Tecnologia do Estado (Fatecs) estar\u00e3o dispon\u00edveis exclusivamente on-line. Cr\u00e9ditos: Alesp\/Divulga\u00e7\u00e3oFaculdades de Tecnologia do Estado divulgam calend\u00e1rio para o vestibular 2024 O exame est\u00e1 programado\u2026","rel":"","context":"In &quot;Variedades&quot;","block_context":{"text":"Variedades","link":"https:\/\/noticiasribeiraopreto.com.br\/index.php\/category\/variedades\/"},"img":{"alt_text":"","src":"https:\/\/i0.wp.com\/noticiasribeiraopreto.com.br\/wp-content\/uploads\/2023\/12\/fatec-braganca.jpg?fit=1200%2C638&ssl=1&resize=350%2C200","width":350,"height":200,"srcset":"https:\/\/i0.wp.com\/noticiasribeiraopreto.com.br\/wp-content\/uploads\/2023\/12\/fatec-braganca.jpg?fit=1200%2C638&ssl=1&resize=350%2C200 1x, https:\/\/i0.wp.com\/noticiasribeiraopreto.com.br\/wp-content\/uploads\/2023\/12\/fatec-braganca.jpg?fit=1200%2C638&ssl=1&resize=525%2C300 1.5x, https:\/\/i0.wp.com\/noticiasribeiraopreto.com.br\/wp-content\/uploads\/2023\/12\/fatec-braganca.jpg?fit=1200%2C638&ssl=1&resize=700%2C400 2x, https:\/\/i0.wp.com\/noticiasribeiraopreto.com.br\/wp-content\/uploads\/2023\/12\/fatec-braganca.jpg?fit=1200%2C638&ssl=1&resize=1050%2C600 3x"},"classes":[]},{"id":42821,"url":"https:\/\/noticiasribeiraopreto.com.br\/index.php\/2024\/03\/17\/etec-de-cravinhos-e-a-mais-nova-unidade-do-centro-paula-souza\/","url_meta":{"origin":72402,"position":3},"title":"Etec de Cravinhos \u00e9 a mais nova unidade do Centro Paula Souza\u00a0","author":"noticiasribeiraopreto.com.br","date":"17 de March de 2024","format":false,"excerpt":"Adriana Dorazi \u2013 especial para o Tribuna Ribeir\u00e3oA Escola T\u00e9cnica Estadual (Etec) de Cravinhos iniciou o funcionamento no \u00faltimo dia 7 de fevereiro, mas ainda n\u00e3o tem uma placa de inaugura\u00e7\u00e3o. Essa solenidade foi reservada para o anivers\u00e1rio da cidade, nesta ter\u00e7a-feira, 19 de mar\u00e7o. Na pr\u00e1tica a unidade j\u00e1\u2026","rel":"","context":"In &quot;Not\u00edcias de Ribeir\u00e3o Preto-SP e Regi\u00e3o&quot;","block_context":{"text":"Not\u00edcias de Ribeir\u00e3o Preto-SP e Regi\u00e3o","link":"https:\/\/noticiasribeiraopreto.com.br\/index.php\/category\/noticias-de-ribeirao-preto-sp-e-regiao-ismael-colosi\/"},"img":{"alt_text":"","src":"https:\/\/i0.wp.com\/noticiasribeiraopreto.com.br\/wp-content\/uploads\/2024\/03\/Etec_Cravinhos_Risk01-scaled.jpg?fit=967%2C645&ssl=1&resize=350%2C200","width":350,"height":200,"srcset":"https:\/\/i0.wp.com\/noticiasribeiraopreto.com.br\/wp-content\/uploads\/2024\/03\/Etec_Cravinhos_Risk01-scaled.jpg?fit=967%2C645&ssl=1&resize=350%2C200 1x, https:\/\/i0.wp.com\/noticiasribeiraopreto.com.br\/wp-content\/uploads\/2024\/03\/Etec_Cravinhos_Risk01-scaled.jpg?fit=967%2C645&ssl=1&resize=525%2C300 1.5x, https:\/\/i0.wp.com\/noticiasribeiraopreto.com.br\/wp-content\/uploads\/2024\/03\/Etec_Cravinhos_Risk01-scaled.jpg?fit=967%2C645&ssl=1&resize=700%2C400 2x"},"classes":[]},{"id":14294,"url":"https:\/\/noticiasribeiraopreto.com.br\/index.php\/2023\/12\/11\/fatecs-oferecem-vagas-em-mais-de-90-cursos-gratuitos\/","url_meta":{"origin":72402,"position":4},"title":"Fatecs oferecem vagas em mais de 90 cursos gratuitos","author":"noticiasribeiraopreto.com.br","date":"11 de December de 2023","format":false,"excerpt":"As inscri\u00e7\u00f5es para o processo seletivo das Faculdades de Tecnologia do Estado (Fatecs) est\u00e3o abertas at\u00e9 12 de dezembro. S\u00e3o, ao todo, 19.445 vagas em mais de 90 op\u00e7\u00f5es de cursos gratuitos na \u00e1rea de tecnologia. Desse total, 14.581 s\u00e3o destinadas ao Vestibular das Faculdades de Tecnologia e 4.864 vagas\u2026","rel":"","context":"In &quot;Variedades&quot;","block_context":{"text":"Variedades","link":"https:\/\/noticiasribeiraopreto.com.br\/index.php\/category\/variedades\/"},"img":{"alt_text":"","src":"https:\/\/i0.wp.com\/noticiasribeiraopreto.com.br\/wp-content\/uploads\/2023\/12\/fatec-scaled.jpg?fit=1200%2C638&ssl=1&resize=350%2C200","width":350,"height":200,"srcset":"https:\/\/i0.wp.com\/noticiasribeiraopreto.com.br\/wp-content\/uploads\/2023\/12\/fatec-scaled.jpg?fit=1200%2C638&ssl=1&resize=350%2C200 1x, https:\/\/i0.wp.com\/noticiasribeiraopreto.com.br\/wp-content\/uploads\/2023\/12\/fatec-scaled.jpg?fit=1200%2C638&ssl=1&resize=525%2C300 1.5x, https:\/\/i0.wp.com\/noticiasribeiraopreto.com.br\/wp-content\/uploads\/2023\/12\/fatec-scaled.jpg?fit=1200%2C638&ssl=1&resize=700%2C400 2x, https:\/\/i0.wp.com\/noticiasribeiraopreto.com.br\/wp-content\/uploads\/2023\/12\/fatec-scaled.jpg?fit=1200%2C638&ssl=1&resize=1050%2C600 3x"},"classes":[]},{"id":50585,"url":"https:\/\/noticiasribeiraopreto.com.br\/index.php\/2024\/05\/17\/governo-abriu-inscricoes-para-faculdade-gratis-em-80-cursos\/","url_meta":{"origin":72402,"position":5},"title":"Governo abriu inscri\u00e7\u00f5es para faculdade gr\u00e1tis em 80 cursos","author":"noticiasribeiraopreto.com.br","date":"17 de May de 2024","format":false,"excerpt":"Faculdade gr\u00e1tis est\u00e1 com inscri\u00e7\u00f5es abertas em mais de 80 cursos pelo governo e com reconhecimento pelo MEC, confira O Centro Paula Souza anuncia a abertura das inscri\u00e7\u00f5es para cursos gratuitos de gradua\u00e7\u00e3o tecnol\u00f3gica nas Faculdades de Tecnologia (Fatecs) para o segundo semestre de 2024. Com uma diversidade de mais\u2026","rel":"","context":"In &quot;Blog&quot;","block_context":{"text":"Blog","link":"https:\/\/noticiasribeiraopreto.com.br\/index.php\/category\/blog\/"},"img":{"alt_text":"","src":"https:\/\/i0.wp.com\/noticiasribeiraopreto.com.br\/wp-content\/uploads\/2024\/05\/Untitled-design-3.png?fit=1200%2C628&ssl=1&resize=350%2C200","width":350,"height":200,"srcset":"https:\/\/i0.wp.com\/noticiasribeiraopreto.com.br\/wp-content\/uploads\/2024\/05\/Untitled-design-3.png?fit=1200%2C628&ssl=1&resize=350%2C200 1x, https:\/\/i0.wp.com\/noticiasribeiraopreto.com.br\/wp-content\/uploads\/2024\/05\/Untitled-design-3.png?fit=1200%2C628&ssl=1&resize=525%2C300 1.5x, https:\/\/i0.wp.com\/noticiasribeiraopreto.com.br\/wp-content\/uploads\/2024\/05\/Untitled-design-3.png?fit=1200%2C628&ssl=1&resize=700%2C400 2x, https:\/\/i0.wp.com\/noticiasribeiraopreto.com.br\/wp-content\/uploads\/2024\/05\/Untitled-design-3.png?fit=1200%2C628&ssl=1&resize=1050%2C600 3x"},"classes":[]}],"jetpack_sharing_enabled":true,"jetpack_shortlink":"https:\/\/wp.me\/peQAOb-iPM","_links":{"self":[{"href":"https:\/\/noticiasribeiraopreto.com.br\/index.php\/wp-json\/wp\/v2\/posts\/72402","targetHints":{"allow":["GET"]}}],"collection":[{"href":"https:\/\/noticiasribeiraopreto.com.br\/index.php\/wp-json\/wp\/v2\/posts"}],"about":[{"href":"https:\/\/noticiasribeiraopreto.com.br\/index.php\/wp-json\/wp\/v2\/types\/post"}],"author":[{"embeddable":true,"href":"https:\/\/noticiasribeiraopreto.com.br\/index.php\/wp-json\/wp\/v2\/users\/1"}],"replies":[{"embeddable":true,"href":"https:\/\/noticiasribeiraopreto.com.br\/index.php\/wp-json\/wp\/v2\/comments?post=72402"}],"version-history":[{"count":0,"href":"https:\/\/noticiasribeiraopreto.com.br\/index.php\/wp-json\/wp\/v2\/posts\/72402\/revisions"}],"wp:featuredmedia":[{"embeddable":true,"href":"https:\/\/noticiasribeiraopreto.com.br\/index.php\/wp-json\/wp\/v2\/media\/72403"}],"wp:attachment":[{"href":"https:\/\/noticiasribeiraopreto.com.br\/index.php\/wp-json\/wp\/v2\/media?parent=72402"}],"wp:term":[{"taxonomy":"category","embeddable":true,"href":"https:\/\/noticiasribeiraopreto.com.br\/index.php\/wp-json\/wp\/v2\/categories?post=72402"},{"taxonomy":"post_tag","embeddable":true,"href":"https:\/\/noticiasribeiraopreto.com.br\/index.php\/wp-json\/wp\/v2\/tags?post=72402"}],"curies":[{"name":"wp","href":"https:\/\/api.w.org\/{rel}","templated":true}]}}