{"id":72404,"date":"2025-06-16T23:58:10","date_gmt":"2025-06-17T02:58:10","guid":{"rendered":"https:\/\/noticiasribeiraopreto.com.br\/index.php\/2025\/06\/16\/jornal-da-franca-problemas-de-memoria-veja-5-dicas-para-se-lembrar-do-que-e-importante\/"},"modified":"2025-06-16T23:58:10","modified_gmt":"2025-06-17T02:58:10","slug":"jornal-da-franca-problemas-de-memoria-veja-5-dicas-para-se-lembrar-do-que-e-importante","status":"publish","type":"post","link":"https:\/\/noticiasribeiraopreto.com.br\/index.php\/2025\/06\/16\/jornal-da-franca-problemas-de-memoria-veja-5-dicas-para-se-lembrar-do-que-e-importante\/","title":{"rendered":"Jornal da Franca &#8211; Problemas de mem\u00f3ria? Veja 5 dicas para se lembrar do que \u00e9 importante!"},"content":{"rendered":"<p> <br \/>\n<\/p>\n<div>\n\t                            <a class=\"mb-1\" href=\"https:\/\/api.whatsapp.com\/send?text=Olha essa Not\u00edcia no Jornal da Franca.%0D%0D*Problemas de mem\u00f3ria? Veja 5 dicas para se lembrar do que \u00e9 importante!*%0D%0Dclique na url abaixo%0Dhttps:\/\/www.jornaldafranca.com.br\/problemas-de-memoria-veja-5-dicas-para-se-lembrar-do-que-e-importante\/\" target=\"_blank\"><span class=\"text-12 badge badge-pill badge-success\"><i class=\"fa fa-whatsapp\"\/> compartilhar no whatsapp<\/span><\/a><\/p>\n<p>\t                            <a class=\"mb-1\" href=\"https:\/\/telegram.me\/share\/url?url=https:\/\/www.jornaldafranca.com.br\/problemas-de-memoria-veja-5-dicas-para-se-lembrar-do-que-e-importante\/&amp;text=Olha essa Not\u00edcia no Jornal da Franca.\" target=\"_blank\"><span class=\"text-12 badge badge-pill badge-info\"><i class=\"fa fa-telegram\"\/> compartilhar no telegram<\/span><\/a><\/p>\n<p>\t                            <a class=\"mb-1\" href=\"https:\/\/www.facebook.com\/sharer\/sharer.php?u=https:\/\/www.jornaldafranca.com.br\/problemas-de-memoria-veja-5-dicas-para-se-lembrar-do-que-e-importante\/\" target=\"_blank\"><span class=\"text-12 badge badge-pill badge-primary\"><i class=\"fa fa-facebook\"\/> compartilhar no facebook<\/span><\/a><\/p>\n<p>\t                            <a class=\"mb-1\" href=\"https:\/\/www.linkedin.com\/shareArticle?mini=true&amp;url=https:\/\/www.jornaldafranca.com.br\/problemas-de-memoria-veja-5-dicas-para-se-lembrar-do-que-e-importante\/&amp;title=Problemas de mem\u00f3ria? Veja 5 dicas para se lembrar do que \u00e9 importante!&amp;source=JORNAL DA FRANCA\" target=\"_blank\"><span class=\"text-12 badge badge-pill badge-secondary\"><i class=\"fa fa-linkedin\"\/> compartilhar no linkedin<\/span><\/a><\/p>\n<div class=\"lead text-20\">\n<p>Especialista ensina truques para evitar o esquecimento e formar mem\u00f3rias de eventos fundamentais<\/p>\n<\/p><\/div>\n<p><img data-recalc-dims=\"1\" decoding=\"async\" src=\"https:\/\/i0.wp.com\/www.jornaldafranca.com.br\/wp-content\/uploads\/2024\/04\/memoria-mulher-scaled.jpg?ssl=1\" alt=\"\"\/><\/p>\n<h6>A ci\u00eancia da mem\u00f3ria mostra que os seres humanos s\u00e3o feitos para esquecer \u2013 foto Arquivo<\/h6>\n<p>\u00a0<\/p>\n<p>A maioria de n\u00f3s est\u00e1 familiarizada com a frustra\u00e7\u00e3o de esquecer \u2014 seja ao tentar lembrar uma palavra que est\u00e1 na ponta da l\u00edngua, perder objetos importantes como chaves ou \u00f3culos, ou at\u00e9 esquecer o motivo de ter entrado em um c\u00f4modo.<\/p>\n<p>Como podemos fazer outra coisa sen\u00e3o esquecer \u2014 especialmente em uma \u00e9poca em que somos submetidos a um fluxo constante de informa\u00e7\u00f5es a cada minuto em que estamos acordados, entre nossa vida no mundo f\u00edsico e o que recebemos eletronicamente via smartphones, TVs, computadores e muito mais?<\/p>\n<p>O americano m\u00e9dio \u00e9 exposto a cerca de 34 gigabytes \u2014 ou 11,8 horas \u2014 de informa\u00e7\u00e3o por dia, escreveu Charan Ranganath em seu livro mais recente, \u201cWhy We Remember: Unlocking Memory\u2019s Power to Hold on to What Matters\u201d (\u201cPor que Lembramos: Desbloqueando o Poder da Mem\u00f3ria para Reter o que Importa\u201d, em tradu\u00e7\u00e3o livre).<\/p>\n<p>Esse n\u00famero veio de um relat\u00f3rio de 2009 do Global Information Industry Center da Universidade da Calif\u00f3rnia, em San Diego.<\/p>\n<p>\u201cDa \u00faltima vez que procurei, a estimativa havia aumentado ainda mais desde ent\u00e3o\u201d, disse Ranganath recentemente ao correspondente m\u00e9dico-chefe, Sanjay Gupta, em seu podcast Chasing Life.<\/p>\n<p>Ranganath dirige o Dynamic Memory Lab da Universidade da Calif\u00f3rnia, em Davis, onde tamb\u00e9m \u00e9 professor de psicologia e neuroci\u00eancia.<\/p>\n<p>Longe de lembrar de todas essas informa\u00e7\u00f5es, ele disse que a ci\u00eancia da mem\u00f3ria mostra que os seres humanos s\u00e3o feitos para esquecer.<\/p>\n<p>De fato, o livro de Ranganath faz refer\u00eancia ao trabalho do psic\u00f3logo cognitivo George Miller, que concluiu, em um artigo de 1956, que conseguimos manter apenas sete itens (mais ou menos dois) na mente ao mesmo tempo.<\/p>\n<p>\u201cAcho que um dos equ\u00edvocos por a\u00ed, \u00e9 que dever\u00edamos absorver tudo o que est\u00e1 ao nosso redor\u201d, disse ele. \u201cNa verdade, nossos c\u00e9rebros operam com base nesse princ\u00edpio de economia: absorver o m\u00ednimo de informa\u00e7\u00e3o poss\u00edvel e aproveitar ao m\u00e1ximo essa informa\u00e7\u00e3o.\u201d<\/p>\n<p>\u201cTudo gira em torno dessa economia e da capacidade de usar a aten\u00e7\u00e3o como um grande filtro, para conseguir focar nas coisas mais importantes\u201d, disse ele.<\/p>\n<p>\u201c\u00c0s vezes s\u00e3o as coisas que voc\u00ea espera, e \u00e0s vezes s\u00e3o aquelas que violam suas expectativas \u2014 e \u00e9 a\u00ed que h\u00e1 mais significado\u201d, disse ele.<\/p>\n<p>\u201cMas isso tamb\u00e9m significa que, \u00e0s vezes, deixamos passar coisas e acabamos frustrados porque nossa aten\u00e7\u00e3o estava direcionada ao lugar errado, no momento errado.\u201d<\/p>\n<p>Melhorar a mem\u00f3ria n\u00e3o \u00e9 tentar enfiar mais informa\u00e7\u00e3o na cabe\u00e7a. \u201cO que eu gosto de dizer \u00e9: n\u00e3o tente lembrar mais, lembre melhor\u201d, disse Ranganath. \u201c\u00c0s vezes, lembrar melhor significa memorizar menos.\u201d<\/p>\n<p>O que fazer se voc\u00ea sofre com o esquecimento? A seguir, veja cinco truques de Ranganath para ajudar a formar mem\u00f3rias de eventos importantes.<\/p>\n<p><strong>1. Associe o que voc\u00ea quer lembrar a algo importante<\/strong><\/p>\n<p>\u201cVoc\u00ea pode lembrar informa\u00e7\u00f5es como nomes se conseguir vincul\u00e1-las a informa\u00e7\u00f5es que tenham significado para voc\u00ea\u201d, disse ele.<\/p>\n<p>Por exemplo, se voc\u00ea \u00e9 f\u00e3 de mitologia grega, pode ligar o primeiro nome de Ranganath, Charan, a Caronte (Charon, em ingl\u00eas), o barqueiro do submundo que, mediante pagamento, transporta as almas dos mortos pelo rio Estige.<\/p>\n<p>\u201cE (voc\u00ea pode) me imaginar transportando pessoas pelo rio dos mortos\u201d, disse ele. Uma imagem v\u00edvida como essa pode ajudar a lembrar um nome.<\/p>\n<p><strong>2. Teste a si mesmo.<\/strong><\/p>\n<p>Mesmo que cometa erros, Ranganath disse que o processo de tentativa e erro \u00e9 uma das melhores formas de lembrar algo.<\/p>\n<p>\u201cSe estiver aprendendo um novo nome ou palavra de uma l\u00edngua estrangeira, tente adivinhar qual poderia ser o nome ou o significado da palavra\u201d, disse ele.<\/p>\n<p>Quando voc\u00ea aprende a resposta correta, ele explicou, o c\u00e9rebro pode \u201cajustar essa mem\u00f3ria para garantir que ela fique mais associada \u00e0 resposta certa e menos propensa a se associar a respostas erradas\u201d.<\/p>\n<p><strong>3. Fa\u00e7a com que se destaque<\/strong><\/p>\n<p>\u201cAssim como \u00e9 mais f\u00e1cil encontrar um post-it rosa-choque em uma mesa cheia de notas amarelas, \u00e9 mais f\u00e1cil encontrar mem\u00f3rias que tenham caracter\u00edsticas que se destaquem de outras mem\u00f3rias\u201d, disse Ranganath.<\/p>\n<p>Por exemplo: \u201cQuando voc\u00ea largar suas chaves, reserve um momento para prestar aten\u00e7\u00e3o a um detalhe, como um som ou uma pista visual \u00fanica\u201d, disse ele.<\/p>\n<p>Isso pode ajudar bastante a lembrar onde voc\u00ea as colocou \u2014 especialmente na correria para sair de casa.<\/p>\n<p><strong>4. D\u00ea import\u00e2ncia ao assunto<\/strong><\/p>\n<p>Aproveite o fato de que o c\u00e9rebro evoluiu para destacar momentos significativos.\u00a0\u201cRetemos mem\u00f3rias de eventos importantes \u2014 em um sentido biol\u00f3gico\u201d, disse Ranganath.<\/p>\n<p>\u201cQuando temos experi\u00eancias que s\u00e3o recompensadoras, assustadoras ou embara\u00e7osas, subst\u00e2ncias qu\u00edmicas como dopamina, noradrenalina ou serotonina s\u00e3o liberadas, promovendo a plasticidade.\u201d Esses neurotransmissores ajudam a consolidar a experi\u00eancia na mem\u00f3ria.<\/p>\n<p>A curiosidade tamb\u00e9m pode ter um papel. \u201cDescobrimos que estar curioso tem um efeito semelhante na mem\u00f3ria\u201d, disse ele, destacando que a curiosidade ativa \u201c\u00e1reas do c\u00e9rebro que transportam dopamina\u201d e promove o aprendizado. \u201cEnt\u00e3o, antes de aprender, fique curioso sobre o assunto!\u201d, disse ele.<\/p>\n<p><strong>5. Atente-se ao contexto<\/strong><\/p>\n<p>Use seus sentidos para fazer uma pequena viagem no tempo. \u201cNossas mem\u00f3rias de eventos, ou mem\u00f3rias epis\u00f3dicas, est\u00e3o ligadas a onde e quando o evento aconteceu\u201d, disse Ranganath.<\/p>\n<p>\u201c\u00c9 por isso que ouvir uma m\u00fasica que tocava durante seu interc\u00e2mbio na faculdade ou sentir o cheiro de uma comida que sua av\u00f3 fazia pode imediatamente transport\u00e1-lo de volta no tempo.\u201d<\/p>\n<p>\u201cSe estiver tentando se lembrar de um evento passado, imagine-se naquele local e momento \u2014 como voc\u00ea se sentia, no que estava pensando, as imagens e sons do lugar \u2014 e voc\u00ea ver\u00e1 que isso ajuda muito a puxar a mem\u00f3ria\u201d, disse ele.<\/p>\n<p>Fonte:<em><strong> CNN<\/strong><\/em><\/p>\n<p><!-- CONTENT END 1 --><\/p>\n<hr\/><\/div>\n<p><br \/>\n<br \/><a href=\"https:\/\/www.jornaldafranca.com.br\/problemas-de-memoria-veja-5-dicas-para-se-lembrar-do-que-e-importante\/\">Source link <\/a><\/p>\n","protected":false},"excerpt":{"rendered":"<p>compartilhar no whatsapp compartilhar no telegram compartilhar no facebook compartilhar no linkedin Especialista ensina truques para evitar o esquecimento e formar mem\u00f3rias de eventos fundamentais&#8230;<\/p>\n","protected":false},"author":1,"featured_media":72405,"comment_status":"open","ping_status":"open","sticky":false,"template":"","format":"standard","meta":{"advanced_seo_description":"","jetpack_seo_html_title":"","jetpack_seo_noindex":false,"jetpack_post_was_ever_published":false,"_jetpack_newsletter_access":"","_jetpack_dont_email_post_to_subs":false,"_jetpack_newsletter_tier_id":0,"_jetpack_memberships_contains_paywalled_content":false,"_jetpack_memberships_contains_paid_content":false,"footnotes":"","jetpack_publicize_message":"","jetpack_publicize_feature_enabled":true,"jetpack_social_post_already_shared":true,"jetpack_social_options":{"image_generator_settings":{"template":"highway","default_image_id":0,"font":"","enabled":false},"version":2}},"categories":[3597],"tags":[],"class_list":["post-72404","post","type-post","status-publish","format-standard","has-post-thumbnail","hentry","category-noticias-franca-sp"],"jetpack_publicize_connections":[],"jetpack_featured_media_url":"https:\/\/i0.wp.com\/noticiasribeiraopreto.com.br\/wp-content\/uploads\/2025\/06\/memoria-mulher-scaled.jpg?fit=2560%2C1707&ssl=1","jetpack-related-posts":[{"id":73017,"url":"https:\/\/noticiasribeiraopreto.com.br\/index.php\/2025\/06\/24\/jornal-da-franca-clima-sera-de-frio-porem-agradavel-e-fresco-em-franca-nesta-terca-deve-chover\/","url_meta":{"origin":72404,"position":0},"title":"Jornal da Franca &#8211; Clima ser\u00e1 de frio, por\u00e9m agrad\u00e1vel e fresco em Franca nesta ter\u00e7a: deve chover","author":"noticiasribeiraopreto.com.br","date":"24 de June de 2025","format":false,"excerpt":"compartilhar no whatsapp compartilhar no telegram compartilhar no facebook compartilhar no linkedin Cidade tem previs\u00e3o de chuva de at\u00e9 12 mil\u00edmetros A previs\u00e3o do tempo para Franca indica um dia agrad\u00e1vel, com temperatura m\u00ednima de 5\u00b0C e m\u00e1xima de 22\u00b0C. H\u00e1 grande possibilidade de chuva, com volume de at\u00e9 12\u2026","rel":"","context":"In &quot;Not\u00edcias de Franca-SP&quot;","block_context":{"text":"Not\u00edcias de Franca-SP","link":"https:\/\/noticiasribeiraopreto.com.br\/index.php\/category\/noticias-de-ribeirao-preto-sp-e-regiao-ismael-colosi\/noticias-franca-sp\/"},"img":{"alt_text":"","src":"https:\/\/i0.wp.com\/noticiasribeiraopreto.com.br\/wp-content\/uploads\/2025\/06\/1750758766_Franca.jpeg?fit=1200%2C806&ssl=1&resize=350%2C200","width":350,"height":200,"srcset":"https:\/\/i0.wp.com\/noticiasribeiraopreto.com.br\/wp-content\/uploads\/2025\/06\/1750758766_Franca.jpeg?fit=1200%2C806&ssl=1&resize=350%2C200 1x, https:\/\/i0.wp.com\/noticiasribeiraopreto.com.br\/wp-content\/uploads\/2025\/06\/1750758766_Franca.jpeg?fit=1200%2C806&ssl=1&resize=525%2C300 1.5x, https:\/\/i0.wp.com\/noticiasribeiraopreto.com.br\/wp-content\/uploads\/2025\/06\/1750758766_Franca.jpeg?fit=1200%2C806&ssl=1&resize=700%2C400 2x, https:\/\/i0.wp.com\/noticiasribeiraopreto.com.br\/wp-content\/uploads\/2025\/06\/1750758766_Franca.jpeg?fit=1200%2C806&ssl=1&resize=1050%2C600 3x"},"classes":[]},{"id":69340,"url":"https:\/\/noticiasribeiraopreto.com.br\/index.php\/2025\/05\/05\/jornal-da-franca-implantacao-de-escola-civico-militar-em-franca-e-tema-de-debates-na-camara-municipal\/","url_meta":{"origin":72404,"position":1},"title":"Jornal da Franca &#8211; Implanta\u00e7\u00e3o de escola c\u00edvico-militar em Franca \u00e9 tema de debates na C\u00e2mara Municipal","author":"noticiasribeiraopreto.com.br","date":"5 de May de 2025","format":false,"excerpt":"compartilhar no whatsapp compartilhar no telegram compartilhar no facebook compartilhar no linkedin Mun\u00edcipe agradece apoio de vereadores e parlamentares para que Franca fosse contemplada com o modelo educacional A implanta\u00e7\u00e3o do Programa das Escolas C\u00edvico-Militares em Franca, pauta defendida pela direita, foi tema abordado durante a sess\u00e3o ordin\u00e1ria da C\u00e2mara\u2026","rel":"","context":"In &quot;Not\u00edcias de Franca-SP&quot;","block_context":{"text":"Not\u00edcias de Franca-SP","link":"https:\/\/noticiasribeiraopreto.com.br\/index.php\/category\/noticias-de-ribeirao-preto-sp-e-regiao-ismael-colosi\/noticias-franca-sp\/"},"img":{"alt_text":"","src":"https:\/\/i0.wp.com\/noticiasribeiraopreto.com.br\/wp-content\/uploads\/2025\/05\/1746449336_plenariodiagonal_0.jpg?fit=930%2C558&ssl=1&resize=350%2C200","width":350,"height":200,"srcset":"https:\/\/i0.wp.com\/noticiasribeiraopreto.com.br\/wp-content\/uploads\/2025\/05\/1746449336_plenariodiagonal_0.jpg?fit=930%2C558&ssl=1&resize=350%2C200 1x, https:\/\/i0.wp.com\/noticiasribeiraopreto.com.br\/wp-content\/uploads\/2025\/05\/1746449336_plenariodiagonal_0.jpg?fit=930%2C558&ssl=1&resize=525%2C300 1.5x, https:\/\/i0.wp.com\/noticiasribeiraopreto.com.br\/wp-content\/uploads\/2025\/05\/1746449336_plenariodiagonal_0.jpg?fit=930%2C558&ssl=1&resize=700%2C400 2x"},"classes":[]},{"id":69220,"url":"https:\/\/noticiasribeiraopreto.com.br\/index.php\/2025\/05\/03\/jornal-da-franca-socorristas-que-salvaram-crianca-em-franca-recebem-mocao-de-aplausos-da-camara\/","url_meta":{"origin":72404,"position":2},"title":"Jornal da Franca &#8211; Socorristas que salvaram crian\u00e7a em Franca\u00a0recebem Mo\u00e7\u00e3o de Aplausos da C\u00e2mara","author":"noticiasribeiraopreto.com.br","date":"3 de May de 2025","format":false,"excerpt":"compartilhar no whatsapp compartilhar no telegram compartilhar no facebook compartilhar no linkedin Mo\u00e7\u00e3o reconhece trabalho de equipe de sa\u00fade que atuou no salvamento de beb\u00ea A C\u00e2mara aprovou a Mo\u00e7\u00e3o de Aplausos n\u00ba 41 de 2025, de autoria do vereador Walker Bombeiro da Libras, para a equipe de sa\u00fade da\u2026","rel":"","context":"In &quot;Not\u00edcias de Franca-SP&quot;","block_context":{"text":"Not\u00edcias de Franca-SP","link":"https:\/\/noticiasribeiraopreto.com.br\/index.php\/category\/noticias-de-ribeirao-preto-sp-e-regiao-ismael-colosi\/noticias-franca-sp\/"},"img":{"alt_text":"","src":"https:\/\/i0.wp.com\/noticiasribeiraopreto.com.br\/wp-content\/uploads\/2025\/05\/mocaoravi17sessao.jpg?fit=1000%2C562&ssl=1&resize=350%2C200","width":350,"height":200,"srcset":"https:\/\/i0.wp.com\/noticiasribeiraopreto.com.br\/wp-content\/uploads\/2025\/05\/mocaoravi17sessao.jpg?fit=1000%2C562&ssl=1&resize=350%2C200 1x, https:\/\/i0.wp.com\/noticiasribeiraopreto.com.br\/wp-content\/uploads\/2025\/05\/mocaoravi17sessao.jpg?fit=1000%2C562&ssl=1&resize=525%2C300 1.5x, https:\/\/i0.wp.com\/noticiasribeiraopreto.com.br\/wp-content\/uploads\/2025\/05\/mocaoravi17sessao.jpg?fit=1000%2C562&ssl=1&resize=700%2C400 2x"},"classes":[]},{"id":67756,"url":"https:\/\/noticiasribeiraopreto.com.br\/index.php\/2025\/04\/18\/jornal-da-franca-vereadores-aprovam-reconhecimento-a-profissionais-e-entidades-que-atuam-em-franca\/","url_meta":{"origin":72404,"position":3},"title":"Jornal da Franca &#8211; Vereadores aprovam reconhecimento a profissionais e entidades que atuam em Franca\u00a0","author":"noticiasribeiraopreto.com.br","date":"18 de April de 2025","format":false,"excerpt":"compartilhar no whatsapp compartilhar no telegram compartilhar no facebook compartilhar no linkedin Mo\u00e7\u00f5es de aplausos e congratula\u00e7\u00f5es s\u00e3o apresentadas em reconhecimento a servi\u00e7os prestados A C\u00e2mara Municipal de Franca aprovou na sess\u00e3o desta ter\u00e7a-feira mo\u00e7\u00f5es de aplausos e congratula\u00e7\u00f5es em reconhecimento a profissionais, entidades e sindicatos que se destacaram em\u2026","rel":"","context":"In &quot;Not\u00edcias de Franca-SP&quot;","block_context":{"text":"Not\u00edcias de Franca-SP","link":"https:\/\/noticiasribeiraopreto.com.br\/index.php\/category\/noticias-de-ribeirao-preto-sp-e-regiao-ismael-colosi\/noticias-franca-sp\/"},"img":{"alt_text":"","src":"https:\/\/i0.wp.com\/noticiasribeiraopreto.com.br\/wp-content\/uploads\/2025\/04\/reuniaodecomissoes-2.jpg?fit=930%2C558&ssl=1&resize=350%2C200","width":350,"height":200,"srcset":"https:\/\/i0.wp.com\/noticiasribeiraopreto.com.br\/wp-content\/uploads\/2025\/04\/reuniaodecomissoes-2.jpg?fit=930%2C558&ssl=1&resize=350%2C200 1x, https:\/\/i0.wp.com\/noticiasribeiraopreto.com.br\/wp-content\/uploads\/2025\/04\/reuniaodecomissoes-2.jpg?fit=930%2C558&ssl=1&resize=525%2C300 1.5x, https:\/\/i0.wp.com\/noticiasribeiraopreto.com.br\/wp-content\/uploads\/2025\/04\/reuniaodecomissoes-2.jpg?fit=930%2C558&ssl=1&resize=700%2C400 2x"},"classes":[]},{"id":65177,"url":"https:\/\/noticiasribeiraopreto.com.br\/index.php\/2025\/03\/17\/jornal-da-franca-previsao-climatica-para-franca-dia-de-sol-com-poucas-nuvens-nesta-segunda\/","url_meta":{"origin":72404,"position":4},"title":"Jornal da Franca &#8211; Previs\u00e3o clim\u00e1tica para Franca: dia de sol com poucas nuvens nesta segunda","author":"noticiasribeiraopreto.com.br","date":"17 de March de 2025","format":false,"excerpt":"compartilhar no whatsapp compartilhar no telegram compartilhar no facebook compartilhar no linkedin Temperaturas variam entre 19\u00b0C e 31\u00b0C, com 0% de chance de chuva \u00a0 A previs\u00e3o do tempo para a cidade de Franca nesta segunda-feira, indica um dia de sol com algumas nuvens, especialmente \u00e0 tarde. H\u00e1 previs\u00e3o de\u2026","rel":"","context":"In &quot;Not\u00edcias de Franca-SP&quot;","block_context":{"text":"Not\u00edcias de Franca-SP","link":"https:\/\/noticiasribeiraopreto.com.br\/index.php\/category\/noticias-de-ribeirao-preto-sp-e-regiao-ismael-colosi\/noticias-franca-sp\/"},"img":{"alt_text":"","src":"https:\/\/i0.wp.com\/noticiasribeiraopreto.com.br\/wp-content\/uploads\/2025\/03\/nuvens-de-chuva-scaled.jpg?fit=1200%2C800&ssl=1&resize=350%2C200","width":350,"height":200,"srcset":"https:\/\/i0.wp.com\/noticiasribeiraopreto.com.br\/wp-content\/uploads\/2025\/03\/nuvens-de-chuva-scaled.jpg?fit=1200%2C800&ssl=1&resize=350%2C200 1x, https:\/\/i0.wp.com\/noticiasribeiraopreto.com.br\/wp-content\/uploads\/2025\/03\/nuvens-de-chuva-scaled.jpg?fit=1200%2C800&ssl=1&resize=525%2C300 1.5x, https:\/\/i0.wp.com\/noticiasribeiraopreto.com.br\/wp-content\/uploads\/2025\/03\/nuvens-de-chuva-scaled.jpg?fit=1200%2C800&ssl=1&resize=700%2C400 2x, https:\/\/i0.wp.com\/noticiasribeiraopreto.com.br\/wp-content\/uploads\/2025\/03\/nuvens-de-chuva-scaled.jpg?fit=1200%2C800&ssl=1&resize=1050%2C600 3x"},"classes":[]},{"id":64747,"url":"https:\/\/noticiasribeiraopreto.com.br\/index.php\/2025\/03\/12\/jornal-da-franca-autoridades-e-produtores-rurais-de-franca-fazem-abertura-da-16-edicao-do-simcafe\/","url_meta":{"origin":72404,"position":5},"title":"Jornal da Franca &#8211; Autoridades e produtores rurais de Franca fazem abertura da 16\u00b0 edi\u00e7\u00e3o do SimCaf\u00e9","author":"noticiasribeiraopreto.com.br","date":"12 de March de 2025","format":false,"excerpt":"compartilhar no whatsapp compartilhar no telegram compartilhar no facebook compartilhar no linkedin Evento re\u00fane cafeicultores e empresas do setor de agro de Franca e regi\u00e3o O Simcaf\u00e9 \u2013 Simp\u00f3sio do Agroneg\u00f3cio Caf\u00e9 da Alta Mogiana \u2013 teve sua 16\u00b0 edi\u00e7\u00e3o aberta nesta ter\u00e7a-feira com a presen\u00e7a de diversas autoridades pol\u00edticas.\u2026","rel":"","context":"In &quot;Not\u00edcias de Franca-SP&quot;","block_context":{"text":"Not\u00edcias de Franca-SP","link":"https:\/\/noticiasribeiraopreto.com.br\/index.php\/category\/noticias-de-ribeirao-preto-sp-e-regiao-ismael-colosi\/noticias-franca-sp\/"},"img":{"alt_text":"","src":"https:\/\/i0.wp.com\/noticiasribeiraopreto.com.br\/wp-content\/uploads\/2025\/03\/IMG_20250311_180004.jpg?fit=804%2C730&ssl=1&resize=350%2C200","width":350,"height":200,"srcset":"https:\/\/i0.wp.com\/noticiasribeiraopreto.com.br\/wp-content\/uploads\/2025\/03\/IMG_20250311_180004.jpg?fit=804%2C730&ssl=1&resize=350%2C200 1x, https:\/\/i0.wp.com\/noticiasribeiraopreto.com.br\/wp-content\/uploads\/2025\/03\/IMG_20250311_180004.jpg?fit=804%2C730&ssl=1&resize=525%2C300 1.5x, https:\/\/i0.wp.com\/noticiasribeiraopreto.com.br\/wp-content\/uploads\/2025\/03\/IMG_20250311_180004.jpg?fit=804%2C730&ssl=1&resize=700%2C400 2x"},"classes":[]}],"jetpack_sharing_enabled":true,"jetpack_shortlink":"https:\/\/wp.me\/peQAOb-iPO","_links":{"self":[{"href":"https:\/\/noticiasribeiraopreto.com.br\/index.php\/wp-json\/wp\/v2\/posts\/72404","targetHints":{"allow":["GET"]}}],"collection":[{"href":"https:\/\/noticiasribeiraopreto.com.br\/index.php\/wp-json\/wp\/v2\/posts"}],"about":[{"href":"https:\/\/noticiasribeiraopreto.com.br\/index.php\/wp-json\/wp\/v2\/types\/post"}],"author":[{"embeddable":true,"href":"https:\/\/noticiasribeiraopreto.com.br\/index.php\/wp-json\/wp\/v2\/users\/1"}],"replies":[{"embeddable":true,"href":"https:\/\/noticiasribeiraopreto.com.br\/index.php\/wp-json\/wp\/v2\/comments?post=72404"}],"version-history":[{"count":0,"href":"https:\/\/noticiasribeiraopreto.com.br\/index.php\/wp-json\/wp\/v2\/posts\/72404\/revisions"}],"wp:featuredmedia":[{"embeddable":true,"href":"https:\/\/noticiasribeiraopreto.com.br\/index.php\/wp-json\/wp\/v2\/media\/72405"}],"wp:attachment":[{"href":"https:\/\/noticiasribeiraopreto.com.br\/index.php\/wp-json\/wp\/v2\/media?parent=72404"}],"wp:term":[{"taxonomy":"category","embeddable":true,"href":"https:\/\/noticiasribeiraopreto.com.br\/index.php\/wp-json\/wp\/v2\/categories?post=72404"},{"taxonomy":"post_tag","embeddable":true,"href":"https:\/\/noticiasribeiraopreto.com.br\/index.php\/wp-json\/wp\/v2\/tags?post=72404"}],"curies":[{"name":"wp","href":"https:\/\/api.w.org\/{rel}","templated":true}]}}