{"id":72406,"date":"2025-06-17T00:59:18","date_gmt":"2025-06-17T03:59:18","guid":{"rendered":"https:\/\/noticiasribeiraopreto.com.br\/index.php\/2025\/06\/17\/projeto-de-esporte-busca-transformar-vida-de-170-jovens-na-regiao-com-volei-e-futebol\/"},"modified":"2025-06-17T00:59:18","modified_gmt":"2025-06-17T03:59:18","slug":"projeto-de-esporte-busca-transformar-vida-de-170-jovens-na-regiao-com-volei-e-futebol","status":"publish","type":"post","link":"https:\/\/noticiasribeiraopreto.com.br\/index.php\/2025\/06\/17\/projeto-de-esporte-busca-transformar-vida-de-170-jovens-na-regiao-com-volei-e-futebol\/","title":{"rendered":"Projeto de esporte busca transformar vida de 170 jovens na regi\u00e3o com v\u00f4lei e futebol"},"content":{"rendered":"<div class='code-block code-block-1' style='margin: 8px 0 8px auto; text-align: right; display: block; clear: both;'>\n<p><a href=\"https:\/\/wa.link\/vpicfd\"><img data-recalc-dims=\"1\" class=\"wp-image-4922\" style=\"aspect-ratio: 2.0253164556962027; width: 561px; height: auto;\" src=\"https:\/\/i0.wp.com\/ismaelcolosi.com.br\/wp-content\/uploads\/2023\/11\/grupo-de-empregos-whatsapp-e-facebook-ismael-colosi-vagas.jpg?ssl=1\" alt=\"\" \/><\/a><\/p>\n<!-- \/wp:image -->\n<\/div>\n<p> <br \/>\n<\/p>\n<div>\n<p>A pr\u00e1tica esportiva est\u00e1 transformando a realidade de 170 crian\u00e7as e adolescentes na Vila do Estreito, em Pedregulho. A iniciativa \u00e9 da AMAB (Associa\u00e7\u00e3o de Moradores e Amigos da Vila do Estreito), que promoveu aulas regulares de v\u00f4lei e futebol para participantes com idades entre 7 e 17 anos.<\/p>\n<p>As atividades esportivas, realizadas ao longo dos \u00faltimos meses, n\u00e3o apenas ocupam o tempo livre dos jovens, mas tamb\u00e9m promovem sa\u00fade, disciplina, autoestima e socializa\u00e7\u00e3o. Em um cen\u00e1rio onde o acesso ao lazer e ao esporte ainda \u00e9 limitado, projetos como esse tornam-se fundamentais para o desenvolvimento integral das novas gera\u00e7\u00f5es.<\/p>\n<p>]\u201cO esporte \u00e9 uma ferramenta poderosa de inclus\u00e3o social. Com o futebol e o v\u00f4lei, conseguimos tirar as crian\u00e7as da ociosidade, oferecer um ambiente saud\u00e1vel e ensinar valores que elas levar\u00e3o para a vida toda\u201d, afirma um dos coordenadores do projeto.<\/p>\n<p>Durante as aulas, os participantes desenvolvem habilidades t\u00e9cnicas e motoras, aprendem a trabalhar em equipe, respeitar regras e superar desafios. Al\u00e9m disso, a conviv\u00eancia esportiva contribui para o fortalecimento de la\u00e7os comunit\u00e1rios, reduzindo situa\u00e7\u00f5es de vulnerabilidade e favorecendo a constru\u00e7\u00e3o de um futuro mais promissor.<\/p>\n<p>Para muitos jovens da comunidade, o contato com o esporte representa uma oportunidade in\u00e9dita. \u201cNunca tinha participado de um time. Aqui aprendi a jogar e a ter mais confian\u00e7a em mim mesma\u201d, conta Ana Luiza, de 13 anos, uma das alunas de v\u00f4lei.<\/p>\n<p>Pais e respons\u00e1veis tamb\u00e9m destacam os benef\u00edcios observados no comportamento e na rotina das crian\u00e7as. \u201cMeu filho melhorou muito na escola, est\u00e1 mais respons\u00e1vel e empolgado. O esporte deu um novo sentido para os dias dele\u201d, relata Jo\u00e3o Marcos, pai do pequeno Gabriel, de 9 anos.<\/p>\n<p>A AMAB, que atua h\u00e1 anos com projetos sociais na Vila do Estreito, refor\u00e7a que o objetivo principal \u00e9 promover o bem-estar e a cidadania por meio de a\u00e7\u00f5es educativas e esportivas. A entidade \u00e9 uma refer\u00eancia nacional em projetos sociais ligados ao esporte, e tem como miss\u00e3o democratizar o acesso, principalmente para crian\u00e7as e jovens em situa\u00e7\u00e3o de vulnerabilidade. O projeto foi realizado atrav\u00e9s da Lei de Incentivo ao Esporte do Minist\u00e9rio do Esporte com o patroc\u00ednio da Eletrobras.<\/p>\n<\/p><\/div>\n<p><br \/>\n<br \/><a href=\"https:\/\/www.f3noticias.com.br\/projeto-de-esporte-busca-transformar-vida-de-170-jovens-na-regiao-com-volei-e-futebol\/\">Source link <\/a><\/p>\n<!-- CONTENT END 1 -->\n","protected":false},"excerpt":{"rendered":"<p>A pr\u00e1tica esportiva est\u00e1 transformando a realidade de 170 crian\u00e7as e adolescentes na Vila do Estreito, em Pedregulho. A iniciativa \u00e9 da AMAB (Associa\u00e7\u00e3o de&#8230;<\/p>\n","protected":false},"author":1,"featured_media":72407,"comment_status":"open","ping_status":"open","sticky":false,"template":"","format":"standard","meta":{"advanced_seo_description":"","jetpack_seo_html_title":"","jetpack_seo_noindex":false,"jetpack_post_was_ever_published":false,"_jetpack_newsletter_access":"","_jetpack_dont_email_post_to_subs":false,"_jetpack_newsletter_tier_id":0,"_jetpack_memberships_contains_paywalled_content":false,"_jetpack_memberships_contains_paid_content":false,"footnotes":"","jetpack_publicize_message":"","jetpack_publicize_feature_enabled":true,"jetpack_social_post_already_shared":true,"jetpack_social_options":{"image_generator_settings":{"template":"highway","default_image_id":0,"font":"","enabled":false},"version":2}},"categories":[3597],"tags":[],"class_list":["post-72406","post","type-post","status-publish","format-standard","has-post-thumbnail","hentry","category-noticias-franca-sp"],"jetpack_publicize_connections":[],"jetpack_featured_media_url":"https:\/\/i0.wp.com\/noticiasribeiraopreto.com.br\/wp-content\/uploads\/2025\/06\/amab-projeto-esporte-estreito-pedregulho-e1750096227374.jpeg?fit=1381%2C922&ssl=1","jetpack-related-posts":[{"id":26806,"url":"https:\/\/noticiasribeiraopreto.com.br\/index.php\/2024\/01\/10\/rp-abre-2-062-novas-vagas-para-19-modalidades-esportivas\/","url_meta":{"origin":72406,"position":0},"title":"RP abre mais de duas mil vagas para 19 modalidades esportivas","author":"noticiasribeiraopreto.com.br","date":"10 de January de 2024","format":false,"excerpt":"A Secretaria de Esportes de Ribeir\u00e3o Preto est\u00e1 abrindo mais de duas mil vagas para atividades esportivas gratuitas em Ribeir\u00e3o Preto e Bonfim Paulista. Ser\u00e3o contempladas 19 modalidades em cinco complexos esportivos. As vagas v\u00e3o atender desde crian\u00e7as a partir de 3 anos, com as atividades de habilidades motoras, at\u00e9\u2026","rel":"","context":"In &quot;Not\u00edcias de Ribeir\u00e3o Preto-SP e Regi\u00e3o&quot;","block_context":{"text":"Not\u00edcias de Ribeir\u00e3o Preto-SP e Regi\u00e3o","link":"https:\/\/noticiasribeiraopreto.com.br\/index.php\/category\/noticias-de-ribeirao-preto-sp-e-regiao-ismael-colosi\/"},"img":{"alt_text":"","src":"https:\/\/i0.wp.com\/noticiasribeiraopreto.com.br\/wp-content\/uploads\/2024\/01\/vagas_esporte_foto_fernando_gonzaga-scaled.jpeg?fit=920%2C645&ssl=1&resize=350%2C200","width":350,"height":200,"srcset":"https:\/\/i0.wp.com\/noticiasribeiraopreto.com.br\/wp-content\/uploads\/2024\/01\/vagas_esporte_foto_fernando_gonzaga-scaled.jpeg?fit=920%2C645&ssl=1&resize=350%2C200 1x, https:\/\/i0.wp.com\/noticiasribeiraopreto.com.br\/wp-content\/uploads\/2024\/01\/vagas_esporte_foto_fernando_gonzaga-scaled.jpeg?fit=920%2C645&ssl=1&resize=525%2C300 1.5x, https:\/\/i0.wp.com\/noticiasribeiraopreto.com.br\/wp-content\/uploads\/2024\/01\/vagas_esporte_foto_fernando_gonzaga-scaled.jpeg?fit=920%2C645&ssl=1&resize=700%2C400 2x"},"classes":[]},{"id":40483,"url":"https:\/\/noticiasribeiraopreto.com.br\/index.php\/2024\/03\/04\/rp-alligators-flag-football-faz-seletiva-para-time-infantil\/","url_meta":{"origin":72406,"position":1},"title":"RP Alligators Flag Football faz seletiva para time infantil","author":"noticiasribeiraopreto.com.br","date":"4 de March de 2024","format":false,"excerpt":"4 de mar\u00e7o de 2024 | 10:003 de mar\u00e7o de 2024 | 18:06 0Ser\u00e3o 25 vagas para o time sub14 e 25 vagas para o time sub16. Para participar o interessado precisa comparecer na Cava do Bosque na pr\u00f3xima quarta-feira, dia 6 de mar\u00e7o, das 9h \u00e0s 11h, com um\u2026","rel":"","context":"In &quot;Not\u00edcias de Ribeir\u00e3o Preto-SP e Regi\u00e3o&quot;","block_context":{"text":"Not\u00edcias de Ribeir\u00e3o Preto-SP e Regi\u00e3o","link":"https:\/\/noticiasribeiraopreto.com.br\/index.php\/category\/noticias-de-ribeirao-preto-sp-e-regiao-ismael-colosi\/"},"img":{"alt_text":"","src":"https:\/\/i0.wp.com\/noticiasribeiraopreto.com.br\/wp-content\/uploads\/2024\/03\/seletiva_flag_3-scaled.jpeg?fit=430%2C645&ssl=1&resize=350%2C200","width":350,"height":200},"classes":[]},{"id":66240,"url":"https:\/\/noticiasribeiraopreto.com.br\/index.php\/2025\/03\/29\/projeto-realiza-atividades-esportivas-gratuitas-em-ribeirao-preto\/","url_meta":{"origin":72406,"position":2},"title":"Projeto realiza atividades esportivas gratuitas em Ribeir\u00e3o Preto","author":"noticiasribeiraopreto.com.br","date":"29 de March de 2025","format":false,"excerpt":"No pr\u00f3ximo s\u00e1bado (5), das 8:30h \u00e0s 11h, o parque Maur\u00edlio Biagi, em Ribeir\u00e3o Preto recebe o projeto \u201cEsporte na Rua\u201d, que conta com atividades gratuitas para a popula\u00e7\u00e3o da cidade. O evento celebra o Dia Internacional do Esporte para o Desenvolvimento e pela Paz. A iniciativa acontece simultaneamente em\u2026","rel":"","context":"In &quot;Not\u00edcias de Ribeir\u00e3o Preto-SP e Regi\u00e3o&quot;","block_context":{"text":"Not\u00edcias de Ribeir\u00e3o Preto-SP e Regi\u00e3o","link":"https:\/\/noticiasribeiraopreto.com.br\/index.php\/category\/noticias-de-ribeirao-preto-sp-e-regiao-ismael-colosi\/"},"img":{"alt_text":"","src":"https:\/\/i0.wp.com\/noticiasribeiraopreto.com.br\/wp-content\/uploads\/2025\/03\/53659113140_d5b55c1489_k_2025-03-29_15-07-23_jpg_2025-03-29_15-07-23.webp.webp?fit=1200%2C800&ssl=1&resize=350%2C200","width":350,"height":200,"srcset":"https:\/\/i0.wp.com\/noticiasribeiraopreto.com.br\/wp-content\/uploads\/2025\/03\/53659113140_d5b55c1489_k_2025-03-29_15-07-23_jpg_2025-03-29_15-07-23.webp.webp?fit=1200%2C800&ssl=1&resize=350%2C200 1x, https:\/\/i0.wp.com\/noticiasribeiraopreto.com.br\/wp-content\/uploads\/2025\/03\/53659113140_d5b55c1489_k_2025-03-29_15-07-23_jpg_2025-03-29_15-07-23.webp.webp?fit=1200%2C800&ssl=1&resize=525%2C300 1.5x, https:\/\/i0.wp.com\/noticiasribeiraopreto.com.br\/wp-content\/uploads\/2025\/03\/53659113140_d5b55c1489_k_2025-03-29_15-07-23_jpg_2025-03-29_15-07-23.webp.webp?fit=1200%2C800&ssl=1&resize=700%2C400 2x, https:\/\/i0.wp.com\/noticiasribeiraopreto.com.br\/wp-content\/uploads\/2025\/03\/53659113140_d5b55c1489_k_2025-03-29_15-07-23_jpg_2025-03-29_15-07-23.webp.webp?fit=1200%2C800&ssl=1&resize=1050%2C600 3x"},"classes":[]},{"id":84337,"url":"https:\/\/noticiasribeiraopreto.com.br\/index.php\/2026\/04\/07\/parque-de-ribeirao-preto-recebe-acao-esportiva-gratuita-veja-quando\/","url_meta":{"origin":72406,"position":3},"title":"Parque de Ribeir\u00e3o Preto recebe a\u00e7\u00e3o esportiva gratuita; Veja quando","author":"noticiasribeiraopreto.com.br","date":"7 de April de 2026","format":false,"excerpt":"Ler o resumo da not\u00edcia O parque Maur\u00edlio Biagi, em Ribeir\u00e3o Preto, recebe neste s\u00e1bado (11) a a\u00e7\u00e3o \"Esporte na Rua\", com atividades gratuitas. A iniciativa ocorre das 7h30 \u00e0s 11h30 e oferece oficinas de basquete, skate e futebol abertas ao p\u00fablico. O evento \u00e9 promovido pela Rede Esporte pela\u2026","rel":"","context":"In &quot;Not\u00edcias de Ribeir\u00e3o Preto-SP e Regi\u00e3o&quot;","block_context":{"text":"Not\u00edcias de Ribeir\u00e3o Preto-SP e Regi\u00e3o","link":"https:\/\/noticiasribeiraopreto.com.br\/index.php\/category\/noticias-de-ribeirao-preto-sp-e-regiao-ismael-colosi\/"},"img":{"alt_text":"","src":"https:\/\/i0.wp.com\/noticiasribeiraopreto.com.br\/wp-content\/uploads\/2026\/04\/parque-maurilio-biagi_2025-07-22_13-13-00.webp.webp?fit=1200%2C800&ssl=1&resize=350%2C200","width":350,"height":200,"srcset":"https:\/\/i0.wp.com\/noticiasribeiraopreto.com.br\/wp-content\/uploads\/2026\/04\/parque-maurilio-biagi_2025-07-22_13-13-00.webp.webp?fit=1200%2C800&ssl=1&resize=350%2C200 1x, https:\/\/i0.wp.com\/noticiasribeiraopreto.com.br\/wp-content\/uploads\/2026\/04\/parque-maurilio-biagi_2025-07-22_13-13-00.webp.webp?fit=1200%2C800&ssl=1&resize=525%2C300 1.5x, https:\/\/i0.wp.com\/noticiasribeiraopreto.com.br\/wp-content\/uploads\/2026\/04\/parque-maurilio-biagi_2025-07-22_13-13-00.webp.webp?fit=1200%2C800&ssl=1&resize=700%2C400 2x, https:\/\/i0.wp.com\/noticiasribeiraopreto.com.br\/wp-content\/uploads\/2026\/04\/parque-maurilio-biagi_2025-07-22_13-13-00.webp.webp?fit=1200%2C800&ssl=1&resize=1050%2C600 3x"},"classes":[]},{"id":69588,"url":"https:\/\/noticiasribeiraopreto.com.br\/index.php\/2025\/05\/07\/jornal-da-franca-franca-inaugura-novo-cepel-com-pista-de-skate-e-area-verde-na-vila-raycos\/","url_meta":{"origin":72406,"position":4},"title":"Jornal da Franca &#8211; Franca inaugura novo CEPEL com pista de skate e \u00e1rea verde na Vila Raycos","author":"noticiasribeiraopreto.com.br","date":"7 de May de 2025","format":false,"excerpt":"compartilhar no whatsapp compartilhar no telegram compartilhar no facebook compartilhar no linkedin Espa\u00e7o ser\u00e1 entregue nesta quarta-feira e oferece estrutura completa de lazer e esporte para a popula\u00e7\u00e3o Inaugura\u00e7\u00e3o do CEPEL da Vila Raycos acontece nesta quarta-feira, 7, \u00e0s 17h30 \u00a0 A Prefeitura de Franca inaugura nesta quarta-feira, 7 de\u2026","rel":"","context":"In &quot;Not\u00edcias de Franca-SP&quot;","block_context":{"text":"Not\u00edcias de Franca-SP","link":"https:\/\/noticiasribeiraopreto.com.br\/index.php\/category\/noticias-de-ribeirao-preto-sp-e-regiao-ismael-colosi\/noticias-franca-sp\/"},"img":{"alt_text":"","src":"https:\/\/i0.wp.com\/noticiasribeiraopreto.com.br\/wp-content\/uploads\/2025\/05\/CEPEL-Vila-Raycos-3.jpeg?fit=1200%2C794&ssl=1&resize=350%2C200","width":350,"height":200,"srcset":"https:\/\/i0.wp.com\/noticiasribeiraopreto.com.br\/wp-content\/uploads\/2025\/05\/CEPEL-Vila-Raycos-3.jpeg?fit=1200%2C794&ssl=1&resize=350%2C200 1x, https:\/\/i0.wp.com\/noticiasribeiraopreto.com.br\/wp-content\/uploads\/2025\/05\/CEPEL-Vila-Raycos-3.jpeg?fit=1200%2C794&ssl=1&resize=525%2C300 1.5x, https:\/\/i0.wp.com\/noticiasribeiraopreto.com.br\/wp-content\/uploads\/2025\/05\/CEPEL-Vila-Raycos-3.jpeg?fit=1200%2C794&ssl=1&resize=700%2C400 2x, https:\/\/i0.wp.com\/noticiasribeiraopreto.com.br\/wp-content\/uploads\/2025\/05\/CEPEL-Vila-Raycos-3.jpeg?fit=1200%2C794&ssl=1&resize=1050%2C600 3x"},"classes":[]},{"id":45494,"url":"https:\/\/noticiasribeiraopreto.com.br\/index.php\/2024\/04\/04\/secretaria-de-esportes-abre-50-vagas-para-futsal-juvenil-na-cava\/","url_meta":{"origin":72406,"position":5},"title":"Secretaria de Esportes abre 50 vagas para futsal juvenil na Cava\u00a0","author":"noticiasribeiraopreto.com.br","date":"4 de April de 2024","format":false,"excerpt":"4 de abril de 2024 | 16:004 de abril de 2024 | 11:24 0 A Secretaria de Esportes de Ribeir\u00e3o Preto anunciou a abertura de mais 50 vagas para as aulas de inicia\u00e7\u00e3o em futsal masculino juvenil na Cava do Bosque. O projeto \u00e9 voltado para jovens entre 13 e\u2026","rel":"","context":"In &quot;Not\u00edcias de Ribeir\u00e3o Preto-SP e Regi\u00e3o&quot;","block_context":{"text":"Not\u00edcias de Ribeir\u00e3o Preto-SP e Regi\u00e3o","link":"https:\/\/noticiasribeiraopreto.com.br\/index.php\/category\/noticias-de-ribeirao-preto-sp-e-regiao-ismael-colosi\/"},"img":{"alt_text":"","src":"https:\/\/i0.wp.com\/noticiasribeiraopreto.com.br\/wp-content\/uploads\/2024\/04\/Cava-do-Bosque-Alfredo-Risk.jpg?fit=700%2C450&ssl=1&resize=350%2C200","width":350,"height":200,"srcset":"https:\/\/i0.wp.com\/noticiasribeiraopreto.com.br\/wp-content\/uploads\/2024\/04\/Cava-do-Bosque-Alfredo-Risk.jpg?fit=700%2C450&ssl=1&resize=350%2C200 1x, https:\/\/i0.wp.com\/noticiasribeiraopreto.com.br\/wp-content\/uploads\/2024\/04\/Cava-do-Bosque-Alfredo-Risk.jpg?fit=700%2C450&ssl=1&resize=525%2C300 1.5x, https:\/\/i0.wp.com\/noticiasribeiraopreto.com.br\/wp-content\/uploads\/2024\/04\/Cava-do-Bosque-Alfredo-Risk.jpg?fit=700%2C450&ssl=1&resize=700%2C400 2x"},"classes":[]}],"jetpack_sharing_enabled":true,"jetpack_shortlink":"https:\/\/wp.me\/peQAOb-iPQ","_links":{"self":[{"href":"https:\/\/noticiasribeiraopreto.com.br\/index.php\/wp-json\/wp\/v2\/posts\/72406","targetHints":{"allow":["GET"]}}],"collection":[{"href":"https:\/\/noticiasribeiraopreto.com.br\/index.php\/wp-json\/wp\/v2\/posts"}],"about":[{"href":"https:\/\/noticiasribeiraopreto.com.br\/index.php\/wp-json\/wp\/v2\/types\/post"}],"author":[{"embeddable":true,"href":"https:\/\/noticiasribeiraopreto.com.br\/index.php\/wp-json\/wp\/v2\/users\/1"}],"replies":[{"embeddable":true,"href":"https:\/\/noticiasribeiraopreto.com.br\/index.php\/wp-json\/wp\/v2\/comments?post=72406"}],"version-history":[{"count":0,"href":"https:\/\/noticiasribeiraopreto.com.br\/index.php\/wp-json\/wp\/v2\/posts\/72406\/revisions"}],"wp:featuredmedia":[{"embeddable":true,"href":"https:\/\/noticiasribeiraopreto.com.br\/index.php\/wp-json\/wp\/v2\/media\/72407"}],"wp:attachment":[{"href":"https:\/\/noticiasribeiraopreto.com.br\/index.php\/wp-json\/wp\/v2\/media?parent=72406"}],"wp:term":[{"taxonomy":"category","embeddable":true,"href":"https:\/\/noticiasribeiraopreto.com.br\/index.php\/wp-json\/wp\/v2\/categories?post=72406"},{"taxonomy":"post_tag","embeddable":true,"href":"https:\/\/noticiasribeiraopreto.com.br\/index.php\/wp-json\/wp\/v2\/tags?post=72406"}],"curies":[{"name":"wp","href":"https:\/\/api.w.org\/{rel}","templated":true}]}}