{"id":72410,"date":"2025-06-17T03:02:25","date_gmt":"2025-06-17T06:02:25","guid":{"rendered":"https:\/\/noticiasribeiraopreto.com.br\/index.php\/2025\/06\/17\/como-a-doacao-de-sangue-devolveu-forcas-a-um-jovem-em-tratamento-de-cancer\/"},"modified":"2025-06-17T03:02:25","modified_gmt":"2025-06-17T06:02:25","slug":"como-a-doacao-de-sangue-devolveu-forcas-a-um-jovem-em-tratamento-de-cancer","status":"publish","type":"post","link":"https:\/\/noticiasribeiraopreto.com.br\/index.php\/2025\/06\/17\/como-a-doacao-de-sangue-devolveu-forcas-a-um-jovem-em-tratamento-de-cancer\/","title":{"rendered":"Como a doa\u00e7\u00e3o de sangue devolveu for\u00e7as a um jovem em tratamento de c\u00e2ncer"},"content":{"rendered":"<div class='code-block code-block-1' style='margin: 8px 0 8px auto; text-align: right; display: block; clear: both;'>\n<p><a href=\"https:\/\/wa.link\/vpicfd\"><img data-recalc-dims=\"1\" class=\"wp-image-4922\" style=\"aspect-ratio: 2.0253164556962027; width: 561px; height: auto;\" src=\"https:\/\/i0.wp.com\/ismaelcolosi.com.br\/wp-content\/uploads\/2023\/11\/grupo-de-empregos-whatsapp-e-facebook-ismael-colosi-vagas.jpg?ssl=1\" alt=\"\" \/><\/a><\/p>\n<!-- \/wp:image -->\n<\/div>\n<p> <br \/>\n<\/p>\n<div>\n<p>Rafael Dias Rufino nunca se esquecer\u00e1 do anivers\u00e1rio de 16 anos em 2023, quando, ap\u00f3s os resultados de um exame de sangue, descobriu que teria que iniciar uma batalha contra a Leucemia Linfoide Aguda Tipo T. Com a idade rec\u00e9m-completada, o estudante come\u00e7ou o tratamento na capital paulista, no Instituto de Tratamento do C\u00e2ncer Infantil (ITACI), unidade ligada \u00e0 Secretaria de Estado de Sa\u00fade de S\u00e3o Paulo (SES-SP).<\/p>\n<p>Logo quando deu entrada no hospital, o adolescente se viu precisando do ato de solidariedade da doa\u00e7\u00e3o de sangue. \u201cNo dia seguinte ao anivers\u00e1rio, ele j\u00e1 veio para a Unidade de Terapia Intensiva (UTI), e deu in\u00edcio ao tratamento, porque ele estava com as plaquetas muito baixas e precisando de transfus\u00e3o\u201d, conta Lidia Rosa Dias da Silva, m\u00e3e de Rafael.<\/p>\n<p>Em meio \u00e0 campanha Junho Vermelho, que visa conscientizar e sensibilizar a popula\u00e7\u00e3o sobre a import\u00e2ncia da doa\u00e7\u00e3o de sangue, a diretora m\u00e9dica do ITACI, Lilian Cristofani, explica a necessidade das transfus\u00f5es em meio ao tratamento oncol\u00f3gico.<\/p>\n<p>\u201cAs transfus\u00f5es de sangue e hemoderivados, que incluem hem\u00e1cias e plaquetas, s\u00e3o muito necess\u00e1rias nos tratamentos dos pacientes oncol\u00f3gicos, principalmente com leucemias e linfomas. A pr\u00f3pria doen\u00e7a de base diminui a produ\u00e7\u00e3o desses elementos do sangue, ent\u00e3o a a\u00e7\u00e3o \u00e9 necess\u00e1ria por conta de uma anemia muito intensa ou de uma contagem de plaquetas muito baixa que exp\u00f5e o paciente a risco de sangramentos\u201d, esclarece.<\/p>\n<p>Como qualquer jovem f\u00e3 de videogames, Rafael compara a sensa\u00e7\u00e3o de receber a doa\u00e7\u00e3o com as \u201cvidas\u201d dos jogos. \u201cNo come\u00e7o, quando eu precisava da transfus\u00e3o, eu me sentia muito fraco, sentia como se faltasse alguma coisa, sentia uma falta de energia no corpo. Era igual um joguinho quando tem apenas um cora\u00e7\u00e3ozinho, mas quando eu recebia a transfus\u00e3o, tanto de sangue quanto de plaqueta, era como se tivesse ganhado vida de novo\u201d.<\/p>\n<p>A import\u00e2ncia e a necessidade da doa\u00e7\u00e3o de sangue e plaquetas surpreendeu Lidia da Silva, m\u00e3e do estudante e, por isso, ela se viu na ang\u00fastia de pedir ajuda. \u201cEles param o uso da quimioterapia quando precisa fazer a transfus\u00e3o. Ent\u00e3o, se os pacientes n\u00e3o fizerem a transfus\u00e3o, eles n\u00e3o podem dar prosseguimento ao tratamento\u201d, comenta ela.<\/p>\n<p>\u201cFoi, ent\u00e3o, que eu comecei a postar nas redes sociais que ele precisava de transfus\u00f5es, falei qual era o tipo de sangue e percebemos que as pessoas abra\u00e7aram. Eles mesmos come\u00e7aram a compartilhar com amigos, e o pedido cresceu\u201d, celebra Lidia sobre a campanha que se iniciou no pr\u00f3prio perfil.<\/p>\n<p>A a\u00e7\u00e3o mobilizou diversos grupos que se uniram n\u00e3o apenas para ajudar o Rafael, mas tamb\u00e9m para refor\u00e7ar os estoques dos hemocentros. Para doar direcionado a um paciente espec\u00edfico, basta informar, no momento da doa\u00e7\u00e3o, o nome do paciente e o hospital onde ele est\u00e1 internado. Todo o sangue coletado passa por uma an\u00e1lise rigorosa para garantir a compatibilidade com o tipo sangu\u00edneo do paciente.<\/p>\n<p>Apesar de pedir ajuda para o filho, Lidia tamb\u00e9m acompanhava a luta de outros pacientes do hospital. \u201cEu tive um senso de responsabilidade muito grande na \u00e9poca, porque, por ele ser grande, usava uma bolsa de sangue maior, que poderia ajudar v\u00e1rias outras crian\u00e7as. Isso me impactou muito. Por isso, eu falava: \u2018Se o seu sangue n\u00e3o \u00e9 compat\u00edvel com o dele, \u00e9 com alguma outra crian\u00e7a. N\u00e3o vai ser desperdi\u00e7ado nunca, para algu\u00e9m vai servir\u2019. Eu senti que, quando as pessoas passaram a conhecer a necessidade e a causa dos outros, foi um estalo para muita gente.\u201d<\/p>\n<p>Ato de solidariedade<br \/>No inverno, a redu\u00e7\u00e3o das doa\u00e7\u00f5es aumenta o risco de desabastecimento, gerando o cancelamento de cirurgias e quimioterapias.<\/p>\n<p>\u201cNo momento que o paciente precisa da doa\u00e7\u00e3o, ele necessita receber uma transfus\u00e3o, e se os estoques est\u00e3o muito baixos, o que normalmente acontece perto de feriados, f\u00e9rias ou longe de campanhas de conscientiza\u00e7\u00e3o, pode comprometer o fornecimento desse hemoderivado\u201d, afirma a m\u00e9dica.<\/p>\n<p>Ap\u00f3s toda a luta para a campanha, Lidia refor\u00e7a que o ato de solidariedade salvou o filho. \u201cA gente se sentiu abra\u00e7ado durante esse momento muito dif\u00edcil e muito s\u00e9rio das nossas vidas, de muita dor e ang\u00fastia. Esse carinho e movimento nos deu for\u00e7a e esperan\u00e7a e mostrou que n\u00e3o estamos sozinhos. O que n\u00f3s temos nas nossas veias pode salvar vidas\u201d.<\/p>\n<p>\u201cEu tive a sorte de ter muitos doadores, de ter muita gente que veio doar para mim, mas tem muitas pessoas que n\u00e3o tem essa mesma sorte, que n\u00e3o tem esse mesmo acesso \u00e0 doa\u00e7\u00e3o. Se n\u00e3o fosse a doa\u00e7\u00e3o de sangue, eu n\u00e3o sei onde estaria\u201d, agradece Rafael.<\/p>\n<p>Como doar<br \/>Para realizar a doa\u00e7\u00e3o de sangue, \u00e9 necess\u00e1rio ter entre 16 e 69 anos (desde que a primeira doa\u00e7\u00e3o tenha sido feita at\u00e9 os 60 anos) e apresentar RG ou outro documento oficial com foto, al\u00e9m de atender a outros requisitos b\u00e1sicos. Uma \u00fanica doa\u00e7\u00e3o de sangue pode salvar at\u00e9 quatro vidas.<\/p>\n<p>Requisitos para doa\u00e7\u00e3o de sangue:<\/p>\n<p>Estar em boas condi\u00e7\u00f5es de sa\u00fade;<br \/>Estar alimentado;<br \/>Pesar mais de 50 kg;<br \/>Levar um documento de identidade original com foto recente que permita a identifica\u00e7\u00e3o do candidato;<br \/>Evitar alimentos gordurosos nas 4 horas que antecedem a doa\u00e7\u00e3o e, no caso de bebidas alco\u00f3licas, 12 horas antes. Se o candidato estiver com gripe ou resfriado, deve aguardar uma semana para estar novamente apto \u00e0 doa\u00e7\u00e3o.<\/p>\n<p>Doar em Franca<\/p>\n<p>O N\u00facleo de Hemoterapia de Franca realiza a coleta de sangue na cidade. A doa\u00e7\u00e3o pode ser feita na avenida Doutor H\u00e9lio Palermo, 4181, de segunda a sexta, das 8h \u00e0s 16h, e aos s\u00e1bados, das 7h \u00e0s 11h. Ainda \u00e9 poss\u00edvel fazer contato por telefone para agendamento. O n\u00famero de telefone \u00e9 o 0800 979 6049.<\/p>\n<p>Agora neste m\u00eas \u00e9 celebrado o Junho Vermelho. Trata-se de uma campanha de conscientiza\u00e7\u00e3o sobre a doa\u00e7\u00e3o de sangue. Quem faz a doa\u00e7\u00e3o tem condi\u00e7\u00f5es de salvar at\u00e9 quatro pessoas. A data refer\u00eancia \u00e9 o dia 14 de junho, quando \u00e9 comemorado o Dia Mundial do Doador de Sangue. A data foi definida pela OMS (Organiza\u00e7\u00e3o Mundial da Sa\u00fade) em homenagem ao nascimento do imunologista Karl Landsteiner, respons\u00e1vel por descobrir os tipos sangu\u00edneos.<\/p>\n<p>Leia tamb\u00e9m:<\/p>\n<blockquote class=\"wp-embedded-content\" data-secret=\"dssxxtiJK4\">\n<p><a href=\"https:\/\/www.f3noticias.com.br\/agencia-transfusional-da-santa-casa-de-franca-e-setor-que-salva-vidas-apos-doacoes-de-sangue\/\">Ag\u00eancia Transfusional da Santa Casa de Franca \u00e9 setor que salva vidas ap\u00f3s doa\u00e7\u00f5es de sangue<\/a><\/p>\n<\/blockquote>\n<p><iframe loading=\"lazy\" class=\"wp-embedded-content\" sandbox=\"allow-scripts\" security=\"restricted\" style=\"position: absolute; clip: rect(1px, 1px, 1px, 1px);\" title=\"\u201cAg\u00eancia Transfusional da Santa Casa de Franca \u00e9 setor que salva vidas ap\u00f3s doa\u00e7\u00f5es de sangue\u201d \u2014 F3 Not\u00edcias\" src=\"https:\/\/www.f3noticias.com.br\/agencia-transfusional-da-santa-casa-de-franca-e-setor-que-salva-vidas-apos-doacoes-de-sangue\/embed\/#?secret=SEUIKdGKia#?secret=dssxxtiJK4\" data-secret=\"dssxxtiJK4\" width=\"500\" height=\"282\" frameborder=\"0\" marginwidth=\"0\" marginheight=\"0\" scrolling=\"no\"><\/iframe><\/p>\n<blockquote class=\"wp-embedded-content\" data-secret=\"MOKSLxyso5\">\n<p><a href=\"https:\/\/www.f3noticias.com.br\/helinho-garcia-e-david-jackson-participam-ativamente-da-campanha-de-doacao-de-sangue-do-sesi-franca\/\">Helinho Garcia e David Jackson Participam Ativamente da Campanha de Doa\u00e7\u00e3o de Sangue do Sesi Franca<\/a><\/p>\n<\/blockquote>\n<p><iframe loading=\"lazy\" class=\"wp-embedded-content\" sandbox=\"allow-scripts\" security=\"restricted\" style=\"position: absolute; clip: rect(1px, 1px, 1px, 1px);\" title=\"\u201cHelinho Garcia e David Jackson Participam Ativamente da Campanha de Doa\u00e7\u00e3o de Sangue do Sesi Franca\u201d \u2014 F3 Not\u00edcias\" src=\"https:\/\/www.f3noticias.com.br\/helinho-garcia-e-david-jackson-participam-ativamente-da-campanha-de-doacao-de-sangue-do-sesi-franca\/embed\/#?secret=tcWUC0XbHa#?secret=MOKSLxyso5\" data-secret=\"MOKSLxyso5\" width=\"500\" height=\"282\" frameborder=\"0\" marginwidth=\"0\" marginheight=\"0\" scrolling=\"no\"><\/iframe><\/p>\n<\/p><\/div>\n<p><br \/>\n<br \/><a href=\"https:\/\/www.f3noticias.com.br\/como-a-doacao-de-sangue-devolveu-forcas-a-um-jovem-em-tratamento-de-cancer\/\">Source link <\/a><\/p>\n<!-- CONTENT END 1 -->\n","protected":false},"excerpt":{"rendered":"<p>Rafael Dias Rufino nunca se esquecer\u00e1 do anivers\u00e1rio de 16 anos em 2023, quando, ap\u00f3s os resultados de um exame de sangue, descobriu que teria&#8230;<\/p>\n","protected":false},"author":1,"featured_media":72411,"comment_status":"open","ping_status":"open","sticky":false,"template":"","format":"standard","meta":{"advanced_seo_description":"","jetpack_seo_html_title":"","jetpack_seo_noindex":false,"jetpack_post_was_ever_published":false,"_jetpack_newsletter_access":"","_jetpack_dont_email_post_to_subs":false,"_jetpack_newsletter_tier_id":0,"_jetpack_memberships_contains_paywalled_content":false,"_jetpack_memberships_contains_paid_content":false,"footnotes":"","jetpack_publicize_message":"","jetpack_publicize_feature_enabled":true,"jetpack_social_post_already_shared":true,"jetpack_social_options":{"image_generator_settings":{"template":"highway","default_image_id":0,"font":"","enabled":false},"version":2}},"categories":[3597],"tags":[],"class_list":["post-72410","post","type-post","status-publish","format-standard","has-post-thumbnail","hentry","category-noticias-franca-sp"],"jetpack_publicize_connections":[],"jetpack_featured_media_url":"https:\/\/i0.wp.com\/noticiasribeiraopreto.com.br\/wp-content\/uploads\/2025\/06\/rafael-doacao-sangue.jpeg?fit=1024%2C761&ssl=1","jetpack-related-posts":[{"id":12926,"url":"https:\/\/noticiasribeiraopreto.com.br\/index.php\/2023\/12\/08\/banco-de-sangue-convoca-doadores-10\/","url_meta":{"origin":72410,"position":0},"title":"Banco de Sangue convoca doadores\u00a0","author":"noticiasribeiraopreto.com.br","date":"8 de December de 2023","format":false,"excerpt":"Dezembro \u00e9 um m\u00eas que remete a festas de confraterniza\u00e7\u00e3o, encerramento de ciclos, f\u00e9rias, Natal e Ano Novo chegando, em que os \u00e2nimos das pessoas est\u00e3o acelerados e empolgados diante de tantos compromissos. Por\u00e9m, \u00e9 justamente nesse per\u00edodo que o GSH Banco de Sangue de Ribeir\u00e3o Preto faz um apelo\u2026","rel":"","context":"In &quot;Not\u00edcias de Ribeir\u00e3o Preto-SP e Regi\u00e3o&quot;","block_context":{"text":"Not\u00edcias de Ribeir\u00e3o Preto-SP e Regi\u00e3o","link":"https:\/\/noticiasribeiraopreto.com.br\/index.php\/category\/noticias-de-ribeirao-preto-sp-e-regiao-ismael-colosi\/"},"img":{"alt_text":"","src":"https:\/\/i0.wp.com\/noticiasribeiraopreto.com.br\/wp-content\/uploads\/2023\/12\/Sangue-scaled.jpg?fit=1000%2C598&ssl=1&resize=350%2C200","width":350,"height":200,"srcset":"https:\/\/i0.wp.com\/noticiasribeiraopreto.com.br\/wp-content\/uploads\/2023\/12\/Sangue-scaled.jpg?fit=1000%2C598&ssl=1&resize=350%2C200 1x, https:\/\/i0.wp.com\/noticiasribeiraopreto.com.br\/wp-content\/uploads\/2023\/12\/Sangue-scaled.jpg?fit=1000%2C598&ssl=1&resize=525%2C300 1.5x, https:\/\/i0.wp.com\/noticiasribeiraopreto.com.br\/wp-content\/uploads\/2023\/12\/Sangue-scaled.jpg?fit=1000%2C598&ssl=1&resize=700%2C400 2x"},"classes":[]},{"id":32386,"url":"https:\/\/noticiasribeiraopreto.com.br\/index.php\/2024\/01\/25\/banco-de-sangue-convoca-doadores-11\/","url_meta":{"origin":72410,"position":1},"title":"Banco de Sangue\u00a0convoca doadores\u00a0 &#8211; Jornal Tribuna Ribeir\u00e3o","author":"noticiasribeiraopreto.com.br","date":"25 de January de 2024","format":false,"excerpt":"O GSH Banco de Sangue de Ribeir\u00e3o Preto segue em sua campanha de convoca\u00e7\u00e3o de doadores, em car\u00e1ter de urg\u00eancia. Todos os tipos sangu\u00edneos s\u00e3o necess\u00e1rios neste momento, e mesmo quem n\u00e3o sabe qual o seu fator RH pode doar, pois no procedimento de doa\u00e7\u00e3o \u00e9 realizado o teste de\u2026","rel":"","context":"In &quot;Not\u00edcias de Ribeir\u00e3o Preto-SP e Regi\u00e3o&quot;","block_context":{"text":"Not\u00edcias de Ribeir\u00e3o Preto-SP e Regi\u00e3o","link":"https:\/\/noticiasribeiraopreto.com.br\/index.php\/category\/noticias-de-ribeirao-preto-sp-e-regiao-ismael-colosi\/"},"img":{"alt_text":"","src":"https:\/\/i0.wp.com\/noticiasribeiraopreto.com.br\/wp-content\/uploads\/2024\/01\/SangueRP-Tomaz-Silva-Ag.Br_-scaled.jpg?fit=1000%2C598&ssl=1&resize=350%2C200","width":350,"height":200,"srcset":"https:\/\/i0.wp.com\/noticiasribeiraopreto.com.br\/wp-content\/uploads\/2024\/01\/SangueRP-Tomaz-Silva-Ag.Br_-scaled.jpg?fit=1000%2C598&ssl=1&resize=350%2C200 1x, https:\/\/i0.wp.com\/noticiasribeiraopreto.com.br\/wp-content\/uploads\/2024\/01\/SangueRP-Tomaz-Silva-Ag.Br_-scaled.jpg?fit=1000%2C598&ssl=1&resize=525%2C300 1.5x, https:\/\/i0.wp.com\/noticiasribeiraopreto.com.br\/wp-content\/uploads\/2024\/01\/SangueRP-Tomaz-Silva-Ag.Br_-scaled.jpg?fit=1000%2C598&ssl=1&resize=700%2C400 2x"},"classes":[]},{"id":73508,"url":"https:\/\/noticiasribeiraopreto.com.br\/index.php\/2025\/07\/03\/clima-e-ferias-afastam-doador-de-sangue\/","url_meta":{"origin":72410,"position":2},"title":"Clima e f\u00e9rias afastam doador de sangue","author":"noticiasribeiraopreto.com.br","date":"3 de July de 2025","format":false,"excerpt":"Julho chegou trazendo o frio intenso do inverno e tamb\u00e9m um novo desafio: a queda preocupante nas doa\u00e7\u00f5es de sangue. O GSH Banco de Sangue de Ribeir\u00e3o Preto faz um alerta urgente \u00e0 popula\u00e7\u00e3o para a baixa nos estoques e convoca doadores para reverter esse cen\u00e1rio que pode amea\u00e7ar o\u2026","rel":"","context":"In &quot;Not\u00edcias de Ribeir\u00e3o Preto-SP e Regi\u00e3o&quot;","block_context":{"text":"Not\u00edcias de Ribeir\u00e3o Preto-SP e Regi\u00e3o","link":"https:\/\/noticiasribeiraopreto.com.br\/index.php\/category\/noticias-de-ribeirao-preto-sp-e-regiao-ismael-colosi\/"},"img":{"alt_text":"","src":"https:\/\/i0.wp.com\/noticiasribeiraopreto.com.br\/wp-content\/uploads\/2025\/07\/SangueRP-Myke-Sena-MS.jpg?fit=1170%2C700&ssl=1&resize=350%2C200","width":350,"height":200,"srcset":"https:\/\/i0.wp.com\/noticiasribeiraopreto.com.br\/wp-content\/uploads\/2025\/07\/SangueRP-Myke-Sena-MS.jpg?fit=1170%2C700&ssl=1&resize=350%2C200 1x, https:\/\/i0.wp.com\/noticiasribeiraopreto.com.br\/wp-content\/uploads\/2025\/07\/SangueRP-Myke-Sena-MS.jpg?fit=1170%2C700&ssl=1&resize=525%2C300 1.5x, https:\/\/i0.wp.com\/noticiasribeiraopreto.com.br\/wp-content\/uploads\/2025\/07\/SangueRP-Myke-Sena-MS.jpg?fit=1170%2C700&ssl=1&resize=700%2C400 2x, https:\/\/i0.wp.com\/noticiasribeiraopreto.com.br\/wp-content\/uploads\/2025\/07\/SangueRP-Myke-Sena-MS.jpg?fit=1170%2C700&ssl=1&resize=1050%2C600 3x"},"classes":[]},{"id":38819,"url":"https:\/\/noticiasribeiraopreto.com.br\/index.php\/2024\/02\/21\/dengue-impacta-doacao-de-sangue\/","url_meta":{"origin":72410,"position":3},"title":"Dengue impacta doa\u00e7\u00e3o de sangue\u00a0","author":"noticiasribeiraopreto.com.br","date":"21 de February de 2024","format":false,"excerpt":"21 de fevereiro de 2024 | 18:0021 de fevereiro de 2024 | 11:05 0O GSH Banco de Sangue de Ribeir\u00e3o Preto ainda n\u00e3o conseguiu equilibrar seus estoques sangu\u00edneos, que, desde o in\u00edcio do ano j\u00e1 enfrentavam um d\u00e9ficit de 60%. Com o per\u00edodo de f\u00e9rias, seguido do feriado prolongado de\u2026","rel":"","context":"In &quot;Not\u00edcias de Ribeir\u00e3o Preto-SP e Regi\u00e3o&quot;","block_context":{"text":"Not\u00edcias de Ribeir\u00e3o Preto-SP e Regi\u00e3o","link":"https:\/\/noticiasribeiraopreto.com.br\/index.php\/category\/noticias-de-ribeirao-preto-sp-e-regiao-ismael-colosi\/"},"img":{"alt_text":"","src":"https:\/\/i0.wp.com\/noticiasribeiraopreto.com.br\/wp-content\/uploads\/2024\/02\/Doacao_de_sangue.jpg?fit=500%2C333&ssl=1&resize=350%2C200","width":350,"height":200},"classes":[]},{"id":39299,"url":"https:\/\/noticiasribeiraopreto.com.br\/index.php\/2024\/02\/24\/dengue-impacta-doacao-de-sangue-2\/","url_meta":{"origin":72410,"position":4},"title":"Dengue impacta doa\u00e7\u00e3o de sangue\u00a0","author":"noticiasribeiraopreto.com.br","date":"24 de February de 2024","format":false,"excerpt":"O GSH Banco de Sangue de Ribeir\u00e3o Preto ainda n\u00e3o conseguiu equilibrar seus estoques sangu\u00edneos, que, desde o in\u00edcio do ano j\u00e1 enfrentavam um d\u00e9ficit de 60%. Com o per\u00edodo de f\u00e9rias, seguido do feriado prolongado de carnaval, a situa\u00e7\u00e3o se agravou.Atualmente, a unidade vem recebendo cerca de apenas 15\u2026","rel":"","context":"In &quot;Not\u00edcias de Ribeir\u00e3o Preto-SP e Regi\u00e3o&quot;","block_context":{"text":"Not\u00edcias de Ribeir\u00e3o Preto-SP e Regi\u00e3o","link":"https:\/\/noticiasribeiraopreto.com.br\/index.php\/category\/noticias-de-ribeirao-preto-sp-e-regiao-ismael-colosi\/"},"img":{"alt_text":"","src":"https:\/\/i0.wp.com\/noticiasribeiraopreto.com.br\/wp-content\/uploads\/2024\/02\/SangueRP-Guilherme-Sircili-03-scaled.jpg?fit=967%2C645&ssl=1&resize=350%2C200","width":350,"height":200,"srcset":"https:\/\/i0.wp.com\/noticiasribeiraopreto.com.br\/wp-content\/uploads\/2024\/02\/SangueRP-Guilherme-Sircili-03-scaled.jpg?fit=967%2C645&ssl=1&resize=350%2C200 1x, https:\/\/i0.wp.com\/noticiasribeiraopreto.com.br\/wp-content\/uploads\/2024\/02\/SangueRP-Guilherme-Sircili-03-scaled.jpg?fit=967%2C645&ssl=1&resize=525%2C300 1.5x, https:\/\/i0.wp.com\/noticiasribeiraopreto.com.br\/wp-content\/uploads\/2024\/02\/SangueRP-Guilherme-Sircili-03-scaled.jpg?fit=967%2C645&ssl=1&resize=700%2C400 2x"},"classes":[]},{"id":75202,"url":"https:\/\/noticiasribeiraopreto.com.br\/index.php\/2025\/08\/05\/numero-de-doadores-de-sangue-recua-de-50-para-13-por-dia\/","url_meta":{"origin":72410,"position":5},"title":"N\u00famero de doadores de sangue recua de 50 para 13 por dia","author":"noticiasribeiraopreto.com.br","date":"5 de August de 2025","format":false,"excerpt":"O GSH Banco de Sangue de Ribeir\u00e3o Preto inicia agosto em estado de alerta, ap\u00f3s julho ter sido marcado por forte queda nas doa\u00e7\u00f5es. Os estoques continuam 60% abaixo do ideal, mantendo a situa\u00e7\u00e3o cr\u00edtica. A institui\u00e7\u00e3o volta a convocar a popula\u00e7\u00e3o com urg\u00eancia: \u201c\u00e9 preciso engajamento imediato dos doadores\u2026","rel":"","context":"In &quot;Not\u00edcias de Ribeir\u00e3o Preto-SP e Regi\u00e3o&quot;","block_context":{"text":"Not\u00edcias de Ribeir\u00e3o Preto-SP e Regi\u00e3o","link":"https:\/\/noticiasribeiraopreto.com.br\/index.php\/category\/noticias-de-ribeirao-preto-sp-e-regiao-ismael-colosi\/"},"img":{"alt_text":"","src":"https:\/\/i0.wp.com\/noticiasribeiraopreto.com.br\/wp-content\/uploads\/2025\/08\/SangueRP-Divulgacao-4-scaled.jpg?fit=763%2C500&ssl=1&resize=350%2C200","width":350,"height":200,"srcset":"https:\/\/i0.wp.com\/noticiasribeiraopreto.com.br\/wp-content\/uploads\/2025\/08\/SangueRP-Divulgacao-4-scaled.jpg?fit=763%2C500&ssl=1&resize=350%2C200 1x, https:\/\/i0.wp.com\/noticiasribeiraopreto.com.br\/wp-content\/uploads\/2025\/08\/SangueRP-Divulgacao-4-scaled.jpg?fit=763%2C500&ssl=1&resize=525%2C300 1.5x, https:\/\/i0.wp.com\/noticiasribeiraopreto.com.br\/wp-content\/uploads\/2025\/08\/SangueRP-Divulgacao-4-scaled.jpg?fit=763%2C500&ssl=1&resize=700%2C400 2x"},"classes":[]}],"jetpack_sharing_enabled":true,"jetpack_shortlink":"https:\/\/wp.me\/peQAOb-iPU","_links":{"self":[{"href":"https:\/\/noticiasribeiraopreto.com.br\/index.php\/wp-json\/wp\/v2\/posts\/72410","targetHints":{"allow":["GET"]}}],"collection":[{"href":"https:\/\/noticiasribeiraopreto.com.br\/index.php\/wp-json\/wp\/v2\/posts"}],"about":[{"href":"https:\/\/noticiasribeiraopreto.com.br\/index.php\/wp-json\/wp\/v2\/types\/post"}],"author":[{"embeddable":true,"href":"https:\/\/noticiasribeiraopreto.com.br\/index.php\/wp-json\/wp\/v2\/users\/1"}],"replies":[{"embeddable":true,"href":"https:\/\/noticiasribeiraopreto.com.br\/index.php\/wp-json\/wp\/v2\/comments?post=72410"}],"version-history":[{"count":0,"href":"https:\/\/noticiasribeiraopreto.com.br\/index.php\/wp-json\/wp\/v2\/posts\/72410\/revisions"}],"wp:featuredmedia":[{"embeddable":true,"href":"https:\/\/noticiasribeiraopreto.com.br\/index.php\/wp-json\/wp\/v2\/media\/72411"}],"wp:attachment":[{"href":"https:\/\/noticiasribeiraopreto.com.br\/index.php\/wp-json\/wp\/v2\/media?parent=72410"}],"wp:term":[{"taxonomy":"category","embeddable":true,"href":"https:\/\/noticiasribeiraopreto.com.br\/index.php\/wp-json\/wp\/v2\/categories?post=72410"},{"taxonomy":"post_tag","embeddable":true,"href":"https:\/\/noticiasribeiraopreto.com.br\/index.php\/wp-json\/wp\/v2\/tags?post=72410"}],"curies":[{"name":"wp","href":"https:\/\/api.w.org\/{rel}","templated":true}]}}