{"id":72414,"date":"2025-06-17T05:06:43","date_gmt":"2025-06-17T08:06:43","guid":{"rendered":"https:\/\/noticiasribeiraopreto.com.br\/index.php\/2025\/06\/17\/advogado-usa-dados-falsos-e-informacoes-incorretas-para-tentar-obter-indenizacao-de-r-23-mil\/"},"modified":"2025-06-17T05:06:43","modified_gmt":"2025-06-17T08:06:43","slug":"advogado-usa-dados-falsos-e-informacoes-incorretas-para-tentar-obter-indenizacao-de-r-23-mil","status":"publish","type":"post","link":"https:\/\/noticiasribeiraopreto.com.br\/index.php\/2025\/06\/17\/advogado-usa-dados-falsos-e-informacoes-incorretas-para-tentar-obter-indenizacao-de-r-23-mil\/","title":{"rendered":"Advogado usa dados falsos e informa\u00e7\u00f5es incorretas para tentar obter indeniza\u00e7\u00e3o de R$ 23 mil"},"content":{"rendered":"<div class='code-block code-block-1' style='margin: 8px 0 8px auto; text-align: right; display: block; clear: both;'>\n<p><a href=\"https:\/\/wa.link\/vpicfd\"><img data-recalc-dims=\"1\" class=\"wp-image-4922\" style=\"aspect-ratio: 2.0253164556962027; width: 561px; height: auto;\" src=\"https:\/\/i0.wp.com\/ismaelcolosi.com.br\/wp-content\/uploads\/2023\/11\/grupo-de-empregos-whatsapp-e-facebook-ismael-colosi-vagas.jpg?ssl=1\" alt=\"\" \/><\/a><\/p>\n<!-- \/wp:image -->\n<\/div>\n<p> <br \/>\n<\/p>\n<div>\n<p>A 21\u00aa C\u00e2mara de Direito Privado do Tribunal de Justi\u00e7a de S\u00e3o Paulo condenou um advogado por litig\u00e2ncia de m\u00e1-f\u00e9 contra um banco. Segundo os desembargadores, o caus\u00eddico protocolou peti\u00e7\u00e3o inicial gen\u00e9rica, com dados falsos e informa\u00e7\u00f5es incorretas sobre o pedido da autora que supostamente representava.<\/p>\n<p>No processo, consta que uma mulher ajuizou a\u00e7\u00e3o contra o banco pedindo a declara\u00e7\u00e3o de inexist\u00eancia de d\u00e9bitos. Segundo ela, o banco negativou seu nome em raz\u00e3o de uma d\u00edvida de R$ 981,30. Al\u00e9m da declara\u00e7\u00e3o de inexist\u00eancia da d\u00edvida, ela pediu R$ 23 mil a t\u00edtulo de indeniza\u00e7\u00e3o por danos morais.<\/p>\n<p>O banco classificou a a\u00e7\u00e3o como \u201clitig\u00e2ncia predat\u00f3ria\u201d e afirmou que a d\u00edvida \u00e9 relativa a uma conta de cart\u00e3o de cr\u00e9dito que n\u00e3o foi paga. De acordo com a institui\u00e7\u00e3o, h\u00e1 comprovantes de que a mulher recebeu um cart\u00e3o e o utilizou para compras. Depois, n\u00e3o pagou o que era devido.<\/p>\n<p>O relator, desembargador D\u00e9cio Rodrigues, reconheceu no ac\u00f3rd\u00e3o \u201crelevantes ind\u00edcios da ocorr\u00eancia de litig\u00e2ncia predat\u00f3ria\u201d. Segundo ele, a peti\u00e7\u00e3o inicial \u00e9 gen\u00e9rica e n\u00e3o explicou a suposta d\u00edvida equivocada da autora. Ainda segundo o magistrado, o advogado patrono da causa \u201cpossui milhares de a\u00e7\u00f5es id\u00eanticas a esta\u201d.<\/p>\n<p>\u201cInclusive, em outro processo patrocinado pelo mesmo advogado, o E. TJ-SP j\u00e1 constatou a exist\u00eancia de ind\u00edcios de litig\u00e2ncia predat\u00f3ria pelo advogado e determinou a expedi\u00e7\u00e3o de of\u00edcios para apurar os fatos\u201d, afirmou. Ainda segundo o ac\u00f3rd\u00e3o, a autora foi questionada por oficial de Justi\u00e7a e disse que \u201cn\u00e3o conhece pessoalmente o advogado\u201d. A autora tamb\u00e9m confirmou que tinha a d\u00edvida, e que apenas queria diminu\u00ed-la com a a\u00e7\u00e3o.<\/p>\n<p>\u201cDessa forma, nota-se que a inicial cont\u00e9m afirma\u00e7\u00f5es claramente falsas. Trata-se da ocorr\u00eancia de litig\u00e2ncia predat\u00f3ria. Os pedidos, portanto, s\u00e3o improcedentes e est\u00e1 configurada a ocorr\u00eancia de litig\u00e2ncia predat\u00f3ria, devendo proceder \u00e0 responsabiliza\u00e7\u00e3o direta do advogado respons\u00e1vel pela il\u00edcita pr\u00e1tica.\u201d, escreveu o relator.<\/p>\n<p><em>*Com Conjur<\/em><\/p>\n<\/p><\/div>\n<p><br \/>\n<br \/><a href=\"https:\/\/www.f3noticias.com.br\/advogado-usa-dados-falsos-e-informacoes-incorretas-para-tentar-obter-indenizacao-de-r-23-mil\/\">Source link <\/a><\/p>\n<!-- CONTENT END 1 -->\n","protected":false},"excerpt":{"rendered":"<p>A 21\u00aa C\u00e2mara de Direito Privado do Tribunal de Justi\u00e7a de S\u00e3o Paulo condenou um advogado por litig\u00e2ncia de m\u00e1-f\u00e9 contra um banco. Segundo os&#8230;<\/p>\n","protected":false},"author":1,"featured_media":72415,"comment_status":"open","ping_status":"open","sticky":false,"template":"","format":"standard","meta":{"advanced_seo_description":"","jetpack_seo_html_title":"","jetpack_seo_noindex":false,"jetpack_post_was_ever_published":false,"_jetpack_newsletter_access":"","_jetpack_dont_email_post_to_subs":false,"_jetpack_newsletter_tier_id":0,"_jetpack_memberships_contains_paywalled_content":false,"_jetpack_memberships_contains_paid_content":false,"footnotes":"","jetpack_publicize_message":"","jetpack_publicize_feature_enabled":true,"jetpack_social_post_already_shared":true,"jetpack_social_options":{"image_generator_settings":{"template":"highway","default_image_id":0,"font":"","enabled":false},"version":2}},"categories":[3597],"tags":[],"class_list":["post-72414","post","type-post","status-publish","format-standard","has-post-thumbnail","hentry","category-noticias-franca-sp"],"jetpack_publicize_connections":[],"jetpack_featured_media_url":"https:\/\/i0.wp.com\/noticiasribeiraopreto.com.br\/wp-content\/uploads\/2025\/06\/tjsp-2.jpg?fit=700%2C481&ssl=1","jetpack-related-posts":[{"id":82171,"url":"https:\/\/noticiasribeiraopreto.com.br\/index.php\/2026\/02\/06\/grupo-fictor-deve-r-53-mi-em-ribeirao\/","url_meta":{"origin":72414,"position":0},"title":"Grupo Fictor deve \u2028R$ 53 mi em Ribeir\u00e3o","author":"noticiasribeiraopreto.com.br","date":"6 de February de 2026","format":false,"excerpt":"Pol\u00edcia Federal abriu inqu\u00e9rito para investigar Grupo Fictor por tentativa de compra do Master A Pol\u00edcia Federal (PF) abriu inqu\u00e9rito para investigar o Grupo Fictor, que fez uma oferta para comprar o Banco Master, em novembro do ano passado, e entrou, no \u00faltimo domingo, 1\u00ba de fevereiro, com pedido de\u2026","rel":"","context":"In &quot;Not\u00edcias de Ribeir\u00e3o Preto-SP e Regi\u00e3o&quot;","block_context":{"text":"Not\u00edcias de Ribeir\u00e3o Preto-SP e Regi\u00e3o","link":"https:\/\/noticiasribeiraopreto.com.br\/index.php\/category\/noticias-de-ribeirao-preto-sp-e-regiao-ismael-colosi\/"},"img":{"alt_text":"","src":"https:\/\/i0.wp.com\/noticiasribeiraopreto.com.br\/wp-content\/uploads\/2026\/02\/Fictor-Divulgacao-scaled.jpg?fit=1200%2C675&ssl=1&resize=350%2C200","width":350,"height":200,"srcset":"https:\/\/i0.wp.com\/noticiasribeiraopreto.com.br\/wp-content\/uploads\/2026\/02\/Fictor-Divulgacao-scaled.jpg?fit=1200%2C675&ssl=1&resize=350%2C200 1x, https:\/\/i0.wp.com\/noticiasribeiraopreto.com.br\/wp-content\/uploads\/2026\/02\/Fictor-Divulgacao-scaled.jpg?fit=1200%2C675&ssl=1&resize=525%2C300 1.5x, https:\/\/i0.wp.com\/noticiasribeiraopreto.com.br\/wp-content\/uploads\/2026\/02\/Fictor-Divulgacao-scaled.jpg?fit=1200%2C675&ssl=1&resize=700%2C400 2x, https:\/\/i0.wp.com\/noticiasribeiraopreto.com.br\/wp-content\/uploads\/2026\/02\/Fictor-Divulgacao-scaled.jpg?fit=1200%2C675&ssl=1&resize=1050%2C600 3x"},"classes":[]},{"id":22065,"url":"https:\/\/noticiasribeiraopreto.com.br\/index.php\/2023\/12\/29\/ganhe-ate-r30-mil-da-serasa-sigilo-comecou-a-cadastrar-vitimas-de-vazamentos-de-dados\/","url_meta":{"origin":72414,"position":1},"title":"GANHE at\u00e9 R$30 MIL da Serasa: Sigilo COME\u00c7OU a cadastrar v\u00edtimas de vazamentos de dados","author":"noticiasribeiraopreto.com.br","date":"29 de December de 2023","format":false,"excerpt":"O Instituto SIGILO, uma organiza\u00e7\u00e3o brasileira de prote\u00e7\u00e3o de dados, compliance e seguran\u00e7a da informa\u00e7\u00e3o, lan\u00e7ou recentemente um portal para registrar pessoas interessadas em informa\u00e7\u00f5es sobre a a\u00e7\u00e3o civil p\u00fablica relacionada ao mega vazamento de dados da Serasa Experian. O Que Levou \u00e0 A\u00e7\u00e3o Contra a Serasa? O Instituto Sigilo\u2026","rel":"","context":"In &quot;Vagas de Emprego em Ribeir\u00e3o Preto-SP&quot;","block_context":{"text":"Vagas de Emprego em Ribeir\u00e3o Preto-SP","link":"https:\/\/noticiasribeiraopreto.com.br\/index.php\/category\/empregos-classificados-vagas-trabalho\/vagas-de-empregos-em-ribeirao-preto-regiao-brasil\/"},"img":{"alt_text":"","src":"","width":0,"height":0},"classes":[]},{"id":4751,"url":"https:\/\/noticiasribeiraopreto.com.br\/index.php\/2023\/11\/22\/negocie-dividas-de-ate-r-20-mil\/","url_meta":{"origin":72414,"position":2},"title":"negocie d\u00edvidas de at\u00e9 R$ 20 mil","author":"noticiasribeiraopreto.com.br","date":"22 de November de 2023","format":false,"excerpt":"A partir desta segunda-feira, 20, o Programa Desenrola Brasil entra numa nova fase. A Faixa 1 do programa, destinada \u00e0 renegocia\u00e7\u00e3o a devedores com renda de at\u00e9 dois sal\u00e1rios m\u00ednimos ou inscritos no Cadastro \u00danico para Programas Sociais do Governo Federal (Cad\u00danico), passar\u00e1 a renegociar d\u00edvidas de at\u00e9 R$ 20\u2026","rel":"","context":"In &quot;Variedades&quot;","block_context":{"text":"Variedades","link":"https:\/\/noticiasribeiraopreto.com.br\/index.php\/category\/variedades\/"},"img":{"alt_text":"","src":"https:\/\/i0.wp.com\/noticiasribeiraopreto.com.br\/wp-content\/uploads\/2023\/11\/desenrola-passa-a-fazer-exigencias-para-negociar-dividas-saiba-quais.jpg?fit=1200%2C638&ssl=1&resize=350%2C200","width":350,"height":200,"srcset":"https:\/\/i0.wp.com\/noticiasribeiraopreto.com.br\/wp-content\/uploads\/2023\/11\/desenrola-passa-a-fazer-exigencias-para-negociar-dividas-saiba-quais.jpg?fit=1200%2C638&ssl=1&resize=350%2C200 1x, https:\/\/i0.wp.com\/noticiasribeiraopreto.com.br\/wp-content\/uploads\/2023\/11\/desenrola-passa-a-fazer-exigencias-para-negociar-dividas-saiba-quais.jpg?fit=1200%2C638&ssl=1&resize=525%2C300 1.5x, https:\/\/i0.wp.com\/noticiasribeiraopreto.com.br\/wp-content\/uploads\/2023\/11\/desenrola-passa-a-fazer-exigencias-para-negociar-dividas-saiba-quais.jpg?fit=1200%2C638&ssl=1&resize=700%2C400 2x, https:\/\/i0.wp.com\/noticiasribeiraopreto.com.br\/wp-content\/uploads\/2023\/11\/desenrola-passa-a-fazer-exigencias-para-negociar-dividas-saiba-quais.jpg?fit=1200%2C638&ssl=1&resize=1050%2C600 3x"},"classes":[]},{"id":23663,"url":"https:\/\/noticiasribeiraopreto.com.br\/index.php\/2024\/01\/02\/juros-do-rotativo-passam-a-ser-limitados-a-100-da-divida-a-partir-desta-quarta-3\/","url_meta":{"origin":72414,"position":3},"title":"Juros do rotativo passam a ser limitados a 100% da d\u00edvida\u00a0a partir desta quarta (3)","author":"noticiasribeiraopreto.com.br","date":"2 de January de 2024","format":false,"excerpt":"O Banco Central (BC) esclareceu, nesta ter\u00e7a-feira (2), em Bras\u00edlia, que o teto de juros para o rotativo e da fatura parcelada do cart\u00e3o s\u00f3 entram em vigor nesta quarta-feira (3). Segundo o \u00f3rg\u00e3o, o feriado de 1\u00ba de janeiro adiou em um dia a entrada em vigor da medida,\u2026","rel":"","context":"In &quot;Not\u00edcias de Ribeir\u00e3o Preto-SP e Regi\u00e3o&quot;","block_context":{"text":"Not\u00edcias de Ribeir\u00e3o Preto-SP e Regi\u00e3o","link":"https:\/\/noticiasribeiraopreto.com.br\/index.php\/category\/noticias-de-ribeirao-preto-sp-e-regiao-ismael-colosi\/"},"img":{"alt_text":"","src":"https:\/\/i0.wp.com\/noticiasribeiraopreto.com.br\/wp-content\/uploads\/2024\/01\/calote.png?fit=1000%2C598&ssl=1&resize=350%2C200","width":350,"height":200,"srcset":"https:\/\/i0.wp.com\/noticiasribeiraopreto.com.br\/wp-content\/uploads\/2024\/01\/calote.png?fit=1000%2C598&ssl=1&resize=350%2C200 1x, https:\/\/i0.wp.com\/noticiasribeiraopreto.com.br\/wp-content\/uploads\/2024\/01\/calote.png?fit=1000%2C598&ssl=1&resize=525%2C300 1.5x, https:\/\/i0.wp.com\/noticiasribeiraopreto.com.br\/wp-content\/uploads\/2024\/01\/calote.png?fit=1000%2C598&ssl=1&resize=700%2C400 2x"},"classes":[]},{"id":4932,"url":"https:\/\/noticiasribeiraopreto.com.br\/index.php\/2023\/11\/22\/dividas-de-ate-r-20-mil-negociadas-com-mega-desconto\/","url_meta":{"origin":72414,"position":4},"title":"D\u00edvidas de at\u00e9 R$ 20 mil negociadas com MEGA desconto","author":"noticiasribeiraopreto.com.br","date":"22 de November de 2023","format":false,"excerpt":"A partir desta segunda-feira, 20, o Programa Desenrola Brasil entra numa nova fase. A Faixa 1 do programa, destinada \u00e0 renegocia\u00e7\u00e3o a devedores com renda de at\u00e9 dois sal\u00e1rios m\u00ednimos ou inscritos no Cadastro \u00danico para Programas Sociais do Governo Federal (Cad\u00danico), passar\u00e1 a renegociar d\u00edvidas de at\u00e9 R$ 20\u2026","rel":"","context":"In &quot;Variedades&quot;","block_context":{"text":"Variedades","link":"https:\/\/noticiasribeiraopreto.com.br\/index.php\/category\/variedades\/"},"img":{"alt_text":"","src":"https:\/\/i0.wp.com\/noticiasribeiraopreto.com.br\/wp-content\/uploads\/2023\/11\/istock-1158702105-e1688579646196.jpg?fit=1200%2C638&ssl=1&resize=350%2C200","width":350,"height":200,"srcset":"https:\/\/i0.wp.com\/noticiasribeiraopreto.com.br\/wp-content\/uploads\/2023\/11\/istock-1158702105-e1688579646196.jpg?fit=1200%2C638&ssl=1&resize=350%2C200 1x, https:\/\/i0.wp.com\/noticiasribeiraopreto.com.br\/wp-content\/uploads\/2023\/11\/istock-1158702105-e1688579646196.jpg?fit=1200%2C638&ssl=1&resize=525%2C300 1.5x, https:\/\/i0.wp.com\/noticiasribeiraopreto.com.br\/wp-content\/uploads\/2023\/11\/istock-1158702105-e1688579646196.jpg?fit=1200%2C638&ssl=1&resize=700%2C400 2x, https:\/\/i0.wp.com\/noticiasribeiraopreto.com.br\/wp-content\/uploads\/2023\/11\/istock-1158702105-e1688579646196.jpg?fit=1200%2C638&ssl=1&resize=1050%2C600 3x"},"classes":[]},{"id":7394,"url":"https:\/\/noticiasribeiraopreto.com.br\/index.php\/2023\/11\/28\/divida-de-ate-r-20-mil-pode-ser-negociada-com-ate-99-off\/","url_meta":{"origin":72414,"position":5},"title":"D\u00edvida de at\u00e9 R$ 20 mil pode ser negociada com at\u00e9 99% OFF","author":"noticiasribeiraopreto.com.br","date":"28 de November de 2023","format":false,"excerpt":"Desde o dia 20 de novembro, o Programa Desenrola Brasil entrou numa nova fase. A Faixa 1 do programa, destinada \u00e0 renegocia\u00e7\u00e3o a devedores com renda de at\u00e9 dois sal\u00e1rios m\u00ednimos ou inscritos no Cadastro \u00danico para Programas Sociais do Governo Federal (Cad\u00danico), passou a renegociar d\u00edvidas de at\u00e9 R$\u2026","rel":"","context":"In &quot;Variedades&quot;","block_context":{"text":"Variedades","link":"https:\/\/noticiasribeiraopreto.com.br\/index.php\/category\/variedades\/"},"img":{"alt_text":"","src":"https:\/\/i0.wp.com\/noticiasribeiraopreto.com.br\/wp-content\/uploads\/2023\/11\/desemrola.jpg?fit=1200%2C638&ssl=1&resize=350%2C200","width":350,"height":200,"srcset":"https:\/\/i0.wp.com\/noticiasribeiraopreto.com.br\/wp-content\/uploads\/2023\/11\/desemrola.jpg?fit=1200%2C638&ssl=1&resize=350%2C200 1x, https:\/\/i0.wp.com\/noticiasribeiraopreto.com.br\/wp-content\/uploads\/2023\/11\/desemrola.jpg?fit=1200%2C638&ssl=1&resize=525%2C300 1.5x, https:\/\/i0.wp.com\/noticiasribeiraopreto.com.br\/wp-content\/uploads\/2023\/11\/desemrola.jpg?fit=1200%2C638&ssl=1&resize=700%2C400 2x, https:\/\/i0.wp.com\/noticiasribeiraopreto.com.br\/wp-content\/uploads\/2023\/11\/desemrola.jpg?fit=1200%2C638&ssl=1&resize=1050%2C600 3x"},"classes":[]}],"jetpack_sharing_enabled":true,"jetpack_shortlink":"https:\/\/wp.me\/peQAOb-iPY","_links":{"self":[{"href":"https:\/\/noticiasribeiraopreto.com.br\/index.php\/wp-json\/wp\/v2\/posts\/72414","targetHints":{"allow":["GET"]}}],"collection":[{"href":"https:\/\/noticiasribeiraopreto.com.br\/index.php\/wp-json\/wp\/v2\/posts"}],"about":[{"href":"https:\/\/noticiasribeiraopreto.com.br\/index.php\/wp-json\/wp\/v2\/types\/post"}],"author":[{"embeddable":true,"href":"https:\/\/noticiasribeiraopreto.com.br\/index.php\/wp-json\/wp\/v2\/users\/1"}],"replies":[{"embeddable":true,"href":"https:\/\/noticiasribeiraopreto.com.br\/index.php\/wp-json\/wp\/v2\/comments?post=72414"}],"version-history":[{"count":0,"href":"https:\/\/noticiasribeiraopreto.com.br\/index.php\/wp-json\/wp\/v2\/posts\/72414\/revisions"}],"wp:featuredmedia":[{"embeddable":true,"href":"https:\/\/noticiasribeiraopreto.com.br\/index.php\/wp-json\/wp\/v2\/media\/72415"}],"wp:attachment":[{"href":"https:\/\/noticiasribeiraopreto.com.br\/index.php\/wp-json\/wp\/v2\/media?parent=72414"}],"wp:term":[{"taxonomy":"category","embeddable":true,"href":"https:\/\/noticiasribeiraopreto.com.br\/index.php\/wp-json\/wp\/v2\/categories?post=72414"},{"taxonomy":"post_tag","embeddable":true,"href":"https:\/\/noticiasribeiraopreto.com.br\/index.php\/wp-json\/wp\/v2\/tags?post=72414"}],"curies":[{"name":"wp","href":"https:\/\/api.w.org\/{rel}","templated":true}]}}