{"id":72418,"date":"2025-06-17T07:09:18","date_gmt":"2025-06-17T10:09:18","guid":{"rendered":"https:\/\/noticiasribeiraopreto.com.br\/index.php\/2025\/06\/17\/prefeitura-de-franca-vai-gastar-r-8-milhoes-para-terceirizar-contratacao-de-422-na-area-da-educacao\/"},"modified":"2025-06-17T07:09:18","modified_gmt":"2025-06-17T10:09:18","slug":"prefeitura-de-franca-vai-gastar-r-8-milhoes-para-terceirizar-contratacao-de-422-na-area-da-educacao","status":"publish","type":"post","link":"https:\/\/noticiasribeiraopreto.com.br\/index.php\/2025\/06\/17\/prefeitura-de-franca-vai-gastar-r-8-milhoes-para-terceirizar-contratacao-de-422-na-area-da-educacao\/","title":{"rendered":"Prefeitura de Franca vai gastar R$ 8 milh\u00f5es para terceirizar contrata\u00e7\u00e3o de 422 na \u00e1rea da educa\u00e7\u00e3o"},"content":{"rendered":"<div class='code-block code-block-1' style='margin: 8px 0 8px auto; text-align: right; display: block; clear: both;'>\n<p><a href=\"https:\/\/wa.link\/vpicfd\"><img data-recalc-dims=\"1\" class=\"wp-image-4922\" style=\"aspect-ratio: 2.0253164556962027; width: 561px; height: auto;\" src=\"https:\/\/i0.wp.com\/ismaelcolosi.com.br\/wp-content\/uploads\/2023\/11\/grupo-de-empregos-whatsapp-e-facebook-ismael-colosi-vagas.jpg?ssl=1\" alt=\"\" \/><\/a><\/p>\n<!-- \/wp:image -->\n<\/div>\n<p> <br \/>\n<\/p>\n<div>\n<p>A Secretaria Municipal de Educa\u00e7\u00e3o publicou o edital de Chamamento P\u00fablico para a contrata\u00e7\u00e3o de uma entidade que disponibilize o servi\u00e7o de educador de apoio pedag\u00f3gico e professor int\u00e9rprete de Libras para o acompanhamento de alunos com defici\u00eancia e Transtorno do Espectro Autista (TEA).<\/p>\n<p>Os interessados dever\u00e3o entregar a documenta\u00e7\u00e3o at\u00e9 \u00e0s 16 horas do dia 15 de julho na Se\u00e7\u00e3o de Projetos Especiais (3\u00ba andar) da Secretaria de Educa\u00e7\u00e3o, localizada na avenida Francisco de Paula Quintanilha Ribeiro, 550, Parque Francal.<\/p>\n<p>O prefeito Alexandre Ferreira (MDB) falou sobre a proposta. \u201cIsso possibilitar\u00e1 o atendimento das crian\u00e7as com espectro autista ou defici\u00eancia, inclusive com Libras. \u00c9 muito importante que as entidades participem deste chamamento\u201d, disse.<\/p>\n<p>Para a contrata\u00e7\u00e3o dos 422 novos educadores, a Secretaria de Educa\u00e7\u00e3o investir\u00e1 quase R$ 8 milh\u00f5es. As entidades dever\u00e3o apresentar um plano de trabalho e documenta\u00e7\u00e3o que comprove a habilita\u00e7\u00e3o para exercer esta atividade. Os proponentes ser\u00e3o considerados aptos ao credenciamento quando atingirem a pontua\u00e7\u00e3o m\u00ednima de 15 do total de 20 pontos na qualifica\u00e7\u00e3o da proposta.<\/p>\n<p>Os editais e anexos poder\u00e3o ser visualizados no link <a href=\"https:\/\/www.franca.sp.gov.br\/portal-transparencia\/paginas\/publica\/consulta_licitacao.xhtml\" target=\"_blank\" rel=\"noopener\"><strong>https:\/\/www.franca.sp.gov.br\/portal-transparencia\/paginas\/publica\/consulta_licitacao.xhtml<\/strong><\/a>, na modalidade \u201cChamamento P\u00fablico\u201d. No caso de d\u00favidas das institui\u00e7\u00f5es e mais informa\u00e7\u00f5es, \u00e9 necess\u00e1rio enviar um e-mail para <a href=\"http:\/\/www.f3noticias.com.br\/cdn-cgi\/l\/email-protection#52373627313331333d123420333c31337c21227c353d247c3020\" target=\"_blank\" rel=\"noopener\"><strong><span class=\"__cf_email__\" data-cfemail=\"61040514020002000e210713000f02004f12114f060e174f0313\">[email\u00a0protected]<\/span><\/strong><\/a> at\u00e9 cinco dias antes da entrega dos envelopes com a documenta\u00e7\u00e3o e o plano de trabalho.<\/p>\n<\/p><\/div>\n<p><br \/>\n<br \/><a href=\"https:\/\/www.f3noticias.com.br\/prefeitura-de-franca-vai-gastar-r-8-milhoes-para-terceirizar-contratacao-de-422-na-area-da-educacao\/\">Source link <\/a><\/p>\n<!-- CONTENT END 1 -->\n","protected":false},"excerpt":{"rendered":"<p>A Secretaria Municipal de Educa\u00e7\u00e3o publicou o edital de Chamamento P\u00fablico para a contrata\u00e7\u00e3o de uma entidade que disponibilize o servi\u00e7o de educador de apoio&#8230;<\/p>\n","protected":false},"author":1,"featured_media":72419,"comment_status":"open","ping_status":"open","sticky":false,"template":"","format":"standard","meta":{"advanced_seo_description":"","jetpack_seo_html_title":"","jetpack_seo_noindex":false,"jetpack_post_was_ever_published":false,"_jetpack_newsletter_access":"","_jetpack_dont_email_post_to_subs":false,"_jetpack_newsletter_tier_id":0,"_jetpack_memberships_contains_paywalled_content":false,"_jetpack_memberships_contains_paid_content":false,"footnotes":"","jetpack_publicize_message":"","jetpack_publicize_feature_enabled":true,"jetpack_social_post_already_shared":true,"jetpack_social_options":{"image_generator_settings":{"template":"highway","default_image_id":0,"font":"","enabled":false},"version":2}},"categories":[3597],"tags":[],"class_list":["post-72418","post","type-post","status-publish","format-standard","has-post-thumbnail","hentry","category-noticias-franca-sp"],"jetpack_publicize_connections":[],"jetpack_featured_media_url":"https:\/\/i0.wp.com\/noticiasribeiraopreto.com.br\/wp-content\/uploads\/2025\/06\/Secretaria-de-educacao.jpg?fit=800%2C529&ssl=1","jetpack-related-posts":[{"id":66754,"url":"https:\/\/noticiasribeiraopreto.com.br\/index.php\/2025\/04\/05\/audiencia-publica-no-dia-24-4-discute-a-implantacao-da-clinica-escoal-do-autista-em-franca\/","url_meta":{"origin":72418,"position":0},"title":"Audi\u00eancia p\u00fablica no dia 24\/4 discute a implanta\u00e7\u00e3o da Cl\u00ednica Escoal do Autista em Franca","author":"noticiasribeiraopreto.com.br","date":"5 de April de 2025","format":false,"excerpt":"A C\u00e2mara de Franca promove na quinta-feira (24\/4), a partir das 19h, no Plen\u00e1rio da Casa de Leis francana, Audi\u00eancia P\u00fablica para debate sobre a implanta\u00e7\u00e3o da Cl\u00ednica Escola do Autista em Franca. O encontro \u00e9 uma iniciativa do vereador Walker Bombeiros da Libras (PL), que preside a Comiss\u00e3o da\u2026","rel":"","context":"In &quot;Not\u00edcias de Franca-SP&quot;","block_context":{"text":"Not\u00edcias de Franca-SP","link":"https:\/\/noticiasribeiraopreto.com.br\/index.php\/category\/noticias-de-ribeirao-preto-sp-e-regiao-ismael-colosi\/noticias-franca-sp\/"},"img":{"alt_text":"","src":"https:\/\/i0.wp.com\/noticiasribeiraopreto.com.br\/wp-content\/uploads\/2025\/04\/Clinica-Escola-do-Autista-em-Itaborai-1.jpg?fit=1024%2C704&ssl=1&resize=350%2C200","width":350,"height":200,"srcset":"https:\/\/i0.wp.com\/noticiasribeiraopreto.com.br\/wp-content\/uploads\/2025\/04\/Clinica-Escola-do-Autista-em-Itaborai-1.jpg?fit=1024%2C704&ssl=1&resize=350%2C200 1x, https:\/\/i0.wp.com\/noticiasribeiraopreto.com.br\/wp-content\/uploads\/2025\/04\/Clinica-Escola-do-Autista-em-Itaborai-1.jpg?fit=1024%2C704&ssl=1&resize=525%2C300 1.5x, https:\/\/i0.wp.com\/noticiasribeiraopreto.com.br\/wp-content\/uploads\/2025\/04\/Clinica-Escola-do-Autista-em-Itaborai-1.jpg?fit=1024%2C704&ssl=1&resize=700%2C400 2x"},"classes":[]},{"id":43774,"url":"https:\/\/noticiasribeiraopreto.com.br\/index.php\/2024\/03\/23\/rp-abre-concurso-para-coordenador-pedagogico\/","url_meta":{"origin":72418,"position":1},"title":"RP abre concurso para coordenador pedag\u00f3gico\u00a0","author":"noticiasribeiraopreto.com.br","date":"23 de March de 2024","format":false,"excerpt":"23 de mar\u00e7o de 2024 | 10:0022 de mar\u00e7o de 2024 | 20:01 0 A prefeitura de Ribeir\u00e3o Preto publicou nesta sexta-feira, 22 de mar\u00e7o, no Di\u00e1rio Oficial do Munic\u00edpio (DOM), edital de abertura do concurso n\u00ba 02\/2024, com duas vagas para o cargo de coordenador pedag\u00f3gico para a Secretaria\u2026","rel":"","context":"In &quot;Not\u00edcias de Ribeir\u00e3o Preto-SP e Regi\u00e3o&quot;","block_context":{"text":"Not\u00edcias de Ribeir\u00e3o Preto-SP e Regi\u00e3o","link":"https:\/\/noticiasribeiraopreto.com.br\/index.php\/category\/noticias-de-ribeirao-preto-sp-e-regiao-ismael-colosi\/"},"img":{"alt_text":"","src":"https:\/\/i0.wp.com\/noticiasribeiraopreto.com.br\/wp-content\/uploads\/2024\/03\/inauguracao_emef_eneida_pereira_-_foto_guilherme_sircili-1-scaled.jpg?fit=967%2C645&ssl=1&resize=350%2C200","width":350,"height":200,"srcset":"https:\/\/i0.wp.com\/noticiasribeiraopreto.com.br\/wp-content\/uploads\/2024\/03\/inauguracao_emef_eneida_pereira_-_foto_guilherme_sircili-1-scaled.jpg?fit=967%2C645&ssl=1&resize=350%2C200 1x, https:\/\/i0.wp.com\/noticiasribeiraopreto.com.br\/wp-content\/uploads\/2024\/03\/inauguracao_emef_eneida_pereira_-_foto_guilherme_sircili-1-scaled.jpg?fit=967%2C645&ssl=1&resize=525%2C300 1.5x, https:\/\/i0.wp.com\/noticiasribeiraopreto.com.br\/wp-content\/uploads\/2024\/03\/inauguracao_emef_eneida_pereira_-_foto_guilherme_sircili-1-scaled.jpg?fit=967%2C645&ssl=1&resize=700%2C400 2x"},"classes":[]},{"id":70145,"url":"https:\/\/noticiasribeiraopreto.com.br\/index.php\/2025\/05\/23\/jornal-da-franca-franca-abrira-200-novas-vagas-para-contratacao-em-creches-municipais\/","url_meta":{"origin":72418,"position":2},"title":"Jornal da Franca &#8211; Franca abrir\u00e1 200 novas vagas para contrata\u00e7\u00e3o em creches municipais","author":"noticiasribeiraopreto.com.br","date":"23 de May de 2025","format":false,"excerpt":"compartilhar no whatsapp compartilhar no telegram compartilhar no facebook compartilhar no linkedin Prefeitura anuncia chamamento p\u00fablico para profissionais da educa\u00e7\u00e3o ainda em 2025 Secretaria de Educa\u00e7\u00e3o deve abrir chamamento p\u00fablico ainda em 2025 \u00a0 A Prefeitura de Franca, por meio da Secretaria de Educa\u00e7\u00e3o, vai abrir um novo chamamento p\u00fablico\u2026","rel":"","context":"In &quot;Not\u00edcias de Franca-SP&quot;","block_context":{"text":"Not\u00edcias de Franca-SP","link":"https:\/\/noticiasribeiraopreto.com.br\/index.php\/category\/noticias-de-ribeirao-preto-sp-e-regiao-ismael-colosi\/noticias-franca-sp\/"},"img":{"alt_text":"","src":"https:\/\/i0.wp.com\/noticiasribeiraopreto.com.br\/wp-content\/uploads\/2025\/05\/secretaria-de-educacao-de-franca-entrada-scaled.jpg?fit=1200%2C795&ssl=1&resize=350%2C200","width":350,"height":200,"srcset":"https:\/\/i0.wp.com\/noticiasribeiraopreto.com.br\/wp-content\/uploads\/2025\/05\/secretaria-de-educacao-de-franca-entrada-scaled.jpg?fit=1200%2C795&ssl=1&resize=350%2C200 1x, https:\/\/i0.wp.com\/noticiasribeiraopreto.com.br\/wp-content\/uploads\/2025\/05\/secretaria-de-educacao-de-franca-entrada-scaled.jpg?fit=1200%2C795&ssl=1&resize=525%2C300 1.5x, https:\/\/i0.wp.com\/noticiasribeiraopreto.com.br\/wp-content\/uploads\/2025\/05\/secretaria-de-educacao-de-franca-entrada-scaled.jpg?fit=1200%2C795&ssl=1&resize=700%2C400 2x, https:\/\/i0.wp.com\/noticiasribeiraopreto.com.br\/wp-content\/uploads\/2025\/05\/secretaria-de-educacao-de-franca-entrada-scaled.jpg?fit=1200%2C795&ssl=1&resize=1050%2C600 3x"},"classes":[]},{"id":66503,"url":"https:\/\/noticiasribeiraopreto.com.br\/index.php\/2025\/04\/02\/jornal-da-franca-apae-de-franca-promove-caminhada-pela-conscientizacao-do-autismo-nesta-quarta-02\/","url_meta":{"origin":72418,"position":3},"title":"Jornal da Franca &#8211; APAE de Franca promove caminhada pela conscientiza\u00e7\u00e3o do autismo, nesta quarta, 02","author":"noticiasribeiraopreto.com.br","date":"2 de April de 2025","format":false,"excerpt":"compartilhar no whatsapp compartilhar no telegram compartilhar no facebook compartilhar no linkedin Evento acontecer\u00e1 nesta quarta-feira, dia 2, \u00e0s 8h30 e \u00e0s 14h, no Parque Fernando Costa, para destacar a inclus\u00e3o e o respeito ao TEA A APAE (Associa\u00e7\u00e3o de Pais e Amigos dos Excepcionais) de Franca convida a comunidade\u2026","rel":"","context":"In &quot;Not\u00edcias de Franca-SP&quot;","block_context":{"text":"Not\u00edcias de Franca-SP","link":"https:\/\/noticiasribeiraopreto.com.br\/index.php\/category\/noticias-de-ribeirao-preto-sp-e-regiao-ismael-colosi\/noticias-franca-sp\/"},"img":{"alt_text":"","src":"https:\/\/i0.wp.com\/noticiasribeiraopreto.com.br\/wp-content\/uploads\/2025\/04\/02483b99-943f-4839-8a08-bb97bd15fb9a.jpg?fit=888%2C527&ssl=1&resize=350%2C200","width":350,"height":200,"srcset":"https:\/\/i0.wp.com\/noticiasribeiraopreto.com.br\/wp-content\/uploads\/2025\/04\/02483b99-943f-4839-8a08-bb97bd15fb9a.jpg?fit=888%2C527&ssl=1&resize=350%2C200 1x, https:\/\/i0.wp.com\/noticiasribeiraopreto.com.br\/wp-content\/uploads\/2025\/04\/02483b99-943f-4839-8a08-bb97bd15fb9a.jpg?fit=888%2C527&ssl=1&resize=525%2C300 1.5x, https:\/\/i0.wp.com\/noticiasribeiraopreto.com.br\/wp-content\/uploads\/2025\/04\/02483b99-943f-4839-8a08-bb97bd15fb9a.jpg?fit=888%2C527&ssl=1&resize=700%2C400 2x"},"classes":[]},{"id":65411,"url":"https:\/\/noticiasribeiraopreto.com.br\/index.php\/2025\/03\/19\/regiao-de-franca-tem-emissao-de-mais-de-90-registros-de-carteira-de-identificacao-do-espectro-autista\/","url_meta":{"origin":72418,"position":4},"title":"Regi\u00e3o de Franca tem emiss\u00e3o de mais de 90 registros de carteira de identifica\u00e7\u00e3o do espectro autista","author":"noticiasribeiraopreto.com.br","date":"19 de March de 2025","format":false,"excerpt":"Entre janeiro e fevereiro deste ano, a regi\u00e3o de Franca emitiu 96 registros da Carteira de Identifica\u00e7\u00e3o da pessoa com Transtorno do Espectro Autista (CipTEA). No mesmo per\u00edodo, mais de 7,1 mil carteiras foram solicitadas em todo o estado. Criada pelo Governo de S\u00e3o Paulo, por meio da Secretaria de\u2026","rel":"","context":"In &quot;Not\u00edcias de Franca-SP&quot;","block_context":{"text":"Not\u00edcias de Franca-SP","link":"https:\/\/noticiasribeiraopreto.com.br\/index.php\/category\/noticias-de-ribeirao-preto-sp-e-regiao-ismael-colosi\/noticias-franca-sp\/"},"img":{"alt_text":"","src":"https:\/\/i0.wp.com\/noticiasribeiraopreto.com.br\/wp-content\/uploads\/2025\/03\/CIPTEA.jpg?fit=924%2C643&ssl=1&resize=350%2C200","width":350,"height":200,"srcset":"https:\/\/i0.wp.com\/noticiasribeiraopreto.com.br\/wp-content\/uploads\/2025\/03\/CIPTEA.jpg?fit=924%2C643&ssl=1&resize=350%2C200 1x, https:\/\/i0.wp.com\/noticiasribeiraopreto.com.br\/wp-content\/uploads\/2025\/03\/CIPTEA.jpg?fit=924%2C643&ssl=1&resize=525%2C300 1.5x, https:\/\/i0.wp.com\/noticiasribeiraopreto.com.br\/wp-content\/uploads\/2025\/03\/CIPTEA.jpg?fit=924%2C643&ssl=1&resize=700%2C400 2x"},"classes":[]},{"id":70413,"url":"https:\/\/noticiasribeiraopreto.com.br\/index.php\/2025\/05\/26\/jornal-da-franca-educacao-de-franca-vai-contratar-mais-200-profissionais-e-professores-para-creches\/","url_meta":{"origin":72418,"position":5},"title":"Jornal da Franca &#8211; Educa\u00e7\u00e3o de Franca vai contratar mais 200 profissionais e professores para creches","author":"noticiasribeiraopreto.com.br","date":"26 de May de 2025","format":false,"excerpt":"compartilhar no whatsapp compartilhar no telegram compartilhar no facebook compartilhar no linkedin De acordo com a Prefeitura de Franca, a cidade hoje disp\u00f5e de quase 1.200 vagas para crian\u00e7as nas creches municipais Para garantir um ensino de qualidade ainda maior nas mais de 80 creches municipais, a Secretaria de Educa\u00e7\u00e3o\u2026","rel":"","context":"In &quot;Not\u00edcias de Franca-SP&quot;","block_context":{"text":"Not\u00edcias de Franca-SP","link":"https:\/\/noticiasribeiraopreto.com.br\/index.php\/category\/noticias-de-ribeirao-preto-sp-e-regiao-ismael-colosi\/noticias-franca-sp\/"},"img":{"alt_text":"","src":"https:\/\/i0.wp.com\/noticiasribeiraopreto.com.br\/wp-content\/uploads\/2025\/05\/creche-Pacaembu-1.jpg?fit=1200%2C900&ssl=1&resize=350%2C200","width":350,"height":200,"srcset":"https:\/\/i0.wp.com\/noticiasribeiraopreto.com.br\/wp-content\/uploads\/2025\/05\/creche-Pacaembu-1.jpg?fit=1200%2C900&ssl=1&resize=350%2C200 1x, https:\/\/i0.wp.com\/noticiasribeiraopreto.com.br\/wp-content\/uploads\/2025\/05\/creche-Pacaembu-1.jpg?fit=1200%2C900&ssl=1&resize=525%2C300 1.5x, https:\/\/i0.wp.com\/noticiasribeiraopreto.com.br\/wp-content\/uploads\/2025\/05\/creche-Pacaembu-1.jpg?fit=1200%2C900&ssl=1&resize=700%2C400 2x, https:\/\/i0.wp.com\/noticiasribeiraopreto.com.br\/wp-content\/uploads\/2025\/05\/creche-Pacaembu-1.jpg?fit=1200%2C900&ssl=1&resize=1050%2C600 3x"},"classes":[]}],"jetpack_sharing_enabled":true,"jetpack_shortlink":"https:\/\/wp.me\/peQAOb-iQ2","_links":{"self":[{"href":"https:\/\/noticiasribeiraopreto.com.br\/index.php\/wp-json\/wp\/v2\/posts\/72418","targetHints":{"allow":["GET"]}}],"collection":[{"href":"https:\/\/noticiasribeiraopreto.com.br\/index.php\/wp-json\/wp\/v2\/posts"}],"about":[{"href":"https:\/\/noticiasribeiraopreto.com.br\/index.php\/wp-json\/wp\/v2\/types\/post"}],"author":[{"embeddable":true,"href":"https:\/\/noticiasribeiraopreto.com.br\/index.php\/wp-json\/wp\/v2\/users\/1"}],"replies":[{"embeddable":true,"href":"https:\/\/noticiasribeiraopreto.com.br\/index.php\/wp-json\/wp\/v2\/comments?post=72418"}],"version-history":[{"count":0,"href":"https:\/\/noticiasribeiraopreto.com.br\/index.php\/wp-json\/wp\/v2\/posts\/72418\/revisions"}],"wp:featuredmedia":[{"embeddable":true,"href":"https:\/\/noticiasribeiraopreto.com.br\/index.php\/wp-json\/wp\/v2\/media\/72419"}],"wp:attachment":[{"href":"https:\/\/noticiasribeiraopreto.com.br\/index.php\/wp-json\/wp\/v2\/media?parent=72418"}],"wp:term":[{"taxonomy":"category","embeddable":true,"href":"https:\/\/noticiasribeiraopreto.com.br\/index.php\/wp-json\/wp\/v2\/categories?post=72418"},{"taxonomy":"post_tag","embeddable":true,"href":"https:\/\/noticiasribeiraopreto.com.br\/index.php\/wp-json\/wp\/v2\/tags?post=72418"}],"curies":[{"name":"wp","href":"https:\/\/api.w.org\/{rel}","templated":true}]}}