{"id":72422,"date":"2025-06-17T08:30:29","date_gmt":"2025-06-17T11:30:29","guid":{"rendered":"https:\/\/noticiasribeiraopreto.com.br\/index.php\/2025\/06\/17\/camara-custa-r-7021-por-habitante\/"},"modified":"2025-06-17T08:30:29","modified_gmt":"2025-06-17T11:30:29","slug":"camara-custa-r-7021-por-habitante","status":"publish","type":"post","link":"https:\/\/noticiasribeiraopreto.com.br\/index.php\/2025\/06\/17\/camara-custa-r-7021-por-habitante\/","title":{"rendered":"C\u00e2mara custa R$ 70,21 por habitante"},"content":{"rendered":"<div class='code-block code-block-1' style='margin: 8px 0 8px auto; text-align: right; display: block; clear: both;'>\n<p><a href=\"https:\/\/wa.link\/vpicfd\"><img data-recalc-dims=\"1\" class=\"wp-image-4922\" style=\"aspect-ratio: 2.0253164556962027; width: 561px; height: auto;\" src=\"https:\/\/i0.wp.com\/ismaelcolosi.com.br\/wp-content\/uploads\/2023\/11\/grupo-de-empregos-whatsapp-e-facebook-ismael-colosi-vagas.jpg?ssl=1\" alt=\"\" \/><\/a><\/p>\n<!-- \/wp:image -->\n<\/div>\n<p> <br \/>\n<\/p>\n<div>\n<p><em>Valor \u00e9 referente ao ano passado; despesa total passa de R$ 51 milh\u00f5es, segundo o Tribunal de Contas do Estado<\/em><\/p>\n<p>O custo per capta da C\u00e2mara de Vereadores de Ribeir\u00e3o Preto, entre janeiro e dezembro do ano passado, foi de R$ 70,21, segundo levantamento divulgado nesta segunda-feira, 16 de junho, pelo Tribunal de Contas do Estado de S\u00e3o Paulo (TCESP). O valor \u00e9 0,62% superior aos R$ 69,78 de 2023, acr\u00e9scimo de R$ 0,43.<\/p>\n<p>O Legislativo de Ribeir\u00e3o Preto utilizou neste per\u00edodo R$ 51.140.973,79 para os gastos de custeio, sem as despesas de capital. No anterior, foi de R$ 48.752.067,24. S\u00e3o R$ 2.388.906,55 a mais em 2024, alta de 4,90%. O valor per capita foi dividido pela popula\u00e7\u00e3o de 728.400 moradores, segundo o Censo Demogr\u00e1fico de 2022, do Instituto Brasileiro de Geografia e Estat\u00edstica (IBGE).<\/p>\n<p>Em 2023, foram considerados 698.642 habitantes. No levantamento intermedi\u00e1rio feito pelo TCE, entre setembro de 2023 e agosto de 2024, o custo per capta era de R$ 73,34. Naquele per\u00edodo, foram gastos R$ 51.236.339,37, dividido pela popula\u00e7\u00e3o de 698.642 habitantes, segundo o Mapa das C\u00e2maras, levantamento produzido pelo TCE.<\/p>\n<p>Munic\u00edpios com popula\u00e7\u00e3o equivalente \u00e0 de Ribeir\u00e3o Preto \u2013 entre 700 mil e 750 mil habitantes \u2013 t\u00eam custo per capita maior, como S\u00e3o Jos\u00e9 dos Campos R$\u202f92,45) e Santo Andr\u00e9 (R$ 109,87).\u201cEsse resultado do TCE-SP comprova que temos uma das gest\u00f5es mais econ\u00f4micas entre os munic\u00edpios do nosso porte\u201d, diz o presidente da C\u00e2mara, Isaac Antunes (PL).<\/p>\n<p>\u201cCom gasto per capita 34% abaixo da m\u00e9dia estadual, conseguimos manter a estrutura de funcionamento do Legislativo e ainda gerar economia real para o munic\u00edpio. Isso significa mais recursos para sa\u00fade, educa\u00e7\u00e3o e infraestrutura\u201d, afirma o vereador.<\/p>\n<p>Com mais de 6,9 mil legisladores nos 644 munic\u00edpios do Estado de S\u00e3o Paulo (exceto a capital), as C\u00e2maras Municipais custaram, juntas, entre janeiro e dezembro de 2024, mais de R$ 4 bilh\u00f5es aos cofres p\u00fablicos.<\/p>\n<p>De acordo com levantamento do Tribunal de Contas do Estado de S\u00e3o Paulo (TCESP), para financiar os plen\u00e1rios \u2013 que abrigam entre 9 e 34 vereadores -, os recursos para custeio e manuten\u00e7\u00e3o das Casas Legislativas atingiram a cifra total de R$ 4.003.648.417,34.<\/p>\n<p>Levando em conta o gasto total e um universo de 6.908 assentos, o custo m\u00e9dio por vereador no Estado de S\u00e3o Paulo \u00e9 R$ 579.566,93. Para atender uma popula\u00e7\u00e3o estimada em 34.077.616 habitantes, segundo o Instituto Brasileiro de Geografia e Estat\u00edstica (IBGE), o custo m\u00e9dio per capita, para custeio e despesa dos vereadores, \u00e9 de R$ 117,49 por cidad\u00e3o.<\/p>\n<p><strong>Devolu\u00e7\u00e3o \u2013<\/strong>A C\u00e2mara de Vereadores j\u00e1 devolveu R$ 5 milh\u00f5es para a prefeitura de Ribeir\u00e3o Preto este ano \u2013 de janeiro a abril. Constitucionalmente, a C\u00e2mara tem direito a 4,5% sobre as receitas correntes anuais do munic\u00edpio para custear suas despesas e quando n\u00e3o utiliza todo recurso recebido ele \u00e9 obrigado a fazer a devolu\u00e7\u00e3o, geralmente no m\u00eas de dezembro, antes do exerc\u00edcio fiscal de cada ano.<\/p>\n<p>Entretanto, h\u00e1 v\u00e1rios anos, a presid\u00eancia tem optado por antecipar a devolu\u00e7\u00e3o ao longo do ano. Em Ribeir\u00e3o Preto, por decis\u00e3o dos vereadores, a taxa tamb\u00e9m foi reduzida e atualmente \u00e9 de 3,5%. No Or\u00e7amento Municipal deste ano (Lei Or\u00e7ament\u00e1ria Anual, a LOA), s\u00e3o R$ 93.989.388, contra R$ 120.843.507 a que teria direto pelo percentual constitucional, R$ 26.854.119 a menos, economia de 22,22%.<\/p>\n<p>Os vereadores t\u00eam devolvido dinheiro para a prefeitura todo ano. Em 2024, na gest\u00e3o tamb\u00e9m de Isaac Antunes (PL), o montante chegou a R$ 31.798.904,59. J\u00e1 em 2023, sob o comando de Franco Ferro (ent\u00e3o no PRTB, hoje no PP), o valor chegou a R$ 27.796.340,91, contra R$ 25.994.745,57 de 2022, na administra\u00e7\u00e3o do ent\u00e3o presidente Alessandro Maraca (MDB).<\/p>\n<p>Em 2021, o reembolso por parte do Legislativo tamb\u00e9m sob o comando de Alessandro Maraca foi de R$ 22.039.814,60 e em 2020, sob o comando de Lincoln Fernandes (na \u00e9poca o PDT, hoje no PL), foi de R$ 23,8 milh\u00f5es. Ou seja, na 18\u00aa legislatura (2021-2024) o total chegou a R$ 107.629.805,67.<\/p>\n<p>A C\u00e2mara fechou a legislatura anterior (2017-2020) com reembolso total de R$ 74,9 milh\u00f5es para a prefeitura de Ribeir\u00e3o Preto. Em 2017 foram devolvidos R$ 13,14 milh\u00f5es, e em 2018, mais R$ 20,28 milh\u00f5es. Em 2019, a devolu\u00e7\u00e3o chegou a R$ 17,7 milh\u00f5es.<\/p>\n<p>Vale lembrar que caso n\u00e3o queira receber os 4.5% a que tem direito, a Mesa Diretora do Legislativo tem que solicitar anualmente a redu\u00e7\u00e3o \u2013 e propor o \u00edndice que deseja -, para a Prefeitura no m\u00eas de dezembro, quando o or\u00e7amento proposto pelo Executivo \u00e9 aprovado pelos vereadores e devolvido para a prefeitura para valor para o ano seguinte.<\/p>\n<p><strong>Os n\u00fameros da C\u00e2mara<\/strong><br \/><strong>\u2013 Em 2024<\/strong><strong><br \/>Popula\u00e7\u00e3o: <\/strong>728.400<strong><br \/>Vereadores:<\/strong> 22<br \/><strong>Despesa:<br \/><\/strong>R$ 51.140.973,79<br \/><strong>Per capita:<\/strong> R$ 70,21<br \/><strong>\u2013 Em 2023<\/strong><strong><br \/>Popula\u00e7\u00e3o: <\/strong>698.642<strong><br \/>Vereadores:<\/strong> 22<br \/><strong>Despesa:<br \/><\/strong>R$ 48.752.067,24<br \/><strong>Per capita:<\/strong> R$ 69,78<br \/><strong>Compara\u00e7\u00e3o com<br \/>outras cidades<br \/>(per capita em 2024<\/strong><strong>)<\/strong><br \/><strong>S\u00e3o Jos\u00e9 dos Campos:<\/strong><br \/>R$\u202f92,45<br \/><strong>Santo Andr\u00e9:<\/strong><br \/>R$\u202f109,87<br \/><strong>Sorocaba:<\/strong><br \/>R$\u202f114,32<br \/><strong>Osasco:<\/strong><br \/>R$\u202f121,68<br \/><strong>Fonte:<\/strong> TCESP<\/p>\n<p>\u00a0<\/p>\n<\/div>\n<p><br \/>\n<br \/><a href=\"https:\/\/www.tribunaribeirao.com.br\/camara-custa-r-7021-por-habitante\/\">Source link <\/a><\/p>\n<!-- CONTENT END 1 -->\n","protected":false},"excerpt":{"rendered":"<p>Valor \u00e9 referente ao ano passado; despesa total passa de R$ 51 milh\u00f5es, segundo o Tribunal de Contas do Estado O custo per capta da&#8230;<\/p>\n","protected":false},"author":1,"featured_media":72423,"comment_status":"open","ping_status":"open","sticky":false,"template":"","format":"standard","meta":{"advanced_seo_description":"","jetpack_seo_html_title":"","jetpack_seo_noindex":false,"jetpack_post_was_ever_published":false,"_jetpack_newsletter_access":"","_jetpack_dont_email_post_to_subs":false,"_jetpack_newsletter_tier_id":0,"_jetpack_memberships_contains_paywalled_content":false,"_jetpack_memberships_contains_paid_content":false,"footnotes":"","jetpack_publicize_message":"","jetpack_publicize_feature_enabled":true,"jetpack_social_post_already_shared":true,"jetpack_social_options":{"image_generator_settings":{"template":"highway","default_image_id":0,"font":"","enabled":false},"version":2}},"categories":[11],"tags":[],"class_list":["post-72422","post","type-post","status-publish","format-standard","has-post-thumbnail","hentry","category-noticias-de-ribeirao-preto-sp-e-regiao-ismael-colosi"],"jetpack_publicize_connections":[],"jetpack_featured_media_url":"https:\/\/i0.wp.com\/noticiasribeiraopreto.com.br\/wp-content\/uploads\/2025\/06\/CamaraTCE-Alfredo-Risk-scaled.jpg?fit=750%2C500&ssl=1","jetpack-related-posts":[{"id":80078,"url":"https:\/\/noticiasribeiraopreto.com.br\/index.php\/2025\/11\/14\/isaac-antunes-deve-ser-reeleito-pela-terceira-vez\/","url_meta":{"origin":72422,"position":0},"title":"Isaac Antunes deve ser reeleito pela terceira vez","author":"noticiasribeiraopreto.com.br","date":"14 de November de 2025","format":false,"excerpt":"Elei\u00e7\u00e3o da nova Mesa Diretora da C\u00e2mara de Ribeir\u00e3o Preto ser\u00e1 em dia 26 de novembro; Isaac Antunes (PL) dever\u00e1 permanecer no cargo\u2028\u2028As articula\u00e7\u00f5es para definir a composi\u00e7\u00e3o da nova Mesa Diretora da C\u00e2mara de Ribeir\u00e3o Preto em| 2026 j\u00e1 come\u00e7aram. A elei\u00e7\u00e3o do futuro presidente, primeiro e segundo vice-presidentes\u2026","rel":"","context":"In &quot;Not\u00edcias de Ribeir\u00e3o Preto-SP e Regi\u00e3o&quot;","block_context":{"text":"Not\u00edcias de Ribeir\u00e3o Preto-SP e Regi\u00e3o","link":"https:\/\/noticiasribeiraopreto.com.br\/index.php\/category\/noticias-de-ribeirao-preto-sp-e-regiao-ismael-colosi\/"},"img":{"alt_text":"","src":"https:\/\/i0.wp.com\/noticiasribeiraopreto.com.br\/wp-content\/uploads\/2025\/11\/CamaraRP-Isa-Alfredo-Risk-scaled.jpg?fit=1170%2C780&ssl=1&resize=350%2C200","width":350,"height":200,"srcset":"https:\/\/i0.wp.com\/noticiasribeiraopreto.com.br\/wp-content\/uploads\/2025\/11\/CamaraRP-Isa-Alfredo-Risk-scaled.jpg?fit=1170%2C780&ssl=1&resize=350%2C200 1x, https:\/\/i0.wp.com\/noticiasribeiraopreto.com.br\/wp-content\/uploads\/2025\/11\/CamaraRP-Isa-Alfredo-Risk-scaled.jpg?fit=1170%2C780&ssl=1&resize=525%2C300 1.5x, https:\/\/i0.wp.com\/noticiasribeiraopreto.com.br\/wp-content\/uploads\/2025\/11\/CamaraRP-Isa-Alfredo-Risk-scaled.jpg?fit=1170%2C780&ssl=1&resize=700%2C400 2x, https:\/\/i0.wp.com\/noticiasribeiraopreto.com.br\/wp-content\/uploads\/2025\/11\/CamaraRP-Isa-Alfredo-Risk-scaled.jpg?fit=1170%2C780&ssl=1&resize=1050%2C600 3x"},"classes":[]},{"id":71405,"url":"https:\/\/noticiasribeiraopreto.com.br\/index.php\/2025\/06\/05\/instituto-deve-devolver-r-3-milhoes-aos-cofres-publicos-de-ribeirao-preto-entenda\/","url_meta":{"origin":72422,"position":1},"title":"Instituto deve devolver R$ 3 milh\u00f5es aos cofres p\u00fablicos de Ribeir\u00e3o Preto; Entenda","author":"noticiasribeiraopreto.com.br","date":"5 de June de 2025","format":false,"excerpt":"O TCE-SP (Tribunal de Contas do Estado de S\u00e3o Paulo) determinou que o Instituto Corpore para o Desenvolvimento da Qualidade de Vida devolva R$ 3.192.992,57 aos cofres p\u00fablicos de Ribeir\u00e3o Preto. A ex-prefeita D\u00e1rcy Vera tamb\u00e9m foi multada em R$ 7.404, respons\u00e1vel pela libera\u00e7\u00e3o dos recursos. A a\u00e7\u00e3o \u00e9 relativa\u2026","rel":"","context":"In &quot;Not\u00edcias de Ribeir\u00e3o Preto-SP e Regi\u00e3o&quot;","block_context":{"text":"Not\u00edcias de Ribeir\u00e3o Preto-SP e Regi\u00e3o","link":"https:\/\/noticiasribeiraopreto.com.br\/index.php\/category\/noticias-de-ribeirao-preto-sp-e-regiao-ismael-colosi\/"},"img":{"alt_text":"","src":"https:\/\/i0.wp.com\/noticiasribeiraopreto.com.br\/wp-content\/uploads\/2025\/01\/upa-central_2025-01-10_21-22-23_jpg_2025-01-10_21-22-23-scaled.webp.webp?fit=1200%2C675&ssl=1&resize=350%2C200","width":350,"height":200,"srcset":"https:\/\/i0.wp.com\/noticiasribeiraopreto.com.br\/wp-content\/uploads\/2025\/01\/upa-central_2025-01-10_21-22-23_jpg_2025-01-10_21-22-23-scaled.webp.webp?fit=1200%2C675&ssl=1&resize=350%2C200 1x, https:\/\/i0.wp.com\/noticiasribeiraopreto.com.br\/wp-content\/uploads\/2025\/01\/upa-central_2025-01-10_21-22-23_jpg_2025-01-10_21-22-23-scaled.webp.webp?fit=1200%2C675&ssl=1&resize=525%2C300 1.5x, https:\/\/i0.wp.com\/noticiasribeiraopreto.com.br\/wp-content\/uploads\/2025\/01\/upa-central_2025-01-10_21-22-23_jpg_2025-01-10_21-22-23-scaled.webp.webp?fit=1200%2C675&ssl=1&resize=700%2C400 2x, https:\/\/i0.wp.com\/noticiasribeiraopreto.com.br\/wp-content\/uploads\/2025\/01\/upa-central_2025-01-10_21-22-23_jpg_2025-01-10_21-22-23-scaled.webp.webp?fit=1200%2C675&ssl=1&resize=1050%2C600 3x"},"classes":[]},{"id":72924,"url":"https:\/\/noticiasribeiraopreto.com.br\/index.php\/2025\/06\/23\/consumo-deve-crescer-4-em-rp\/","url_meta":{"origin":72422,"position":2},"title":"Consumo deve crescer 4% em RP","author":"noticiasribeiraopreto.com.br","date":"23 de June de 2025","format":false,"excerpt":"Potencial de consumo da cidade at\u00e9 31 de dezembro \u00e9 de R$ 39.331.235.782, crescimento de 4,00% em rela\u00e7\u00e3o aos R$ 37.818.718.369 do ano passado Ribeir\u00e3o Preto ser\u00e1 respons\u00e1vel por aproximadamente 0,48% dos gastos dos brasileiros neste ano, segundo a pesquisa IPC Maps 2024, da IPC Marketing Editora, divulgada nesta semana.\u2026","rel":"","context":"In &quot;Not\u00edcias de Ribeir\u00e3o Preto-SP e Regi\u00e3o&quot;","block_context":{"text":"Not\u00edcias de Ribeir\u00e3o Preto-SP e Regi\u00e3o","link":"https:\/\/noticiasribeiraopreto.com.br\/index.php\/category\/noticias-de-ribeirao-preto-sp-e-regiao-ismael-colosi\/"},"img":{"alt_text":"","src":"https:\/\/i0.wp.com\/noticiasribeiraopreto.com.br\/wp-content\/uploads\/2025\/06\/Consumo-Alfredo-Risk-scaled.jpg?fit=800%2C450&ssl=1&resize=350%2C200","width":350,"height":200,"srcset":"https:\/\/i0.wp.com\/noticiasribeiraopreto.com.br\/wp-content\/uploads\/2025\/06\/Consumo-Alfredo-Risk-scaled.jpg?fit=800%2C450&ssl=1&resize=350%2C200 1x, https:\/\/i0.wp.com\/noticiasribeiraopreto.com.br\/wp-content\/uploads\/2025\/06\/Consumo-Alfredo-Risk-scaled.jpg?fit=800%2C450&ssl=1&resize=525%2C300 1.5x, https:\/\/i0.wp.com\/noticiasribeiraopreto.com.br\/wp-content\/uploads\/2025\/06\/Consumo-Alfredo-Risk-scaled.jpg?fit=800%2C450&ssl=1&resize=700%2C400 2x"},"classes":[]},{"id":39764,"url":"https:\/\/noticiasribeiraopreto.com.br\/index.php\/2024\/02\/28\/tribunal-de-justica-mantem-vale-transporte-em-r-5-em-rp\/","url_meta":{"origin":72422,"position":3},"title":"Tribunal de Justi\u00e7a mant\u00e9m vale-transporte em R$ 5\u00a0em RP","author":"noticiasribeiraopreto.com.br","date":"28 de February de 2024","format":false,"excerpt":"28 de fevereiro de 2024 | 9:0027 de fevereiro de 2024 | 19:40 0O Tribunal de Justi\u00e7a de S\u00e3o Paulo (TJSP) manteve a liminar da ju\u00edza Lucilene Aparecida Canella de Melo, da 2\u00aa Vara da Fazenda P\u00fablica de Ribeir\u00e3o Preto, que suspendeu o reajuste de 20% no valor do vale-transporte\u2026","rel":"","context":"In &quot;Not\u00edcias de Ribeir\u00e3o Preto-SP e Regi\u00e3o&quot;","block_context":{"text":"Not\u00edcias de Ribeir\u00e3o Preto-SP e Regi\u00e3o","link":"https:\/\/noticiasribeiraopreto.com.br\/index.php\/category\/noticias-de-ribeirao-preto-sp-e-regiao-ismael-colosi\/"},"img":{"alt_text":"","src":"https:\/\/i0.wp.com\/noticiasribeiraopreto.com.br\/wp-content\/uploads\/2024\/02\/OnibusRP-Alfredo-Risk-2-scaled.jpg?fit=1000%2C538&ssl=1&resize=350%2C200","width":350,"height":200,"srcset":"https:\/\/i0.wp.com\/noticiasribeiraopreto.com.br\/wp-content\/uploads\/2024\/02\/OnibusRP-Alfredo-Risk-2-scaled.jpg?fit=1000%2C538&ssl=1&resize=350%2C200 1x, https:\/\/i0.wp.com\/noticiasribeiraopreto.com.br\/wp-content\/uploads\/2024\/02\/OnibusRP-Alfredo-Risk-2-scaled.jpg?fit=1000%2C538&ssl=1&resize=525%2C300 1.5x, https:\/\/i0.wp.com\/noticiasribeiraopreto.com.br\/wp-content\/uploads\/2024\/02\/OnibusRP-Alfredo-Risk-2-scaled.jpg?fit=1000%2C538&ssl=1&resize=700%2C400 2x"},"classes":[]},{"id":69885,"url":"https:\/\/noticiasribeiraopreto.com.br\/index.php\/2025\/05\/10\/ldo-projeta-receita-de-r-55-bi\/","url_meta":{"origin":72422,"position":4},"title":"LDO projeta receita de R$ 5,5 bi \u00a0","author":"noticiasribeiraopreto.com.br","date":"10 de May de 2025","format":false,"excerpt":"A Lei de Diretrizes Or\u00e7ament\u00e1rias (LDO) de 2026 tem previs\u00e3o de receita recorde, segundo dados da Secretaria Municipal da Fazenda. A prefeitura de Ribeir\u00e3o Preto projeta um total de R$ 5.563.935.161 no ano que vem, segundo o projeto (n\u00famero 99\/2025) enviado para a C\u00e2mara de Vereadores. \u00c9 a primeira vez\u2026","rel":"","context":"In &quot;Not\u00edcias de Ribeir\u00e3o Preto-SP e Regi\u00e3o&quot;","block_context":{"text":"Not\u00edcias de Ribeir\u00e3o Preto-SP e Regi\u00e3o","link":"https:\/\/noticiasribeiraopreto.com.br\/index.php\/category\/noticias-de-ribeirao-preto-sp-e-regiao-ismael-colosi\/"},"img":{"alt_text":"","src":"https:\/\/i0.wp.com\/noticiasribeiraopreto.com.br\/wp-content\/uploads\/2025\/05\/PlanoLDO-Max-Gallao-Mesquita-Arquivo.jpg?fit=1200%2C790&ssl=1&resize=350%2C200","width":350,"height":200,"srcset":"https:\/\/i0.wp.com\/noticiasribeiraopreto.com.br\/wp-content\/uploads\/2025\/05\/PlanoLDO-Max-Gallao-Mesquita-Arquivo.jpg?fit=1200%2C790&ssl=1&resize=350%2C200 1x, https:\/\/i0.wp.com\/noticiasribeiraopreto.com.br\/wp-content\/uploads\/2025\/05\/PlanoLDO-Max-Gallao-Mesquita-Arquivo.jpg?fit=1200%2C790&ssl=1&resize=525%2C300 1.5x, https:\/\/i0.wp.com\/noticiasribeiraopreto.com.br\/wp-content\/uploads\/2025\/05\/PlanoLDO-Max-Gallao-Mesquita-Arquivo.jpg?fit=1200%2C790&ssl=1&resize=700%2C400 2x, https:\/\/i0.wp.com\/noticiasribeiraopreto.com.br\/wp-content\/uploads\/2025\/05\/PlanoLDO-Max-Gallao-Mesquita-Arquivo.jpg?fit=1200%2C790&ssl=1&resize=1050%2C600 3x"},"classes":[]},{"id":72420,"url":"https:\/\/noticiasribeiraopreto.com.br\/index.php\/2025\/06\/17\/jornal-da-franca-tribunal-de-contas-mostra-quanto-custa-para-o-contribuinte-cada-vereador-de-franca\/","url_meta":{"origin":72422,"position":5},"title":"Jornal da Franca &#8211; Tribunal de Contas mostra quanto custa para o contribuinte cada vereador de Franca","author":"noticiasribeiraopreto.com.br","date":"17 de June de 2025","format":false,"excerpt":"compartilhar no whatsapp compartilhar no telegram compartilhar no facebook compartilhar no linkedin Em 2024, a C\u00e2mara Municipal de Franca gastou 15.707.990,43 com pessoal e custeio, al\u00e9m de ter dispendido R$ 1.666.176,09 com investimentos. Com mais de 6,9 mil legisladores nos 644 munic\u00edpios do Estado de S\u00e3o Paulo (exceto a Capital),\u2026","rel":"","context":"In &quot;Not\u00edcias de Franca-SP&quot;","block_context":{"text":"Not\u00edcias de Franca-SP","link":"https:\/\/noticiasribeiraopreto.com.br\/index.php\/category\/noticias-de-ribeirao-preto-sp-e-regiao-ismael-colosi\/noticias-franca-sp\/"},"img":{"alt_text":"","src":"https:\/\/i0.wp.com\/noticiasribeiraopreto.com.br\/wp-content\/uploads\/2025\/06\/logogabinetes-2_0.jpeg?fit=930%2C558&ssl=1&resize=350%2C200","width":350,"height":200,"srcset":"https:\/\/i0.wp.com\/noticiasribeiraopreto.com.br\/wp-content\/uploads\/2025\/06\/logogabinetes-2_0.jpeg?fit=930%2C558&ssl=1&resize=350%2C200 1x, https:\/\/i0.wp.com\/noticiasribeiraopreto.com.br\/wp-content\/uploads\/2025\/06\/logogabinetes-2_0.jpeg?fit=930%2C558&ssl=1&resize=525%2C300 1.5x, https:\/\/i0.wp.com\/noticiasribeiraopreto.com.br\/wp-content\/uploads\/2025\/06\/logogabinetes-2_0.jpeg?fit=930%2C558&ssl=1&resize=700%2C400 2x"},"classes":[]}],"jetpack_sharing_enabled":true,"jetpack_shortlink":"https:\/\/wp.me\/peQAOb-iQ6","_links":{"self":[{"href":"https:\/\/noticiasribeiraopreto.com.br\/index.php\/wp-json\/wp\/v2\/posts\/72422","targetHints":{"allow":["GET"]}}],"collection":[{"href":"https:\/\/noticiasribeiraopreto.com.br\/index.php\/wp-json\/wp\/v2\/posts"}],"about":[{"href":"https:\/\/noticiasribeiraopreto.com.br\/index.php\/wp-json\/wp\/v2\/types\/post"}],"author":[{"embeddable":true,"href":"https:\/\/noticiasribeiraopreto.com.br\/index.php\/wp-json\/wp\/v2\/users\/1"}],"replies":[{"embeddable":true,"href":"https:\/\/noticiasribeiraopreto.com.br\/index.php\/wp-json\/wp\/v2\/comments?post=72422"}],"version-history":[{"count":0,"href":"https:\/\/noticiasribeiraopreto.com.br\/index.php\/wp-json\/wp\/v2\/posts\/72422\/revisions"}],"wp:featuredmedia":[{"embeddable":true,"href":"https:\/\/noticiasribeiraopreto.com.br\/index.php\/wp-json\/wp\/v2\/media\/72423"}],"wp:attachment":[{"href":"https:\/\/noticiasribeiraopreto.com.br\/index.php\/wp-json\/wp\/v2\/media?parent=72422"}],"wp:term":[{"taxonomy":"category","embeddable":true,"href":"https:\/\/noticiasribeiraopreto.com.br\/index.php\/wp-json\/wp\/v2\/categories?post=72422"},{"taxonomy":"post_tag","embeddable":true,"href":"https:\/\/noticiasribeiraopreto.com.br\/index.php\/wp-json\/wp\/v2\/tags?post=72422"}],"curies":[{"name":"wp","href":"https:\/\/api.w.org\/{rel}","templated":true}]}}