{"id":72426,"date":"2025-06-17T08:50:57","date_gmt":"2025-06-17T11:50:57","guid":{"rendered":"https:\/\/noticiasribeiraopreto.com.br\/index.php\/2025\/06\/17\/cameras-monitoram-10-unidades-da-saerp\/"},"modified":"2025-06-17T08:50:57","modified_gmt":"2025-06-17T11:50:57","slug":"cameras-monitoram-10-unidades-da-saerp","status":"publish","type":"post","link":"https:\/\/noticiasribeiraopreto.com.br\/index.php\/2025\/06\/17\/cameras-monitoram-10-unidades-da-saerp\/","title":{"rendered":"C\u00e2meras monitoram 10 unidades da Saerp"},"content":{"rendered":"<div class='code-block code-block-1' style='margin: 8px 0 8px auto; text-align: right; display: block; clear: both;'>\n<p><a href=\"https:\/\/wa.link\/vpicfd\"><img data-recalc-dims=\"1\" class=\"wp-image-4922\" style=\"aspect-ratio: 2.0253164556962027; width: 561px; height: auto;\" src=\"https:\/\/i0.wp.com\/ismaelcolosi.com.br\/wp-content\/uploads\/2023\/11\/grupo-de-empregos-whatsapp-e-facebook-ismael-colosi-vagas.jpg?ssl=1\" alt=\"\" \/><\/a><\/p>\n<!-- \/wp:image -->\n<\/div>\n<p> <br \/>\n<\/p>\n<div id=\"\">\n<p>\n\t\t\t\t\t\t\t\t\t<span class=\"entry-meta-item penci-posted-on\"><i class=\"fa fa-clock-o\"\/><time class=\"entry-date published\" datetime=\"2025-06-17T08:48:37-03:00\">17 de junho de 2025 08:48<\/time><time class=\"updated\" datetime=\"2025-06-17T08:47:28-03:00\">17 de junho de 2025 08:47<\/time><\/span><span class=\"entry-meta-item penci-post-countview\"><span class=\"entry-meta-item penci-post-countview penci_post-meta_item\"><i class=\"fa fa-eye\"\/><span class=\"penci-post-countview-number penci-post-countview-p428927\">1<\/span><\/span><\/span>\t\t\t\t\t\t\t\t<\/p>\n<p><!-- .entry-meta --><br \/>\n\t\t\t\t\t\t\t\t<span class=\"penci-social-buttons penci-social-share-footer\"><span class=\"penci-social-share-text\">Compartilhar<\/span><a href=\"#\" class=\"penci-post-like penci_post-meta_item  single-like-button penci-social-item like\" data-post_id=\"428927\" title=\"Like\" data-like=\"Like\" data-unlike=\"Unlike\"><i class=\"fa fa-thumbs-o-up\"\/><span class=\"penci-share-number\">0<\/span><\/a><i class=\"fa fa-facebook\"\/><a class=\"penci-social-item twitter\" target=\"_blank\" rel=\"noopener\" title=\"\" href=\"https:\/\/twitter.com\/intent\/tweet?text=C\u00e2meras%20monitoram%2010%20unidades%20da%20Saerp%20-%20https:\/\/www.tribunaribeirao.com.br\/cameras-monitoram-10-unidades-da-saerp\/\"><i class=\"fa fa-twitter\"\/><\/a><i class=\"fa fa-linkedin\"\/><i class=\"fa fa-whatsapp\"\/><i class=\"fa fa-telegram\"\/><i class=\"fa fa-envelope\"\/><\/span>\t\t\t\t\t\t\t<\/div>\n<div>\n<p>A Secretaria de \u00c1gua e Esgoto de Ribeir\u00e3o Preto (Saerp) implantou, desde o in\u00edcio de 2025, dez novos sistemas de monitoramento em unidades operacionais da pasta. S\u00e3o po\u00e7os, reservat\u00f3rios e outros locais que passaram a ter seguran\u00e7a 24 horas por meio de c\u00e2meras.<\/p>\n<p>Os po\u00e7os monitorados s\u00e3o o do C\u00e9u das Artes, Parque dos Lagos, Bambas, Recreio Internacional, Orestes Lopes, Reserva S\u00e3o Jos\u00e9, Tanquinho Costa e Silva, Sumar\u00e9 e S\u00e3o Jos\u00e9 II.\u00a0 O valor anual do contrato \u00e9 de 435.723,01, segundo a pasta.<\/p>\n<p>O monitoramento de po\u00e7os na cidade come\u00e7ou em 2022, na gest\u00e3o do ent\u00e3o prefeito Duarte Nogueira (PSDB). Em outubro daquele ano, a Saerp iniciou a implanta\u00e7\u00e3o de monitoramento eletr\u00f4nico de vigil\u00e2ncia em 91 \u00e1reas de sua responsabilidade, entre po\u00e7os, reservat\u00f3rios, esta\u00e7\u00f5es elevat\u00f3rias e casas de m\u00e1quinas.<\/p>\n<p>O investimento na \u00e9poca foi de R$ 767,9 mil por um contrato de 24 meses. \u00a0Segundo a atual gest\u00e3o da Saerp, no total, j\u00e1 foram 120 c\u00e2meras instaladas, ampliando a cobertura e seguran\u00e7a das opera\u00e7\u00f5es em unidades estrat\u00e9gicas de sistema de abastecimento.<\/p>\n<p>Assim como as c\u00e2meras de monitoramento, tamb\u00e9m foram instalados sensores de movimento e alarmes dificultando a\u00e7\u00f5es de furto e roubos nos locais. Para promover a seguran\u00e7a dos po\u00e7os e reservat\u00f3rios, al\u00e9m dos investimentos nos equipamentos de monitoramento, a Saerp ainda conta com o apoio da Guarda Civil Metropolitana (GCM) que \u00e9 acionada assim que \u00e9 detectada alguma atividade suspeita.<\/p>\n<p>\u201cA melhoria na seguran\u00e7a das nossas unidades faz parte das a\u00e7\u00f5es que estamos implementando na Saerp para garantir uma qualidade de excel\u00eancia nos nossos servi\u00e7os. Ao prevenir o furto de equipamentos, tamb\u00e9m evitamos poss\u00edveis problemas de falta de abastecimento, assegurando que a popula\u00e7\u00e3o continue recebendo \u00e1gua de forma cont\u00ednua e confi\u00e1vel\u201d, diz o secret\u00e1rio municipal de \u00c1gua e Esgoto, engenheiro Jos\u00e9 Rui Infante Bonatto.<\/p>\n<\/div>\n<p><script async src=\"\/\/platform.twitter.com\/widgets.js\" charset=\"utf-8\"><\/script><br \/>\n<br \/><br \/>\n<br \/><a href=\"https:\/\/www.tribunaribeirao.com.br\/cameras-monitoram-10-unidades-da-saerp\/\">Source link <\/a><\/p>\n<!-- CONTENT END 1 -->\n","protected":false},"excerpt":{"rendered":"<p>17 de junho de 2025 08:4817 de junho de 2025 08:471 Compartilhar0 A Secretaria de \u00c1gua e Esgoto de Ribeir\u00e3o Preto (Saerp) implantou, desde o&#8230;<\/p>\n","protected":false},"author":1,"featured_media":72427,"comment_status":"open","ping_status":"open","sticky":false,"template":"","format":"standard","meta":{"advanced_seo_description":"","jetpack_seo_html_title":"","jetpack_seo_noindex":false,"jetpack_post_was_ever_published":false,"_jetpack_newsletter_access":"","_jetpack_dont_email_post_to_subs":false,"_jetpack_newsletter_tier_id":0,"_jetpack_memberships_contains_paywalled_content":false,"_jetpack_memberships_contains_paid_content":false,"footnotes":"","jetpack_publicize_message":"","jetpack_publicize_feature_enabled":true,"jetpack_social_post_already_shared":true,"jetpack_social_options":{"image_generator_settings":{"template":"highway","default_image_id":0,"font":"","enabled":false},"version":2}},"categories":[11],"tags":[],"class_list":["post-72426","post","type-post","status-publish","format-standard","has-post-thumbnail","hentry","category-noticias-de-ribeirao-preto-sp-e-regiao-ismael-colosi"],"jetpack_publicize_connections":[],"jetpack_featured_media_url":"https:\/\/i0.wp.com\/noticiasribeiraopreto.com.br\/wp-content\/uploads\/2025\/06\/Saerp-Divulgacao-01-scaled.jpeg?fit=750%2C500&ssl=1","jetpack-related-posts":[{"id":52518,"url":"https:\/\/noticiasribeiraopreto.com.br\/index.php\/2024\/06\/08\/prorrogado-o-prazo-para-as-inscricoes-do-enem-2024\/","url_meta":{"origin":72426,"position":0},"title":"Prorrogado o prazo para as inscri\u00e7\u00f5es do Enem 2024","author":"noticiasribeiraopreto.com.br","date":"8 de June de 2024","format":false,"excerpt":"As inscri\u00e7\u00f5es para o Enem (Exame Nacional do Ensino M\u00e9dio) 2024 foram prorrogadas por mais uma semana. O prazo, que terminaria na sexta-feira (7) se estendeu at\u00e9 o dia 14 de junho. Os interessados devem se inscrever pelo site do Inep\/Enem (clique aqui). O valor da taxa de inscri\u00e7\u00e3o \u00e9\u2026","rel":"","context":"In &quot;Not\u00edcias de Ribeir\u00e3o Preto-SP e Regi\u00e3o&quot;","block_context":{"text":"Not\u00edcias de Ribeir\u00e3o Preto-SP e Regi\u00e3o","link":"https:\/\/noticiasribeiraopreto.com.br\/index.php\/category\/noticias-de-ribeirao-preto-sp-e-regiao-ismael-colosi\/"},"img":{"alt_text":"","src":"https:\/\/i0.wp.com\/noticiasribeiraopreto.com.br\/wp-content\/uploads\/2024\/06\/Copia-de-Copia-de-TAMANHO-EXATO-PARA-FOTOS-NO-SISTEMA-NOVO-20_2024-06-08_18-32-15_jpg_2024-06-08_18-32-15.webp.webp?fit=1200%2C675&ssl=1&resize=350%2C200","width":350,"height":200,"srcset":"https:\/\/i0.wp.com\/noticiasribeiraopreto.com.br\/wp-content\/uploads\/2024\/06\/Copia-de-Copia-de-TAMANHO-EXATO-PARA-FOTOS-NO-SISTEMA-NOVO-20_2024-06-08_18-32-15_jpg_2024-06-08_18-32-15.webp.webp?fit=1200%2C675&ssl=1&resize=350%2C200 1x, https:\/\/i0.wp.com\/noticiasribeiraopreto.com.br\/wp-content\/uploads\/2024\/06\/Copia-de-Copia-de-TAMANHO-EXATO-PARA-FOTOS-NO-SISTEMA-NOVO-20_2024-06-08_18-32-15_jpg_2024-06-08_18-32-15.webp.webp?fit=1200%2C675&ssl=1&resize=525%2C300 1.5x, https:\/\/i0.wp.com\/noticiasribeiraopreto.com.br\/wp-content\/uploads\/2024\/06\/Copia-de-Copia-de-TAMANHO-EXATO-PARA-FOTOS-NO-SISTEMA-NOVO-20_2024-06-08_18-32-15_jpg_2024-06-08_18-32-15.webp.webp?fit=1200%2C675&ssl=1&resize=700%2C400 2x, https:\/\/i0.wp.com\/noticiasribeiraopreto.com.br\/wp-content\/uploads\/2024\/06\/Copia-de-Copia-de-TAMANHO-EXATO-PARA-FOTOS-NO-SISTEMA-NOVO-20_2024-06-08_18-32-15_jpg_2024-06-08_18-32-15.webp.webp?fit=1200%2C675&ssl=1&resize=1050%2C600 3x"},"classes":[]},{"id":51656,"url":"https:\/\/noticiasribeiraopreto.com.br\/index.php\/2024\/05\/28\/gusttavo-lima-se-apresenta-na-regiao-de-ribeirao-preto-ingressos-estao-disponiveis\/","url_meta":{"origin":72426,"position":1},"title":"Gusttavo Lima se apresenta na regi\u00e3o de Ribeir\u00e3o Preto; Ingressos est\u00e3o dispon\u00edveis","author":"noticiasribeiraopreto.com.br","date":"28 de May de 2024","format":false,"excerpt":"Os ingressos para o show do cantor Gusttavo Lima em Pontal, cidade a aproximadamente 38 quil\u00f4metros de Ribeir\u00e3o Preto, ainda est\u00e3o dispon\u00edveis. A apresenta\u00e7\u00e3o acontece no dia 06 de junho, a partir das 21h, durante o Pontal Rodeo Music. O evento segue at\u00e9 o dia 8 de junho e ter\u00e1\u2026","rel":"","context":"In &quot;Not\u00edcias de Ribeir\u00e3o Preto-SP e Regi\u00e3o&quot;","block_context":{"text":"Not\u00edcias de Ribeir\u00e3o Preto-SP e Regi\u00e3o","link":"https:\/\/noticiasribeiraopreto.com.br\/index.php\/category\/noticias-de-ribeirao-preto-sp-e-regiao-ismael-colosi\/"},"img":{"alt_text":"","src":"https:\/\/i0.wp.com\/noticiasribeiraopreto.com.br\/wp-content\/uploads\/2024\/04\/AnyConv.com__GL_III-e1714330490605.webp.webp?fit=900%2C692&ssl=1&resize=350%2C200","width":350,"height":200,"srcset":"https:\/\/i0.wp.com\/noticiasribeiraopreto.com.br\/wp-content\/uploads\/2024\/04\/AnyConv.com__GL_III-e1714330490605.webp.webp?fit=900%2C692&ssl=1&resize=350%2C200 1x, https:\/\/i0.wp.com\/noticiasribeiraopreto.com.br\/wp-content\/uploads\/2024\/04\/AnyConv.com__GL_III-e1714330490605.webp.webp?fit=900%2C692&ssl=1&resize=525%2C300 1.5x, https:\/\/i0.wp.com\/noticiasribeiraopreto.com.br\/wp-content\/uploads\/2024\/04\/AnyConv.com__GL_III-e1714330490605.webp.webp?fit=900%2C692&ssl=1&resize=700%2C400 2x"},"classes":[]},{"id":35982,"url":"https:\/\/noticiasribeiraopreto.com.br\/index.php\/2024\/02\/08\/ate-quando-vai-o-auxilio-gas-em-2023-voce-pode-ter-direito-a-receber-e-nao-sabe-confira\/","url_meta":{"origin":72426,"position":2},"title":"At\u00e9 quando vai o Aux\u00edlio G\u00e1s em 2023? Voc\u00ea pode ter direito a RECEBER e n\u00e3o sabe; Confira!","author":"noticiasribeiraopreto.com.br","date":"8 de February de 2024","format":false,"excerpt":"Imagem: Google O aux\u00edlio-g\u00e1s \u00e9 uma das principais vantagens da transfer\u00eancia de renda no pa\u00eds atualmente. Basicamente, milhares de fam\u00edlias recebem pagamentos de vouchers como bolsas para botij\u00f5es de g\u00e1s de alto valor. Isso garante que o item seja garantido pelos familiares que mais precisam. Recentemente, muitos brasileiros estavam preocupados\u2026","rel":"","context":"In &quot;Dinheiro e Investimento&quot;","block_context":{"text":"Dinheiro e Investimento","link":"https:\/\/noticiasribeiraopreto.com.br\/index.php\/category\/dinheiro-e-investimento-como-fazer-como-ganhar\/"},"img":{"alt_text":"","src":"https:\/\/i0.wp.com\/noticiasribeiraopreto.com.br\/wp-content\/uploads\/2024\/02\/auxilio-gas-3.jpg?fit=1200%2C750&ssl=1&resize=350%2C200","width":350,"height":200,"srcset":"https:\/\/i0.wp.com\/noticiasribeiraopreto.com.br\/wp-content\/uploads\/2024\/02\/auxilio-gas-3.jpg?fit=1200%2C750&ssl=1&resize=350%2C200 1x, https:\/\/i0.wp.com\/noticiasribeiraopreto.com.br\/wp-content\/uploads\/2024\/02\/auxilio-gas-3.jpg?fit=1200%2C750&ssl=1&resize=525%2C300 1.5x, https:\/\/i0.wp.com\/noticiasribeiraopreto.com.br\/wp-content\/uploads\/2024\/02\/auxilio-gas-3.jpg?fit=1200%2C750&ssl=1&resize=700%2C400 2x, https:\/\/i0.wp.com\/noticiasribeiraopreto.com.br\/wp-content\/uploads\/2024\/02\/auxilio-gas-3.jpg?fit=1200%2C750&ssl=1&resize=1050%2C600 3x"},"classes":[]},{"id":73259,"url":"https:\/\/noticiasribeiraopreto.com.br\/index.php\/2025\/06\/28\/confessionario-tribuna-ribeirao-37\/","url_meta":{"origin":72426,"position":3},"title":"Confession\u00e1rio &#8211; Tribuna Ribeir\u00e3o","author":"noticiasribeiraopreto.com.br","date":"28 de June de 2025","format":false,"excerpt":"28 de junho de 2025 08:2527 de junho de 2025 18:168 Compartilhar0 Centro Administrativo Um tradicional col\u00e9gio do Centro de Ribeir\u00e3o, poder\u00e1 ser o destino do novo centro administrativo da prefeitura de Ribeir\u00e3o Preto. As partes n\u00e3o confirmam, mas tem acontecido reuni\u00f5es de negocia\u00e7\u00e3o entre os propriet\u00e1rios da escola e\u2026","rel":"","context":"In &quot;Not\u00edcias de Ribeir\u00e3o Preto-SP e Regi\u00e3o&quot;","block_context":{"text":"Not\u00edcias de Ribeir\u00e3o Preto-SP e Regi\u00e3o","link":"https:\/\/noticiasribeiraopreto.com.br\/index.php\/category\/noticias-de-ribeirao-preto-sp-e-regiao-ismael-colosi\/"},"img":{"alt_text":"","src":"https:\/\/i0.wp.com\/noticiasribeiraopreto.com.br\/wp-content\/uploads\/2025\/06\/Centro.jpg?fit=1186%2C640&ssl=1&resize=350%2C200","width":350,"height":200,"srcset":"https:\/\/i0.wp.com\/noticiasribeiraopreto.com.br\/wp-content\/uploads\/2025\/06\/Centro.jpg?fit=1186%2C640&ssl=1&resize=350%2C200 1x, https:\/\/i0.wp.com\/noticiasribeiraopreto.com.br\/wp-content\/uploads\/2025\/06\/Centro.jpg?fit=1186%2C640&ssl=1&resize=525%2C300 1.5x, https:\/\/i0.wp.com\/noticiasribeiraopreto.com.br\/wp-content\/uploads\/2025\/06\/Centro.jpg?fit=1186%2C640&ssl=1&resize=700%2C400 2x, https:\/\/i0.wp.com\/noticiasribeiraopreto.com.br\/wp-content\/uploads\/2025\/06\/Centro.jpg?fit=1186%2C640&ssl=1&resize=1050%2C600 3x"},"classes":[]},{"id":49441,"url":"https:\/\/noticiasribeiraopreto.com.br\/index.php\/2024\/05\/10\/gusttavo-lima-faz-show-na-regiao-de-ribeirao-preto-veja-como-comprar-ingressos\/","url_meta":{"origin":72426,"position":4},"title":"Gusttavo Lima faz show na regi\u00e3o de Ribeir\u00e3o Preto; Veja como comprar ingressos","author":"noticiasribeiraopreto.com.br","date":"10 de May de 2024","format":false,"excerpt":"O cantor Gusttavo Lima se apresenta em Pontal, cidade a cerca de 38 quil\u00f4metros de Ribeir\u00e3o Preto, no dia 06 de junho, a partir das 21h. A apresenta\u00e7\u00e3o faz parte do Pontal Rodeo Music, que acontece entre os dias 06 e 08 de junho, no Parque Permanente de Exposi\u00e7\u00f5es Isaura\u2026","rel":"","context":"In &quot;Not\u00edcias de Ribeir\u00e3o Preto-SP e Regi\u00e3o&quot;","block_context":{"text":"Not\u00edcias de Ribeir\u00e3o Preto-SP e Regi\u00e3o","link":"https:\/\/noticiasribeiraopreto.com.br\/index.php\/category\/noticias-de-ribeirao-preto-sp-e-regiao-ismael-colosi\/"},"img":{"alt_text":"","src":"https:\/\/i0.wp.com\/noticiasribeiraopreto.com.br\/wp-content\/uploads\/2024\/05\/InShot_20230728_093159520-scaled.jpg?fit=1200%2C800&ssl=1&resize=350%2C200","width":350,"height":200,"srcset":"https:\/\/i0.wp.com\/noticiasribeiraopreto.com.br\/wp-content\/uploads\/2024\/05\/InShot_20230728_093159520-scaled.jpg?fit=1200%2C800&ssl=1&resize=350%2C200 1x, https:\/\/i0.wp.com\/noticiasribeiraopreto.com.br\/wp-content\/uploads\/2024\/05\/InShot_20230728_093159520-scaled.jpg?fit=1200%2C800&ssl=1&resize=525%2C300 1.5x, https:\/\/i0.wp.com\/noticiasribeiraopreto.com.br\/wp-content\/uploads\/2024\/05\/InShot_20230728_093159520-scaled.jpg?fit=1200%2C800&ssl=1&resize=700%2C400 2x, https:\/\/i0.wp.com\/noticiasribeiraopreto.com.br\/wp-content\/uploads\/2024\/05\/InShot_20230728_093159520-scaled.jpg?fit=1200%2C800&ssl=1&resize=1050%2C600 3x"},"classes":[]},{"id":71626,"url":"https:\/\/noticiasribeiraopreto.com.br\/index.php\/2025\/06\/08\/confessionario-tribuna-ribeirao-28\/","url_meta":{"origin":72426,"position":5},"title":"Confession\u00e1rio &#8211; Tribuna Ribeir\u00e3o","author":"noticiasribeiraopreto.com.br","date":"8 de June de 2025","format":false,"excerpt":"8 de junho de 2025 10:098 de junho de 2025 10:101 Compartilhar0 Baly Brasil supera Red Bull no mercado nacional Um levantamento da NielsenIQ mostra que a Baly (uma marca nacional de energ\u00e9ticos) avan\u00e7ou 4,2 pontos percentuais de Share Volume MAT (12 meses m\u00f3veis \u2013 Canal Moderno) e se tornou\u2026","rel":"","context":"In &quot;Not\u00edcias de Ribeir\u00e3o Preto-SP e Regi\u00e3o&quot;","block_context":{"text":"Not\u00edcias de Ribeir\u00e3o Preto-SP e Regi\u00e3o","link":"https:\/\/noticiasribeiraopreto.com.br\/index.php\/category\/noticias-de-ribeirao-preto-sp-e-regiao-ismael-colosi\/"},"img":{"alt_text":"","src":"https:\/\/i0.wp.com\/noticiasribeiraopreto.com.br\/wp-content\/uploads\/2025\/06\/energeticos-red-bull-1024x684-1-scaled.jpg?fit=749%2C500&ssl=1&resize=350%2C200","width":350,"height":200,"srcset":"https:\/\/i0.wp.com\/noticiasribeiraopreto.com.br\/wp-content\/uploads\/2025\/06\/energeticos-red-bull-1024x684-1-scaled.jpg?fit=749%2C500&ssl=1&resize=350%2C200 1x, https:\/\/i0.wp.com\/noticiasribeiraopreto.com.br\/wp-content\/uploads\/2025\/06\/energeticos-red-bull-1024x684-1-scaled.jpg?fit=749%2C500&ssl=1&resize=525%2C300 1.5x, https:\/\/i0.wp.com\/noticiasribeiraopreto.com.br\/wp-content\/uploads\/2025\/06\/energeticos-red-bull-1024x684-1-scaled.jpg?fit=749%2C500&ssl=1&resize=700%2C400 2x"},"classes":[]}],"jetpack_sharing_enabled":true,"jetpack_shortlink":"https:\/\/wp.me\/peQAOb-iQa","_links":{"self":[{"href":"https:\/\/noticiasribeiraopreto.com.br\/index.php\/wp-json\/wp\/v2\/posts\/72426","targetHints":{"allow":["GET"]}}],"collection":[{"href":"https:\/\/noticiasribeiraopreto.com.br\/index.php\/wp-json\/wp\/v2\/posts"}],"about":[{"href":"https:\/\/noticiasribeiraopreto.com.br\/index.php\/wp-json\/wp\/v2\/types\/post"}],"author":[{"embeddable":true,"href":"https:\/\/noticiasribeiraopreto.com.br\/index.php\/wp-json\/wp\/v2\/users\/1"}],"replies":[{"embeddable":true,"href":"https:\/\/noticiasribeiraopreto.com.br\/index.php\/wp-json\/wp\/v2\/comments?post=72426"}],"version-history":[{"count":0,"href":"https:\/\/noticiasribeiraopreto.com.br\/index.php\/wp-json\/wp\/v2\/posts\/72426\/revisions"}],"wp:featuredmedia":[{"embeddable":true,"href":"https:\/\/noticiasribeiraopreto.com.br\/index.php\/wp-json\/wp\/v2\/media\/72427"}],"wp:attachment":[{"href":"https:\/\/noticiasribeiraopreto.com.br\/index.php\/wp-json\/wp\/v2\/media?parent=72426"}],"wp:term":[{"taxonomy":"category","embeddable":true,"href":"https:\/\/noticiasribeiraopreto.com.br\/index.php\/wp-json\/wp\/v2\/categories?post=72426"},{"taxonomy":"post_tag","embeddable":true,"href":"https:\/\/noticiasribeiraopreto.com.br\/index.php\/wp-json\/wp\/v2\/tags?post=72426"}],"curies":[{"name":"wp","href":"https:\/\/api.w.org\/{rel}","templated":true}]}}