{"id":72428,"date":"2025-06-17T08:58:00","date_gmt":"2025-06-17T11:58:00","guid":{"rendered":"https:\/\/noticiasribeiraopreto.com.br\/index.php\/2025\/06\/17\/etanol-na-gasolina-pode-subir-a-30\/"},"modified":"2025-06-17T08:58:00","modified_gmt":"2025-06-17T11:58:00","slug":"etanol-na-gasolina-pode-subir-a-30","status":"publish","type":"post","link":"https:\/\/noticiasribeiraopreto.com.br\/index.php\/2025\/06\/17\/etanol-na-gasolina-pode-subir-a-30\/","title":{"rendered":"Etanol na gasolina pode subir a 30%"},"content":{"rendered":"<div class='code-block code-block-1' style='margin: 8px 0 8px auto; text-align: right; display: block; clear: both;'>\n<p><a href=\"https:\/\/wa.link\/vpicfd\"><img data-recalc-dims=\"1\" class=\"wp-image-4922\" style=\"aspect-ratio: 2.0253164556962027; width: 561px; height: auto;\" src=\"https:\/\/i0.wp.com\/ismaelcolosi.com.br\/wp-content\/uploads\/2023\/11\/grupo-de-empregos-whatsapp-e-facebook-ismael-colosi-vagas.jpg?ssl=1\" alt=\"\" \/><\/a><\/p>\n<!-- \/wp:image -->\n<\/div>\n<p> <br \/>\n<\/p>\n<div id=\"\">\n<p>\n\t\t\t\t\t\t\t\t\t<span class=\"entry-meta-item penci-posted-on\"><i class=\"fa fa-clock-o\"\/><time class=\"entry-date published updated\" datetime=\"2025-06-17T08:55:36-03:00\">17 de junho de 2025 08:55<\/time><\/span><span class=\"entry-meta-item penci-post-countview\"><span class=\"entry-meta-item penci-post-countview penci_post-meta_item\"><i class=\"fa fa-eye\"\/><span class=\"penci-post-countview-number penci-post-countview-p428934\">0<\/span><\/span><\/span>\t\t\t\t\t\t\t\t<\/p>\n<p><!-- .entry-meta --><br \/>\n\t\t\t\t\t\t\t\t<span class=\"penci-social-buttons penci-social-share-footer\"><span class=\"penci-social-share-text\">Compartilhar<\/span><a href=\"#\" class=\"penci-post-like penci_post-meta_item  single-like-button penci-social-item like\" data-post_id=\"428934\" title=\"Like\" data-like=\"Like\" data-unlike=\"Unlike\"><i class=\"fa fa-thumbs-o-up\"\/><span class=\"penci-share-number\">0<\/span><\/a><i class=\"fa fa-facebook\"\/><a class=\"penci-social-item twitter\" target=\"_blank\" rel=\"noopener\" title=\"\" href=\"https:\/\/twitter.com\/intent\/tweet?text=Etanol%20na%20gasolina%20pode%20subir%20a%2030%20-%20https:\/\/www.tribunaribeirao.com.br\/etanol-na-gasolina-pode-subir-a-30\/\"><i class=\"fa fa-twitter\"\/><\/a><i class=\"fa fa-linkedin\"\/><i class=\"fa fa-whatsapp\"\/><i class=\"fa fa-telegram\"\/><i class=\"fa fa-envelope\"\/><\/span>\t\t\t\t\t\t\t<\/div>\n<div>\n<p>O ministro Alexandre Silveira, afirmou que sua pasta, o Minist\u00e9rio de Minas e Energia (MME), deve propor na pr\u00f3xima reuni\u00e3o do Conselho Nacional de Pol\u00edtica Energ\u00e9tica (CNPE) que a participa\u00e7\u00e3o do etanol na gasolina suba de 27% para 30%. Ele disse ainda que a iniciativa permitir\u00e1 que o pa\u00eds deixe \u201cpraticamente de ser importador de gasolina\u201d.<\/p>\n<p>As declara\u00e7\u00f5es foram feitas durante o semin\u00e1rio \u201cG\u00e1s para Empregar: construindo uma estrutura justa e sustent\u00e1vel de pre\u00e7os\u201d, realizado na sede da Federa\u00e7\u00e3o das Ind\u00fastrias do Estado de S\u00e3o Paulo (Fiesp), em S\u00e3o Paulo. O ministro disse tamb\u00e9m que isso \u00e9 um dos fatores que far\u00e1 com que a Petrobras contribua mais com o Brasil, mas negou que haja intervencionismo na estatal, pois \u201cn\u00e3o continuaria valorizando tanto\u201d.<\/p>\n<p>Ainda sobre a companhia, disse que \u00e9 preciso que sua \u201cestrutura corporativa\u201d ajude o Brasil reduzindo a reinje\u00e7\u00e3o de g\u00e1s natural do Pa\u00eds, para alcan\u00e7ar a m\u00e9dia nacional. \u201cPrecisamos que Petrobras compreenda a necessidade de mudar isso daqui pra frente\u201d, completou.<\/p>\n<p>A medida j\u00e1 vem sendo estudada h\u00e1 algum tempo pelo minist\u00e9rio, mas tamb\u00e9m chega num momento de press\u00e3o sobre o pre\u00e7o do petr\u00f3leo por causa do conflito Israel e Ir\u00e3. Nesta segunda-feira, 16 de juho, o pre\u00e7o da commodity recuava mais de 1%, ap\u00f3s o salto dos \u00faltimos dias. No domingo (15), chegou a subir 7%, ap\u00f3s j\u00e1 ter tido uma alta de mais de 10% na sexta-feira (13).<\/p>\n<p><strong>Tarifa de g\u00e1s \u2013<\/strong> Silveira afirmou que a defini\u00e7\u00e3o sobre o chamado \u201cpass through\u201d, que prop\u00f5e excluir custo de transporte de g\u00e1s natural dos contratos das termel\u00e9tricas e repass\u00e1-lo aos consumidores, no Leil\u00e3o de Reserva de Capacidade (LRCAP) 2025, ocorrer\u00e1 depois da nova consulta p\u00fablica sobre o certame.<\/p>\n<p>\u201cO Minist\u00e9rio de Minas e Energia (MME) n\u00e3o pode ter uma posi\u00e7\u00e3o antes de ouvir a sociedade e ouvir o setor. A consulta p\u00fablica \u00e9 um instrumento para isso. Depois de feita a consulta p\u00fablica, o MME, naturalmente defendendo o interesse do pa\u00eds, vai se pronunciar\u201d, disse ele.<\/p>\n<p>Silveira reiterou ainda que a Pasta pretende abrir esta consulta p\u00fablica \u201co mais r\u00e1pido poss\u00edvel, este m\u00eas ainda\u201d. A expectativa \u00e9 que o leil\u00e3o, que visa contratar pot\u00eancia para o sistema el\u00e9trico brasileiro, ocorra ainda este ano. Inicialmente, estava marcado para 27 de junho, mas foi cancelado depois de judicializa\u00e7\u00e3o.<\/p>\n<p>O ministro afirmou ainda que a solu\u00e7\u00e3o para os cortes de gera\u00e7\u00e3o por raz\u00f5es sist\u00eamicos (curtailment) tamb\u00e9m ser\u00e1 publicada neste m\u00eas, por meio de portaria, mas n\u00e3o detalhou. Questionado se esta solu\u00e7\u00e3o passaria por ressarcimento aos geradores de eletricidade, afirmou que o tema segue em discuss\u00e3o em grupo de trabalho.<\/p>\n<p>\u00a0<\/p>\n<p>\u00a0<\/p>\n<p>\u00a0<\/p>\n<\/div>\n<p><script async src=\"\/\/platform.twitter.com\/widgets.js\" charset=\"utf-8\"><\/script><br \/>\n<br \/><br \/>\n<br \/><a href=\"https:\/\/www.tribunaribeirao.com.br\/etanol-na-gasolina-pode-subir-a-30\/\">Source link <\/a><\/p>\n<!-- CONTENT END 1 -->\n","protected":false},"excerpt":{"rendered":"<p>17 de junho de 2025 08:550 Compartilhar0 O ministro Alexandre Silveira, afirmou que sua pasta, o Minist\u00e9rio de Minas e Energia (MME), deve propor na&#8230;<\/p>\n","protected":false},"author":1,"featured_media":72429,"comment_status":"open","ping_status":"open","sticky":false,"template":"","format":"standard","meta":{"advanced_seo_description":"","jetpack_seo_html_title":"","jetpack_seo_noindex":false,"jetpack_post_was_ever_published":false,"_jetpack_newsletter_access":"","_jetpack_dont_email_post_to_subs":false,"_jetpack_newsletter_tier_id":0,"_jetpack_memberships_contains_paywalled_content":false,"_jetpack_memberships_contains_paid_content":false,"footnotes":"","jetpack_publicize_message":"","jetpack_publicize_feature_enabled":true,"jetpack_social_post_already_shared":true,"jetpack_social_options":{"image_generator_settings":{"template":"highway","default_image_id":0,"font":"","enabled":false},"version":2}},"categories":[11],"tags":[],"class_list":["post-72428","post","type-post","status-publish","format-standard","has-post-thumbnail","hentry","category-noticias-de-ribeirao-preto-sp-e-regiao-ismael-colosi"],"jetpack_publicize_connections":[],"jetpack_featured_media_url":"https:\/\/i0.wp.com\/noticiasribeiraopreto.com.br\/wp-content\/uploads\/2025\/06\/Etanol-Rodrigo-Botelho-MME-scaled.jpg?fit=800%2C479&ssl=1","jetpack-related-posts":[{"id":79772,"url":"https:\/\/noticiasribeiraopreto.com.br\/index.php\/2025\/11\/07\/preco-do-etanol-sobe-em-postos-de-ribeirao-preto-entenda-o-motivo\/","url_meta":{"origin":72428,"position":0},"title":"Pre\u00e7o do etanol sobe em postos de Ribeir\u00e3o Preto; Entenda o motivo","author":"noticiasribeiraopreto.com.br","date":"7 de November de 2025","format":false,"excerpt":"O consumidor paga mais caro pelo litro do etanol nesta sexta-feira (7), em postos de Ribeir\u00e3o Preto. Em alguns estabelecimentos, o aumento chega a R$ 0,20 por litro do combust\u00edvel. A Associa\u00e7\u00e3o N\u00facleo Postos Ribeir\u00e3o Preto disse, em um comunicado divulgado nesta quinta-feira (6), que havia uma tend\u00eancia de aumento\u2026","rel":"","context":"In &quot;Not\u00edcias de Ribeir\u00e3o Preto-SP e Regi\u00e3o&quot;","block_context":{"text":"Not\u00edcias de Ribeir\u00e3o Preto-SP e Regi\u00e3o","link":"https:\/\/noticiasribeiraopreto.com.br\/index.php\/category\/noticias-de-ribeirao-preto-sp-e-regiao-ismael-colosi\/"},"img":{"alt_text":"","src":"https:\/\/i0.wp.com\/noticiasribeiraopreto.com.br\/wp-content\/uploads\/2025\/11\/WhatsApp-Image-2025-11-07-at-08.14.12_2025-11-07_11-14-38.webp.webp?fit=855%2C500&ssl=1&resize=350%2C200","width":350,"height":200,"srcset":"https:\/\/i0.wp.com\/noticiasribeiraopreto.com.br\/wp-content\/uploads\/2025\/11\/WhatsApp-Image-2025-11-07-at-08.14.12_2025-11-07_11-14-38.webp.webp?fit=855%2C500&ssl=1&resize=350%2C200 1x, https:\/\/i0.wp.com\/noticiasribeiraopreto.com.br\/wp-content\/uploads\/2025\/11\/WhatsApp-Image-2025-11-07-at-08.14.12_2025-11-07_11-14-38.webp.webp?fit=855%2C500&ssl=1&resize=525%2C300 1.5x, https:\/\/i0.wp.com\/noticiasribeiraopreto.com.br\/wp-content\/uploads\/2025\/11\/WhatsApp-Image-2025-11-07-at-08.14.12_2025-11-07_11-14-38.webp.webp?fit=855%2C500&ssl=1&resize=700%2C400 2x"},"classes":[]},{"id":74930,"url":"https:\/\/noticiasribeiraopreto.com.br\/index.php\/2025\/07\/31\/entenda-o-aumento-no-preco-do-etanol-em-ribeirao-preto\/","url_meta":{"origin":72428,"position":1},"title":"Entenda o aumento no pre\u00e7o do etanol em Ribeir\u00e3o Preto","author":"noticiasribeiraopreto.com.br","date":"31 de July de 2025","format":false,"excerpt":"A Associa\u00e7\u00e3o N\u00facleo Postos Ribeir\u00e3o Preto emitiu um alerta para tend\u00eancia de alta no pre\u00e7o do etanol na bomba. Segundo a entidade, que re\u00fane 100 revendedores da cidade e regi\u00e3o, desde a \u00faltima semana at\u00e9 agora o pre\u00e7o do litro do biocombust\u00edvel subiu, em m\u00e9dia, R$ 0,12 das distribuidoras para\u2026","rel":"","context":"In &quot;Not\u00edcias de Ribeir\u00e3o Preto-SP e Regi\u00e3o&quot;","block_context":{"text":"Not\u00edcias de Ribeir\u00e3o Preto-SP e Regi\u00e3o","link":"https:\/\/noticiasribeiraopreto.com.br\/index.php\/category\/noticias-de-ribeirao-preto-sp-e-regiao-ismael-colosi\/"},"img":{"alt_text":"","src":"","width":0,"height":0},"classes":[]},{"id":74916,"url":"https:\/\/noticiasribeiraopreto.com.br\/index.php\/2025\/07\/31\/etanol-pode-subir-r-012\/","url_meta":{"origin":72428,"position":2},"title":"Etanol pode subir R$ 0,12","author":"noticiasribeiraopreto.com.br","date":"31 de July de 2025","format":false,"excerpt":"A Associa\u00e7\u00e3o N\u00facleo Postos Ribeir\u00e3o Preto, que re\u00fane 100 revendedores da cidade e regi\u00e3o, alerta para tend\u00eancia de alta no pre\u00e7o do etanol para os pr\u00f3ximos dias. Da \u00faltima semana para c\u00e1, o pre\u00e7o do litro do biocombust\u00edvel disparou, em m\u00e9dia, R$ 0,12 das distribuidoras para os postos revendedores. \u201cCom\u2026","rel":"","context":"In &quot;Not\u00edcias de Ribeir\u00e3o Preto-SP e Regi\u00e3o&quot;","block_context":{"text":"Not\u00edcias de Ribeir\u00e3o Preto-SP e Regi\u00e3o","link":"https:\/\/noticiasribeiraopreto.com.br\/index.php\/category\/noticias-de-ribeirao-preto-sp-e-regiao-ismael-colosi\/"},"img":{"alt_text":"","src":"https:\/\/i0.wp.com\/noticiasribeiraopreto.com.br\/wp-content\/uploads\/2025\/07\/EtanolRP-Divulgacao-scaled.png?fit=1200%2C675&ssl=1&resize=350%2C200","width":350,"height":200,"srcset":"https:\/\/i0.wp.com\/noticiasribeiraopreto.com.br\/wp-content\/uploads\/2025\/07\/EtanolRP-Divulgacao-scaled.png?fit=1200%2C675&ssl=1&resize=350%2C200 1x, https:\/\/i0.wp.com\/noticiasribeiraopreto.com.br\/wp-content\/uploads\/2025\/07\/EtanolRP-Divulgacao-scaled.png?fit=1200%2C675&ssl=1&resize=525%2C300 1.5x, https:\/\/i0.wp.com\/noticiasribeiraopreto.com.br\/wp-content\/uploads\/2025\/07\/EtanolRP-Divulgacao-scaled.png?fit=1200%2C675&ssl=1&resize=700%2C400 2x, https:\/\/i0.wp.com\/noticiasribeiraopreto.com.br\/wp-content\/uploads\/2025\/07\/EtanolRP-Divulgacao-scaled.png?fit=1200%2C675&ssl=1&resize=1050%2C600 3x"},"classes":[]},{"id":71100,"url":"https:\/\/noticiasribeiraopreto.com.br\/index.php\/2025\/06\/02\/petrobras-reduz-preco-da-gasolina-veja-impacto-nos-postos-de-ribeirao\/","url_meta":{"origin":72428,"position":3},"title":"Petrobras reduz pre\u00e7o da gasolina; veja impacto nos postos de Ribeir\u00e3o","author":"noticiasribeiraopreto.com.br","date":"2 de June de 2025","format":false,"excerpt":"Os pre\u00e7os da gasolina ficar\u00e3o mais baratos a partir desta ter\u00e7a-feira (3). Isso porque, a Petrobras reduzir\u00e1 os pre\u00e7os de venda de gasolina para as distribuidoras em 5,6%. Com isso, o pre\u00e7o m\u00e9dio de venda do combust\u00edvel para as distribuidoras passar\u00e1 a ser, em m\u00e9dia, de R$ 2,85 por litro,\u2026","rel":"","context":"In &quot;Not\u00edcias de Ribeir\u00e3o Preto-SP e Regi\u00e3o&quot;","block_context":{"text":"Not\u00edcias de Ribeir\u00e3o Preto-SP e Regi\u00e3o","link":"https:\/\/noticiasribeiraopreto.com.br\/index.php\/category\/noticias-de-ribeirao-preto-sp-e-regiao-ismael-colosi\/"},"img":{"alt_text":"","src":"https:\/\/i0.wp.com\/noticiasribeiraopreto.com.br\/wp-content\/uploads\/2025\/01\/AnyConv.com__gasolina-1_2024-07-08_16-38-14.webp.webp?fit=1170%2C700&ssl=1&resize=350%2C200","width":350,"height":200,"srcset":"https:\/\/i0.wp.com\/noticiasribeiraopreto.com.br\/wp-content\/uploads\/2025\/01\/AnyConv.com__gasolina-1_2024-07-08_16-38-14.webp.webp?fit=1170%2C700&ssl=1&resize=350%2C200 1x, https:\/\/i0.wp.com\/noticiasribeiraopreto.com.br\/wp-content\/uploads\/2025\/01\/AnyConv.com__gasolina-1_2024-07-08_16-38-14.webp.webp?fit=1170%2C700&ssl=1&resize=525%2C300 1.5x, https:\/\/i0.wp.com\/noticiasribeiraopreto.com.br\/wp-content\/uploads\/2025\/01\/AnyConv.com__gasolina-1_2024-07-08_16-38-14.webp.webp?fit=1170%2C700&ssl=1&resize=700%2C400 2x, https:\/\/i0.wp.com\/noticiasribeiraopreto.com.br\/wp-content\/uploads\/2025\/01\/AnyConv.com__gasolina-1_2024-07-08_16-38-14.webp.webp?fit=1170%2C700&ssl=1&resize=1050%2C600 3x"},"classes":[]},{"id":73175,"url":"https:\/\/noticiasribeiraopreto.com.br\/index.php\/2025\/06\/26\/mistura-de-etanol-na-gasolina-sobe-a-30\/","url_meta":{"origin":72428,"position":4},"title":"Mistura de etanol na gasolina sobe a 30%","author":"noticiasribeiraopreto.com.br","date":"26 de June de 2025","format":false,"excerpt":"26 de junho de 2025 16:0026 de junho de 2025 10:379 Compartilhar0 O governo federal elevou o percentual obrigat\u00f3rio de mistura de etanol na gasolina e do biodiesel no diesel. A de etanol anidro na gasolina tipo C passar\u00e1 dos atuais 27% para 30% (E30), enquanto o m\u00ednimo obrigat\u00f3rio de\u2026","rel":"","context":"In &quot;Not\u00edcias de Ribeir\u00e3o Preto-SP e Regi\u00e3o&quot;","block_context":{"text":"Not\u00edcias de Ribeir\u00e3o Preto-SP e Regi\u00e3o","link":"https:\/\/noticiasribeiraopreto.com.br\/index.php\/category\/noticias-de-ribeirao-preto-sp-e-regiao-ismael-colosi\/"},"img":{"alt_text":"","src":"https:\/\/i0.wp.com\/noticiasribeiraopreto.com.br\/wp-content\/uploads\/2025\/06\/Etanol-Marcelo-Camargo-Ag.Br_.jpg?fit=1170%2C700&ssl=1&resize=350%2C200","width":350,"height":200,"srcset":"https:\/\/i0.wp.com\/noticiasribeiraopreto.com.br\/wp-content\/uploads\/2025\/06\/Etanol-Marcelo-Camargo-Ag.Br_.jpg?fit=1170%2C700&ssl=1&resize=350%2C200 1x, https:\/\/i0.wp.com\/noticiasribeiraopreto.com.br\/wp-content\/uploads\/2025\/06\/Etanol-Marcelo-Camargo-Ag.Br_.jpg?fit=1170%2C700&ssl=1&resize=525%2C300 1.5x, https:\/\/i0.wp.com\/noticiasribeiraopreto.com.br\/wp-content\/uploads\/2025\/06\/Etanol-Marcelo-Camargo-Ag.Br_.jpg?fit=1170%2C700&ssl=1&resize=700%2C400 2x, https:\/\/i0.wp.com\/noticiasribeiraopreto.com.br\/wp-content\/uploads\/2025\/06\/Etanol-Marcelo-Camargo-Ag.Br_.jpg?fit=1170%2C700&ssl=1&resize=1050%2C600 3x"},"classes":[]},{"id":76696,"url":"https:\/\/noticiasribeiraopreto.com.br\/index.php\/2025\/09\/03\/preco-do-etanol-sobe-e-deve-pesar-no-bolso-do-consumidor-alerta-anprp\/","url_meta":{"origin":72428,"position":5},"title":"Pre\u00e7o do etanol sobe e deve pesar no bolso do consumidor, alerta ANPRP","author":"noticiasribeiraopreto.com.br","date":"3 de September de 2025","format":false,"excerpt":"Com alta demanda e produ\u00e7\u00e3o reduzida, o pre\u00e7o do litro do etanol tende a subir das distribuidoras para os postos. Esse aumento deve refletir no consumidor, que poder\u00e1 pagar mais caro pelo combust\u00edvel nas bombas. De acordo com a ANPRP (Associa\u00e7\u00e3o N\u00facleo de Postos Ribeir\u00e3o Preto), o \u00cdndice Esalq\/USP \u00e9\u2026","rel":"","context":"In &quot;Not\u00edcias de Ribeir\u00e3o Preto-SP e Regi\u00e3o&quot;","block_context":{"text":"Not\u00edcias de Ribeir\u00e3o Preto-SP e Regi\u00e3o","link":"https:\/\/noticiasribeiraopreto.com.br\/index.php\/category\/noticias-de-ribeirao-preto-sp-e-regiao-ismael-colosi\/"},"img":{"alt_text":"","src":"https:\/\/i0.wp.com\/noticiasribeiraopreto.com.br\/wp-content\/uploads\/2025\/09\/posto_de_1024x576_09092021164726-1_2025-09-03_14-55-50.webp.webp?fit=1024%2C576&ssl=1&resize=350%2C200","width":350,"height":200,"srcset":"https:\/\/i0.wp.com\/noticiasribeiraopreto.com.br\/wp-content\/uploads\/2025\/09\/posto_de_1024x576_09092021164726-1_2025-09-03_14-55-50.webp.webp?fit=1024%2C576&ssl=1&resize=350%2C200 1x, https:\/\/i0.wp.com\/noticiasribeiraopreto.com.br\/wp-content\/uploads\/2025\/09\/posto_de_1024x576_09092021164726-1_2025-09-03_14-55-50.webp.webp?fit=1024%2C576&ssl=1&resize=525%2C300 1.5x, https:\/\/i0.wp.com\/noticiasribeiraopreto.com.br\/wp-content\/uploads\/2025\/09\/posto_de_1024x576_09092021164726-1_2025-09-03_14-55-50.webp.webp?fit=1024%2C576&ssl=1&resize=700%2C400 2x"},"classes":[]}],"jetpack_sharing_enabled":true,"jetpack_shortlink":"https:\/\/wp.me\/peQAOb-iQc","_links":{"self":[{"href":"https:\/\/noticiasribeiraopreto.com.br\/index.php\/wp-json\/wp\/v2\/posts\/72428","targetHints":{"allow":["GET"]}}],"collection":[{"href":"https:\/\/noticiasribeiraopreto.com.br\/index.php\/wp-json\/wp\/v2\/posts"}],"about":[{"href":"https:\/\/noticiasribeiraopreto.com.br\/index.php\/wp-json\/wp\/v2\/types\/post"}],"author":[{"embeddable":true,"href":"https:\/\/noticiasribeiraopreto.com.br\/index.php\/wp-json\/wp\/v2\/users\/1"}],"replies":[{"embeddable":true,"href":"https:\/\/noticiasribeiraopreto.com.br\/index.php\/wp-json\/wp\/v2\/comments?post=72428"}],"version-history":[{"count":0,"href":"https:\/\/noticiasribeiraopreto.com.br\/index.php\/wp-json\/wp\/v2\/posts\/72428\/revisions"}],"wp:featuredmedia":[{"embeddable":true,"href":"https:\/\/noticiasribeiraopreto.com.br\/index.php\/wp-json\/wp\/v2\/media\/72429"}],"wp:attachment":[{"href":"https:\/\/noticiasribeiraopreto.com.br\/index.php\/wp-json\/wp\/v2\/media?parent=72428"}],"wp:term":[{"taxonomy":"category","embeddable":true,"href":"https:\/\/noticiasribeiraopreto.com.br\/index.php\/wp-json\/wp\/v2\/categories?post=72428"},{"taxonomy":"post_tag","embeddable":true,"href":"https:\/\/noticiasribeiraopreto.com.br\/index.php\/wp-json\/wp\/v2\/tags?post=72428"}],"curies":[{"name":"wp","href":"https:\/\/api.w.org\/{rel}","templated":true}]}}