{"id":72432,"date":"2025-06-17T09:40:45","date_gmt":"2025-06-17T12:40:45","guid":{"rendered":"https:\/\/noticiasribeiraopreto.com.br\/index.php\/2025\/06\/17\/bairros-da-zona-sul-de-ribeirao-preto-recebem-alerta-para-falta-dagua-ate-o-periodo-da-noite\/"},"modified":"2025-06-17T09:40:45","modified_gmt":"2025-06-17T12:40:45","slug":"bairros-da-zona-sul-de-ribeirao-preto-recebem-alerta-para-falta-dagua-ate-o-periodo-da-noite","status":"publish","type":"post","link":"https:\/\/noticiasribeiraopreto.com.br\/index.php\/2025\/06\/17\/bairros-da-zona-sul-de-ribeirao-preto-recebem-alerta-para-falta-dagua-ate-o-periodo-da-noite\/","title":{"rendered":"Bairros da zona Sul de Ribeir\u00e3o Preto recebem alerta para falta d\u2019\u00e1gua at\u00e9 o per\u00edodo da noite"},"content":{"rendered":"<div class='code-block code-block-1' style='margin: 8px 0 8px auto; text-align: right; display: block; clear: both;'>\n<p><a href=\"https:\/\/wa.link\/vpicfd\"><img data-recalc-dims=\"1\" class=\"wp-image-4922\" style=\"aspect-ratio: 2.0253164556962027; width: 561px; height: auto;\" src=\"https:\/\/i0.wp.com\/ismaelcolosi.com.br\/wp-content\/uploads\/2023\/11\/grupo-de-empregos-whatsapp-e-facebook-ismael-colosi-vagas.jpg?ssl=1\" alt=\"\" \/><\/a><\/p>\n<!-- \/wp:image -->\n<\/div>\n<p> <br \/>\n<\/p>\n<div>\n                O Grupo EP usa cookies e outras tecnologias semelhantes para melhorar a sua experi\u00eancia, analisar o tr\u00e1fego do site e personalizar o conte\u00fado. Conhe\u00e7a a nossa <a href=\"https:\/\/www.empresaspioneiras.com.br\/privacidade\/\" class=\"cookie-link\" target=\"_blank\">pol\u00edtica de privacidade<\/a> e, ao continuar navegando, voc\u00ea concorda com estas condi\u00e7\u00f5es.\n            <\/div>\n<p><br \/>\n<br \/><a href=\"https:\/\/www.acidadeon.com\/ribeiraopreto\/cotidiano\/bairros-da-zona-sul-de-ribeirao-preto-recebem-alerta-para-falta-dagua-ate-o-periodo-da-noite\/\">Source link <\/a><\/p>\n<!-- CONTENT END 1 -->\n","protected":false},"excerpt":{"rendered":"<p>O Grupo EP usa cookies e outras tecnologias semelhantes para melhorar a sua experi\u00eancia, analisar o tr\u00e1fego do site e personalizar o conte\u00fado. Conhe\u00e7a a&#8230;<\/p>\n","protected":false},"author":1,"featured_media":72433,"comment_status":"open","ping_status":"open","sticky":false,"template":"","format":"standard","meta":{"advanced_seo_description":"","jetpack_seo_html_title":"","jetpack_seo_noindex":false,"jetpack_post_was_ever_published":false,"_jetpack_newsletter_access":"","_jetpack_dont_email_post_to_subs":false,"_jetpack_newsletter_tier_id":0,"_jetpack_memberships_contains_paywalled_content":false,"_jetpack_memberships_contains_paid_content":false,"footnotes":"","jetpack_publicize_message":"","jetpack_publicize_feature_enabled":true,"jetpack_social_post_already_shared":true,"jetpack_social_options":{"image_generator_settings":{"template":"highway","default_image_id":0,"font":"","enabled":false},"version":2}},"categories":[11],"tags":[],"class_list":["post-72432","post","type-post","status-publish","format-standard","has-post-thumbnail","hentry","category-noticias-de-ribeirao-preto-sp-e-regiao-ismael-colosi"],"jetpack_publicize_connections":[],"jetpack_featured_media_url":"https:\/\/i0.wp.com\/noticiasribeiraopreto.com.br\/wp-content\/uploads\/2025\/06\/divulgacao_cesan_2024-07-10_14-36-03_jpg_2024-07-10_14-36-03.webp.webp?fit=600%2C400&ssl=1","jetpack-related-posts":[{"id":79880,"url":"https:\/\/noticiasribeiraopreto.com.br\/index.php\/2025\/11\/10\/ribeirao-preto-e-escolhido-para-implantacao-de-corredores-verdes-e-jardins-de-mel-entenda\/","url_meta":{"origin":72432,"position":0},"title":"Ribeir\u00e3o Preto \u00e9 escolhido para implanta\u00e7\u00e3o de &#8216;corredores verdes e jardins de mel&#8217;; Entenda","author":"noticiasribeiraopreto.com.br","date":"10 de November de 2025","format":false,"excerpt":"Ribeir\u00e3o Preto \u00e9 uma das cidades contempladas com recursos financeiros e t\u00e9cnicos para a implanta\u00e7\u00e3o do projeto \u201cCorredores Verdes e Jardins de Mel: Ribeir\u00e3o Preto, cidade amiga das abelhas\u201d, que integra a iniciativa de cidades verdes e resilientes. Ribeir\u00e3o Preto disputou com outras 27 cidades e garantiu o apoio do\u2026","rel":"","context":"In &quot;Not\u00edcias de Ribeir\u00e3o Preto-SP e Regi\u00e3o&quot;","block_context":{"text":"Not\u00edcias de Ribeir\u00e3o Preto-SP e Regi\u00e3o","link":"https:\/\/noticiasribeiraopreto.com.br\/index.php\/category\/noticias-de-ribeirao-preto-sp-e-regiao-ismael-colosi\/"},"img":{"alt_text":"","src":"https:\/\/i0.wp.com\/noticiasribeiraopreto.com.br\/wp-content\/uploads\/2025\/11\/ribeirao-preto-cidades-resilientes_2025-11-10_13-50-03.webp.webp?fit=1200%2C799&ssl=1&resize=350%2C200","width":350,"height":200,"srcset":"https:\/\/i0.wp.com\/noticiasribeiraopreto.com.br\/wp-content\/uploads\/2025\/11\/ribeirao-preto-cidades-resilientes_2025-11-10_13-50-03.webp.webp?fit=1200%2C799&ssl=1&resize=350%2C200 1x, https:\/\/i0.wp.com\/noticiasribeiraopreto.com.br\/wp-content\/uploads\/2025\/11\/ribeirao-preto-cidades-resilientes_2025-11-10_13-50-03.webp.webp?fit=1200%2C799&ssl=1&resize=525%2C300 1.5x, https:\/\/i0.wp.com\/noticiasribeiraopreto.com.br\/wp-content\/uploads\/2025\/11\/ribeirao-preto-cidades-resilientes_2025-11-10_13-50-03.webp.webp?fit=1200%2C799&ssl=1&resize=700%2C400 2x, https:\/\/i0.wp.com\/noticiasribeiraopreto.com.br\/wp-content\/uploads\/2025\/11\/ribeirao-preto-cidades-resilientes_2025-11-10_13-50-03.webp.webp?fit=1200%2C799&ssl=1&resize=1050%2C600 3x"},"classes":[]},{"id":79803,"url":"https:\/\/noticiasribeiraopreto.com.br\/index.php\/2025\/11\/07\/ribeirao-preto-adota-numero-unico-para-consultas-medicas-e-telemedicina\/","url_meta":{"origin":72432,"position":1},"title":"Ribeir\u00e3o Preto adota n\u00famero \u00fanico para consultas m\u00e9dicas e telemedicina","author":"noticiasribeiraopreto.com.br","date":"7 de November de 2025","format":false,"excerpt":"A partir da pr\u00f3xima segunda-feira (10), moradores de Ribeir\u00e3o Preto ter\u00e3o um \u00fanico n\u00famero para agendar consultas e acessar o servi\u00e7o de telemedicina da rede municipal. O atendimento passa a ser feito pelo 0800 772 7215, o mesmo n\u00famero do Cuidar+On, plataforma de teleconsulta da Prefeitura. Com a mudan\u00e7a, o\u2026","rel":"","context":"In &quot;Not\u00edcias de Ribeir\u00e3o Preto-SP e Regi\u00e3o&quot;","block_context":{"text":"Not\u00edcias de Ribeir\u00e3o Preto-SP e Regi\u00e3o","link":"https:\/\/noticiasribeiraopreto.com.br\/index.php\/category\/noticias-de-ribeirao-preto-sp-e-regiao-ismael-colosi\/"},"img":{"alt_text":"","src":"https:\/\/i0.wp.com\/noticiasribeiraopreto.com.br\/wp-content\/uploads\/2025\/09\/Copia-de-Copia-de-Copia-de-TAMANHO-EXATO-PARA-FOTOS-NO-SISTEMA-NOVO-2025-09-08T162125.333_2025-09-08_19-21-46.webp.webp?fit=1200%2C675&ssl=1&resize=350%2C200","width":350,"height":200,"srcset":"https:\/\/i0.wp.com\/noticiasribeiraopreto.com.br\/wp-content\/uploads\/2025\/09\/Copia-de-Copia-de-Copia-de-TAMANHO-EXATO-PARA-FOTOS-NO-SISTEMA-NOVO-2025-09-08T162125.333_2025-09-08_19-21-46.webp.webp?fit=1200%2C675&ssl=1&resize=350%2C200 1x, https:\/\/i0.wp.com\/noticiasribeiraopreto.com.br\/wp-content\/uploads\/2025\/09\/Copia-de-Copia-de-Copia-de-TAMANHO-EXATO-PARA-FOTOS-NO-SISTEMA-NOVO-2025-09-08T162125.333_2025-09-08_19-21-46.webp.webp?fit=1200%2C675&ssl=1&resize=525%2C300 1.5x, https:\/\/i0.wp.com\/noticiasribeiraopreto.com.br\/wp-content\/uploads\/2025\/09\/Copia-de-Copia-de-Copia-de-TAMANHO-EXATO-PARA-FOTOS-NO-SISTEMA-NOVO-2025-09-08T162125.333_2025-09-08_19-21-46.webp.webp?fit=1200%2C675&ssl=1&resize=700%2C400 2x, https:\/\/i0.wp.com\/noticiasribeiraopreto.com.br\/wp-content\/uploads\/2025\/09\/Copia-de-Copia-de-Copia-de-TAMANHO-EXATO-PARA-FOTOS-NO-SISTEMA-NOVO-2025-09-08T162125.333_2025-09-08_19-21-46.webp.webp?fit=1200%2C675&ssl=1&resize=1050%2C600 3x"},"classes":[]},{"id":80945,"url":"https:\/\/noticiasribeiraopreto.com.br\/index.php\/2025\/12\/18\/lula-assina-liberacao-de-mais-de-r-1-bilhao-para-obras-de-mobilidade-urbana-em-ribeirao-preto\/","url_meta":{"origin":72432,"position":2},"title":"Lula assina libera\u00e7\u00e3o de mais de R$ 1 bilh\u00e3o para obras de mobilidade urbana em Ribeir\u00e3o Preto","author":"noticiasribeiraopreto.com.br","date":"18 de December de 2025","format":false,"excerpt":"O presidente Luiz In\u00e1cio Lula da Silva (PT) assinou, nesta quinta-feira (18), em Bras\u00edlia-DF, a libera\u00e7\u00e3o de mais de R$ 1 bilh\u00e3o em investimentos voltados \u00e0 mobilidade urbana de Ribeir\u00e3o Preto. Segundo o chefe do Executivo, o munic\u00edpio \u00e9 estrat\u00e9gico para o desenvolvimento do Brasil, \u201cpela sua for\u00e7a econ\u00f4mica, pela\u2026","rel":"","context":"In &quot;Not\u00edcias de Ribeir\u00e3o Preto-SP e Regi\u00e3o&quot;","block_context":{"text":"Not\u00edcias de Ribeir\u00e3o Preto-SP e Regi\u00e3o","link":"https:\/\/noticiasribeiraopreto.com.br\/index.php\/category\/noticias-de-ribeirao-preto-sp-e-regiao-ismael-colosi\/"},"img":{"alt_text":"","src":"https:\/\/i0.wp.com\/noticiasribeiraopreto.com.br\/wp-content\/uploads\/2025\/12\/IMG-20251218-WA0220_2025-12-18_20-49-48.webp.webp?fit=1200%2C801&ssl=1&resize=350%2C200","width":350,"height":200,"srcset":"https:\/\/i0.wp.com\/noticiasribeiraopreto.com.br\/wp-content\/uploads\/2025\/12\/IMG-20251218-WA0220_2025-12-18_20-49-48.webp.webp?fit=1200%2C801&ssl=1&resize=350%2C200 1x, https:\/\/i0.wp.com\/noticiasribeiraopreto.com.br\/wp-content\/uploads\/2025\/12\/IMG-20251218-WA0220_2025-12-18_20-49-48.webp.webp?fit=1200%2C801&ssl=1&resize=525%2C300 1.5x, https:\/\/i0.wp.com\/noticiasribeiraopreto.com.br\/wp-content\/uploads\/2025\/12\/IMG-20251218-WA0220_2025-12-18_20-49-48.webp.webp?fit=1200%2C801&ssl=1&resize=700%2C400 2x, https:\/\/i0.wp.com\/noticiasribeiraopreto.com.br\/wp-content\/uploads\/2025\/12\/IMG-20251218-WA0220_2025-12-18_20-49-48.webp.webp?fit=1200%2C801&ssl=1&resize=1050%2C600 3x"},"classes":[]},{"id":49445,"url":"https:\/\/noticiasribeiraopreto.com.br\/index.php\/2024\/05\/10\/shoppings-de-ribeirao-preto-tem-programacao-especial-para-o-dia-das-maes\/","url_meta":{"origin":72432,"position":3},"title":"Shoppings de Ribeir\u00e3o Preto t\u00eam programa\u00e7\u00e3o especial para o Dia das M\u00e3es","author":"noticiasribeiraopreto.com.br","date":"10 de May de 2024","format":false,"excerpt":"O Dia das M\u00e3es \u00e9 comemorado no pr\u00f3ximo domingo, dia 12 de maio. E, para celebrar essa data, os shoppings de Ribeir\u00e3o Preto contam com uma programa\u00e7\u00e3o cultural especial. Confira: Santa \u00darsula\u00a0\u00a0 A Orquestra Sinf\u00f4nica de Ribeir\u00e3o Preto far\u00e1 apresenta\u00e7\u00e3o gratuita no domingo (12), na pra\u00e7a de alimenta\u00e7\u00e3o, das 13h\u2026","rel":"","context":"In &quot;Not\u00edcias de Ribeir\u00e3o Preto-SP e Regi\u00e3o&quot;","block_context":{"text":"Not\u00edcias de Ribeir\u00e3o Preto-SP e Regi\u00e3o","link":"https:\/\/noticiasribeiraopreto.com.br\/index.php\/category\/noticias-de-ribeirao-preto-sp-e-regiao-ismael-colosi\/"},"img":{"alt_text":"","src":"https:\/\/i0.wp.com\/noticiasribeiraopreto.com.br\/wp-content\/uploads\/2024\/05\/Copia-de-Copia-de-TAMANHO-EXATO-PARA-FOTOS-NO-SISTEMA-NOVO-3_2024-05-10_14-19-34_jpg_2024-05-10_14-19-34.webp.webp?fit=1200%2C675&ssl=1&resize=350%2C200","width":350,"height":200,"srcset":"https:\/\/i0.wp.com\/noticiasribeiraopreto.com.br\/wp-content\/uploads\/2024\/05\/Copia-de-Copia-de-TAMANHO-EXATO-PARA-FOTOS-NO-SISTEMA-NOVO-3_2024-05-10_14-19-34_jpg_2024-05-10_14-19-34.webp.webp?fit=1200%2C675&ssl=1&resize=350%2C200 1x, https:\/\/i0.wp.com\/noticiasribeiraopreto.com.br\/wp-content\/uploads\/2024\/05\/Copia-de-Copia-de-TAMANHO-EXATO-PARA-FOTOS-NO-SISTEMA-NOVO-3_2024-05-10_14-19-34_jpg_2024-05-10_14-19-34.webp.webp?fit=1200%2C675&ssl=1&resize=525%2C300 1.5x, https:\/\/i0.wp.com\/noticiasribeiraopreto.com.br\/wp-content\/uploads\/2024\/05\/Copia-de-Copia-de-TAMANHO-EXATO-PARA-FOTOS-NO-SISTEMA-NOVO-3_2024-05-10_14-19-34_jpg_2024-05-10_14-19-34.webp.webp?fit=1200%2C675&ssl=1&resize=700%2C400 2x, https:\/\/i0.wp.com\/noticiasribeiraopreto.com.br\/wp-content\/uploads\/2024\/05\/Copia-de-Copia-de-TAMANHO-EXATO-PARA-FOTOS-NO-SISTEMA-NOVO-3_2024-05-10_14-19-34_jpg_2024-05-10_14-19-34.webp.webp?fit=1200%2C675&ssl=1&resize=1050%2C600 3x"},"classes":[]},{"id":58215,"url":"https:\/\/noticiasribeiraopreto.com.br\/index.php\/2024\/09\/21\/estudo-sobre-o-centro-de-ribeirao-preto-alerta-para-baixa-arborizacao-na-regiao\/","url_meta":{"origin":72432,"position":4},"title":"Estudo sobre o Centro de Ribeir\u00e3o Preto alerta para baixa arboriza\u00e7\u00e3o\u00a0na regi\u00e3o","author":"noticiasribeiraopreto.com.br","date":"21 de September de 2024","format":false,"excerpt":"O Dia da \u00c1rvore \u00e9 celebrado neste s\u00e1bado (21) e uma pesquisa revelou a car\u00eancia de arboriza\u00e7\u00e3o na regi\u00e3o central de Ribeir\u00e3o Preto, o que impacta diretamente no clima e na qualidade de vida \u2013 saiba mais abaixo. O levantamento faz parte de um amplo estudo sobre o Quadril\u00e1tero Central\u2026","rel":"","context":"In &quot;Not\u00edcias de Ribeir\u00e3o Preto-SP e Regi\u00e3o&quot;","block_context":{"text":"Not\u00edcias de Ribeir\u00e3o Preto-SP e Regi\u00e3o","link":"https:\/\/noticiasribeiraopreto.com.br\/index.php\/category\/noticias-de-ribeirao-preto-sp-e-regiao-ismael-colosi\/"},"img":{"alt_text":"","src":"https:\/\/i0.wp.com\/noticiasribeiraopreto.com.br\/wp-content\/uploads\/2024\/07\/CENTRO-RIBEIRAO-PRETO-DRONE-Foto-Guilherme-Sircili-3_2024-07-08_18-03-23_jpg_2024-07-08_18-03-25-scaled.webp.webp?fit=1200%2C900&ssl=1&resize=350%2C200","width":350,"height":200,"srcset":"https:\/\/i0.wp.com\/noticiasribeiraopreto.com.br\/wp-content\/uploads\/2024\/07\/CENTRO-RIBEIRAO-PRETO-DRONE-Foto-Guilherme-Sircili-3_2024-07-08_18-03-23_jpg_2024-07-08_18-03-25-scaled.webp.webp?fit=1200%2C900&ssl=1&resize=350%2C200 1x, https:\/\/i0.wp.com\/noticiasribeiraopreto.com.br\/wp-content\/uploads\/2024\/07\/CENTRO-RIBEIRAO-PRETO-DRONE-Foto-Guilherme-Sircili-3_2024-07-08_18-03-23_jpg_2024-07-08_18-03-25-scaled.webp.webp?fit=1200%2C900&ssl=1&resize=525%2C300 1.5x, https:\/\/i0.wp.com\/noticiasribeiraopreto.com.br\/wp-content\/uploads\/2024\/07\/CENTRO-RIBEIRAO-PRETO-DRONE-Foto-Guilherme-Sircili-3_2024-07-08_18-03-23_jpg_2024-07-08_18-03-25-scaled.webp.webp?fit=1200%2C900&ssl=1&resize=700%2C400 2x, https:\/\/i0.wp.com\/noticiasribeiraopreto.com.br\/wp-content\/uploads\/2024\/07\/CENTRO-RIBEIRAO-PRETO-DRONE-Foto-Guilherme-Sircili-3_2024-07-08_18-03-23_jpg_2024-07-08_18-03-25-scaled.webp.webp?fit=1200%2C900&ssl=1&resize=1050%2C600 3x"},"classes":[]},{"id":33363,"url":"https:\/\/noticiasribeiraopreto.com.br\/index.php\/2024\/01\/29\/reajuste-do-vale-transporte-para-r-6-e-suspenso-em-ribeirao-preto\/","url_meta":{"origin":72432,"position":5},"title":"Reajuste do vale-transporte para R$ 6 \u00e9 suspenso em Ribeir\u00e3o Preto","author":"noticiasribeiraopreto.com.br","date":"29 de January de 2024","format":false,"excerpt":"A ju\u00edza Lucilene Aparecida Canella de Melo, da 2\u00aa Vara da Fazenda P\u00fablica de Ribeir\u00e3o Preto, concedeu uma liminar que suspende o reajuste para os usu\u00e1rios do vale-transporte nos \u00f4nibus de Ribeir\u00e3o Preto. De acordo com o decreto 8\/2024, o valor da tarifa para esta modalidade seria reajustado de R$\u2026","rel":"","context":"In &quot;Not\u00edcias de Ribeir\u00e3o Preto-SP e Regi\u00e3o&quot;","block_context":{"text":"Not\u00edcias de Ribeir\u00e3o Preto-SP e Regi\u00e3o","link":"https:\/\/noticiasribeiraopreto.com.br\/index.php\/category\/noticias-de-ribeirao-preto-sp-e-regiao-ismael-colosi\/"},"img":{"alt_text":"","src":"https:\/\/i0.wp.com\/noticiasribeiraopreto.com.br\/wp-content\/uploads\/2024\/01\/avenida-dom-pedro-i-ribeirao-preto.jpg?fit=1200%2C800&ssl=1&resize=350%2C200","width":350,"height":200,"srcset":"https:\/\/i0.wp.com\/noticiasribeiraopreto.com.br\/wp-content\/uploads\/2024\/01\/avenida-dom-pedro-i-ribeirao-preto.jpg?fit=1200%2C800&ssl=1&resize=350%2C200 1x, https:\/\/i0.wp.com\/noticiasribeiraopreto.com.br\/wp-content\/uploads\/2024\/01\/avenida-dom-pedro-i-ribeirao-preto.jpg?fit=1200%2C800&ssl=1&resize=525%2C300 1.5x, https:\/\/i0.wp.com\/noticiasribeiraopreto.com.br\/wp-content\/uploads\/2024\/01\/avenida-dom-pedro-i-ribeirao-preto.jpg?fit=1200%2C800&ssl=1&resize=700%2C400 2x, https:\/\/i0.wp.com\/noticiasribeiraopreto.com.br\/wp-content\/uploads\/2024\/01\/avenida-dom-pedro-i-ribeirao-preto.jpg?fit=1200%2C800&ssl=1&resize=1050%2C600 3x"},"classes":[]}],"jetpack_sharing_enabled":true,"jetpack_shortlink":"https:\/\/wp.me\/peQAOb-iQg","_links":{"self":[{"href":"https:\/\/noticiasribeiraopreto.com.br\/index.php\/wp-json\/wp\/v2\/posts\/72432","targetHints":{"allow":["GET"]}}],"collection":[{"href":"https:\/\/noticiasribeiraopreto.com.br\/index.php\/wp-json\/wp\/v2\/posts"}],"about":[{"href":"https:\/\/noticiasribeiraopreto.com.br\/index.php\/wp-json\/wp\/v2\/types\/post"}],"author":[{"embeddable":true,"href":"https:\/\/noticiasribeiraopreto.com.br\/index.php\/wp-json\/wp\/v2\/users\/1"}],"replies":[{"embeddable":true,"href":"https:\/\/noticiasribeiraopreto.com.br\/index.php\/wp-json\/wp\/v2\/comments?post=72432"}],"version-history":[{"count":0,"href":"https:\/\/noticiasribeiraopreto.com.br\/index.php\/wp-json\/wp\/v2\/posts\/72432\/revisions"}],"wp:featuredmedia":[{"embeddable":true,"href":"https:\/\/noticiasribeiraopreto.com.br\/index.php\/wp-json\/wp\/v2\/media\/72433"}],"wp:attachment":[{"href":"https:\/\/noticiasribeiraopreto.com.br\/index.php\/wp-json\/wp\/v2\/media?parent=72432"}],"wp:term":[{"taxonomy":"category","embeddable":true,"href":"https:\/\/noticiasribeiraopreto.com.br\/index.php\/wp-json\/wp\/v2\/categories?post=72432"},{"taxonomy":"post_tag","embeddable":true,"href":"https:\/\/noticiasribeiraopreto.com.br\/index.php\/wp-json\/wp\/v2\/tags?post=72432"}],"curies":[{"name":"wp","href":"https:\/\/api.w.org\/{rel}","templated":true}]}}