{"id":72538,"date":"2025-06-18T10:09:27","date_gmt":"2025-06-18T13:09:27","guid":{"rendered":"https:\/\/noticiasribeiraopreto.com.br\/index.php\/2025\/06\/18\/vai-ter-frio-no-feriado-prolongado-veja-como-fica-o-tempo-com-inicio-do-inverno-2025\/"},"modified":"2025-06-18T10:09:27","modified_gmt":"2025-06-18T13:09:27","slug":"vai-ter-frio-no-feriado-prolongado-veja-como-fica-o-tempo-com-inicio-do-inverno-2025","status":"publish","type":"post","link":"https:\/\/noticiasribeiraopreto.com.br\/index.php\/2025\/06\/18\/vai-ter-frio-no-feriado-prolongado-veja-como-fica-o-tempo-com-inicio-do-inverno-2025\/","title":{"rendered":"Vai ter frio no feriado prolongado? Veja como fica o tempo com in\u00edcio do inverno 2025"},"content":{"rendered":"<p> <br \/>\n<\/p>\n<div data-td-block-uid=\"tdi_95\">\n<div class=\"tdb-block-inner td-fix-index\">\n<p><strong>Um bloqueio atmosf\u00e9rico permanece sobre a regi\u00e3o central do Brasil e inibe a forma\u00e7\u00e3o de nuvens no Sudeste pelos pr\u00f3ximos dias. Com isso, a\u00a0chuva\u00a0fica concentrada nas extremidades do pa\u00eds.\u00a0<\/strong><\/p>\n<p>Segundo a <a href=\"https:\/\/www.climatempo.com.br\/\">Climatempo<\/a>, <mark style=\"background-color:#fcb900\" class=\"has-inline-color has-black-color\">mesmo com o in\u00edcio do inverno na noite de sexta-feira (20), durante o feriado prolongado de Corpus Christi e anivers\u00e1rio de Ribeir\u00e3o Preto, esse bloqueio deve se estender at\u00e9 fim desta semana.<\/mark><\/p>\n<p>Nas regi\u00f5es sob o bloqueio atmosf\u00e9rico, a previs\u00e3o \u00e9 de tempo\u00a0muito seco, com amplitude t\u00e9rmica acentuada \u2013 \u00a0grande diferen\u00e7a entre as temperaturas m\u00ednima e m\u00e1xima, com manh\u00e3s frias e tardes quentes \u2013 e umidade relativa do ar abaixo de 30%.<\/p>\n<figure class=\"wp-block-pullquote\">\n<blockquote>\n<p>Embora o bloqueio n\u00e3o eleve as temperaturas a n\u00edveis de uma onda de calor ou veranico, eleva as temperaturas m\u00e1ximas no Centro-Oeste, Sudeste e interior do Nordeste, aumentando bastante a amplitude t\u00e9rmica di\u00e1ria. As manh\u00e3s ter\u00e3o m\u00ednimas mais baixas que o habitual, gra\u00e7as \u00e0s longas noites limpas, e as tardes ser\u00e3o quentes sob sol forte e ar seco, <\/p>\n<p><cite><strong>explica Guilherme Borges, da Climatempo.<\/strong><\/cite><\/p><\/blockquote>\n<\/figure>\n<h2 class=\"wp-block-heading\"><strong>Veja a previs\u00e3o do tempo em Ribeir\u00e3o Preto:<\/strong><\/h2>\n<p>13\u00b0C \/ 28\u00b0C<\/p>\n<p>Sol com muitas nuvens \u00e0 tarde e \u00e0 noite, mas sem chuva.<\/p>\n<p>Chuva: 0 mm \/ 0%<\/p>\n<p>Umidade do ar: 42% \/ 82%<\/p>\n<p>14\u00b0C \/ 29\u00b0C<\/p>\n<p>Sol com algumas nuvens. N\u00e3o chove.<\/p>\n<p>Chuva: 0 mm \/ 0%<\/p>\n<p>Umidade do ar: 40% \/ 84%<\/p>\n<ul class=\"wp-block-list\">\n<li><strong>Sexta-feira (20)<\/strong> \u2013 In\u00edcio do inverno 2025, \u00e0s 23h42<\/li>\n<\/ul>\n<p>15\u00b0C \/ 29\u00b0C<\/p>\n<p>Sol com muitas nuvens durante o dia e per\u00edodos de c\u00e9u nublado. Noite com muitas nuvens.<\/p>\n<p>Chuva: 0 mm \/ 0%<\/p>\n<p>Umidade do ar: 40% \/ 78%<\/p>\n<p>14\u00b0C \/ 29\u00b0C<\/p>\n<p>Sol com muitas nuvens durante o dia. \u00c0 noite o c\u00e9u fica com muitas nuvens, mas n\u00e3o chove.<\/p>\n<p>Chuva: 0 mm \/ 0%<\/p>\n<p>Umidade do ar: 35% \/ 81%<\/p>\n<p>15\u00b0C \/ 29\u00b0C<\/p>\n<p>Sol com muitas nuvens durante o dia e per\u00edodos de c\u00e9u nublado. Noite com muitas nuvens.<\/p>\n<p>Chuva: 0 mm \/ 0%<\/p>\n<p>Umidade do ar: 32% \/ 73%<\/p>\n<p>Fonte: Climatempo<\/p>\n<p>SAIBA MAIS<\/p>\n<p>Gerente \u00e9 condenado a 21 anos de pris\u00e3o por morte do namorado em Ribeir\u00e3o Preto<\/p>\n<h3 class=\"wp-block-heading\"><strong>FIQUE ON<\/strong><\/h3>\n<p>Quer ficar por dentro de tudo que acontece em Ribeir\u00e3o Preto e regi\u00e3o? Ent\u00e3o siga os perfis do\u202facidade on\u202fno\u202f<a href=\"https:\/\/www.instagram.com\/acidadeonribeirao\" target=\"_blank\" rel=\"noreferrer noopener\">Instagram<\/a>\u202fe no\u202f<a href=\"https:\/\/www.facebook.com\/acidadeonribeirao\/\" target=\"_blank\" rel=\"noreferrer noopener\">Facebook<\/a>.<\/p>\n<p>Al\u00e9m disso, voc\u00ea pode receber as principais not\u00edcias diretamente no WhatsApp. Para isso, basta\u00a0<a href=\"https:\/\/chat.whatsapp.com\/BjKQZ9oJwlz8VVT50NuePq\" target=\"_blank\" rel=\"noreferrer noopener\">entrar no grupo clicando aqui<\/a>.<\/p>\n<p>Por fim, se quiser fazer uma den\u00fancia ou sugerir uma reportagem sobre Ribeir\u00e3o Preto e regi\u00e3o, envie uma mensagem pelo WhatsApp: (16) 99117-7802.<\/p>\n<p>VEJA TAMB\u00c9M<\/p>\n<p>O que acontece ap\u00f3s novo ataque homof\u00f3bico?<\/p>\n<p><!-- CONTENT END 1 -->\n<\/div>\n<\/div>\n<p><script async src=\"\/\/www.instagram.com\/embed.js\"><\/script><br \/>\n<br \/><br \/>\n<br \/><a href=\"https:\/\/www.acidadeon.com\/ribeiraopreto\/cotidiano\/vai-ter-frio-no-feriado-prolongado-veja-como-fica-o-tempo-com-inicio-do-inverno-2025\/\">Source link <\/a><\/p>\n","protected":false},"excerpt":{"rendered":"<p>Um bloqueio atmosf\u00e9rico permanece sobre a regi\u00e3o central do Brasil e inibe a forma\u00e7\u00e3o de nuvens no Sudeste pelos pr\u00f3ximos dias. Com isso, a\u00a0chuva\u00a0fica concentrada&#8230;<\/p>\n","protected":false},"author":1,"featured_media":72539,"comment_status":"open","ping_status":"open","sticky":false,"template":"","format":"standard","meta":{"advanced_seo_description":"","jetpack_seo_html_title":"","jetpack_seo_noindex":false,"jetpack_post_was_ever_published":false,"_jetpack_newsletter_access":"","_jetpack_dont_email_post_to_subs":false,"_jetpack_newsletter_tier_id":0,"_jetpack_memberships_contains_paywalled_content":false,"_jetpack_memberships_contains_paid_content":false,"footnotes":"","jetpack_publicize_message":"","jetpack_publicize_feature_enabled":true,"jetpack_social_post_already_shared":true,"jetpack_social_options":{"image_generator_settings":{"template":"highway","default_image_id":0,"font":"","enabled":false},"version":2}},"categories":[11],"tags":[],"class_list":["post-72538","post","type-post","status-publish","format-standard","has-post-thumbnail","hentry","category-noticias-de-ribeirao-preto-sp-e-regiao-ismael-colosi"],"jetpack_publicize_connections":[],"jetpack_featured_media_url":"https:\/\/i0.wp.com\/noticiasribeiraopreto.com.br\/wp-content\/uploads\/2025\/06\/WhatsApp-Image-2025-02-27-at-06.44.11_2025-02-27_09-58-35_jpeg_2025-02-27_09-58-36.webp.webp?fit=1600%2C720&ssl=1","jetpack-related-posts":[{"id":72468,"url":"https:\/\/noticiasribeiraopreto.com.br\/index.php\/2025\/06\/17\/bloqueio-atmosferico-impede-chegada-de-frentes-frias-ao-interior-de-sp-veja-ate-quando\/","url_meta":{"origin":72538,"position":0},"title":"Bloqueio atmosf\u00e9rico impede chegada de frentes frias ao interior de SP; Veja at\u00e9 quando","author":"noticiasribeiraopreto.com.br","date":"17 de June de 2025","format":false,"excerpt":"A atua\u00e7\u00e3o de um bloqueio atmosf\u00e9rico dever\u00e1 manter o tempo aberto no Norte do estado de S\u00e3o Paulo pelos pr\u00f3ximos dias. A Climatempo prev\u00ea que a semana deve terminar\u00a0com a atua\u00e7\u00e3o desse bloqueio, que impede o avan\u00e7o de frentes frias para a faixa central do pa\u00eds. Em Ribeir\u00e3o Preto, a\u2026","rel":"","context":"In &quot;Not\u00edcias de Ribeir\u00e3o Preto-SP e Regi\u00e3o&quot;","block_context":{"text":"Not\u00edcias de Ribeir\u00e3o Preto-SP e Regi\u00e3o","link":"https:\/\/noticiasribeiraopreto.com.br\/index.php\/category\/noticias-de-ribeirao-preto-sp-e-regiao-ismael-colosi\/"},"img":{"alt_text":"","src":"https:\/\/i0.wp.com\/noticiasribeiraopreto.com.br\/wp-content\/uploads\/2025\/06\/WhatsApp-Image-2025-06-17-at-14.27.19_2025-06-17_17-29-48.webp.webp?fit=1200%2C540&ssl=1&resize=350%2C200","width":350,"height":200,"srcset":"https:\/\/i0.wp.com\/noticiasribeiraopreto.com.br\/wp-content\/uploads\/2025\/06\/WhatsApp-Image-2025-06-17-at-14.27.19_2025-06-17_17-29-48.webp.webp?fit=1200%2C540&ssl=1&resize=350%2C200 1x, https:\/\/i0.wp.com\/noticiasribeiraopreto.com.br\/wp-content\/uploads\/2025\/06\/WhatsApp-Image-2025-06-17-at-14.27.19_2025-06-17_17-29-48.webp.webp?fit=1200%2C540&ssl=1&resize=525%2C300 1.5x, https:\/\/i0.wp.com\/noticiasribeiraopreto.com.br\/wp-content\/uploads\/2025\/06\/WhatsApp-Image-2025-06-17-at-14.27.19_2025-06-17_17-29-48.webp.webp?fit=1200%2C540&ssl=1&resize=700%2C400 2x, https:\/\/i0.wp.com\/noticiasribeiraopreto.com.br\/wp-content\/uploads\/2025\/06\/WhatsApp-Image-2025-06-17-at-14.27.19_2025-06-17_17-29-48.webp.webp?fit=1200%2C540&ssl=1&resize=1050%2C600 3x"},"classes":[]},{"id":69426,"url":"https:\/\/noticiasribeiraopreto.com.br\/index.php\/2025\/05\/06\/veranico-no-outono-entenda-o-bloqueio-que-causa-temperaturas-elevadas-no-interior-de-sp\/","url_meta":{"origin":72538,"position":1},"title":"Veranico no outono: Entenda o bloqueio que causa temperaturas elevadas no interior de SP","author":"noticiasribeiraopreto.com.br","date":"6 de May de 2025","format":false,"excerpt":"Um bloqueio atmosf\u00e9rico dificulta o deslocamento normal das frentes frias para o Sudeste, reduz a umidade do ar e diminui as condi\u00e7\u00f5es de chuva nesta semana. Segundo a Climatempo, as temperaturas ter\u00e3o uma grande eleva\u00e7\u00e3o nos pr\u00f3ximos dias. No interior de S\u00e3o Paulo, a previs\u00e3o aponta entre 3\u00b0C a 5\u00b0C\u2026","rel":"","context":"In &quot;Not\u00edcias de Ribeir\u00e3o Preto-SP e Regi\u00e3o&quot;","block_context":{"text":"Not\u00edcias de Ribeir\u00e3o Preto-SP e Regi\u00e3o","link":"https:\/\/noticiasribeiraopreto.com.br\/index.php\/category\/noticias-de-ribeirao-preto-sp-e-regiao-ismael-colosi\/"},"img":{"alt_text":"","src":"https:\/\/i0.wp.com\/noticiasribeiraopreto.com.br\/wp-content\/uploads\/2024\/09\/Imagem-do-WhatsApp-de-2024-09-05-as-12.42.28_b99b5e7f_2024-09-05_15-43-27_jpg_2024-09-05_15-43-28-scaled.webp.webp?fit=1200%2C494&ssl=1&resize=350%2C200","width":350,"height":200,"srcset":"https:\/\/i0.wp.com\/noticiasribeiraopreto.com.br\/wp-content\/uploads\/2024\/09\/Imagem-do-WhatsApp-de-2024-09-05-as-12.42.28_b99b5e7f_2024-09-05_15-43-27_jpg_2024-09-05_15-43-28-scaled.webp.webp?fit=1200%2C494&ssl=1&resize=350%2C200 1x, https:\/\/i0.wp.com\/noticiasribeiraopreto.com.br\/wp-content\/uploads\/2024\/09\/Imagem-do-WhatsApp-de-2024-09-05-as-12.42.28_b99b5e7f_2024-09-05_15-43-27_jpg_2024-09-05_15-43-28-scaled.webp.webp?fit=1200%2C494&ssl=1&resize=525%2C300 1.5x, https:\/\/i0.wp.com\/noticiasribeiraopreto.com.br\/wp-content\/uploads\/2024\/09\/Imagem-do-WhatsApp-de-2024-09-05-as-12.42.28_b99b5e7f_2024-09-05_15-43-27_jpg_2024-09-05_15-43-28-scaled.webp.webp?fit=1200%2C494&ssl=1&resize=700%2C400 2x, https:\/\/i0.wp.com\/noticiasribeiraopreto.com.br\/wp-content\/uploads\/2024\/09\/Imagem-do-WhatsApp-de-2024-09-05-as-12.42.28_b99b5e7f_2024-09-05_15-43-27_jpg_2024-09-05_15-43-28-scaled.webp.webp?fit=1200%2C494&ssl=1&resize=1050%2C600 3x"},"classes":[]},{"id":52741,"url":"https:\/\/noticiasribeiraopreto.com.br\/index.php\/2024\/06\/12\/calorao-e-tempo-seco-quando-as-chuvas-poderao-retornar-ao-estado-de-sp\/","url_meta":{"origin":72538,"position":2},"title":"&#8216;Calor\u00e3o&#8217; e tempo seco: Quando as chuvas poder\u00e3o retornar ao estado de SP?","author":"noticiasribeiraopreto.com.br","date":"12 de June de 2024","format":false,"excerpt":"O \u2018calor\u00e3o\u2019 que afeta o estado de S\u00e3o Paulo deve continuar por mais algum tempo, devido a um novo padr\u00e3o de bloqueio atmosf\u00e9rico que trouxe tempo seco e altas temperaturas para o Centro-Sul do Brasil, de acordo com a meteorologia. Esse cen\u00e1rio fez com que a Climatempo prorrogasse o veranico\u2026","rel":"","context":"In &quot;Not\u00edcias de Ribeir\u00e3o Preto-SP e Regi\u00e3o&quot;","block_context":{"text":"Not\u00edcias de Ribeir\u00e3o Preto-SP e Regi\u00e3o","link":"https:\/\/noticiasribeiraopreto.com.br\/index.php\/category\/noticias-de-ribeirao-preto-sp-e-regiao-ismael-colosi\/"},"img":{"alt_text":"","src":"https:\/\/i0.wp.com\/noticiasribeiraopreto.com.br\/wp-content\/uploads\/2024\/06\/dia_tem_1024x576_25012021065510.jpg?fit=1024%2C576&ssl=1&resize=350%2C200","width":350,"height":200,"srcset":"https:\/\/i0.wp.com\/noticiasribeiraopreto.com.br\/wp-content\/uploads\/2024\/06\/dia_tem_1024x576_25012021065510.jpg?fit=1024%2C576&ssl=1&resize=350%2C200 1x, https:\/\/i0.wp.com\/noticiasribeiraopreto.com.br\/wp-content\/uploads\/2024\/06\/dia_tem_1024x576_25012021065510.jpg?fit=1024%2C576&ssl=1&resize=525%2C300 1.5x, https:\/\/i0.wp.com\/noticiasribeiraopreto.com.br\/wp-content\/uploads\/2024\/06\/dia_tem_1024x576_25012021065510.jpg?fit=1024%2C576&ssl=1&resize=700%2C400 2x"},"classes":[]},{"id":64131,"url":"https:\/\/noticiasribeiraopreto.com.br\/index.php\/2025\/03\/02\/frente-fria-e-onda-de-calor-veja-a-previsao-do-tempo-para-o-mes-de-marco\/","url_meta":{"origin":72538,"position":3},"title":"Frente fria e onda de calor? Veja a previs\u00e3o do tempo para o m\u00eas de mar\u00e7o","author":"noticiasribeiraopreto.com.br","date":"2 de March de 2025","format":false,"excerpt":"O m\u00eas de mar\u00e7o de 2005 come\u00e7a com uma situa\u00e7\u00e3o de bloqueio atmosf\u00e9rico que estabelece uma nova onda de calor sobre o Brasil, segundo a Climatempo. Esta ser\u00e1 a quinta onda de calor neste ano e deve persistir pelo menos at\u00e9 o dia 5. Contudo, uma nova frente fria pode\u2026","rel":"","context":"In &quot;Not\u00edcias de Ribeir\u00e3o Preto-SP e Regi\u00e3o&quot;","block_context":{"text":"Not\u00edcias de Ribeir\u00e3o Preto-SP e Regi\u00e3o","link":"https:\/\/noticiasribeiraopreto.com.br\/index.php\/category\/noticias-de-ribeirao-preto-sp-e-regiao-ismael-colosi\/"},"img":{"alt_text":"","src":"https:\/\/i0.wp.com\/noticiasribeiraopreto.com.br\/wp-content\/uploads\/2024\/10\/calor-2_2024-10-08_20-08-44_jpeg_2024-10-08_20-08-44-scaled.webp.webp?fit=1200%2C800&ssl=1&resize=350%2C200","width":350,"height":200,"srcset":"https:\/\/i0.wp.com\/noticiasribeiraopreto.com.br\/wp-content\/uploads\/2024\/10\/calor-2_2024-10-08_20-08-44_jpeg_2024-10-08_20-08-44-scaled.webp.webp?fit=1200%2C800&ssl=1&resize=350%2C200 1x, https:\/\/i0.wp.com\/noticiasribeiraopreto.com.br\/wp-content\/uploads\/2024\/10\/calor-2_2024-10-08_20-08-44_jpeg_2024-10-08_20-08-44-scaled.webp.webp?fit=1200%2C800&ssl=1&resize=525%2C300 1.5x, https:\/\/i0.wp.com\/noticiasribeiraopreto.com.br\/wp-content\/uploads\/2024\/10\/calor-2_2024-10-08_20-08-44_jpeg_2024-10-08_20-08-44-scaled.webp.webp?fit=1200%2C800&ssl=1&resize=700%2C400 2x, https:\/\/i0.wp.com\/noticiasribeiraopreto.com.br\/wp-content\/uploads\/2024\/10\/calor-2_2024-10-08_20-08-44_jpeg_2024-10-08_20-08-44-scaled.webp.webp?fit=1200%2C800&ssl=1&resize=1050%2C600 3x"},"classes":[]},{"id":53421,"url":"https:\/\/noticiasribeiraopreto.com.br\/index.php\/2024\/06\/19\/as-vesperas-do-inverno-interior-de-sp-tem-novo-alerta-de-perigo-potencial\/","url_meta":{"origin":72538,"position":4},"title":"\u00c0s v\u00e9speras do inverno, interior de SP tem novo alerta de perigo potencial","author":"noticiasribeiraopreto.com.br","date":"19 de June de 2024","format":false,"excerpt":"O inverno come\u00e7a astronomicamente, nesta quinta-feira (20), \u00e0s 17h51, pelo hor\u00e1rio de Bras\u00edlia e a esta\u00e7\u00e3o ser\u00e1 marcada pelo tempo seco no interior de S\u00e3o Paulo, de acordo com a Climatempo. Por conta desse cen\u00e1rio, o Instituto Nacional de Meteorologia (Inmet) emitiu um novo comunicado informando que grande parte do\u2026","rel":"","context":"In &quot;Not\u00edcias de Ribeir\u00e3o Preto-SP e Regi\u00e3o&quot;","block_context":{"text":"Not\u00edcias de Ribeir\u00e3o Preto-SP e Regi\u00e3o","link":"https:\/\/noticiasribeiraopreto.com.br\/index.php\/category\/noticias-de-ribeirao-preto-sp-e-regiao-ismael-colosi\/"},"img":{"alt_text":"","src":"https:\/\/i0.wp.com\/noticiasribeiraopreto.com.br\/wp-content\/uploads\/2024\/06\/frio_ribeirao_1024x576_30062021063120.jpg?fit=1024%2C576&ssl=1&resize=350%2C200","width":350,"height":200,"srcset":"https:\/\/i0.wp.com\/noticiasribeiraopreto.com.br\/wp-content\/uploads\/2024\/06\/frio_ribeirao_1024x576_30062021063120.jpg?fit=1024%2C576&ssl=1&resize=350%2C200 1x, https:\/\/i0.wp.com\/noticiasribeiraopreto.com.br\/wp-content\/uploads\/2024\/06\/frio_ribeirao_1024x576_30062021063120.jpg?fit=1024%2C576&ssl=1&resize=525%2C300 1.5x, https:\/\/i0.wp.com\/noticiasribeiraopreto.com.br\/wp-content\/uploads\/2024\/06\/frio_ribeirao_1024x576_30062021063120.jpg?fit=1024%2C576&ssl=1&resize=700%2C400 2x"},"classes":[]},{"id":53218,"url":"https:\/\/noticiasribeiraopreto.com.br\/index.php\/2024\/06\/17\/entenda-como-deve-ser-o-inverno-no-interior-de-sp\/","url_meta":{"origin":72538,"position":5},"title":"Entenda como deve ser o inverno no interior de SP","author":"noticiasribeiraopreto.com.br","date":"17 de June de 2024","format":false,"excerpt":"O inverno no Brasil come\u00e7a nesta quinta-feira (20) e, de acordo com os meteorologistas, a forma\u00e7\u00e3o e poss\u00edvel intensifica\u00e7\u00e3o de um novo epis\u00f3dio do La Ni\u00f1a ter\u00e1 influ\u00eancia no padr\u00e3o de temperatura da esta\u00e7\u00e3o. Esse fen\u00f4meno \u00e9 caracterizado pelo resfriamento das \u00e1guas superficiais das partes Central e Leste do Oceano\u2026","rel":"","context":"In &quot;Not\u00edcias de Ribeir\u00e3o Preto-SP e Regi\u00e3o&quot;","block_context":{"text":"Not\u00edcias de Ribeir\u00e3o Preto-SP e Regi\u00e3o","link":"https:\/\/noticiasribeiraopreto.com.br\/index.php\/category\/noticias-de-ribeirao-preto-sp-e-regiao-ismael-colosi\/"},"img":{"alt_text":"","src":"https:\/\/i0.wp.com\/noticiasribeiraopreto.com.br\/wp-content\/uploads\/2024\/06\/clima_tempo_1200x675_18052022172333.jpg?fit=1200%2C675&ssl=1&resize=350%2C200","width":350,"height":200,"srcset":"https:\/\/i0.wp.com\/noticiasribeiraopreto.com.br\/wp-content\/uploads\/2024\/06\/clima_tempo_1200x675_18052022172333.jpg?fit=1200%2C675&ssl=1&resize=350%2C200 1x, https:\/\/i0.wp.com\/noticiasribeiraopreto.com.br\/wp-content\/uploads\/2024\/06\/clima_tempo_1200x675_18052022172333.jpg?fit=1200%2C675&ssl=1&resize=525%2C300 1.5x, https:\/\/i0.wp.com\/noticiasribeiraopreto.com.br\/wp-content\/uploads\/2024\/06\/clima_tempo_1200x675_18052022172333.jpg?fit=1200%2C675&ssl=1&resize=700%2C400 2x, https:\/\/i0.wp.com\/noticiasribeiraopreto.com.br\/wp-content\/uploads\/2024\/06\/clima_tempo_1200x675_18052022172333.jpg?fit=1200%2C675&ssl=1&resize=1050%2C600 3x"},"classes":[]}],"jetpack_sharing_enabled":true,"jetpack_shortlink":"https:\/\/wp.me\/peQAOb-iRY","_links":{"self":[{"href":"https:\/\/noticiasribeiraopreto.com.br\/index.php\/wp-json\/wp\/v2\/posts\/72538","targetHints":{"allow":["GET"]}}],"collection":[{"href":"https:\/\/noticiasribeiraopreto.com.br\/index.php\/wp-json\/wp\/v2\/posts"}],"about":[{"href":"https:\/\/noticiasribeiraopreto.com.br\/index.php\/wp-json\/wp\/v2\/types\/post"}],"author":[{"embeddable":true,"href":"https:\/\/noticiasribeiraopreto.com.br\/index.php\/wp-json\/wp\/v2\/users\/1"}],"replies":[{"embeddable":true,"href":"https:\/\/noticiasribeiraopreto.com.br\/index.php\/wp-json\/wp\/v2\/comments?post=72538"}],"version-history":[{"count":0,"href":"https:\/\/noticiasribeiraopreto.com.br\/index.php\/wp-json\/wp\/v2\/posts\/72538\/revisions"}],"wp:featuredmedia":[{"embeddable":true,"href":"https:\/\/noticiasribeiraopreto.com.br\/index.php\/wp-json\/wp\/v2\/media\/72539"}],"wp:attachment":[{"href":"https:\/\/noticiasribeiraopreto.com.br\/index.php\/wp-json\/wp\/v2\/media?parent=72538"}],"wp:term":[{"taxonomy":"category","embeddable":true,"href":"https:\/\/noticiasribeiraopreto.com.br\/index.php\/wp-json\/wp\/v2\/categories?post=72538"},{"taxonomy":"post_tag","embeddable":true,"href":"https:\/\/noticiasribeiraopreto.com.br\/index.php\/wp-json\/wp\/v2\/tags?post=72538"}],"curies":[{"name":"wp","href":"https:\/\/api.w.org\/{rel}","templated":true}]}}