{"id":72540,"date":"2025-06-18T10:15:50","date_gmt":"2025-06-18T13:15:50","guid":{"rendered":"https:\/\/noticiasribeiraopreto.com.br\/index.php\/2025\/06\/18\/gerente-e-condenado-a-21-anos-de-prisao-por-morte-do-namorado-em-ribeirao-preto\/"},"modified":"2025-06-18T10:15:50","modified_gmt":"2025-06-18T13:15:50","slug":"gerente-e-condenado-a-21-anos-de-prisao-por-morte-do-namorado-em-ribeirao-preto","status":"publish","type":"post","link":"https:\/\/noticiasribeiraopreto.com.br\/index.php\/2025\/06\/18\/gerente-e-condenado-a-21-anos-de-prisao-por-morte-do-namorado-em-ribeirao-preto\/","title":{"rendered":"Gerente \u00e9 condenado a 21 anos de pris\u00e3o por morte do namorado em Ribeir\u00e3o Preto"},"content":{"rendered":"<p> <br \/>\n<\/p>\n<div>\n<p><strong>O gerente Carlos Portugal Arouca J\u00fanior, de 45 anos, foi condenado a 21 anos de pris\u00e3o pela morte do namorado Heber Galante Assalim J\u00fanior, em crime ocorrido no apartamento onde os dois viviam, em fevereiro de 2018, na zona Sul de Ribeir\u00e3o Preto.<\/strong><\/p>\n<p>O <strong>r\u00e9u <\/strong>est\u00e1 <strong>foragido <\/strong>e o <strong>j\u00fari popular<\/strong> aconteceu \u00e0 revelia nesta <strong>segunda-feira (17)<\/strong>, no <strong>F\u00f3rum de Ribeir\u00e3o<\/strong>. A condena\u00e7\u00e3o \u00e9 pelo <strong>crime de homic\u00eddio duplamente qualificado<\/strong>.<\/p>\n<p>Heber tinha 22 anos\u00a0quando foi morto a facadas.<\/p>\n<p>O gerente havia alegado leg\u00edtima defesa, durante uma discuss\u00e3o por causa de uma est\u00e1tua de gesso que ele tinha ganhado da m\u00e3e do namorado.<\/p>\n<p>\u00c0 \u00e9poca, ele disse \u00e0 pol\u00edcia que a briga come\u00e7ou porque ele queria jogar a est\u00e1tua no lixo e o namorado n\u00e3o deixava.<\/p>\n<p>Ainda conforme o gerente, para se defender de socos e uma navalha, ele usou uma faca de cozinha e atingiu o namorado na barriga.<\/p>\n<p>Heber foi socorrido, mas n\u00e3o resistiu e morreu dias depois no hospital.<\/p>\n<h2 class=\"wp-block-heading\"><strong>Outro lado<\/strong><\/h2>\n<p>A produ\u00e7\u00e3o da EPTV n\u00e3o conseguiu contato com a defesa do r\u00e9u. (Com EPTV)<\/p>\n<p>SAIBA MAIS<\/p>\n<p>Morre fot\u00f3grafo Osmar Cardes, aos 88 anos<\/p>\n<h3 class=\"wp-block-heading\"><strong>FIQUE ON<\/strong><\/h3>\n<p>Quer ficar por dentro de tudo que acontece em Ribeir\u00e3o Preto e regi\u00e3o? Ent\u00e3o siga os perfis do\u202facidade on\u202fno\u202f<a href=\"https:\/\/www.instagram.com\/acidadeonribeirao\" target=\"_blank\" rel=\"noreferrer noopener\">Instagram<\/a>\u202fe no\u202f<a href=\"https:\/\/www.facebook.com\/acidadeonribeirao\/\" target=\"_blank\" rel=\"noreferrer noopener\">Facebook<\/a>.<\/p>\n<p>Al\u00e9m disso, voc\u00ea pode receber as principais not\u00edcias diretamente no WhatsApp. Para isso, basta\u00a0<a href=\"https:\/\/chat.whatsapp.com\/BjKQZ9oJwlz8VVT50NuePq\" target=\"_blank\" rel=\"noreferrer noopener\">entrar no grupo clicando aqui<\/a>.<\/p>\n<p>Por fim, se quiser fazer uma den\u00fancia ou sugerir uma reportagem sobre Ribeir\u00e3o Preto e regi\u00e3o, envie uma mensagem pelo WhatsApp: (16) 99117-7802.<\/p>\n<p>VEJA TAMB\u00c9M<\/p>\n<p>O que acontece ap\u00f3s novo ataque homof\u00f3bico?<\/p>\n<p><!-- CONTENT END 1 -->\n<\/div>\n<p><script async src=\"\/\/www.instagram.com\/embed.js\"><\/script><br \/>\n<br \/><br \/>\n<br \/><a href=\"https:\/\/www.acidadeon.com\/ribeiraopreto\/cotidiano\/gerente-condenado-a-21-anos-de-prisao-por-morte-do-namorado-em-ribeirao-preto\/\">Source link <\/a><\/p>\n","protected":false},"excerpt":{"rendered":"<p>O gerente Carlos Portugal Arouca J\u00fanior, de 45 anos, foi condenado a 21 anos de pris\u00e3o pela morte do namorado Heber Galante Assalim J\u00fanior, em&#8230;<\/p>\n","protected":false},"author":1,"featured_media":72541,"comment_status":"open","ping_status":"open","sticky":false,"template":"","format":"standard","meta":{"advanced_seo_description":"","jetpack_seo_html_title":"","jetpack_seo_noindex":false,"jetpack_post_was_ever_published":false,"_jetpack_newsletter_access":"","_jetpack_dont_email_post_to_subs":false,"_jetpack_newsletter_tier_id":0,"_jetpack_memberships_contains_paywalled_content":false,"_jetpack_memberships_contains_paid_content":false,"footnotes":"","jetpack_publicize_message":"","jetpack_publicize_feature_enabled":true,"jetpack_social_post_already_shared":true,"jetpack_social_options":{"image_generator_settings":{"template":"highway","default_image_id":0,"font":"","enabled":false},"version":2}},"categories":[11],"tags":[],"class_list":["post-72540","post","type-post","status-publish","format-standard","has-post-thumbnail","hentry","category-noticias-de-ribeirao-preto-sp-e-regiao-ismael-colosi"],"jetpack_publicize_connections":[],"jetpack_featured_media_url":"https:\/\/i0.wp.com\/noticiasribeiraopreto.com.br\/wp-content\/uploads\/2025\/06\/JURI_2025-06-18_09-59-19.webp.webp?fit=1200%2C731&ssl=1","jetpack-related-posts":[{"id":76508,"url":"https:\/\/noticiasribeiraopreto.com.br\/index.php\/2025\/08\/30\/homem-e-condenado-a-21-anos-pela-morte-de-ex-namorada-gravida-em-ribeirao\/","url_meta":{"origin":72540,"position":0},"title":"Homem \u00e9 condenado a 21 anos pela morte de ex-namorada gr\u00e1vida em Ribeir\u00e3o","author":"noticiasribeiraopreto.com.br","date":"30 de August de 2025","format":false,"excerpt":"O TJ-SP (Tribunal de Justi\u00e7a de S\u00e3o Paulo) condenou Pedro Ricardo Reina, de 46 anos, a 21 anos e sete meses de pris\u00e3o pela morte da ex-namorada, Enil\u00e9ia Belarmino, gr\u00e1vida de tr\u00eas meses. O crime aconteceu em outubro de 2014, em Ribeir\u00e3o Preto. O j\u00fari popular foi realizado no F\u00f3rum\u2026","rel":"","context":"In &quot;Not\u00edcias de Ribeir\u00e3o Preto-SP e Regi\u00e3o&quot;","block_context":{"text":"Not\u00edcias de Ribeir\u00e3o Preto-SP e Regi\u00e3o","link":"https:\/\/noticiasribeiraopreto.com.br\/index.php\/category\/noticias-de-ribeirao-preto-sp-e-regiao-ismael-colosi\/"},"img":{"alt_text":"","src":"https:\/\/i0.wp.com\/noticiasribeiraopreto.com.br\/wp-content\/uploads\/2025\/08\/Copia-de-Copia-de-Copia-de-TAMANHO-EXATO-PARA-FOTOS-NO-SISTEMA-NOVO-2025-08-30T104730.194_2025-08-30_13-47-45.webp.webp?fit=1200%2C675&ssl=1&resize=350%2C200","width":350,"height":200,"srcset":"https:\/\/i0.wp.com\/noticiasribeiraopreto.com.br\/wp-content\/uploads\/2025\/08\/Copia-de-Copia-de-Copia-de-TAMANHO-EXATO-PARA-FOTOS-NO-SISTEMA-NOVO-2025-08-30T104730.194_2025-08-30_13-47-45.webp.webp?fit=1200%2C675&ssl=1&resize=350%2C200 1x, https:\/\/i0.wp.com\/noticiasribeiraopreto.com.br\/wp-content\/uploads\/2025\/08\/Copia-de-Copia-de-Copia-de-TAMANHO-EXATO-PARA-FOTOS-NO-SISTEMA-NOVO-2025-08-30T104730.194_2025-08-30_13-47-45.webp.webp?fit=1200%2C675&ssl=1&resize=525%2C300 1.5x, https:\/\/i0.wp.com\/noticiasribeiraopreto.com.br\/wp-content\/uploads\/2025\/08\/Copia-de-Copia-de-Copia-de-TAMANHO-EXATO-PARA-FOTOS-NO-SISTEMA-NOVO-2025-08-30T104730.194_2025-08-30_13-47-45.webp.webp?fit=1200%2C675&ssl=1&resize=700%2C400 2x, https:\/\/i0.wp.com\/noticiasribeiraopreto.com.br\/wp-content\/uploads\/2025\/08\/Copia-de-Copia-de-Copia-de-TAMANHO-EXATO-PARA-FOTOS-NO-SISTEMA-NOVO-2025-08-30T104730.194_2025-08-30_13-47-45.webp.webp?fit=1200%2C675&ssl=1&resize=1050%2C600 3x"},"classes":[]},{"id":65952,"url":"https:\/\/noticiasribeiraopreto.com.br\/index.php\/2025\/03\/26\/homem-e-condenado-a-22-anos-de-prisao-por-matar-namorado-na-zona-sul-de-ribeirao-preto\/","url_meta":{"origin":72540,"position":1},"title":"Homem \u00e9 condenado a 22 anos de pris\u00e3o por matar namorado na zona Sul de Ribeir\u00e3o Preto","author":"noticiasribeiraopreto.com.br","date":"26 de March de 2025","format":false,"excerpt":"O Tribunal do J\u00fari condenou, nesta ter\u00e7a-feira (25), Valdomiro Bel\u00e9m Teixeira a 22 anos de pris\u00e3o pela morte do namorado, o cabeleireiro Ronyel Marinho. O crime ocorreu no dia 28 de dezembro de 2017, em Ribeir\u00e3o Preto. Cacos de um espelho foram utilizados contra a v\u00edtima durante uma briga no\u2026","rel":"","context":"In &quot;Not\u00edcias de Ribeir\u00e3o Preto-SP e Regi\u00e3o&quot;","block_context":{"text":"Not\u00edcias de Ribeir\u00e3o Preto-SP e Regi\u00e3o","link":"https:\/\/noticiasribeiraopreto.com.br\/index.php\/category\/noticias-de-ribeirao-preto-sp-e-regiao-ismael-colosi\/"},"img":{"alt_text":"","src":"https:\/\/i0.wp.com\/noticiasribeiraopreto.com.br\/wp-content\/uploads\/2025\/03\/CABELEIREIRO_2025-03-26_10-09-24_jpg_2025-03-26_10-09-24.webp.webp?fit=1200%2C823&ssl=1&resize=350%2C200","width":350,"height":200,"srcset":"https:\/\/i0.wp.com\/noticiasribeiraopreto.com.br\/wp-content\/uploads\/2025\/03\/CABELEIREIRO_2025-03-26_10-09-24_jpg_2025-03-26_10-09-24.webp.webp?fit=1200%2C823&ssl=1&resize=350%2C200 1x, https:\/\/i0.wp.com\/noticiasribeiraopreto.com.br\/wp-content\/uploads\/2025\/03\/CABELEIREIRO_2025-03-26_10-09-24_jpg_2025-03-26_10-09-24.webp.webp?fit=1200%2C823&ssl=1&resize=525%2C300 1.5x, https:\/\/i0.wp.com\/noticiasribeiraopreto.com.br\/wp-content\/uploads\/2025\/03\/CABELEIREIRO_2025-03-26_10-09-24_jpg_2025-03-26_10-09-24.webp.webp?fit=1200%2C823&ssl=1&resize=700%2C400 2x, https:\/\/i0.wp.com\/noticiasribeiraopreto.com.br\/wp-content\/uploads\/2025\/03\/CABELEIREIRO_2025-03-26_10-09-24_jpg_2025-03-26_10-09-24.webp.webp?fit=1200%2C823&ssl=1&resize=1050%2C600 3x"},"classes":[]},{"id":77797,"url":"https:\/\/noticiasribeiraopreto.com.br\/index.php\/2025\/09\/25\/homem-que-espancou-e-matou-namorado-de-ex-em-ribeirao-preto-e-condenado\/","url_meta":{"origin":72540,"position":2},"title":"Homem que espancou e matou namorado de ex em Ribeir\u00e3o Preto \u00e9 condenado","author":"noticiasribeiraopreto.com.br","date":"25 de September de 2025","format":false,"excerpt":"Daniel Valeriano de Brito, de 40 anos, acusado de espancar e matar o namorado de sua ex-namorada, Francisco Machado Fortuna, de 43 anos, em outubro de 2024, foi condenado a 25 anos, seis meses e sete dias de pris\u00e3o pelo J\u00fari Popular, realizado nesta quinta-feira (25). O julgamento foi realizado\u2026","rel":"","context":"In &quot;Not\u00edcias de Ribeir\u00e3o Preto-SP e Regi\u00e3o&quot;","block_context":{"text":"Not\u00edcias de Ribeir\u00e3o Preto-SP e Regi\u00e3o","link":"https:\/\/noticiasribeiraopreto.com.br\/index.php\/category\/noticias-de-ribeirao-preto-sp-e-regiao-ismael-colosi\/"},"img":{"alt_text":"","src":"https:\/\/i0.wp.com\/noticiasribeiraopreto.com.br\/wp-content\/uploads\/2025\/09\/daniel-valeriano_2025-09-25_20-30-10.webp.webp?fit=1068%2C601&ssl=1&resize=350%2C200","width":350,"height":200,"srcset":"https:\/\/i0.wp.com\/noticiasribeiraopreto.com.br\/wp-content\/uploads\/2025\/09\/daniel-valeriano_2025-09-25_20-30-10.webp.webp?fit=1068%2C601&ssl=1&resize=350%2C200 1x, https:\/\/i0.wp.com\/noticiasribeiraopreto.com.br\/wp-content\/uploads\/2025\/09\/daniel-valeriano_2025-09-25_20-30-10.webp.webp?fit=1068%2C601&ssl=1&resize=525%2C300 1.5x, https:\/\/i0.wp.com\/noticiasribeiraopreto.com.br\/wp-content\/uploads\/2025\/09\/daniel-valeriano_2025-09-25_20-30-10.webp.webp?fit=1068%2C601&ssl=1&resize=700%2C400 2x, https:\/\/i0.wp.com\/noticiasribeiraopreto.com.br\/wp-content\/uploads\/2025\/09\/daniel-valeriano_2025-09-25_20-30-10.webp.webp?fit=1068%2C601&ssl=1&resize=1050%2C600 3x"},"classes":[]},{"id":79181,"url":"https:\/\/noticiasribeiraopreto.com.br\/index.php\/2025\/10\/26\/professora-tem-prisao-decretada-apos-confessar-ter-matado-namorado-e-enterrado-o-corpo\/","url_meta":{"origin":72540,"position":3},"title":"Professora tem pris\u00e3o decretada ap\u00f3s confessar ter matado namorado e enterrado o corpo","author":"noticiasribeiraopreto.com.br","date":"26 de October de 2025","format":false,"excerpt":"A Justi\u00e7a decretou a pris\u00e3o da\u00a0professora de est\u00e9tica Jussara Luzia Fernandes, de 62 anos, que confessou ter\u00a0matado o namorado e\u00a0enterrado\u00a0o corpo no quintal de casa em\u00a0Bebedouro, cidade a 80 quil\u00f4metros na\u00a0regi\u00e3o de Ribeir\u00e3o Preto. A mulher havia sido presa na \u00faltima\u00a0nesta sexta-feira (24) e teve a pris\u00e3o em flagrante convertida\u2026","rel":"","context":"In &quot;Not\u00edcias de Ribeir\u00e3o Preto-SP e Regi\u00e3o&quot;","block_context":{"text":"Not\u00edcias de Ribeir\u00e3o Preto-SP e Regi\u00e3o","link":"https:\/\/noticiasribeiraopreto.com.br\/index.php\/category\/noticias-de-ribeirao-preto-sp-e-regiao-ismael-colosi\/"},"img":{"alt_text":"","src":"https:\/\/i0.wp.com\/noticiasribeiraopreto.com.br\/wp-content\/uploads\/2025\/10\/Copia-de-Copia-de-Copia-de-TAMANHO-EXATO-PARA-FOTOS-NO-SISTEMA-NOVO-2025-10-24T163207.513_2025-10-24_19-32-43.webp.webp?fit=1200%2C675&ssl=1&resize=350%2C200","width":350,"height":200,"srcset":"https:\/\/i0.wp.com\/noticiasribeiraopreto.com.br\/wp-content\/uploads\/2025\/10\/Copia-de-Copia-de-Copia-de-TAMANHO-EXATO-PARA-FOTOS-NO-SISTEMA-NOVO-2025-10-24T163207.513_2025-10-24_19-32-43.webp.webp?fit=1200%2C675&ssl=1&resize=350%2C200 1x, https:\/\/i0.wp.com\/noticiasribeiraopreto.com.br\/wp-content\/uploads\/2025\/10\/Copia-de-Copia-de-Copia-de-TAMANHO-EXATO-PARA-FOTOS-NO-SISTEMA-NOVO-2025-10-24T163207.513_2025-10-24_19-32-43.webp.webp?fit=1200%2C675&ssl=1&resize=525%2C300 1.5x, https:\/\/i0.wp.com\/noticiasribeiraopreto.com.br\/wp-content\/uploads\/2025\/10\/Copia-de-Copia-de-Copia-de-TAMANHO-EXATO-PARA-FOTOS-NO-SISTEMA-NOVO-2025-10-24T163207.513_2025-10-24_19-32-43.webp.webp?fit=1200%2C675&ssl=1&resize=700%2C400 2x, https:\/\/i0.wp.com\/noticiasribeiraopreto.com.br\/wp-content\/uploads\/2025\/10\/Copia-de-Copia-de-Copia-de-TAMANHO-EXATO-PARA-FOTOS-NO-SISTEMA-NOVO-2025-10-24T163207.513_2025-10-24_19-32-43.webp.webp?fit=1200%2C675&ssl=1&resize=1050%2C600 3x"},"classes":[]},{"id":62136,"url":"https:\/\/noticiasribeiraopreto.com.br\/index.php\/2025\/01\/04\/acusado-de-espancar-e-matar-namorado-da-ex-companheira-em-ribeirao-preto-e-preso-em-pernambuco\/","url_meta":{"origin":72540,"position":4},"title":"Acusado de espancar e matar namorado da ex-companheira em Ribeir\u00e3o Preto \u00e9 preso em Pernambuco","author":"noticiasribeiraopreto.com.br","date":"4 de January de 2025","format":false,"excerpt":"Daniel Valeriano de Brito, de 39 anos, acusado de espancar e matar o namorado da ex-companheira em Ribeir\u00e3o Preto, foi preso nesta sexta-feira (3), em Petrolina-PE. O crime aconteceu em outubro do ano passado, no bairro Avelino Alves Palma, zona Norte da cidade, em frente a casa em que Francisco\u2026","rel":"","context":"In &quot;Not\u00edcias de Ribeir\u00e3o Preto-SP e Regi\u00e3o&quot;","block_context":{"text":"Not\u00edcias de Ribeir\u00e3o Preto-SP e Regi\u00e3o","link":"https:\/\/noticiasribeiraopreto.com.br\/index.php\/category\/noticias-de-ribeirao-preto-sp-e-regiao-ismael-colosi\/"},"img":{"alt_text":"","src":"https:\/\/i0.wp.com\/noticiasribeiraopreto.com.br\/wp-content\/uploads\/2024\/11\/Copia-de-Copia-de-Copia-de-TAMANHO-EXATO-PARA-FOTOS-NO-SISTEMA-NOVO-2024-11-01T185700.908_2024-11-01_21-57-21_png_2024-11-01_21-57-21.webp.webp?fit=1200%2C675&ssl=1&resize=350%2C200","width":350,"height":200,"srcset":"https:\/\/i0.wp.com\/noticiasribeiraopreto.com.br\/wp-content\/uploads\/2024\/11\/Copia-de-Copia-de-Copia-de-TAMANHO-EXATO-PARA-FOTOS-NO-SISTEMA-NOVO-2024-11-01T185700.908_2024-11-01_21-57-21_png_2024-11-01_21-57-21.webp.webp?fit=1200%2C675&ssl=1&resize=350%2C200 1x, https:\/\/i0.wp.com\/noticiasribeiraopreto.com.br\/wp-content\/uploads\/2024\/11\/Copia-de-Copia-de-Copia-de-TAMANHO-EXATO-PARA-FOTOS-NO-SISTEMA-NOVO-2024-11-01T185700.908_2024-11-01_21-57-21_png_2024-11-01_21-57-21.webp.webp?fit=1200%2C675&ssl=1&resize=525%2C300 1.5x, https:\/\/i0.wp.com\/noticiasribeiraopreto.com.br\/wp-content\/uploads\/2024\/11\/Copia-de-Copia-de-Copia-de-TAMANHO-EXATO-PARA-FOTOS-NO-SISTEMA-NOVO-2024-11-01T185700.908_2024-11-01_21-57-21_png_2024-11-01_21-57-21.webp.webp?fit=1200%2C675&ssl=1&resize=700%2C400 2x, https:\/\/i0.wp.com\/noticiasribeiraopreto.com.br\/wp-content\/uploads\/2024\/11\/Copia-de-Copia-de-Copia-de-TAMANHO-EXATO-PARA-FOTOS-NO-SISTEMA-NOVO-2024-11-01T185700.908_2024-11-01_21-57-21_png_2024-11-01_21-57-21.webp.webp?fit=1200%2C675&ssl=1&resize=1050%2C600 3x"},"classes":[]},{"id":78910,"url":"https:\/\/noticiasribeiraopreto.com.br\/index.php\/2025\/10\/21\/fotografa-e-condenada-a-24-anos-de-prisao-pela-morte-do-namorado-em-ribeirao-preto\/","url_meta":{"origin":72540,"position":5},"title":"Fot\u00f3grafa \u00e9 condenada a 24 anos de pris\u00e3o pela morte do namorado em Ribeir\u00e3o Preto","author":"noticiasribeiraopreto.com.br","date":"21 de October de 2025","format":false,"excerpt":"O Tribunal do J\u00fari condenou a fot\u00f3grafa Brenda Caroline Pereira Xavier a 24 anos de pris\u00e3o por matar a facadas o namorado e corretor de im\u00f3veis, Carlos Felipe Camargo, em Ribeir\u00e3o Preto.\u00a0O julgamento teve in\u00edcio na manh\u00e3 desta segunda-feira (20) e terminou na madrugada desta ter\u00e7a-feira (2). O assassinato do\u2026","rel":"","context":"In &quot;Not\u00edcias de Ribeir\u00e3o Preto-SP e Regi\u00e3o&quot;","block_context":{"text":"Not\u00edcias de Ribeir\u00e3o Preto-SP e Regi\u00e3o","link":"https:\/\/noticiasribeiraopreto.com.br\/index.php\/category\/noticias-de-ribeirao-preto-sp-e-regiao-ismael-colosi\/"},"img":{"alt_text":"","src":"https:\/\/i0.wp.com\/noticiasribeiraopreto.com.br\/wp-content\/uploads\/2025\/10\/brenda-carlos-felipe.webp.webp?fit=1068%2C601&ssl=1&resize=350%2C200","width":350,"height":200,"srcset":"https:\/\/i0.wp.com\/noticiasribeiraopreto.com.br\/wp-content\/uploads\/2025\/10\/brenda-carlos-felipe.webp.webp?fit=1068%2C601&ssl=1&resize=350%2C200 1x, https:\/\/i0.wp.com\/noticiasribeiraopreto.com.br\/wp-content\/uploads\/2025\/10\/brenda-carlos-felipe.webp.webp?fit=1068%2C601&ssl=1&resize=525%2C300 1.5x, https:\/\/i0.wp.com\/noticiasribeiraopreto.com.br\/wp-content\/uploads\/2025\/10\/brenda-carlos-felipe.webp.webp?fit=1068%2C601&ssl=1&resize=700%2C400 2x, https:\/\/i0.wp.com\/noticiasribeiraopreto.com.br\/wp-content\/uploads\/2025\/10\/brenda-carlos-felipe.webp.webp?fit=1068%2C601&ssl=1&resize=1050%2C600 3x"},"classes":[]}],"jetpack_sharing_enabled":true,"jetpack_shortlink":"https:\/\/wp.me\/peQAOb-iS0","_links":{"self":[{"href":"https:\/\/noticiasribeiraopreto.com.br\/index.php\/wp-json\/wp\/v2\/posts\/72540","targetHints":{"allow":["GET"]}}],"collection":[{"href":"https:\/\/noticiasribeiraopreto.com.br\/index.php\/wp-json\/wp\/v2\/posts"}],"about":[{"href":"https:\/\/noticiasribeiraopreto.com.br\/index.php\/wp-json\/wp\/v2\/types\/post"}],"author":[{"embeddable":true,"href":"https:\/\/noticiasribeiraopreto.com.br\/index.php\/wp-json\/wp\/v2\/users\/1"}],"replies":[{"embeddable":true,"href":"https:\/\/noticiasribeiraopreto.com.br\/index.php\/wp-json\/wp\/v2\/comments?post=72540"}],"version-history":[{"count":0,"href":"https:\/\/noticiasribeiraopreto.com.br\/index.php\/wp-json\/wp\/v2\/posts\/72540\/revisions"}],"wp:featuredmedia":[{"embeddable":true,"href":"https:\/\/noticiasribeiraopreto.com.br\/index.php\/wp-json\/wp\/v2\/media\/72541"}],"wp:attachment":[{"href":"https:\/\/noticiasribeiraopreto.com.br\/index.php\/wp-json\/wp\/v2\/media?parent=72540"}],"wp:term":[{"taxonomy":"category","embeddable":true,"href":"https:\/\/noticiasribeiraopreto.com.br\/index.php\/wp-json\/wp\/v2\/categories?post=72540"},{"taxonomy":"post_tag","embeddable":true,"href":"https:\/\/noticiasribeiraopreto.com.br\/index.php\/wp-json\/wp\/v2\/tags?post=72540"}],"curies":[{"name":"wp","href":"https:\/\/api.w.org\/{rel}","templated":true}]}}