{"id":72542,"date":"2025-06-18T10:18:05","date_gmt":"2025-06-18T13:18:05","guid":{"rendered":"https:\/\/noticiasribeiraopreto.com.br\/index.php\/2025\/06\/18\/jornal-da-franca-mais-de-162-mil-veiculos-devem-transitar-na-portinari-no-fim-de-semana-prolongado\/"},"modified":"2025-06-18T10:18:05","modified_gmt":"2025-06-18T13:18:05","slug":"jornal-da-franca-mais-de-162-mil-veiculos-devem-transitar-na-portinari-no-fim-de-semana-prolongado","status":"publish","type":"post","link":"https:\/\/noticiasribeiraopreto.com.br\/index.php\/2025\/06\/18\/jornal-da-franca-mais-de-162-mil-veiculos-devem-transitar-na-portinari-no-fim-de-semana-prolongado\/","title":{"rendered":"Jornal da Franca &#8211; Mais de 162 mil ve\u00edculos devem transitar na &#8220;Portinari&#8221; no fim de semana prolongado"},"content":{"rendered":"<p> <br \/>\n<\/p>\n<div>\n\t                            <a class=\"mb-1\" href=\"https:\/\/api.whatsapp.com\/send?text=Olha essa Not\u00edcia no Jornal da Franca.%0D%0D*Mais de 162 mil ve\u00edculos devem transitar na \u201cPortinari\u201d no fim de semana prolongado*%0D%0Dclique na url abaixo%0Dhttps:\/\/www.jornaldafranca.com.br\/mais-de-162-mil-veiculos-devem-transitar-na-portinari-no-fim-de-semana-prolongado\/\" target=\"_blank\"><span class=\"text-12 badge badge-pill badge-success\"><i class=\"fa fa-whatsapp\"\/> compartilhar no whatsapp<\/span><\/a><\/p>\n<p>\t                            <a class=\"mb-1\" href=\"https:\/\/telegram.me\/share\/url?url=https:\/\/www.jornaldafranca.com.br\/mais-de-162-mil-veiculos-devem-transitar-na-portinari-no-fim-de-semana-prolongado\/&amp;text=Olha essa Not\u00edcia no Jornal da Franca.\" target=\"_blank\"><span class=\"text-12 badge badge-pill badge-info\"><i class=\"fa fa-telegram\"\/> compartilhar no telegram<\/span><\/a><\/p>\n<p>\t                            <a class=\"mb-1\" href=\"https:\/\/www.facebook.com\/sharer\/sharer.php?u=https:\/\/www.jornaldafranca.com.br\/mais-de-162-mil-veiculos-devem-transitar-na-portinari-no-fim-de-semana-prolongado\/\" target=\"_blank\"><span class=\"text-12 badge badge-pill badge-primary\"><i class=\"fa fa-facebook\"\/> compartilhar no facebook<\/span><\/a><\/p>\n<p>\t                            <a class=\"mb-1\" href=\"https:\/\/www.linkedin.com\/shareArticle?mini=true&amp;url=https:\/\/www.jornaldafranca.com.br\/mais-de-162-mil-veiculos-devem-transitar-na-portinari-no-fim-de-semana-prolongado\/&amp;title=Mais de 162 mil ve\u00edculos devem transitar na \u201cPortinari\u201d no fim de semana prolongado&amp;source=JORNAL DA FRANCA\" target=\"_blank\"><span class=\"text-12 badge badge-pill badge-secondary\"><i class=\"fa fa-linkedin\"\/> compartilhar no linkedin<\/span><\/a><\/p>\n<div class=\"lead text-20\">\n<p>Para a SP-334 (Rodovia C\u00e2ndido Portinari), entre Ribeir\u00e3o Preto a Franca, a estimativa \u00e9 de um movimento de 162.259 ve\u00edculos.<\/p>\n<\/p><\/div>\n<p><img data-recalc-dims=\"1\" decoding=\"async\" src=\"https:\/\/i0.wp.com\/www.jornaldafranca.com.br\/wp-content\/uploads\/2025\/06\/Candido-Portinari-proximo-shopping.jpg?ssl=1\" alt=\"\"\/><\/p>\n<p>A Arteris ViaPaulista estima tr\u00e1fego de ao menos 743 mil ve\u00edculos durante o final de semana prolongado de Corpus Christi, celebrado nesta pr\u00f3xima quinta-feira (19), e inicia opera\u00e7\u00e3o especial a fim de refor\u00e7ar a seguran\u00e7a em suas rodovias, a partir desta quarta-feira (18).<\/p>\n<p>Para a SP-334 (Rodovia C\u00e2ndido Portinari), entre Ribeir\u00e3o Preto a Franca, a estimativa \u00e9 de um movimento de 162.259 ve\u00edculos. Para a rodovia Ronan Rocha n\u00e3o foi elaborado nenhum estudo de movimenta\u00e7\u00e3o.<\/p>\n<p>A previs\u00e3o \u00e9 de um aumento de 4% em compara\u00e7\u00e3o com dias comuns e inclui o movimento de ve\u00edculos at\u00e9 segunda-feira (23) em todas as dez rodovias sob gest\u00e3o da empresa, de Franca a Riversul, na divisa do Estado de S\u00e3o Paulo.<\/p>\n<p>Para garantir uma viagem mais segura aos motoristas e passageiros, as equipes da Arteris estar\u00e3o mobilizadas 24 horas por dia, com monitoramento via c\u00e2meras, apoio de viaturas de inspe\u00e7\u00e3o e atendimento pr\u00e9-hospitalar.<\/p>\n<p><strong>Mensagens de alerta<\/strong><\/p>\n<p>Pain\u00e9is eletr\u00f4nicos ao longo das rodovias v\u00e3o exibir mensagens educativas com foco em dire\u00e7\u00e3o respons\u00e1vel e preserva\u00e7\u00e3o ambiental, em sinergia com as a\u00e7\u00f5es da campanha Junho Verde.<\/p>\n<p>\u201cO feriado prolongado de Corpus Christi marca um dos per\u00edodos de maior movimenta\u00e7\u00e3o nas rodovias. Por isso, al\u00e9m de intensificarmos nossa estrutura operacional, refor\u00e7amos orienta\u00e7\u00f5es para que os motoristas adotem comportamentos seguros durante o trajeto\u201d, destaca Ricardo Tozzi Gerab, diretor-superintendente.<\/p>\n<p>A concession\u00e1ria atuar\u00e1 operacionalmente com um refor\u00e7o que incluiu 20 ambul\u00e2ncias para atendimento pr\u00e9-hospitalar, 15 viaturas de inspe\u00e7\u00e3o de tr\u00e1fego, 13 guinchos leves e 7 pesados para remo\u00e7\u00e3o de ve\u00edculos, al\u00e9m de viaturas de inspe\u00e7\u00e3o percorrendo os trechos e monitoramento integral realizado pelo Centro de Controle Operacional (CCO).<\/p>\n<p><strong>Cuidados antes e durante a viagem<\/strong><\/p>\n<p>Antes de pegar a estrada, a recomenda\u00e7\u00e3o \u00e9 que o condutor fa\u00e7a uma revis\u00e3o preventiva no ve\u00edculo, checando itens como pneus, freios, luzes, n\u00edvel de \u00f3leo e combust\u00edvel.<\/p>\n<p>Durante a viagem, \u00e9 essencial respeitar os limites de velocidade, manter dist\u00e2ncia segura de outros ve\u00edculos, evitar o uso do celular ao volante e realizar pausas para descanso em trajetos mais longos.<\/p>\n<p>Aten\u00e7\u00e3o deve estar redobrada tamb\u00e9m em trechos de serra, regi\u00f5es com neblina e em caso de chuva na rodovia, quando o risco de acidentes \u00e9 maior.<\/p>\n<p><strong>Junho Verde: mais consci\u00eancia tamb\u00e9m no meio ambiente<\/strong><\/p>\n<p>No m\u00eas dedicado \u00e0 conscientiza\u00e7\u00e3o ambiental, a Arteris tamb\u00e9m refor\u00e7a alertas importantes sobre o impacto das a\u00e7\u00f5es individuais nas rodovias e no meio ambiente. Al\u00e9m de ampliar o risco de acidentes, o descarte incorreto de res\u00edduos pode provocar danos s\u00e9rios \u00e0 natureza.<\/p>\n<p>Entre os comportamentos que devem ser evitados, est\u00e3o:<\/p>\n<p>Jogar lixo pela janela do ve\u00edculo;<\/p>\n<p>Descartar bitucas de cigarro, que podem causar inc\u00eandios em \u00e1reas de vegeta\u00e7\u00e3o pr\u00f3ximas \u00e0s pistas;<\/p>\n<p>Abandonar objetos ou restos de alimentos na estrada.<\/p>\n<p><strong>Atendimento e canais de comunica\u00e7\u00e3o<\/strong><\/p>\n<p>A Arteris orienta ainda que os usu\u00e1rios utilizem os canais de atendimento para informar situa\u00e7\u00f5es de emerg\u00eancia ou solicitar servi\u00e7os nas rodovias.<\/p>\n<p>Para atender aos usu\u00e1rios, as equipes ficam de plant\u00e3o com monitoramento cont\u00ednuo por c\u00e2meras de alta tecnologia. Os caminhoneiros tamb\u00e9m contam com duas \u00e1reas de descanso na SP-255, em Bocaina e Taquarituba, no interior de SP.<\/p>\n<p>Para dar mais agilidade nas pra\u00e7as de ped\u00e1gio, a Arteris oferece op\u00e7\u00f5es modernas de pagamento, como a tecnologia de aproxima\u00e7\u00e3o (NFC) para cart\u00e3o de d\u00e9bito, celulares e smartwatches, al\u00e9m de tags, dinheiro e cheque no valor da tarifa.<\/p>\n<p>Os usu\u00e1rios podem acompanhar as condi\u00e7\u00f5es do tr\u00e1fego em tempo real pelas redes sociais das concession\u00e1rias no X (antigo Twitter) ou pelos telefones 0800. Confira os hor\u00e1rios de pico:<\/p>\n<p><strong>ViaPaulista (SP-330, SP-334, SP-255, SP-281, SP-249, SP-257, SP-318, SP-328, SP-345)<\/strong><\/p>\n<p>Condi\u00e7\u00f5es de tr\u00e1fego: @<a href=\"https:\/\/twitter.com\/arteris_vp\"><strong>arteris_vp<\/strong><\/a>\u00a0\/ 0800 001 1255<\/p>\n<p>Quarta-feira (18\/6) \u2013 a partir das 14h<\/p>\n<p>Quinta-feira (19\/6) \u2013 a partir das 9h<\/p>\n<p>Sexta-feira (20\/6) \u2013 tr\u00e1fego normal<\/p>\n<p>S\u00e1bado (21\/6) \u2013 tr\u00e1fego normal<\/p>\n<p>Domingo (22\/6) \u2013 a partir das 10h<\/p>\n<p><!-- CONTENT END 1 --><\/p>\n<hr\/><\/div>\n<p><script async src=\"\/\/platform.twitter.com\/widgets.js\" charset=\"utf-8\"><\/script><br \/>\n<br \/><br \/>\n<br \/><a href=\"https:\/\/www.jornaldafranca.com.br\/mais-de-162-mil-veiculos-devem-transitar-na-portinari-no-fim-de-semana-prolongado\/\">Source link <\/a><\/p>\n","protected":false},"excerpt":{"rendered":"<p>compartilhar no whatsapp compartilhar no telegram compartilhar no facebook compartilhar no linkedin Para a SP-334 (Rodovia C\u00e2ndido Portinari), entre Ribeir\u00e3o Preto a Franca, a estimativa&#8230;<\/p>\n","protected":false},"author":1,"featured_media":72543,"comment_status":"open","ping_status":"open","sticky":false,"template":"","format":"standard","meta":{"advanced_seo_description":"","jetpack_seo_html_title":"","jetpack_seo_noindex":false,"jetpack_post_was_ever_published":false,"_jetpack_newsletter_access":"","_jetpack_dont_email_post_to_subs":false,"_jetpack_newsletter_tier_id":0,"_jetpack_memberships_contains_paywalled_content":false,"_jetpack_memberships_contains_paid_content":false,"footnotes":"","jetpack_publicize_message":"","jetpack_publicize_feature_enabled":true,"jetpack_social_post_already_shared":true,"jetpack_social_options":{"image_generator_settings":{"template":"highway","default_image_id":0,"font":"","enabled":false},"version":2}},"categories":[3597],"tags":[],"class_list":["post-72542","post","type-post","status-publish","format-standard","has-post-thumbnail","hentry","category-noticias-franca-sp"],"jetpack_publicize_connections":[],"jetpack_featured_media_url":"https:\/\/i0.wp.com\/noticiasribeiraopreto.com.br\/wp-content\/uploads\/2025\/06\/Candido-Portinari-proximo-shopping.jpg?fit=1024%2C768&ssl=1","jetpack-related-posts":[{"id":73017,"url":"https:\/\/noticiasribeiraopreto.com.br\/index.php\/2025\/06\/24\/jornal-da-franca-clima-sera-de-frio-porem-agradavel-e-fresco-em-franca-nesta-terca-deve-chover\/","url_meta":{"origin":72542,"position":0},"title":"Jornal da Franca &#8211; Clima ser\u00e1 de frio, por\u00e9m agrad\u00e1vel e fresco em Franca nesta ter\u00e7a: deve chover","author":"noticiasribeiraopreto.com.br","date":"24 de June de 2025","format":false,"excerpt":"compartilhar no whatsapp compartilhar no telegram compartilhar no facebook compartilhar no linkedin Cidade tem previs\u00e3o de chuva de at\u00e9 12 mil\u00edmetros A previs\u00e3o do tempo para Franca indica um dia agrad\u00e1vel, com temperatura m\u00ednima de 5\u00b0C e m\u00e1xima de 22\u00b0C. H\u00e1 grande possibilidade de chuva, com volume de at\u00e9 12\u2026","rel":"","context":"In &quot;Not\u00edcias de Franca-SP&quot;","block_context":{"text":"Not\u00edcias de Franca-SP","link":"https:\/\/noticiasribeiraopreto.com.br\/index.php\/category\/noticias-de-ribeirao-preto-sp-e-regiao-ismael-colosi\/noticias-franca-sp\/"},"img":{"alt_text":"","src":"https:\/\/i0.wp.com\/noticiasribeiraopreto.com.br\/wp-content\/uploads\/2025\/06\/1750758766_Franca.jpeg?fit=1200%2C806&ssl=1&resize=350%2C200","width":350,"height":200,"srcset":"https:\/\/i0.wp.com\/noticiasribeiraopreto.com.br\/wp-content\/uploads\/2025\/06\/1750758766_Franca.jpeg?fit=1200%2C806&ssl=1&resize=350%2C200 1x, https:\/\/i0.wp.com\/noticiasribeiraopreto.com.br\/wp-content\/uploads\/2025\/06\/1750758766_Franca.jpeg?fit=1200%2C806&ssl=1&resize=525%2C300 1.5x, https:\/\/i0.wp.com\/noticiasribeiraopreto.com.br\/wp-content\/uploads\/2025\/06\/1750758766_Franca.jpeg?fit=1200%2C806&ssl=1&resize=700%2C400 2x, https:\/\/i0.wp.com\/noticiasribeiraopreto.com.br\/wp-content\/uploads\/2025\/06\/1750758766_Franca.jpeg?fit=1200%2C806&ssl=1&resize=1050%2C600 3x"},"classes":[]},{"id":69220,"url":"https:\/\/noticiasribeiraopreto.com.br\/index.php\/2025\/05\/03\/jornal-da-franca-socorristas-que-salvaram-crianca-em-franca-recebem-mocao-de-aplausos-da-camara\/","url_meta":{"origin":72542,"position":1},"title":"Jornal da Franca &#8211; Socorristas que salvaram crian\u00e7a em Franca\u00a0recebem Mo\u00e7\u00e3o de Aplausos da C\u00e2mara","author":"noticiasribeiraopreto.com.br","date":"3 de May de 2025","format":false,"excerpt":"compartilhar no whatsapp compartilhar no telegram compartilhar no facebook compartilhar no linkedin Mo\u00e7\u00e3o reconhece trabalho de equipe de sa\u00fade que atuou no salvamento de beb\u00ea A C\u00e2mara aprovou a Mo\u00e7\u00e3o de Aplausos n\u00ba 41 de 2025, de autoria do vereador Walker Bombeiro da Libras, para a equipe de sa\u00fade da\u2026","rel":"","context":"In &quot;Not\u00edcias de Franca-SP&quot;","block_context":{"text":"Not\u00edcias de Franca-SP","link":"https:\/\/noticiasribeiraopreto.com.br\/index.php\/category\/noticias-de-ribeirao-preto-sp-e-regiao-ismael-colosi\/noticias-franca-sp\/"},"img":{"alt_text":"","src":"https:\/\/i0.wp.com\/noticiasribeiraopreto.com.br\/wp-content\/uploads\/2025\/05\/mocaoravi17sessao.jpg?fit=1000%2C562&ssl=1&resize=350%2C200","width":350,"height":200,"srcset":"https:\/\/i0.wp.com\/noticiasribeiraopreto.com.br\/wp-content\/uploads\/2025\/05\/mocaoravi17sessao.jpg?fit=1000%2C562&ssl=1&resize=350%2C200 1x, https:\/\/i0.wp.com\/noticiasribeiraopreto.com.br\/wp-content\/uploads\/2025\/05\/mocaoravi17sessao.jpg?fit=1000%2C562&ssl=1&resize=525%2C300 1.5x, https:\/\/i0.wp.com\/noticiasribeiraopreto.com.br\/wp-content\/uploads\/2025\/05\/mocaoravi17sessao.jpg?fit=1000%2C562&ssl=1&resize=700%2C400 2x"},"classes":[]},{"id":69340,"url":"https:\/\/noticiasribeiraopreto.com.br\/index.php\/2025\/05\/05\/jornal-da-franca-implantacao-de-escola-civico-militar-em-franca-e-tema-de-debates-na-camara-municipal\/","url_meta":{"origin":72542,"position":2},"title":"Jornal da Franca &#8211; Implanta\u00e7\u00e3o de escola c\u00edvico-militar em Franca \u00e9 tema de debates na C\u00e2mara Municipal","author":"noticiasribeiraopreto.com.br","date":"5 de May de 2025","format":false,"excerpt":"compartilhar no whatsapp compartilhar no telegram compartilhar no facebook compartilhar no linkedin Mun\u00edcipe agradece apoio de vereadores e parlamentares para que Franca fosse contemplada com o modelo educacional A implanta\u00e7\u00e3o do Programa das Escolas C\u00edvico-Militares em Franca, pauta defendida pela direita, foi tema abordado durante a sess\u00e3o ordin\u00e1ria da C\u00e2mara\u2026","rel":"","context":"In &quot;Not\u00edcias de Franca-SP&quot;","block_context":{"text":"Not\u00edcias de Franca-SP","link":"https:\/\/noticiasribeiraopreto.com.br\/index.php\/category\/noticias-de-ribeirao-preto-sp-e-regiao-ismael-colosi\/noticias-franca-sp\/"},"img":{"alt_text":"","src":"https:\/\/i0.wp.com\/noticiasribeiraopreto.com.br\/wp-content\/uploads\/2025\/05\/1746449336_plenariodiagonal_0.jpg?fit=930%2C558&ssl=1&resize=350%2C200","width":350,"height":200,"srcset":"https:\/\/i0.wp.com\/noticiasribeiraopreto.com.br\/wp-content\/uploads\/2025\/05\/1746449336_plenariodiagonal_0.jpg?fit=930%2C558&ssl=1&resize=350%2C200 1x, https:\/\/i0.wp.com\/noticiasribeiraopreto.com.br\/wp-content\/uploads\/2025\/05\/1746449336_plenariodiagonal_0.jpg?fit=930%2C558&ssl=1&resize=525%2C300 1.5x, https:\/\/i0.wp.com\/noticiasribeiraopreto.com.br\/wp-content\/uploads\/2025\/05\/1746449336_plenariodiagonal_0.jpg?fit=930%2C558&ssl=1&resize=700%2C400 2x"},"classes":[]},{"id":67756,"url":"https:\/\/noticiasribeiraopreto.com.br\/index.php\/2025\/04\/18\/jornal-da-franca-vereadores-aprovam-reconhecimento-a-profissionais-e-entidades-que-atuam-em-franca\/","url_meta":{"origin":72542,"position":3},"title":"Jornal da Franca &#8211; Vereadores aprovam reconhecimento a profissionais e entidades que atuam em Franca\u00a0","author":"noticiasribeiraopreto.com.br","date":"18 de April de 2025","format":false,"excerpt":"compartilhar no whatsapp compartilhar no telegram compartilhar no facebook compartilhar no linkedin Mo\u00e7\u00f5es de aplausos e congratula\u00e7\u00f5es s\u00e3o apresentadas em reconhecimento a servi\u00e7os prestados A C\u00e2mara Municipal de Franca aprovou na sess\u00e3o desta ter\u00e7a-feira mo\u00e7\u00f5es de aplausos e congratula\u00e7\u00f5es em reconhecimento a profissionais, entidades e sindicatos que se destacaram em\u2026","rel":"","context":"In &quot;Not\u00edcias de Franca-SP&quot;","block_context":{"text":"Not\u00edcias de Franca-SP","link":"https:\/\/noticiasribeiraopreto.com.br\/index.php\/category\/noticias-de-ribeirao-preto-sp-e-regiao-ismael-colosi\/noticias-franca-sp\/"},"img":{"alt_text":"","src":"https:\/\/i0.wp.com\/noticiasribeiraopreto.com.br\/wp-content\/uploads\/2025\/04\/reuniaodecomissoes-2.jpg?fit=930%2C558&ssl=1&resize=350%2C200","width":350,"height":200,"srcset":"https:\/\/i0.wp.com\/noticiasribeiraopreto.com.br\/wp-content\/uploads\/2025\/04\/reuniaodecomissoes-2.jpg?fit=930%2C558&ssl=1&resize=350%2C200 1x, https:\/\/i0.wp.com\/noticiasribeiraopreto.com.br\/wp-content\/uploads\/2025\/04\/reuniaodecomissoes-2.jpg?fit=930%2C558&ssl=1&resize=525%2C300 1.5x, https:\/\/i0.wp.com\/noticiasribeiraopreto.com.br\/wp-content\/uploads\/2025\/04\/reuniaodecomissoes-2.jpg?fit=930%2C558&ssl=1&resize=700%2C400 2x"},"classes":[]},{"id":70587,"url":"https:\/\/noticiasribeiraopreto.com.br\/index.php\/2025\/05\/28\/jornal-da-franca-franca-tera-clima-ameno-e-possibilidade-de-pancadas-de-chuva-nesta-quarta-feira\/","url_meta":{"origin":72542,"position":4},"title":"Jornal da Franca &#8211; Franca ter\u00e1 clima ameno e possibilidade de pancadas de chuva nesta quarta-feira","author":"noticiasribeiraopreto.com.br","date":"28 de May de 2025","format":false,"excerpt":"compartilhar no whatsapp compartilhar no telegram compartilhar no facebook compartilhar no linkedin Confira as condi\u00e7\u00f5es clim\u00e1ticas para a cidade de Franca e regi\u00e3o segundo o Climatempo A previs\u00e3o do tempo para a cidade de Franca nesta quarta-feira, 28 de maio, indica um dia com c\u00e9u parcialmente nublado e temperaturas agrad\u00e1veis.\u2026","rel":"","context":"In &quot;Not\u00edcias de Franca-SP&quot;","block_context":{"text":"Not\u00edcias de Franca-SP","link":"https:\/\/noticiasribeiraopreto.com.br\/index.php\/category\/noticias-de-ribeirao-preto-sp-e-regiao-ismael-colosi\/noticias-franca-sp\/"},"img":{"alt_text":"","src":"https:\/\/i0.wp.com\/noticiasribeiraopreto.com.br\/wp-content\/uploads\/2025\/05\/ceu-claro.jpg?fit=960%2C629&ssl=1&resize=350%2C200","width":350,"height":200,"srcset":"https:\/\/i0.wp.com\/noticiasribeiraopreto.com.br\/wp-content\/uploads\/2025\/05\/ceu-claro.jpg?fit=960%2C629&ssl=1&resize=350%2C200 1x, https:\/\/i0.wp.com\/noticiasribeiraopreto.com.br\/wp-content\/uploads\/2025\/05\/ceu-claro.jpg?fit=960%2C629&ssl=1&resize=525%2C300 1.5x, https:\/\/i0.wp.com\/noticiasribeiraopreto.com.br\/wp-content\/uploads\/2025\/05\/ceu-claro.jpg?fit=960%2C629&ssl=1&resize=700%2C400 2x"},"classes":[]},{"id":64747,"url":"https:\/\/noticiasribeiraopreto.com.br\/index.php\/2025\/03\/12\/jornal-da-franca-autoridades-e-produtores-rurais-de-franca-fazem-abertura-da-16-edicao-do-simcafe\/","url_meta":{"origin":72542,"position":5},"title":"Jornal da Franca &#8211; Autoridades e produtores rurais de Franca fazem abertura da 16\u00b0 edi\u00e7\u00e3o do SimCaf\u00e9","author":"noticiasribeiraopreto.com.br","date":"12 de March de 2025","format":false,"excerpt":"compartilhar no whatsapp compartilhar no telegram compartilhar no facebook compartilhar no linkedin Evento re\u00fane cafeicultores e empresas do setor de agro de Franca e regi\u00e3o O Simcaf\u00e9 \u2013 Simp\u00f3sio do Agroneg\u00f3cio Caf\u00e9 da Alta Mogiana \u2013 teve sua 16\u00b0 edi\u00e7\u00e3o aberta nesta ter\u00e7a-feira com a presen\u00e7a de diversas autoridades pol\u00edticas.\u2026","rel":"","context":"In &quot;Not\u00edcias de Franca-SP&quot;","block_context":{"text":"Not\u00edcias de Franca-SP","link":"https:\/\/noticiasribeiraopreto.com.br\/index.php\/category\/noticias-de-ribeirao-preto-sp-e-regiao-ismael-colosi\/noticias-franca-sp\/"},"img":{"alt_text":"","src":"https:\/\/i0.wp.com\/noticiasribeiraopreto.com.br\/wp-content\/uploads\/2025\/03\/IMG_20250311_180004.jpg?fit=804%2C730&ssl=1&resize=350%2C200","width":350,"height":200,"srcset":"https:\/\/i0.wp.com\/noticiasribeiraopreto.com.br\/wp-content\/uploads\/2025\/03\/IMG_20250311_180004.jpg?fit=804%2C730&ssl=1&resize=350%2C200 1x, https:\/\/i0.wp.com\/noticiasribeiraopreto.com.br\/wp-content\/uploads\/2025\/03\/IMG_20250311_180004.jpg?fit=804%2C730&ssl=1&resize=525%2C300 1.5x, https:\/\/i0.wp.com\/noticiasribeiraopreto.com.br\/wp-content\/uploads\/2025\/03\/IMG_20250311_180004.jpg?fit=804%2C730&ssl=1&resize=700%2C400 2x"},"classes":[]}],"jetpack_sharing_enabled":true,"jetpack_shortlink":"https:\/\/wp.me\/peQAOb-iS2","_links":{"self":[{"href":"https:\/\/noticiasribeiraopreto.com.br\/index.php\/wp-json\/wp\/v2\/posts\/72542","targetHints":{"allow":["GET"]}}],"collection":[{"href":"https:\/\/noticiasribeiraopreto.com.br\/index.php\/wp-json\/wp\/v2\/posts"}],"about":[{"href":"https:\/\/noticiasribeiraopreto.com.br\/index.php\/wp-json\/wp\/v2\/types\/post"}],"author":[{"embeddable":true,"href":"https:\/\/noticiasribeiraopreto.com.br\/index.php\/wp-json\/wp\/v2\/users\/1"}],"replies":[{"embeddable":true,"href":"https:\/\/noticiasribeiraopreto.com.br\/index.php\/wp-json\/wp\/v2\/comments?post=72542"}],"version-history":[{"count":0,"href":"https:\/\/noticiasribeiraopreto.com.br\/index.php\/wp-json\/wp\/v2\/posts\/72542\/revisions"}],"wp:featuredmedia":[{"embeddable":true,"href":"https:\/\/noticiasribeiraopreto.com.br\/index.php\/wp-json\/wp\/v2\/media\/72543"}],"wp:attachment":[{"href":"https:\/\/noticiasribeiraopreto.com.br\/index.php\/wp-json\/wp\/v2\/media?parent=72542"}],"wp:term":[{"taxonomy":"category","embeddable":true,"href":"https:\/\/noticiasribeiraopreto.com.br\/index.php\/wp-json\/wp\/v2\/categories?post=72542"},{"taxonomy":"post_tag","embeddable":true,"href":"https:\/\/noticiasribeiraopreto.com.br\/index.php\/wp-json\/wp\/v2\/tags?post=72542"}],"curies":[{"name":"wp","href":"https:\/\/api.w.org\/{rel}","templated":true}]}}