{"id":72544,"date":"2025-06-18T10:36:39","date_gmt":"2025-06-18T13:36:39","guid":{"rendered":"https:\/\/noticiasribeiraopreto.com.br\/index.php\/2025\/06\/18\/ex-vereador-e-condenado-a-quatro-anos\/"},"modified":"2025-06-18T10:36:39","modified_gmt":"2025-06-18T13:36:39","slug":"ex-vereador-e-condenado-a-quatro-anos","status":"publish","type":"post","link":"https:\/\/noticiasribeiraopreto.com.br\/index.php\/2025\/06\/18\/ex-vereador-e-condenado-a-quatro-anos\/","title":{"rendered":"Ex-vereador \u00e9 condenado a quatro anos"},"content":{"rendered":"<div class='code-block code-block-1' style='margin: 8px 0 8px auto; text-align: right; display: block; clear: both;'>\n<p><a href=\"https:\/\/wa.link\/vpicfd\"><img data-recalc-dims=\"1\" class=\"wp-image-4922\" style=\"aspect-ratio: 2.0253164556962027; width: 561px; height: auto;\" src=\"https:\/\/i0.wp.com\/ismaelcolosi.com.br\/wp-content\/uploads\/2023\/11\/grupo-de-empregos-whatsapp-e-facebook-ismael-colosi-vagas.jpg?ssl=1\" alt=\"\" \/><\/a><\/p>\n<!-- \/wp:image -->\n<\/div>\n<p> <br \/>\n<\/p>\n<div>\n<p>A Justi\u00e7a de Ribeir\u00e3o Preto condenou a o ex-vereador S\u00e9rgio Zerbinato (PSDB) a quatro anos de reclus\u00e3o pela pr\u00e1tica de \u201crachadinha\u201d durante seu mandato parlamentar na 18\u00aa legislatura, entre 2021 e 2024. Ele disputou as elei\u00e7\u00f5es do ano passado e obteve 2.839 votos, mas n\u00e3o conseguiu se reeleger.<\/p>\n<p>A irm\u00e3 do parlamentar, Dalila Zerbinato Kinchin, que era acusada de ser benefici\u00e1ria do esquema, tamb\u00e9m foi condenada.\u00a0 Al\u00e9m do crime de corrup\u00e7\u00e3o passiva, os dois viraram r\u00e9us por associa\u00e7\u00e3o criminosa, mas foram absolvidos dessa acusa\u00e7\u00e3o.<\/p>\n<p>Eles n\u00e3o ser\u00e3o presos e poder\u00e3o recorrer em liberdade. Zerbinato tamb\u00e9m foi condenado ao pagamento de 20 dias-multa, fixado no valor de um sal\u00e1rio m\u00ednimo (hoje de R$ 1.518), correspondente valor de R$ 30.360. Em 2021, o ent\u00e3o parlamentar foi acusado ex-assessora Ivanilde Ribeiro Rodrigues de pr\u00e1tica de \u201crachadinha\u201d em seu gabinete.<\/p>\n<p>Ap\u00f3s investiga\u00e7\u00f5es, do Minist\u00e9rio P\u00fablico de S\u00e3o Paulo (MPSP), em 2023 a Justi\u00e7a de Ribeir\u00e3o Preto, por meio da ju\u00edza Carolina Moreira Gama, acatou a den\u00fancia contra o vereador. \u00a0Zerbinato foi acusado de ter comandado o esquema entre janeiro a agosto de 2021.<\/p>\n<p>A denunciante foi assessora parlamentar direta do vereador, cargo comissionado, com sal\u00e1rio de R$ 7.973,42. Deste total, segundo ela, R$ 3 mil seriam repassados para a irm\u00e3 do parlamentar. O acordo teria come\u00e7ado quando foi nomeada, em 4 de janeiro de 2021 e durou at\u00e9 o in\u00edcio de agosto, quando foi exonerada do cargo.<\/p>\n<p>Na \u00e9poca, a magistrada tamb\u00e9m negou o pedido do Miniwst\u00e9ro P\u00fablico para que Zerbinato fosse afastado de seu mandato parlamentar, mas permitiu o compartilhamento das provas apresentadas no processo com a Mesa Diretora da C\u00e2mara de Ribeir\u00e3o OPfreto.<\/p>\n<p>O mandato do parlamentar j\u00e1 havia sido alvo de pedido de cassa\u00e7\u00e3o, mas em 29 de mar\u00e7o de 2022, com base em relat\u00f3rio da Comiss\u00e3o Processante aprovada para investigar o caso, a C\u00e2mara de Ribeir\u00e3o Preto decidiu arquivar as den\u00fancias.<\/p>\n<p>O parecer foi elaborado pelo vereador e relator Franco Ferro (PRTB, hoje no PP). Foram 15 votos a favor de Zerbinato e quatro absten\u00e7\u00f5es. A Comiss\u00e3o Processante afirmou tamb\u00e9m que, desde as primeiras den\u00fancias, em 16 de dezembro de 2021, o prazo de 90 dias para a conclus\u00e3o das investiga\u00e7\u00f5es venceu por uma s\u00e9rie de problemas jur\u00eddicos.<\/p>\n<p>A comiss\u00e3o recomendou \u00e0 C\u00e2mara que abrisse um novo processo de cassa\u00e7\u00e3o do vereador caso a Justi\u00e7a de Ribeir\u00e3o Preto decidisse pela condena\u00e7\u00e3o do parlamentar, o que aconteceu agora, ap\u00f3s o fim do mandato do parlamentar.<\/p>\n<p>Zerbinato sempre negou as acusa\u00e7\u00f5es. Quando da den\u00fancia do MP afirmou que como vereador eleito, tinha a obriga\u00e7\u00e3o de entregar para a popula\u00e7\u00e3o um trabalho de qualidade. \u201cEssa cobran\u00e7a sempre se entendeu a todos os meus assessores, inclusive Ivanilde\u201d.<\/p>\n<p>\u201dPor n\u00e3o se encaixar no trabalho, foi dispensada. Se houvesse qualquer pr\u00e1tica que ela alega na den\u00fancia, n\u00e3o teria por que dispens\u00e1-la, ainda no primeiro ano de mandato. O que ocorreu foi justamente o contr\u00e1rio\u201d, afirmou na \u00e9poca.\u00a0\u00a0 A reportagem tentou contato com o ex-vereador, mas n\u00e3o havia conseguido at\u00e9 o fechamento desta edi\u00e7\u00e3o.<\/p>\n<p>Neste ano, Sergio Zerbinato deixou o cargo de diretor do Departamento de Gest\u00e3o do Sistema Municipal de Assist\u00eancia Social da Secretaria Municipal de Assist\u00eancia Social (Semas). Ele havia sido nomeado no dia 28 de fevereiro e sua sa\u00edda foi solicitada por meio de of\u00edcio, em 27 de mar\u00e7o.<\/p>\n<p>O estopim da exonera\u00e7\u00e3o foi o gabinete do prefeito Ricardo Silva (PSD) ter sido notificado pela ju\u00edza auxiliar Carolina Moreira Gama, da 4\u00aa Vara Criminal, para que Zerbinato fosse comunicado oficialmente pelo gabinete sobre a data e o hor\u00e1rio de sua audi\u00eancia no F\u00f3rum Estadual de Justi\u00e7a.<\/p>\n<p>Segundo o despacho da Justi\u00e7a, a defesa do ex-vereador Sergio Zerbinato foi comunicada da data e hor\u00e1rio da audi\u00eancia, mas ele n\u00e3o foi encontrado em seu endere\u00e7o residencial para a cita\u00e7\u00e3o em v\u00e1rias dilig\u00eancias feitas por oficiais de justi\u00e7a, por isso a notifica\u00e7\u00e3o foi feita via gabinete.<\/p>\n<p>\u00a0<\/p>\n<\/div>\n<p><br \/>\n<br \/><a href=\"https:\/\/www.tribunaribeirao.com.br\/ex-vereador-e-condenado-a-quatro-anos\/\">Source link <\/a><\/p>\n<!-- CONTENT END 1 -->\n","protected":false},"excerpt":{"rendered":"<p>A Justi\u00e7a de Ribeir\u00e3o Preto condenou a o ex-vereador S\u00e9rgio Zerbinato (PSDB) a quatro anos de reclus\u00e3o pela pr\u00e1tica de \u201crachadinha\u201d durante seu mandato parlamentar&#8230;<\/p>\n","protected":false},"author":1,"featured_media":72545,"comment_status":"open","ping_status":"open","sticky":false,"template":"","format":"standard","meta":{"advanced_seo_description":"","jetpack_seo_html_title":"","jetpack_seo_noindex":false,"jetpack_post_was_ever_published":false,"_jetpack_newsletter_access":"","_jetpack_dont_email_post_to_subs":false,"_jetpack_newsletter_tier_id":0,"_jetpack_memberships_contains_paywalled_content":false,"_jetpack_memberships_contains_paid_content":false,"footnotes":"","jetpack_publicize_message":"","jetpack_publicize_feature_enabled":true,"jetpack_social_post_already_shared":true,"jetpack_social_options":{"image_generator_settings":{"template":"highway","default_image_id":0,"font":"","enabled":false},"version":2}},"categories":[11],"tags":[],"class_list":["post-72544","post","type-post","status-publish","format-standard","has-post-thumbnail","hentry","category-noticias-de-ribeirao-preto-sp-e-regiao-ismael-colosi"],"jetpack_publicize_connections":[],"jetpack_featured_media_url":"https:\/\/i0.wp.com\/noticiasribeiraopreto.com.br\/wp-content\/uploads\/2025\/06\/RachaRP-Alfredo-Risk-Arquivo-scaled.jpg?fit=750%2C500&ssl=1","jetpack-related-posts":[{"id":82701,"url":"https:\/\/noticiasribeiraopreto.com.br\/index.php\/2026\/02\/24\/vereador-e-denunciado-por-rachadinha\/","url_meta":{"origin":72544,"position":0},"title":"Vereador \u00e9 denunciado por \u2018rachadinha\u2019","author":"noticiasribeiraopreto.com.br","date":"24 de February de 2026","format":false,"excerpt":"Ex-assessores Marcos Fabiano dos Santos e Anna Paula Vincentin afirmam ter sido obrigados a devolver parte dos sal\u00e1rios a Lincoln Fernandes O comerciante Hagara Espresola Ramos, o popular Hagara do P\u00e3o de Queijo, protocolou nesta segunda-feira, 23 de fevereiro, no Minist\u00e9rio P\u00fablico de S\u00e3o Paulo (MPSP) e na C\u00e2mara de\u2026","rel":"","context":"In &quot;Not\u00edcias de Ribeir\u00e3o Preto-SP e Regi\u00e3o&quot;","block_context":{"text":"Not\u00edcias de Ribeir\u00e3o Preto-SP e Regi\u00e3o","link":"https:\/\/noticiasribeiraopreto.com.br\/index.php\/category\/noticias-de-ribeirao-preto-sp-e-regiao-ismael-colosi\/"},"img":{"alt_text":"","src":"https:\/\/i0.wp.com\/noticiasribeiraopreto.com.br\/wp-content\/uploads\/2026\/02\/RachaRP-Alfredo-Risk-Arquivo-scaled.jpg?fit=1170%2C780&ssl=1&resize=350%2C200","width":350,"height":200,"srcset":"https:\/\/i0.wp.com\/noticiasribeiraopreto.com.br\/wp-content\/uploads\/2026\/02\/RachaRP-Alfredo-Risk-Arquivo-scaled.jpg?fit=1170%2C780&ssl=1&resize=350%2C200 1x, https:\/\/i0.wp.com\/noticiasribeiraopreto.com.br\/wp-content\/uploads\/2026\/02\/RachaRP-Alfredo-Risk-Arquivo-scaled.jpg?fit=1170%2C780&ssl=1&resize=525%2C300 1.5x, https:\/\/i0.wp.com\/noticiasribeiraopreto.com.br\/wp-content\/uploads\/2026\/02\/RachaRP-Alfredo-Risk-Arquivo-scaled.jpg?fit=1170%2C780&ssl=1&resize=700%2C400 2x, https:\/\/i0.wp.com\/noticiasribeiraopreto.com.br\/wp-content\/uploads\/2026\/02\/RachaRP-Alfredo-Risk-Arquivo-scaled.jpg?fit=1170%2C780&ssl=1&resize=1050%2C600 3x"},"classes":[]},{"id":66094,"url":"https:\/\/noticiasribeiraopreto.com.br\/index.php\/2025\/03\/27\/apos-45-dias-ex-vereador-pede-exoneracao-da-prefeitura-de-ribeirao-preto\/","url_meta":{"origin":72544,"position":1},"title":"Ap\u00f3s 45 dias, ex-vereador pede exonera\u00e7\u00e3o da Prefeitura de Ribeir\u00e3o Preto","author":"noticiasribeiraopreto.com.br","date":"27 de March de 2025","format":false,"excerpt":"Ap\u00f3s 45 dias, o ex-vereador S\u00e9rgio Zerbinato pediu exonera\u00e7\u00e3o do cargo de diretor do Departamento de Gest\u00e3o do Sistema Municipal de Sa\u00fade, da Secretaria Municipal de Assist\u00eancia Social de Ribeir\u00e3o Preto. A informa\u00e7\u00e3o consta em of\u00edcio enviado pelo ex-parlamentar nesta quinta-feira (27). A nomea\u00e7\u00e3o foi publicada no dia 28 de\u2026","rel":"","context":"In &quot;Not\u00edcias de Ribeir\u00e3o Preto-SP e Regi\u00e3o&quot;","block_context":{"text":"Not\u00edcias de Ribeir\u00e3o Preto-SP e Regi\u00e3o","link":"https:\/\/noticiasribeiraopreto.com.br\/index.php\/category\/noticias-de-ribeirao-preto-sp-e-regiao-ismael-colosi\/"},"img":{"alt_text":"","src":"https:\/\/i0.wp.com\/noticiasribeiraopreto.com.br\/wp-content\/uploads\/2025\/02\/Copia-de-Copia-de-Copia-de-TAMANHO-EXATO-PARA-FOTOS-NO-SISTEMA-NOVO-2025-02-28T193352.729_2025-02-28_22-34-02_png_2025-02-28_22-34-02.webp.webp?fit=1200%2C675&ssl=1&resize=350%2C200","width":350,"height":200,"srcset":"https:\/\/i0.wp.com\/noticiasribeiraopreto.com.br\/wp-content\/uploads\/2025\/02\/Copia-de-Copia-de-Copia-de-TAMANHO-EXATO-PARA-FOTOS-NO-SISTEMA-NOVO-2025-02-28T193352.729_2025-02-28_22-34-02_png_2025-02-28_22-34-02.webp.webp?fit=1200%2C675&ssl=1&resize=350%2C200 1x, https:\/\/i0.wp.com\/noticiasribeiraopreto.com.br\/wp-content\/uploads\/2025\/02\/Copia-de-Copia-de-Copia-de-TAMANHO-EXATO-PARA-FOTOS-NO-SISTEMA-NOVO-2025-02-28T193352.729_2025-02-28_22-34-02_png_2025-02-28_22-34-02.webp.webp?fit=1200%2C675&ssl=1&resize=525%2C300 1.5x, https:\/\/i0.wp.com\/noticiasribeiraopreto.com.br\/wp-content\/uploads\/2025\/02\/Copia-de-Copia-de-Copia-de-TAMANHO-EXATO-PARA-FOTOS-NO-SISTEMA-NOVO-2025-02-28T193352.729_2025-02-28_22-34-02_png_2025-02-28_22-34-02.webp.webp?fit=1200%2C675&ssl=1&resize=700%2C400 2x, https:\/\/i0.wp.com\/noticiasribeiraopreto.com.br\/wp-content\/uploads\/2025\/02\/Copia-de-Copia-de-Copia-de-TAMANHO-EXATO-PARA-FOTOS-NO-SISTEMA-NOVO-2025-02-28T193352.729_2025-02-28_22-34-02_png_2025-02-28_22-34-02.webp.webp?fit=1200%2C675&ssl=1&resize=1050%2C600 3x"},"classes":[]},{"id":64083,"url":"https:\/\/noticiasribeiraopreto.com.br\/index.php\/2025\/02\/28\/ex-vereador-de-ribeirao-preto-e-nomeado-para-cargo-no-governo-municipal\/","url_meta":{"origin":72544,"position":2},"title":"Ex-vereador de Ribeir\u00e3o Preto \u00e9 nomeado para cargo no governo municipal","author":"noticiasribeiraopreto.com.br","date":"28 de February de 2025","format":false,"excerpt":"O ex-vereador S\u00e9rgio Zerbinato (PSDB) foi nomeado diretor do Departamento de Gest\u00e3o do Sistema Municipal de Sa\u00fade da Secretaria Municipal de Assist\u00eancia Social de Ribeir\u00e3o Preto. A nomea\u00e7\u00e3o do ex-parlamentar foi publicada no Di\u00e1rio Oficial desta sexta-feira (28) e tem efeito retroativo a 10 de fevereiro. Nas elei\u00e7\u00f5es municipais de\u2026","rel":"","context":"In &quot;Not\u00edcias de Ribeir\u00e3o Preto-SP e Regi\u00e3o&quot;","block_context":{"text":"Not\u00edcias de Ribeir\u00e3o Preto-SP e Regi\u00e3o","link":"https:\/\/noticiasribeiraopreto.com.br\/index.php\/category\/noticias-de-ribeirao-preto-sp-e-regiao-ismael-colosi\/"},"img":{"alt_text":"","src":"https:\/\/i0.wp.com\/noticiasribeiraopreto.com.br\/wp-content\/uploads\/2025\/02\/Copia-de-Copia-de-Copia-de-TAMANHO-EXATO-PARA-FOTOS-NO-SISTEMA-NOVO-2025-02-28T193352.729_2025-02-28_22-34-02_png_2025-02-28_22-34-02.webp.webp?fit=1200%2C675&ssl=1&resize=350%2C200","width":350,"height":200,"srcset":"https:\/\/i0.wp.com\/noticiasribeiraopreto.com.br\/wp-content\/uploads\/2025\/02\/Copia-de-Copia-de-Copia-de-TAMANHO-EXATO-PARA-FOTOS-NO-SISTEMA-NOVO-2025-02-28T193352.729_2025-02-28_22-34-02_png_2025-02-28_22-34-02.webp.webp?fit=1200%2C675&ssl=1&resize=350%2C200 1x, https:\/\/i0.wp.com\/noticiasribeiraopreto.com.br\/wp-content\/uploads\/2025\/02\/Copia-de-Copia-de-Copia-de-TAMANHO-EXATO-PARA-FOTOS-NO-SISTEMA-NOVO-2025-02-28T193352.729_2025-02-28_22-34-02_png_2025-02-28_22-34-02.webp.webp?fit=1200%2C675&ssl=1&resize=525%2C300 1.5x, https:\/\/i0.wp.com\/noticiasribeiraopreto.com.br\/wp-content\/uploads\/2025\/02\/Copia-de-Copia-de-Copia-de-TAMANHO-EXATO-PARA-FOTOS-NO-SISTEMA-NOVO-2025-02-28T193352.729_2025-02-28_22-34-02_png_2025-02-28_22-34-02.webp.webp?fit=1200%2C675&ssl=1&resize=700%2C400 2x, https:\/\/i0.wp.com\/noticiasribeiraopreto.com.br\/wp-content\/uploads\/2025\/02\/Copia-de-Copia-de-Copia-de-TAMANHO-EXATO-PARA-FOTOS-NO-SISTEMA-NOVO-2025-02-28T193352.729_2025-02-28_22-34-02_png_2025-02-28_22-34-02.webp.webp?fit=1200%2C675&ssl=1&resize=1050%2C600 3x"},"classes":[]},{"id":64079,"url":"https:\/\/noticiasribeiraopreto.com.br\/index.php\/2025\/02\/28\/ex-vereador-de-ribeirao-preto-assume-novo-cargo-no-governo-municipal\/","url_meta":{"origin":72544,"position":3},"title":"Ex-vereador de Ribeir\u00e3o Preto assume novo cargo no governo municipal","author":"noticiasribeiraopreto.com.br","date":"28 de February de 2025","format":false,"excerpt":"O ex-vereador S\u00e9rgio Zerbinato (PSDB) foi nomeado diretor do Departamento de Gest\u00e3o do Sistema Municipal de Sa\u00fade da Secretaria Municipal de Assist\u00eancia Social de Ribeir\u00e3o Preto. A nomea\u00e7\u00e3o do ex-parlamentar foi publicada no Di\u00e1rio Oficial desta sexta-feira (28) e tem efeito retroativo a 10 de fevereiro. Nas elei\u00e7\u00f5es municipais de\u2026","rel":"","context":"In &quot;Not\u00edcias de Ribeir\u00e3o Preto-SP e Regi\u00e3o&quot;","block_context":{"text":"Not\u00edcias de Ribeir\u00e3o Preto-SP e Regi\u00e3o","link":"https:\/\/noticiasribeiraopreto.com.br\/index.php\/category\/noticias-de-ribeirao-preto-sp-e-regiao-ismael-colosi\/"},"img":{"alt_text":"","src":"https:\/\/i0.wp.com\/noticiasribeiraopreto.com.br\/wp-content\/uploads\/2025\/02\/Copia-de-Copia-de-Copia-de-TAMANHO-EXATO-PARA-FOTOS-NO-SISTEMA-NOVO-2025-02-28T193352.729_2025-02-28_22-34-02_png_2025-02-28_22-34-02.webp.webp?fit=1200%2C675&ssl=1&resize=350%2C200","width":350,"height":200,"srcset":"https:\/\/i0.wp.com\/noticiasribeiraopreto.com.br\/wp-content\/uploads\/2025\/02\/Copia-de-Copia-de-Copia-de-TAMANHO-EXATO-PARA-FOTOS-NO-SISTEMA-NOVO-2025-02-28T193352.729_2025-02-28_22-34-02_png_2025-02-28_22-34-02.webp.webp?fit=1200%2C675&ssl=1&resize=350%2C200 1x, https:\/\/i0.wp.com\/noticiasribeiraopreto.com.br\/wp-content\/uploads\/2025\/02\/Copia-de-Copia-de-Copia-de-TAMANHO-EXATO-PARA-FOTOS-NO-SISTEMA-NOVO-2025-02-28T193352.729_2025-02-28_22-34-02_png_2025-02-28_22-34-02.webp.webp?fit=1200%2C675&ssl=1&resize=525%2C300 1.5x, https:\/\/i0.wp.com\/noticiasribeiraopreto.com.br\/wp-content\/uploads\/2025\/02\/Copia-de-Copia-de-Copia-de-TAMANHO-EXATO-PARA-FOTOS-NO-SISTEMA-NOVO-2025-02-28T193352.729_2025-02-28_22-34-02_png_2025-02-28_22-34-02.webp.webp?fit=1200%2C675&ssl=1&resize=700%2C400 2x, https:\/\/i0.wp.com\/noticiasribeiraopreto.com.br\/wp-content\/uploads\/2025\/02\/Copia-de-Copia-de-Copia-de-TAMANHO-EXATO-PARA-FOTOS-NO-SISTEMA-NOVO-2025-02-28T193352.729_2025-02-28_22-34-02_png_2025-02-28_22-34-02.webp.webp?fit=1200%2C675&ssl=1&resize=1050%2C600 3x"},"classes":[]},{"id":41260,"url":"https:\/\/noticiasribeiraopreto.com.br\/index.php\/2024\/03\/07\/sete-vereadores-podem-trocar-de-partido\/","url_meta":{"origin":72544,"position":4},"title":"Sete vereadores podem trocar de partido\u00a0","author":"noticiasribeiraopreto.com.br","date":"7 de March de 2024","format":false,"excerpt":"7 de mar\u00e7o de 2024 | 11:006 de mar\u00e7o de 2024 | 20:00 0Ao menos sete vereadores de Ribeir\u00e3o Preto \u2013 31,8% da C\u00e2mara, que conta com 22 cadeiras \u2013 devem trocar de legenda durante a janela eleitoral, que come\u00e7a nesta quinta-feira, 7 de mar\u00e7o, e vai at\u00e9 5 de\u2026","rel":"","context":"In &quot;Not\u00edcias de Ribeir\u00e3o Preto-SP e Regi\u00e3o&quot;","block_context":{"text":"Not\u00edcias de Ribeir\u00e3o Preto-SP e Regi\u00e3o","link":"https:\/\/noticiasribeiraopreto.com.br\/index.php\/category\/noticias-de-ribeirao-preto-sp-e-regiao-ismael-colosi\/"},"img":{"alt_text":"","src":"https:\/\/i0.wp.com\/noticiasribeiraopreto.com.br\/wp-content\/uploads\/2024\/03\/tse_1908200982-1-scaled.jpg?fit=1000%2C598&ssl=1&resize=350%2C200","width":350,"height":200,"srcset":"https:\/\/i0.wp.com\/noticiasribeiraopreto.com.br\/wp-content\/uploads\/2024\/03\/tse_1908200982-1-scaled.jpg?fit=1000%2C598&ssl=1&resize=350%2C200 1x, https:\/\/i0.wp.com\/noticiasribeiraopreto.com.br\/wp-content\/uploads\/2024\/03\/tse_1908200982-1-scaled.jpg?fit=1000%2C598&ssl=1&resize=525%2C300 1.5x, https:\/\/i0.wp.com\/noticiasribeiraopreto.com.br\/wp-content\/uploads\/2024\/03\/tse_1908200982-1-scaled.jpg?fit=1000%2C598&ssl=1&resize=700%2C400 2x"},"classes":[]},{"id":58853,"url":"https:\/\/noticiasribeiraopreto.com.br\/index.php\/2024\/10\/07\/vereador-tem-mais-votos-do-que-nove-eleitos-mas-fica-sem-vaga-na-camara-de-ribeirao\/","url_meta":{"origin":72544,"position":5},"title":"Vereador tem mais votos do que nove eleitos, mas fica sem vaga na C\u00e2mara de Ribeir\u00e3o","author":"noticiasribeiraopreto.com.br","date":"7 de October de 2024","format":false,"excerpt":"Ap\u00f3s tr\u00eas mandatos, o vereador Marcos Papa (Pode), n\u00e3o conseguiu a reelei\u00e7\u00e3o para C\u00e2mara de Ribeir\u00e3o Preto mesmo tendo mais votos do que nove parlamentares eleitos no primeiro turno das elei\u00e7\u00f5es 2024, realizado no \u00faltimo domingo (6). Papa recebeu 3.518 votos e ficou fora do Legislativo a partir de 2025.\u2026","rel":"","context":"In &quot;Not\u00edcias de Ribeir\u00e3o Preto-SP e Regi\u00e3o&quot;","block_context":{"text":"Not\u00edcias de Ribeir\u00e3o Preto-SP e Regi\u00e3o","link":"https:\/\/noticiasribeiraopreto.com.br\/index.php\/category\/noticias-de-ribeirao-preto-sp-e-regiao-ismael-colosi\/"},"img":{"alt_text":"","src":"https:\/\/i0.wp.com\/noticiasribeiraopreto.com.br\/wp-content\/uploads\/2024\/10\/marcos-papa_2024-10-07_19-11-00_jpg_2024-10-07_19-11-00.webp.webp?fit=1198%2C840&ssl=1&resize=350%2C200","width":350,"height":200,"srcset":"https:\/\/i0.wp.com\/noticiasribeiraopreto.com.br\/wp-content\/uploads\/2024\/10\/marcos-papa_2024-10-07_19-11-00_jpg_2024-10-07_19-11-00.webp.webp?fit=1198%2C840&ssl=1&resize=350%2C200 1x, https:\/\/i0.wp.com\/noticiasribeiraopreto.com.br\/wp-content\/uploads\/2024\/10\/marcos-papa_2024-10-07_19-11-00_jpg_2024-10-07_19-11-00.webp.webp?fit=1198%2C840&ssl=1&resize=525%2C300 1.5x, https:\/\/i0.wp.com\/noticiasribeiraopreto.com.br\/wp-content\/uploads\/2024\/10\/marcos-papa_2024-10-07_19-11-00_jpg_2024-10-07_19-11-00.webp.webp?fit=1198%2C840&ssl=1&resize=700%2C400 2x, https:\/\/i0.wp.com\/noticiasribeiraopreto.com.br\/wp-content\/uploads\/2024\/10\/marcos-papa_2024-10-07_19-11-00_jpg_2024-10-07_19-11-00.webp.webp?fit=1198%2C840&ssl=1&resize=1050%2C600 3x"},"classes":[]}],"jetpack_sharing_enabled":true,"jetpack_shortlink":"https:\/\/wp.me\/peQAOb-iS4","_links":{"self":[{"href":"https:\/\/noticiasribeiraopreto.com.br\/index.php\/wp-json\/wp\/v2\/posts\/72544","targetHints":{"allow":["GET"]}}],"collection":[{"href":"https:\/\/noticiasribeiraopreto.com.br\/index.php\/wp-json\/wp\/v2\/posts"}],"about":[{"href":"https:\/\/noticiasribeiraopreto.com.br\/index.php\/wp-json\/wp\/v2\/types\/post"}],"author":[{"embeddable":true,"href":"https:\/\/noticiasribeiraopreto.com.br\/index.php\/wp-json\/wp\/v2\/users\/1"}],"replies":[{"embeddable":true,"href":"https:\/\/noticiasribeiraopreto.com.br\/index.php\/wp-json\/wp\/v2\/comments?post=72544"}],"version-history":[{"count":0,"href":"https:\/\/noticiasribeiraopreto.com.br\/index.php\/wp-json\/wp\/v2\/posts\/72544\/revisions"}],"wp:featuredmedia":[{"embeddable":true,"href":"https:\/\/noticiasribeiraopreto.com.br\/index.php\/wp-json\/wp\/v2\/media\/72545"}],"wp:attachment":[{"href":"https:\/\/noticiasribeiraopreto.com.br\/index.php\/wp-json\/wp\/v2\/media?parent=72544"}],"wp:term":[{"taxonomy":"category","embeddable":true,"href":"https:\/\/noticiasribeiraopreto.com.br\/index.php\/wp-json\/wp\/v2\/categories?post=72544"},{"taxonomy":"post_tag","embeddable":true,"href":"https:\/\/noticiasribeiraopreto.com.br\/index.php\/wp-json\/wp\/v2\/tags?post=72544"}],"curies":[{"name":"wp","href":"https:\/\/api.w.org\/{rel}","templated":true}]}}