{"id":72546,"date":"2025-06-18T11:21:28","date_gmt":"2025-06-18T14:21:28","guid":{"rendered":"https:\/\/noticiasribeiraopreto.com.br\/index.php\/2025\/06\/18\/jornal-da-franca-veja-as-atividades-juninas-programadas-pelo-sesc-franca-com-foco-na-cultura-popular\/"},"modified":"2025-06-18T11:21:28","modified_gmt":"2025-06-18T14:21:28","slug":"jornal-da-franca-veja-as-atividades-juninas-programadas-pelo-sesc-franca-com-foco-na-cultura-popular","status":"publish","type":"post","link":"https:\/\/noticiasribeiraopreto.com.br\/index.php\/2025\/06\/18\/jornal-da-franca-veja-as-atividades-juninas-programadas-pelo-sesc-franca-com-foco-na-cultura-popular\/","title":{"rendered":"Jornal da Franca &#8211; Veja as atividades juninas programadas pelo Sesc Franca com foco na cultura popular"},"content":{"rendered":"<div class='code-block code-block-1' style='margin: 8px 0 8px auto; text-align: right; display: block; clear: both;'>\n<p><a href=\"https:\/\/wa.link\/vpicfd\"><img data-recalc-dims=\"1\" class=\"wp-image-4922\" style=\"aspect-ratio: 2.0253164556962027; width: 561px; height: auto;\" src=\"https:\/\/i0.wp.com\/ismaelcolosi.com.br\/wp-content\/uploads\/2023\/11\/grupo-de-empregos-whatsapp-e-facebook-ismael-colosi-vagas.jpg?ssl=1\" alt=\"\" \/><\/a><\/p>\n<!-- \/wp:image -->\n<\/div>\n<p> <br \/>\n<\/p>\n<div>\n<p>Espet\u00e1culos para a fam\u00edlia, conta\u00e7\u00e3o de hist\u00f3rias, muita musica e card\u00e1pio t\u00edpicos da \u00e9poca comp\u00f5em a programa\u00e7\u00e3o do Sesc Franca.<\/p>\n<\/p><\/div>\n<div>\n<p><img data-recalc-dims=\"1\" decoding=\"async\" src=\"https:\/\/i0.wp.com\/www.jornaldafranca.com.br\/wp-content\/uploads\/2025\/06\/image.png?ssl=1\" alt=\"\"\/><\/p>\n<h6>Cord\u00e3o da Terra \u2013 Casamento Caipira (Foto: Lucas Borges)<\/h6>\n<p>Durante este m\u00eas de junho, o Sesc Franca est\u00e1 realizando uma s\u00e9rie de atividades voltadas \u00e0s celebra\u00e7\u00f5es juninas, com foco nas tradi\u00e7\u00f5es da cultura popular brasileira.<\/p>\n<p>As a\u00e7\u00f5es integram a programa\u00e7\u00e3o cultural da unidade, promovendo encontros com a m\u00fasica, o teatro, a gastronomia, a conta\u00e7\u00e3o de hist\u00f3rias e as manifesta\u00e7\u00f5es populares.<\/p>\n<p>A\u00a0Pra\u00e7a do Sesc Franca\u00a0recebe, no dia\u00a022 de junho,\u00a0Quadrilh\u00e3o, com a\u00a0Trupe Bai\u00e3o\u00a0de 2. A atividade prop\u00f5e uma interven\u00e7\u00e3o c\u00eanica com pernas de pau, inspirada nas festas populares e na tradi\u00e7\u00e3o do casamento junino.<\/p>\n<p>A encena\u00e7\u00e3o se desenvolve a partir da uni\u00e3o simb\u00f3lica entre a bandeirinha e o correio elegante, convidando o p\u00fablico para participar da brincadeira.\u00a0Bai\u00e3o de 2\u00a0\u00e9 formado por\u00a0Rachel de Boa\u00a0e\u00a0Gui Awazu, artistas que atuam em espa\u00e7os p\u00fablicos, utilizando linguagens circenses e refer\u00eancias de suas trajet\u00f3rias para compor suas a\u00e7\u00f5es art\u00edsticas.<\/p>\n<p><strong>Afrocaipira da regi\u00e3o<\/strong><\/p>\n<p>Nos\u00a0dias 28 e 29 de junho, a\u00a0Cia. A Hora da Hist\u00f3ria\u00a0realiza a atividade\u00a0Conto, Canjica e Quent\u00e3o, na\u00a0Horta do Sesc Franca. A proposta apresenta repert\u00f3rio de conta\u00e7\u00e3o de hist\u00f3rias brasileiras com foco na oralidade e nas refer\u00eancias da culin\u00e1ria t\u00edpica, reunindo causos, contos e can\u00e7\u00f5es relacionadas ao universo junino.<\/p>\n<p>No\u00a0domingo, dia 29 de junho, o\u00a0Teatro do Sesc Franca\u00a0recebe o espet\u00e1culo\u00a0Viagens Afrocaipira, da\u00a0Ind\u00f4mita Cia.\u00a0A montagem, voltada ao p\u00fablico infantil, articula teatro, m\u00fasica e narra\u00e7\u00e3o de hist\u00f3rias.<\/p>\n<p>O trabalho percorre o imagin\u00e1rio afrocaipira do interior paulista, com causos e relatos baseados em mem\u00f3rias orais transmitidas entre gera\u00e7\u00f5es.<\/p>\n<p>Ainda no\u00a0dia 29\u00a0e encerrando a programa\u00e7\u00e3o de junho, na\u00a0Pra\u00e7a do Sesc Franca\u00a0acontece a apresenta\u00e7\u00e3o\u00a0Casamento Caipira, com o\u00a0Cord\u00e3o da Terra. A atividade traz ao p\u00fablico uma performance inspirada no teatro mambembe e nos bailes de S\u00e3o Jo\u00e3o, com encena\u00e7\u00e3o do casamento improvisado entre os personagens Jeremias e Assucena.<\/p>\n<p>A apresenta\u00e7\u00e3o \u00e9 seguida por baile com banda ao vivo, repert\u00f3rio autoral e participa\u00e7\u00e3o do p\u00fablico em quadrilha conduzida pelos artistas.<\/p>\n<p><strong>Receitas tradicionais<\/strong><\/p>\n<p>E, para acolher o p\u00fablico e garantir a energia necess\u00e1ria para a folia, durante todo o m\u00eas de junho o card\u00e1pio da\u00a0Comedoria do Sesc Franca\u00a0contar\u00e1 com itens que celebram festas e sabores em receitas tradicionais, al\u00e9m de op\u00e7\u00f5es que n\u00e3o fazem uso de ingredientes de origem animal.<\/p>\n<p>Da canjica ao bolo de fub\u00e1, o milho \u00e9 a grande estrela desse menu, homenageando as tradi\u00e7\u00f5es regionais. O p\u00fablico poder\u00e1 consultar o card\u00e1pio do dia presencialmente e experimentar uma variedade de receitas preparadas com ingredientes frescos e produzidos localmente.<\/p>\n<p><strong>CRIAN\u00c7AS | QUADRILH\u00c3O<\/strong><br \/>Com Trupe Bai\u00e3o de 2<\/p>\n<p><strong>Ficha T\u00e9cnica:<\/strong><\/p>\n<p>Dramaturgia:\u00a0Rachel de Boa<br \/>Dire\u00e7\u00e3o:\u00a0Rachel de Boa e Gui Awazu<br \/>M\u00fasicos:\u00a0Wiltinho sanfoneiro e Camila Midori<br \/>Elenco Pernaltas:\u00a0Rachel de Boa, Gui Awazu, Karen Nashiro, Alex Bing\u00f3, Rog\u00e9rio Nascimento, Antonio Carneiro, Priscila Cereda e Edileuza Almeida<br \/>Produ\u00e7\u00e3o:\u00a0GT Produ\u00e7\u00f5es<br \/><strong>\u00a0<\/strong><br \/><strong>Servi\u00e7o<\/strong><\/p>\n<p>Data:\u00a022 de junho. Domingo, 16h<br \/>Classifica\u00e7\u00e3o indicativa:\u00a0Livre<br \/>Local:\u00a0Pra\u00e7a do Sesc Franca<br \/>Gr\u00e1tis<\/p>\n<p><strong>ALIMENTA\u00c7\u00c3O | CONTO, CANJICA E QUENT\u00c3O<\/strong><br \/>Com Cia. A Hora da Hist\u00f3ria<\/p>\n<p><strong>Servi\u00e7o<\/strong><\/p>\n<p>Data:\u00a028 e 29 de junho. S\u00e1bado, 16h \u00e0s 17h. Domingo, 14h \u00e0s 15h.<br \/>Classifica\u00e7\u00e3o indicativa:\u00a0Livre<br \/>Local:\u00a0Horta do Sesc Franca<br \/>Gr\u00e1tis<\/p>\n<p><strong>CRIAN\u00c7AS | VIAGENS AFROCAIPIRA<\/strong><br \/>Com Ind\u00f4mita Cia.<\/p>\n<p>Ficha T\u00e9cnica:<\/p>\n<p>Dramaturgia: Laruama Alves<br \/>Colabora\u00e7\u00e3o Dramat\u00fargica: Loi Lima<br \/>Atua\u00e7\u00e3o: Laruama Alves e Loi Lima<br \/>Letras: Laruama Alves e Loi Lima<br \/>M\u00fasica: Laruama Alves e L\u00e9o Nascimento<br \/>Concep\u00e7\u00e3o de Figurino: Claudia Schapira<br \/>Confec\u00e7\u00e3o de Figurino: Cleuza Amaro<br \/>Concep\u00e7\u00e3o de Cen\u00e1rio e Adere\u00e7os: Clau Carmo<br \/>Colabora\u00e7\u00e3o de Adere\u00e7os: Lua Nucci e Diana Lima<br \/>Mixagem: L\u00e9o Nascimento<br \/>Voz em Off: Nilc\u00e9ia Vicente<br \/>Capta\u00e7\u00e3o e Edi\u00e7\u00e3o de V\u00eddeo: Fl\u00e1vio Batio<br \/>Fotos: Sergio Fernandes<br \/>Designer Gr\u00e1fico: Marcos Fellipe<br \/>Produ\u00e7\u00e3o: Ind\u00f4mita Cia.<\/p>\n<p><strong>Servi\u00e7o<\/strong><\/p>\n<p>Data:\u00a029 de junho. Domingo, 16h.<br \/>Classifica\u00e7\u00e3o indicativa:\u00a0Livre<br \/>Local:\u00a0Teatro do Sesc Franca<br \/>Ingressos: R$12 (credencial plena), R$20 (meia), R$40 (inteira)<br \/>Gr\u00e1tis para crian\u00e7as at\u00e9 12 anos<br \/>Abertura das vendas:\u00a017 de junho, 17h (on-line) e 18 de junho, 17h (presencial)<\/p>\n<p><strong>M\u00daSICA | CORD\u00c3O DA TERRA<\/strong><br \/>Casamento Caipira<\/p>\n<p><strong>Servi\u00e7o<\/strong><\/p>\n<p>Data:\u00a029 de junho. Domingo, 17h<br \/>Classifica\u00e7\u00e3o indicativa:\u00a0Livre<br \/>Local:\u00a0Pra\u00e7a do Sesc Franca<br \/>Gr\u00e1tis<\/p>\n<p>Ingressos podem ser adquiridos via aplicativo Credencial Sesc SP, Central de Relacionamento Digital (desktop) ou presencialmente nas unidades do Sesc.<\/p>\n<\/div>\n<p><br \/>\n<br \/><a href=\"https:\/\/www.jornaldafranca.com.br\/veja-as-atividades-juninas-programadas-pelo-sesc-franca-com-foco-na-cultura-popular\/\">Source link <\/a><\/p>\n<!-- CONTENT END 1 -->\n","protected":false},"excerpt":{"rendered":"<p>Espet\u00e1culos para a fam\u00edlia, conta\u00e7\u00e3o de hist\u00f3rias, muita musica e card\u00e1pio t\u00edpicos da \u00e9poca comp\u00f5em a programa\u00e7\u00e3o do Sesc Franca. Cord\u00e3o da Terra \u2013 Casamento&#8230;<\/p>\n","protected":false},"author":1,"featured_media":72547,"comment_status":"open","ping_status":"open","sticky":false,"template":"","format":"standard","meta":{"advanced_seo_description":"","jetpack_seo_html_title":"","jetpack_seo_noindex":false,"jetpack_post_was_ever_published":false,"_jetpack_newsletter_access":"","_jetpack_dont_email_post_to_subs":false,"_jetpack_newsletter_tier_id":0,"_jetpack_memberships_contains_paywalled_content":false,"_jetpack_memberships_contains_paid_content":false,"footnotes":"","jetpack_publicize_message":"","jetpack_publicize_feature_enabled":true,"jetpack_social_post_already_shared":true,"jetpack_social_options":{"image_generator_settings":{"template":"highway","default_image_id":0,"font":"","enabled":false},"version":2}},"categories":[3597],"tags":[],"class_list":["post-72546","post","type-post","status-publish","format-standard","has-post-thumbnail","hentry","category-noticias-franca-sp"],"jetpack_publicize_connections":[],"jetpack_featured_media_url":"https:\/\/i0.wp.com\/noticiasribeiraopreto.com.br\/wp-content\/uploads\/2025\/06\/image.png?fit=886%2C590&ssl=1","jetpack-related-posts":[{"id":71272,"url":"https:\/\/noticiasribeiraopreto.com.br\/index.php\/2025\/06\/04\/programacao-nesta-semana-no-sesc-franca-tem-musica-teatro-e-atividades-para-crianacas\/","url_meta":{"origin":72546,"position":0},"title":"Programa\u00e7\u00e3o nesta semana no Sesc Franca tem m\u00fasica, teatro e atividades para criana\u00e7as","author":"noticiasribeiraopreto.com.br","date":"4 de June de 2025","format":false,"excerpt":"De 04 a 08 de junho, o p\u00fablico do Sesc Franca poder\u00e1 conferir espet\u00e1culos diversos e apreciar atividades teatrais, liter\u00e1rias, circenses, musicais e muito mais. Confira toda a programa\u00e7\u00e3o: \u2022 LITERATURA| A CABE\u00c7A Com Cia. Avoa\u202fde Teatro No dia 04 de junho, na Sala 2 do Sesc Franca, o p\u00fablico\u2026","rel":"","context":"In &quot;Not\u00edcias de Franca-SP&quot;","block_context":{"text":"Not\u00edcias de Franca-SP","link":"https:\/\/noticiasribeiraopreto.com.br\/index.php\/category\/noticias-de-ribeirao-preto-sp-e-regiao-ismael-colosi\/noticias-franca-sp\/"},"img":{"alt_text":"","src":"https:\/\/i0.wp.com\/noticiasribeiraopreto.com.br\/wp-content\/uploads\/2025\/06\/sesc-som-da-terra-scaled.jpg?fit=1200%2C878&ssl=1&resize=350%2C200","width":350,"height":200,"srcset":"https:\/\/i0.wp.com\/noticiasribeiraopreto.com.br\/wp-content\/uploads\/2025\/06\/sesc-som-da-terra-scaled.jpg?fit=1200%2C878&ssl=1&resize=350%2C200 1x, https:\/\/i0.wp.com\/noticiasribeiraopreto.com.br\/wp-content\/uploads\/2025\/06\/sesc-som-da-terra-scaled.jpg?fit=1200%2C878&ssl=1&resize=525%2C300 1.5x, https:\/\/i0.wp.com\/noticiasribeiraopreto.com.br\/wp-content\/uploads\/2025\/06\/sesc-som-da-terra-scaled.jpg?fit=1200%2C878&ssl=1&resize=700%2C400 2x, https:\/\/i0.wp.com\/noticiasribeiraopreto.com.br\/wp-content\/uploads\/2025\/06\/sesc-som-da-terra-scaled.jpg?fit=1200%2C878&ssl=1&resize=1050%2C600 3x"},"classes":[]},{"id":67431,"url":"https:\/\/noticiasribeiraopreto.com.br\/index.php\/2025\/04\/14\/jornal-da-franca-veja-as-seis-cidades-da-regiao-de-franca-que-vao-receber-o-circuito-sesc-de-artes\/","url_meta":{"origin":72546,"position":1},"title":"Jornal da Franca &#8211; Veja as seis cidades da regi\u00e3o de Franca que v\u00e3o receber o Circuito Sesc de Artes","author":"noticiasribeiraopreto.com.br","date":"14 de April de 2025","format":false,"excerpt":"compartilhar no whatsapp compartilhar no telegram compartilhar no facebook compartilhar no linkedin A programa\u00e7\u00e3o do Sesc, que acontece desde 2008 para p\u00fablicos de todas as idades ocorrer\u00e1 ao longo de seis finais de semana. O Circuito Sesc de Artes est\u00e1 de volta! Em breve, arte e cultura tomar\u00e3o conta das\u2026","rel":"","context":"In &quot;Not\u00edcias de Franca-SP&quot;","block_context":{"text":"Not\u00edcias de Franca-SP","link":"https:\/\/noticiasribeiraopreto.com.br\/index.php\/category\/noticias-de-ribeirao-preto-sp-e-regiao-ismael-colosi\/noticias-franca-sp\/"},"img":{"alt_text":"","src":"https:\/\/i0.wp.com\/noticiasribeiraopreto.com.br\/wp-content\/uploads\/2025\/04\/SESC-03.png?fit=800%2C400&ssl=1&resize=350%2C200","width":350,"height":200,"srcset":"https:\/\/i0.wp.com\/noticiasribeiraopreto.com.br\/wp-content\/uploads\/2025\/04\/SESC-03.png?fit=800%2C400&ssl=1&resize=350%2C200 1x, https:\/\/i0.wp.com\/noticiasribeiraopreto.com.br\/wp-content\/uploads\/2025\/04\/SESC-03.png?fit=800%2C400&ssl=1&resize=525%2C300 1.5x, https:\/\/i0.wp.com\/noticiasribeiraopreto.com.br\/wp-content\/uploads\/2025\/04\/SESC-03.png?fit=800%2C400&ssl=1&resize=700%2C400 2x"},"classes":[]},{"id":67081,"url":"https:\/\/noticiasribeiraopreto.com.br\/index.php\/2025\/04\/09\/jornal-da-franca-performance-musica-e-artes-visuais-da-cultura-underground-no-sesc-franca\/","url_meta":{"origin":72546,"position":2},"title":"Jornal da Franca &#8211; Performance, m\u00fasica e artes visuais da cultura underground no Sesc Franca","author":"noticiasribeiraopreto.com.br","date":"9 de April de 2025","format":false,"excerpt":"compartilhar no whatsapp compartilhar no telegram compartilhar no facebook compartilhar no linkedin Projeto Sintropia ocupa a Pra\u00e7a do Sesc Franca em abril, propondo a supera\u00e7\u00e3o das fronteiras convencionais da arte Dj Xakaw | Foto: Divulga\u00e7\u00e3o S\u00e9rie de apresenta\u00e7\u00f5es que re\u00fane performance, m\u00fasica e artes visuais propondo a supera\u00e7\u00e3o das fronteiras\u2026","rel":"","context":"In &quot;Not\u00edcias de Franca-SP&quot;","block_context":{"text":"Not\u00edcias de Franca-SP","link":"https:\/\/noticiasribeiraopreto.com.br\/index.php\/category\/noticias-de-ribeirao-preto-sp-e-regiao-ismael-colosi\/noticias-franca-sp\/"},"img":{"alt_text":"","src":"https:\/\/i0.wp.com\/noticiasribeiraopreto.com.br\/wp-content\/uploads\/2025\/04\/DJ-Xakaw-1.jpg?fit=906%2C680&ssl=1&resize=350%2C200","width":350,"height":200,"srcset":"https:\/\/i0.wp.com\/noticiasribeiraopreto.com.br\/wp-content\/uploads\/2025\/04\/DJ-Xakaw-1.jpg?fit=906%2C680&ssl=1&resize=350%2C200 1x, https:\/\/i0.wp.com\/noticiasribeiraopreto.com.br\/wp-content\/uploads\/2025\/04\/DJ-Xakaw-1.jpg?fit=906%2C680&ssl=1&resize=525%2C300 1.5x, https:\/\/i0.wp.com\/noticiasribeiraopreto.com.br\/wp-content\/uploads\/2025\/04\/DJ-Xakaw-1.jpg?fit=906%2C680&ssl=1&resize=700%2C400 2x"},"classes":[]},{"id":69199,"url":"https:\/\/noticiasribeiraopreto.com.br\/index.php\/2025\/05\/03\/jornal-da-franca-veja-as-6-cidades-da-regiao-de-franca-que-vao-receber-o-circuito-sesc-de-artes\/","url_meta":{"origin":72546,"position":3},"title":"Jornal da Franca &#8211; Veja as 6 cidades da regi\u00e3o de Franca que v\u00e3o receber o Circuito Sesc de Artes","author":"noticiasribeiraopreto.com.br","date":"3 de May de 2025","format":false,"excerpt":"compartilhar no whatsapp compartilhar no telegram compartilhar no facebook compartilhar no linkedin O Circuito Sesc de Artes deste ano vai passar pelas cidades de\u00a0S\u00e3o Jos\u00e9 da Bela Vista,\u00a0Orl\u00e2ndia, Ituverava,\u00a0Pedregulho,\u00a0Guar\u00e1 e\u00a0Gua\u00edra A atividade Jogos dos Planos est\u00e1 no Circuito Sesc de Artes a ser cumprido na regi\u00e3o de Franca (Foto: Anderson\u2026","rel":"","context":"In &quot;Not\u00edcias de Franca-SP&quot;","block_context":{"text":"Not\u00edcias de Franca-SP","link":"https:\/\/noticiasribeiraopreto.com.br\/index.php\/category\/noticias-de-ribeirao-preto-sp-e-regiao-ismael-colosi\/noticias-franca-sp\/"},"img":{"alt_text":"","src":"https:\/\/i0.wp.com\/noticiasribeiraopreto.com.br\/wp-content\/uploads\/2025\/05\/JogosdosPlanos3_FT_Anderson-Rodrigues.jpg?fit=1200%2C900&ssl=1&resize=350%2C200","width":350,"height":200,"srcset":"https:\/\/i0.wp.com\/noticiasribeiraopreto.com.br\/wp-content\/uploads\/2025\/05\/JogosdosPlanos3_FT_Anderson-Rodrigues.jpg?fit=1200%2C900&ssl=1&resize=350%2C200 1x, https:\/\/i0.wp.com\/noticiasribeiraopreto.com.br\/wp-content\/uploads\/2025\/05\/JogosdosPlanos3_FT_Anderson-Rodrigues.jpg?fit=1200%2C900&ssl=1&resize=525%2C300 1.5x, https:\/\/i0.wp.com\/noticiasribeiraopreto.com.br\/wp-content\/uploads\/2025\/05\/JogosdosPlanos3_FT_Anderson-Rodrigues.jpg?fit=1200%2C900&ssl=1&resize=700%2C400 2x, https:\/\/i0.wp.com\/noticiasribeiraopreto.com.br\/wp-content\/uploads\/2025\/05\/JogosdosPlanos3_FT_Anderson-Rodrigues.jpg?fit=1200%2C900&ssl=1&resize=1050%2C600 3x"},"classes":[]},{"id":72836,"url":"https:\/\/noticiasribeiraopreto.com.br\/index.php\/2025\/06\/21\/jornal-da-franca-sesc-franca-recebe-marcia-tiburi-e-jhonny-salaberg-para-bate-papo-com-tema-livre\/","url_meta":{"origin":72546,"position":4},"title":"Jornal da Franca &#8211; Sesc Franca recebe M\u00e1rcia Tiburi e Jhonny Salaberg para bate-papo com tema livre","author":"noticiasribeiraopreto.com.br","date":"21 de June de 2025","format":false,"excerpt":"compartilhar no whatsapp compartilhar no telegram compartilhar no facebook compartilhar no linkedin Com media\u00e7\u00e3o de Marina Correa, os participantes compartilham reflex\u00f5es com o p\u00fablico a partir de suas trajet\u00f3rias e viv\u00eancias M\u00e1rcia Tiburi (Foto: Fernando Rabelo)\u00a0 \u00a0 \u00a0 \u00a0 \u00a0 \u00a0 \u00a0 \u00a0 \u00a0 \u00a0 \u00a0 \u00a0 \u00a0 \u00a0 \u00a0\u2026","rel":"","context":"In &quot;Not\u00edcias de Franca-SP&quot;","block_context":{"text":"Not\u00edcias de Franca-SP","link":"https:\/\/noticiasribeiraopreto.com.br\/index.php\/category\/noticias-de-ribeirao-preto-sp-e-regiao-ismael-colosi\/noticias-franca-sp\/"},"img":{"alt_text":"","src":"https:\/\/i0.wp.com\/noticiasribeiraopreto.com.br\/wp-content\/uploads\/2025\/06\/essa-00-7.jpg?fit=1170%2C731&ssl=1&resize=350%2C200","width":350,"height":200,"srcset":"https:\/\/i0.wp.com\/noticiasribeiraopreto.com.br\/wp-content\/uploads\/2025\/06\/essa-00-7.jpg?fit=1170%2C731&ssl=1&resize=350%2C200 1x, https:\/\/i0.wp.com\/noticiasribeiraopreto.com.br\/wp-content\/uploads\/2025\/06\/essa-00-7.jpg?fit=1170%2C731&ssl=1&resize=525%2C300 1.5x, https:\/\/i0.wp.com\/noticiasribeiraopreto.com.br\/wp-content\/uploads\/2025\/06\/essa-00-7.jpg?fit=1170%2C731&ssl=1&resize=700%2C400 2x, https:\/\/i0.wp.com\/noticiasribeiraopreto.com.br\/wp-content\/uploads\/2025\/06\/essa-00-7.jpg?fit=1170%2C731&ssl=1&resize=1050%2C600 3x"},"classes":[]},{"id":67315,"url":"https:\/\/noticiasribeiraopreto.com.br\/index.php\/2025\/04\/12\/jornal-da-franca-confira-os-espetaculos-que-iniciam-a-segunda-quinzena-de-abril-no-sesc-franca\/","url_meta":{"origin":72546,"position":5},"title":"Jornal da Franca &#8211; Confira os espet\u00e1culos que iniciam a segunda quinzena de abril no Sesc Franca","author":"noticiasribeiraopreto.com.br","date":"12 de April de 2025","format":false,"excerpt":"compartilhar no whatsapp compartilhar no telegram compartilhar no facebook compartilhar no linkedin Com programa\u00e7\u00e3o gratuita, a 2\u00aa quinzena de abril chega ao Sesc Franca com bate-papo sobre Cicloturismo e espet\u00e1culos para todos os p\u00fablicos. TURISMO SOCIAL | CICLOTURISMO PARA INICIANTES Bate-papo com Rafaela Asprino e Antonio Olinto Olinto e Rafaela,\u2026","rel":"","context":"In &quot;Not\u00edcias de Franca-SP&quot;","block_context":{"text":"Not\u00edcias de Franca-SP","link":"https:\/\/noticiasribeiraopreto.com.br\/index.php\/category\/noticias-de-ribeirao-preto-sp-e-regiao-ismael-colosi\/noticias-franca-sp\/"},"img":{"alt_text":"","src":"https:\/\/i0.wp.com\/noticiasribeiraopreto.com.br\/wp-content\/uploads\/2025\/04\/olinto-scaled.jpg?fit=1200%2C675&ssl=1&resize=350%2C200","width":350,"height":200,"srcset":"https:\/\/i0.wp.com\/noticiasribeiraopreto.com.br\/wp-content\/uploads\/2025\/04\/olinto-scaled.jpg?fit=1200%2C675&ssl=1&resize=350%2C200 1x, https:\/\/i0.wp.com\/noticiasribeiraopreto.com.br\/wp-content\/uploads\/2025\/04\/olinto-scaled.jpg?fit=1200%2C675&ssl=1&resize=525%2C300 1.5x, https:\/\/i0.wp.com\/noticiasribeiraopreto.com.br\/wp-content\/uploads\/2025\/04\/olinto-scaled.jpg?fit=1200%2C675&ssl=1&resize=700%2C400 2x, https:\/\/i0.wp.com\/noticiasribeiraopreto.com.br\/wp-content\/uploads\/2025\/04\/olinto-scaled.jpg?fit=1200%2C675&ssl=1&resize=1050%2C600 3x"},"classes":[]}],"jetpack_sharing_enabled":true,"jetpack_shortlink":"https:\/\/wp.me\/peQAOb-iS6","_links":{"self":[{"href":"https:\/\/noticiasribeiraopreto.com.br\/index.php\/wp-json\/wp\/v2\/posts\/72546","targetHints":{"allow":["GET"]}}],"collection":[{"href":"https:\/\/noticiasribeiraopreto.com.br\/index.php\/wp-json\/wp\/v2\/posts"}],"about":[{"href":"https:\/\/noticiasribeiraopreto.com.br\/index.php\/wp-json\/wp\/v2\/types\/post"}],"author":[{"embeddable":true,"href":"https:\/\/noticiasribeiraopreto.com.br\/index.php\/wp-json\/wp\/v2\/users\/1"}],"replies":[{"embeddable":true,"href":"https:\/\/noticiasribeiraopreto.com.br\/index.php\/wp-json\/wp\/v2\/comments?post=72546"}],"version-history":[{"count":0,"href":"https:\/\/noticiasribeiraopreto.com.br\/index.php\/wp-json\/wp\/v2\/posts\/72546\/revisions"}],"wp:featuredmedia":[{"embeddable":true,"href":"https:\/\/noticiasribeiraopreto.com.br\/index.php\/wp-json\/wp\/v2\/media\/72547"}],"wp:attachment":[{"href":"https:\/\/noticiasribeiraopreto.com.br\/index.php\/wp-json\/wp\/v2\/media?parent=72546"}],"wp:term":[{"taxonomy":"category","embeddable":true,"href":"https:\/\/noticiasribeiraopreto.com.br\/index.php\/wp-json\/wp\/v2\/categories?post=72546"},{"taxonomy":"post_tag","embeddable":true,"href":"https:\/\/noticiasribeiraopreto.com.br\/index.php\/wp-json\/wp\/v2\/tags?post=72546"}],"curies":[{"name":"wp","href":"https:\/\/api.w.org\/{rel}","templated":true}]}}