{"id":72590,"date":"2025-06-18T19:02:26","date_gmt":"2025-06-18T22:02:26","guid":{"rendered":"https:\/\/noticiasribeiraopreto.com.br\/index.php\/2025\/06\/18\/concurso-miss-e-mister-lgbtqiap-acontece-no-teatro-municipal-de-ribeirao-saiba-quando\/"},"modified":"2025-06-18T19:02:26","modified_gmt":"2025-06-18T22:02:26","slug":"concurso-miss-e-mister-lgbtqiap-acontece-no-teatro-municipal-de-ribeirao-saiba-quando","status":"publish","type":"post","link":"https:\/\/noticiasribeiraopreto.com.br\/index.php\/2025\/06\/18\/concurso-miss-e-mister-lgbtqiap-acontece-no-teatro-municipal-de-ribeirao-saiba-quando\/","title":{"rendered":"Concurso Miss e Mister LGBTQIAP+ acontece no Teatro Municipal de Ribeir\u00e3o; Saiba quando"},"content":{"rendered":"<p> <br \/>\n<\/p>\n<div>\n<p>O concurso <strong>Miss e Mister LGBTQIAP+ de Ribeir\u00e3o Preto<\/strong> acontece no dia <strong>26 de junho<\/strong>, \u00e0s 19h, no Teatro Municipal, localizado no Complexo Cultural Morro do S\u00e3o Bento.<\/p>\n<p>A <strong>entrada para o evento \u00e9 gratuita<\/strong>, contudo, <mark style=\"background-color:#fcb900\" class=\"has-inline-color\">a organiza\u00e7\u00e3o pede a <strong>doa\u00e7\u00e3o de 1 kg de alimento n\u00e3o perec\u00edvel<\/strong>, que ser\u00e1 repassado \u00e0 comunidade LGBTQIAP+ em situa\u00e7\u00e3o de vulnerabilidade social<\/mark>.<\/p>\n<p>Neste ano, al\u00e9m das categorias tradicionais, o concurso abriu espa\u00e7o, pela primeira vez, <strong>para candidatos da terceira idade<\/strong> \u2013 veja abaixo.<\/p>\n<figure class=\"wp-block-pullquote\">\n<blockquote>\n<p>Essa inclus\u00e3o \u00e9 fundamental para debater a solid\u00e3o das pessoas LGBTQIAP+ na velhice e lutar por suas necessidades, como sa\u00fade f\u00edsica e mental, moradia, entre outras<\/p>\n<p><cite>diz com F\u00e1bio de Jesus da Silva, presidente da ONG Arco-\u00cdris, respons\u00e1vel pelo evento<\/cite><\/p><\/blockquote>\n<\/figure>\n<h2 class=\"wp-block-heading\"><strong>Quais s\u00e3o as categorias do concurso?<\/strong><\/h2>\n<p>O evento faz parte da programa\u00e7\u00e3o da <strong>21\u00aa Parada LGBTQIAP+ de Ribeir\u00e3o Preto<\/strong>, marcada para acontecer no <strong>dia 17 de agosto<\/strong>. Os candidatos oficialmente inscritos v\u00e3o concorrer nas seguintes categorias:<\/p>\n<ul class=\"wp-block-list\">\n<li>Miss Gay<\/li>\n<li>Miss L\u00e9sbica<\/li>\n<li>Miss Mulher Trans<\/li>\n<li>Mister Homem Trans<\/li>\n<li>Miss Plus Size<\/li>\n<li>Miss Terceira Idade<\/li>\n<\/ul>\n<p>O evento tem o intuito de dar visibilidade \u00e0s pessoas <strong>LGBTQIAP+<\/strong>, no combate ao preconceito e na desconstru\u00e7\u00e3o de refer\u00eancias impostas diariamente.<\/p>\n<h3 class=\"wp-block-heading\"><strong>Servi\u00e7o<\/strong><\/h3>\n<p><em>Concurso Miss e Mister LGBTQIAP+ de Ribeir\u00e3o Preto<\/em><\/p>\n<p>Quando: dia 26 de junho (quinta-feira)<\/p>\n<p>Hor\u00e1rio: a partir das 19h30<\/p>\n<p>Local: Teatro Municipal de Ribeir\u00e3o Preto (Complexo Cultural Morro do S\u00e3o Bento)<\/p>\n<p>Ingressos: entrada gratuita mediante a doa\u00e7\u00e3o de 1 kg de alimento n\u00e3o perec\u00edvel<\/p>\n<p>Para mais informa\u00e7\u00f5es acesse a p\u00e1gina oficial da ONG Arco-\u00edris (<a href=\"https:\/\/www.instagram.com\/paradarp\/\" target=\"_blank\" rel=\"noreferrer noopener\">clique aqui<\/a>).<\/p>\n<hr class=\"wp-block-separator has-alpha-channel-opacity\"\/>\n<p>SAIBA MAIS<\/p>\n<p>Festival da Lua Cheia re\u00fane Liniker, Marcelo D2 e Gilsons com 80 horas de m\u00fasica<\/p>\n<h2 class=\"wp-block-heading\"><strong>FIQUE ON<\/strong><\/h2>\n<p>Quer ficar por dentro de tudo que acontece em Ribeir\u00e3o Preto e regi\u00e3o? Ent\u00e3o siga os perfis do\u202facidade on\u202fno\u202f<a href=\"https:\/\/www.instagram.com\/acidadeonribeirao\" target=\"_blank\" rel=\"noreferrer noopener\">Instagram<\/a>\u202fe no\u202f<a href=\"https:\/\/www.facebook.com\/acidadeonribeirao\/\" target=\"_blank\" rel=\"noreferrer noopener\">Facebook<\/a>.<\/p>\n<p>Al\u00e9m disso, voc\u00ea pode receber as principais not\u00edcias diretamente no WhatsApp. Para isso, basta\u00a0<a href=\"https:\/\/chat.whatsapp.com\/BjKQZ9oJwlz8VVT50NuePq\" target=\"_blank\" rel=\"noreferrer noopener\">entrar no grupo clicando aqui<\/a>.<\/p>\n<p>Por fim, se quiser fazer uma den\u00fancia ou sugerir uma reportagem sobre Ribeir\u00e3o Preto e regi\u00e3o, envie uma mensagem pelo WhatsApp: (16) 99117-7802.<\/p>\n<p>VEJA TAMB\u00c9M<\/p>\n<p>O que aconteceu com Arlindo Cruz?<\/p>\n<p><!-- CONTENT END 1 -->\n<\/div>\n<p><script async src=\"\/\/www.instagram.com\/embed.js\"><\/script><br \/>\n<br \/><br \/>\n<br \/><a href=\"https:\/\/www.acidadeon.com\/ribeiraopreto\/lazer-e-cultura\/concurso-miss-e-mister-lgbtqiap-acontece-no-teatro-municipal-de-ribeirao-saiba-quando\/\">Source link <\/a><\/p>\n","protected":false},"excerpt":{"rendered":"<p>O concurso Miss e Mister LGBTQIAP+ de Ribeir\u00e3o Preto acontece no dia 26 de junho, \u00e0s 19h, no Teatro Municipal, localizado no Complexo Cultural Morro&#8230;<\/p>\n","protected":false},"author":1,"featured_media":72591,"comment_status":"open","ping_status":"open","sticky":false,"template":"","format":"standard","meta":{"advanced_seo_description":"","jetpack_seo_html_title":"","jetpack_seo_noindex":false,"jetpack_post_was_ever_published":false,"_jetpack_newsletter_access":"","_jetpack_dont_email_post_to_subs":false,"_jetpack_newsletter_tier_id":0,"_jetpack_memberships_contains_paywalled_content":false,"_jetpack_memberships_contains_paid_content":false,"footnotes":"","jetpack_publicize_message":"","jetpack_publicize_feature_enabled":true,"jetpack_social_post_already_shared":true,"jetpack_social_options":{"image_generator_settings":{"template":"highway","default_image_id":0,"font":"","enabled":false},"version":2}},"categories":[11],"tags":[],"class_list":["post-72590","post","type-post","status-publish","format-standard","has-post-thumbnail","hentry","category-noticias-de-ribeirao-preto-sp-e-regiao-ismael-colosi"],"jetpack_publicize_connections":[],"jetpack_featured_media_url":"https:\/\/i0.wp.com\/noticiasribeiraopreto.com.br\/wp-content\/uploads\/2025\/06\/RibeirotemconcursoparaelegerMisseMisterLGBTQIAPVejacomoparticipar_Tamanho_2_image.jpg?fit=1200%2C900&ssl=1","jetpack-related-posts":[{"id":50116,"url":"https:\/\/noticiasribeiraopreto.com.br\/index.php\/2024\/05\/14\/concurso-miss-e-mister-lgbtqiap-de-ribeirao-preto-acontece-nesta-sexta-feira\/","url_meta":{"origin":72590,"position":0},"title":"Concurso Miss e Mister LGBTQIAP+ de Ribeir\u00e3o Preto acontece nesta sexta-feira","author":"noticiasribeiraopreto.com.br","date":"14 de May de 2024","format":false,"excerpt":"A 13\u00ba edi\u00e7\u00e3o do Concurso Miss e Mister LGBTQIAP+ de Ribeir\u00e3o Preto acontece nesta sexta-feira (17), no Teatro Municipal da cidade, localizado Complexo Cultural Morro do S\u00e3o Bento, a partir das 19h30. A entrada para o evento \u00e9 gratuita, contudo, a organiza\u00e7\u00e3o pede a doa\u00e7\u00e3o de 1 kg de alimento\u2026","rel":"","context":"In &quot;Not\u00edcias de Ribeir\u00e3o Preto-SP e Regi\u00e3o&quot;","block_context":{"text":"Not\u00edcias de Ribeir\u00e3o Preto-SP e Regi\u00e3o","link":"https:\/\/noticiasribeiraopreto.com.br\/index.php\/category\/noticias-de-ribeirao-preto-sp-e-regiao-ismael-colosi\/"},"img":{"alt_text":"","src":"https:\/\/i0.wp.com\/noticiasribeiraopreto.com.br\/wp-content\/uploads\/2024\/05\/Capturar-6.jpg?fit=950%2C625&ssl=1&resize=350%2C200","width":350,"height":200,"srcset":"https:\/\/i0.wp.com\/noticiasribeiraopreto.com.br\/wp-content\/uploads\/2024\/05\/Capturar-6.jpg?fit=950%2C625&ssl=1&resize=350%2C200 1x, https:\/\/i0.wp.com\/noticiasribeiraopreto.com.br\/wp-content\/uploads\/2024\/05\/Capturar-6.jpg?fit=950%2C625&ssl=1&resize=525%2C300 1.5x, https:\/\/i0.wp.com\/noticiasribeiraopreto.com.br\/wp-content\/uploads\/2024\/05\/Capturar-6.jpg?fit=950%2C625&ssl=1&resize=700%2C400 2x"},"classes":[]},{"id":42721,"url":"https:\/\/noticiasribeiraopreto.com.br\/index.php\/2024\/03\/16\/inscricoes-abertas-para-o-concurso-miss-e-mister-lgbtqiap-de-ribeirao-preto\/","url_meta":{"origin":72590,"position":1},"title":"Inscri\u00e7\u00f5es abertas para o Concurso Miss e Mister LGBTQIAP+ de Ribeir\u00e3o Preto","author":"noticiasribeiraopreto.com.br","date":"16 de March de 2024","format":false,"excerpt":"Est\u00e3o abertas as\u00a0inscri\u00e7\u00f5es para a 13\u00aa edi\u00e7\u00e3o do Concurso Miss e Mister LGBTQIAP+2024, que acontece em Ribeir\u00e3o Preto, no dia 17 de maio, \u00e0s 19h. Interessados podem se inscrever por meio de um formul\u00e1rio na internet (clique aqui) at\u00e9 o dia 7 de abril. Os candidatos que se inscreverem receber\u00e3o\u2026","rel":"","context":"In &quot;Not\u00edcias de Ribeir\u00e3o Preto-SP e Regi\u00e3o&quot;","block_context":{"text":"Not\u00edcias de Ribeir\u00e3o Preto-SP e Regi\u00e3o","link":"https:\/\/noticiasribeiraopreto.com.br\/index.php\/category\/noticias-de-ribeirao-preto-sp-e-regiao-ismael-colosi\/"},"img":{"alt_text":"","src":"https:\/\/i0.wp.com\/noticiasribeiraopreto.com.br\/wp-content\/uploads\/2024\/03\/miss_e_mister_lgbtqiap_1.jpeg?fit=1200%2C801&ssl=1&resize=350%2C200","width":350,"height":200,"srcset":"https:\/\/i0.wp.com\/noticiasribeiraopreto.com.br\/wp-content\/uploads\/2024\/03\/miss_e_mister_lgbtqiap_1.jpeg?fit=1200%2C801&ssl=1&resize=350%2C200 1x, https:\/\/i0.wp.com\/noticiasribeiraopreto.com.br\/wp-content\/uploads\/2024\/03\/miss_e_mister_lgbtqiap_1.jpeg?fit=1200%2C801&ssl=1&resize=525%2C300 1.5x, https:\/\/i0.wp.com\/noticiasribeiraopreto.com.br\/wp-content\/uploads\/2024\/03\/miss_e_mister_lgbtqiap_1.jpeg?fit=1200%2C801&ssl=1&resize=700%2C400 2x, https:\/\/i0.wp.com\/noticiasribeiraopreto.com.br\/wp-content\/uploads\/2024\/03\/miss_e_mister_lgbtqiap_1.jpeg?fit=1200%2C801&ssl=1&resize=1050%2C600 3x"},"classes":[]},{"id":42645,"url":"https:\/\/noticiasribeiraopreto.com.br\/index.php\/2024\/03\/15\/abertas-as-inscricoes-para-o-miss-e-mister-lgbtqiap\/","url_meta":{"origin":72590,"position":2},"title":"Abertas as inscri\u00e7\u00f5es para o Miss e Mister LGBTQIAP+","author":"noticiasribeiraopreto.com.br","date":"15 de March de 2024","format":false,"excerpt":"Os interessados podem fazer suas inscri\u00e7\u00f5es de 15 de mar\u00e7o a 7 de abril nos links das redes sociais da Parada 15 de mar\u00e7o de 2024 | 16:47 0Est\u00e3o abertas as inscri\u00e7\u00f5es para os que desejam participar da 13\u00aa edi\u00e7\u00e3o do Concurso Miss e Mister LGBTQIAP+2024, que acontece na cidade\u2026","rel":"","context":"In &quot;Not\u00edcias de Ribeir\u00e3o Preto-SP e Regi\u00e3o&quot;","block_context":{"text":"Not\u00edcias de Ribeir\u00e3o Preto-SP e Regi\u00e3o","link":"https:\/\/noticiasribeiraopreto.com.br\/index.php\/category\/noticias-de-ribeirao-preto-sp-e-regiao-ismael-colosi\/"},"img":{"alt_text":"","src":"https:\/\/i0.wp.com\/noticiasribeiraopreto.com.br\/wp-content\/uploads\/2024\/03\/1149cd6f-4819-4f6a-b407-de588b91aedd-scaled.jpg?fit=968%2C645&ssl=1&resize=350%2C200","width":350,"height":200,"srcset":"https:\/\/i0.wp.com\/noticiasribeiraopreto.com.br\/wp-content\/uploads\/2024\/03\/1149cd6f-4819-4f6a-b407-de588b91aedd-scaled.jpg?fit=968%2C645&ssl=1&resize=350%2C200 1x, https:\/\/i0.wp.com\/noticiasribeiraopreto.com.br\/wp-content\/uploads\/2024\/03\/1149cd6f-4819-4f6a-b407-de588b91aedd-scaled.jpg?fit=968%2C645&ssl=1&resize=525%2C300 1.5x, https:\/\/i0.wp.com\/noticiasribeiraopreto.com.br\/wp-content\/uploads\/2024\/03\/1149cd6f-4819-4f6a-b407-de588b91aedd-scaled.jpg?fit=968%2C645&ssl=1&resize=700%2C400 2x"},"classes":[]},{"id":46896,"url":"https:\/\/noticiasribeiraopreto.com.br\/index.php\/2024\/04\/15\/parada-lgbtqiap-celebra-20-anos-em-ribeirao-preto-veja-calendario-de-eventos\/","url_meta":{"origin":72590,"position":3},"title":"Parada LGBTQIAP+ celebra 20 anos em Ribeir\u00e3o Preto; Veja calend\u00e1rio de eventos","author":"noticiasribeiraopreto.com.br","date":"15 de April de 2024","format":false,"excerpt":"A 20\u00aa edi\u00e7\u00e3o da Parada LGBTQIAP+ de Ribeir\u00e3o Preto acontece no dia 16 de junho, com o tema: \u201cO show tem que continuar. Homofobia n\u00e3o\u201d. O evento \u00e9 realizado pela ONG Arco \u00cdris em parceria com a Secretaria da Cultura e Turismo da cidade. Neste ano, as celebra\u00e7\u00f5es marcam 20\u2026","rel":"","context":"In &quot;Not\u00edcias de Ribeir\u00e3o Preto-SP e Regi\u00e3o&quot;","block_context":{"text":"Not\u00edcias de Ribeir\u00e3o Preto-SP e Regi\u00e3o","link":"https:\/\/noticiasribeiraopreto.com.br\/index.php\/category\/noticias-de-ribeirao-preto-sp-e-regiao-ismael-colosi\/"},"img":{"alt_text":"","src":"https:\/\/i0.wp.com\/noticiasribeiraopreto.com.br\/wp-content\/uploads\/2024\/04\/parada_lgbt_1024x576_28062021202727_x1x.jpg?fit=1024%2C576&ssl=1&resize=350%2C200","width":350,"height":200,"srcset":"https:\/\/i0.wp.com\/noticiasribeiraopreto.com.br\/wp-content\/uploads\/2024\/04\/parada_lgbt_1024x576_28062021202727_x1x.jpg?fit=1024%2C576&ssl=1&resize=350%2C200 1x, https:\/\/i0.wp.com\/noticiasribeiraopreto.com.br\/wp-content\/uploads\/2024\/04\/parada_lgbt_1024x576_28062021202727_x1x.jpg?fit=1024%2C576&ssl=1&resize=525%2C300 1.5x, https:\/\/i0.wp.com\/noticiasribeiraopreto.com.br\/wp-content\/uploads\/2024\/04\/parada_lgbt_1024x576_28062021202727_x1x.jpg?fit=1024%2C576&ssl=1&resize=700%2C400 2x"},"classes":[]},{"id":52622,"url":"https:\/\/noticiasribeiraopreto.com.br\/index.php\/2024\/06\/10\/ribeirao-celebra-20-anos-de-parada-lgbtqiap-com-shows-e-apresentacoes-veja-programacao\/","url_meta":{"origin":72590,"position":4},"title":"Ribeir\u00e3o celebra 20 anos de Parada LGBTQIAP+ com shows e apresenta\u00e7\u00f5es; Veja programa\u00e7\u00e3o","author":"noticiasribeiraopreto.com.br","date":"10 de June de 2024","format":false,"excerpt":"A 20\u00aa edi\u00e7\u00e3o da Parada LGBTQIAP+ de Ribeir\u00e3o Preto acontece neste domingo (16), com concentra\u00e7\u00e3o a partir das 13h, no cruzamento das avenidas Presidente Vargas e Jo\u00e3o Fi\u00fasa, na zona Sul do munic\u00edpio. Dois trios el\u00e9tricos far\u00e3o um trajeto de 40 minutos pelas avenidas Ant\u00f4nio Diederichsen e 9 de Julho,\u2026","rel":"","context":"In &quot;Not\u00edcias de Ribeir\u00e3o Preto-SP e Regi\u00e3o&quot;","block_context":{"text":"Not\u00edcias de Ribeir\u00e3o Preto-SP e Regi\u00e3o","link":"https:\/\/noticiasribeiraopreto.com.br\/index.php\/category\/noticias-de-ribeirao-preto-sp-e-regiao-ismael-colosi\/"},"img":{"alt_text":"","src":"https:\/\/i0.wp.com\/noticiasribeiraopreto.com.br\/wp-content\/uploads\/2024\/06\/WhatsApp-Image-2024-06-10-at-17.39.34_2024-06-10_20-52-57_jpeg_2024-06-10_20-52-57.webp.webp?fit=1200%2C800&ssl=1&resize=350%2C200","width":350,"height":200,"srcset":"https:\/\/i0.wp.com\/noticiasribeiraopreto.com.br\/wp-content\/uploads\/2024\/06\/WhatsApp-Image-2024-06-10-at-17.39.34_2024-06-10_20-52-57_jpeg_2024-06-10_20-52-57.webp.webp?fit=1200%2C800&ssl=1&resize=350%2C200 1x, https:\/\/i0.wp.com\/noticiasribeiraopreto.com.br\/wp-content\/uploads\/2024\/06\/WhatsApp-Image-2024-06-10-at-17.39.34_2024-06-10_20-52-57_jpeg_2024-06-10_20-52-57.webp.webp?fit=1200%2C800&ssl=1&resize=525%2C300 1.5x, https:\/\/i0.wp.com\/noticiasribeiraopreto.com.br\/wp-content\/uploads\/2024\/06\/WhatsApp-Image-2024-06-10-at-17.39.34_2024-06-10_20-52-57_jpeg_2024-06-10_20-52-57.webp.webp?fit=1200%2C800&ssl=1&resize=700%2C400 2x, https:\/\/i0.wp.com\/noticiasribeiraopreto.com.br\/wp-content\/uploads\/2024\/06\/WhatsApp-Image-2024-06-10-at-17.39.34_2024-06-10_20-52-57_jpeg_2024-06-10_20-52-57.webp.webp?fit=1200%2C800&ssl=1&resize=1050%2C600 3x"},"classes":[]},{"id":54054,"url":"https:\/\/noticiasribeiraopreto.com.br\/index.php\/2024\/06\/27\/atriz-global-se-apresenta-no-teatro-municipal-de-ribeirao-preto-com-peca-sobre-lgbtqiap\/","url_meta":{"origin":72590,"position":5},"title":"Atriz global se apresenta no Teatro Municipal de Ribeir\u00e3o Preto com pe\u00e7a sobre LGBTQIAP+","author":"noticiasribeiraopreto.com.br","date":"27 de June de 2024","format":false,"excerpt":"O espet\u00e1culo \u201cEu Sempre Soube\u2026\u201d, que aborda o tema LGBTQIAP+, ser\u00e1 apresentado nesta sexta-feira (28), no Teatro Municipal de Ribeir\u00e3o Preto. Com entrada gratuita, o mon\u00f3logo com a atriz Rosane Gofman, tem in\u00edcio \u00e0s 20h. Os ingressos devem ser retirados uma hora antes do in\u00edcio da pe\u00e7a teatral, na bilheteria\u2026","rel":"","context":"In &quot;Not\u00edcias de Ribeir\u00e3o Preto-SP e Regi\u00e3o&quot;","block_context":{"text":"Not\u00edcias de Ribeir\u00e3o Preto-SP e Regi\u00e3o","link":"https:\/\/noticiasribeiraopreto.com.br\/index.php\/category\/noticias-de-ribeirao-preto-sp-e-regiao-ismael-colosi\/"},"img":{"alt_text":"","src":"https:\/\/i0.wp.com\/noticiasribeiraopreto.com.br\/wp-content\/uploads\/2024\/06\/Copia-de-Copia-de-TAMANHO-EXATO-PARA-FOTOS-NO-SISTEMA-NOVO-20_2024-06-27_18-22-29_jpg_2024-06-27_18-22-29.webp.webp?fit=1200%2C675&ssl=1&resize=350%2C200","width":350,"height":200,"srcset":"https:\/\/i0.wp.com\/noticiasribeiraopreto.com.br\/wp-content\/uploads\/2024\/06\/Copia-de-Copia-de-TAMANHO-EXATO-PARA-FOTOS-NO-SISTEMA-NOVO-20_2024-06-27_18-22-29_jpg_2024-06-27_18-22-29.webp.webp?fit=1200%2C675&ssl=1&resize=350%2C200 1x, https:\/\/i0.wp.com\/noticiasribeiraopreto.com.br\/wp-content\/uploads\/2024\/06\/Copia-de-Copia-de-TAMANHO-EXATO-PARA-FOTOS-NO-SISTEMA-NOVO-20_2024-06-27_18-22-29_jpg_2024-06-27_18-22-29.webp.webp?fit=1200%2C675&ssl=1&resize=525%2C300 1.5x, https:\/\/i0.wp.com\/noticiasribeiraopreto.com.br\/wp-content\/uploads\/2024\/06\/Copia-de-Copia-de-TAMANHO-EXATO-PARA-FOTOS-NO-SISTEMA-NOVO-20_2024-06-27_18-22-29_jpg_2024-06-27_18-22-29.webp.webp?fit=1200%2C675&ssl=1&resize=700%2C400 2x, https:\/\/i0.wp.com\/noticiasribeiraopreto.com.br\/wp-content\/uploads\/2024\/06\/Copia-de-Copia-de-TAMANHO-EXATO-PARA-FOTOS-NO-SISTEMA-NOVO-20_2024-06-27_18-22-29_jpg_2024-06-27_18-22-29.webp.webp?fit=1200%2C675&ssl=1&resize=1050%2C600 3x"},"classes":[]}],"jetpack_sharing_enabled":true,"jetpack_shortlink":"https:\/\/wp.me\/peQAOb-iSO","_links":{"self":[{"href":"https:\/\/noticiasribeiraopreto.com.br\/index.php\/wp-json\/wp\/v2\/posts\/72590","targetHints":{"allow":["GET"]}}],"collection":[{"href":"https:\/\/noticiasribeiraopreto.com.br\/index.php\/wp-json\/wp\/v2\/posts"}],"about":[{"href":"https:\/\/noticiasribeiraopreto.com.br\/index.php\/wp-json\/wp\/v2\/types\/post"}],"author":[{"embeddable":true,"href":"https:\/\/noticiasribeiraopreto.com.br\/index.php\/wp-json\/wp\/v2\/users\/1"}],"replies":[{"embeddable":true,"href":"https:\/\/noticiasribeiraopreto.com.br\/index.php\/wp-json\/wp\/v2\/comments?post=72590"}],"version-history":[{"count":0,"href":"https:\/\/noticiasribeiraopreto.com.br\/index.php\/wp-json\/wp\/v2\/posts\/72590\/revisions"}],"wp:featuredmedia":[{"embeddable":true,"href":"https:\/\/noticiasribeiraopreto.com.br\/index.php\/wp-json\/wp\/v2\/media\/72591"}],"wp:attachment":[{"href":"https:\/\/noticiasribeiraopreto.com.br\/index.php\/wp-json\/wp\/v2\/media?parent=72590"}],"wp:term":[{"taxonomy":"category","embeddable":true,"href":"https:\/\/noticiasribeiraopreto.com.br\/index.php\/wp-json\/wp\/v2\/categories?post=72590"},{"taxonomy":"post_tag","embeddable":true,"href":"https:\/\/noticiasribeiraopreto.com.br\/index.php\/wp-json\/wp\/v2\/tags?post=72590"}],"curies":[{"name":"wp","href":"https:\/\/api.w.org\/{rel}","templated":true}]}}