{"id":72592,"date":"2025-06-18T19:09:03","date_gmt":"2025-06-18T22:09:03","guid":{"rendered":"https:\/\/noticiasribeiraopreto.com.br\/index.php\/2025\/06\/18\/superintendente-da-rp-mobi-e-nomeado-diretor-do-comite-de-transporte-da-uitp\/"},"modified":"2025-06-18T19:09:03","modified_gmt":"2025-06-18T22:09:03","slug":"superintendente-da-rp-mobi-e-nomeado-diretor-do-comite-de-transporte-da-uitp","status":"publish","type":"post","link":"https:\/\/noticiasribeiraopreto.com.br\/index.php\/2025\/06\/18\/superintendente-da-rp-mobi-e-nomeado-diretor-do-comite-de-transporte-da-uitp\/","title":{"rendered":"Superintendente da RP Mobi \u00e9 nomeado diretor do Comit\u00ea de Transporte da UITP"},"content":{"rendered":"<p> <br \/>\n<\/p>\n<div>\n<p>O superintendente da<strong> RP Mobi<\/strong>, <strong>Marcelo Santos Galli<\/strong>, assumiu nesta ter\u00e7a-feira (17), o cargo de <strong>diretor <\/strong>do <strong>Comit\u00ea de Autoridades de Transporte da Am\u00e9rica Latina<\/strong>, ligado \u00e0 <strong>UITP <\/strong>\u2013 <em>The International Association of Public Transport<\/em> (Associa\u00e7\u00e3o Internacional de Transporte P\u00fablico).<\/p>\n<p>O an\u00fancio ocorreu durante o <strong>UITP Global Public Transport Summit<\/strong>, que est\u00e1 sendo realizado em <strong>Hamburgo<\/strong>, na <strong>Alemanha<\/strong>. <mark style=\"background-color:#fcb900\" class=\"has-inline-color\">O evento \u00e9 considerado um dos mais relevantes sobre mobilidade urbana.<\/mark><\/p>\n<p>De acordo com a <strong>Prefeitura de Ribeir\u00e3o Preto<\/strong>, a indica\u00e7\u00e3o do superintendente representa \u00e0 experi\u00eancia e o trabalho desenvolvido no munic\u00edpio na \u00e1rea da gest\u00e3o de mobilidade urbana.<\/p>\n<h2 class=\"wp-block-heading\"><strong>O que \u00e9?<\/strong><\/h2>\n<p>A <strong>UITP <\/strong>re\u00fane profissionais e entidades de transporte p\u00fablico de mais de <strong>100 pa\u00edses<\/strong>, promovendo o interc\u00e2mbio de <strong>boas pr\u00e1ticas<\/strong>, <strong>inova\u00e7\u00e3o <\/strong>e <strong>pol\u00edticas p\u00fablicas<\/strong> voltadas \u00e0 melhoria dos sistemas de transporte coletivo, desde o ano de 1885.<\/p>\n<p>Al\u00e9m da nova fun\u00e7\u00e3o na <strong>UITP<\/strong>, <strong>Galli <\/strong>tamb\u00e9m foi eleito <strong>presidente<\/strong> do <strong>F\u00f3rum Paulista de Secret\u00e1rios e Dirigentes P\u00fablicos de Mobilidade Urbana (bi\u00eanio 2025\/2026)<\/strong>.<\/p>\n<p>\u201cA nossa atua\u00e7\u00e3o em posi\u00e7\u00f5es de destaque nacional e internacional refor\u00e7a o protagonismo de Ribeir\u00e3o Preto no debate sobre mobilidade urbana sustent\u00e1vel e a import\u00e2ncia do trabalho t\u00e9cnico e articulado da RP Mobi, empresa da Prefeitura Municipal de Ribeir\u00e3o Preto\u201d, afirma <strong>Galli<\/strong>.<\/p>\n<div class=\"wp-block-image\">\n<figure class=\"aligncenter size-full is-resized\"><img data-recalc-dims=\"1\" fetchpriority=\"high\" decoding=\"async\" width=\"1000\" height=\"666\" src=\"https:\/\/i0.wp.com\/cdn.media-acidadeon.com.br\/ribeiraopreto\/wp-content\/uploads\/sites\/3\/2025\/06\/a.ok_.rpemdestaqueemlatinoamericano_1_2025-06-18_19-17-16.webp?resize=1000%2C666&#038;ssl=1\" alt=\"\" class=\"wp-image-120250\" style=\"width:650px;height:auto\" srcset=\"https:\/\/cdn.media-acidadeon.com.br\/ribeiraopreto\/wp-content\/uploads\/sites\/3\/2025\/06\/a.ok_.rpemdestaqueemlatinoamericano_1_2025-06-18_19-17-16.webp 1000w, https:\/\/cdn.media-acidadeon.com.br\/ribeiraopreto\/wp-content\/uploads\/sites\/3\/2025\/06\/a.ok_.rpemdestaqueemlatinoamericano_1_2025-06-18_19-17-16-300x200.webp 300w, https:\/\/cdn.media-acidadeon.com.br\/ribeiraopreto\/wp-content\/uploads\/sites\/3\/2025\/06\/a.ok_.rpemdestaqueemlatinoamericano_1_2025-06-18_19-17-16-768x511.webp 768w, https:\/\/cdn.media-acidadeon.com.br\/ribeiraopreto\/wp-content\/uploads\/sites\/3\/2025\/06\/a.ok_.rpemdestaqueemlatinoamericano_1_2025-06-18_19-17-16-696x464.webp 696w\" sizes=\"(max-width: 1000px) 100vw, 1000px\"\/><figcaption class=\"wp-element-caption\">Foto: divulga\u00e7\u00e3o.<\/figcaption><\/figure>\n<\/div>\n<hr class=\"wp-block-separator has-alpha-channel-opacity\"\/>\n<p>SAIBA MAIS<\/p>\n<p>Associa\u00e7\u00f5es reagem \u00e0 restri\u00e7\u00e3o de hor\u00e1rio e consumo em adegas e tabacarias de Ribeir\u00e3o<\/p>\n<h2 class=\"wp-block-heading\"><strong>FIQUE ON<\/strong><\/h2>\n<p>Quer ficar por dentro de tudo que acontece em Ribeir\u00e3o Preto e regi\u00e3o? Ent\u00e3o siga os perfis do\u202facidade on\u202fno\u202f<a href=\"https:\/\/www.instagram.com\/acidadeonribeirao\" target=\"_blank\" rel=\"noreferrer noopener\">Instagram<\/a>\u202fe no\u202f<a href=\"https:\/\/www.facebook.com\/acidadeonribeirao\/\" target=\"_blank\" rel=\"noreferrer noopener\">Facebook<\/a>.<\/p>\n<p>Al\u00e9m disso, voc\u00ea pode receber as principais not\u00edcias diretamente no WhatsApp. Para isso, basta\u00a0<a href=\"https:\/\/chat.whatsapp.com\/BjKQZ9oJwlz8VVT50NuePq\" target=\"_blank\" rel=\"noreferrer noopener\">entrar no grupo clicando aqui<\/a>.<\/p>\n<p>Por fim, se quiser fazer uma den\u00fancia ou sugerir uma reportagem sobre Ribeir\u00e3o Preto e regi\u00e3o, envie uma mensagem pelo WhatsApp: (16) 99117-7802.<\/p>\n<p>VEJA TAMB\u00c9M<\/p>\n<p>Quem denunciou o padre F\u00e1bio de Melo? <mark style=\"background-color:#ffffff\" class=\"has-inline-color has-white-color\">contudo,<\/mark><\/p>\n<p><!-- CONTENT END 1 -->\n<\/div>\n<p><script async src=\"\/\/www.instagram.com\/embed.js\"><\/script><br \/>\n<br \/><br \/>\n<br \/><a href=\"https:\/\/www.acidadeon.com\/ribeiraopreto\/politica\/nevio-archibald\/superintendente-da-rp-mobi-e-nomeado-diretor-do-comite-de-transporte-da-uitp\/\">Source link <\/a><\/p>\n","protected":false},"excerpt":{"rendered":"<p>O superintendente da RP Mobi, Marcelo Santos Galli, assumiu nesta ter\u00e7a-feira (17), o cargo de diretor do Comit\u00ea de Autoridades de Transporte da Am\u00e9rica Latina,&#8230;<\/p>\n","protected":false},"author":1,"featured_media":72593,"comment_status":"open","ping_status":"open","sticky":false,"template":"","format":"standard","meta":{"advanced_seo_description":"","jetpack_seo_html_title":"","jetpack_seo_noindex":false,"jetpack_post_was_ever_published":false,"_jetpack_newsletter_access":"","_jetpack_dont_email_post_to_subs":false,"_jetpack_newsletter_tier_id":0,"_jetpack_memberships_contains_paywalled_content":false,"_jetpack_memberships_contains_paid_content":false,"footnotes":"","jetpack_publicize_message":"","jetpack_publicize_feature_enabled":true,"jetpack_social_post_already_shared":true,"jetpack_social_options":{"image_generator_settings":{"template":"highway","default_image_id":0,"font":"","enabled":false},"version":2}},"categories":[11],"tags":[],"class_list":["post-72592","post","type-post","status-publish","format-standard","has-post-thumbnail","hentry","category-noticias-de-ribeirao-preto-sp-e-regiao-ismael-colosi"],"jetpack_publicize_connections":[],"jetpack_featured_media_url":"https:\/\/i0.wp.com\/noticiasribeiraopreto.com.br\/wp-content\/uploads\/2025\/06\/a.ok_.rpemdestaqueemlatinoamericano_2_2025-06-18_19-11-08.webp.webp?fit=1000%2C666&ssl=1","jetpack-related-posts":[{"id":72499,"url":"https:\/\/noticiasribeiraopreto.com.br\/index.php\/2025\/06\/17\/rp-passa-a-ter-autoridade-em-comite-latino-americano-de-mobilidade-urbana\/","url_meta":{"origin":72592,"position":0},"title":"RP passa a ter autoridade em comit\u00ea latino-americano de mobilidade urbana","author":"noticiasribeiraopreto.com.br","date":"17 de June de 2025","format":false,"excerpt":"17 de junho de 2025 19:092 Compartilhar0 O superintendente da RP Mobi, Marcelo Santos Galli, foi anunciado oficialmente, nesta ter\u00e7a-feira (17), em Hamburgo, na Alemanha, ao cargo de Diretor do Comit\u00ea de Autoridades de Transporte da Am\u00e9rica Latina, ligado \u00e0 UITP \u2013 The International Association of Public Transport (Associa\u00e7\u00e3o Internacional\u2026","rel":"","context":"In &quot;Not\u00edcias de Ribeir\u00e3o Preto-SP e Regi\u00e3o&quot;","block_context":{"text":"Not\u00edcias de Ribeir\u00e3o Preto-SP e Regi\u00e3o","link":"https:\/\/noticiasribeiraopreto.com.br\/index.php\/category\/noticias-de-ribeirao-preto-sp-e-regiao-ismael-colosi\/"},"img":{"alt_text":"","src":"https:\/\/i0.wp.com\/noticiasribeiraopreto.com.br\/wp-content\/uploads\/2025\/06\/galli.jpeg?fit=689%2C500&ssl=1&resize=350%2C200","width":350,"height":200,"srcset":"https:\/\/i0.wp.com\/noticiasribeiraopreto.com.br\/wp-content\/uploads\/2025\/06\/galli.jpeg?fit=689%2C500&ssl=1&resize=350%2C200 1x, https:\/\/i0.wp.com\/noticiasribeiraopreto.com.br\/wp-content\/uploads\/2025\/06\/galli.jpeg?fit=689%2C500&ssl=1&resize=525%2C300 1.5x"},"classes":[]},{"id":75147,"url":"https:\/\/noticiasribeiraopreto.com.br\/index.php\/2025\/08\/04\/transporte-coletivo-de-ribeirao-ganha-primeiros-onibus-eletricos\/","url_meta":{"origin":72592,"position":1},"title":"Transporte Coletivo de Ribeir\u00e3o ganha primeiros \u00f4nibus el\u00e9tricos","author":"noticiasribeiraopreto.com.br","date":"4 de August de 2025","format":false,"excerpt":"4 de agosto de 2025 15:564 de agosto de 2025 15:564 Compartilhar0 A Prefeitura de Ribeir\u00e3o Preto, por meio da RP Mobi, realizou, nesta segunda-feira, 4 de agosto, a entrega oficial dos quatro primeiros \u00f4nibus el\u00e9tricos que passam a integrar a frota do transporte coletivo urbano da cidade. Os ve\u00edculos\u2026","rel":"","context":"In &quot;Not\u00edcias de Ribeir\u00e3o Preto-SP e Regi\u00e3o&quot;","block_context":{"text":"Not\u00edcias de Ribeir\u00e3o Preto-SP e Regi\u00e3o","link":"https:\/\/noticiasribeiraopreto.com.br\/index.php\/category\/noticias-de-ribeirao-preto-sp-e-regiao-ismael-colosi\/"},"img":{"alt_text":"","src":"https:\/\/i0.wp.com\/noticiasribeiraopreto.com.br\/wp-content\/uploads\/2025\/08\/onibus-scaled.jpeg?fit=1170%2C780&ssl=1&resize=350%2C200","width":350,"height":200,"srcset":"https:\/\/i0.wp.com\/noticiasribeiraopreto.com.br\/wp-content\/uploads\/2025\/08\/onibus-scaled.jpeg?fit=1170%2C780&ssl=1&resize=350%2C200 1x, https:\/\/i0.wp.com\/noticiasribeiraopreto.com.br\/wp-content\/uploads\/2025\/08\/onibus-scaled.jpeg?fit=1170%2C780&ssl=1&resize=525%2C300 1.5x, https:\/\/i0.wp.com\/noticiasribeiraopreto.com.br\/wp-content\/uploads\/2025\/08\/onibus-scaled.jpeg?fit=1170%2C780&ssl=1&resize=700%2C400 2x, https:\/\/i0.wp.com\/noticiasribeiraopreto.com.br\/wp-content\/uploads\/2025\/08\/onibus-scaled.jpeg?fit=1170%2C780&ssl=1&resize=1050%2C600 3x"},"classes":[]},{"id":10442,"url":"https:\/\/noticiasribeiraopreto.com.br\/index.php\/2023\/12\/04\/ribeirao-preto-participa-de-audiencia-com-dirigentes-paulistas-de-mobilidade-urbana\/","url_meta":{"origin":72592,"position":2},"title":"Ribeir\u00e3o Preto participa de audi\u00eancia com dirigentes paulistas de mobilidade urbana \u2013 Folha de Ribeir\u00e3o","author":"noticiasribeiraopreto.com.br","date":"4 de December de 2023","format":false,"excerpt":"A RP Mobi, empresa da prefeitura de Ribeir\u00e3o Preto, representou o munic\u00edpio, na semana passada, em Praia Grande (SP), na 88\u00aa edi\u00e7\u00e3o da reuni\u00e3o do F\u00f3rum Paulista de Secret\u00e1rios e Dirigentes P\u00fablicos de Mobilidade Urbana. O evento reuniu representantes de 55 munic\u00edpios, do governo estadual, t\u00e9cnicos e gestores p\u00fablicos, al\u00e9m\u2026","rel":"","context":"In &quot;Not\u00edcias de Ribeir\u00e3o Preto-SP e Regi\u00e3o&quot;","block_context":{"text":"Not\u00edcias de Ribeir\u00e3o Preto-SP e Regi\u00e3o","link":"https:\/\/noticiasribeiraopreto.com.br\/index.php\/category\/noticias-de-ribeirao-preto-sp-e-regiao-ismael-colosi\/"},"img":{"alt_text":"","src":"https:\/\/i0.wp.com\/noticiasribeiraopreto.com.br\/wp-content\/uploads\/2023\/12\/forum-2757.jpg?fit=1200%2C800&ssl=1&resize=350%2C200","width":350,"height":200,"srcset":"https:\/\/i0.wp.com\/noticiasribeiraopreto.com.br\/wp-content\/uploads\/2023\/12\/forum-2757.jpg?fit=1200%2C800&ssl=1&resize=350%2C200 1x, https:\/\/i0.wp.com\/noticiasribeiraopreto.com.br\/wp-content\/uploads\/2023\/12\/forum-2757.jpg?fit=1200%2C800&ssl=1&resize=525%2C300 1.5x, https:\/\/i0.wp.com\/noticiasribeiraopreto.com.br\/wp-content\/uploads\/2023\/12\/forum-2757.jpg?fit=1200%2C800&ssl=1&resize=700%2C400 2x, https:\/\/i0.wp.com\/noticiasribeiraopreto.com.br\/wp-content\/uploads\/2023\/12\/forum-2757.jpg?fit=1200%2C800&ssl=1&resize=1050%2C600 3x"},"classes":[]},{"id":80025,"url":"https:\/\/noticiasribeiraopreto.com.br\/index.php\/2025\/11\/12\/ribeirao-preto-participa-de-forum-internacional-de-mobilidade-na-colombia\/","url_meta":{"origin":72592,"position":3},"title":"Ribeir\u00e3o Preto participa de F\u00f3rum Internacional de Mobilidade na Col\u00f4mbia","author":"noticiasribeiraopreto.com.br","date":"12 de November de 2025","format":false,"excerpt":"Ribeir\u00e3o Preto participa do F\u00f3rum UITP Am\u00e9rica Latina 2025, que acontece em Medell\u00edn, na Col\u00f4mbia. O encontro come\u00e7ou nesta semana e segue at\u00e9 sexta-feira (14) e re\u00fane especialistas e gestores de toda a Am\u00e9rica Latina para discutir os principais desafios e oportunidades da mobilidade urbana. O evento \u00e9 promovido pela\u2026","rel":"","context":"In &quot;Not\u00edcias de Ribeir\u00e3o Preto-SP e Regi\u00e3o&quot;","block_context":{"text":"Not\u00edcias de Ribeir\u00e3o Preto-SP e Regi\u00e3o","link":"https:\/\/noticiasribeiraopreto.com.br\/index.php\/category\/noticias-de-ribeirao-preto-sp-e-regiao-ismael-colosi\/"},"img":{"alt_text":"","src":"https:\/\/i0.wp.com\/noticiasribeiraopreto.com.br\/wp-content\/uploads\/2025\/11\/Entrega-Onibus-Eletrico-Foto-Fernando-Gonzaga-7_2025-08-04_19-05-10.webp.webp?fit=1200%2C800&ssl=1&resize=350%2C200","width":350,"height":200,"srcset":"https:\/\/i0.wp.com\/noticiasribeiraopreto.com.br\/wp-content\/uploads\/2025\/11\/Entrega-Onibus-Eletrico-Foto-Fernando-Gonzaga-7_2025-08-04_19-05-10.webp.webp?fit=1200%2C800&ssl=1&resize=350%2C200 1x, https:\/\/i0.wp.com\/noticiasribeiraopreto.com.br\/wp-content\/uploads\/2025\/11\/Entrega-Onibus-Eletrico-Foto-Fernando-Gonzaga-7_2025-08-04_19-05-10.webp.webp?fit=1200%2C800&ssl=1&resize=525%2C300 1.5x, https:\/\/i0.wp.com\/noticiasribeiraopreto.com.br\/wp-content\/uploads\/2025\/11\/Entrega-Onibus-Eletrico-Foto-Fernando-Gonzaga-7_2025-08-04_19-05-10.webp.webp?fit=1200%2C800&ssl=1&resize=700%2C400 2x, https:\/\/i0.wp.com\/noticiasribeiraopreto.com.br\/wp-content\/uploads\/2025\/11\/Entrega-Onibus-Eletrico-Foto-Fernando-Gonzaga-7_2025-08-04_19-05-10.webp.webp?fit=1200%2C800&ssl=1&resize=1050%2C600 3x"},"classes":[]},{"id":67284,"url":"https:\/\/noticiasribeiraopreto.com.br\/index.php\/2025\/04\/11\/ribeirao-preto-assume-presidencia-de-forum-sobre-mobilidade-urbana\/","url_meta":{"origin":72592,"position":4},"title":"Ribeir\u00e3o Preto assume presid\u00eancia de f\u00f3rum sobre mobilidade\u00a0urbana","author":"noticiasribeiraopreto.com.br","date":"11 de April de 2025","format":false,"excerpt":"O diretor superintendente da RP Mobi, Marcelo Galli, foi eleito presidente do F\u00f3rum Paulista de Secret\u00e1rios e Dirigentes P\u00fablicos de Mobilidade Urbana para o bi\u00eanio 2025\/2026. A elei\u00e7\u00e3o aconteceu durante a 92\u00aa edi\u00e7\u00e3o do f\u00f3rum. Durante o encontro, tamb\u00e9m foram definidos os demais integrantes da nova gest\u00e3o do f\u00f3rum. As\u2026","rel":"","context":"In &quot;Not\u00edcias de Ribeir\u00e3o Preto-SP e Regi\u00e3o&quot;","block_context":{"text":"Not\u00edcias de Ribeir\u00e3o Preto-SP e Regi\u00e3o","link":"https:\/\/noticiasribeiraopreto.com.br\/index.php\/category\/noticias-de-ribeirao-preto-sp-e-regiao-ismael-colosi\/"},"img":{"alt_text":"","src":"https:\/\/i0.wp.com\/noticiasribeiraopreto.com.br\/wp-content\/uploads\/2025\/04\/Copia-de-Copia-de-Copia-de-TAMANHO-EXATO-PARA-FOTOS-NO-SISTEMA-NOVO-2025-04-11T180625.007_2025-04-11_21-07-12_png_2025-04-11_21-07-12.webp.webp?fit=1200%2C675&ssl=1&resize=350%2C200","width":350,"height":200,"srcset":"https:\/\/i0.wp.com\/noticiasribeiraopreto.com.br\/wp-content\/uploads\/2025\/04\/Copia-de-Copia-de-Copia-de-TAMANHO-EXATO-PARA-FOTOS-NO-SISTEMA-NOVO-2025-04-11T180625.007_2025-04-11_21-07-12_png_2025-04-11_21-07-12.webp.webp?fit=1200%2C675&ssl=1&resize=350%2C200 1x, https:\/\/i0.wp.com\/noticiasribeiraopreto.com.br\/wp-content\/uploads\/2025\/04\/Copia-de-Copia-de-Copia-de-TAMANHO-EXATO-PARA-FOTOS-NO-SISTEMA-NOVO-2025-04-11T180625.007_2025-04-11_21-07-12_png_2025-04-11_21-07-12.webp.webp?fit=1200%2C675&ssl=1&resize=525%2C300 1.5x, https:\/\/i0.wp.com\/noticiasribeiraopreto.com.br\/wp-content\/uploads\/2025\/04\/Copia-de-Copia-de-Copia-de-TAMANHO-EXATO-PARA-FOTOS-NO-SISTEMA-NOVO-2025-04-11T180625.007_2025-04-11_21-07-12_png_2025-04-11_21-07-12.webp.webp?fit=1200%2C675&ssl=1&resize=700%2C400 2x, https:\/\/i0.wp.com\/noticiasribeiraopreto.com.br\/wp-content\/uploads\/2025\/04\/Copia-de-Copia-de-Copia-de-TAMANHO-EXATO-PARA-FOTOS-NO-SISTEMA-NOVO-2025-04-11T180625.007_2025-04-11_21-07-12_png_2025-04-11_21-07-12.webp.webp?fit=1200%2C675&ssl=1&resize=1050%2C600 3x"},"classes":[]},{"id":59896,"url":"https:\/\/noticiasribeiraopreto.com.br\/index.php\/2024\/11\/01\/rp-mobi-inicia-fiscalizacao-nos-novos-corredores-de-onibus-em-ribeirao-preto\/","url_meta":{"origin":72592,"position":5},"title":"RP Mobi Inicia Fiscaliza\u00e7\u00e3o nos Novos Corredores de \u00d4nibus em Ribeir\u00e3o Preto","author":"noticiasribeiraopreto.com.br","date":"1 de November de 2024","format":false,"excerpt":"O programa RP Mobi, respons\u00e1vel por implementar melhorias na mobilidade urbana de Ribeir\u00e3o Preto, iniciou uma nova etapa de fiscaliza\u00e7\u00e3o nos rec\u00e9m-inaugurados corredores de \u00f4nibus. O objetivo \u00e9 assegurar que as vias exclusivas para o transporte coletivo sejam respeitadas, promovendo maior agilidade e seguran\u00e7a para os usu\u00e1rios e condutores de\u2026","rel":"","context":"In &quot;Not\u00edcias de Ribeir\u00e3o Preto-SP e Regi\u00e3o&quot;","block_context":{"text":"Not\u00edcias de Ribeir\u00e3o Preto-SP e Regi\u00e3o","link":"https:\/\/noticiasribeiraopreto.com.br\/index.php\/category\/noticias-de-ribeirao-preto-sp-e-regiao-ismael-colosi\/"},"img":{"alt_text":"","src":"https:\/\/i0.wp.com\/noticiasribeiraopreto.com.br\/wp-content\/uploads\/2024\/11\/3_fiscalizacao_corredores_central_-_foto_fernando_gonzaga_6.jpeg?fit=1200%2C800&ssl=1&resize=350%2C200","width":350,"height":200,"srcset":"https:\/\/i0.wp.com\/noticiasribeiraopreto.com.br\/wp-content\/uploads\/2024\/11\/3_fiscalizacao_corredores_central_-_foto_fernando_gonzaga_6.jpeg?fit=1200%2C800&ssl=1&resize=350%2C200 1x, https:\/\/i0.wp.com\/noticiasribeiraopreto.com.br\/wp-content\/uploads\/2024\/11\/3_fiscalizacao_corredores_central_-_foto_fernando_gonzaga_6.jpeg?fit=1200%2C800&ssl=1&resize=525%2C300 1.5x, https:\/\/i0.wp.com\/noticiasribeiraopreto.com.br\/wp-content\/uploads\/2024\/11\/3_fiscalizacao_corredores_central_-_foto_fernando_gonzaga_6.jpeg?fit=1200%2C800&ssl=1&resize=700%2C400 2x, https:\/\/i0.wp.com\/noticiasribeiraopreto.com.br\/wp-content\/uploads\/2024\/11\/3_fiscalizacao_corredores_central_-_foto_fernando_gonzaga_6.jpeg?fit=1200%2C800&ssl=1&resize=1050%2C600 3x"},"classes":[]}],"jetpack_sharing_enabled":true,"jetpack_shortlink":"https:\/\/wp.me\/peQAOb-iSQ","_links":{"self":[{"href":"https:\/\/noticiasribeiraopreto.com.br\/index.php\/wp-json\/wp\/v2\/posts\/72592","targetHints":{"allow":["GET"]}}],"collection":[{"href":"https:\/\/noticiasribeiraopreto.com.br\/index.php\/wp-json\/wp\/v2\/posts"}],"about":[{"href":"https:\/\/noticiasribeiraopreto.com.br\/index.php\/wp-json\/wp\/v2\/types\/post"}],"author":[{"embeddable":true,"href":"https:\/\/noticiasribeiraopreto.com.br\/index.php\/wp-json\/wp\/v2\/users\/1"}],"replies":[{"embeddable":true,"href":"https:\/\/noticiasribeiraopreto.com.br\/index.php\/wp-json\/wp\/v2\/comments?post=72592"}],"version-history":[{"count":0,"href":"https:\/\/noticiasribeiraopreto.com.br\/index.php\/wp-json\/wp\/v2\/posts\/72592\/revisions"}],"wp:featuredmedia":[{"embeddable":true,"href":"https:\/\/noticiasribeiraopreto.com.br\/index.php\/wp-json\/wp\/v2\/media\/72593"}],"wp:attachment":[{"href":"https:\/\/noticiasribeiraopreto.com.br\/index.php\/wp-json\/wp\/v2\/media?parent=72592"}],"wp:term":[{"taxonomy":"category","embeddable":true,"href":"https:\/\/noticiasribeiraopreto.com.br\/index.php\/wp-json\/wp\/v2\/categories?post=72592"},{"taxonomy":"post_tag","embeddable":true,"href":"https:\/\/noticiasribeiraopreto.com.br\/index.php\/wp-json\/wp\/v2\/tags?post=72592"}],"curies":[{"name":"wp","href":"https:\/\/api.w.org\/{rel}","templated":true}]}}