{"id":72596,"date":"2025-06-18T20:41:28","date_gmt":"2025-06-18T23:41:28","guid":{"rendered":"https:\/\/noticiasribeiraopreto.com.br\/index.php\/2025\/06\/18\/jornal-da-franca-patrocinio-paulista-leva-o-arroz-no-arado-para-a-edicao-do-revelando-sp-em-iguape\/"},"modified":"2025-06-18T20:41:28","modified_gmt":"2025-06-18T23:41:28","slug":"jornal-da-franca-patrocinio-paulista-leva-o-arroz-no-arado-para-a-edicao-do-revelando-sp-em-iguape","status":"publish","type":"post","link":"https:\/\/noticiasribeiraopreto.com.br\/index.php\/2025\/06\/18\/jornal-da-franca-patrocinio-paulista-leva-o-arroz-no-arado-para-a-edicao-do-revelando-sp-em-iguape\/","title":{"rendered":"Jornal da Franca &#8211; Patroc\u00ednio Paulista leva o &#8220;Arroz no Arado&#8221; para a edi\u00e7\u00e3o do Revelando SP em Iguape"},"content":{"rendered":"<div class='code-block code-block-1' style='margin: 8px 0 8px auto; text-align: right; display: block; clear: both;'>\n<p><a href=\"https:\/\/wa.link\/vpicfd\"><img data-recalc-dims=\"1\" class=\"wp-image-4922\" style=\"aspect-ratio: 2.0253164556962027; width: 561px; height: auto;\" src=\"https:\/\/i0.wp.com\/ismaelcolosi.com.br\/wp-content\/uploads\/2023\/11\/grupo-de-empregos-whatsapp-e-facebook-ismael-colosi-vagas.jpg?ssl=1\" alt=\"\" \/><\/a><\/p>\n<!-- \/wp:image -->\n<\/div>\n<p> <br \/>\n<\/p>\n<div>\n<p>A regi\u00e3o de\u00a0Franca\u00a0marca presen\u00e7a na culin\u00e1ria com\u00a0Patroc\u00ednio Paulista\u00a0e o Arroz no Arado e Sandu\u00edche Caipira \u2013 Rancho do Valle.<\/p>\n<\/p><\/div>\n<div>\n<p><img data-recalc-dims=\"1\" decoding=\"async\" src=\"https:\/\/i0.wp.com\/www.jornaldafranca.com.br\/wp-content\/uploads\/2025\/06\/essa-01-2.jpg?ssl=1\" alt=\"\"\/><\/p>\n<p>Come\u00e7a neste dia 19 de junho, quinta-feira, a edi\u00e7\u00e3o de Iguape\u00a0do\u00a0Revelando SP, maior festival da valoriza\u00e7\u00e3o das culturas tradicionais paulistas, iniciativa do Governo do Estado de S\u00e3o Paulo, por meio da Secretaria da Cultura, Economia e Ind\u00fastria Criativas, com gest\u00e3o e produ\u00e7\u00e3o da Associa\u00e7\u00e3o Paulista dos Amigos da Arte.<\/p>\n<p>Essa edi\u00e7\u00e3o conta com a correaliza\u00e7\u00e3o da Prefeitura Municipal de Iguape. O festival, que tem entrada gratuita, acontece at\u00e9 domingo, dia 22.<\/p>\n<p>A edi\u00e7\u00e3o de Iguape, que ser\u00e1 realizada no Centro de Eventos Prefeito Casimiro Teixeira, tem 96 participantes, com 35 expositores de artesanato, 33 culinaristas e 28 manifesta\u00e7\u00f5es art\u00edsticas.<\/p>\n<p>Ao todo, 50 munic\u00edpios est\u00e3o representados no evento. A regi\u00e3o administrativa de\u00a0Franca\u00a0marca presen\u00e7a na culin\u00e1ria com\u00a0Patroc\u00ednio Paulista\u00a0e o Arroz no Arado e Sandu\u00edche Caipira \u2013 Rancho do Valle.<\/p>\n<p><strong>Shows populares<\/strong><\/p>\n<p>O Revelando SP tem ainda uma programa\u00e7\u00e3o de shows, com o cantor e compositor Almir Sater, as cantoras Bruna Viola e Carolina Soares, a banda 14 Bis e o Trio Mais Caipira, al\u00e9m de abrigar a exposi\u00e7\u00e3o \u201cArte Sacra para ver e sentir\u201d, uma parceria com o Museu de Arte Sacra de S\u00e3o Paulo, e atividades imersivas e de conte\u00fado audiovisual no espa\u00e7o Experimenta!.<\/p>\n<p>O Revelando SP j\u00e1 teve mais de 60 edi\u00e7\u00f5es ao longo de quase tr\u00eas d\u00e9cadas, consolidando-se como o principal evento de promo\u00e7\u00e3o e difus\u00e3o da cultura de raiz paulista, fortalecendo os v\u00ednculos entre tradi\u00e7\u00e3o e identidade.<\/p>\n<p>O festival, que passou por Barretos, em maio, segue, ap\u00f3s Iguape, por S\u00e3o Jos\u00e9 dos Campos, em julho, Presidente Prudente, em agosto, e S\u00e3o Paulo, em setembro.<\/p>\n<p><strong>SERVI\u00c7O<\/strong><strong><br \/><\/strong><\/p>\n<p><strong>Revelando SP \u2013 Iguape<\/strong><br \/><strong>Data:<\/strong>\u00a019 a 22 de junho de 2025, a partir das 10h<br \/><strong>Local:<\/strong>\u00a0Centro de Eventos Prefeito Casimiro Teixeira (Rua Ana C\u00e2ndida Sandoval Trigo, s\/n)<br \/><strong>Entrada:<\/strong>\u00a0Gratuita<br \/><strong>Classifica\u00e7\u00e3o:<\/strong>\u00a0Livre<\/p>\n<p><strong>Sobre o Revelando SP<\/strong><\/p>\n<p>Maior festival de economia criativa e cultura tradicional do estado de S\u00e3o Paulo, o Revelando SP, programa de salvaguarda da cultura tradicional paulista da Secretaria da Cultura, Economia e Ind\u00fastria Criativas do Governo do Estado de S\u00e3o Paulo, tem como prop\u00f3sito valorizar o patrim\u00f4nio imaterial paulista.<\/p>\n<p>Com mais de 60 edi\u00e7\u00f5es realizadas ao longo de quase tr\u00eas d\u00e9cadas, \u00e9 uma festa gratuita que re\u00fane a pluralidade da culin\u00e1ria tradicional, o artesanato, a m\u00fasica e as diversas manifesta\u00e7\u00f5es da cultura popular regional.<\/p>\n<p>O encontro destaca os talentos locais, promovendo suas obras e facilitando a conex\u00e3o com o p\u00fablico e investidores, e promove ainda a troca de experi\u00eancias, a articula\u00e7\u00e3o entre comunidades, o interc\u00e2mbio de saberes e fazeres e a gera\u00e7\u00e3o de renda.<\/p>\n<\/div>\n<p><br \/>\n<br \/><a href=\"https:\/\/www.jornaldafranca.com.br\/patrocinio-paulista-leva-o-arroz-no-arado-para-a-edicao-do-revelando-sp-em-iguape\/\">Source link <\/a><\/p>\n<!-- CONTENT END 1 -->\n","protected":false},"excerpt":{"rendered":"<p>A regi\u00e3o de\u00a0Franca\u00a0marca presen\u00e7a na culin\u00e1ria com\u00a0Patroc\u00ednio Paulista\u00a0e o Arroz no Arado e Sandu\u00edche Caipira \u2013 Rancho do Valle. Come\u00e7a neste dia 19 de junho,&#8230;<\/p>\n","protected":false},"author":1,"featured_media":72597,"comment_status":"open","ping_status":"open","sticky":false,"template":"","format":"standard","meta":{"advanced_seo_description":"","jetpack_seo_html_title":"","jetpack_seo_noindex":false,"jetpack_post_was_ever_published":false,"_jetpack_newsletter_access":"","_jetpack_dont_email_post_to_subs":false,"_jetpack_newsletter_tier_id":0,"_jetpack_memberships_contains_paywalled_content":false,"_jetpack_memberships_contains_paid_content":false,"footnotes":"","jetpack_publicize_message":"","jetpack_publicize_feature_enabled":true,"jetpack_social_post_already_shared":true,"jetpack_social_options":{"image_generator_settings":{"template":"highway","default_image_id":0,"font":"","enabled":false},"version":2}},"categories":[3597],"tags":[],"class_list":["post-72596","post","type-post","status-publish","format-standard","has-post-thumbnail","hentry","category-noticias-franca-sp"],"jetpack_publicize_connections":[],"jetpack_featured_media_url":"https:\/\/i0.wp.com\/noticiasribeiraopreto.com.br\/wp-content\/uploads\/2025\/06\/essa-01-2.jpg?fit=1055%2C675&ssl=1","jetpack-related-posts":[{"id":50621,"url":"https:\/\/noticiasribeiraopreto.com.br\/index.php\/2024\/05\/17\/festival-gratuito-de-cultura-paulista-acontece-na-regiao-de-ribeirao-preto-confira\/","url_meta":{"origin":72596,"position":0},"title":"Festival gratuito de cultura paulista acontece na regi\u00e3o de Ribeir\u00e3o Preto; Confira","author":"noticiasribeiraopreto.com.br","date":"17 de May de 2024","format":false,"excerpt":"O Revelando SP come\u00e7a nesta sexta-feira (17) e segue at\u00e9 o pr\u00f3ximo domingo (19) em Barretos, na regi\u00e3o de Ribeir\u00e3o Preto. O evento tem entrada gratuita e \u00e9 organizado pela Secretaria da Cultura, Economia e Ind\u00fastria Criativa de S\u00e3o Paulo, com gest\u00e3o e produ\u00e7\u00e3o da Associa\u00e7\u00e3o Paulista dos Amigos da\u2026","rel":"","context":"In &quot;Not\u00edcias de Ribeir\u00e3o Preto-SP e Regi\u00e3o&quot;","block_context":{"text":"Not\u00edcias de Ribeir\u00e3o Preto-SP e Regi\u00e3o","link":"https:\/\/noticiasribeiraopreto.com.br\/index.php\/category\/noticias-de-ribeirao-preto-sp-e-regiao-ismael-colosi\/"},"img":{"alt_text":"","src":"https:\/\/i0.wp.com\/noticiasribeiraopreto.com.br\/wp-content\/uploads\/2024\/05\/WhatsApp-Image-2024-05-17-at-09.12.59_2024-05-17_13-31-05_jpeg_2024-05-17_13-31-05.webp.webp?fit=564%2C375&ssl=1&resize=350%2C200","width":350,"height":200,"srcset":"https:\/\/i0.wp.com\/noticiasribeiraopreto.com.br\/wp-content\/uploads\/2024\/05\/WhatsApp-Image-2024-05-17-at-09.12.59_2024-05-17_13-31-05_jpeg_2024-05-17_13-31-05.webp.webp?fit=564%2C375&ssl=1&resize=350%2C200 1x, https:\/\/i0.wp.com\/noticiasribeiraopreto.com.br\/wp-content\/uploads\/2024\/05\/WhatsApp-Image-2024-05-17-at-09.12.59_2024-05-17_13-31-05_jpeg_2024-05-17_13-31-05.webp.webp?fit=564%2C375&ssl=1&resize=525%2C300 1.5x"},"classes":[]},{"id":65113,"url":"https:\/\/noticiasribeiraopreto.com.br\/index.php\/2025\/03\/15\/jornal-da-franca-programa-que-valoriza-as-tradicoes-regionais-paulistas-esta-com-inscricoes-abertas\/","url_meta":{"origin":72596,"position":1},"title":"Jornal da Franca &#8211; Programa que valoriza as tradi\u00e7\u00f5es regionais paulistas est\u00e1 com inscri\u00e7\u00f5es abertas","author":"noticiasribeiraopreto.com.br","date":"15 de March de 2025","format":false,"excerpt":"compartilhar no whatsapp compartilhar no telegram compartilhar no facebook compartilhar no linkedin O Revelando S\u00e3o Paulo \u00e9 o maior programa de difus\u00e3o e valoriza\u00e7\u00e3o da cultura regional e tradicional dos paulistas. O programa Revelando S\u00e3o Paulo valoriza as manifesta\u00e7\u00f5es culturais regionais (Foto: Adriano Escanhuela\/Revelando SP) O\u00a0Governo de S\u00e3o Paulo, por\u2026","rel":"","context":"In &quot;Not\u00edcias de Franca-SP&quot;","block_context":{"text":"Not\u00edcias de Franca-SP","link":"https:\/\/noticiasribeiraopreto.com.br\/index.php\/category\/noticias-de-ribeirao-preto-sp-e-regiao-ismael-colosi\/noticias-franca-sp\/"},"img":{"alt_text":"","src":"https:\/\/i0.wp.com\/noticiasribeiraopreto.com.br\/wp-content\/uploads\/2025\/03\/53850115819_cf74647c8e_h.jpg?fit=1200%2C801&ssl=1&resize=350%2C200","width":350,"height":200,"srcset":"https:\/\/i0.wp.com\/noticiasribeiraopreto.com.br\/wp-content\/uploads\/2025\/03\/53850115819_cf74647c8e_h.jpg?fit=1200%2C801&ssl=1&resize=350%2C200 1x, https:\/\/i0.wp.com\/noticiasribeiraopreto.com.br\/wp-content\/uploads\/2025\/03\/53850115819_cf74647c8e_h.jpg?fit=1200%2C801&ssl=1&resize=525%2C300 1.5x, https:\/\/i0.wp.com\/noticiasribeiraopreto.com.br\/wp-content\/uploads\/2025\/03\/53850115819_cf74647c8e_h.jpg?fit=1200%2C801&ssl=1&resize=700%2C400 2x, https:\/\/i0.wp.com\/noticiasribeiraopreto.com.br\/wp-content\/uploads\/2025\/03\/53850115819_cf74647c8e_h.jpg?fit=1200%2C801&ssl=1&resize=1050%2C600 3x"},"classes":[]},{"id":61082,"url":"https:\/\/noticiasribeiraopreto.com.br\/index.php\/2024\/12\/03\/vagabundo-safado-e-preso-apos-tentar-4bus4r-de-3-criancas-em-condominio-na-rua-iguape-em-rp-x-tudo-ribeirao\/","url_meta":{"origin":72596,"position":2},"title":"VAGABUNDO SAFADO \u00c9 PRESO AP\u00d3S TENTAR 4BUS4R DE 3 CRIAN\u00c7AS EM CONDOM\u00cdNIO NA RUA IGUAPE EM RP \u2013 X Tudo Ribeir\u00e3o","author":"noticiasribeiraopreto.com.br","date":"3 de December de 2024","format":false,"excerpt":"Um VAGABUNDO SAFADO QUE J\u00c1 FOI PRESO POR MATAR UMA PESSOA EM 2010 foi preso pela PM (Pol\u00edcia Militar) no \u00faltimo domingo (1\/12), ap\u00f3s tentar 4bus4r s3xu4lm3nt3 de tr\u00eas crian\u00e7as sendo dois meninos e uma menina de 11 e 13 anos, nas depend\u00eancias de um condom\u00ednio situado na rua Iguape,\u2026","rel":"","context":"In &quot;Not\u00edcias de Ribeir\u00e3o Preto-SP e Regi\u00e3o&quot;","block_context":{"text":"Not\u00edcias de Ribeir\u00e3o Preto-SP e Regi\u00e3o","link":"https:\/\/noticiasribeiraopreto.com.br\/index.php\/category\/noticias-de-ribeirao-preto-sp-e-regiao-ismael-colosi\/"},"img":{"alt_text":"","src":"https:\/\/i0.wp.com\/noticiasribeiraopreto.com.br\/wp-content\/uploads\/2024\/12\/WhatsApp-Image-2024-12-03-at-10.48.25.jpeg?fit=1080%2C1080&ssl=1&resize=350%2C200","width":350,"height":200,"srcset":"https:\/\/i0.wp.com\/noticiasribeiraopreto.com.br\/wp-content\/uploads\/2024\/12\/WhatsApp-Image-2024-12-03-at-10.48.25.jpeg?fit=1080%2C1080&ssl=1&resize=350%2C200 1x, https:\/\/i0.wp.com\/noticiasribeiraopreto.com.br\/wp-content\/uploads\/2024\/12\/WhatsApp-Image-2024-12-03-at-10.48.25.jpeg?fit=1080%2C1080&ssl=1&resize=525%2C300 1.5x, https:\/\/i0.wp.com\/noticiasribeiraopreto.com.br\/wp-content\/uploads\/2024\/12\/WhatsApp-Image-2024-12-03-at-10.48.25.jpeg?fit=1080%2C1080&ssl=1&resize=700%2C400 2x, https:\/\/i0.wp.com\/noticiasribeiraopreto.com.br\/wp-content\/uploads\/2024\/12\/WhatsApp-Image-2024-12-03-at-10.48.25.jpeg?fit=1080%2C1080&ssl=1&resize=1050%2C600 3x"},"classes":[]},{"id":19074,"url":"https:\/\/noticiasribeiraopreto.com.br\/index.php\/2023\/12\/21\/sp-tem-29-praias-improprias-para-banho-confira-lista\/","url_meta":{"origin":72596,"position":3},"title":"SP tem 29 praias impr\u00f3prias para banho; confira lista","author":"noticiasribeiraopreto.com.br","date":"21 de December de 2023","format":false,"excerpt":"Com planos de passar o Natal na praia? Ent\u00e3o \u00e9 bom ficar atento antes de entrar no mar. Segundo levantamento da Companhia Ambiental do Estado de S\u00e3o Paulo (Cetesb), o litoral paulista tem 29 praias impr\u00f3prias para banho. Praia Grande, no litoral sul, e Ubatuba, no litoral norte, s\u00e3o as\u2026","rel":"","context":"In &quot;Variedades&quot;","block_context":{"text":"Variedades","link":"https:\/\/noticiasribeiraopreto.com.br\/index.php\/category\/variedades\/"},"img":{"alt_text":"","src":"https:\/\/i0.wp.com\/noticiasribeiraopreto.com.br\/wp-content\/uploads\/2023\/12\/1703189303_praia-do-lazaro-e1702914352721.jpg?fit=1200%2C638&ssl=1&resize=350%2C200","width":350,"height":200,"srcset":"https:\/\/i0.wp.com\/noticiasribeiraopreto.com.br\/wp-content\/uploads\/2023\/12\/1703189303_praia-do-lazaro-e1702914352721.jpg?fit=1200%2C638&ssl=1&resize=350%2C200 1x, https:\/\/i0.wp.com\/noticiasribeiraopreto.com.br\/wp-content\/uploads\/2023\/12\/1703189303_praia-do-lazaro-e1702914352721.jpg?fit=1200%2C638&ssl=1&resize=525%2C300 1.5x, https:\/\/i0.wp.com\/noticiasribeiraopreto.com.br\/wp-content\/uploads\/2023\/12\/1703189303_praia-do-lazaro-e1702914352721.jpg?fit=1200%2C638&ssl=1&resize=700%2C400 2x, https:\/\/i0.wp.com\/noticiasribeiraopreto.com.br\/wp-content\/uploads\/2023\/12\/1703189303_praia-do-lazaro-e1702914352721.jpg?fit=1200%2C638&ssl=1&resize=1050%2C600 3x"},"classes":[]},{"id":22076,"url":"https:\/\/noticiasribeiraopreto.com.br\/index.php\/2023\/12\/29\/praias-improprias-para-banho-em-sp-no-ano-novo-veja-lista\/","url_meta":{"origin":72596,"position":4},"title":"Praias impr\u00f3prias para banho em SP no Ano Novo: veja lista","author":"noticiasribeiraopreto.com.br","date":"29 de December de 2023","format":false,"excerpt":"O litoral paulista tem 33 praias impr\u00f3prias para banho de mar, conforme relat\u00f3rio de balneabilidade divulgado pela Companhia Ambiental do Estado de S\u00e3o Paulo (Cetesb). Assim como na semana passada, Praia Grande, no litoral sul, e Ubatuba, no litoral norte, s\u00e3o as cidades com maior n\u00famero de praias com balneabilidade\u2026","rel":"","context":"In &quot;Variedades&quot;","block_context":{"text":"Variedades","link":"https:\/\/noticiasribeiraopreto.com.br\/index.php\/category\/variedades\/"},"img":{"alt_text":"","src":"https:\/\/i0.wp.com\/noticiasribeiraopreto.com.br\/wp-content\/uploads\/2023\/12\/praia-canto-forte-praia-grande-rogerio-cassemiro-mtur.jpg?fit=1200%2C638&ssl=1&resize=350%2C200","width":350,"height":200,"srcset":"https:\/\/i0.wp.com\/noticiasribeiraopreto.com.br\/wp-content\/uploads\/2023\/12\/praia-canto-forte-praia-grande-rogerio-cassemiro-mtur.jpg?fit=1200%2C638&ssl=1&resize=350%2C200 1x, https:\/\/i0.wp.com\/noticiasribeiraopreto.com.br\/wp-content\/uploads\/2023\/12\/praia-canto-forte-praia-grande-rogerio-cassemiro-mtur.jpg?fit=1200%2C638&ssl=1&resize=525%2C300 1.5x, https:\/\/i0.wp.com\/noticiasribeiraopreto.com.br\/wp-content\/uploads\/2023\/12\/praia-canto-forte-praia-grande-rogerio-cassemiro-mtur.jpg?fit=1200%2C638&ssl=1&resize=700%2C400 2x, https:\/\/i0.wp.com\/noticiasribeiraopreto.com.br\/wp-content\/uploads\/2023\/12\/praia-canto-forte-praia-grande-rogerio-cassemiro-mtur.jpg?fit=1200%2C638&ssl=1&resize=1050%2C600 3x"},"classes":[]},{"id":67466,"url":"https:\/\/noticiasribeiraopreto.com.br\/index.php\/2025\/04\/14\/festival-destaca-cultura-caipira-em-sp-com-shows-gratuitos-e-pratos-tipicos\/","url_meta":{"origin":72596,"position":5},"title":"Festival destaca cultura caipira em SP com shows gratuitos e pratos t\u00edpicos","author":"noticiasribeiraopreto.com.br","date":"14 de April de 2025","format":false,"excerpt":"Barretos recebe entre os dias 16 e 18 de maio, o festival Revelando SP, considerado o maior de valoriza\u00e7\u00e3o das culturas tradicionais do estado de S\u00e3o Paulo. O evento acontece no Recinto Paulo de Lima Correa, com entrada gratuita. O festival ter\u00e1 atra\u00e7\u00f5es como o cantor Renato Teixeira e a\u2026","rel":"","context":"In &quot;Not\u00edcias de Ribeir\u00e3o Preto-SP e Regi\u00e3o&quot;","block_context":{"text":"Not\u00edcias de Ribeir\u00e3o Preto-SP e Regi\u00e3o","link":"https:\/\/noticiasribeiraopreto.com.br\/index.php\/category\/noticias-de-ribeirao-preto-sp-e-regiao-ismael-colosi\/"},"img":{"alt_text":"","src":"https:\/\/i0.wp.com\/noticiasribeiraopreto.com.br\/wp-content\/uploads\/2025\/04\/RevelandoSPSJC-AdrianoEscanhuela4-1024x684-1_2025-04-14_14-04-19_jpg_2025-04-14_14-04-20.webp.webp?fit=1024%2C684&ssl=1&resize=350%2C200","width":350,"height":200,"srcset":"https:\/\/i0.wp.com\/noticiasribeiraopreto.com.br\/wp-content\/uploads\/2025\/04\/RevelandoSPSJC-AdrianoEscanhuela4-1024x684-1_2025-04-14_14-04-19_jpg_2025-04-14_14-04-20.webp.webp?fit=1024%2C684&ssl=1&resize=350%2C200 1x, https:\/\/i0.wp.com\/noticiasribeiraopreto.com.br\/wp-content\/uploads\/2025\/04\/RevelandoSPSJC-AdrianoEscanhuela4-1024x684-1_2025-04-14_14-04-19_jpg_2025-04-14_14-04-20.webp.webp?fit=1024%2C684&ssl=1&resize=525%2C300 1.5x, https:\/\/i0.wp.com\/noticiasribeiraopreto.com.br\/wp-content\/uploads\/2025\/04\/RevelandoSPSJC-AdrianoEscanhuela4-1024x684-1_2025-04-14_14-04-19_jpg_2025-04-14_14-04-20.webp.webp?fit=1024%2C684&ssl=1&resize=700%2C400 2x"},"classes":[]}],"jetpack_sharing_enabled":true,"jetpack_shortlink":"https:\/\/wp.me\/peQAOb-iSU","_links":{"self":[{"href":"https:\/\/noticiasribeiraopreto.com.br\/index.php\/wp-json\/wp\/v2\/posts\/72596","targetHints":{"allow":["GET"]}}],"collection":[{"href":"https:\/\/noticiasribeiraopreto.com.br\/index.php\/wp-json\/wp\/v2\/posts"}],"about":[{"href":"https:\/\/noticiasribeiraopreto.com.br\/index.php\/wp-json\/wp\/v2\/types\/post"}],"author":[{"embeddable":true,"href":"https:\/\/noticiasribeiraopreto.com.br\/index.php\/wp-json\/wp\/v2\/users\/1"}],"replies":[{"embeddable":true,"href":"https:\/\/noticiasribeiraopreto.com.br\/index.php\/wp-json\/wp\/v2\/comments?post=72596"}],"version-history":[{"count":0,"href":"https:\/\/noticiasribeiraopreto.com.br\/index.php\/wp-json\/wp\/v2\/posts\/72596\/revisions"}],"wp:featuredmedia":[{"embeddable":true,"href":"https:\/\/noticiasribeiraopreto.com.br\/index.php\/wp-json\/wp\/v2\/media\/72597"}],"wp:attachment":[{"href":"https:\/\/noticiasribeiraopreto.com.br\/index.php\/wp-json\/wp\/v2\/media?parent=72596"}],"wp:term":[{"taxonomy":"category","embeddable":true,"href":"https:\/\/noticiasribeiraopreto.com.br\/index.php\/wp-json\/wp\/v2\/categories?post=72596"},{"taxonomy":"post_tag","embeddable":true,"href":"https:\/\/noticiasribeiraopreto.com.br\/index.php\/wp-json\/wp\/v2\/tags?post=72596"}],"curies":[{"name":"wp","href":"https:\/\/api.w.org\/{rel}","templated":true}]}}