{"id":72598,"date":"2025-06-18T21:11:51","date_gmt":"2025-06-19T00:11:51","guid":{"rendered":"https:\/\/noticiasribeiraopreto.com.br\/index.php\/2025\/06\/18\/sao-paulo-anuncia-retorno-de-crespo\/"},"modified":"2025-06-18T21:11:51","modified_gmt":"2025-06-19T00:11:51","slug":"sao-paulo-anuncia-retorno-de-crespo","status":"publish","type":"post","link":"https:\/\/noticiasribeiraopreto.com.br\/index.php\/2025\/06\/18\/sao-paulo-anuncia-retorno-de-crespo\/","title":{"rendered":"S\u00e3o Paulo anuncia retorno de Crespo"},"content":{"rendered":"<div class='code-block code-block-1' style='margin: 8px 0 8px auto; text-align: right; display: block; clear: both;'>\n<p><a href=\"https:\/\/wa.link\/vpicfd\"><img data-recalc-dims=\"1\" class=\"wp-image-4922\" style=\"aspect-ratio: 2.0253164556962027; width: 561px; height: auto;\" src=\"https:\/\/i0.wp.com\/ismaelcolosi.com.br\/wp-content\/uploads\/2023\/11\/grupo-de-empregos-whatsapp-e-facebook-ismael-colosi-vagas.jpg?ssl=1\" alt=\"\" \/><\/a><\/p>\n<!-- \/wp:image -->\n<\/div>\n<p> <br \/>\n<\/p>\n<div id=\"Corpo\">O S\u00e3o Paulo anunciou a contrata\u00e7\u00e3o do t\u00e9cnico Hern\u00e1n Crespo, nesta quarta-feira (18), para tentar melhorar o desempenho da equipe no Brasileir\u00e3o, ap\u00f3s apenas duas vit\u00f3rias em 12 rodadas sob o comando de Luis Zubeld\u00eda, que pediu demiss\u00e3o. Ser\u00e1 a segunda passagem do treinador argentino pelo Tricolor.<\/p>\n<p>Aos 49 anos, Crespo estava sem clube desde a sa\u00edda do Al-Ain, dos Emirados \u00c1rabes Unidos, em novembro. Em sua primeira passagem pelo S\u00e3o Paulo, ele foi demitido em raz\u00e3o do desempenho ruim no campeonato nacional, assim como ocorreu com seu compatriota Zubeld\u00eda, dono de boa campanha na Libertadores, torneio no qual deixou os s\u00e3o-paulinos classificados \u00e0s oitavas de final na primeira coloca\u00e7\u00e3o do Grupo D, com 14 pontos.<\/p>\n<p>Durante os nove meses em que dirigiu o S\u00e3o Paulo, em 2021, Crespo somou 53 partidas, com 24 vit\u00f3rias, 19 empates e 10 derrotas, o que corresponde a um aproveitamento de 57,23%. Apesar da demiss\u00e3o por m\u00e1s atua\u00e7\u00f5es, ele \u00e9 lembrado com carinho por parte da torcida, j\u00e1 que levou o time ao t\u00edtulo paulista e encerrou um jejum de conquistas que j\u00e1 durava quase nove anos.<\/p>\n<p>Depois que saiu do S\u00e3o Paulo, o treinador argentino passou cerca de tr\u00eas anos no mundo \u00e1rabe. Seu primeiro destino foi Al-Duhail, do Catar, clube pelo qual foi campe\u00e3o da liga nacional, da Copa do Emir do Catar e da Copa da Liga do Catar.<\/p>\n<p>Crespo transferiu-se, em novembro de 2023, para o Al-Ain, dos Emirados \u00c1rabes. Venceu a Liga dos Campe\u00f5es da \u00c1sia, em maio de 2024, e classificou a equipe para a Copa do Mundo de Clubes. Quatro meses depois, foi demitido depois de sofrer uma goleada por 5 a 1 para o saudita Al-Nassr, de Cristiano Ronaldo, durante a edi\u00e7\u00e3o mais recente do torneio asi\u00e1tico.<\/p>\n<\/div>\n<p><br \/>\n<br \/><a href=\"https:\/\/www.tribunaribeirao.com.br\/sao-paulo-anuncia-retorno-de-crespo\/\">Source link <\/a><\/p>\n<!-- CONTENT END 1 -->\n","protected":false},"excerpt":{"rendered":"<p>O S\u00e3o Paulo anunciou a contrata\u00e7\u00e3o do t\u00e9cnico Hern\u00e1n Crespo, nesta quarta-feira (18), para tentar melhorar o desempenho da equipe no Brasileir\u00e3o, ap\u00f3s apenas duas&#8230;<\/p>\n","protected":false},"author":1,"featured_media":72599,"comment_status":"open","ping_status":"open","sticky":false,"template":"","format":"standard","meta":{"advanced_seo_description":"","jetpack_seo_html_title":"","jetpack_seo_noindex":false,"jetpack_post_was_ever_published":false,"_jetpack_newsletter_access":"","_jetpack_dont_email_post_to_subs":false,"_jetpack_newsletter_tier_id":0,"_jetpack_memberships_contains_paywalled_content":false,"_jetpack_memberships_contains_paid_content":false,"footnotes":"","jetpack_publicize_message":"","jetpack_publicize_feature_enabled":true,"jetpack_social_post_already_shared":true,"jetpack_social_options":{"image_generator_settings":{"template":"highway","default_image_id":0,"font":"","enabled":false},"version":2}},"categories":[11],"tags":[],"class_list":["post-72598","post","type-post","status-publish","format-standard","has-post-thumbnail","hentry","category-noticias-de-ribeirao-preto-sp-e-regiao-ismael-colosi"],"jetpack_publicize_connections":[],"jetpack_featured_media_url":"https:\/\/i0.wp.com\/noticiasribeiraopreto.com.br\/wp-content\/uploads\/2025\/06\/TEC-Hernan-Crespo-Divulgacao_Sao-Paulo-FC.jpg?fit=768%2C512&ssl=1","jetpack-related-posts":[{"id":72350,"url":"https:\/\/noticiasribeiraopreto.com.br\/index.php\/2025\/06\/16\/sao-paulo-anuncia-saida-de-luis-zubeldia\/","url_meta":{"origin":72598,"position":0},"title":"S\u00e3o Paulo anuncia sa\u00edda de Luis Zubeld\u00eda","author":"noticiasribeiraopreto.com.br","date":"16 de June de 2025","format":false,"excerpt":"Por Hugo Luque O S\u00e3o Paulo anunciou, no fim da manh\u00e3 desta segunda-feira (16), a sa\u00edda de Luis Zubeld\u00eda do comando t\u00e9cnico. Segundo o clube, a sa\u00edda foi definida em comum acordo e de forma amig\u00e1vel. O substituto deve ser Hern\u00e1n Crespo. Diversos ve\u00edculos relataram que, desde a derrota para\u2026","rel":"","context":"In &quot;Not\u00edcias de Ribeir\u00e3o Preto-SP e Regi\u00e3o&quot;","block_context":{"text":"Not\u00edcias de Ribeir\u00e3o Preto-SP e Regi\u00e3o","link":"https:\/\/noticiasribeiraopreto.com.br\/index.php\/category\/noticias-de-ribeirao-preto-sp-e-regiao-ismael-colosi\/"},"img":{"alt_text":"","src":"https:\/\/i0.wp.com\/noticiasribeiraopreto.com.br\/wp-content\/uploads\/2025\/06\/1-TEC-Luis-Zubeldia-Ricardo-Moreira_Getty-Images.jpeg?fit=700%2C467&ssl=1&resize=350%2C200","width":350,"height":200,"srcset":"https:\/\/i0.wp.com\/noticiasribeiraopreto.com.br\/wp-content\/uploads\/2025\/06\/1-TEC-Luis-Zubeldia-Ricardo-Moreira_Getty-Images.jpeg?fit=700%2C467&ssl=1&resize=350%2C200 1x, https:\/\/i0.wp.com\/noticiasribeiraopreto.com.br\/wp-content\/uploads\/2025\/06\/1-TEC-Luis-Zubeldia-Ricardo-Moreira_Getty-Images.jpeg?fit=700%2C467&ssl=1&resize=525%2C300 1.5x, https:\/\/i0.wp.com\/noticiasribeiraopreto.com.br\/wp-content\/uploads\/2025\/06\/1-TEC-Luis-Zubeldia-Ricardo-Moreira_Getty-Images.jpeg?fit=700%2C467&ssl=1&resize=700%2C400 2x"},"classes":[]},{"id":74941,"url":"https:\/\/noticiasribeiraopreto.com.br\/index.php\/2025\/07\/31\/sao-paulo-recebe-athletico-pr-pela-copa-do-brasil\/","url_meta":{"origin":72598,"position":1},"title":"S\u00e3o Paulo recebe Athletico-PR pela Copa do Brasil","author":"noticiasribeiraopreto.com.br","date":"31 de July de 2025","format":false,"excerpt":"31 de julho de 2025 15:3031 de julho de 2025 09:577 Compartilhar0 Por Hugo Luque Campe\u00e3o da Copa do Brasil em 2023, o S\u00e3o Paulo recebe o Athletico-PR nesta quinta-feira (31), \u00e0s 19h30, no Morumbis, pela partida de ida das oitavas de final da competi\u00e7\u00e3o. Ser\u00e1 o primeiro duelo eliminat\u00f3rio\u2026","rel":"","context":"In &quot;Not\u00edcias de Ribeir\u00e3o Preto-SP e Regi\u00e3o&quot;","block_context":{"text":"Not\u00edcias de Ribeir\u00e3o Preto-SP e Regi\u00e3o","link":"https:\/\/noticiasribeiraopreto.com.br\/index.php\/category\/noticias-de-ribeirao-preto-sp-e-regiao-ismael-colosi\/"},"img":{"alt_text":"","src":"https:\/\/i0.wp.com\/noticiasribeiraopreto.com.br\/wp-content\/uploads\/2025\/07\/2-MC-Marcos-Antonio-Paulo-Pinto_Sao-Paulo-FC.jpg?fit=800%2C537&ssl=1&resize=350%2C200","width":350,"height":200,"srcset":"https:\/\/i0.wp.com\/noticiasribeiraopreto.com.br\/wp-content\/uploads\/2025\/07\/2-MC-Marcos-Antonio-Paulo-Pinto_Sao-Paulo-FC.jpg?fit=800%2C537&ssl=1&resize=350%2C200 1x, https:\/\/i0.wp.com\/noticiasribeiraopreto.com.br\/wp-content\/uploads\/2025\/07\/2-MC-Marcos-Antonio-Paulo-Pinto_Sao-Paulo-FC.jpg?fit=800%2C537&ssl=1&resize=525%2C300 1.5x, https:\/\/i0.wp.com\/noticiasribeiraopreto.com.br\/wp-content\/uploads\/2025\/07\/2-MC-Marcos-Antonio-Paulo-Pinto_Sao-Paulo-FC.jpg?fit=800%2C537&ssl=1&resize=700%2C400 2x"},"classes":[]},{"id":82362,"url":"https:\/\/noticiasribeiraopreto.com.br\/index.php\/2026\/02\/12\/sao-paulo-convence-derrota-o-gremio-e-vira-lider-provisorio-do-brasileirao\/","url_meta":{"origin":72598,"position":2},"title":"S\u00e3o Paulo convence, derrota o Gr\u00eamio e vira l\u00edder provis\u00f3rio do Brasileir\u00e3o","author":"noticiasribeiraopreto.com.br","date":"12 de February de 2026","format":false,"excerpt":"O S\u00e3o Paulo n\u00e3o encontrou dificuldade para derrotar o Gr\u00eamio no MorumBis nesta quarta-feira. O time de Hern\u00e1n Crespo consolidou a boa fase com mais uma apresenta\u00e7\u00e3o em alto n\u00edvel e ganhou dos ga\u00fachos por 2 a 0 em duelo da terceira rodada do Brasileir\u00e3o. N\u00e3o fossem as muitas chances\u2026","rel":"","context":"In &quot;Not\u00edcias de Ribeir\u00e3o Preto-SP e Regi\u00e3o&quot;","block_context":{"text":"Not\u00edcias de Ribeir\u00e3o Preto-SP e Regi\u00e3o","link":"https:\/\/noticiasribeiraopreto.com.br\/index.php\/category\/noticias-de-ribeirao-preto-sp-e-regiao-ismael-colosi\/"},"img":{"alt_text":"","src":"https:\/\/i0.wp.com\/noticiasribeiraopreto.com.br\/wp-content\/uploads\/2026\/02\/55091435024_49cf6d8ff9_c.jpg?fit=800%2C534&ssl=1&resize=350%2C200","width":350,"height":200,"srcset":"https:\/\/i0.wp.com\/noticiasribeiraopreto.com.br\/wp-content\/uploads\/2026\/02\/55091435024_49cf6d8ff9_c.jpg?fit=800%2C534&ssl=1&resize=350%2C200 1x, https:\/\/i0.wp.com\/noticiasribeiraopreto.com.br\/wp-content\/uploads\/2026\/02\/55091435024_49cf6d8ff9_c.jpg?fit=800%2C534&ssl=1&resize=525%2C300 1.5x, https:\/\/i0.wp.com\/noticiasribeiraopreto.com.br\/wp-content\/uploads\/2026\/02\/55091435024_49cf6d8ff9_c.jpg?fit=800%2C534&ssl=1&resize=700%2C400 2x"},"classes":[]},{"id":78148,"url":"https:\/\/noticiasribeiraopreto.com.br\/index.php\/2025\/10\/03\/mesmo-com-um-a-menos-sao-paulo-supera-fortaleza\/","url_meta":{"origin":72598,"position":3},"title":"Mesmo com um a menos, S\u00e3o Paulo supera Fortaleza","author":"noticiasribeiraopreto.com.br","date":"3 de October de 2025","format":false,"excerpt":"Tricolor Paulista quebra sequ\u00eancia de derrotas com direito a gol de Luciano O S\u00e3o Paulo colocou fim ao seu pior momento na temporada ao vencer o Fortaleza por 2 a 0 nesta quinta-feira (2), ap\u00f3s perder para Santos e Cear\u00e1 no Brasileir\u00e3o e duas vezes para a LDU nos jogos\u2026","rel":"","context":"In &quot;Not\u00edcias de Ribeir\u00e3o Preto-SP e Regi\u00e3o&quot;","block_context":{"text":"Not\u00edcias de Ribeir\u00e3o Preto-SP e Regi\u00e3o","link":"https:\/\/noticiasribeiraopreto.com.br\/index.php\/category\/noticias-de-ribeirao-preto-sp-e-regiao-ismael-colosi\/"},"img":{"alt_text":"","src":"https:\/\/i0.wp.com\/noticiasribeiraopreto.com.br\/wp-content\/uploads\/2025\/10\/1-Sao-Paulo-x-Fortaleza-Rubens-Chiri_Sao-Paulo-FC.jpg?fit=800%2C568&ssl=1&resize=350%2C200","width":350,"height":200,"srcset":"https:\/\/i0.wp.com\/noticiasribeiraopreto.com.br\/wp-content\/uploads\/2025\/10\/1-Sao-Paulo-x-Fortaleza-Rubens-Chiri_Sao-Paulo-FC.jpg?fit=800%2C568&ssl=1&resize=350%2C200 1x, https:\/\/i0.wp.com\/noticiasribeiraopreto.com.br\/wp-content\/uploads\/2025\/10\/1-Sao-Paulo-x-Fortaleza-Rubens-Chiri_Sao-Paulo-FC.jpg?fit=800%2C568&ssl=1&resize=525%2C300 1.5x, https:\/\/i0.wp.com\/noticiasribeiraopreto.com.br\/wp-content\/uploads\/2025\/10\/1-Sao-Paulo-x-Fortaleza-Rubens-Chiri_Sao-Paulo-FC.jpg?fit=800%2C568&ssl=1&resize=700%2C400 2x"},"classes":[]},{"id":78722,"url":"https:\/\/noticiasribeiraopreto.com.br\/index.php\/2025\/10\/17\/sao-paulo-joga-mal-e-perde-para-o-gremio-no-sul\/","url_meta":{"origin":72598,"position":4},"title":"S\u00e3o Paulo joga mal e perde para o Gr\u00eamio no Sul","author":"noticiasribeiraopreto.com.br","date":"17 de October de 2025","format":false,"excerpt":"17 de outubro de 2025 06:431 Compartilhar0 Tricolor come\u00e7a melhor, mas sofre com banco de reservas e falta de repert\u00f3rio O S\u00e3o Paulo perdeu para o Gr\u00eamio por 2 a 0, pela 28\u00aa rodada do Campeonato Brasileiro, na noite desta quinta-feira (16). O time paulista fica na oitava posi\u00e7\u00e3o, com\u2026","rel":"","context":"In &quot;Not\u00edcias de Ribeir\u00e3o Preto-SP e Regi\u00e3o&quot;","block_context":{"text":"Not\u00edcias de Ribeir\u00e3o Preto-SP e Regi\u00e3o","link":"https:\/\/noticiasribeiraopreto.com.br\/index.php\/category\/noticias-de-ribeirao-preto-sp-e-regiao-ismael-colosi\/"},"img":{"alt_text":"","src":"https:\/\/i0.wp.com\/noticiasribeiraopreto.com.br\/wp-content\/uploads\/2025\/10\/1-Gremio-x-Sao-Paulo-Rubens-Chiri_Sao-Paulo-FC.jpg?fit=800%2C529&ssl=1&resize=350%2C200","width":350,"height":200,"srcset":"https:\/\/i0.wp.com\/noticiasribeiraopreto.com.br\/wp-content\/uploads\/2025\/10\/1-Gremio-x-Sao-Paulo-Rubens-Chiri_Sao-Paulo-FC.jpg?fit=800%2C529&ssl=1&resize=350%2C200 1x, https:\/\/i0.wp.com\/noticiasribeiraopreto.com.br\/wp-content\/uploads\/2025\/10\/1-Gremio-x-Sao-Paulo-Rubens-Chiri_Sao-Paulo-FC.jpg?fit=800%2C529&ssl=1&resize=525%2C300 1.5x, https:\/\/i0.wp.com\/noticiasribeiraopreto.com.br\/wp-content\/uploads\/2025\/10\/1-Gremio-x-Sao-Paulo-Rubens-Chiri_Sao-Paulo-FC.jpg?fit=800%2C529&ssl=1&resize=700%2C400 2x"},"classes":[]},{"id":80381,"url":"https:\/\/noticiasribeiraopreto.com.br\/index.php\/2025\/11\/20\/corinthians-quase-se-atrapalha-mas-memphis-e-yuri-liquidam-sao-paulo\/","url_meta":{"origin":72598,"position":5},"title":"Corinthians quase se atrapalha, mas Memphis e Yuri liquidam S\u00e3o Paulo","author":"noticiasribeiraopreto.com.br","date":"20 de November de 2025","format":false,"excerpt":"Por Bruno Accorsi (AE) Tr\u00eas dias depois de ajudar a classificar a Holanda para a Copa do Mundo, Memphis Depay saiu do banco de reservas na Neo Qu\u00edmica Arena para marcar um gola\u00e7o e trazer al\u00edvio ao Corinthians em vit\u00f3ria por 3 a 1 sobre o S\u00e3o Paulo, nesta quinta-feira.\u2026","rel":"","context":"In &quot;Not\u00edcias de Ribeir\u00e3o Preto-SP e Regi\u00e3o&quot;","block_context":{"text":"Not\u00edcias de Ribeir\u00e3o Preto-SP e Regi\u00e3o","link":"https:\/\/noticiasribeiraopreto.com.br\/index.php\/category\/noticias-de-ribeirao-preto-sp-e-regiao-ismael-colosi\/"},"img":{"alt_text":"","src":"https:\/\/i0.wp.com\/noticiasribeiraopreto.com.br\/wp-content\/uploads\/2025\/11\/1.73.2.2025-11-20.5.ENQ20251120078.jpg?fit=358%2C238&ssl=1&resize=350%2C200","width":350,"height":200},"classes":[]}],"jetpack_sharing_enabled":true,"jetpack_shortlink":"https:\/\/wp.me\/peQAOb-iSW","_links":{"self":[{"href":"https:\/\/noticiasribeiraopreto.com.br\/index.php\/wp-json\/wp\/v2\/posts\/72598","targetHints":{"allow":["GET"]}}],"collection":[{"href":"https:\/\/noticiasribeiraopreto.com.br\/index.php\/wp-json\/wp\/v2\/posts"}],"about":[{"href":"https:\/\/noticiasribeiraopreto.com.br\/index.php\/wp-json\/wp\/v2\/types\/post"}],"author":[{"embeddable":true,"href":"https:\/\/noticiasribeiraopreto.com.br\/index.php\/wp-json\/wp\/v2\/users\/1"}],"replies":[{"embeddable":true,"href":"https:\/\/noticiasribeiraopreto.com.br\/index.php\/wp-json\/wp\/v2\/comments?post=72598"}],"version-history":[{"count":0,"href":"https:\/\/noticiasribeiraopreto.com.br\/index.php\/wp-json\/wp\/v2\/posts\/72598\/revisions"}],"wp:featuredmedia":[{"embeddable":true,"href":"https:\/\/noticiasribeiraopreto.com.br\/index.php\/wp-json\/wp\/v2\/media\/72599"}],"wp:attachment":[{"href":"https:\/\/noticiasribeiraopreto.com.br\/index.php\/wp-json\/wp\/v2\/media?parent=72598"}],"wp:term":[{"taxonomy":"category","embeddable":true,"href":"https:\/\/noticiasribeiraopreto.com.br\/index.php\/wp-json\/wp\/v2\/categories?post=72598"},{"taxonomy":"post_tag","embeddable":true,"href":"https:\/\/noticiasribeiraopreto.com.br\/index.php\/wp-json\/wp\/v2\/tags?post=72598"}],"curies":[{"name":"wp","href":"https:\/\/api.w.org\/{rel}","templated":true}]}}