{"id":72604,"date":"2025-06-18T22:03:59","date_gmt":"2025-06-19T01:03:59","guid":{"rendered":"https:\/\/noticiasribeiraopreto.com.br\/index.php\/2025\/06\/18\/sesi-franca-basquete-vence-o-minas-tenis-clube-e-conquista-o-tetracampeonato-do-nbb\/"},"modified":"2025-06-18T22:03:59","modified_gmt":"2025-06-19T01:03:59","slug":"sesi-franca-basquete-vence-o-minas-tenis-clube-e-conquista-o-tetracampeonato-do-nbb","status":"publish","type":"post","link":"https:\/\/noticiasribeiraopreto.com.br\/index.php\/2025\/06\/18\/sesi-franca-basquete-vence-o-minas-tenis-clube-e-conquista-o-tetracampeonato-do-nbb\/","title":{"rendered":"Sesi Franca Basquete vence o Minas T\u00eanis Clube e conquista o tetracampeonato do NBB"},"content":{"rendered":"<p> <br \/>\n<\/p>\n<div data-td-block-uid=\"tdi_95\">\n<div class=\"tdb-block-inner td-fix-index\">\n<p>O <strong>Sesi Franca Basquete venceu o Minas T\u00eanis Clube <\/strong>nesta quarta-feira, no Pedroc\u00e3o, em Franca, no quarto jogo da final do NBB 2024\/2025 \u2014 a 17\u00aa edi\u00e7\u00e3o do campeonato. Com o resultado,<strong> a equipe comandada por Helinho Garcia conquistou o tetracampeonato do Novo Basquete Brasil.<\/strong><\/p>\n<figure class=\"wp-block-gallery has-nested-images columns-default is-cropped wp-block-gallery-1 is-layout-flex wp-block-gallery-is-layout-flex\">\n<figure class=\"wp-block-image size-large\"><img data-recalc-dims=\"1\" fetchpriority=\"high\" decoding=\"async\" width=\"1024\" height=\"683\" data-id=\"120274\" src=\"https:\/\/i0.wp.com\/cdn.media-acidadeon.com.br\/ribeiraopreto\/wp-content\/uploads\/sites\/3\/2025\/06\/Imagem-do-WhatsApp-de-2025-06-18-as-20.35.05_c6aa17df_2025-06-18_23-37-29-1024x683.webp?resize=1024%2C683&#038;ssl=1\" alt=\"\" class=\"wp-image-120274\" srcset=\"https:\/\/cdn.media-acidadeon.com.br\/ribeiraopreto\/wp-content\/uploads\/sites\/3\/2025\/06\/Imagem-do-WhatsApp-de-2025-06-18-as-20.35.05_c6aa17df_2025-06-18_23-37-29-1024x683.webp 1024w, https:\/\/cdn.media-acidadeon.com.br\/ribeiraopreto\/wp-content\/uploads\/sites\/3\/2025\/06\/Imagem-do-WhatsApp-de-2025-06-18-as-20.35.05_c6aa17df_2025-06-18_23-37-29-300x200.webp 300w, https:\/\/cdn.media-acidadeon.com.br\/ribeiraopreto\/wp-content\/uploads\/sites\/3\/2025\/06\/Imagem-do-WhatsApp-de-2025-06-18-as-20.35.05_c6aa17df_2025-06-18_23-37-29-768x512.webp 768w, https:\/\/cdn.media-acidadeon.com.br\/ribeiraopreto\/wp-content\/uploads\/sites\/3\/2025\/06\/Imagem-do-WhatsApp-de-2025-06-18-as-20.35.05_c6aa17df_2025-06-18_23-37-29-696x464.webp 696w, https:\/\/cdn.media-acidadeon.com.br\/ribeiraopreto\/wp-content\/uploads\/sites\/3\/2025\/06\/Imagem-do-WhatsApp-de-2025-06-18-as-20.35.05_c6aa17df_2025-06-18_23-37-29-1068x712.webp 1068w, https:\/\/cdn.media-acidadeon.com.br\/ribeiraopreto\/wp-content\/uploads\/sites\/3\/2025\/06\/Imagem-do-WhatsApp-de-2025-06-18-as-20.35.05_c6aa17df_2025-06-18_23-37-29.webp 1200w\" sizes=\"(max-width: 1024px) 100vw, 1024px\"\/><figcaption class=\"wp-element-caption\">Foto: Marcos Limonti |\u00a0SFB<\/figcaption><\/figure>\n<figure class=\"wp-block-image size-large\"><img data-recalc-dims=\"1\" loading=\"lazy\" decoding=\"async\" width=\"1024\" height=\"683\" data-id=\"120273\" src=\"https:\/\/i0.wp.com\/cdn.media-acidadeon.com.br\/ribeiraopreto\/wp-content\/uploads\/sites\/3\/2025\/06\/Imagem-do-WhatsApp-de-2025-06-18-as-20.34.57_ac47af11_2025-06-18_23-37-26-1024x683.webp?resize=1024%2C683&#038;ssl=1\" alt=\"\" class=\"wp-image-120273\" srcset=\"https:\/\/cdn.media-acidadeon.com.br\/ribeiraopreto\/wp-content\/uploads\/sites\/3\/2025\/06\/Imagem-do-WhatsApp-de-2025-06-18-as-20.34.57_ac47af11_2025-06-18_23-37-26-1024x683.webp 1024w, https:\/\/cdn.media-acidadeon.com.br\/ribeiraopreto\/wp-content\/uploads\/sites\/3\/2025\/06\/Imagem-do-WhatsApp-de-2025-06-18-as-20.34.57_ac47af11_2025-06-18_23-37-26-300x200.webp 300w, https:\/\/cdn.media-acidadeon.com.br\/ribeiraopreto\/wp-content\/uploads\/sites\/3\/2025\/06\/Imagem-do-WhatsApp-de-2025-06-18-as-20.34.57_ac47af11_2025-06-18_23-37-26-768x512.webp 768w, https:\/\/cdn.media-acidadeon.com.br\/ribeiraopreto\/wp-content\/uploads\/sites\/3\/2025\/06\/Imagem-do-WhatsApp-de-2025-06-18-as-20.34.57_ac47af11_2025-06-18_23-37-26-696x464.webp 696w, https:\/\/cdn.media-acidadeon.com.br\/ribeiraopreto\/wp-content\/uploads\/sites\/3\/2025\/06\/Imagem-do-WhatsApp-de-2025-06-18-as-20.34.57_ac47af11_2025-06-18_23-37-26-1068x712.webp 1068w, https:\/\/cdn.media-acidadeon.com.br\/ribeiraopreto\/wp-content\/uploads\/sites\/3\/2025\/06\/Imagem-do-WhatsApp-de-2025-06-18-as-20.34.57_ac47af11_2025-06-18_23-37-26.webp 1200w\" sizes=\"auto, (max-width: 1024px) 100vw, 1024px\"\/><figcaption class=\"wp-element-caption\">Foto: Marcos Limonti |\u00a0SFB<\/figcaption><\/figure>\n<figure class=\"wp-block-image size-large\"><img data-recalc-dims=\"1\" loading=\"lazy\" decoding=\"async\" width=\"1024\" height=\"683\" data-id=\"120272\" src=\"https:\/\/i0.wp.com\/cdn.media-acidadeon.com.br\/ribeiraopreto\/wp-content\/uploads\/sites\/3\/2025\/06\/Imagem-do-WhatsApp-de-2025-06-18-as-20.34.56_701653ff_2025-06-18_23-37-22-1024x683.webp?resize=1024%2C683&#038;ssl=1\" alt=\"\" class=\"wp-image-120272\" srcset=\"https:\/\/cdn.media-acidadeon.com.br\/ribeiraopreto\/wp-content\/uploads\/sites\/3\/2025\/06\/Imagem-do-WhatsApp-de-2025-06-18-as-20.34.56_701653ff_2025-06-18_23-37-22-1024x683.webp 1024w, https:\/\/cdn.media-acidadeon.com.br\/ribeiraopreto\/wp-content\/uploads\/sites\/3\/2025\/06\/Imagem-do-WhatsApp-de-2025-06-18-as-20.34.56_701653ff_2025-06-18_23-37-22-300x200.webp 300w, https:\/\/cdn.media-acidadeon.com.br\/ribeiraopreto\/wp-content\/uploads\/sites\/3\/2025\/06\/Imagem-do-WhatsApp-de-2025-06-18-as-20.34.56_701653ff_2025-06-18_23-37-22-768x512.webp 768w, https:\/\/cdn.media-acidadeon.com.br\/ribeiraopreto\/wp-content\/uploads\/sites\/3\/2025\/06\/Imagem-do-WhatsApp-de-2025-06-18-as-20.34.56_701653ff_2025-06-18_23-37-22-696x464.webp 696w, https:\/\/cdn.media-acidadeon.com.br\/ribeiraopreto\/wp-content\/uploads\/sites\/3\/2025\/06\/Imagem-do-WhatsApp-de-2025-06-18-as-20.34.56_701653ff_2025-06-18_23-37-22-1068x712.webp 1068w, https:\/\/cdn.media-acidadeon.com.br\/ribeiraopreto\/wp-content\/uploads\/sites\/3\/2025\/06\/Imagem-do-WhatsApp-de-2025-06-18-as-20.34.56_701653ff_2025-06-18_23-37-22.webp 1200w\" sizes=\"auto, (max-width: 1024px) 100vw, 1024px\"\/><figcaption class=\"wp-element-caption\">Foto: Marcos Limonti |\u00a0SFB<\/figcaption><\/figure>\n<\/figure>\n<p>No <strong>jogo 1<\/strong>, disputado no Pedroc\u00e3o, <strong>quem levou a melhor foi o Minas<\/strong>. Ap\u00f3s um bom in\u00edcio da equipe francana, os mineiros reagiram na reta final e venceram por 69 a 65. <\/p>\n<p>J\u00e1 na <strong>segunda partida<\/strong>, em Belo Horizonte, <strong>Franca deu o troco com um show de Didi<\/strong>, empatando a s\u00e9rie e impondo a primeira derrota do Minas nos playoffs. <strong>No jogo 3<\/strong>, com Georginho brilhando, os paulistas voltaram a vencer fora de casa e viraram a s\u00e9rie a seu favor.<\/p>\n<hr class=\"wp-block-separator has-alpha-channel-opacity\"\/>\n<p>SAIBA MAIS<\/p>\n<p>Festival da Lua Cheia re\u00fane Liniker, Marcelo D2 e Gilsons com 80 horas de m\u00fasica<\/p>\n<h2 class=\"wp-block-heading\"><strong>FIQUE ON<\/strong><\/h2>\n<p>Quer ficar por dentro de tudo que acontece em Ribeir\u00e3o Preto e regi\u00e3o? Ent\u00e3o siga os perfis do\u202facidade on\u202fno\u202f<a href=\"https:\/\/www.instagram.com\/acidadeonribeirao\" target=\"_blank\" rel=\"noreferrer noopener\">Instagram<\/a>\u202fe no\u202f<a href=\"https:\/\/www.facebook.com\/acidadeonribeirao\/\" target=\"_blank\" rel=\"noreferrer noopener\">Facebook<\/a>.<\/p>\n<p>Al\u00e9m disso, voc\u00ea pode receber as principais not\u00edcias diretamente no WhatsApp. Para isso, basta\u00a0<a href=\"https:\/\/chat.whatsapp.com\/BjKQZ9oJwlz8VVT50NuePq\" target=\"_blank\" rel=\"noreferrer noopener\">entrar no grupo clicando aqui<\/a>.<\/p>\n<p>Por fim, se quiser fazer uma den\u00fancia ou sugerir uma reportagem sobre Ribeir\u00e3o Preto e regi\u00e3o, envie uma mensagem pelo WhatsApp: (16) 99117-7802.<\/p>\n<p>VEJA TAMB\u00c9M<\/p>\n<p>O que aconteceu com Arlindo Cruz?<\/p>\n<p><!-- CONTENT END 1 -->\n<\/div>\n<\/div>\n<p><script async src=\"\/\/www.instagram.com\/embed.js\"><\/script><br \/>\n<br \/><br \/>\n<br \/><a href=\"https:\/\/www.acidadeon.com\/ribeiraopreto\/esportes\/sesi-franca-basquete-vence-o-minas-tenis-clube-e-conquista-o-tetracampeonato-do-nbb\/\">Source link <\/a><\/p>\n","protected":false},"excerpt":{"rendered":"<p>O Sesi Franca Basquete venceu o Minas T\u00eanis Clube nesta quarta-feira, no Pedroc\u00e3o, em Franca, no quarto jogo da final do NBB 2024\/2025 \u2014 a&#8230;<\/p>\n","protected":false},"author":1,"featured_media":72605,"comment_status":"open","ping_status":"open","sticky":false,"template":"","format":"standard","meta":{"advanced_seo_description":"","jetpack_seo_html_title":"","jetpack_seo_noindex":false,"jetpack_post_was_ever_published":false,"_jetpack_newsletter_access":"","_jetpack_dont_email_post_to_subs":false,"_jetpack_newsletter_tier_id":0,"_jetpack_memberships_contains_paywalled_content":false,"_jetpack_memberships_contains_paid_content":false,"footnotes":"","jetpack_publicize_message":"","jetpack_publicize_feature_enabled":true,"jetpack_social_post_already_shared":true,"jetpack_social_options":{"image_generator_settings":{"template":"highway","default_image_id":0,"font":"","enabled":false},"version":2}},"categories":[11],"tags":[],"class_list":["post-72604","post","type-post","status-publish","format-standard","has-post-thumbnail","hentry","category-noticias-de-ribeirao-preto-sp-e-regiao-ismael-colosi"],"jetpack_publicize_connections":[],"jetpack_featured_media_url":"https:\/\/i0.wp.com\/noticiasribeiraopreto.com.br\/wp-content\/uploads\/2025\/06\/Copia-de-Copia-de-Copia-de-TAMANHO-EXATO-PARA-FOTOS-NO-SISTEMA-NOVO-2025-06-18T204122.951_2025-06-18_23-42-02.webp.webp?fit=1200%2C675&ssl=1","jetpack-related-posts":[{"id":72602,"url":"https:\/\/noticiasribeiraopreto.com.br\/index.php\/2025\/06\/18\/jornal-da-franca-uma-cidade-dominante-no-basquete-sesi-franca-vence-o-minas-e-conquista-tetra-do-nbb\/","url_meta":{"origin":72604,"position":0},"title":"Jornal da Franca &#8211; Uma cidade dominante no basquete: Sesi Franca vence o Minas e conquista tetra do NBB","author":"noticiasribeiraopreto.com.br","date":"18 de June de 2025","format":false,"excerpt":"compartilhar no whatsapp compartilhar no telegram compartilhar no facebook compartilhar no linkedin Equipe francana fecha playoff por 3 a 1 e reafirma momento hist\u00f3rico da Capital do Basquete Pode comemorar torcedor: o Sesi Franca venceu o Minas T\u00eanis no Pedroc\u00e3o por 86 a 73 e fechou a s\u00e9rie decisiva do\u2026","rel":"","context":"In &quot;Not\u00edcias de Franca-SP&quot;","block_context":{"text":"Not\u00edcias de Franca-SP","link":"https:\/\/noticiasribeiraopreto.com.br\/index.php\/category\/noticias-de-ribeirao-preto-sp-e-regiao-ismael-colosi\/noticias-franca-sp\/"},"img":{"alt_text":"","src":"https:\/\/i0.wp.com\/noticiasribeiraopreto.com.br\/wp-content\/uploads\/2025\/06\/IMG-20250618-WA0035-scaled.jpg?fit=1200%2C960&ssl=1&resize=350%2C200","width":350,"height":200,"srcset":"https:\/\/i0.wp.com\/noticiasribeiraopreto.com.br\/wp-content\/uploads\/2025\/06\/IMG-20250618-WA0035-scaled.jpg?fit=1200%2C960&ssl=1&resize=350%2C200 1x, https:\/\/i0.wp.com\/noticiasribeiraopreto.com.br\/wp-content\/uploads\/2025\/06\/IMG-20250618-WA0035-scaled.jpg?fit=1200%2C960&ssl=1&resize=525%2C300 1.5x, https:\/\/i0.wp.com\/noticiasribeiraopreto.com.br\/wp-content\/uploads\/2025\/06\/IMG-20250618-WA0035-scaled.jpg?fit=1200%2C960&ssl=1&resize=700%2C400 2x, https:\/\/i0.wp.com\/noticiasribeiraopreto.com.br\/wp-content\/uploads\/2025\/06\/IMG-20250618-WA0035-scaled.jpg?fit=1200%2C960&ssl=1&resize=1050%2C600 3x"},"classes":[]},{"id":72568,"url":"https:\/\/noticiasribeiraopreto.com.br\/index.php\/2025\/06\/18\/jornal-da-franca-com-os-ingressos-esgotados-torcedores-do-sesi-franca-tem-opcoes-pra-assistir-jogo\/","url_meta":{"origin":72604,"position":1},"title":"Jornal da Franca &#8211; Com os ingressos esgotados, torcedores do Sesi Franca t\u00eam op\u00e7\u00f5es pra assistir jogo","author":"noticiasribeiraopreto.com.br","date":"18 de June de 2025","format":false,"excerpt":"compartilhar no whatsapp compartilhar no telegram compartilhar no facebook compartilhar no linkedin Sesi Franca busca o tetra no Pedroc\u00e3o nesta quarta-Feira A quarta partida da final do Novo Basquete Brasil (NBB) entre Sesi Franca e Minas T\u00eanis Clube ser\u00e1 realizada nesta quarta-feira, no Gin\u00e1sio Pedroc\u00e3o, em Franca, \u00e0s 18h30. A\u2026","rel":"","context":"In &quot;Not\u00edcias de Franca-SP&quot;","block_context":{"text":"Not\u00edcias de Franca-SP","link":"https:\/\/noticiasribeiraopreto.com.br\/index.php\/category\/noticias-de-ribeirao-preto-sp-e-regiao-ismael-colosi\/noticias-franca-sp\/"},"img":{"alt_text":"","src":"https:\/\/i0.wp.com\/noticiasribeiraopreto.com.br\/wp-content\/uploads\/2025\/06\/whatsapp-image-2025-05-29-at-20.41.34.jpeg?fit=1000%2C667&ssl=1&resize=350%2C200","width":350,"height":200,"srcset":"https:\/\/i0.wp.com\/noticiasribeiraopreto.com.br\/wp-content\/uploads\/2025\/06\/whatsapp-image-2025-05-29-at-20.41.34.jpeg?fit=1000%2C667&ssl=1&resize=350%2C200 1x, https:\/\/i0.wp.com\/noticiasribeiraopreto.com.br\/wp-content\/uploads\/2025\/06\/whatsapp-image-2025-05-29-at-20.41.34.jpeg?fit=1000%2C667&ssl=1&resize=525%2C300 1.5x, https:\/\/i0.wp.com\/noticiasribeiraopreto.com.br\/wp-content\/uploads\/2025\/06\/whatsapp-image-2025-05-29-at-20.41.34.jpeg?fit=1000%2C667&ssl=1&resize=700%2C400 2x"},"classes":[]},{"id":71451,"url":"https:\/\/noticiasribeiraopreto.com.br\/index.php\/2025\/06\/06\/jornal-da-franca-sesi-franca-e-minas-tenis-se-preparam-para-a-grande-decisao-do-novo-basquete-brasil\/","url_meta":{"origin":72604,"position":2},"title":"Jornal da Franca &#8211; Sesi Franca e Minas T\u00eanis se preparam para a grande decis\u00e3o do Novo Basquete Brasil\u00a0","author":"noticiasribeiraopreto.com.br","date":"6 de June de 2025","format":false,"excerpt":"compartilhar no whatsapp compartilhar no telegram compartilhar no facebook compartilhar no linkedin Jogadores e t\u00e9cnicos dos dois times dar\u00e3o entrevista coletiva nesta sexta-feira A expectativa para a decis\u00e3o do NBB \u2013 Novo Basquete Brasil est\u00e1 a todo vapor! Nesta sexta-feira, os jogadores e t\u00e9cnicos do Sesi Franca e do Minas\u2026","rel":"","context":"In &quot;Not\u00edcias de Franca-SP&quot;","block_context":{"text":"Not\u00edcias de Franca-SP","link":"https:\/\/noticiasribeiraopreto.com.br\/index.php\/category\/noticias-de-ribeirao-preto-sp-e-regiao-ismael-colosi\/noticias-franca-sp\/"},"img":{"alt_text":"","src":"https:\/\/i0.wp.com\/noticiasribeiraopreto.com.br\/wp-content\/uploads\/2025\/06\/IMG-20250606-WA0010-scaled.jpg?fit=1200%2C800&ssl=1&resize=350%2C200","width":350,"height":200,"srcset":"https:\/\/i0.wp.com\/noticiasribeiraopreto.com.br\/wp-content\/uploads\/2025\/06\/IMG-20250606-WA0010-scaled.jpg?fit=1200%2C800&ssl=1&resize=350%2C200 1x, https:\/\/i0.wp.com\/noticiasribeiraopreto.com.br\/wp-content\/uploads\/2025\/06\/IMG-20250606-WA0010-scaled.jpg?fit=1200%2C800&ssl=1&resize=525%2C300 1.5x, https:\/\/i0.wp.com\/noticiasribeiraopreto.com.br\/wp-content\/uploads\/2025\/06\/IMG-20250606-WA0010-scaled.jpg?fit=1200%2C800&ssl=1&resize=700%2C400 2x, https:\/\/i0.wp.com\/noticiasribeiraopreto.com.br\/wp-content\/uploads\/2025\/06\/IMG-20250606-WA0010-scaled.jpg?fit=1200%2C800&ssl=1&resize=1050%2C600 3x"},"classes":[]},{"id":72236,"url":"https:\/\/noticiasribeiraopreto.com.br\/index.php\/2025\/06\/14\/jornal-da-franca-nbb-sesi-franca-vence-novamente-o-minas-e-fica-a-uma-vitoria-do-tetracampeonato\/","url_meta":{"origin":72604,"position":3},"title":"Jornal da Franca &#8211; NBB: Sesi Franca vence novamente o Minas e fica a uma vit\u00f3ria do tetracampeonato","author":"noticiasribeiraopreto.com.br","date":"14 de June de 2025","format":false,"excerpt":"compartilhar no whatsapp compartilhar no telegram compartilhar no facebook compartilhar no linkedin Time francano vira s\u00e9rie para 2 a 1 e pode decidir o t\u00edtulo no Pedroc\u00e3o na quarta-feira Diante de uma Arena BH lotada, o Sesi Franca demonstrou mais uma vez sua for\u00e7a e derrotou o Minas T\u00eanis, por\u2026","rel":"","context":"In &quot;Not\u00edcias de Franca-SP&quot;","block_context":{"text":"Not\u00edcias de Franca-SP","link":"https:\/\/noticiasribeiraopreto.com.br\/index.php\/category\/noticias-de-ribeirao-preto-sp-e-regiao-ismael-colosi\/noticias-franca-sp\/"},"img":{"alt_text":"","src":"https:\/\/i0.wp.com\/noticiasribeiraopreto.com.br\/wp-content\/uploads\/2025\/06\/IMG-20250614-WA0025-scaled.jpg?fit=1200%2C800&ssl=1&resize=350%2C200","width":350,"height":200,"srcset":"https:\/\/i0.wp.com\/noticiasribeiraopreto.com.br\/wp-content\/uploads\/2025\/06\/IMG-20250614-WA0025-scaled.jpg?fit=1200%2C800&ssl=1&resize=350%2C200 1x, https:\/\/i0.wp.com\/noticiasribeiraopreto.com.br\/wp-content\/uploads\/2025\/06\/IMG-20250614-WA0025-scaled.jpg?fit=1200%2C800&ssl=1&resize=525%2C300 1.5x, https:\/\/i0.wp.com\/noticiasribeiraopreto.com.br\/wp-content\/uploads\/2025\/06\/IMG-20250614-WA0025-scaled.jpg?fit=1200%2C800&ssl=1&resize=700%2C400 2x, https:\/\/i0.wp.com\/noticiasribeiraopreto.com.br\/wp-content\/uploads\/2025\/06\/IMG-20250614-WA0025-scaled.jpg?fit=1200%2C800&ssl=1&resize=1050%2C600 3x"},"classes":[]},{"id":72220,"url":"https:\/\/noticiasribeiraopreto.com.br\/index.php\/2025\/06\/14\/jornal-da-franca-para-decidir-em-casa-sesi-franca-encara-o-minas-tenis-em-bh-pela-final-do-nbb\/","url_meta":{"origin":72604,"position":4},"title":"Jornal da Franca &#8211; Para decidir em casa, Sesi Franca encara o Minas T\u00eanis em BH pela final do NBB","author":"noticiasribeiraopreto.com.br","date":"14 de June de 2025","format":false,"excerpt":"compartilhar no whatsapp compartilhar no telegram compartilhar no facebook compartilhar no linkedin Com a s\u00e9rie empatada, partida na Arena BH ser\u00e1 decisiva para vantagem na reta decisiva Neste s\u00e1bado (15), \u00e0s 17h, a Arena BH ser\u00e1 palco do terceiro e decisivo confronto entre Sesi Franca e Minas T\u00eanis Clube pela\u2026","rel":"","context":"In &quot;Not\u00edcias de Franca-SP&quot;","block_context":{"text":"Not\u00edcias de Franca-SP","link":"https:\/\/noticiasribeiraopreto.com.br\/index.php\/category\/noticias-de-ribeirao-preto-sp-e-regiao-ismael-colosi\/noticias-franca-sp\/"},"img":{"alt_text":"","src":"https:\/\/i0.wp.com\/noticiasribeiraopreto.com.br\/wp-content\/uploads\/2025\/06\/1749930341_pLENARIO-13-scaled.jpg?fit=1200%2C800&ssl=1&resize=350%2C200","width":350,"height":200,"srcset":"https:\/\/i0.wp.com\/noticiasribeiraopreto.com.br\/wp-content\/uploads\/2025\/06\/1749930341_pLENARIO-13-scaled.jpg?fit=1200%2C800&ssl=1&resize=350%2C200 1x, https:\/\/i0.wp.com\/noticiasribeiraopreto.com.br\/wp-content\/uploads\/2025\/06\/1749930341_pLENARIO-13-scaled.jpg?fit=1200%2C800&ssl=1&resize=525%2C300 1.5x, https:\/\/i0.wp.com\/noticiasribeiraopreto.com.br\/wp-content\/uploads\/2025\/06\/1749930341_pLENARIO-13-scaled.jpg?fit=1200%2C800&ssl=1&resize=700%2C400 2x, https:\/\/i0.wp.com\/noticiasribeiraopreto.com.br\/wp-content\/uploads\/2025\/06\/1749930341_pLENARIO-13-scaled.jpg?fit=1200%2C800&ssl=1&resize=1050%2C600 3x"},"classes":[]},{"id":72993,"url":"https:\/\/noticiasribeiraopreto.com.br\/index.php\/2025\/06\/23\/jornal-da-franca-georginho-renova-com-o-sesi-franca-e-seguira-como-referencia-na-armacao-do-time\/","url_meta":{"origin":72604,"position":5},"title":"Jornal da Franca &#8211; Georginho renova com o Sesi Franca e seguir\u00e1 como refer\u00eancia na arma\u00e7\u00e3o do time","author":"noticiasribeiraopreto.com.br","date":"23 de June de 2025","format":false,"excerpt":"compartilhar no whatsapp compartilhar no telegram compartilhar no facebook compartilhar no linkedin O armador Georginho seguir\u00e1 vestindo a camisa do Sesi Franca Basquete por mais uma temporada. Um dos jogadores mais eficientes de todo o Novo Basquete Brasil (NBB) e pe\u00e7a-chave na campanha do tetracampeonato, o atleta manter\u00e1 seu v\u00ednculo\u2026","rel":"","context":"In &quot;Not\u00edcias de Franca-SP&quot;","block_context":{"text":"Not\u00edcias de Franca-SP","link":"https:\/\/noticiasribeiraopreto.com.br\/index.php\/category\/noticias-de-ribeirao-preto-sp-e-regiao-ismael-colosi\/noticias-franca-sp\/"},"img":{"alt_text":"","src":"https:\/\/i0.wp.com\/noticiasribeiraopreto.com.br\/wp-content\/uploads\/2025\/06\/1750718008_essa-17.jpg?fit=1200%2C801&ssl=1&resize=350%2C200","width":350,"height":200,"srcset":"https:\/\/i0.wp.com\/noticiasribeiraopreto.com.br\/wp-content\/uploads\/2025\/06\/1750718008_essa-17.jpg?fit=1200%2C801&ssl=1&resize=350%2C200 1x, https:\/\/i0.wp.com\/noticiasribeiraopreto.com.br\/wp-content\/uploads\/2025\/06\/1750718008_essa-17.jpg?fit=1200%2C801&ssl=1&resize=525%2C300 1.5x, https:\/\/i0.wp.com\/noticiasribeiraopreto.com.br\/wp-content\/uploads\/2025\/06\/1750718008_essa-17.jpg?fit=1200%2C801&ssl=1&resize=700%2C400 2x, https:\/\/i0.wp.com\/noticiasribeiraopreto.com.br\/wp-content\/uploads\/2025\/06\/1750718008_essa-17.jpg?fit=1200%2C801&ssl=1&resize=1050%2C600 3x"},"classes":[]}],"jetpack_sharing_enabled":true,"jetpack_shortlink":"https:\/\/wp.me\/peQAOb-iT2","_links":{"self":[{"href":"https:\/\/noticiasribeiraopreto.com.br\/index.php\/wp-json\/wp\/v2\/posts\/72604","targetHints":{"allow":["GET"]}}],"collection":[{"href":"https:\/\/noticiasribeiraopreto.com.br\/index.php\/wp-json\/wp\/v2\/posts"}],"about":[{"href":"https:\/\/noticiasribeiraopreto.com.br\/index.php\/wp-json\/wp\/v2\/types\/post"}],"author":[{"embeddable":true,"href":"https:\/\/noticiasribeiraopreto.com.br\/index.php\/wp-json\/wp\/v2\/users\/1"}],"replies":[{"embeddable":true,"href":"https:\/\/noticiasribeiraopreto.com.br\/index.php\/wp-json\/wp\/v2\/comments?post=72604"}],"version-history":[{"count":0,"href":"https:\/\/noticiasribeiraopreto.com.br\/index.php\/wp-json\/wp\/v2\/posts\/72604\/revisions"}],"wp:featuredmedia":[{"embeddable":true,"href":"https:\/\/noticiasribeiraopreto.com.br\/index.php\/wp-json\/wp\/v2\/media\/72605"}],"wp:attachment":[{"href":"https:\/\/noticiasribeiraopreto.com.br\/index.php\/wp-json\/wp\/v2\/media?parent=72604"}],"wp:term":[{"taxonomy":"category","embeddable":true,"href":"https:\/\/noticiasribeiraopreto.com.br\/index.php\/wp-json\/wp\/v2\/categories?post=72604"},{"taxonomy":"post_tag","embeddable":true,"href":"https:\/\/noticiasribeiraopreto.com.br\/index.php\/wp-json\/wp\/v2\/tags?post=72604"}],"curies":[{"name":"wp","href":"https:\/\/api.w.org\/{rel}","templated":true}]}}