{"id":72606,"date":"2025-06-18T22:10:42","date_gmt":"2025-06-19T01:10:42","guid":{"rendered":"https:\/\/noticiasribeiraopreto.com.br\/index.php\/2025\/06\/18\/suspeito-de-atirar-em-funcionario-de-shopping-tem-prisao-preventiva-decretada\/"},"modified":"2025-06-18T22:10:42","modified_gmt":"2025-06-19T01:10:42","slug":"suspeito-de-atirar-em-funcionario-de-shopping-tem-prisao-preventiva-decretada","status":"publish","type":"post","link":"https:\/\/noticiasribeiraopreto.com.br\/index.php\/2025\/06\/18\/suspeito-de-atirar-em-funcionario-de-shopping-tem-prisao-preventiva-decretada\/","title":{"rendered":"Suspeito de atirar em funcion\u00e1rio de shopping tem pris\u00e3o preventiva decretada"},"content":{"rendered":"<p> <br \/>\n<\/p>\n<div data-td-block-uid=\"tdi_95\">\n<div class=\"tdb-block-inner td-fix-index\">\n<p>A <strong>Justi\u00e7a decretou <\/strong>nesta quarta-feira (18) a <strong>pris\u00e3o<\/strong> <strong>preventiva <\/strong>de Al\u00edpio Gomes, de 58 anos, suspeito de atirar com uma arma de press\u00e3o em um funcion\u00e1rio de um shopping na zona leste de Ribeir\u00e3o Preto. O crime aconteceu na ter\u00e7a-feira (17), enquanto o trabalhador realizava a manuten\u00e7\u00e3o das catracas do estacionamento. <\/p>\n<p>Al\u00edpio teria se irritado ap\u00f3s perder o ticket do estacionamento e n\u00e3o conseguir a libera\u00e7\u00e3o para sair do local. Com a decis\u00e3o da Justi\u00e7a, <strong>ele permanece preso por tempo indeterminado<\/strong>.<\/p>\n<p>A reportagem tentou contato com a defesa do suspeito, <strong>mas n\u00e3o obteve retorno.<\/strong><\/p>\n<p>Durante a abordagem, os policiais encontraram uma <strong>espingarda de press\u00e3o<\/strong>, uma <strong>arma de choque<\/strong>, um <strong>canivete<\/strong>, <strong>uma faca <\/strong>e <strong>nove pinos com subst\u00e2ncia semelhante \u00e0 coca\u00edna<\/strong> na caminhonete do suspeito.<\/p>\n<figure class=\"wp-block-image size-full\"><img data-recalc-dims=\"1\" fetchpriority=\"high\" decoding=\"async\" width=\"984\" height=\"616\" src=\"https:\/\/i0.wp.com\/cdn.media-acidadeon.com.br\/ribeiraopreto\/wp-content\/uploads\/sites\/3\/2025\/06\/image_2025-06-18_22-53-17.webp?resize=984%2C616&#038;ssl=1\" alt=\"\" class=\"wp-image-120269\" srcset=\"https:\/\/cdn.media-acidadeon.com.br\/ribeiraopreto\/wp-content\/uploads\/sites\/3\/2025\/06\/image_2025-06-18_22-53-17.webp 984w, https:\/\/cdn.media-acidadeon.com.br\/ribeiraopreto\/wp-content\/uploads\/sites\/3\/2025\/06\/image_2025-06-18_22-53-17-300x188.webp 300w, https:\/\/cdn.media-acidadeon.com.br\/ribeiraopreto\/wp-content\/uploads\/sites\/3\/2025\/06\/image_2025-06-18_22-53-17-768x481.webp 768w, https:\/\/cdn.media-acidadeon.com.br\/ribeiraopreto\/wp-content\/uploads\/sites\/3\/2025\/06\/image_2025-06-18_22-53-17-696x436.webp 696w\" sizes=\"(max-width: 984px) 100vw, 984px\"\/><figcaption class=\"wp-element-caption\">Reprodu\u00e7\u00e3o \/ EPTV<\/figcaption><\/figure>\n<p>Al\u00e9m disso, <strong>Al\u00edpio responde por embriaguez ao volante<\/strong>, <strong>porte ilegal de arma e drogas<\/strong>, <strong>resist\u00eancia <\/strong>e <strong>desacato<\/strong>. Ele tamb\u00e9m teria amea\u00e7ado os policiais no momento da abordagem.<\/p>\n<hr class=\"wp-block-separator has-alpha-channel-opacity\"\/>\n<p>SAIBA MAIS<\/p>\n<p>Festival da Lua Cheia re\u00fane Liniker, Marcelo D2 e Gilsons com 80 horas de m\u00fasica<\/p>\n<h2 class=\"wp-block-heading\"><strong>FIQUE ON<\/strong><\/h2>\n<p>Quer ficar por dentro de tudo que acontece em Ribeir\u00e3o Preto e regi\u00e3o? Ent\u00e3o siga os perfis do\u202facidade on\u202fno\u202f<a href=\"https:\/\/www.instagram.com\/acidadeonribeirao\" target=\"_blank\" rel=\"noreferrer noopener\">Instagram<\/a>\u202fe no\u202f<a href=\"https:\/\/www.facebook.com\/acidadeonribeirao\/\" target=\"_blank\" rel=\"noreferrer noopener\">Facebook<\/a>.<\/p>\n<p>Al\u00e9m disso, voc\u00ea pode receber as principais not\u00edcias diretamente no WhatsApp. Para isso, basta\u00a0<a href=\"https:\/\/chat.whatsapp.com\/BjKQZ9oJwlz8VVT50NuePq\" target=\"_blank\" rel=\"noreferrer noopener\">entrar no grupo clicando aqui<\/a>.<\/p>\n<p>Por fim, se quiser fazer uma den\u00fancia ou sugerir uma reportagem sobre Ribeir\u00e3o Preto e regi\u00e3o, envie uma mensagem pelo WhatsApp: (16) 99117-7802.<\/p>\n<p>VEJA TAMB\u00c9M<\/p>\n<p>O que aconteceu com Arlindo Cruz?<\/p>\n<p><!-- CONTENT END 1 -->\n<\/div>\n<\/div>\n<p><script async src=\"\/\/www.instagram.com\/embed.js\"><\/script><br \/>\n<br \/><br \/>\n<br \/><a href=\"https:\/\/www.acidadeon.com\/ribeiraopreto\/cotidiano\/suspeito-de-atirar-em-funcionario-de-shopping-tem-prisao-preventiva-decretada\/\">Source link <\/a><\/p>\n","protected":false},"excerpt":{"rendered":"<p>A Justi\u00e7a decretou nesta quarta-feira (18) a pris\u00e3o preventiva de Al\u00edpio Gomes, de 58 anos, suspeito de atirar com uma arma de press\u00e3o em um&#8230;<\/p>\n","protected":false},"author":1,"featured_media":72504,"comment_status":"open","ping_status":"open","sticky":false,"template":"","format":"standard","meta":{"advanced_seo_description":"","jetpack_seo_html_title":"","jetpack_seo_noindex":false,"jetpack_post_was_ever_published":false,"_jetpack_newsletter_access":"","_jetpack_dont_email_post_to_subs":false,"_jetpack_newsletter_tier_id":0,"_jetpack_memberships_contains_paywalled_content":false,"_jetpack_memberships_contains_paid_content":false,"footnotes":"","jetpack_publicize_message":"","jetpack_publicize_feature_enabled":true,"jetpack_social_post_already_shared":true,"jetpack_social_options":{"image_generator_settings":{"template":"highway","default_image_id":0,"font":"","enabled":false},"version":2}},"categories":[11],"tags":[],"class_list":["post-72606","post","type-post","status-publish","format-standard","has-post-thumbnail","hentry","category-noticias-de-ribeirao-preto-sp-e-regiao-ismael-colosi"],"jetpack_publicize_connections":[],"jetpack_featured_media_url":"https:\/\/i0.wp.com\/noticiasribeiraopreto.com.br\/wp-content\/uploads\/2025\/06\/Copia-de-Copia-de-Copia-de-TAMANHO-EXATO-PARA-FOTOS-NO-SISTEMA-NOVO-2025-06-17T162549.603_2025-06-17_19-26-29.webp.webp?fit=1200%2C675&ssl=1","jetpack-related-posts":[{"id":73207,"url":"https:\/\/noticiasribeiraopreto.com.br\/index.php\/2025\/06\/26\/justica-revoga-prisao-de-homem-que-atirou-em-atendente-de-shopping\/","url_meta":{"origin":72606,"position":0},"title":"Justi\u00e7a revoga pris\u00e3o de homem que atirou em atendente de shopping","author":"noticiasribeiraopreto.com.br","date":"26 de June de 2025","format":false,"excerpt":"26 de junho de 2025 21:280 Compartilhar0 A Justi\u00e7a de S\u00e3o Paulo determinou, nesta quarta-feira (25), a revoga\u00e7\u00e3o da pris\u00e3o preventiva de Al\u00edpio Jo\u00e3o Junior, de 58 anos, acusado de atirar com uma arma de press\u00e3o contra um jovem prestador de servi\u00e7os no estacionamento de um shopping da zona Leste\u2026","rel":"","context":"In &quot;Not\u00edcias de Ribeir\u00e3o Preto-SP e Regi\u00e3o&quot;","block_context":{"text":"Not\u00edcias de Ribeir\u00e3o Preto-SP e Regi\u00e3o","link":"https:\/\/noticiasribeiraopreto.com.br\/index.php\/category\/noticias-de-ribeirao-preto-sp-e-regiao-ismael-colosi\/"},"img":{"alt_text":"","src":"https:\/\/i0.wp.com\/noticiasribeiraopreto.com.br\/wp-content\/uploads\/2025\/06\/alipio1.jpeg?fit=716%2C584&ssl=1&resize=350%2C200","width":350,"height":200,"srcset":"https:\/\/i0.wp.com\/noticiasribeiraopreto.com.br\/wp-content\/uploads\/2025\/06\/alipio1.jpeg?fit=716%2C584&ssl=1&resize=350%2C200 1x, https:\/\/i0.wp.com\/noticiasribeiraopreto.com.br\/wp-content\/uploads\/2025\/06\/alipio1.jpeg?fit=716%2C584&ssl=1&resize=525%2C300 1.5x, https:\/\/i0.wp.com\/noticiasribeiraopreto.com.br\/wp-content\/uploads\/2025\/06\/alipio1.jpeg?fit=716%2C584&ssl=1&resize=700%2C400 2x"},"classes":[]},{"id":74028,"url":"https:\/\/noticiasribeiraopreto.com.br\/index.php\/2025\/07\/14\/mp-pede-prisao-de-fazendeiro-furioso\/","url_meta":{"origin":72606,"position":1},"title":"MP pede pris\u00e3o de fazendeiro \u2018furioso\u2019","author":"noticiasribeiraopreto.com.br","date":"14 de July de 2025","format":false,"excerpt":"S\u00edndico disse \u00e0 Pol\u00edcia Civil que recebeu amea\u00e7as de morte contra ele e a filha feita por Al\u00edpio Jo\u00e3o J\u00fanior, de 58 anos, o \u201cfurioso da cancela\u201d O promotor criminal Paulo Jos\u00e9 Freire Teot\u00f4nio, do Minist\u00e9rio P\u00fablico de S\u00e3o Paulo (MPSP), entrou com pedido de pris\u00e3o preventiva do fazendeiro Al\u00edpio\u2026","rel":"","context":"In &quot;Not\u00edcias de Ribeir\u00e3o Preto-SP e Regi\u00e3o&quot;","block_context":{"text":"Not\u00edcias de Ribeir\u00e3o Preto-SP e Regi\u00e3o","link":"https:\/\/noticiasribeiraopreto.com.br\/index.php\/category\/noticias-de-ribeirao-preto-sp-e-regiao-ismael-colosi\/"},"img":{"alt_text":"","src":"https:\/\/i0.wp.com\/noticiasribeiraopreto.com.br\/wp-content\/uploads\/2025\/07\/alipio_preventiva1-e1752532607747.jpeg?fit=800%2C450&ssl=1&resize=350%2C200","width":350,"height":200,"srcset":"https:\/\/i0.wp.com\/noticiasribeiraopreto.com.br\/wp-content\/uploads\/2025\/07\/alipio_preventiva1-e1752532607747.jpeg?fit=800%2C450&ssl=1&resize=350%2C200 1x, https:\/\/i0.wp.com\/noticiasribeiraopreto.com.br\/wp-content\/uploads\/2025\/07\/alipio_preventiva1-e1752532607747.jpeg?fit=800%2C450&ssl=1&resize=525%2C300 1.5x, https:\/\/i0.wp.com\/noticiasribeiraopreto.com.br\/wp-content\/uploads\/2025\/07\/alipio_preventiva1-e1752532607747.jpeg?fit=800%2C450&ssl=1&resize=700%2C400 2x"},"classes":[]},{"id":73230,"url":"https:\/\/noticiasribeiraopreto.com.br\/index.php\/2025\/06\/27\/justica-revoga-prisao-de-suspeito-de-disparos-em-shopping-de-ribeirao-preto\/","url_meta":{"origin":72606,"position":2},"title":"Justi\u00e7a revoga pris\u00e3o de suspeito de disparos em shopping de Ribeir\u00e3o Preto","author":"noticiasribeiraopreto.com.br","date":"27 de June de 2025","format":false,"excerpt":"A Justi\u00e7a de S\u00e3o Paulo revogou a pris\u00e3o preventiva de Al\u00edpio Gomes, de 58 anos, suspeito de efetuar disparos com uma arma de press\u00e3o contra um funcion\u00e1rio em um shopping localizado na zona leste de Ribeir\u00e3o Preto. O crime aconteceu no dia 17 de junho, enquanto o trabalhador realizava a\u2026","rel":"","context":"In &quot;Not\u00edcias de Ribeir\u00e3o Preto-SP e Regi\u00e3o&quot;","block_context":{"text":"Not\u00edcias de Ribeir\u00e3o Preto-SP e Regi\u00e3o","link":"https:\/\/noticiasribeiraopreto.com.br\/index.php\/category\/noticias-de-ribeirao-preto-sp-e-regiao-ismael-colosi\/"},"img":{"alt_text":"","src":"https:\/\/i0.wp.com\/noticiasribeiraopreto.com.br\/wp-content\/uploads\/2025\/06\/Copia-de-Copia-de-Copia-de-TAMANHO-EXATO-PARA-FOTOS-NO-SISTEMA-NOVO-2025-06-17T162549.603_2025-06-17_19-26-29.webp.webp?fit=1200%2C675&ssl=1&resize=350%2C200","width":350,"height":200,"srcset":"https:\/\/i0.wp.com\/noticiasribeiraopreto.com.br\/wp-content\/uploads\/2025\/06\/Copia-de-Copia-de-Copia-de-TAMANHO-EXATO-PARA-FOTOS-NO-SISTEMA-NOVO-2025-06-17T162549.603_2025-06-17_19-26-29.webp.webp?fit=1200%2C675&ssl=1&resize=350%2C200 1x, https:\/\/i0.wp.com\/noticiasribeiraopreto.com.br\/wp-content\/uploads\/2025\/06\/Copia-de-Copia-de-Copia-de-TAMANHO-EXATO-PARA-FOTOS-NO-SISTEMA-NOVO-2025-06-17T162549.603_2025-06-17_19-26-29.webp.webp?fit=1200%2C675&ssl=1&resize=525%2C300 1.5x, https:\/\/i0.wp.com\/noticiasribeiraopreto.com.br\/wp-content\/uploads\/2025\/06\/Copia-de-Copia-de-Copia-de-TAMANHO-EXATO-PARA-FOTOS-NO-SISTEMA-NOVO-2025-06-17T162549.603_2025-06-17_19-26-29.webp.webp?fit=1200%2C675&ssl=1&resize=700%2C400 2x, https:\/\/i0.wp.com\/noticiasribeiraopreto.com.br\/wp-content\/uploads\/2025\/06\/Copia-de-Copia-de-Copia-de-TAMANHO-EXATO-PARA-FOTOS-NO-SISTEMA-NOVO-2025-06-17T162549.603_2025-06-17_19-26-29.webp.webp?fit=1200%2C675&ssl=1&resize=1050%2C600 3x"},"classes":[]},{"id":73895,"url":"https:\/\/noticiasribeiraopreto.com.br\/index.php\/2025\/07\/11\/homem-que-atirou-em-shopping-e-denunciado-por-ameacar-moradores-em-ribeirao-preto\/","url_meta":{"origin":72606,"position":3},"title":"Homem que atirou em shopping \u00e9 denunciado por amea\u00e7ar moradores em Ribeir\u00e3o Preto","author":"noticiasribeiraopreto.com.br","date":"11 de July de 2025","format":false,"excerpt":"O homem suspeito de efetuar disparos com uma arma de press\u00e3o contra o funcion\u00e1rio de um shopping da zona leste de Ribeir\u00e3o Preto, em junho deste ano, foi denunciado por amea\u00e7ar os moradores do condom\u00ednio em que mora, no Centro do munic\u00edpio. Al\u00edpio Gomes, de 58 anos, chegou a ficar\u2026","rel":"","context":"In &quot;Not\u00edcias de Ribeir\u00e3o Preto-SP e Regi\u00e3o&quot;","block_context":{"text":"Not\u00edcias de Ribeir\u00e3o Preto-SP e Regi\u00e3o","link":"https:\/\/noticiasribeiraopreto.com.br\/index.php\/category\/noticias-de-ribeirao-preto-sp-e-regiao-ismael-colosi\/"},"img":{"alt_text":"","src":"https:\/\/i0.wp.com\/noticiasribeiraopreto.com.br\/wp-content\/uploads\/2025\/07\/Copia-de-Copia-de-Copia-de-TAMANHO-EXATO-PARA-FOTOS-NO-SISTEMA-NOVO-2025-07-11T152431.680_2025-07-11_18-24-38.webp.webp?fit=1200%2C675&ssl=1&resize=350%2C200","width":350,"height":200,"srcset":"https:\/\/i0.wp.com\/noticiasribeiraopreto.com.br\/wp-content\/uploads\/2025\/07\/Copia-de-Copia-de-Copia-de-TAMANHO-EXATO-PARA-FOTOS-NO-SISTEMA-NOVO-2025-07-11T152431.680_2025-07-11_18-24-38.webp.webp?fit=1200%2C675&ssl=1&resize=350%2C200 1x, https:\/\/i0.wp.com\/noticiasribeiraopreto.com.br\/wp-content\/uploads\/2025\/07\/Copia-de-Copia-de-Copia-de-TAMANHO-EXATO-PARA-FOTOS-NO-SISTEMA-NOVO-2025-07-11T152431.680_2025-07-11_18-24-38.webp.webp?fit=1200%2C675&ssl=1&resize=525%2C300 1.5x, https:\/\/i0.wp.com\/noticiasribeiraopreto.com.br\/wp-content\/uploads\/2025\/07\/Copia-de-Copia-de-Copia-de-TAMANHO-EXATO-PARA-FOTOS-NO-SISTEMA-NOVO-2025-07-11T152431.680_2025-07-11_18-24-38.webp.webp?fit=1200%2C675&ssl=1&resize=700%2C400 2x, https:\/\/i0.wp.com\/noticiasribeiraopreto.com.br\/wp-content\/uploads\/2025\/07\/Copia-de-Copia-de-Copia-de-TAMANHO-EXATO-PARA-FOTOS-NO-SISTEMA-NOVO-2025-07-11T152431.680_2025-07-11_18-24-38.webp.webp?fit=1200%2C675&ssl=1&resize=1050%2C600 3x"},"classes":[]},{"id":80019,"url":"https:\/\/noticiasribeiraopreto.com.br\/index.php\/2025\/11\/12\/apos-laudo-psiquiatrico-fazendeiro-acusado-de-ameacas-em-ribeirao-preto-segue-preso\/","url_meta":{"origin":72606,"position":4},"title":"Ap\u00f3s laudo psiqui\u00e1trico, fazendeiro acusado de amea\u00e7as em Ribeir\u00e3o Preto segue preso","author":"noticiasribeiraopreto.com.br","date":"12 de November de 2025","format":false,"excerpt":"A pris\u00e3o de Al\u00edpio Jo\u00e3o J\u00fanior, de 58 anos, aconteceu no dia 16 de julho deste ano, em Ribeir\u00e3o Preto. Ele foi detido por amea\u00e7as contra vizinhos do pr\u00e9dio onde morava, na regi\u00e3o central da cidade. Naquele momento, a Pol\u00edcia Civil j\u00e1 investigava outras den\u00fancias semelhantes. A pedido do Minist\u00e9rio\u2026","rel":"","context":"In &quot;Not\u00edcias de Ribeir\u00e3o Preto-SP e Regi\u00e3o&quot;","block_context":{"text":"Not\u00edcias de Ribeir\u00e3o Preto-SP e Regi\u00e3o","link":"https:\/\/noticiasribeiraopreto.com.br\/index.php\/category\/noticias-de-ribeirao-preto-sp-e-regiao-ismael-colosi\/"},"img":{"alt_text":"","src":"https:\/\/i0.wp.com\/noticiasribeiraopreto.com.br\/wp-content\/uploads\/2025\/07\/Copia-de-Copia-de-Copia-de-TAMANHO-EXATO-PARA-FOTOS-NO-SISTEMA-NOVO-2025-07-16T150138.301_2025-07-16_18-02-17.webp.webp?fit=1200%2C675&ssl=1&resize=350%2C200","width":350,"height":200,"srcset":"https:\/\/i0.wp.com\/noticiasribeiraopreto.com.br\/wp-content\/uploads\/2025\/07\/Copia-de-Copia-de-Copia-de-TAMANHO-EXATO-PARA-FOTOS-NO-SISTEMA-NOVO-2025-07-16T150138.301_2025-07-16_18-02-17.webp.webp?fit=1200%2C675&ssl=1&resize=350%2C200 1x, https:\/\/i0.wp.com\/noticiasribeiraopreto.com.br\/wp-content\/uploads\/2025\/07\/Copia-de-Copia-de-Copia-de-TAMANHO-EXATO-PARA-FOTOS-NO-SISTEMA-NOVO-2025-07-16T150138.301_2025-07-16_18-02-17.webp.webp?fit=1200%2C675&ssl=1&resize=525%2C300 1.5x, https:\/\/i0.wp.com\/noticiasribeiraopreto.com.br\/wp-content\/uploads\/2025\/07\/Copia-de-Copia-de-Copia-de-TAMANHO-EXATO-PARA-FOTOS-NO-SISTEMA-NOVO-2025-07-16T150138.301_2025-07-16_18-02-17.webp.webp?fit=1200%2C675&ssl=1&resize=700%2C400 2x, https:\/\/i0.wp.com\/noticiasribeiraopreto.com.br\/wp-content\/uploads\/2025\/07\/Copia-de-Copia-de-Copia-de-TAMANHO-EXATO-PARA-FOTOS-NO-SISTEMA-NOVO-2025-07-16T150138.301_2025-07-16_18-02-17.webp.webp?fit=1200%2C675&ssl=1&resize=1050%2C600 3x"},"classes":[]},{"id":75608,"url":"https:\/\/noticiasribeiraopreto.com.br\/index.php\/2025\/08\/12\/moradores-aprovam-expulsao-de-fazendeiro-do-condominio-no-centro\/","url_meta":{"origin":72606,"position":5},"title":"Moradores aprovam expuls\u00e3o de fazendeiro do condom\u00ednio no Centro","author":"noticiasribeiraopreto.com.br","date":"12 de August de 2025","format":false,"excerpt":"Por: Adalberto Luque Moradores do condom\u00ednio onde mora o fazendeiro Al\u00edpio Jo\u00e3o J\u00fanior, de 58 anos, aprovaram, na noite desta segunda-feira (11), sua expuls\u00e3o. Os moradores do pr\u00e9dio, que fica na rua Garibaldi, Centro de Ribeir\u00e3o Preto, realizaram uma assembleia para decidir a quest\u00e3o. Dos 48 moradores do pr\u00e9dio, 41\u2026","rel":"","context":"In &quot;Not\u00edcias de Ribeir\u00e3o Preto-SP e Regi\u00e3o&quot;","block_context":{"text":"Not\u00edcias de Ribeir\u00e3o Preto-SP e Regi\u00e3o","link":"https:\/\/noticiasribeiraopreto.com.br\/index.php\/category\/noticias-de-ribeirao-preto-sp-e-regiao-ismael-colosi\/"},"img":{"alt_text":"","src":"https:\/\/i0.wp.com\/noticiasribeiraopreto.com.br\/wp-content\/uploads\/2025\/08\/12-ago-2025-predioalipio5-scaled.jpg?fit=1200%2C474&ssl=1&resize=350%2C200","width":350,"height":200,"srcset":"https:\/\/i0.wp.com\/noticiasribeiraopreto.com.br\/wp-content\/uploads\/2025\/08\/12-ago-2025-predioalipio5-scaled.jpg?fit=1200%2C474&ssl=1&resize=350%2C200 1x, https:\/\/i0.wp.com\/noticiasribeiraopreto.com.br\/wp-content\/uploads\/2025\/08\/12-ago-2025-predioalipio5-scaled.jpg?fit=1200%2C474&ssl=1&resize=525%2C300 1.5x, https:\/\/i0.wp.com\/noticiasribeiraopreto.com.br\/wp-content\/uploads\/2025\/08\/12-ago-2025-predioalipio5-scaled.jpg?fit=1200%2C474&ssl=1&resize=700%2C400 2x, https:\/\/i0.wp.com\/noticiasribeiraopreto.com.br\/wp-content\/uploads\/2025\/08\/12-ago-2025-predioalipio5-scaled.jpg?fit=1200%2C474&ssl=1&resize=1050%2C600 3x"},"classes":[]}],"jetpack_sharing_enabled":true,"jetpack_shortlink":"https:\/\/wp.me\/peQAOb-iT4","_links":{"self":[{"href":"https:\/\/noticiasribeiraopreto.com.br\/index.php\/wp-json\/wp\/v2\/posts\/72606","targetHints":{"allow":["GET"]}}],"collection":[{"href":"https:\/\/noticiasribeiraopreto.com.br\/index.php\/wp-json\/wp\/v2\/posts"}],"about":[{"href":"https:\/\/noticiasribeiraopreto.com.br\/index.php\/wp-json\/wp\/v2\/types\/post"}],"author":[{"embeddable":true,"href":"https:\/\/noticiasribeiraopreto.com.br\/index.php\/wp-json\/wp\/v2\/users\/1"}],"replies":[{"embeddable":true,"href":"https:\/\/noticiasribeiraopreto.com.br\/index.php\/wp-json\/wp\/v2\/comments?post=72606"}],"version-history":[{"count":0,"href":"https:\/\/noticiasribeiraopreto.com.br\/index.php\/wp-json\/wp\/v2\/posts\/72606\/revisions"}],"wp:featuredmedia":[{"embeddable":true,"href":"https:\/\/noticiasribeiraopreto.com.br\/index.php\/wp-json\/wp\/v2\/media\/72504"}],"wp:attachment":[{"href":"https:\/\/noticiasribeiraopreto.com.br\/index.php\/wp-json\/wp\/v2\/media?parent=72606"}],"wp:term":[{"taxonomy":"category","embeddable":true,"href":"https:\/\/noticiasribeiraopreto.com.br\/index.php\/wp-json\/wp\/v2\/categories?post=72606"},{"taxonomy":"post_tag","embeddable":true,"href":"https:\/\/noticiasribeiraopreto.com.br\/index.php\/wp-json\/wp\/v2\/tags?post=72606"}],"curies":[{"name":"wp","href":"https:\/\/api.w.org\/{rel}","templated":true}]}}