{"id":72607,"date":"2025-06-18T22:18:03","date_gmt":"2025-06-19T01:18:03","guid":{"rendered":"https:\/\/noticiasribeiraopreto.com.br\/index.php\/2025\/06\/18\/receita-federal-libera-consulta-ao-segundo-lote-de-restituicao-do-ir-veja-quando\/"},"modified":"2025-06-18T22:18:03","modified_gmt":"2025-06-19T01:18:03","slug":"receita-federal-libera-consulta-ao-segundo-lote-de-restituicao-do-ir-veja-quando","status":"publish","type":"post","link":"https:\/\/noticiasribeiraopreto.com.br\/index.php\/2025\/06\/18\/receita-federal-libera-consulta-ao-segundo-lote-de-restituicao-do-ir-veja-quando\/","title":{"rendered":"Receita Federal libera consulta ao segundo lote de restitui\u00e7\u00e3o do IR; veja quando"},"content":{"rendered":"<p> <br \/>\n<\/p>\n<div data-td-block-uid=\"tdi_95\">\n<div class=\"tdb-block-inner td-fix-index\">\n<p>A<strong> Receita Federal<\/strong> vai liberar, na pr\u00f3xima segunda-feira (23), \u00e0s 10h, <strong>a consulta ao segundo lote de restitui\u00e7\u00e3o do Imposto de Renda Pessoa F\u00edsica 2025<\/strong>. O lote re\u00fane o maior n\u00famero de contribuintes e o maior valor j\u00e1 registrados pela Receita.<\/p>\n<p>Neste lote,<strong> 6.545.322 contribuintes v\u00e3o receber R$ 11 bilh\u00f5es.<\/strong> A Receita informou que destinou todo o valor a contribuintes com prioridade legal ou com crit\u00e9rios definidos neste ano.<\/p>\n<p><strong>A distribui\u00e7\u00e3o segue os seguintes grupos:<\/strong><\/p>\n<ul class=\"wp-block-list\">\n<li>4.764.634 contribuintes que utilizaram a declara\u00e7\u00e3o pr\u00e9-preenchida e\/ou optaram pelo recebimento via Pix;<\/li>\n<li>1.044.585 contribuintes com idade entre 60 e 79 anos;<\/li>\n<li>496.650 contribuintes cuja principal fonte de renda vem do magist\u00e9rio;<\/li>\n<li>148.090 contribuintes com mais de 80 anos;<\/li>\n<li>91.363 contribuintes com defici\u00eancia f\u00edsica ou mental, ou com doen\u00e7as graves.<\/li>\n<\/ul>\n<p>Neste ano, a Receita incluiu como <strong>priorit\u00e1rios os contribuintes que usaram a declara\u00e7\u00e3o pr\u00e9-preenchida<\/strong> junto com a op\u00e7\u00e3o de recebimento via Pix, mesmo sem previs\u00e3o legal espec\u00edfica. O \u00f3rg\u00e3o n\u00e3o incluiu contribuintes sem prioridade neste lote.<\/p>\n<p>Os contribuintes devem acessar o <a href=\"https:\/\/www.gov.br\/receitafederal\/pt-br\">site da Receita Federal <\/a>para consultar a restitui\u00e7\u00e3o. No menu \u201cMeu Imposto de Renda\u201d, basta clicar em \u201cConsultar a Restitui\u00e7\u00e3o\u201d.<strong> Tamb\u00e9m \u00e9 poss\u00edvel fazer a consulta pelo aplicativo da Receita em tablets e smartphones.<\/strong><\/p>\n<p>A Receita Federal vai depositar os valores no dia 30 de junho, na conta banc\u00e1ria ou na chave Pix do tipo CPF informada na declara\u00e7\u00e3o. <\/p>\n<hr class=\"wp-block-separator has-alpha-channel-opacity\"\/>\n<p>SAIBA MAIS<\/p>\n<p>Festival da Lua Cheia re\u00fane Liniker, Marcelo D2 e Gilsons com 80 horas de m\u00fasica<\/p>\n<h2 class=\"wp-block-heading\"><strong>FIQUE ON<\/strong><\/h2>\n<p>Quer ficar por dentro de tudo que acontece em Ribeir\u00e3o Preto e regi\u00e3o? Ent\u00e3o siga os perfis do\u202facidade on\u202fno\u202f<a href=\"https:\/\/www.instagram.com\/acidadeonribeirao\" target=\"_blank\" rel=\"noreferrer noopener\">Instagram<\/a>\u202fe no\u202f<a href=\"https:\/\/www.facebook.com\/acidadeonribeirao\/\" target=\"_blank\" rel=\"noreferrer noopener\">Facebook<\/a>.<\/p>\n<p>Al\u00e9m disso, voc\u00ea pode receber as principais not\u00edcias diretamente no WhatsApp. Para isso, basta\u00a0<a href=\"https:\/\/chat.whatsapp.com\/BjKQZ9oJwlz8VVT50NuePq\" target=\"_blank\" rel=\"noreferrer noopener\">entrar no grupo clicando aqui<\/a>.<\/p>\n<p>Por fim, se quiser fazer uma den\u00fancia ou sugerir uma reportagem sobre Ribeir\u00e3o Preto e regi\u00e3o, envie uma mensagem pelo WhatsApp: (16) 99117-7802.<\/p>\n<p>VEJA TAMB\u00c9M<\/p>\n<p>O que aconteceu com Arlindo Cruz?<\/p>\n<p><!-- CONTENT END 1 -->\n<\/div>\n<\/div>\n<p><script async src=\"\/\/www.instagram.com\/embed.js\"><\/script><br \/>\n<br \/><br \/>\n<br \/><a href=\"https:\/\/www.acidadeon.com\/ribeiraopreto\/economia\/receita-federal-libera-consulta-ao-segundo-lote-de-restituicao-do-ir-veja-quando\/\">Source link <\/a><\/p>\n","protected":false},"excerpt":{"rendered":"<p>A Receita Federal vai liberar, na pr\u00f3xima segunda-feira (23), \u00e0s 10h, a consulta ao segundo lote de restitui\u00e7\u00e3o do Imposto de Renda Pessoa F\u00edsica 2025&#8230;.<\/p>\n","protected":false},"author":1,"featured_media":72608,"comment_status":"open","ping_status":"open","sticky":false,"template":"","format":"standard","meta":{"advanced_seo_description":"","jetpack_seo_html_title":"","jetpack_seo_noindex":false,"jetpack_post_was_ever_published":false,"_jetpack_newsletter_access":"","_jetpack_dont_email_post_to_subs":false,"_jetpack_newsletter_tier_id":0,"_jetpack_memberships_contains_paywalled_content":false,"_jetpack_memberships_contains_paid_content":false,"footnotes":"","jetpack_publicize_message":"","jetpack_publicize_feature_enabled":true,"jetpack_social_post_already_shared":true,"jetpack_social_options":{"image_generator_settings":{"template":"highway","default_image_id":0,"font":"","enabled":false},"version":2}},"categories":[11],"tags":[],"class_list":["post-72607","post","type-post","status-publish","format-standard","has-post-thumbnail","hentry","category-noticias-de-ribeirao-preto-sp-e-regiao-ismael-colosi"],"jetpack_publicize_connections":[],"jetpack_featured_media_url":"https:\/\/i0.wp.com\/noticiasribeiraopreto.com.br\/wp-content\/uploads\/2025\/06\/ja_8380_2024-09-23_13-24-14.webp.webp?fit=1170%2C700&ssl=1","jetpack-related-posts":[{"id":74911,"url":"https:\/\/noticiasribeiraopreto.com.br\/index.php\/2025\/07\/31\/receita-federal-paga-3o-lote-de-restituicao-do-imposto-de-renda-veja-quem-recebe\/","url_meta":{"origin":72607,"position":0},"title":"Receita Federal paga 3\u00ba lote de restitui\u00e7\u00e3o do imposto de renda; Veja quem recebe","author":"noticiasribeiraopreto.com.br","date":"31 de July de 2025","format":false,"excerpt":"A Receita Federal libera, nesta quinta-feira (31), o terceiro dos cinco lotes de restitui\u00e7\u00e3o deste ano, o maior da hist\u00f3ria em n\u00famero de contribuintes e o segundo maior em valor.\u00a0O lote tamb\u00e9m contempla restitui\u00e7\u00f5es residuais de anos anteriores. Ao todo, 7.219.048 contribuintes receber\u00e3o R$ 10 bilh\u00f5es.\u00a0A maior parte do valor,\u2026","rel":"","context":"In &quot;Not\u00edcias de Ribeir\u00e3o Preto-SP e Regi\u00e3o&quot;","block_context":{"text":"Not\u00edcias de Ribeir\u00e3o Preto-SP e Regi\u00e3o","link":"https:\/\/noticiasribeiraopreto.com.br\/index.php\/category\/noticias-de-ribeirao-preto-sp-e-regiao-ismael-colosi\/"},"img":{"alt_text":"","src":"https:\/\/i0.wp.com\/noticiasribeiraopreto.com.br\/wp-content\/uploads\/2025\/07\/ballots-1195046_1920.jpg?fit=1200%2C800&ssl=1&resize=350%2C200","width":350,"height":200,"srcset":"https:\/\/i0.wp.com\/noticiasribeiraopreto.com.br\/wp-content\/uploads\/2025\/07\/ballots-1195046_1920.jpg?fit=1200%2C800&ssl=1&resize=350%2C200 1x, https:\/\/i0.wp.com\/noticiasribeiraopreto.com.br\/wp-content\/uploads\/2025\/07\/ballots-1195046_1920.jpg?fit=1200%2C800&ssl=1&resize=525%2C300 1.5x, https:\/\/i0.wp.com\/noticiasribeiraopreto.com.br\/wp-content\/uploads\/2025\/07\/ballots-1195046_1920.jpg?fit=1200%2C800&ssl=1&resize=700%2C400 2x, https:\/\/i0.wp.com\/noticiasribeiraopreto.com.br\/wp-content\/uploads\/2025\/07\/ballots-1195046_1920.jpg?fit=1200%2C800&ssl=1&resize=1050%2C600 3x"},"classes":[]},{"id":38941,"url":"https:\/\/noticiasribeiraopreto.com.br\/index.php\/2024\/02\/22\/receita-abre-consulta-a-lote-residual-do-imposto-de-renda\/","url_meta":{"origin":72607,"position":1},"title":"Receita abre consulta a lote residual do Imposto de Renda","author":"noticiasribeiraopreto.com.br","date":"22 de February de 2024","format":false,"excerpt":"22 de fevereiro de 2024 | 13:3022 de fevereiro de 2024 | 10:48 0A Receita Federal abriu, nesta quinta-feira (22), a consulta ao lote residual de restitui\u00e7\u00e3o do Imposto de Renda Pessoa F\u00edsica (IRPF) de fevereiro de 2024. O pagamento ser\u00e1 feito no pr\u00f3ximo dia 29 para 208.323 contribuintes.Os lotes\u2026","rel":"","context":"In &quot;Not\u00edcias de Ribeir\u00e3o Preto-SP e Regi\u00e3o&quot;","block_context":{"text":"Not\u00edcias de Ribeir\u00e3o Preto-SP e Regi\u00e3o","link":"https:\/\/noticiasribeiraopreto.com.br\/index.php\/category\/noticias-de-ribeirao-preto-sp-e-regiao-ismael-colosi\/"},"img":{"alt_text":"","src":"https:\/\/i0.wp.com\/noticiasribeiraopreto.com.br\/wp-content\/uploads\/2024\/02\/imposto-de-renda_mcamgo_abr_030320221818-2-1-scaled.jpg?fit=1000%2C598&ssl=1&resize=350%2C200","width":350,"height":200,"srcset":"https:\/\/i0.wp.com\/noticiasribeiraopreto.com.br\/wp-content\/uploads\/2024\/02\/imposto-de-renda_mcamgo_abr_030320221818-2-1-scaled.jpg?fit=1000%2C598&ssl=1&resize=350%2C200 1x, https:\/\/i0.wp.com\/noticiasribeiraopreto.com.br\/wp-content\/uploads\/2024\/02\/imposto-de-renda_mcamgo_abr_030320221818-2-1-scaled.jpg?fit=1000%2C598&ssl=1&resize=525%2C300 1.5x, https:\/\/i0.wp.com\/noticiasribeiraopreto.com.br\/wp-content\/uploads\/2024\/02\/imposto-de-renda_mcamgo_abr_030320221818-2-1-scaled.jpg?fit=1000%2C598&ssl=1&resize=700%2C400 2x"},"classes":[]},{"id":72921,"url":"https:\/\/noticiasribeiraopreto.com.br\/index.php\/2025\/06\/23\/receita-abre-consulta-a-lote-recorde\/","url_meta":{"origin":72607,"position":2},"title":"Receita abre consulta a lote recorde","author":"noticiasribeiraopreto.com.br","date":"23 de June de 2025","format":false,"excerpt":"A Receita Federal abre na pr\u00f3xima segunda-feira, 23 de junho, \u00e0s dez horas, consulta a mais um lote de restitui\u00e7\u00e3o do Imposto de Renda Pessoa F\u00edsica de 2025, o maior da hist\u00f3ria em n\u00famero de contribuintes e em valor. Esse \u00e9 o segundo dos cinco de 2025 e tamb\u00e9m contempla\u2026","rel":"","context":"In &quot;Not\u00edcias de Ribeir\u00e3o Preto-SP e Regi\u00e3o&quot;","block_context":{"text":"Not\u00edcias de Ribeir\u00e3o Preto-SP e Regi\u00e3o","link":"https:\/\/noticiasribeiraopreto.com.br\/index.php\/category\/noticias-de-ribeirao-preto-sp-e-regiao-ismael-colosi\/"},"img":{"alt_text":"","src":"https:\/\/i0.wp.com\/noticiasribeiraopreto.com.br\/wp-content\/uploads\/2025\/06\/LeaoIR-Joedson-Alves-Ag.Br_.-01-scaled.jpg?fit=800%2C479&ssl=1&resize=350%2C200","width":350,"height":200,"srcset":"https:\/\/i0.wp.com\/noticiasribeiraopreto.com.br\/wp-content\/uploads\/2025\/06\/LeaoIR-Joedson-Alves-Ag.Br_.-01-scaled.jpg?fit=800%2C479&ssl=1&resize=350%2C200 1x, https:\/\/i0.wp.com\/noticiasribeiraopreto.com.br\/wp-content\/uploads\/2025\/06\/LeaoIR-Joedson-Alves-Ag.Br_.-01-scaled.jpg?fit=800%2C479&ssl=1&resize=525%2C300 1.5x, https:\/\/i0.wp.com\/noticiasribeiraopreto.com.br\/wp-content\/uploads\/2025\/06\/LeaoIR-Joedson-Alves-Ag.Br_.-01-scaled.jpg?fit=800%2C479&ssl=1&resize=700%2C400 2x"},"classes":[]},{"id":76123,"url":"https:\/\/noticiasribeiraopreto.com.br\/index.php\/2025\/08\/22\/receita-federal-libera-consulta-de-restituicao-do-imposto-de-renda-veja-os-valores\/","url_meta":{"origin":72607,"position":3},"title":"Receita Federal libera consulta de restitui\u00e7\u00e3o do Imposto de Renda; Veja os valores","author":"noticiasribeiraopreto.com.br","date":"22 de August de 2025","format":false,"excerpt":"A partir das 10h desta sexta-feira (22), cerca de 1,9 milh\u00e3o de contribuintes que entregaram a Declara\u00e7\u00e3o do Imposto de Renda Pessoa F\u00edsica deste ano acertar\u00e3o as contas com o Le\u00e3o. Nesse hor\u00e1rio, a Receita Federal liberar\u00e1 a consulta ao quarto dos cinco lotes de restitui\u00e7\u00e3o de 2025. O lote\u2026","rel":"","context":"In &quot;Not\u00edcias de Ribeir\u00e3o Preto-SP e Regi\u00e3o&quot;","block_context":{"text":"Not\u00edcias de Ribeir\u00e3o Preto-SP e Regi\u00e3o","link":"https:\/\/noticiasribeiraopreto.com.br\/index.php\/category\/noticias-de-ribeirao-preto-sp-e-regiao-ismael-colosi\/"},"img":{"alt_text":"","src":"https:\/\/i0.wp.com\/noticiasribeiraopreto.com.br\/wp-content\/uploads\/2025\/08\/imposto-de-renda_2025-03-18_17-20-00_jpg_2025-03-18_17-20-00.webp.webp?fit=1200%2C800&ssl=1&resize=350%2C200","width":350,"height":200,"srcset":"https:\/\/i0.wp.com\/noticiasribeiraopreto.com.br\/wp-content\/uploads\/2025\/08\/imposto-de-renda_2025-03-18_17-20-00_jpg_2025-03-18_17-20-00.webp.webp?fit=1200%2C800&ssl=1&resize=350%2C200 1x, https:\/\/i0.wp.com\/noticiasribeiraopreto.com.br\/wp-content\/uploads\/2025\/08\/imposto-de-renda_2025-03-18_17-20-00_jpg_2025-03-18_17-20-00.webp.webp?fit=1200%2C800&ssl=1&resize=525%2C300 1.5x, https:\/\/i0.wp.com\/noticiasribeiraopreto.com.br\/wp-content\/uploads\/2025\/08\/imposto-de-renda_2025-03-18_17-20-00_jpg_2025-03-18_17-20-00.webp.webp?fit=1200%2C800&ssl=1&resize=700%2C400 2x, https:\/\/i0.wp.com\/noticiasribeiraopreto.com.br\/wp-content\/uploads\/2025\/08\/imposto-de-renda_2025-03-18_17-20-00_jpg_2025-03-18_17-20-00.webp.webp?fit=1200%2C800&ssl=1&resize=1050%2C600 3x"},"classes":[]},{"id":66348,"url":"https:\/\/noticiasribeiraopreto.com.br\/index.php\/2025\/03\/31\/receita-paga-lote-da-malha-fina-do-imposto-de-renda-nesta-segunda\/","url_meta":{"origin":72607,"position":4},"title":"Receita paga lote da malha fina do Imposto de Renda nesta segunda","author":"noticiasribeiraopreto.com.br","date":"31 de March de 2025","format":false,"excerpt":"A Receita Federal pagar\u00e1, nesta segunda-feira (31), o lote residual de restitui\u00e7\u00f5es do Imposto de Renda, beneficiando 120.039 contribuintes que regularizaram pend\u00eancias com o Fisco. O montante total a ser distribu\u00eddo \u00e9 de R$ 253,88 milh\u00f5es. Prioridades no Reembolso Do valor total, R$ 168,86 milh\u00f5es ser\u00e3o destinados a contribuintes com\u2026","rel":"","context":"In &quot;Not\u00edcias de Ribeir\u00e3o Preto-SP e Regi\u00e3o&quot;","block_context":{"text":"Not\u00edcias de Ribeir\u00e3o Preto-SP e Regi\u00e3o","link":"https:\/\/noticiasribeiraopreto.com.br\/index.php\/category\/noticias-de-ribeirao-preto-sp-e-regiao-ismael-colosi\/"},"img":{"alt_text":"","src":"https:\/\/i0.wp.com\/noticiasribeiraopreto.com.br\/wp-content\/uploads\/2025\/03\/real_nota_moedas_8.webp.webp?fit=1170%2C700&ssl=1&resize=350%2C200","width":350,"height":200,"srcset":"https:\/\/i0.wp.com\/noticiasribeiraopreto.com.br\/wp-content\/uploads\/2025\/03\/real_nota_moedas_8.webp.webp?fit=1170%2C700&ssl=1&resize=350%2C200 1x, https:\/\/i0.wp.com\/noticiasribeiraopreto.com.br\/wp-content\/uploads\/2025\/03\/real_nota_moedas_8.webp.webp?fit=1170%2C700&ssl=1&resize=525%2C300 1.5x, https:\/\/i0.wp.com\/noticiasribeiraopreto.com.br\/wp-content\/uploads\/2025\/03\/real_nota_moedas_8.webp.webp?fit=1170%2C700&ssl=1&resize=700%2C400 2x, https:\/\/i0.wp.com\/noticiasribeiraopreto.com.br\/wp-content\/uploads\/2025\/03\/real_nota_moedas_8.webp.webp?fit=1170%2C700&ssl=1&resize=1050%2C600 3x"},"classes":[]},{"id":72917,"url":"https:\/\/noticiasribeiraopreto.com.br\/index.php\/2025\/06\/23\/jornal-da-franca-receita-federal-abre-consulta-ao-2o-lote-de-restituicao-do-ir-2025-nesta-segunda-23\/","url_meta":{"origin":72607,"position":5},"title":"Jornal da Franca &#8211; Receita Federal abre consulta ao 2\u00ba lote de restitui\u00e7\u00e3o do IR 2025 nesta segunda, 23","author":"noticiasribeiraopreto.com.br","date":"23 de June de 2025","format":false,"excerpt":"compartilhar no whatsapp compartilhar no telegram compartilhar no facebook compartilhar no linkedin Receita Federal abre nesta segunda-feira, 23, a partir das 10h, consulta ao segundo lote de restitui\u00e7\u00e3o do Imposto de Renda Receita Federal abre a partir das 10h desta segunda-feira, 23, consulta ao 2\u00ba lote de restitui\u00e7\u00e3o do Imposto\u2026","rel":"","context":"In &quot;Not\u00edcias de Franca-SP&quot;","block_context":{"text":"Not\u00edcias de Franca-SP","link":"https:\/\/noticiasribeiraopreto.com.br\/index.php\/category\/noticias-de-ribeirao-preto-sp-e-regiao-ismael-colosi\/noticias-franca-sp\/"},"img":{"alt_text":"","src":"https:\/\/i0.wp.com\/noticiasribeiraopreto.com.br\/wp-content\/uploads\/2025\/06\/Imposto-de-Renda-restituicao-antecipada.jpg?fit=1000%2C563&ssl=1&resize=350%2C200","width":350,"height":200,"srcset":"https:\/\/i0.wp.com\/noticiasribeiraopreto.com.br\/wp-content\/uploads\/2025\/06\/Imposto-de-Renda-restituicao-antecipada.jpg?fit=1000%2C563&ssl=1&resize=350%2C200 1x, https:\/\/i0.wp.com\/noticiasribeiraopreto.com.br\/wp-content\/uploads\/2025\/06\/Imposto-de-Renda-restituicao-antecipada.jpg?fit=1000%2C563&ssl=1&resize=525%2C300 1.5x, https:\/\/i0.wp.com\/noticiasribeiraopreto.com.br\/wp-content\/uploads\/2025\/06\/Imposto-de-Renda-restituicao-antecipada.jpg?fit=1000%2C563&ssl=1&resize=700%2C400 2x"},"classes":[]}],"jetpack_sharing_enabled":true,"jetpack_shortlink":"https:\/\/wp.me\/peQAOb-iT5","_links":{"self":[{"href":"https:\/\/noticiasribeiraopreto.com.br\/index.php\/wp-json\/wp\/v2\/posts\/72607","targetHints":{"allow":["GET"]}}],"collection":[{"href":"https:\/\/noticiasribeiraopreto.com.br\/index.php\/wp-json\/wp\/v2\/posts"}],"about":[{"href":"https:\/\/noticiasribeiraopreto.com.br\/index.php\/wp-json\/wp\/v2\/types\/post"}],"author":[{"embeddable":true,"href":"https:\/\/noticiasribeiraopreto.com.br\/index.php\/wp-json\/wp\/v2\/users\/1"}],"replies":[{"embeddable":true,"href":"https:\/\/noticiasribeiraopreto.com.br\/index.php\/wp-json\/wp\/v2\/comments?post=72607"}],"version-history":[{"count":0,"href":"https:\/\/noticiasribeiraopreto.com.br\/index.php\/wp-json\/wp\/v2\/posts\/72607\/revisions"}],"wp:featuredmedia":[{"embeddable":true,"href":"https:\/\/noticiasribeiraopreto.com.br\/index.php\/wp-json\/wp\/v2\/media\/72608"}],"wp:attachment":[{"href":"https:\/\/noticiasribeiraopreto.com.br\/index.php\/wp-json\/wp\/v2\/media?parent=72607"}],"wp:term":[{"taxonomy":"category","embeddable":true,"href":"https:\/\/noticiasribeiraopreto.com.br\/index.php\/wp-json\/wp\/v2\/categories?post=72607"},{"taxonomy":"post_tag","embeddable":true,"href":"https:\/\/noticiasribeiraopreto.com.br\/index.php\/wp-json\/wp\/v2\/tags?post=72607"}],"curies":[{"name":"wp","href":"https:\/\/api.w.org\/{rel}","templated":true}]}}