{"id":72613,"date":"2025-06-19T00:51:59","date_gmt":"2025-06-19T03:51:59","guid":{"rendered":"https:\/\/noticiasribeiraopreto.com.br\/index.php\/2025\/06\/19\/jornal-da-franca-cafe-e-uma-poderosa-fonte-de-energia-mas-estudo-revela-uma-verdade-sobre-a-bebida\/"},"modified":"2025-06-19T00:51:59","modified_gmt":"2025-06-19T03:51:59","slug":"jornal-da-franca-cafe-e-uma-poderosa-fonte-de-energia-mas-estudo-revela-uma-verdade-sobre-a-bebida","status":"publish","type":"post","link":"https:\/\/noticiasribeiraopreto.com.br\/index.php\/2025\/06\/19\/jornal-da-franca-cafe-e-uma-poderosa-fonte-de-energia-mas-estudo-revela-uma-verdade-sobre-a-bebida\/","title":{"rendered":"Jornal da Franca &#8211; Caf\u00e9 \u00e9 uma poderosa fonte de energia, mas estudo revela uma verdade sobre a bebida"},"content":{"rendered":"<p> <br \/>\n<\/p>\n<div>\n\t                            <a class=\"mb-1\" href=\"https:\/\/api.whatsapp.com\/send?text=Olha essa Not\u00edcia no Jornal da Franca.%0D%0D*Caf\u00e9 \u00e9 uma poderosa fonte de energia, mas estudo revela uma verdade sobre a bebida*%0D%0Dclique na url abaixo%0Dhttps:\/\/www.jornaldafranca.com.br\/cafe-realmente-e-uma-boa-fonte-de-energia-estudo-diz-a-verdade-sobre-essa-afirmacao\/\" target=\"_blank\"><span class=\"text-12 badge badge-pill badge-success\"><i class=\"fa fa-whatsapp\"\/> compartilhar no whatsapp<\/span><\/a><\/p>\n<p>\t                            <a class=\"mb-1\" href=\"https:\/\/telegram.me\/share\/url?url=https:\/\/www.jornaldafranca.com.br\/cafe-realmente-e-uma-boa-fonte-de-energia-estudo-diz-a-verdade-sobre-essa-afirmacao\/&amp;text=Olha essa Not\u00edcia no Jornal da Franca.\" target=\"_blank\"><span class=\"text-12 badge badge-pill badge-info\"><i class=\"fa fa-telegram\"\/> compartilhar no telegram<\/span><\/a><\/p>\n<p>\t                            <a class=\"mb-1\" href=\"https:\/\/www.facebook.com\/sharer\/sharer.php?u=https:\/\/www.jornaldafranca.com.br\/cafe-realmente-e-uma-boa-fonte-de-energia-estudo-diz-a-verdade-sobre-essa-afirmacao\/\" target=\"_blank\"><span class=\"text-12 badge badge-pill badge-primary\"><i class=\"fa fa-facebook\"\/> compartilhar no facebook<\/span><\/a><\/p>\n<p>\t                            <a class=\"mb-1\" href=\"https:\/\/www.linkedin.com\/shareArticle?mini=true&amp;url=https:\/\/www.jornaldafranca.com.br\/cafe-realmente-e-uma-boa-fonte-de-energia-estudo-diz-a-verdade-sobre-essa-afirmacao\/&amp;title=Caf\u00e9 \u00e9 uma poderosa fonte de energia, mas estudo revela uma verdade sobre a bebida&amp;source=JORNAL DA FRANCA\" target=\"_blank\"><span class=\"text-12 badge badge-pill badge-secondary\"><i class=\"fa fa-linkedin\"\/> compartilhar no linkedin<\/span><\/a><\/p>\n<div class=\"lead text-20\">\n<p>Bebida \u00e9 a segunda mais consumida do Brasil, perdendo somente, \u00e9 claro, para a \u00e1gua<\/p>\n<\/p><\/div>\n<p><img data-recalc-dims=\"1\" decoding=\"async\" src=\"https:\/\/i0.wp.com\/www.jornaldafranca.com.br\/wp-content\/uploads\/2023\/01\/cafe-freepik-scaled.jpg?ssl=1\" alt=\"\"\/><\/p>\n<h6\/>\n<p>H\u00e1 quem diga que o dia s\u00f3 come\u00e7a depois de uma x\u00edcara de caf\u00e9. Alguns s\u00f3 bebem com a\u00e7\u00facar. Outros tomam para ficar em alerta ap\u00f3s o almo\u00e7o ou antes da atividade f\u00edsica.<\/p>\n<p>Independentemente da forma de consumo, o caf\u00e9 \u00e9 uma das bebidas mais apreciadas no mundo. No Brasil, s\u00f3 n\u00e3o \u00e9 mais ingerida que a \u00e1gua.<\/p>\n<p>A fama do caf\u00e9 passa pelo seu principal componente: a cafe\u00edna. No corpo, a subst\u00e2ncia melhora o humor, estimula o racioc\u00ednio e a mem\u00f3ria e tem o poder de fazer o sono passar. Mas, em excesso, pode causar arritmias card\u00edacas, ansiedade e depend\u00eancia.<\/p>\n<p>Estudos mostram que tomar caf\u00e9 em doses moderadas faz bem \u00e0 sa\u00fade. H\u00e1 um limite seguro de ingest\u00e3o di\u00e1ria de cafe\u00edna, o que afeta a quantidade de x\u00edcaras a serem bebidas. Al\u00e9m disso, o tipo de caf\u00e9 e a forma de tom\u00e1-lo tamb\u00e9m fazem diferen\u00e7a na hora de adotar um consumo mais saud\u00e1vel.<\/p>\n<p>Saiba mais sobre o caf\u00e9:<\/p>\n<p>\u2013 O consumo de cafe\u00edna por dia n\u00e3o deve ultrapassar os 400 miligramas (mg);<\/p>\n<p>\u2013 Isso representa de 2 at\u00e9 4 x\u00edcaras pequenas de caf\u00e9;<\/p>\n<p>\u2013 Caf\u00e9s instant\u00e2neos ou sol\u00faveis cont\u00eam menos cafe\u00edna do que caf\u00e9s torrados e mo\u00eddos;<\/p>\n<p>\u2013 O ideal \u00e9 evitar o consumo ap\u00f3s \u00e0s 15h;<\/p>\n<p>\u2013 N\u00e3o \u00e9 recomendado a ingest\u00e3o de 300mg de cafe\u00edna de uma vez s\u00f3;<\/p>\n<p>\u2013 A cafe\u00edna tamb\u00e9m est\u00e1 presente em energ\u00e9ticos, refrigerantes, chocolates e at\u00e9 rem\u00e9dios.<\/p>\n<p>\u201cA cafe\u00edna funciona como um estimulante do sistema nervoso simp\u00e1tico. Ent\u00e3o as pessoas se sentem renovadas depois de uma dose de caf\u00e9\u201d, disse Octavio Marques Pontes Neto, neurologista e professor da Faculdade de Medicina de Ribeir\u00e3o Preto da Universidade de S\u00e3o Paulo (USP).<\/p>\n<p>Cafe\u00edna \u2018engana\u2019 o c\u00e9rebro<\/p>\n<p>Antes de falar de cafe\u00edna, precisamos falar da adenosina.<\/p>\n<p>\u2022 A adenosina \u00e9 um neurotransmissor produzido pelo pr\u00f3prio corpo;<\/p>\n<p>\u2022 Ele vai sendo liberado \u00e0 medida que a energia vai sendo gasta ao longo do dia;<\/p>\n<p>\u2022 Conforme a produ\u00e7\u00e3o de adenosina aumenta, aumenta tamb\u00e9m a sensa\u00e7\u00e3o de cansa\u00e7o;<\/p>\n<p>\u2022 O que as duas t\u00eam em comum? As mol\u00e9culas de cafe\u00edna e de adenosina s\u00e3o muito parecidas. Isso faz com que o c\u00e9rebro seja \u201cenganado\u201d ap\u00f3s a ingest\u00e3o de uma x\u00edcara de caf\u00e9.<\/p>\n<p>Efeitos<\/p>\n<p>A cafe\u00edna \u00e9 absorvida pela corrente sangu\u00ednea de 15 at\u00e9 40 minutos. No c\u00e9rebro, ela se liga a receptores cerebrais que, at\u00e9 ent\u00e3o, estavam recebendo a adenosina.<\/p>\n<p>\u00c9 nessa etapa que a m\u00e1gica acontece: a cafe\u00edna, de certa forma, \u201cengana\u201d o c\u00e9rebro e inibe a a\u00e7\u00e3o da adenosina.<\/p>\n<p>Apesar das duas subst\u00e2ncias serem bem parecidas fisicamente, na pr\u00e1tica provocam efeitos opostos: enquanto a adenosina \u00e9 ligada \u00e0 sonol\u00eancia, a cafe\u00edna nos estimula a ficar acordado.<\/p>\n<p>\u201cA cafe\u00edna impede que a adenosina fa\u00e7a esse efeito de cansa\u00e7o\u201d, explicou o neurologista Octavio Marques Pontes Neto.<\/p>\n<p>\u201cVoc\u00ea fica em estado de alerta porque o caf\u00e9 bloqueia a a\u00e7\u00e3o da adenosina, que \u00e9 uma subst\u00e2ncia relacionada \u00e0 fadiga\u201d, afirmou.<\/p>\n<p>Por isso, ap\u00f3s uma x\u00edcara de caf\u00e9, o sono passa e voc\u00ea fica hiperativo e mais concentrado.<\/p>\n<p>O est\u00edmulo provocado pela cafe\u00edna pode durar at\u00e9 seis horas, de maneira geral.<\/p>\n<p>Esse tempo pode ser maior em pessoas que tomam anticoncepcional ou outros horm\u00f4nios. Em gestantes, o efeito pode permanecer de 12 at\u00e9 15 horas.<\/p>\n<p>Fonte: WWW.g1.com.br<\/p>\n<p><!-- CONTENT END 1 --><\/p>\n<hr\/><\/div>\n<p><br \/>\n<br \/><a href=\"https:\/\/www.jornaldafranca.com.br\/cafe-realmente-e-uma-boa-fonte-de-energia-estudo-diz-a-verdade-sobre-essa-afirmacao\/\">Source link <\/a><\/p>\n","protected":false},"excerpt":{"rendered":"<p>compartilhar no whatsapp compartilhar no telegram compartilhar no facebook compartilhar no linkedin Bebida \u00e9 a segunda mais consumida do Brasil, perdendo somente, \u00e9 claro, para&#8230;<\/p>\n","protected":false},"author":1,"featured_media":72614,"comment_status":"open","ping_status":"open","sticky":false,"template":"","format":"standard","meta":{"advanced_seo_description":"","jetpack_seo_html_title":"","jetpack_seo_noindex":false,"jetpack_post_was_ever_published":false,"_jetpack_newsletter_access":"","_jetpack_dont_email_post_to_subs":false,"_jetpack_newsletter_tier_id":0,"_jetpack_memberships_contains_paywalled_content":false,"_jetpack_memberships_contains_paid_content":false,"footnotes":"","jetpack_publicize_message":"","jetpack_publicize_feature_enabled":true,"jetpack_social_post_already_shared":true,"jetpack_social_options":{"image_generator_settings":{"template":"highway","default_image_id":0,"font":"","enabled":false},"version":2}},"categories":[3597],"tags":[],"class_list":["post-72613","post","type-post","status-publish","format-standard","has-post-thumbnail","hentry","category-noticias-franca-sp"],"jetpack_publicize_connections":[],"jetpack_featured_media_url":"https:\/\/i0.wp.com\/noticiasribeiraopreto.com.br\/wp-content\/uploads\/2025\/06\/cafe-freepik-scaled.jpg?fit=2560%2C1709&ssl=1","jetpack-related-posts":[{"id":69291,"url":"https:\/\/noticiasribeiraopreto.com.br\/index.php\/2025\/05\/04\/jornal-da-franca-pauta-nacional-investigacao-sobre-desvios-no-inss-aquece-clima-na-camara-de-franca\/","url_meta":{"origin":72613,"position":0},"title":"Jornal da Franca &#8211; Pauta nacional, investiga\u00e7\u00e3o sobre desvios no INSS aquece clima na C\u00e2mara de Franca","author":"noticiasribeiraopreto.com.br","date":"4 de May de 2025","format":false,"excerpt":"compartilhar no whatsapp compartilhar no telegram compartilhar no facebook compartilhar no linkedin Leandro O Patriota fala sobre dificuldades no tratamento de pacientes e desvios de recursos do \u00f3rg\u00e3o p\u00fablico O vereador Leandro O Patriota tratou de dois temas importantes durante a sess\u00e3o ordin\u00e1ria da C\u00e2mara Municipal: a sa\u00fade p\u00fablica e\u2026","rel":"","context":"In &quot;Not\u00edcias de Franca-SP&quot;","block_context":{"text":"Not\u00edcias de Franca-SP","link":"https:\/\/noticiasribeiraopreto.com.br\/index.php\/category\/noticias-de-ribeirao-preto-sp-e-regiao-ismael-colosi\/noticias-franca-sp\/"},"img":{"alt_text":"","src":"https:\/\/i0.wp.com\/noticiasribeiraopreto.com.br\/wp-content\/uploads\/2025\/05\/brasil-inss-previdencia-social-20181011-0002.jpg?fit=1200%2C800&ssl=1&resize=350%2C200","width":350,"height":200,"srcset":"https:\/\/i0.wp.com\/noticiasribeiraopreto.com.br\/wp-content\/uploads\/2025\/05\/brasil-inss-previdencia-social-20181011-0002.jpg?fit=1200%2C800&ssl=1&resize=350%2C200 1x, https:\/\/i0.wp.com\/noticiasribeiraopreto.com.br\/wp-content\/uploads\/2025\/05\/brasil-inss-previdencia-social-20181011-0002.jpg?fit=1200%2C800&ssl=1&resize=525%2C300 1.5x, https:\/\/i0.wp.com\/noticiasribeiraopreto.com.br\/wp-content\/uploads\/2025\/05\/brasil-inss-previdencia-social-20181011-0002.jpg?fit=1200%2C800&ssl=1&resize=700%2C400 2x, https:\/\/i0.wp.com\/noticiasribeiraopreto.com.br\/wp-content\/uploads\/2025\/05\/brasil-inss-previdencia-social-20181011-0002.jpg?fit=1200%2C800&ssl=1&resize=1050%2C600 3x"},"classes":[]},{"id":71580,"url":"https:\/\/noticiasribeiraopreto.com.br\/index.php\/2025\/06\/07\/jornal-da-franca-lucas-dias-destaca-superacao-do-sesi-franca-e-preparacao-para-enfrentar-decisao\/","url_meta":{"origin":72613,"position":1},"title":"Jornal da Franca &#8211; Lucas Dias destaca supera\u00e7\u00e3o do Sesi Franca e prepara\u00e7\u00e3o para enfrentar decis\u00e3o","author":"noticiasribeiraopreto.com.br","date":"7 de June de 2025","format":false,"excerpt":"compartilhar no whatsapp compartilhar no telegram compartilhar no facebook compartilhar no linkedin Piv\u00f4 e capit\u00e3o da equipe de Franca disputa sua quarta decis\u00e3o seguida NBB O piv\u00f4 do Sesi Franca, Lucas Dias, falou sobre a decis\u00e3o do NBB CAIXA 2024\/25 contra o KTO Minas, que come\u00e7a \u00e0s 17 horas deste\u2026","rel":"","context":"In &quot;Not\u00edcias de Franca-SP&quot;","block_context":{"text":"Not\u00edcias de Franca-SP","link":"https:\/\/noticiasribeiraopreto.com.br\/index.php\/category\/noticias-de-ribeirao-preto-sp-e-regiao-ismael-colosi\/noticias-franca-sp\/"},"img":{"alt_text":"","src":"https:\/\/i0.wp.com\/noticiasribeiraopreto.com.br\/wp-content\/uploads\/2025\/06\/1749324930_pLENARIO-13-scaled.jpg?fit=1200%2C800&ssl=1&resize=350%2C200","width":350,"height":200,"srcset":"https:\/\/i0.wp.com\/noticiasribeiraopreto.com.br\/wp-content\/uploads\/2025\/06\/1749324930_pLENARIO-13-scaled.jpg?fit=1200%2C800&ssl=1&resize=350%2C200 1x, https:\/\/i0.wp.com\/noticiasribeiraopreto.com.br\/wp-content\/uploads\/2025\/06\/1749324930_pLENARIO-13-scaled.jpg?fit=1200%2C800&ssl=1&resize=525%2C300 1.5x, https:\/\/i0.wp.com\/noticiasribeiraopreto.com.br\/wp-content\/uploads\/2025\/06\/1749324930_pLENARIO-13-scaled.jpg?fit=1200%2C800&ssl=1&resize=700%2C400 2x, https:\/\/i0.wp.com\/noticiasribeiraopreto.com.br\/wp-content\/uploads\/2025\/06\/1749324930_pLENARIO-13-scaled.jpg?fit=1200%2C800&ssl=1&resize=1050%2C600 3x"},"classes":[]},{"id":72602,"url":"https:\/\/noticiasribeiraopreto.com.br\/index.php\/2025\/06\/18\/jornal-da-franca-uma-cidade-dominante-no-basquete-sesi-franca-vence-o-minas-e-conquista-tetra-do-nbb\/","url_meta":{"origin":72613,"position":2},"title":"Jornal da Franca &#8211; Uma cidade dominante no basquete: Sesi Franca vence o Minas e conquista tetra do NBB","author":"noticiasribeiraopreto.com.br","date":"18 de June de 2025","format":false,"excerpt":"compartilhar no whatsapp compartilhar no telegram compartilhar no facebook compartilhar no linkedin Equipe francana fecha playoff por 3 a 1 e reafirma momento hist\u00f3rico da Capital do Basquete Pode comemorar torcedor: o Sesi Franca venceu o Minas T\u00eanis no Pedroc\u00e3o por 86 a 73 e fechou a s\u00e9rie decisiva do\u2026","rel":"","context":"In &quot;Not\u00edcias de Franca-SP&quot;","block_context":{"text":"Not\u00edcias de Franca-SP","link":"https:\/\/noticiasribeiraopreto.com.br\/index.php\/category\/noticias-de-ribeirao-preto-sp-e-regiao-ismael-colosi\/noticias-franca-sp\/"},"img":{"alt_text":"","src":"https:\/\/i0.wp.com\/noticiasribeiraopreto.com.br\/wp-content\/uploads\/2025\/06\/IMG-20250618-WA0035-scaled.jpg?fit=1200%2C960&ssl=1&resize=350%2C200","width":350,"height":200,"srcset":"https:\/\/i0.wp.com\/noticiasribeiraopreto.com.br\/wp-content\/uploads\/2025\/06\/IMG-20250618-WA0035-scaled.jpg?fit=1200%2C960&ssl=1&resize=350%2C200 1x, https:\/\/i0.wp.com\/noticiasribeiraopreto.com.br\/wp-content\/uploads\/2025\/06\/IMG-20250618-WA0035-scaled.jpg?fit=1200%2C960&ssl=1&resize=525%2C300 1.5x, https:\/\/i0.wp.com\/noticiasribeiraopreto.com.br\/wp-content\/uploads\/2025\/06\/IMG-20250618-WA0035-scaled.jpg?fit=1200%2C960&ssl=1&resize=700%2C400 2x, https:\/\/i0.wp.com\/noticiasribeiraopreto.com.br\/wp-content\/uploads\/2025\/06\/IMG-20250618-WA0035-scaled.jpg?fit=1200%2C960&ssl=1&resize=1050%2C600 3x"},"classes":[]},{"id":71692,"url":"https:\/\/noticiasribeiraopreto.com.br\/index.php\/2025\/06\/09\/jornal-da-franca-franca-shopping-sorteia-viagem-romantica-para-gramado-neste-mes-dos-namorados\/","url_meta":{"origin":72613,"position":3},"title":"Jornal da Franca &#8211; Franca Shopping sorteia viagem rom\u00e2ntica para Gramado neste M\u00eas dos Namorados","author":"noticiasribeiraopreto.com.br","date":"9 de June de 2025","format":false,"excerpt":"compartilhar no whatsapp compartilhar no telegram compartilhar no facebook compartilhar no linkedin Al\u00e9m do sorteio da viagem, o Franca Shopping contar\u00e1 com o tradicional Cine ao Ar Livre, realizado em parceria com a ACIF Em celebra\u00e7\u00e3o ao M\u00eas dos Namorados, o Franca Shopping promove uma campanha especial que une afeto,\u2026","rel":"","context":"In &quot;Not\u00edcias de Franca-SP&quot;","block_context":{"text":"Not\u00edcias de Franca-SP","link":"https:\/\/noticiasribeiraopreto.com.br\/index.php\/category\/noticias-de-ribeirao-preto-sp-e-regiao-ismael-colosi\/noticias-franca-sp\/"},"img":{"alt_text":"","src":"https:\/\/i0.wp.com\/noticiasribeiraopreto.com.br\/wp-content\/uploads\/2025\/06\/Gramado.jpeg?fit=800%2C600&ssl=1&resize=350%2C200","width":350,"height":200,"srcset":"https:\/\/i0.wp.com\/noticiasribeiraopreto.com.br\/wp-content\/uploads\/2025\/06\/Gramado.jpeg?fit=800%2C600&ssl=1&resize=350%2C200 1x, https:\/\/i0.wp.com\/noticiasribeiraopreto.com.br\/wp-content\/uploads\/2025\/06\/Gramado.jpeg?fit=800%2C600&ssl=1&resize=525%2C300 1.5x, https:\/\/i0.wp.com\/noticiasribeiraopreto.com.br\/wp-content\/uploads\/2025\/06\/Gramado.jpeg?fit=800%2C600&ssl=1&resize=700%2C400 2x"},"classes":[]},{"id":65179,"url":"https:\/\/noticiasribeiraopreto.com.br\/index.php\/2025\/03\/17\/jornal-da-franca-franca-tem-programacao-especial-para-o-dia-mundial-da-agua-durante-a-semana\/","url_meta":{"origin":72613,"position":4},"title":"Jornal da Franca &#8211; Franca tem programa\u00e7\u00e3o especial para o Dia Mundial da \u00c1gua durante a semana","author":"noticiasribeiraopreto.com.br","date":"17 de March de 2025","format":false,"excerpt":"compartilhar no whatsapp compartilhar no telegram compartilhar no facebook compartilhar no linkedin Visitas, palestra e plantio de \u00e1rvores fazem parte das atividades gratuitas Franca ter\u00e1 programa\u00e7\u00e3o especial durante toda a semana pelo Dia Mundial da \u00c1gua, celebrado no dia 22 de mar\u00e7o \u00a0 Franca inicia nesta segunda-feira (17) uma programa\u00e7\u00e3o\u2026","rel":"","context":"In &quot;Not\u00edcias de Franca-SP&quot;","block_context":{"text":"Not\u00edcias de Franca-SP","link":"https:\/\/noticiasribeiraopreto.com.br\/index.php\/category\/noticias-de-ribeirao-preto-sp-e-regiao-ismael-colosi\/noticias-franca-sp\/"},"img":{"alt_text":"","src":"https:\/\/i0.wp.com\/noticiasribeiraopreto.com.br\/wp-content\/uploads\/2025\/03\/Franca-aerea-centro-praca.jpeg?fit=1200%2C794&ssl=1&resize=350%2C200","width":350,"height":200,"srcset":"https:\/\/i0.wp.com\/noticiasribeiraopreto.com.br\/wp-content\/uploads\/2025\/03\/Franca-aerea-centro-praca.jpeg?fit=1200%2C794&ssl=1&resize=350%2C200 1x, https:\/\/i0.wp.com\/noticiasribeiraopreto.com.br\/wp-content\/uploads\/2025\/03\/Franca-aerea-centro-praca.jpeg?fit=1200%2C794&ssl=1&resize=525%2C300 1.5x, https:\/\/i0.wp.com\/noticiasribeiraopreto.com.br\/wp-content\/uploads\/2025\/03\/Franca-aerea-centro-praca.jpeg?fit=1200%2C794&ssl=1&resize=700%2C400 2x, https:\/\/i0.wp.com\/noticiasribeiraopreto.com.br\/wp-content\/uploads\/2025\/03\/Franca-aerea-centro-praca.jpeg?fit=1200%2C794&ssl=1&resize=1050%2C600 3x"},"classes":[]},{"id":65867,"url":"https:\/\/noticiasribeiraopreto.com.br\/index.php\/2025\/03\/25\/jornal-da-franca-mais-uma-praca-recebe-nova-iluminacao-em-franca-dessa-vez-no-jardim-vera-cruz-2\/","url_meta":{"origin":72613,"position":5},"title":"Jornal da Franca &#8211; Mais uma pra\u00e7a recebe nova ilumina\u00e7\u00e3o em Franca, dessa vez no Jardim Vera Cruz 2","author":"noticiasribeiraopreto.com.br","date":"25 de March de 2025","format":false,"excerpt":"compartilhar no whatsapp compartilhar no telegram compartilhar no facebook compartilhar no linkedin A substitui\u00e7\u00e3o foi realizada em 16 postes, totalizando a troca de 48 l\u00e2mpadas de vapor de s\u00f3dio por modelos de LED Pra\u00e7a localizada entre a Avenida Nelson Japaulo e a Rua Luiz Melani recebeu 48 l\u00e2mpadas de LED\u2026","rel":"","context":"In &quot;Not\u00edcias de Franca-SP&quot;","block_context":{"text":"Not\u00edcias de Franca-SP","link":"https:\/\/noticiasribeiraopreto.com.br\/index.php\/category\/noticias-de-ribeirao-preto-sp-e-regiao-ismael-colosi\/noticias-franca-sp\/"},"img":{"alt_text":"","src":"https:\/\/i0.wp.com\/noticiasribeiraopreto.com.br\/wp-content\/uploads\/2025\/03\/Troca-de-iluminacao.jpeg?fit=1200%2C794&ssl=1&resize=350%2C200","width":350,"height":200,"srcset":"https:\/\/i0.wp.com\/noticiasribeiraopreto.com.br\/wp-content\/uploads\/2025\/03\/Troca-de-iluminacao.jpeg?fit=1200%2C794&ssl=1&resize=350%2C200 1x, https:\/\/i0.wp.com\/noticiasribeiraopreto.com.br\/wp-content\/uploads\/2025\/03\/Troca-de-iluminacao.jpeg?fit=1200%2C794&ssl=1&resize=525%2C300 1.5x, https:\/\/i0.wp.com\/noticiasribeiraopreto.com.br\/wp-content\/uploads\/2025\/03\/Troca-de-iluminacao.jpeg?fit=1200%2C794&ssl=1&resize=700%2C400 2x, https:\/\/i0.wp.com\/noticiasribeiraopreto.com.br\/wp-content\/uploads\/2025\/03\/Troca-de-iluminacao.jpeg?fit=1200%2C794&ssl=1&resize=1050%2C600 3x"},"classes":[]}],"jetpack_sharing_enabled":true,"jetpack_shortlink":"https:\/\/wp.me\/peQAOb-iTb","_links":{"self":[{"href":"https:\/\/noticiasribeiraopreto.com.br\/index.php\/wp-json\/wp\/v2\/posts\/72613","targetHints":{"allow":["GET"]}}],"collection":[{"href":"https:\/\/noticiasribeiraopreto.com.br\/index.php\/wp-json\/wp\/v2\/posts"}],"about":[{"href":"https:\/\/noticiasribeiraopreto.com.br\/index.php\/wp-json\/wp\/v2\/types\/post"}],"author":[{"embeddable":true,"href":"https:\/\/noticiasribeiraopreto.com.br\/index.php\/wp-json\/wp\/v2\/users\/1"}],"replies":[{"embeddable":true,"href":"https:\/\/noticiasribeiraopreto.com.br\/index.php\/wp-json\/wp\/v2\/comments?post=72613"}],"version-history":[{"count":0,"href":"https:\/\/noticiasribeiraopreto.com.br\/index.php\/wp-json\/wp\/v2\/posts\/72613\/revisions"}],"wp:featuredmedia":[{"embeddable":true,"href":"https:\/\/noticiasribeiraopreto.com.br\/index.php\/wp-json\/wp\/v2\/media\/72614"}],"wp:attachment":[{"href":"https:\/\/noticiasribeiraopreto.com.br\/index.php\/wp-json\/wp\/v2\/media?parent=72613"}],"wp:term":[{"taxonomy":"category","embeddable":true,"href":"https:\/\/noticiasribeiraopreto.com.br\/index.php\/wp-json\/wp\/v2\/categories?post=72613"},{"taxonomy":"post_tag","embeddable":true,"href":"https:\/\/noticiasribeiraopreto.com.br\/index.php\/wp-json\/wp\/v2\/tags?post=72613"}],"curies":[{"name":"wp","href":"https:\/\/api.w.org\/{rel}","templated":true}]}}