{"id":72615,"date":"2025-06-19T01:53:24","date_gmt":"2025-06-19T04:53:24","guid":{"rendered":"https:\/\/noticiasribeiraopreto.com.br\/index.php\/2025\/06\/19\/jornal-da-franca-dica-aos-francanos-pessoas-nervosas-ao-volante-tem-mais-chance-de-causar-acidentes\/"},"modified":"2025-06-19T01:53:24","modified_gmt":"2025-06-19T04:53:24","slug":"jornal-da-franca-dica-aos-francanos-pessoas-nervosas-ao-volante-tem-mais-chance-de-causar-acidentes","status":"publish","type":"post","link":"https:\/\/noticiasribeiraopreto.com.br\/index.php\/2025\/06\/19\/jornal-da-franca-dica-aos-francanos-pessoas-nervosas-ao-volante-tem-mais-chance-de-causar-acidentes\/","title":{"rendered":"Jornal da Franca &#8211; Dica aos francanos: pessoas nervosas ao volante t\u00eam mais chance de causar acidentes"},"content":{"rendered":"<p> <br \/>\n<\/p>\n<div>\n\t                            <a class=\"mb-1\" href=\"https:\/\/api.whatsapp.com\/send?text=Olha essa Not\u00edcia no Jornal da Franca.%0D%0D*Dica aos francanos: pessoas nervosas ao volante t\u00eam mais chance de causar acidentes*%0D%0Dclique na url abaixo%0Dhttps:\/\/www.jornaldafranca.com.br\/dica-aos-motoristas-pessoas-nervosas-ao-volante-tem-mais-chance-de-causar-acidentes\/\" target=\"_blank\"><span class=\"text-12 badge badge-pill badge-success\"><i class=\"fa fa-whatsapp\"\/> compartilhar no whatsapp<\/span><\/a><\/p>\n<p>\t                            <a class=\"mb-1\" href=\"https:\/\/telegram.me\/share\/url?url=https:\/\/www.jornaldafranca.com.br\/dica-aos-motoristas-pessoas-nervosas-ao-volante-tem-mais-chance-de-causar-acidentes\/&amp;text=Olha essa Not\u00edcia no Jornal da Franca.\" target=\"_blank\"><span class=\"text-12 badge badge-pill badge-info\"><i class=\"fa fa-telegram\"\/> compartilhar no telegram<\/span><\/a><\/p>\n<p>\t                            <a class=\"mb-1\" href=\"https:\/\/www.facebook.com\/sharer\/sharer.php?u=https:\/\/www.jornaldafranca.com.br\/dica-aos-motoristas-pessoas-nervosas-ao-volante-tem-mais-chance-de-causar-acidentes\/\" target=\"_blank\"><span class=\"text-12 badge badge-pill badge-primary\"><i class=\"fa fa-facebook\"\/> compartilhar no facebook<\/span><\/a><\/p>\n<p>\t                            <a class=\"mb-1\" href=\"https:\/\/www.linkedin.com\/shareArticle?mini=true&amp;url=https:\/\/www.jornaldafranca.com.br\/dica-aos-motoristas-pessoas-nervosas-ao-volante-tem-mais-chance-de-causar-acidentes\/&amp;title=Dica aos francanos: pessoas nervosas ao volante t\u00eam mais chance de causar acidentes&amp;source=JORNAL DA FRANCA\" target=\"_blank\"><span class=\"text-12 badge badge-pill badge-secondary\"><i class=\"fa fa-linkedin\"\/> compartilhar no linkedin<\/span><\/a><\/p>\n<div class=\"lead text-20\">\n<p>Boas maneiras no tr\u00e2nsito e dire\u00e7\u00e3o defensiva s\u00e3o essenciais<\/p>\n<\/p><\/div>\n<p><img data-recalc-dims=\"1\" decoding=\"async\" src=\"https:\/\/i0.wp.com\/www.jornaldafranca.com.br\/wp-content\/uploads\/2024\/01\/IMG-20240127-WA0028.jpg?ssl=1\" alt=\"\"\/><\/p>\n<p>Em Franca \u00e9 comum ver motoristas cometendo barbeiragens por estar falando ao telefone enquanto dirigem ou mandam mensagens. Isso \u00e9 irritante!<\/p>\n<p>Mas tamb\u00e9m h\u00e1 o som das buzinas quando o tr\u00e2nsito para, muitas vezes acompanhadas de palavr\u00f5es. Tudo isso \u00e9 o suficiente para testar a paci\u00eancia de qualquer um.<\/p>\n<p>Por\u00e9m, esses sentimentos que podem levar \u00e0 raiva ruas e nas estradas ocasionam, muitas vezes, uma condu\u00e7\u00e3o agressiva causada por estresse ao volante.<\/p>\n<p>Isso geralmente acontece quando os motoristas se sentem menosprezados, como em situa\u00e7\u00f5es com outro carro cortando-os abruptamente, disse Ryan Martin, professor de psicologia e reitor associado da Faculdade de Artes, Humanidades e Ci\u00eancias Sociais da Universidade de Wisconsin-Green Bay.<\/p>\n<p>Algumas pessoas expressam sua raiva na estrada, como acelerar em torno de um carro ou parar para entrar em uma briga, disse Martin, autor de \u201cPor que n\u00f3s ficamos com bravos: como usar sua raiva para mudan\u00e7as positivas\u201d, na tradu\u00e7\u00e3o livre.<\/p>\n<p>\u201cPor estarem com raiva, frustrados e irritados, algumas pessoas tomam decis\u00f5es piores do que fariam em outra situa\u00e7\u00e3o\u201d, disse ele, \u201ce todas essas m\u00e1s decis\u00f5es podem levar a ferimentos acidentais, danos ou morte\u201d.<\/p>\n<p>Outros trazem o estresse que est\u00e3o sentindo em casa ou no trabalho enquanto dirigem, e algo pequeno pode lev\u00e1-los a dirigir de forma agressiva, disse Emanuel Robinson, psic\u00f3logo e l\u00edder de pr\u00e1tica e cientista de pesquisa s\u00eanior do Centro de Desempenho e Seguran\u00e7a Humana em Battelle.<\/p>\n<p>A entidade \u00e9 uma organiza\u00e7\u00e3o sem fins lucrativos que se concentra em pesquisa aplicada em ci\u00eancia e tecnologia.<\/p>\n<p>O poder do anonimato<\/p>\n<p>Muitos motoristas sentem que s\u00e3o an\u00f4nimos na estrada, o que os leva a tomar a\u00e7\u00f5es que de outra forma n\u00e3o fariam, disse Robinson.<\/p>\n<p>\u201cUma pessoa n\u00e3o iria simplesmente para a frente de uma fila em que acabou de entrar\u201d, disse ele. \u201cSeria muito incomum.\u201d<\/p>\n<p>Muitas vezes as pessoas adotam uma persona enquanto dirigem que \u00e9 mais agressiva e rude do que \u00e9 socialmente aceit\u00e1vel porque n\u00e3o se acham identific\u00e1veis e n\u00e3o ver\u00e3o os outros motoristas novamente.<\/p>\n<p>Os motoristas tamb\u00e9m podem ter uma falsa sensa\u00e7\u00e3o de que certas a\u00e7\u00f5es, como pisar no freio para desacelerar e depois acelerar, s\u00e3o f\u00e1ceis e seguras de fazer, disse Martin.<\/p>\n<p>\u201cA ironia \u00e9 que n\u00e3o \u00e9 nada seguro\u201d, disse ele, \u201ce h\u00e1 consequ\u00eancias muito reais que podem surgir\u201d.<\/p>\n<p>Acalmando sua raiva na estrada<\/p>\n<p>Quando se est\u00e1 com raiva, muitas vezes h\u00e1 dificuldade em olhar para uma situa\u00e7\u00e3o de uma perspectiva diferente, disse Robinson. Nesses momentos, comece respirando fundo e n\u00e3o respondendo imediatamente, aconselhou.<\/p>\n<p>H\u00e1 tamb\u00e9m uma no\u00e7\u00e3o de que voc\u00ea assume o pior dos outros e culpa a personalidade deles, disse Robinson, em vez de atribuir falhas em si mesmo a fatores externos.<\/p>\n<p>\u201cEssa pessoa me ultrapassou porque \u00e9 uma pessoa ruim\u201d, disse ele. \u201cMas se eu ultrapassar algu\u00e9m, cometi um erro.\u201d<\/p>\n<p>Ouvir m\u00fasica calmante ou podcasts enquanto dirige tamb\u00e9m pode ser relaxante, indicou. \u00c9 dif\u00edcil ficar com raiva quando fascinado por um podcast porque voc\u00ea est\u00e1 focado em ouvi-lo, disse ele.<\/p>\n<p>Por fim, se os engarrafamentos nas rodovias criarem raiva e estresse, tente fazer uma rota equivalente nas estradas locais com menos carros, se poss\u00edvel, afirmou o psic\u00f3logo.<\/p>\n<p>Planejando \u00e0 frente<\/p>\n<p>Se voc\u00ea notar um padr\u00e3o de dire\u00e7\u00e3o agressiva, deve criar estrat\u00e9gias de enfrentamento antes de pegar a estrada, disse Martin.<\/p>\n<p>\u201cDirigir \u00e9 um dos piores momentos para tentar lidar com a raiva porque voc\u00ea n\u00e3o est\u00e1 pensando com clareza\u201d, disse ele.<\/p>\n<p>Os motoristas podem planejar como v\u00e3o reagir com anteced\u00eancia, disse Martin. Por exemplo, se outro motorista fizer uma ultrapassagem, eles dir\u00e3o a si mesmos que s\u00e3o o tipo de pessoa que deixa passar, disse ele.<\/p>\n<p>Al\u00e9m disso, saia mais cedo ao dirigir para um destino para limitar o estresse que pode advir do atraso, acrescentou Martin.<\/p>\n<p>Se voc\u00ea estiver atrasado, respire fundo e evite pensamentos como: \u201cO tr\u00e2nsito vai arruinar meu dia\u201d, disse ele.<\/p>\n<p>\u201cSim, isso \u00e9 frustrante, mas na verdade s\u00f3 vai me atrasar\u201d, disse Martin para si mesmo, \u201ce isso n\u00e3o \u00e9 a pior coisa do mundo\u201d.<\/p>\n<p>Fonte: Portal CNN<\/p>\n<p><!-- CONTENT END 1 --><\/p>\n<hr\/><\/div>\n<p><br \/>\n<br \/><a href=\"https:\/\/www.jornaldafranca.com.br\/dica-aos-motoristas-pessoas-nervosas-ao-volante-tem-mais-chance-de-causar-acidentes\/\">Source link <\/a><\/p>\n","protected":false},"excerpt":{"rendered":"<p>compartilhar no whatsapp compartilhar no telegram compartilhar no facebook compartilhar no linkedin Boas maneiras no tr\u00e2nsito e dire\u00e7\u00e3o defensiva s\u00e3o essenciais Em Franca \u00e9 comum&#8230;<\/p>\n","protected":false},"author":1,"featured_media":72616,"comment_status":"open","ping_status":"open","sticky":false,"template":"","format":"standard","meta":{"advanced_seo_description":"","jetpack_seo_html_title":"","jetpack_seo_noindex":false,"jetpack_post_was_ever_published":false,"_jetpack_newsletter_access":"","_jetpack_dont_email_post_to_subs":false,"_jetpack_newsletter_tier_id":0,"_jetpack_memberships_contains_paywalled_content":false,"_jetpack_memberships_contains_paid_content":false,"footnotes":"","jetpack_publicize_message":"","jetpack_publicize_feature_enabled":true,"jetpack_social_post_already_shared":true,"jetpack_social_options":{"image_generator_settings":{"template":"highway","default_image_id":0,"font":"","enabled":false},"version":2}},"categories":[3597],"tags":[],"class_list":["post-72615","post","type-post","status-publish","format-standard","has-post-thumbnail","hentry","category-noticias-franca-sp"],"jetpack_publicize_connections":[],"jetpack_featured_media_url":"https:\/\/i0.wp.com\/noticiasribeiraopreto.com.br\/wp-content\/uploads\/2025\/06\/IMG-20240127-WA0028.jpg?fit=890%2C641&ssl=1","jetpack-related-posts":[{"id":64438,"url":"https:\/\/noticiasribeiraopreto.com.br\/index.php\/2025\/03\/08\/jornal-da-franca-confira-as-apresentacoes-musicais-gratuitas-em-franca-neste-fim-de-semana\/","url_meta":{"origin":72615,"position":0},"title":"Jornal da Franca &#8211; Confira as apresenta\u00e7\u00f5es musicais gratuitas em Franca neste fim de semana","author":"noticiasribeiraopreto.com.br","date":"8 de March de 2025","format":false,"excerpt":"compartilhar no whatsapp compartilhar no telegram compartilhar no facebook compartilhar no linkedin Duo Vox e Tiago Bertoloni garantem um show especial na Feira Livre e no Poliesportivo Tiago Bertoloni se apresenta no domingo, 9, no Poliesportivo \u00a0 Quem gosta de boa m\u00fasica j\u00e1 tem um \u00f3timo programa para o fim\u2026","rel":"","context":"In &quot;Not\u00edcias de Franca-SP&quot;","block_context":{"text":"Not\u00edcias de Franca-SP","link":"https:\/\/noticiasribeiraopreto.com.br\/index.php\/category\/noticias-de-ribeirao-preto-sp-e-regiao-ismael-colosi\/noticias-franca-sp\/"},"img":{"alt_text":"","src":"https:\/\/i0.wp.com\/noticiasribeiraopreto.com.br\/wp-content\/uploads\/2025\/03\/tiago-bertoloni.jpeg?fit=1079%2C1074&ssl=1&resize=350%2C200","width":350,"height":200,"srcset":"https:\/\/i0.wp.com\/noticiasribeiraopreto.com.br\/wp-content\/uploads\/2025\/03\/tiago-bertoloni.jpeg?fit=1079%2C1074&ssl=1&resize=350%2C200 1x, https:\/\/i0.wp.com\/noticiasribeiraopreto.com.br\/wp-content\/uploads\/2025\/03\/tiago-bertoloni.jpeg?fit=1079%2C1074&ssl=1&resize=525%2C300 1.5x, https:\/\/i0.wp.com\/noticiasribeiraopreto.com.br\/wp-content\/uploads\/2025\/03\/tiago-bertoloni.jpeg?fit=1079%2C1074&ssl=1&resize=700%2C400 2x, https:\/\/i0.wp.com\/noticiasribeiraopreto.com.br\/wp-content\/uploads\/2025\/03\/tiago-bertoloni.jpeg?fit=1079%2C1074&ssl=1&resize=1050%2C600 3x"},"classes":[]},{"id":64349,"url":"https:\/\/noticiasribeiraopreto.com.br\/index.php\/2025\/03\/07\/jornal-da-franca-luiza-trajano-e-maria-lidia-recebem-medalha-de-honra-ao-merito-da-camara-de-franca\/","url_meta":{"origin":72615,"position":1},"title":"Jornal da Franca &#8211; Luiza Trajano e Maria L\u00eddia recebem medalha de honra ao m\u00e9rito da C\u00e2mara de Franca\u00a0","author":"noticiasribeiraopreto.com.br","date":"7 de March de 2025","format":false,"excerpt":"compartilhar no whatsapp compartilhar no telegram compartilhar no facebook compartilhar no linkedin Presidente da C\u00e2mara, Daniel Bassi, entregar\u00e1 medalha de m\u00e9rito \u201cEmpreendedorismo Feminino Luiza Trajano Donato\u201d A C\u00e2mara Municipal de Franca realizar\u00e1 sess\u00e3o solene nesta sexta-feira, dia 7 de mar\u00e7o, para homenagear duas empreendedoras locais: Luizinha Helena Trajano (Magalu) e\u2026","rel":"","context":"In &quot;Not\u00edcias de Franca-SP&quot;","block_context":{"text":"Not\u00edcias de Franca-SP","link":"https:\/\/noticiasribeiraopreto.com.br\/index.php\/category\/noticias-de-ribeirao-preto-sp-e-regiao-ismael-colosi\/noticias-franca-sp\/"},"img":{"alt_text":"","src":"https:\/\/i0.wp.com\/noticiasribeiraopreto.com.br\/wp-content\/uploads\/2025\/03\/IMG_20250306_161105.jpg?fit=788%2C439&ssl=1&resize=350%2C200","width":350,"height":200,"srcset":"https:\/\/i0.wp.com\/noticiasribeiraopreto.com.br\/wp-content\/uploads\/2025\/03\/IMG_20250306_161105.jpg?fit=788%2C439&ssl=1&resize=350%2C200 1x, https:\/\/i0.wp.com\/noticiasribeiraopreto.com.br\/wp-content\/uploads\/2025\/03\/IMG_20250306_161105.jpg?fit=788%2C439&ssl=1&resize=525%2C300 1.5x, https:\/\/i0.wp.com\/noticiasribeiraopreto.com.br\/wp-content\/uploads\/2025\/03\/IMG_20250306_161105.jpg?fit=788%2C439&ssl=1&resize=700%2C400 2x"},"classes":[]},{"id":71742,"url":"https:\/\/noticiasribeiraopreto.com.br\/index.php\/2025\/06\/09\/jornal-da-franca-camara-de-franca-vota-mocao-de-repudio-ao-aumento-da-aliquota-do-iof-pelo-governo\/","url_meta":{"origin":72615,"position":2},"title":"Jornal da Franca &#8211; C\u00e2mara de Franca vota mo\u00e7\u00e3o de rep\u00fadio ao aumento da al\u00edquota do IOF pelo governo","author":"noticiasribeiraopreto.com.br","date":"9 de June de 2025","format":false,"excerpt":"compartilhar no whatsapp compartilhar no telegram compartilhar no facebook compartilhar no linkedin Para Daniel Bassi, s\u00e3o preocupantes os efeitos da medida sobre a popula\u00e7\u00e3o de Franca A C\u00e2mara Municipal de Franca votar\u00e1mo\u00e7\u00e3o de rep\u00fadio ao aumento do Imposto sobre Opera\u00e7\u00f5es Financeiras (IOF) pelo governo federal. A medida, segundo o presidente\u2026","rel":"","context":"In &quot;Not\u00edcias de Franca-SP&quot;","block_context":{"text":"Not\u00edcias de Franca-SP","link":"https:\/\/noticiasribeiraopreto.com.br\/index.php\/category\/noticias-de-ribeirao-preto-sp-e-regiao-ismael-colosi\/noticias-franca-sp\/"},"img":{"alt_text":"","src":"https:\/\/i0.wp.com\/noticiasribeiraopreto.com.br\/wp-content\/uploads\/2025\/06\/bassi19sessao.jpg?fit=986%2C526&ssl=1&resize=350%2C200","width":350,"height":200,"srcset":"https:\/\/i0.wp.com\/noticiasribeiraopreto.com.br\/wp-content\/uploads\/2025\/06\/bassi19sessao.jpg?fit=986%2C526&ssl=1&resize=350%2C200 1x, https:\/\/i0.wp.com\/noticiasribeiraopreto.com.br\/wp-content\/uploads\/2025\/06\/bassi19sessao.jpg?fit=986%2C526&ssl=1&resize=525%2C300 1.5x, https:\/\/i0.wp.com\/noticiasribeiraopreto.com.br\/wp-content\/uploads\/2025\/06\/bassi19sessao.jpg?fit=986%2C526&ssl=1&resize=700%2C400 2x"},"classes":[]},{"id":69220,"url":"https:\/\/noticiasribeiraopreto.com.br\/index.php\/2025\/05\/03\/jornal-da-franca-socorristas-que-salvaram-crianca-em-franca-recebem-mocao-de-aplausos-da-camara\/","url_meta":{"origin":72615,"position":3},"title":"Jornal da Franca &#8211; Socorristas que salvaram crian\u00e7a em Franca\u00a0recebem Mo\u00e7\u00e3o de Aplausos da C\u00e2mara","author":"noticiasribeiraopreto.com.br","date":"3 de May de 2025","format":false,"excerpt":"compartilhar no whatsapp compartilhar no telegram compartilhar no facebook compartilhar no linkedin Mo\u00e7\u00e3o reconhece trabalho de equipe de sa\u00fade que atuou no salvamento de beb\u00ea A C\u00e2mara aprovou a Mo\u00e7\u00e3o de Aplausos n\u00ba 41 de 2025, de autoria do vereador Walker Bombeiro da Libras, para a equipe de sa\u00fade da\u2026","rel":"","context":"In &quot;Not\u00edcias de Franca-SP&quot;","block_context":{"text":"Not\u00edcias de Franca-SP","link":"https:\/\/noticiasribeiraopreto.com.br\/index.php\/category\/noticias-de-ribeirao-preto-sp-e-regiao-ismael-colosi\/noticias-franca-sp\/"},"img":{"alt_text":"","src":"https:\/\/i0.wp.com\/noticiasribeiraopreto.com.br\/wp-content\/uploads\/2025\/05\/mocaoravi17sessao.jpg?fit=1000%2C562&ssl=1&resize=350%2C200","width":350,"height":200,"srcset":"https:\/\/i0.wp.com\/noticiasribeiraopreto.com.br\/wp-content\/uploads\/2025\/05\/mocaoravi17sessao.jpg?fit=1000%2C562&ssl=1&resize=350%2C200 1x, https:\/\/i0.wp.com\/noticiasribeiraopreto.com.br\/wp-content\/uploads\/2025\/05\/mocaoravi17sessao.jpg?fit=1000%2C562&ssl=1&resize=525%2C300 1.5x, https:\/\/i0.wp.com\/noticiasribeiraopreto.com.br\/wp-content\/uploads\/2025\/05\/mocaoravi17sessao.jpg?fit=1000%2C562&ssl=1&resize=700%2C400 2x"},"classes":[]},{"id":65199,"url":"https:\/\/noticiasribeiraopreto.com.br\/index.php\/2025\/03\/17\/jornal-da-franca-chuva-retorna-a-franca-e-traz-alivio-ao-calorao-registrado-nos-ultimos-dias\/","url_meta":{"origin":72615,"position":4},"title":"Jornal da Franca &#8211; Chuva retorna a Franca e traz al\u00edvio ao calor\u00e3o registrado nos \u00faltimos dias\u00a0","author":"noticiasribeiraopreto.com.br","date":"17 de March de 2025","format":false,"excerpt":"compartilhar no whatsapp compartilhar no telegram compartilhar no facebook compartilhar no linkedin Ap\u00f3s dias de calor intenso, a chuva volta a cair na cidade, trazendo benef\u00edcios para francanos A cidade de Franca voltou a receber chuva na tarde de domingo e a precipita\u00e7\u00e3o continuou durante a manh\u00e3 desta segunda-feira, 17\u2026","rel":"","context":"In &quot;Not\u00edcias de Franca-SP&quot;","block_context":{"text":"Not\u00edcias de Franca-SP","link":"https:\/\/noticiasribeiraopreto.com.br\/index.php\/category\/noticias-de-ribeirao-preto-sp-e-regiao-ismael-colosi\/noticias-franca-sp\/"},"img":{"alt_text":"","src":"https:\/\/i0.wp.com\/noticiasribeiraopreto.com.br\/wp-content\/uploads\/2025\/03\/frio-e-chuva.jpg?fit=1200%2C801&ssl=1&resize=350%2C200","width":350,"height":200,"srcset":"https:\/\/i0.wp.com\/noticiasribeiraopreto.com.br\/wp-content\/uploads\/2025\/03\/frio-e-chuva.jpg?fit=1200%2C801&ssl=1&resize=350%2C200 1x, https:\/\/i0.wp.com\/noticiasribeiraopreto.com.br\/wp-content\/uploads\/2025\/03\/frio-e-chuva.jpg?fit=1200%2C801&ssl=1&resize=525%2C300 1.5x, https:\/\/i0.wp.com\/noticiasribeiraopreto.com.br\/wp-content\/uploads\/2025\/03\/frio-e-chuva.jpg?fit=1200%2C801&ssl=1&resize=700%2C400 2x, https:\/\/i0.wp.com\/noticiasribeiraopreto.com.br\/wp-content\/uploads\/2025\/03\/frio-e-chuva.jpg?fit=1200%2C801&ssl=1&resize=1050%2C600 3x"},"classes":[]},{"id":72246,"url":"https:\/\/noticiasribeiraopreto.com.br\/index.php\/2025\/06\/15\/jornal-da-franca-previsao-do-tempo-para-franca-neste-domingo-sol-com-nevoa-e-temperaturas-amenas\/","url_meta":{"origin":72615,"position":5},"title":"Jornal da Franca &#8211; Previs\u00e3o do tempo para Franca neste domingo: sol com n\u00e9voa e temperaturas amenas","author":"noticiasribeiraopreto.com.br","date":"15 de June de 2025","format":false,"excerpt":"compartilhar no whatsapp compartilhar no telegram compartilhar no facebook compartilhar no linkedin A cidade de Franca ter\u00e1 neste domingo um dia de clima ameno, com predom\u00ednio de sol e n\u00e9voa ao amanhecer. A m\u00ednima prevista \u00e9 de 12\u00b0C, com m\u00e1xima de 26\u00b0C. A umidade relativa do ar deve variar entre\u2026","rel":"","context":"In &quot;Not\u00edcias de Franca-SP&quot;","block_context":{"text":"Not\u00edcias de Franca-SP","link":"https:\/\/noticiasribeiraopreto.com.br\/index.php\/category\/noticias-de-ribeirao-preto-sp-e-regiao-ismael-colosi\/noticias-franca-sp\/"},"img":{"alt_text":"","src":"https:\/\/i0.wp.com\/noticiasribeiraopreto.com.br\/wp-content\/uploads\/2025\/06\/vitamina-d-mulher-no-sol-shutterstock.jpg?fit=1200%2C675&ssl=1&resize=350%2C200","width":350,"height":200,"srcset":"https:\/\/i0.wp.com\/noticiasribeiraopreto.com.br\/wp-content\/uploads\/2025\/06\/vitamina-d-mulher-no-sol-shutterstock.jpg?fit=1200%2C675&ssl=1&resize=350%2C200 1x, https:\/\/i0.wp.com\/noticiasribeiraopreto.com.br\/wp-content\/uploads\/2025\/06\/vitamina-d-mulher-no-sol-shutterstock.jpg?fit=1200%2C675&ssl=1&resize=525%2C300 1.5x, https:\/\/i0.wp.com\/noticiasribeiraopreto.com.br\/wp-content\/uploads\/2025\/06\/vitamina-d-mulher-no-sol-shutterstock.jpg?fit=1200%2C675&ssl=1&resize=700%2C400 2x, https:\/\/i0.wp.com\/noticiasribeiraopreto.com.br\/wp-content\/uploads\/2025\/06\/vitamina-d-mulher-no-sol-shutterstock.jpg?fit=1200%2C675&ssl=1&resize=1050%2C600 3x"},"classes":[]}],"jetpack_sharing_enabled":true,"jetpack_shortlink":"https:\/\/wp.me\/peQAOb-iTd","_links":{"self":[{"href":"https:\/\/noticiasribeiraopreto.com.br\/index.php\/wp-json\/wp\/v2\/posts\/72615","targetHints":{"allow":["GET"]}}],"collection":[{"href":"https:\/\/noticiasribeiraopreto.com.br\/index.php\/wp-json\/wp\/v2\/posts"}],"about":[{"href":"https:\/\/noticiasribeiraopreto.com.br\/index.php\/wp-json\/wp\/v2\/types\/post"}],"author":[{"embeddable":true,"href":"https:\/\/noticiasribeiraopreto.com.br\/index.php\/wp-json\/wp\/v2\/users\/1"}],"replies":[{"embeddable":true,"href":"https:\/\/noticiasribeiraopreto.com.br\/index.php\/wp-json\/wp\/v2\/comments?post=72615"}],"version-history":[{"count":0,"href":"https:\/\/noticiasribeiraopreto.com.br\/index.php\/wp-json\/wp\/v2\/posts\/72615\/revisions"}],"wp:featuredmedia":[{"embeddable":true,"href":"https:\/\/noticiasribeiraopreto.com.br\/index.php\/wp-json\/wp\/v2\/media\/72616"}],"wp:attachment":[{"href":"https:\/\/noticiasribeiraopreto.com.br\/index.php\/wp-json\/wp\/v2\/media?parent=72615"}],"wp:term":[{"taxonomy":"category","embeddable":true,"href":"https:\/\/noticiasribeiraopreto.com.br\/index.php\/wp-json\/wp\/v2\/categories?post=72615"},{"taxonomy":"post_tag","embeddable":true,"href":"https:\/\/noticiasribeiraopreto.com.br\/index.php\/wp-json\/wp\/v2\/tags?post=72615"}],"curies":[{"name":"wp","href":"https:\/\/api.w.org\/{rel}","templated":true}]}}