{"id":72619,"date":"2025-06-19T07:13:16","date_gmt":"2025-06-19T10:13:16","guid":{"rendered":"https:\/\/noticiasribeiraopreto.com.br\/index.php\/2025\/06\/19\/ribeirao-preto-169-anos-terra-da-ciencia-berco-do-genoma-sus\/"},"modified":"2025-06-19T07:13:16","modified_gmt":"2025-06-19T10:13:16","slug":"ribeirao-preto-169-anos-terra-da-ciencia-berco-do-genoma-sus","status":"publish","type":"post","link":"https:\/\/noticiasribeiraopreto.com.br\/index.php\/2025\/06\/19\/ribeirao-preto-169-anos-terra-da-ciencia-berco-do-genoma-sus\/","title":{"rendered":"Ribeir\u00e3o Preto 169 anos: Terra da ci\u00eancia, ber\u00e7o do Genoma SUS"},"content":{"rendered":"<p> <br \/>\n<\/p>\n<div>\n<p><strong>Um estudo realizado no Hemocentro da USP Ribeir\u00e3o Preto tem potencial para revolucionar o diagn\u00f3stico de doen\u00e7as gen\u00e9ticas. Liderado pelo m\u00e9dico e pesquisador Leandro Colli, o projeto Genoma SUS est\u00e1 sequenciando o DNA de 21 mil pessoas de diferentes regi\u00f5es do Brasil, entre as quais 6 mil em Ribeir\u00e3o.<\/strong> Os <strong>resultados <\/strong>est\u00e3o <strong>previstos <\/strong>para <strong>novembro <\/strong>deste ano.<\/p>\n<p>Ao <strong>analisar <\/strong>o <strong>DNA <\/strong>dessas pessoas, <mark style=\"background-color:#fcb900\" class=\"has-inline-color has-black-color\">os pesquisadores buscam identificar variantes gen\u00e9ticas espec\u00edficas que aumentam o risco de desenvolver doen\u00e7as como c\u00e2ncer e condi\u00e7\u00f5es cardiovasculares, neuropsiqui\u00e1tricas, entre outras. <\/mark><\/p>\n<p>Segundo Leandro Colli, o estudo em Ribeir\u00e3o j\u00e1 descobriu uma variante que aumenta a chance de c\u00e2ncer renal em popula\u00e7\u00e3o com descend\u00eancia africana, o que pode levar ao uso de medicamentos mais eficazes e personalizados para esses pacientes.<\/p>\n<figure class=\"wp-block-pullquote\">\n<blockquote>\n<p>Encontramos uma variante que \u00e9 espec\u00edfica para um grupo da popula\u00e7\u00e3o africana que migrou para o Brasil. Conseguimos entender nessa popula\u00e7\u00e3o por que ela tem uma chance maior de desenvolver c\u00e2ncer renal. Essa \u00e9 uma variante que est\u00e1 num gene muito importante que tem uma nova droga. Ent\u00e3o, existe a possibilidade de a gente come\u00e7ar a avaliar com o Minist\u00e9rio da Sa\u00fade se essas pessoas se beneficiariam do uso desse medicamento,<\/p>\n<p><cite><strong>explica Colli.<\/strong><\/cite><\/p><\/blockquote>\n<\/figure>\n<figure class=\"wp-block-image\"><img data-recalc-dims=\"1\" fetchpriority=\"high\" decoding=\"async\" width=\"1200\" height=\"894\" src=\"https:\/\/i0.wp.com\/cdn.media-acidadeon.com.br\/ribeiraopreto\/wp-content\/uploads\/sites\/3\/2025\/06\/MEDICO_2025-06-16_15-31-50.webp?resize=1200%2C894&#038;ssl=1\" alt=\"m\u00e9dico Leandro Colli\" class=\"wp-image-119998\" srcset=\"https:\/\/cdn.media-acidadeon.com.br\/ribeiraopreto\/wp-content\/uploads\/sites\/3\/2025\/06\/MEDICO_2025-06-16_15-31-50.webp 1200w, https:\/\/cdn.media-acidadeon.com.br\/ribeiraopreto\/wp-content\/uploads\/sites\/3\/2025\/06\/MEDICO_2025-06-16_15-31-50-300x224.webp 300w, https:\/\/cdn.media-acidadeon.com.br\/ribeiraopreto\/wp-content\/uploads\/sites\/3\/2025\/06\/MEDICO_2025-06-16_15-31-50-1024x763.webp 1024w, https:\/\/cdn.media-acidadeon.com.br\/ribeiraopreto\/wp-content\/uploads\/sites\/3\/2025\/06\/MEDICO_2025-06-16_15-31-50-768x572.webp 768w, https:\/\/cdn.media-acidadeon.com.br\/ribeiraopreto\/wp-content\/uploads\/sites\/3\/2025\/06\/MEDICO_2025-06-16_15-31-50-485x360.webp 485w, https:\/\/cdn.media-acidadeon.com.br\/ribeiraopreto\/wp-content\/uploads\/sites\/3\/2025\/06\/MEDICO_2025-06-16_15-31-50-696x519.webp 696w, https:\/\/cdn.media-acidadeon.com.br\/ribeiraopreto\/wp-content\/uploads\/sites\/3\/2025\/06\/MEDICO_2025-06-16_15-31-50-1068x796.webp 1068w\" sizes=\"(max-width: 1200px) 100vw, 1200px\"\/><figcaption class=\"wp-element-caption\">O coordenador da pesquisa Genoma SUS, Leandro Colli: \u2018Espero ajudar como m\u00e9dico a ampliar todo o atendimento da popula\u00e7\u00e3o\u2019, diz<\/figcaption><\/figure>\n<h2 class=\"wp-block-heading\"><strong>Tratamentos mais precisos<\/strong><\/h2>\n<p>O estudo, iniciado em 2024 e que atingiu 53% de avan\u00e7o no in\u00edcio de junho deste ano, permitir\u00e1 compreender como a diversidade gen\u00e9tica brasileira influencia a sa\u00fade da popula\u00e7\u00e3o e contribuir\u00e1 para o desenvolvimento de tratamentos mais precisos e estrat\u00e9gias de preven\u00e7\u00e3o.<\/p>\n<p>Com o avan\u00e7o da pesquisa, Leandro Colli destaca que ser\u00e1 poss\u00edvel identificar quem possui maior risco a certas doen\u00e7as, modificar h\u00e1bitos de vida, realizar tratamentos mais direcionados e at\u00e9 mesmo usar medicamentos espec\u00edficos. Tudo isso contribui para uma medicina de precis\u00e3o, que oferece tratamentos mais eficazes e personalizados.<\/p>\n<figure class=\"wp-block-pullquote\">\n<blockquote>\n<p>Esperamos entregar ao Minist\u00e9rio da Sa\u00fade um panorama importante de variantes associadas a fen\u00f3tipos e tamb\u00e9m sua localiza\u00e7\u00e3o. \u00c0 medida que caminhamos nessa medicina de precis\u00e3o, come\u00e7amos a entender que est\u00e3o chegando drogas de alto custo, que n\u00e3o sabemos o impacto de quantas pessoas v\u00e3o precisar e onde elas est\u00e3o, porque o Brasil \u00e9 grande e tem composi\u00e7\u00f5es \u00e9tnicas diferentes. Ent\u00e3o, se h\u00e1 uma regi\u00e3o que tem mais pessoas com uma variante que v\u00e3o precisar de mais droga, isso pode ajudar a entender qual \u00e9 o impacto, pode definir tamb\u00e9m qual \u00e9 a prioridade de incorpora\u00e7\u00e3o, de desenvolvimento, pois, ningu\u00e9m est\u00e1 desenvolvendo uma droga para essa doen\u00e7a que j\u00e1 entendemos qual \u00e9 o mecanismo. Ent\u00e3o, precisamos n\u00f3s desenvolvermos. \u00c9 um trabalho de base grande, de impacto, a curto e m\u00e9dio prazo,<\/p>\n<p><cite><strong>afirma o m\u00e9dico.<\/strong><\/cite><\/p><\/blockquote>\n<\/figure>\n<h3 class=\"wp-block-heading\"><strong>Refer\u00eancia gen\u00f4mica<\/strong><\/h3>\n<p>O trabalho coordenado pela USP Ribeir\u00e3o Preto \u00e9 especialmente importante, pois a cidade \u00e9 um centro de pesquisa biom\u00e9dica de ponta no Brasil, com tecnologia avan\u00e7ada e profissionais altamente treinados. O pesquisador Leandro Colli ressalta que Ribeir\u00e3o possui um parque de equipamento completo, considerado um dos mais avan\u00e7ados do pa\u00eds na \u00e1rea de gen\u00f4mica.<\/p>\n<figure class=\"wp-block-pullquote\">\n<blockquote>\n<p>Fomos escolhidos pelo Minist\u00e9rio da Sa\u00fade para coordenar esse projeto que envolve mais de 90 pessoas contratadas, com um total de mais de 180 pesquisadores envolvidos em nove centros. Ribeir\u00e3o tem a fun\u00e7\u00e3o de coordenar, n\u00e3o s\u00f3 o treinamento, mas o processo operacional, sequenciamento, an\u00e1lise e a parte estrat\u00e9gica de investimento em tecnologia, tudo baseado no know-how e na experi\u00eancia da Faculdade de Medicina de Ribeir\u00e3o Preto da Universidade de S\u00e3o Paulo,<\/p>\n<p><cite><strong>comemora o pesquisador.<\/strong><\/cite><\/p><\/blockquote>\n<\/figure>\n<figure class=\"wp-block-gallery has-nested-images columns-default is-cropped wp-block-gallery-1 is-layout-flex wp-block-gallery-is-layout-flex\">\n<figure class=\"wp-block-image size-large\"><img data-recalc-dims=\"1\" loading=\"lazy\" decoding=\"async\" width=\"1024\" height=\"768\" data-id=\"120005\" src=\"https:\/\/i0.wp.com\/cdn.media-acidadeon.com.br\/ribeiraopreto\/wp-content\/uploads\/sites\/3\/2025\/06\/WhatsApp-Image-2025-06-16-at-12.22.01_2025-06-16_15-36-43-1024x768.webp?resize=1024%2C768&#038;ssl=1\" alt=\"\" class=\"wp-image-120005\" srcset=\"https:\/\/cdn.media-acidadeon.com.br\/ribeiraopreto\/wp-content\/uploads\/sites\/3\/2025\/06\/WhatsApp-Image-2025-06-16-at-12.22.01_2025-06-16_15-36-43-1024x768.webp 1024w, https:\/\/cdn.media-acidadeon.com.br\/ribeiraopreto\/wp-content\/uploads\/sites\/3\/2025\/06\/WhatsApp-Image-2025-06-16-at-12.22.01_2025-06-16_15-36-43-300x225.webp 300w, https:\/\/cdn.media-acidadeon.com.br\/ribeiraopreto\/wp-content\/uploads\/sites\/3\/2025\/06\/WhatsApp-Image-2025-06-16-at-12.22.01_2025-06-16_15-36-43-768x576.webp 768w, https:\/\/cdn.media-acidadeon.com.br\/ribeiraopreto\/wp-content\/uploads\/sites\/3\/2025\/06\/WhatsApp-Image-2025-06-16-at-12.22.01_2025-06-16_15-36-43-696x522.webp 696w, https:\/\/cdn.media-acidadeon.com.br\/ribeiraopreto\/wp-content\/uploads\/sites\/3\/2025\/06\/WhatsApp-Image-2025-06-16-at-12.22.01_2025-06-16_15-36-43-1068x801.webp 1068w, https:\/\/cdn.media-acidadeon.com.br\/ribeiraopreto\/wp-content\/uploads\/sites\/3\/2025\/06\/WhatsApp-Image-2025-06-16-at-12.22.01_2025-06-16_15-36-43.webp 1200w\" sizes=\"auto, (max-width: 1024px) 100vw, 1024px\"\/><\/figure>\n<figure class=\"wp-block-image size-large\"><img data-recalc-dims=\"1\" loading=\"lazy\" decoding=\"async\" width=\"1024\" height=\"768\" data-id=\"120003\" src=\"https:\/\/i0.wp.com\/cdn.media-acidadeon.com.br\/ribeiraopreto\/wp-content\/uploads\/sites\/3\/2025\/06\/WhatsApp-Image-2025-06-16-at-12.22.02_2025-06-16_15-36-43-1024x768.webp?resize=1024%2C768&#038;ssl=1\" alt=\"\" class=\"wp-image-120003\" srcset=\"https:\/\/cdn.media-acidadeon.com.br\/ribeiraopreto\/wp-content\/uploads\/sites\/3\/2025\/06\/WhatsApp-Image-2025-06-16-at-12.22.02_2025-06-16_15-36-43-1024x768.webp 1024w, https:\/\/cdn.media-acidadeon.com.br\/ribeiraopreto\/wp-content\/uploads\/sites\/3\/2025\/06\/WhatsApp-Image-2025-06-16-at-12.22.02_2025-06-16_15-36-43-300x225.webp 300w, https:\/\/cdn.media-acidadeon.com.br\/ribeiraopreto\/wp-content\/uploads\/sites\/3\/2025\/06\/WhatsApp-Image-2025-06-16-at-12.22.02_2025-06-16_15-36-43-768x576.webp 768w, https:\/\/cdn.media-acidadeon.com.br\/ribeiraopreto\/wp-content\/uploads\/sites\/3\/2025\/06\/WhatsApp-Image-2025-06-16-at-12.22.02_2025-06-16_15-36-43-696x522.webp 696w, https:\/\/cdn.media-acidadeon.com.br\/ribeiraopreto\/wp-content\/uploads\/sites\/3\/2025\/06\/WhatsApp-Image-2025-06-16-at-12.22.02_2025-06-16_15-36-43-1068x801.webp 1068w, https:\/\/cdn.media-acidadeon.com.br\/ribeiraopreto\/wp-content\/uploads\/sites\/3\/2025\/06\/WhatsApp-Image-2025-06-16-at-12.22.02_2025-06-16_15-36-43.webp 1200w\" sizes=\"auto, (max-width: 1024px) 100vw, 1024px\"\/><\/figure>\n<figure class=\"wp-block-image size-large\"><img data-recalc-dims=\"1\" loading=\"lazy\" decoding=\"async\" width=\"1024\" height=\"768\" data-id=\"120001\" src=\"https:\/\/i0.wp.com\/cdn.media-acidadeon.com.br\/ribeiraopreto\/wp-content\/uploads\/sites\/3\/2025\/06\/WhatsApp-Image-2025-06-16-at-12.22.00-1_2025-06-16_15-36-43-1024x768.webp?resize=1024%2C768&#038;ssl=1\" alt=\"\" class=\"wp-image-120001\" srcset=\"https:\/\/cdn.media-acidadeon.com.br\/ribeiraopreto\/wp-content\/uploads\/sites\/3\/2025\/06\/WhatsApp-Image-2025-06-16-at-12.22.00-1_2025-06-16_15-36-43-1024x768.webp 1024w, https:\/\/cdn.media-acidadeon.com.br\/ribeiraopreto\/wp-content\/uploads\/sites\/3\/2025\/06\/WhatsApp-Image-2025-06-16-at-12.22.00-1_2025-06-16_15-36-43-300x225.webp 300w, https:\/\/cdn.media-acidadeon.com.br\/ribeiraopreto\/wp-content\/uploads\/sites\/3\/2025\/06\/WhatsApp-Image-2025-06-16-at-12.22.00-1_2025-06-16_15-36-43-768x576.webp 768w, https:\/\/cdn.media-acidadeon.com.br\/ribeiraopreto\/wp-content\/uploads\/sites\/3\/2025\/06\/WhatsApp-Image-2025-06-16-at-12.22.00-1_2025-06-16_15-36-43-696x522.webp 696w, https:\/\/cdn.media-acidadeon.com.br\/ribeiraopreto\/wp-content\/uploads\/sites\/3\/2025\/06\/WhatsApp-Image-2025-06-16-at-12.22.00-1_2025-06-16_15-36-43-1068x801.webp 1068w, https:\/\/cdn.media-acidadeon.com.br\/ribeiraopreto\/wp-content\/uploads\/sites\/3\/2025\/06\/WhatsApp-Image-2025-06-16-at-12.22.00-1_2025-06-16_15-36-43.webp 1200w\" sizes=\"auto, (max-width: 1024px) 100vw, 1024px\"\/><\/figure>\n<figure class=\"wp-block-image size-large\"><img data-recalc-dims=\"1\" loading=\"lazy\" decoding=\"async\" width=\"1024\" height=\"768\" data-id=\"120004\" src=\"https:\/\/i0.wp.com\/cdn.media-acidadeon.com.br\/ribeiraopreto\/wp-content\/uploads\/sites\/3\/2025\/06\/WhatsApp-Image-2025-06-16-at-12.21.59_2025-06-16_15-36-43-1024x768.webp?resize=1024%2C768&#038;ssl=1\" alt=\"\" class=\"wp-image-120004\" srcset=\"https:\/\/cdn.media-acidadeon.com.br\/ribeiraopreto\/wp-content\/uploads\/sites\/3\/2025\/06\/WhatsApp-Image-2025-06-16-at-12.21.59_2025-06-16_15-36-43-1024x768.webp 1024w, https:\/\/cdn.media-acidadeon.com.br\/ribeiraopreto\/wp-content\/uploads\/sites\/3\/2025\/06\/WhatsApp-Image-2025-06-16-at-12.21.59_2025-06-16_15-36-43-300x225.webp 300w, https:\/\/cdn.media-acidadeon.com.br\/ribeiraopreto\/wp-content\/uploads\/sites\/3\/2025\/06\/WhatsApp-Image-2025-06-16-at-12.21.59_2025-06-16_15-36-43-768x576.webp 768w, https:\/\/cdn.media-acidadeon.com.br\/ribeiraopreto\/wp-content\/uploads\/sites\/3\/2025\/06\/WhatsApp-Image-2025-06-16-at-12.21.59_2025-06-16_15-36-43-696x522.webp 696w, https:\/\/cdn.media-acidadeon.com.br\/ribeiraopreto\/wp-content\/uploads\/sites\/3\/2025\/06\/WhatsApp-Image-2025-06-16-at-12.21.59_2025-06-16_15-36-43-1068x801.webp 1068w, https:\/\/cdn.media-acidadeon.com.br\/ribeiraopreto\/wp-content\/uploads\/sites\/3\/2025\/06\/WhatsApp-Image-2025-06-16-at-12.21.59_2025-06-16_15-36-43.webp 1200w\" sizes=\"auto, (max-width: 1024px) 100vw, 1024px\"\/><\/figure>\n<figure class=\"wp-block-image size-large\"><img data-recalc-dims=\"1\" loading=\"lazy\" decoding=\"async\" width=\"1024\" height=\"768\" data-id=\"120002\" src=\"https:\/\/i0.wp.com\/cdn.media-acidadeon.com.br\/ribeiraopreto\/wp-content\/uploads\/sites\/3\/2025\/06\/WhatsApp-Image-2025-06-16-at-12.21.59-1_2025-06-16_15-36-43-1024x768.webp?resize=1024%2C768&#038;ssl=1\" alt=\"\" class=\"wp-image-120002\" srcset=\"https:\/\/cdn.media-acidadeon.com.br\/ribeiraopreto\/wp-content\/uploads\/sites\/3\/2025\/06\/WhatsApp-Image-2025-06-16-at-12.21.59-1_2025-06-16_15-36-43-1024x768.webp 1024w, https:\/\/cdn.media-acidadeon.com.br\/ribeiraopreto\/wp-content\/uploads\/sites\/3\/2025\/06\/WhatsApp-Image-2025-06-16-at-12.21.59-1_2025-06-16_15-36-43-300x225.webp 300w, https:\/\/cdn.media-acidadeon.com.br\/ribeiraopreto\/wp-content\/uploads\/sites\/3\/2025\/06\/WhatsApp-Image-2025-06-16-at-12.21.59-1_2025-06-16_15-36-43-768x576.webp 768w, https:\/\/cdn.media-acidadeon.com.br\/ribeiraopreto\/wp-content\/uploads\/sites\/3\/2025\/06\/WhatsApp-Image-2025-06-16-at-12.21.59-1_2025-06-16_15-36-43-696x522.webp 696w, https:\/\/cdn.media-acidadeon.com.br\/ribeiraopreto\/wp-content\/uploads\/sites\/3\/2025\/06\/WhatsApp-Image-2025-06-16-at-12.21.59-1_2025-06-16_15-36-43-1068x801.webp 1068w, https:\/\/cdn.media-acidadeon.com.br\/ribeiraopreto\/wp-content\/uploads\/sites\/3\/2025\/06\/WhatsApp-Image-2025-06-16-at-12.21.59-1_2025-06-16_15-36-43.webp 1200w\" sizes=\"auto, (max-width: 1024px) 100vw, 1024px\"\/><\/figure>\n<figure class=\"wp-block-image size-large\"><img data-recalc-dims=\"1\" loading=\"lazy\" decoding=\"async\" width=\"1024\" height=\"768\" data-id=\"120006\" src=\"https:\/\/i0.wp.com\/cdn.media-acidadeon.com.br\/ribeiraopreto\/wp-content\/uploads\/sites\/3\/2025\/06\/WhatsApp-Image-2025-06-16-at-12.21.59-2_2025-06-16_15-36-43-1024x768.webp?resize=1024%2C768&#038;ssl=1\" alt=\"\" class=\"wp-image-120006\" srcset=\"https:\/\/cdn.media-acidadeon.com.br\/ribeiraopreto\/wp-content\/uploads\/sites\/3\/2025\/06\/WhatsApp-Image-2025-06-16-at-12.21.59-2_2025-06-16_15-36-43-1024x768.webp 1024w, https:\/\/cdn.media-acidadeon.com.br\/ribeiraopreto\/wp-content\/uploads\/sites\/3\/2025\/06\/WhatsApp-Image-2025-06-16-at-12.21.59-2_2025-06-16_15-36-43-300x225.webp 300w, https:\/\/cdn.media-acidadeon.com.br\/ribeiraopreto\/wp-content\/uploads\/sites\/3\/2025\/06\/WhatsApp-Image-2025-06-16-at-12.21.59-2_2025-06-16_15-36-43-768x576.webp 768w, https:\/\/cdn.media-acidadeon.com.br\/ribeiraopreto\/wp-content\/uploads\/sites\/3\/2025\/06\/WhatsApp-Image-2025-06-16-at-12.21.59-2_2025-06-16_15-36-43-696x522.webp 696w, https:\/\/cdn.media-acidadeon.com.br\/ribeiraopreto\/wp-content\/uploads\/sites\/3\/2025\/06\/WhatsApp-Image-2025-06-16-at-12.21.59-2_2025-06-16_15-36-43-1068x801.webp 1068w, https:\/\/cdn.media-acidadeon.com.br\/ribeiraopreto\/wp-content\/uploads\/sites\/3\/2025\/06\/WhatsApp-Image-2025-06-16-at-12.21.59-2_2025-06-16_15-36-43.webp 1200w\" sizes=\"auto, (max-width: 1024px) 100vw, 1024px\"\/><\/figure>\n<\/figure>\n<h4 class=\"wp-block-heading\"><strong>Mais 50 mil pessoas<\/strong><\/h4>\n<p>A amplia\u00e7\u00e3o do projeto Genoma SUS j\u00e1 est\u00e1 em discuss\u00e3o com o Minist\u00e9rio da Sa\u00fade para sequenciar mais 50 mil pessoas nos pr\u00f3ximos anos, conforme revela o coordenador Leandro Colli.<\/p>\n<p>Ele diz que a USP j\u00e1 adquiriu um moderno sequenciador, que ser\u00e1 o primeiro do Brasil e na Am\u00e9rica Latina com uma nova tecnologia que vai aprimorar ainda mais as pesquisas.<\/p>\n<figure class=\"wp-block-pullquote\">\n<blockquote>\n<p>Uma honra e alegria muito grandes participar do Genoma SUS. \u00c9 um projeto que demanda muito tempo, muita energia. Mas, \u00e9 muito gratificante trabalhar com pesquisadores de alto n\u00edvel de todo o Brasil, empolgados, interessados e empenhados para esse bem comum. \u00c9 uma oportunidade que espero ajudar como m\u00e9dico a ampliar todo o atendimento da popula\u00e7\u00e3o nesse novo cen\u00e1rio que se abre de sa\u00fade de precis\u00e3o,<\/p>\n<p><cite><strong>finaliza o m\u00e9dico.<\/strong><\/cite><\/p><\/blockquote>\n<\/figure>\n<p><!-- CONTENT END 1 -->\n<\/div>\n<p><br \/>\n<br \/><a href=\"https:\/\/www.acidadeon.com\/ribeiraopreto\/cotidiano\/ribeirao-preto-169-anos-terra-da-ciencia-berco-do-genoma-sus\/\">Source link <\/a><\/p>\n","protected":false},"excerpt":{"rendered":"<p>Um estudo realizado no Hemocentro da USP Ribeir\u00e3o Preto tem potencial para revolucionar o diagn\u00f3stico de doen\u00e7as gen\u00e9ticas. Liderado pelo m\u00e9dico e pesquisador Leandro Colli,&#8230;<\/p>\n","protected":false},"author":1,"featured_media":72620,"comment_status":"open","ping_status":"open","sticky":false,"template":"","format":"standard","meta":{"advanced_seo_description":"","jetpack_seo_html_title":"","jetpack_seo_noindex":false,"jetpack_post_was_ever_published":false,"_jetpack_newsletter_access":"","_jetpack_dont_email_post_to_subs":false,"_jetpack_newsletter_tier_id":0,"_jetpack_memberships_contains_paywalled_content":false,"_jetpack_memberships_contains_paid_content":false,"footnotes":"","jetpack_publicize_message":"","jetpack_publicize_feature_enabled":true,"jetpack_social_post_already_shared":true,"jetpack_social_options":{"image_generator_settings":{"template":"highway","default_image_id":0,"font":"","enabled":false},"version":2}},"categories":[11],"tags":[],"class_list":["post-72619","post","type-post","status-publish","format-standard","has-post-thumbnail","hentry","category-noticias-de-ribeirao-preto-sp-e-regiao-ismael-colosi"],"jetpack_publicize_connections":[],"jetpack_featured_media_url":"https:\/\/i0.wp.com\/noticiasribeiraopreto.com.br\/wp-content\/uploads\/2025\/06\/WhatsApp-Image-2025-06-16-at-12.22.00_2025-06-16_15-26-01.webp.webp?fit=1200%2C900&ssl=1","jetpack-related-posts":[{"id":60796,"url":"https:\/\/noticiasribeiraopreto.com.br\/index.php\/2024\/11\/25\/estudo-visa-identificar-doencas-em-8-mil-habitantes-de-ribeirao-preto\/","url_meta":{"origin":72619,"position":0},"title":"Estudo visa identificar doen\u00e7as em 8 mil habitantes de Ribeir\u00e3o Preto","author":"noticiasribeiraopreto.com.br","date":"25 de November de 2024","format":false,"excerpt":"Pesquisadores iniciaram, neste ano, um estudo nacional de sequenciamento gen\u00e9tico para identificar doen\u00e7as heredit\u00e1rias. A Universidade de S\u00e3o Paulo (USP) de Ribeir\u00e3o Preto foi selecionada como um dos principais centros de pesquisa e ser\u00e1 respons\u00e1vel pela an\u00e1lise do material gen\u00e9tico de at\u00e9 8 mil moradores da cidade. O objetivo do\u2026","rel":"","context":"In &quot;Not\u00edcias de Ribeir\u00e3o Preto-SP e Regi\u00e3o&quot;","block_context":{"text":"Not\u00edcias de Ribeir\u00e3o Preto-SP e Regi\u00e3o","link":"https:\/\/noticiasribeiraopreto.com.br\/index.php\/category\/noticias-de-ribeirao-preto-sp-e-regiao-ismael-colosi\/"},"img":{"alt_text":"","src":"https:\/\/i0.wp.com\/noticiasribeiraopreto.com.br\/wp-content\/uploads\/2024\/11\/Sem-titulo_2024-11-25_18-03-01_png_2024-11-25_18-03-01.webp.webp?fit=1200%2C527&ssl=1&resize=350%2C200","width":350,"height":200,"srcset":"https:\/\/i0.wp.com\/noticiasribeiraopreto.com.br\/wp-content\/uploads\/2024\/11\/Sem-titulo_2024-11-25_18-03-01_png_2024-11-25_18-03-01.webp.webp?fit=1200%2C527&ssl=1&resize=350%2C200 1x, https:\/\/i0.wp.com\/noticiasribeiraopreto.com.br\/wp-content\/uploads\/2024\/11\/Sem-titulo_2024-11-25_18-03-01_png_2024-11-25_18-03-01.webp.webp?fit=1200%2C527&ssl=1&resize=525%2C300 1.5x, https:\/\/i0.wp.com\/noticiasribeiraopreto.com.br\/wp-content\/uploads\/2024\/11\/Sem-titulo_2024-11-25_18-03-01_png_2024-11-25_18-03-01.webp.webp?fit=1200%2C527&ssl=1&resize=700%2C400 2x, https:\/\/i0.wp.com\/noticiasribeiraopreto.com.br\/wp-content\/uploads\/2024\/11\/Sem-titulo_2024-11-25_18-03-01_png_2024-11-25_18-03-01.webp.webp?fit=1200%2C527&ssl=1&resize=1050%2C600 3x"},"classes":[]},{"id":72913,"url":"https:\/\/noticiasribeiraopreto.com.br\/index.php\/2025\/06\/22\/jornal-da-franca-cafe-instantaneo-bebida-esta-associada-a-doenca-ocular-comum-diz-novo-estudo\/","url_meta":{"origin":72619,"position":1},"title":"Jornal da Franca &#8211; Caf\u00e9 instant\u00e2neo: bebida est\u00e1 associada a doen\u00e7a ocular comum, diz novo estudo","author":"noticiasribeiraopreto.com.br","date":"22 de June de 2025","format":false,"excerpt":"compartilhar no whatsapp compartilhar no telegram compartilhar no facebook compartilhar no linkedin Embora n\u00e3o cause cegueira total, a condi\u00e7\u00e3o pode dificultar tarefas como ler e reconhecer rostos Estudo mostrou que caf\u00e9 sol\u00favel aumenta significativamente o risco de degenera\u00e7\u00e3o macular \u2013 foto Agromogiana \u00a0 A degenera\u00e7\u00e3o macular relacionada \u00e0 idade (AMD,\u2026","rel":"","context":"In &quot;Not\u00edcias de Franca-SP&quot;","block_context":{"text":"Not\u00edcias de Franca-SP","link":"https:\/\/noticiasribeiraopreto.com.br\/index.php\/category\/noticias-de-ribeirao-preto-sp-e-regiao-ismael-colosi\/noticias-franca-sp\/"},"img":{"alt_text":"","src":"https:\/\/i0.wp.com\/noticiasribeiraopreto.com.br\/wp-content\/uploads\/2025\/06\/cafe-soluvel-foto-agromogiana.jpg?fit=1024%2C683&ssl=1&resize=350%2C200","width":350,"height":200,"srcset":"https:\/\/i0.wp.com\/noticiasribeiraopreto.com.br\/wp-content\/uploads\/2025\/06\/cafe-soluvel-foto-agromogiana.jpg?fit=1024%2C683&ssl=1&resize=350%2C200 1x, https:\/\/i0.wp.com\/noticiasribeiraopreto.com.br\/wp-content\/uploads\/2025\/06\/cafe-soluvel-foto-agromogiana.jpg?fit=1024%2C683&ssl=1&resize=525%2C300 1.5x, https:\/\/i0.wp.com\/noticiasribeiraopreto.com.br\/wp-content\/uploads\/2025\/06\/cafe-soluvel-foto-agromogiana.jpg?fit=1024%2C683&ssl=1&resize=700%2C400 2x"},"classes":[]},{"id":80987,"url":"https:\/\/noticiasribeiraopreto.com.br\/index.php\/2025\/12\/20\/lei-garante-mamografia-gratuita-pelo-sus-a-mulheres-a-partir-dos-40-anos\/","url_meta":{"origin":72619,"position":2},"title":"Lei garante mamografia gratuita pelo SUS a mulheres a partir dos 40 anos","author":"noticiasribeiraopreto.com.br","date":"20 de December de 2025","format":false,"excerpt":"Mulheres com 40 anos ou mais passam a ter direito \u00e0 mamografia gratuita pelo Sistema \u00danico de Sa\u00fade (SUS). A medida est\u00e1 prevista na Lei n\u00ba 15.284, sancionada nesta sexta-feira (19) pelo presidente Luiz In\u00e1cio Lula da Silva e publicada no Di\u00e1rio Oficial da Uni\u00e3o. O exame \u00e9 essencial para\u2026","rel":"","context":"In &quot;Not\u00edcias de Ribeir\u00e3o Preto-SP e Regi\u00e3o&quot;","block_context":{"text":"Not\u00edcias de Ribeir\u00e3o Preto-SP e Regi\u00e3o","link":"https:\/\/noticiasribeiraopreto.com.br\/index.php\/category\/noticias-de-ribeirao-preto-sp-e-regiao-ismael-colosi\/"},"img":{"alt_text":"","src":"https:\/\/i0.wp.com\/noticiasribeiraopreto.com.br\/wp-content\/uploads\/2025\/11\/palace-24_2025-11-07_19-31-20.webp.webp?fit=1200%2C675&ssl=1&resize=350%2C200","width":350,"height":200,"srcset":"https:\/\/i0.wp.com\/noticiasribeiraopreto.com.br\/wp-content\/uploads\/2025\/11\/palace-24_2025-11-07_19-31-20.webp.webp?fit=1200%2C675&ssl=1&resize=350%2C200 1x, https:\/\/i0.wp.com\/noticiasribeiraopreto.com.br\/wp-content\/uploads\/2025\/11\/palace-24_2025-11-07_19-31-20.webp.webp?fit=1200%2C675&ssl=1&resize=525%2C300 1.5x, https:\/\/i0.wp.com\/noticiasribeiraopreto.com.br\/wp-content\/uploads\/2025\/11\/palace-24_2025-11-07_19-31-20.webp.webp?fit=1200%2C675&ssl=1&resize=700%2C400 2x, https:\/\/i0.wp.com\/noticiasribeiraopreto.com.br\/wp-content\/uploads\/2025\/11\/palace-24_2025-11-07_19-31-20.webp.webp?fit=1200%2C675&ssl=1&resize=1050%2C600 3x"},"classes":[]},{"id":9711,"url":"https:\/\/noticiasribeiraopreto.com.br\/index.php\/2023\/12\/02\/vitamina-b9-pode-reduzir-ate-7-o-risco-de-cancer-de-intestino\/","url_meta":{"origin":72619,"position":3},"title":"Vitamina B9 pode reduzir at\u00e9 7% o risco de c\u00e2ncer de intestino","author":"noticiasribeiraopreto.com.br","date":"2 de December de 2023","format":false,"excerpt":"Um recente estudo publicado na conceituada revista cient\u00edfica The American Journal of Clinical Nutrition, realizado por pesquisadores do Imperial College London, trouxe uma nova luz sobre a preven\u00e7\u00e3o do c\u00e2ncer de intestino. Cr\u00e9ditos: DepositphotosVitamina B9 pode reduzir at\u00e9 7% o risco de c\u00e2ncer de intestino Vitamina B9 pode reduzir at\u00e9\u2026","rel":"","context":"In &quot;Variedades&quot;","block_context":{"text":"Variedades","link":"https:\/\/noticiasribeiraopreto.com.br\/index.php\/category\/variedades\/"},"img":{"alt_text":"","src":"https:\/\/i0.wp.com\/noticiasribeiraopreto.com.br\/wp-content\/uploads\/2023\/12\/depositphotos-266314614-l.jpg?fit=1200%2C638&ssl=1&resize=350%2C200","width":350,"height":200,"srcset":"https:\/\/i0.wp.com\/noticiasribeiraopreto.com.br\/wp-content\/uploads\/2023\/12\/depositphotos-266314614-l.jpg?fit=1200%2C638&ssl=1&resize=350%2C200 1x, https:\/\/i0.wp.com\/noticiasribeiraopreto.com.br\/wp-content\/uploads\/2023\/12\/depositphotos-266314614-l.jpg?fit=1200%2C638&ssl=1&resize=525%2C300 1.5x, https:\/\/i0.wp.com\/noticiasribeiraopreto.com.br\/wp-content\/uploads\/2023\/12\/depositphotos-266314614-l.jpg?fit=1200%2C638&ssl=1&resize=700%2C400 2x, https:\/\/i0.wp.com\/noticiasribeiraopreto.com.br\/wp-content\/uploads\/2023\/12\/depositphotos-266314614-l.jpg?fit=1200%2C638&ssl=1&resize=1050%2C600 3x"},"classes":[]},{"id":77226,"url":"https:\/\/noticiasribeiraopreto.com.br\/index.php\/2025\/09\/14\/pesquisadora-de-ribeirao-recebe-premio-internacional-por-estudo-sobre-cancer-raro\/","url_meta":{"origin":72619,"position":4},"title":"Pesquisadora de Ribeir\u00e3o recebe pr\u00eamio internacional por estudo sobre c\u00e2ncer raro","author":"noticiasribeiraopreto.com.br","date":"14 de September de 2025","format":false,"excerpt":"A m\u00e9dica M\u00f4nica Freire Stecchini, doutora pelo Programa de P\u00f3s-Gradua\u00e7\u00e3o em Sa\u00fade da Crian\u00e7a e do Adolescente da Faculdade de Medicina de Ribeir\u00e3o Preto da USP (Universidade de S\u00e3o Paulo), recebeu o pr\u00eamio Hormone Research in Paediatrics Award 2025, no Panam\u00e1. A homenagem, concedida em agosto, \u00e9 considerada o principal\u2026","rel":"","context":"In &quot;Not\u00edcias de Ribeir\u00e3o Preto-SP e Regi\u00e3o&quot;","block_context":{"text":"Not\u00edcias de Ribeir\u00e3o Preto-SP e Regi\u00e3o","link":"https:\/\/noticiasribeiraopreto.com.br\/index.php\/category\/noticias-de-ribeirao-preto-sp-e-regiao-ismael-colosi\/"},"img":{"alt_text":"","src":"https:\/\/i0.wp.com\/noticiasribeiraopreto.com.br\/wp-content\/uploads\/2025\/09\/monica-e-sonir_2025-09-14_13-59-32.webp.webp?fit=800%2C420&ssl=1&resize=350%2C200","width":350,"height":200,"srcset":"https:\/\/i0.wp.com\/noticiasribeiraopreto.com.br\/wp-content\/uploads\/2025\/09\/monica-e-sonir_2025-09-14_13-59-32.webp.webp?fit=800%2C420&ssl=1&resize=350%2C200 1x, https:\/\/i0.wp.com\/noticiasribeiraopreto.com.br\/wp-content\/uploads\/2025\/09\/monica-e-sonir_2025-09-14_13-59-32.webp.webp?fit=800%2C420&ssl=1&resize=525%2C300 1.5x, https:\/\/i0.wp.com\/noticiasribeiraopreto.com.br\/wp-content\/uploads\/2025\/09\/monica-e-sonir_2025-09-14_13-59-32.webp.webp?fit=800%2C420&ssl=1&resize=700%2C400 2x"},"classes":[]},{"id":70770,"url":"https:\/\/noticiasribeiraopreto.com.br\/index.php\/2025\/05\/29\/fiocruz-e-usp-firmam-parceria-para-nova-unidade-de-pesquisa-em-ribeirao-preto\/","url_meta":{"origin":72619,"position":5},"title":"Fiocruz e USP firmam parceria para nova unidade de pesquisa em Ribeir\u00e3o Preto","author":"noticiasribeiraopreto.com.br","date":"29 de May de 2025","format":false,"excerpt":"A Fiocruz (Funda\u00e7\u00e3o Oswaldo Cruz) e a USP (Universidade de S\u00e3o Paulo) firmaram acordo que prev\u00ea a constru\u00e7\u00e3o de uma nova unidade com 5 mil metros quadrados no campus de Ribeir\u00e3o Preto. O acordo de coopera\u00e7\u00e3o pretende criar uma plataforma de pesquisas e estudos sobre imunopatologia, oncologia, doen\u00e7as multifatoriais relacionadas\u2026","rel":"","context":"In &quot;Not\u00edcias de Ribeir\u00e3o Preto-SP e Regi\u00e3o&quot;","block_context":{"text":"Not\u00edcias de Ribeir\u00e3o Preto-SP e Regi\u00e3o","link":"https:\/\/noticiasribeiraopreto.com.br\/index.php\/category\/noticias-de-ribeirao-preto-sp-e-regiao-ismael-colosi\/"},"img":{"alt_text":"","src":"https:\/\/i0.wp.com\/noticiasribeiraopreto.com.br\/wp-content\/uploads\/2025\/01\/21_2025-01-02_15-54-47_jpg_2025-01-02_15-54-47.webp.webp?fit=1200%2C767&ssl=1&resize=350%2C200","width":350,"height":200,"srcset":"https:\/\/i0.wp.com\/noticiasribeiraopreto.com.br\/wp-content\/uploads\/2025\/01\/21_2025-01-02_15-54-47_jpg_2025-01-02_15-54-47.webp.webp?fit=1200%2C767&ssl=1&resize=350%2C200 1x, https:\/\/i0.wp.com\/noticiasribeiraopreto.com.br\/wp-content\/uploads\/2025\/01\/21_2025-01-02_15-54-47_jpg_2025-01-02_15-54-47.webp.webp?fit=1200%2C767&ssl=1&resize=525%2C300 1.5x, https:\/\/i0.wp.com\/noticiasribeiraopreto.com.br\/wp-content\/uploads\/2025\/01\/21_2025-01-02_15-54-47_jpg_2025-01-02_15-54-47.webp.webp?fit=1200%2C767&ssl=1&resize=700%2C400 2x, https:\/\/i0.wp.com\/noticiasribeiraopreto.com.br\/wp-content\/uploads\/2025\/01\/21_2025-01-02_15-54-47_jpg_2025-01-02_15-54-47.webp.webp?fit=1200%2C767&ssl=1&resize=1050%2C600 3x"},"classes":[]}],"jetpack_sharing_enabled":true,"jetpack_shortlink":"https:\/\/wp.me\/peQAOb-iTh","_links":{"self":[{"href":"https:\/\/noticiasribeiraopreto.com.br\/index.php\/wp-json\/wp\/v2\/posts\/72619","targetHints":{"allow":["GET"]}}],"collection":[{"href":"https:\/\/noticiasribeiraopreto.com.br\/index.php\/wp-json\/wp\/v2\/posts"}],"about":[{"href":"https:\/\/noticiasribeiraopreto.com.br\/index.php\/wp-json\/wp\/v2\/types\/post"}],"author":[{"embeddable":true,"href":"https:\/\/noticiasribeiraopreto.com.br\/index.php\/wp-json\/wp\/v2\/users\/1"}],"replies":[{"embeddable":true,"href":"https:\/\/noticiasribeiraopreto.com.br\/index.php\/wp-json\/wp\/v2\/comments?post=72619"}],"version-history":[{"count":0,"href":"https:\/\/noticiasribeiraopreto.com.br\/index.php\/wp-json\/wp\/v2\/posts\/72619\/revisions"}],"wp:featuredmedia":[{"embeddable":true,"href":"https:\/\/noticiasribeiraopreto.com.br\/index.php\/wp-json\/wp\/v2\/media\/72620"}],"wp:attachment":[{"href":"https:\/\/noticiasribeiraopreto.com.br\/index.php\/wp-json\/wp\/v2\/media?parent=72619"}],"wp:term":[{"taxonomy":"category","embeddable":true,"href":"https:\/\/noticiasribeiraopreto.com.br\/index.php\/wp-json\/wp\/v2\/categories?post=72619"},{"taxonomy":"post_tag","embeddable":true,"href":"https:\/\/noticiasribeiraopreto.com.br\/index.php\/wp-json\/wp\/v2\/tags?post=72619"}],"curies":[{"name":"wp","href":"https:\/\/api.w.org\/{rel}","templated":true}]}}