{"id":72623,"date":"2025-06-19T08:39:54","date_gmt":"2025-06-19T11:39:54","guid":{"rendered":"https:\/\/noticiasribeiraopreto.com.br\/index.php\/2025\/06\/19\/leci-brandao-canta-nos-169-anos-de-rp\/"},"modified":"2025-06-19T08:39:54","modified_gmt":"2025-06-19T11:39:54","slug":"leci-brandao-canta-nos-169-anos-de-rp","status":"publish","type":"post","link":"https:\/\/noticiasribeiraopreto.com.br\/index.php\/2025\/06\/19\/leci-brandao-canta-nos-169-anos-de-rp\/","title":{"rendered":"Leci Brand\u00e3o canta nos 169 anos de RP"},"content":{"rendered":"<div class='code-block code-block-1' style='margin: 8px 0 8px auto; text-align: right; display: block; clear: both;'>\n<p><a href=\"https:\/\/wa.link\/vpicfd\"><img data-recalc-dims=\"1\" class=\"wp-image-4922\" style=\"aspect-ratio: 2.0253164556962027; width: 561px; height: auto;\" src=\"https:\/\/i0.wp.com\/ismaelcolosi.com.br\/wp-content\/uploads\/2023\/11\/grupo-de-empregos-whatsapp-e-facebook-ismael-colosi-vagas.jpg?ssl=1\" alt=\"\" \/><\/a><\/p>\n<!-- \/wp:image -->\n<\/div>\n<p> <br \/>\n<\/p>\n<div>\n<p>Ribeir\u00e3o Preto completa 169 anos nesta quinta-feira, 19 de junho, Dia de Santa Juliana Falconieri e de Corpus Christi. Para comemorar, a cidade se transforma em um grande palco a c\u00e9u aberto. Com uma programa\u00e7\u00e3o gratuita e diversa durante todo o m\u00eas de junho, a popula\u00e7\u00e3o \u00e9 convidada a ocupar pra\u00e7as, parques, teatros, centros culturais e espa\u00e7os alternativos com muita arte, cultura, lazer e mem\u00f3ria.<\/p>\n<p>As comemora\u00e7\u00f5es incluem shows, oficinas, apresenta\u00e7\u00f5es de dan\u00e7a e teatro, festivais, visitas guiadas, cine itinerante movido a energia solar, conta\u00e7\u00f5es de hist\u00f3rias, atividades de educa\u00e7\u00e3o ambiental, encontros gastron\u00f4micos, cortejos e ocupa\u00e7\u00f5es art\u00edsticas. Entre os espa\u00e7os que recebem as atividades est\u00e3o o Theatro Pedro II, Teatro de Arena, Centro Cultural Palace, Palacete Camilo de Mattos, Parque Doutor Luiz Carlos Raya, pra\u00e7a XV de Novembro e bairros e distritos.<\/p>\n<p>O destaque vai para o dia do anivers\u00e1rio, nesta quinta-feira, \u00a0que contar\u00e1 com uma extensa programa\u00e7\u00e3o das 8h30 \u00e0s 20 horas. As atividades come\u00e7am com visita ao Palacete Camilo de Mattos, seguida do tradicional Parab\u00e9ns com bolo na pra\u00e7a XV de Novembro, onde tamb\u00e9m acontece uma feira de artesanato com artistas locais.<\/p>\n<p>No bairro Jardim Cristo Redentor, a Esquadrilha da Fuma\u00e7a promete encantar o p\u00fablico. \u00c0 tarde, a cidade recebe passeio guiado pelo Centro Hist\u00f3rico, Festival de S\u00e3o Jo\u00e3o, arrai\u00e1, conta\u00e7\u00e3o de hist\u00f3rias, ocupa\u00e7\u00e3o art\u00edstica no Teatro de Arena Jaime Zeiger, Cine C\u00e9u, apresenta\u00e7\u00e3o da Orquestra Paulista de Viola Caipira, encerrando com o aguardado show de Leci Brand\u00e3o, no Arena, \u00e0s 20 horas.<\/p>\n<p>A agenda especial \u00e9 fruto de uma constru\u00e7\u00e3o coletiva coordenada pela Secretaria da Cultura e Turismo, em parceria com outras secretarias municipais, institui\u00e7\u00f5es, coletivos, produtores culturais, artistas independentes e a sociedade civil. O objetivo \u00e9 oferecer uma programa\u00e7\u00e3o democr\u00e1tica, inclusiva e vibrante, que valoriza a cultura local e celebra a diversidade da cidade.<\/p>\n<p>\u201cCelebrar o anivers\u00e1rio de Ribeir\u00e3o \u00e9 celebrar a for\u00e7a de quem faz essa cidade pulsar todos os dias. A programa\u00e7\u00e3o nasce do encontro entre o poder p\u00fablico, os artistas, os produtores e a comunidade. \u00c9 a prova de que, quando ocupamos os espa\u00e7os, fortalecemos o sentimento de pertencimento, a identidade e a cultura local\u201d, afirma Maria Eug\u00eania Biffi, secret\u00e1ria da Cultura e Turismo.<\/p>\n<p>As atividades seguem at\u00e9 o dia 29 de junho, refor\u00e7ando que Ribeir\u00e3o Preto \u00e9 uma cidade que vive e respira cultura. A programa\u00e7\u00e3o completa est\u00e1 dispon\u00edvel nos canais oficiais da prefeitura (https:\/\/www.ribeiraopreto.sp.gov.br).<\/p>\n<\/div>\n<p><br \/>\n<br \/><a href=\"https:\/\/www.tribunaribeirao.com.br\/leci-brandao-canta-nos-169-anos-de-rp\/\">Source link <\/a><\/p>\n<!-- CONTENT END 1 -->\n","protected":false},"excerpt":{"rendered":"<p>Ribeir\u00e3o Preto completa 169 anos nesta quinta-feira, 19 de junho, Dia de Santa Juliana Falconieri e de Corpus Christi. Para comemorar, a cidade se transforma&#8230;<\/p>\n","protected":false},"author":1,"featured_media":72624,"comment_status":"open","ping_status":"open","sticky":false,"template":"","format":"standard","meta":{"advanced_seo_description":"","jetpack_seo_html_title":"","jetpack_seo_noindex":false,"jetpack_post_was_ever_published":false,"_jetpack_newsletter_access":"","_jetpack_dont_email_post_to_subs":false,"_jetpack_newsletter_tier_id":0,"_jetpack_memberships_contains_paywalled_content":false,"_jetpack_memberships_contains_paid_content":false,"footnotes":"","jetpack_publicize_message":"","jetpack_publicize_feature_enabled":true,"jetpack_social_post_already_shared":true,"jetpack_social_options":{"image_generator_settings":{"template":"highway","default_image_id":0,"font":"","enabled":false},"version":2}},"categories":[11],"tags":[],"class_list":["post-72623","post","type-post","status-publish","format-standard","has-post-thumbnail","hentry","category-noticias-de-ribeirao-preto-sp-e-regiao-ismael-colosi"],"jetpack_publicize_connections":[],"jetpack_featured_media_url":"https:\/\/i0.wp.com\/noticiasribeiraopreto.com.br\/wp-content\/uploads\/2025\/06\/NiverRP-Divulgacao-scaled.jpeg?fit=750%2C500&ssl=1","jetpack-related-posts":[{"id":71291,"url":"https:\/\/noticiasribeiraopreto.com.br\/index.php\/2025\/06\/04\/teatro-de-arena-recebe-leci-brandao-no-aniversario-de-169-anos-de-ribeirao-preto\/","url_meta":{"origin":72623,"position":0},"title":"Teatro de Arena recebe Leci Brand\u00e3o no anivers\u00e1rio de 169 anos de Ribeir\u00e3o Preto","author":"noticiasribeiraopreto.com.br","date":"4 de June de 2025","format":false,"excerpt":"O Teatro de Arena recebe a sambista Leci Brand\u00e3o, no pr\u00f3ximo dia 19 de junho, a partir das 20h, para show em comemora\u00e7\u00e3o ao anivers\u00e1rio de 169 anos de Ribeir\u00e3o Preto. A entrada \u00e9 gratuita e aberta ao p\u00fablico. Com 50 anos de carreira, Leci Brand\u00e3o se tornou um dos\u2026","rel":"","context":"In &quot;Not\u00edcias de Ribeir\u00e3o Preto-SP e Regi\u00e3o&quot;","block_context":{"text":"Not\u00edcias de Ribeir\u00e3o Preto-SP e Regi\u00e3o","link":"https:\/\/noticiasribeiraopreto.com.br\/index.php\/category\/noticias-de-ribeirao-preto-sp-e-regiao-ismael-colosi\/"},"img":{"alt_text":"","src":"https:\/\/i0.wp.com\/noticiasribeiraopreto.com.br\/wp-content\/uploads\/2025\/06\/Leci-Branda-o-CREDITOS-ROGER-CIPO-2023-01-21-17-17-33.webp.webp?fit=414%2C280&ssl=1&resize=350%2C200","width":350,"height":200},"classes":[]},{"id":83207,"url":"https:\/\/noticiasribeiraopreto.com.br\/index.php\/2026\/03\/12\/usp-ribeirao-preto-abre-inscricoes-para-oficinas-culturais-de-fotografia-forro-e-teatro\/","url_meta":{"origin":72623,"position":1},"title":"USP Ribeir\u00e3o Preto abre inscri\u00e7\u00f5es para oficinas culturais de fotografia, forr\u00f3 e teatro","author":"noticiasribeiraopreto.com.br","date":"12 de March de 2026","format":false,"excerpt":"A Universidade de S\u00e3o Paulo (USP) em Ribeir\u00e3o Preto est\u00e1 com inscri\u00e7\u00f5es abertas para as primeiras oficinas culturais de 2026, promovidas pela Se\u00e7\u00e3o de Atividades Culturais da Prefeitura do campus. As vagas s\u00e3o limitadas e, nesta primeira etapa, est\u00e3o dispon\u00edveis cursos de Fotografia B\u00e1sica, Forr\u00f3 Universit\u00e1rio e atividades do N\u00facleo\u2026","rel":"","context":"In &quot;Not\u00edcias de Ribeir\u00e3o Preto-SP e Regi\u00e3o&quot;","block_context":{"text":"Not\u00edcias de Ribeir\u00e3o Preto-SP e Regi\u00e3o","link":"https:\/\/noticiasribeiraopreto.com.br\/index.php\/category\/noticias-de-ribeirao-preto-sp-e-regiao-ismael-colosi\/"},"img":{"alt_text":"","src":"https:\/\/i0.wp.com\/noticiasribeiraopreto.com.br\/wp-content\/uploads\/2026\/03\/palace-65_2026-03-11_21-26-26.webp.webp?fit=1200%2C675&ssl=1&resize=350%2C200","width":350,"height":200,"srcset":"https:\/\/i0.wp.com\/noticiasribeiraopreto.com.br\/wp-content\/uploads\/2026\/03\/palace-65_2026-03-11_21-26-26.webp.webp?fit=1200%2C675&ssl=1&resize=350%2C200 1x, https:\/\/i0.wp.com\/noticiasribeiraopreto.com.br\/wp-content\/uploads\/2026\/03\/palace-65_2026-03-11_21-26-26.webp.webp?fit=1200%2C675&ssl=1&resize=525%2C300 1.5x, https:\/\/i0.wp.com\/noticiasribeiraopreto.com.br\/wp-content\/uploads\/2026\/03\/palace-65_2026-03-11_21-26-26.webp.webp?fit=1200%2C675&ssl=1&resize=700%2C400 2x, https:\/\/i0.wp.com\/noticiasribeiraopreto.com.br\/wp-content\/uploads\/2026\/03\/palace-65_2026-03-11_21-26-26.webp.webp?fit=1200%2C675&ssl=1&resize=1050%2C600 3x"},"classes":[]},{"id":56613,"url":"https:\/\/noticiasribeiraopreto.com.br\/index.php\/2024\/08\/15\/ribeirao-preto-recebe-festival-nacional-de-teatro-veja-a-programacao\/","url_meta":{"origin":72623,"position":2},"title":"Ribeir\u00e3o Preto recebe Festival Nacional de Teatro; Veja a programa\u00e7\u00e3o","author":"noticiasribeiraopreto.com.br","date":"15 de August de 2024","format":false,"excerpt":"A 8\u00aa edi\u00e7\u00e3o do Festival Nacional de Teatro chega a Ribeir\u00e3o Preto nesta sexta-feira (16) e segue at\u00e9 o dia 1\u00ba de setembro. S\u00e3o 35 espet\u00e1culos, nove oficinas e tr\u00eas performances, no Teatro Municipal, parques, pra\u00e7as e outros teatros da cidade. Toda a programa\u00e7\u00e3o \u00e9 gratuita. A novidade deste ano\u2026","rel":"","context":"In &quot;Not\u00edcias de Ribeir\u00e3o Preto-SP e Regi\u00e3o&quot;","block_context":{"text":"Not\u00edcias de Ribeir\u00e3o Preto-SP e Regi\u00e3o","link":"https:\/\/noticiasribeiraopreto.com.br\/index.php\/category\/noticias-de-ribeirao-preto-sp-e-regiao-ismael-colosi\/"},"img":{"alt_text":"","src":"https:\/\/i0.wp.com\/noticiasribeiraopreto.com.br\/wp-content\/uploads\/2024\/08\/Copia-de-Copia-de-Copia-de-TAMANHO-EXATO-PARA-FOTOS-NO-SISTEMA-NOVO-2_2024-08-15_12-44-51_jpg_2024-08-15_12-44-51.webp.webp?fit=1200%2C675&ssl=1&resize=350%2C200","width":350,"height":200,"srcset":"https:\/\/i0.wp.com\/noticiasribeiraopreto.com.br\/wp-content\/uploads\/2024\/08\/Copia-de-Copia-de-Copia-de-TAMANHO-EXATO-PARA-FOTOS-NO-SISTEMA-NOVO-2_2024-08-15_12-44-51_jpg_2024-08-15_12-44-51.webp.webp?fit=1200%2C675&ssl=1&resize=350%2C200 1x, https:\/\/i0.wp.com\/noticiasribeiraopreto.com.br\/wp-content\/uploads\/2024\/08\/Copia-de-Copia-de-Copia-de-TAMANHO-EXATO-PARA-FOTOS-NO-SISTEMA-NOVO-2_2024-08-15_12-44-51_jpg_2024-08-15_12-44-51.webp.webp?fit=1200%2C675&ssl=1&resize=525%2C300 1.5x, https:\/\/i0.wp.com\/noticiasribeiraopreto.com.br\/wp-content\/uploads\/2024\/08\/Copia-de-Copia-de-Copia-de-TAMANHO-EXATO-PARA-FOTOS-NO-SISTEMA-NOVO-2_2024-08-15_12-44-51_jpg_2024-08-15_12-44-51.webp.webp?fit=1200%2C675&ssl=1&resize=700%2C400 2x, https:\/\/i0.wp.com\/noticiasribeiraopreto.com.br\/wp-content\/uploads\/2024\/08\/Copia-de-Copia-de-Copia-de-TAMANHO-EXATO-PARA-FOTOS-NO-SISTEMA-NOVO-2_2024-08-15_12-44-51_jpg_2024-08-15_12-44-51.webp.webp?fit=1200%2C675&ssl=1&resize=1050%2C600 3x"},"classes":[]},{"id":70749,"url":"https:\/\/noticiasribeiraopreto.com.br\/index.php\/2025\/05\/29\/veja-a-programacao-de-eventos-em-comemoracao-ao-aniversario-de-ribeirao-preto\/","url_meta":{"origin":72623,"position":3},"title":"Veja a programa\u00e7\u00e3o de eventos em comemora\u00e7\u00e3o ao anivers\u00e1rio de Ribeir\u00e3o Preto","author":"noticiasribeiraopreto.com.br","date":"29 de May de 2025","format":false,"excerpt":"A Prefeitura de Ribeir\u00e3o Preto deu in\u00edcio as comemora\u00e7\u00f5es para o anivers\u00e1rio de 169 anos do munic\u00edpio, celebrado no dia 19 de junho. Entre as atividades est\u00e3o oficinas art\u00edsticas, espet\u00e1culos teatrais, feiras, palestras, a\u00e7\u00f5es ambientais e visitas guiadas, todas voltadas \u00e0 educa\u00e7\u00e3o ambiental, \u00e0 valoriza\u00e7\u00e3o do patrim\u00f4nio e ao acesso\u2026","rel":"","context":"In &quot;Not\u00edcias de Ribeir\u00e3o Preto-SP e Regi\u00e3o&quot;","block_context":{"text":"Not\u00edcias de Ribeir\u00e3o Preto-SP e Regi\u00e3o","link":"https:\/\/noticiasribeiraopreto.com.br\/index.php\/category\/noticias-de-ribeirao-preto-sp-e-regiao-ismael-colosi\/"},"img":{"alt_text":"","src":"https:\/\/i0.wp.com\/noticiasribeiraopreto.com.br\/wp-content\/uploads\/2025\/05\/eu-amo-ribeirao-preto.jpeg?fit=1200%2C800&ssl=1&resize=350%2C200","width":350,"height":200,"srcset":"https:\/\/i0.wp.com\/noticiasribeiraopreto.com.br\/wp-content\/uploads\/2025\/05\/eu-amo-ribeirao-preto.jpeg?fit=1200%2C800&ssl=1&resize=350%2C200 1x, https:\/\/i0.wp.com\/noticiasribeiraopreto.com.br\/wp-content\/uploads\/2025\/05\/eu-amo-ribeirao-preto.jpeg?fit=1200%2C800&ssl=1&resize=525%2C300 1.5x, https:\/\/i0.wp.com\/noticiasribeiraopreto.com.br\/wp-content\/uploads\/2025\/05\/eu-amo-ribeirao-preto.jpeg?fit=1200%2C800&ssl=1&resize=700%2C400 2x, https:\/\/i0.wp.com\/noticiasribeiraopreto.com.br\/wp-content\/uploads\/2025\/05\/eu-amo-ribeirao-preto.jpeg?fit=1200%2C800&ssl=1&resize=1050%2C600 3x"},"classes":[]},{"id":74643,"url":"https:\/\/noticiasribeiraopreto.com.br\/index.php\/2025\/07\/26\/cultura-abre-inscricoes-para-festival-de-teatro-de-ribeirao\/","url_meta":{"origin":72623,"position":4},"title":"Cultura abre inscri\u00e7\u00f5es para Festival de Teatro de Ribeir\u00e3o","author":"noticiasribeiraopreto.com.br","date":"26 de July de 2025","format":false,"excerpt":"26 de julho de 2025 09:4225 de julho de 2025 23:457 Compartilhar0 A prefeitura de Ribeir\u00e3o Preto, por meio da Secretaria Municipal da Cultura e Turismo, anuncia a abertura das inscri\u00e7\u00f5es para a nona edi\u00e7\u00e3o do Festival Nacional de Teatro de Ribeir\u00e3o Preto, que ser\u00e1 realizada de 12 a 21\u2026","rel":"","context":"In &quot;Not\u00edcias de Ribeir\u00e3o Preto-SP e Regi\u00e3o&quot;","block_context":{"text":"Not\u00edcias de Ribeir\u00e3o Preto-SP e Regi\u00e3o","link":"https:\/\/noticiasribeiraopreto.com.br\/index.php\/category\/noticias-de-ribeirao-preto-sp-e-regiao-ismael-colosi\/"},"img":{"alt_text":"","src":"https:\/\/i0.wp.com\/noticiasribeiraopreto.com.br\/wp-content\/uploads\/2025\/07\/TeatroRPsite.jpg?fit=1000%2C666&ssl=1&resize=350%2C200","width":350,"height":200,"srcset":"https:\/\/i0.wp.com\/noticiasribeiraopreto.com.br\/wp-content\/uploads\/2025\/07\/TeatroRPsite.jpg?fit=1000%2C666&ssl=1&resize=350%2C200 1x, https:\/\/i0.wp.com\/noticiasribeiraopreto.com.br\/wp-content\/uploads\/2025\/07\/TeatroRPsite.jpg?fit=1000%2C666&ssl=1&resize=525%2C300 1.5x, https:\/\/i0.wp.com\/noticiasribeiraopreto.com.br\/wp-content\/uploads\/2025\/07\/TeatroRPsite.jpg?fit=1000%2C666&ssl=1&resize=700%2C400 2x"},"classes":[]},{"id":72470,"url":"https:\/\/noticiasribeiraopreto.com.br\/index.php\/2025\/06\/17\/teatro-de-arena-recebe-festival-de-cerveja-artesanal-com-shows-ao-vivo-veja-quando\/","url_meta":{"origin":72623,"position":5},"title":"Teatro de Arena recebe festival de cerveja artesanal com shows ao vivo; Veja quando","author":"noticiasribeiraopreto.com.br","date":"17 de June de 2025","format":false,"excerpt":"O Teatro de Arena, em Ribeir\u00e3o Preto, ser\u00e1 palco da terceira edi\u00e7\u00e3o do Maltesa Beer Rock, nos dias 21 e 22 de junho. O evento conta com entrada gratuita e programa\u00e7\u00e3o para todas as idades. A atividade faz parte das comemora\u00e7\u00f5es oficiais do anivers\u00e1rio de 169 anos da cidade \u2013\u2026","rel":"","context":"In &quot;Not\u00edcias de Ribeir\u00e3o Preto-SP e Regi\u00e3o&quot;","block_context":{"text":"Not\u00edcias de Ribeir\u00e3o Preto-SP e Regi\u00e3o","link":"https:\/\/noticiasribeiraopreto.com.br\/index.php\/category\/noticias-de-ribeirao-preto-sp-e-regiao-ismael-colosi\/"},"img":{"alt_text":"","src":"https:\/\/i0.wp.com\/noticiasribeiraopreto.com.br\/wp-content\/uploads\/2025\/06\/cerveja-artesanal_2025-06-17_14-49-37.webp.webp?fit=1200%2C675&ssl=1&resize=350%2C200","width":350,"height":200,"srcset":"https:\/\/i0.wp.com\/noticiasribeiraopreto.com.br\/wp-content\/uploads\/2025\/06\/cerveja-artesanal_2025-06-17_14-49-37.webp.webp?fit=1200%2C675&ssl=1&resize=350%2C200 1x, https:\/\/i0.wp.com\/noticiasribeiraopreto.com.br\/wp-content\/uploads\/2025\/06\/cerveja-artesanal_2025-06-17_14-49-37.webp.webp?fit=1200%2C675&ssl=1&resize=525%2C300 1.5x, https:\/\/i0.wp.com\/noticiasribeiraopreto.com.br\/wp-content\/uploads\/2025\/06\/cerveja-artesanal_2025-06-17_14-49-37.webp.webp?fit=1200%2C675&ssl=1&resize=700%2C400 2x, https:\/\/i0.wp.com\/noticiasribeiraopreto.com.br\/wp-content\/uploads\/2025\/06\/cerveja-artesanal_2025-06-17_14-49-37.webp.webp?fit=1200%2C675&ssl=1&resize=1050%2C600 3x"},"classes":[]}],"jetpack_sharing_enabled":true,"jetpack_shortlink":"https:\/\/wp.me\/peQAOb-iTl","_links":{"self":[{"href":"https:\/\/noticiasribeiraopreto.com.br\/index.php\/wp-json\/wp\/v2\/posts\/72623","targetHints":{"allow":["GET"]}}],"collection":[{"href":"https:\/\/noticiasribeiraopreto.com.br\/index.php\/wp-json\/wp\/v2\/posts"}],"about":[{"href":"https:\/\/noticiasribeiraopreto.com.br\/index.php\/wp-json\/wp\/v2\/types\/post"}],"author":[{"embeddable":true,"href":"https:\/\/noticiasribeiraopreto.com.br\/index.php\/wp-json\/wp\/v2\/users\/1"}],"replies":[{"embeddable":true,"href":"https:\/\/noticiasribeiraopreto.com.br\/index.php\/wp-json\/wp\/v2\/comments?post=72623"}],"version-history":[{"count":0,"href":"https:\/\/noticiasribeiraopreto.com.br\/index.php\/wp-json\/wp\/v2\/posts\/72623\/revisions"}],"wp:featuredmedia":[{"embeddable":true,"href":"https:\/\/noticiasribeiraopreto.com.br\/index.php\/wp-json\/wp\/v2\/media\/72624"}],"wp:attachment":[{"href":"https:\/\/noticiasribeiraopreto.com.br\/index.php\/wp-json\/wp\/v2\/media?parent=72623"}],"wp:term":[{"taxonomy":"category","embeddable":true,"href":"https:\/\/noticiasribeiraopreto.com.br\/index.php\/wp-json\/wp\/v2\/categories?post=72623"},{"taxonomy":"post_tag","embeddable":true,"href":"https:\/\/noticiasribeiraopreto.com.br\/index.php\/wp-json\/wp\/v2\/tags?post=72623"}],"curies":[{"name":"wp","href":"https:\/\/api.w.org\/{rel}","templated":true}]}}