{"id":72631,"date":"2025-06-19T10:18:56","date_gmt":"2025-06-19T13:18:56","guid":{"rendered":"https:\/\/noticiasribeiraopreto.com.br\/index.php\/2025\/06\/19\/ribeirao-169-anos-entre-avancos-e-desafios-municipio-busca-se-tornar-uma-cidade-inteligente\/"},"modified":"2025-06-19T10:18:56","modified_gmt":"2025-06-19T13:18:56","slug":"ribeirao-169-anos-entre-avancos-e-desafios-municipio-busca-se-tornar-uma-cidade-inteligente","status":"publish","type":"post","link":"https:\/\/noticiasribeiraopreto.com.br\/index.php\/2025\/06\/19\/ribeirao-169-anos-entre-avancos-e-desafios-municipio-busca-se-tornar-uma-cidade-inteligente\/","title":{"rendered":"Ribeir\u00e3o 169 anos: Entre avan\u00e7os e desafios, munic\u00edpio busca se tornar uma cidade inteligente"},"content":{"rendered":"<p> <br \/>\n<\/p>\n<div>\n<p><strong>Ribeir\u00e3o Preto<\/strong> busca se tornar uma <strong>cidade inteligente<\/strong>. O munic\u00edpio j\u00e1 come\u00e7ou a modernizar o <strong>transporte p\u00fablico <\/strong>e a criar bairros com <strong>mais tecnologia<\/strong> e cuidado com o meio ambiente.\u00a0<\/p>\n<p>Embora a cidade tenha diversos desafios, passos importantes est\u00e3o sendo dados. Confira abaixo.\u00a0<\/p>\n<p>\ud83d\udd0d <em>Essa reportagem faz parte de uma s\u00e9rie especial em comemora\u00e7\u00e3o ao anivers\u00e1rio de 169 anos de Ribeir\u00e3o Preto, celebrado no dia 19 de junho de 2025. Clique aqui e veja as outras mat\u00e9rias.<\/em>\u00a0<\/p>\n<h2 class=\"wp-block-heading\"><strong>Mobilidade urbana inteligente<\/strong>\u00a0<\/h2>\n<p>O<strong> transporte p\u00fablico<\/strong> do munic\u00edpio \u00e9 um dos setores onde novas tecnologias vem sendo implementadas. De acordo com o superintendente da <strong>RP Mobi<\/strong>, <strong>Marcelo Galli<\/strong>,<mark style=\"background-color:#fcb900\" class=\"has-inline-color\"> a cidade j\u00e1 implementa uma s\u00e9rie de tecnologias que visam otimizar a experi\u00eancia do usu\u00e1rio e a gest\u00e3o do tr\u00e1fego<\/mark>.\u00a0<\/p>\n<figure class=\"wp-block-pullquote\">\n<blockquote>\n<p>Hoje, em Ribeir\u00e3o Preto, j\u00e1 usamos diversas tecnologias para tornar o transporte p\u00fablico mais eficiente e f\u00e1cil para quem depende dele<\/p>\n<p><cite>Marcelo Galli<\/cite><\/p><\/blockquote>\n<\/figure>\n<p>Conforme <strong>Galli<\/strong>, entre as inova\u00e7\u00f5es no transporte p\u00fablico, destacam-se:\u00a0<\/p>\n<ul class=\"wp-block-list\">\n<li><strong>Monitoramento em Tempo Real<\/strong>: \u00d4nibus equipados com GPS e c\u00e2meras internas com transmiss\u00e3o online permitem \u00e0<strong> RP Mobi <\/strong>acompanhar a opera\u00e7\u00e3o e intervir rapidamente;<\/li>\n<\/ul>\n<ul class=\"wp-block-list\">\n<li><strong>Comunica\u00e7\u00e3o Instant\u00e2nea<\/strong>: Motoristas contam com pain\u00e9is que facilitam a comunica\u00e7\u00e3o com o Centro de Controle Operacional (CCO);<\/li>\n<\/ul>\n<ul class=\"wp-block-list\">\n<li><strong>Facilidade de Pagamento<\/strong>: Al\u00e9m do cart\u00e3o eletr\u00f4nico, os \u00f4nibus aceitam pagamentos com cart\u00f5es de d\u00e9bito, cr\u00e9dito e QR Code via aplicativo. H\u00e1, inclusive, a possibilidade de recargas remotas, incluindo via WhatsApp;<\/li>\n<\/ul>\n<ul class=\"wp-block-list\">\n<li><strong>Informa\u00e7\u00e3o ao Passageiro<\/strong>: Aplicativos permitem programar viagens e verificar o posicionamento dos \u00f4nibus em tempo real. Nas esta\u00e7\u00f5es, c\u00f3digos QR Code fornecem informa\u00e7\u00f5es sobre as pr\u00f3ximas linhas e tempos estimados de chegada.\u00a0<\/li>\n<\/ul>\n<p>Ele enfatiza que \u201ctudo isso faz parte da constru\u00e7\u00e3o de uma cidade mais conectada e inteligente\u201d. Al\u00e9m disso, a <strong>RP Mobi <\/strong>tamb\u00e9m investe na utiliza\u00e7\u00e3o de <strong>dados em tempo real <\/strong>para<strong> otimizar o fluxo vi\u00e1rio<\/strong> e reduzir congestionamentos, atrav\u00e9s da implanta\u00e7\u00e3o de <strong>Sistemas de Transporte Inteligente (ITS)<\/strong>.\u00a0<\/p>\n<p>Esses sistemas envolvem sensores, c\u00e2meras de monitoramento, GPS embarcado nos \u00f4nibus e, crucialmente, sem\u00e1foros inteligentes com prioridade para o transporte coletivo. Vale dizer que a Prefeitura tamb\u00e9m realizou testes de ve\u00edculos el\u00e9tricos no transporte coletivo, e em breve haver\u00e1 a inclus\u00e3o desses modelos na frota.\u00a0<\/p>\n<p>\u201cCom a ajuda da tecnologia, conseguimos entender melhor como as pessoas se movem pela cidade e adaptar as rotas para atender melhor quem usa o transporte p\u00fablico\u201d.\u00a0<\/p>\n<h2 class=\"wp-block-heading\"><strong>Cidade inteligente<\/strong>\u00a0<\/h2>\n<p>Embora novos loteamentos estejam sendo anunciados, a ideia de que os <strong>novos bairros j\u00e1 nascer\u00e3o \u201cinteligentes\u201d \u00e9 complicada<\/strong> e depende dos desafios e do planejamento da cidade.\u00a0<\/p>\n<p>A <strong>Prefeitura de Ribeir\u00e3o Preto<\/strong>, no entanto, <strong>reconhece que o munic\u00edpio n\u00e3o tem uma pol\u00edtica de cidade inteligente consolidada<\/strong>, sendo este um pilar de estudo e planejamento entre a <strong>Administra\u00e7\u00e3o<\/strong> e o <strong>Supera Parque<\/strong>.\u00a0<\/p>\n<figure class=\"wp-block-pullquote\">\n<blockquote>\n<p>A gest\u00e3o municipal busca aprovar novos loteamentos e obras das quais preveem sistemas de infraestruturas adequados para atender a popula\u00e7\u00e3o esperada, para assegurar a oferta cont\u00ednua e de qualidade de servi\u00e7os como abastecimento de \u00e1gua, coleta de esgoto, drenagem de \u00e1guas pluviais, energia el\u00e9trica e telecomunica\u00e7\u00f5es<\/p>\n<p><cite>Prefeitura<\/cite><\/p><\/blockquote>\n<\/figure>\n<p>Ainda de acordo com a Administra\u00e7\u00e3o, estudos tamb\u00e9m s\u00e3o realizados para que seja feita a <strong>implanta\u00e7\u00e3o de sistemas inteligentes<\/strong> na gest\u00e3o da <strong>distribui\u00e7\u00e3o de \u00e1gua pot\u00e1vel <\/strong>e <strong>ilumina\u00e7\u00e3o p\u00fablica de LED<\/strong>, bem como a <strong>extens\u00e3o da conectividade p\u00fablica<\/strong>.\u00a0<\/p>\n<p>A <strong>Prefeitura de Ribeir\u00e3o Preto <\/strong>ainda afirma que est\u00e1 buscando formas eficientes de <strong>deixar a cidade mais conectada e desenvolvida<\/strong>. Portanto, j\u00e1 estuda como melhorar e expandir os servi\u00e7os de telecomunica\u00e7\u00f5es, seguran\u00e7a, comunica\u00e7\u00e3o e sa\u00fade. Al\u00e9m disso, discute a incorpora\u00e7\u00e3o dos princ\u00edpios dos <strong>Objetivos de Desenvolvimento Sustent\u00e1vel (ODS)<\/strong> da <strong>ONU<\/strong> para a revis\u00e3o do<strong> Plano Diretor do Munic\u00edpio<\/strong>.\u00a0<\/p>\n<h3 class=\"wp-block-heading\"><strong>Planejamento cuidadoso<\/strong>\u00a0<\/h3>\n<p>O <strong>engenheiro<\/strong> <strong>Fernando Junqueira<\/strong>, <strong>presidente da AEAARP (Associa\u00e7\u00e3o de Engenharia, Arquitetura e Agronomia de Ribeir\u00e3o Preto)<\/strong>, em sua perspectiva sobre o planejamento urbano, <mark style=\"background-color:#fcb900\" class=\"has-inline-color\">destaca a import\u00e2ncia de evitar os erros do passado, para evitar o crescimento desordenado<\/mark>.\u00a0<\/p>\n<p>Essa concep\u00e7\u00e3o de erros entre poder p\u00fablico e sociedade, na vis\u00e3o do especialista, acabou gerando diversos vazios urbanos, aumentando assim, custos de infraestrutura. Portanto, um <strong>planejamento cuidadoso<\/strong>, <strong>integrando as secretarias<\/strong> e <strong>utilizando esses vazios urbanos<\/strong>, podem ajudar a construir uma cidade \u201cmelhor e mais barata\u201d.\u00a0<\/p>\n<p>\u201cSe a gente realmente usar os vazios urbanos que a cidade tem hoje, e que n\u00e3o s\u00e3o poucos, a gente consegue fazer uma cidade menos cara, podendo fazer\u00a0mais investimento em seguran\u00e7a, educa\u00e7\u00e3o etc.\u00a0[\u2026] A gente est\u00e1 muito esperan\u00e7oso. Se a cidade conversar, a gente consegue ter uma cidade inteligente\u201d.\u00a0<\/p>\n<h3 class=\"wp-block-heading\"><strong>Longo caminho<\/strong>\u00a0<\/h3>\n<p>Mesmo com os avan\u00e7os, a <strong>arquiteta e urbanista Tercia Oliveira<\/strong>, mestre em engenharia urbana, faz um alerta importante. Em sua vis\u00e3o, <strong>Ribeir\u00e3o Preto est\u00e1 \u201cmuito aqu\u00e9m de uma cidade inteligente\u201d<\/strong>.\u00a0<\/p>\n<figure class=\"wp-block-pullquote\">\n<blockquote>\n<p>A gente tem muitas reclama\u00e7\u00f5es de que as informa\u00e7\u00f5es b\u00e1sicas de infraestrutura urbana, por exemplo, n\u00e3o s\u00e3o mapeadas. N\u00f3s n\u00e3o temos um sistema de geoprocessamento, de georreferenciamento, que seja eficiente para tomarmos decis\u00e3o. N\u00f3s n\u00e3o temos um plano estrat\u00e9gico que possa colocar planos em a\u00e7\u00e3o, em determinados prazos, para que as coisas aconte\u00e7am e as pessoas fiquem sabendo\u201d<\/p>\n<p><cite>Tercia Oliveira<\/cite><\/p><\/blockquote>\n<\/figure>\n<p>Ela ainda ressalta que a <strong>participa\u00e7\u00e3o da popula\u00e7\u00e3o \u00e9 essencial<\/strong> para que <strong>Ribeir\u00e3o Preto <\/strong>se transforme em uma <strong>cidade inteligente<\/strong>. \u201cA\u00a0gente precisa inserir a popula\u00e7\u00e3o nisso tudo, tanto no que vai ser implantado, quanto no que a popula\u00e7\u00e3o quer\u201d.\u00a0<\/p>\n<p>Assim como o diretor da <strong>AEAARP<\/strong>, Oliveira defende um <strong>planejamento cuidadoso<\/strong> e de longo prazo, com a\u00e7\u00f5es efetivas, incluindo alternativas de fornecimento de \u00e1gua e um plano de mobilidade eficiente, al\u00e9m de pol\u00edticas p\u00fablicas para emprego e renda, moradia digna e seguran\u00e7a.\u00a0<\/p>\n<p>O caminho para que <strong>Ribeir\u00e3o Preto<\/strong> se torne, de fato, uma <strong>cidade inteligente<\/strong> ainda \u00e9 longo. Apesar dos avan\u00e7os, especialistas alertam para a necessidade de planejamento estrat\u00e9gico, inclus\u00e3o social e participa\u00e7\u00e3o popular.\u00a0<\/p>\n<p>Vale lembrar que a transforma\u00e7\u00e3o depende n\u00e3o s\u00f3 de tecnologia, mas sim de decis\u00f5es e pol\u00edticas p\u00fablicas voltadas a todos os mun\u00edcipes.<\/p>\n<hr class=\"wp-block-separator has-alpha-channel-opacity\"\/>\n<p>SAIBA MAIS<\/p>\n<p>Corpus Christi e 169 anos de Ribeir\u00e3o Preto: veja os hor\u00e1rios do com\u00e9rcio e dos shoppings<\/p>\n<h2 class=\"wp-block-heading\"><strong>FIQUE ON<\/strong><\/h2>\n<p>Quer ficar por dentro de tudo que acontece em Ribeir\u00e3o Preto e regi\u00e3o? Ent\u00e3o siga os perfis do\u202facidade on\u202fno\u202f<a href=\"https:\/\/www.instagram.com\/acidadeonribeirao\" target=\"_blank\" rel=\"noreferrer noopener\">Instagram<\/a>\u202fe no\u202f<a href=\"https:\/\/www.facebook.com\/acidadeonribeirao\/\" target=\"_blank\" rel=\"noreferrer noopener\">Facebook<\/a>.<\/p>\n<p>Al\u00e9m disso, voc\u00ea pode receber as principais not\u00edcias diretamente no WhatsApp. Para isso, basta\u00a0<a href=\"https:\/\/chat.whatsapp.com\/BjKQZ9oJwlz8VVT50NuePq\" target=\"_blank\" rel=\"noreferrer noopener\">entrar no grupo clicando aqui<\/a>.<\/p>\n<p>Por fim, se quiser fazer uma den\u00fancia ou sugerir uma reportagem sobre Ribeir\u00e3o Preto e regi\u00e3o, envie uma mensagem pelo WhatsApp: (16) 99117-7802.<\/p>\n<p>VEJA TAMB\u00c9M<\/p>\n<p>Aligot com picadinho do \u2018Mais Voc\u00ea\u2019; confira receita<\/p>\n<p><!-- CONTENT END 1 -->\n<\/div>\n<p><script async src=\"\/\/www.instagram.com\/embed.js\"><\/script><br \/>\n<br \/><br \/>\n<br \/><a href=\"https:\/\/www.acidadeon.com\/ribeiraopreto\/cotidiano\/ribeirao-169-anos-entre-avancos-e-desafios-municipio-busca-se-tornar-uma-cidade-inteligente\/\">Source link <\/a><\/p>\n","protected":false},"excerpt":{"rendered":"<p>Ribeir\u00e3o Preto busca se tornar uma cidade inteligente. O munic\u00edpio j\u00e1 come\u00e7ou a modernizar o transporte p\u00fablico e a criar bairros com mais tecnologia e&#8230;<\/p>\n","protected":false},"author":1,"featured_media":72632,"comment_status":"open","ping_status":"open","sticky":false,"template":"","format":"standard","meta":{"advanced_seo_description":"","jetpack_seo_html_title":"","jetpack_seo_noindex":false,"jetpack_post_was_ever_published":false,"_jetpack_newsletter_access":"","_jetpack_dont_email_post_to_subs":false,"_jetpack_newsletter_tier_id":0,"_jetpack_memberships_contains_paywalled_content":false,"_jetpack_memberships_contains_paid_content":false,"footnotes":"","jetpack_publicize_message":"","jetpack_publicize_feature_enabled":true,"jetpack_social_post_already_shared":true,"jetpack_social_options":{"image_generator_settings":{"template":"highway","default_image_id":0,"font":"","enabled":false},"version":2}},"categories":[11],"tags":[],"class_list":["post-72631","post","type-post","status-publish","format-standard","has-post-thumbnail","hentry","category-noticias-de-ribeirao-preto-sp-e-regiao-ismael-colosi"],"jetpack_publicize_connections":[],"jetpack_featured_media_url":"https:\/\/i0.wp.com\/noticiasribeiraopreto.com.br\/wp-content\/uploads\/2025\/06\/Captura-de-tela-2025-06-19-004817_2025-06-19_03-48-29.webp.webp?fit=1200%2C598&ssl=1","jetpack-related-posts":[{"id":65033,"url":"https:\/\/noticiasribeiraopreto.com.br\/index.php\/2025\/03\/14\/painel-de-alerta-sobre-transito-esta-sendo-instalado-em-avenida-de-ribeirao-entenda\/","url_meta":{"origin":72631,"position":0},"title":"Painel de alerta sobre tr\u00e2nsito est\u00e1 sendo instalado em avenida de Ribeir\u00e3o; Entenda","author":"noticiasribeiraopreto.com.br","date":"14 de March de 2025","format":false,"excerpt":"Est\u00e1 em fase de implanta\u00e7\u00e3o na avenida Independ\u00eancia, zona Sul de Ribeir\u00e3o Preto, a estrutura do primeiro PMV (Painel de Mensagens Vari\u00e1veis) do munic\u00edpio. De acordo com a RP Mobi, empresa que gerencia o tr\u00e2nsito da cidade, o equipamento ir\u00e1 compor o ITS (Sistema Inteligente de Transporte), sob instala\u00e7\u00e3o do\u2026","rel":"","context":"In &quot;Not\u00edcias de Ribeir\u00e3o Preto-SP e Regi\u00e3o&quot;","block_context":{"text":"Not\u00edcias de Ribeir\u00e3o Preto-SP e Regi\u00e3o","link":"https:\/\/noticiasribeiraopreto.com.br\/index.php\/category\/noticias-de-ribeirao-preto-sp-e-regiao-ismael-colosi\/"},"img":{"alt_text":"","src":"https:\/\/i0.wp.com\/noticiasribeiraopreto.com.br\/wp-content\/uploads\/2025\/03\/Copia-de-Copia-de-Copia-de-TAMANHO-EXATO-PARA-FOTOS-NO-SISTEMA-NOVO-2025-03-14T190700.866_2025-03-14_22-08-30_png_2025-03-14_22-08-30.webp.webp?fit=1200%2C675&ssl=1&resize=350%2C200","width":350,"height":200,"srcset":"https:\/\/i0.wp.com\/noticiasribeiraopreto.com.br\/wp-content\/uploads\/2025\/03\/Copia-de-Copia-de-Copia-de-TAMANHO-EXATO-PARA-FOTOS-NO-SISTEMA-NOVO-2025-03-14T190700.866_2025-03-14_22-08-30_png_2025-03-14_22-08-30.webp.webp?fit=1200%2C675&ssl=1&resize=350%2C200 1x, https:\/\/i0.wp.com\/noticiasribeiraopreto.com.br\/wp-content\/uploads\/2025\/03\/Copia-de-Copia-de-Copia-de-TAMANHO-EXATO-PARA-FOTOS-NO-SISTEMA-NOVO-2025-03-14T190700.866_2025-03-14_22-08-30_png_2025-03-14_22-08-30.webp.webp?fit=1200%2C675&ssl=1&resize=525%2C300 1.5x, https:\/\/i0.wp.com\/noticiasribeiraopreto.com.br\/wp-content\/uploads\/2025\/03\/Copia-de-Copia-de-Copia-de-TAMANHO-EXATO-PARA-FOTOS-NO-SISTEMA-NOVO-2025-03-14T190700.866_2025-03-14_22-08-30_png_2025-03-14_22-08-30.webp.webp?fit=1200%2C675&ssl=1&resize=700%2C400 2x, https:\/\/i0.wp.com\/noticiasribeiraopreto.com.br\/wp-content\/uploads\/2025\/03\/Copia-de-Copia-de-Copia-de-TAMANHO-EXATO-PARA-FOTOS-NO-SISTEMA-NOVO-2025-03-14T190700.866_2025-03-14_22-08-30_png_2025-03-14_22-08-30.webp.webp?fit=1200%2C675&ssl=1&resize=1050%2C600 3x"},"classes":[]},{"id":72649,"url":"https:\/\/noticiasribeiraopreto.com.br\/index.php\/2025\/06\/19\/frente-fria-deve-trazer-chuva-e-geada-ao-estado-de-sp-veja-quando\/","url_meta":{"origin":72631,"position":1},"title":"Frente fria deve trazer chuva e geada ao estado de SP; Veja quando","author":"noticiasribeiraopreto.com.br","date":"19 de June de 2025","format":false,"excerpt":"Uma frente fria est\u00e1 prevista na pr\u00f3xima semana e deve trazer chuva e geada ao estado de S\u00e3o Paulo. Segundo Inmet (Instituto Nacional de Meteorologia), esse sistema deve chegar na segunda feira (23) at\u00e9 a faixa Sul do estado paulista. O inverno come\u00e7a \u00e0s 23h42 desta sexta-feira (20). Al\u00e9m das\u2026","rel":"","context":"In &quot;Not\u00edcias de Ribeir\u00e3o Preto-SP e Regi\u00e3o&quot;","block_context":{"text":"Not\u00edcias de Ribeir\u00e3o Preto-SP e Regi\u00e3o","link":"https:\/\/noticiasribeiraopreto.com.br\/index.php\/category\/noticias-de-ribeirao-preto-sp-e-regiao-ismael-colosi\/"},"img":{"alt_text":"","src":"https:\/\/i0.wp.com\/noticiasribeiraopreto.com.br\/wp-content\/uploads\/2025\/06\/frio-df_mcamgo_abr_110820221818-4_2024-07-08_17-50-52_jpg_2024-07-08_17-50-54-scaled.webp.webp?fit=1200%2C800&ssl=1&resize=350%2C200","width":350,"height":200,"srcset":"https:\/\/i0.wp.com\/noticiasribeiraopreto.com.br\/wp-content\/uploads\/2025\/06\/frio-df_mcamgo_abr_110820221818-4_2024-07-08_17-50-52_jpg_2024-07-08_17-50-54-scaled.webp.webp?fit=1200%2C800&ssl=1&resize=350%2C200 1x, https:\/\/i0.wp.com\/noticiasribeiraopreto.com.br\/wp-content\/uploads\/2025\/06\/frio-df_mcamgo_abr_110820221818-4_2024-07-08_17-50-52_jpg_2024-07-08_17-50-54-scaled.webp.webp?fit=1200%2C800&ssl=1&resize=525%2C300 1.5x, https:\/\/i0.wp.com\/noticiasribeiraopreto.com.br\/wp-content\/uploads\/2025\/06\/frio-df_mcamgo_abr_110820221818-4_2024-07-08_17-50-52_jpg_2024-07-08_17-50-54-scaled.webp.webp?fit=1200%2C800&ssl=1&resize=700%2C400 2x, https:\/\/i0.wp.com\/noticiasribeiraopreto.com.br\/wp-content\/uploads\/2025\/06\/frio-df_mcamgo_abr_110820221818-4_2024-07-08_17-50-52_jpg_2024-07-08_17-50-54-scaled.webp.webp?fit=1200%2C800&ssl=1&resize=1050%2C600 3x"},"classes":[]},{"id":72139,"url":"https:\/\/noticiasribeiraopreto.com.br\/index.php\/2025\/06\/13\/ribeirao-preto-celebra-169-anos-com-passeio-historico-gratuito-veja-como-participar\/","url_meta":{"origin":72631,"position":2},"title":"Ribeir\u00e3o Preto celebra 169 anos com passeio hist\u00f3rico gratuito; Veja como participar","author":"noticiasribeiraopreto.com.br","date":"13 de June de 2025","format":false,"excerpt":"Ribeir\u00e3o Preto recebe neste s\u00e1bado (14), das 9h \u00e0s 12h, um passeio hist\u00f3rico que busca promover a reconex\u00e3o da sociedade com a hist\u00f3ria e os marcos culturais do Centro do munic\u00edpio. O passeio \u00e9 gratuito, aberto a todos os p\u00fablicos e sem necessidade de inscri\u00e7\u00e3o pr\u00e9via. O evento faz parte\u2026","rel":"","context":"In &quot;Not\u00edcias de Ribeir\u00e3o Preto-SP e Regi\u00e3o&quot;","block_context":{"text":"Not\u00edcias de Ribeir\u00e3o Preto-SP e Regi\u00e3o","link":"https:\/\/noticiasribeiraopreto.com.br\/index.php\/category\/noticias-de-ribeirao-preto-sp-e-regiao-ismael-colosi\/"},"img":{"alt_text":"","src":"https:\/\/i0.wp.com\/noticiasribeiraopreto.com.br\/wp-content\/uploads\/2025\/06\/CENTRO-RIBEIRAO-PRETO-DRONE-Foto-Guilherme-Sircili-3_2024-07-08_18-03-23_jpg_2024-07-08_18-03-25-scaled.webp.webp?fit=1200%2C900&ssl=1&resize=350%2C200","width":350,"height":200,"srcset":"https:\/\/i0.wp.com\/noticiasribeiraopreto.com.br\/wp-content\/uploads\/2025\/06\/CENTRO-RIBEIRAO-PRETO-DRONE-Foto-Guilherme-Sircili-3_2024-07-08_18-03-23_jpg_2024-07-08_18-03-25-scaled.webp.webp?fit=1200%2C900&ssl=1&resize=350%2C200 1x, https:\/\/i0.wp.com\/noticiasribeiraopreto.com.br\/wp-content\/uploads\/2025\/06\/CENTRO-RIBEIRAO-PRETO-DRONE-Foto-Guilherme-Sircili-3_2024-07-08_18-03-23_jpg_2024-07-08_18-03-25-scaled.webp.webp?fit=1200%2C900&ssl=1&resize=525%2C300 1.5x, https:\/\/i0.wp.com\/noticiasribeiraopreto.com.br\/wp-content\/uploads\/2025\/06\/CENTRO-RIBEIRAO-PRETO-DRONE-Foto-Guilherme-Sircili-3_2024-07-08_18-03-23_jpg_2024-07-08_18-03-25-scaled.webp.webp?fit=1200%2C900&ssl=1&resize=700%2C400 2x, https:\/\/i0.wp.com\/noticiasribeiraopreto.com.br\/wp-content\/uploads\/2025\/06\/CENTRO-RIBEIRAO-PRETO-DRONE-Foto-Guilherme-Sircili-3_2024-07-08_18-03-23_jpg_2024-07-08_18-03-25-scaled.webp.webp?fit=1200%2C900&ssl=1&resize=1050%2C600 3x"},"classes":[]},{"id":79334,"url":"https:\/\/noticiasribeiraopreto.com.br\/index.php\/2025\/10\/29\/vai-ser-uma-pena-se-nao-concluir-diz-engenheiro-que-opera-semaforos-inteligentes-em-ribeirao\/","url_meta":{"origin":72631,"position":3},"title":"\u2018Vai ser uma pena se n\u00e3o concluir\u2019, diz engenheiro que opera sem\u00e1foros inteligentes em Ribeir\u00e3o","author":"noticiasribeiraopreto.com.br","date":"29 de October de 2025","format":false,"excerpt":"O engenheiro respons\u00e1vel pela opera\u00e7\u00e3o dos sem\u00e1foros inteligentes, o ITS, em Ribeir\u00e3o Preto, disse que \u201cvai ser uma pena\u201d se a cidade n\u00e3o concluir as pr\u00f3ximas duas etapas do sistema. Os representantes do Cons\u00f3rcio ITS participaram, nesta quarta-feira (29), da reuni\u00e3o da CPI (Comiss\u00e3o Parlamentar de Inqu\u00e9rito) que apura a\u2026","rel":"","context":"In &quot;Not\u00edcias de Ribeir\u00e3o Preto-SP e Regi\u00e3o&quot;","block_context":{"text":"Not\u00edcias de Ribeir\u00e3o Preto-SP e Regi\u00e3o","link":"https:\/\/noticiasribeiraopreto.com.br\/index.php\/category\/noticias-de-ribeirao-preto-sp-e-regiao-ismael-colosi\/"},"img":{"alt_text":"","src":"https:\/\/i0.wp.com\/noticiasribeiraopreto.com.br\/wp-content\/uploads\/2025\/10\/its-avenida-independencia_2025-10-29_21-11-08.webp.webp?fit=1200%2C808&ssl=1&resize=350%2C200","width":350,"height":200,"srcset":"https:\/\/i0.wp.com\/noticiasribeiraopreto.com.br\/wp-content\/uploads\/2025\/10\/its-avenida-independencia_2025-10-29_21-11-08.webp.webp?fit=1200%2C808&ssl=1&resize=350%2C200 1x, https:\/\/i0.wp.com\/noticiasribeiraopreto.com.br\/wp-content\/uploads\/2025\/10\/its-avenida-independencia_2025-10-29_21-11-08.webp.webp?fit=1200%2C808&ssl=1&resize=525%2C300 1.5x, https:\/\/i0.wp.com\/noticiasribeiraopreto.com.br\/wp-content\/uploads\/2025\/10\/its-avenida-independencia_2025-10-29_21-11-08.webp.webp?fit=1200%2C808&ssl=1&resize=700%2C400 2x, https:\/\/i0.wp.com\/noticiasribeiraopreto.com.br\/wp-content\/uploads\/2025\/10\/its-avenida-independencia_2025-10-29_21-11-08.webp.webp?fit=1200%2C808&ssl=1&resize=1050%2C600 3x"},"classes":[]},{"id":755,"url":"https:\/\/noticiasribeiraopreto.com.br\/index.php\/2023\/11\/09\/a-inovacao-necessaria-jornal-tribuna-ribeirao\/","url_meta":{"origin":72631,"position":4},"title":"A inova\u00e7\u00e3o necess\u00e1ria\u00a0 &#8211; Jornal Tribuna Ribeir\u00e3o","author":"noticiasribeiraopreto.com.br","date":"9 de November de 2023","format":false,"excerpt":"9 de novembro de 2023 | 8:208 de novembro de 2023 | 18:43 0Duarte Nogueira *\u202f[email\u00a0protected]\u202fParticipo nesta semana, como prefeito de Ribeir\u00e3o Preto e vice-presidente de Rela\u00e7\u00f5es com o Congresso Nacional da Frente Nacional de Prefeitos (FNP), do Smart City Expo World Congress em Barcelona, que teve in\u00edcio no dia\u2026","rel":"","context":"In &quot;Not\u00edcias de Ribeir\u00e3o Preto-SP e Regi\u00e3o&quot;","block_context":{"text":"Not\u00edcias de Ribeir\u00e3o Preto-SP e Regi\u00e3o","link":"https:\/\/noticiasribeiraopreto.com.br\/index.php\/category\/noticias-de-ribeirao-preto-sp-e-regiao-ismael-colosi\/"},"img":{"alt_text":"","src":"https:\/\/i0.wp.com\/noticiasribeiraopreto.com.br\/wp-content\/uploads\/2023\/11\/duarte-nogueira.jpg?fit=700%2C450&ssl=1&resize=350%2C200","width":350,"height":200,"srcset":"https:\/\/i0.wp.com\/noticiasribeiraopreto.com.br\/wp-content\/uploads\/2023\/11\/duarte-nogueira.jpg?fit=700%2C450&ssl=1&resize=350%2C200 1x, https:\/\/i0.wp.com\/noticiasribeiraopreto.com.br\/wp-content\/uploads\/2023\/11\/duarte-nogueira.jpg?fit=700%2C450&ssl=1&resize=525%2C300 1.5x, https:\/\/i0.wp.com\/noticiasribeiraopreto.com.br\/wp-content\/uploads\/2023\/11\/duarte-nogueira.jpg?fit=700%2C450&ssl=1&resize=700%2C400 2x"},"classes":[]},{"id":59754,"url":"https:\/\/noticiasribeiraopreto.com.br\/index.php\/2024\/10\/29\/utm_sourcerssutm_mediumrssutm_campaignricardo-silva-promete-transicao-com-especialistas-da-usp-em-reuniao-com-nogueira-para-o-futuro-de-ribeirao-preto\/","url_meta":{"origin":72631,"position":5},"title":"Ricardo Silva Promete Transi\u00e7\u00e3o com Especialistas da USP em Reuni\u00e3o com Nogueira para o Futuro de Ribeir\u00e3o Preto","author":"noticiasribeiraopreto.com.br","date":"29 de October de 2024","format":false,"excerpt":"O prefeito eleito de Ribeir\u00e3o Preto, Ricardo Silva, se reuniu nesta ter\u00e7a-feira com o atual prefeito, Duarte Nogueira, para dar in\u00edcio ao processo de transi\u00e7\u00e3o de governo. Silva anunciou planos para convidar professores e especialistas da Universidade de S\u00e3o Paulo (USP) a participar do planejamento e da elabora\u00e7\u00e3o de estrat\u00e9gias\u2026","rel":"","context":"In &quot;Not\u00edcias de Ribeir\u00e3o Preto-SP e Regi\u00e3o&quot;","block_context":{"text":"Not\u00edcias de Ribeir\u00e3o Preto-SP e Regi\u00e3o","link":"https:\/\/noticiasribeiraopreto.com.br\/index.php\/category\/noticias-de-ribeirao-preto-sp-e-regiao-ismael-colosi\/"},"img":{"alt_text":"","src":"https:\/\/i0.wp.com\/noticiasribeiraopreto.com.br\/wp-content\/uploads\/2024\/10\/17_de_junho_dia_do_servidor_aposentado_2023-768x568-1.jpeg?fit=768%2C568&ssl=1&resize=350%2C200","width":350,"height":200,"srcset":"https:\/\/i0.wp.com\/noticiasribeiraopreto.com.br\/wp-content\/uploads\/2024\/10\/17_de_junho_dia_do_servidor_aposentado_2023-768x568-1.jpeg?fit=768%2C568&ssl=1&resize=350%2C200 1x, https:\/\/i0.wp.com\/noticiasribeiraopreto.com.br\/wp-content\/uploads\/2024\/10\/17_de_junho_dia_do_servidor_aposentado_2023-768x568-1.jpeg?fit=768%2C568&ssl=1&resize=525%2C300 1.5x, https:\/\/i0.wp.com\/noticiasribeiraopreto.com.br\/wp-content\/uploads\/2024\/10\/17_de_junho_dia_do_servidor_aposentado_2023-768x568-1.jpeg?fit=768%2C568&ssl=1&resize=700%2C400 2x"},"classes":[]}],"jetpack_sharing_enabled":true,"jetpack_shortlink":"https:\/\/wp.me\/peQAOb-iTt","_links":{"self":[{"href":"https:\/\/noticiasribeiraopreto.com.br\/index.php\/wp-json\/wp\/v2\/posts\/72631","targetHints":{"allow":["GET"]}}],"collection":[{"href":"https:\/\/noticiasribeiraopreto.com.br\/index.php\/wp-json\/wp\/v2\/posts"}],"about":[{"href":"https:\/\/noticiasribeiraopreto.com.br\/index.php\/wp-json\/wp\/v2\/types\/post"}],"author":[{"embeddable":true,"href":"https:\/\/noticiasribeiraopreto.com.br\/index.php\/wp-json\/wp\/v2\/users\/1"}],"replies":[{"embeddable":true,"href":"https:\/\/noticiasribeiraopreto.com.br\/index.php\/wp-json\/wp\/v2\/comments?post=72631"}],"version-history":[{"count":0,"href":"https:\/\/noticiasribeiraopreto.com.br\/index.php\/wp-json\/wp\/v2\/posts\/72631\/revisions"}],"wp:featuredmedia":[{"embeddable":true,"href":"https:\/\/noticiasribeiraopreto.com.br\/index.php\/wp-json\/wp\/v2\/media\/72632"}],"wp:attachment":[{"href":"https:\/\/noticiasribeiraopreto.com.br\/index.php\/wp-json\/wp\/v2\/media?parent=72631"}],"wp:term":[{"taxonomy":"category","embeddable":true,"href":"https:\/\/noticiasribeiraopreto.com.br\/index.php\/wp-json\/wp\/v2\/categories?post=72631"},{"taxonomy":"post_tag","embeddable":true,"href":"https:\/\/noticiasribeiraopreto.com.br\/index.php\/wp-json\/wp\/v2\/tags?post=72631"}],"curies":[{"name":"wp","href":"https:\/\/api.w.org\/{rel}","templated":true}]}}