{"id":72635,"date":"2025-06-19T10:32:39","date_gmt":"2025-06-19T13:32:39","guid":{"rendered":"https:\/\/noticiasribeiraopreto.com.br\/index.php\/2025\/06\/19\/ribeirao-preto-169-anos-o-segredo-da-cidade-que-virou-centro-de-excelencia-em-saude\/"},"modified":"2025-06-19T10:32:39","modified_gmt":"2025-06-19T13:32:39","slug":"ribeirao-preto-169-anos-o-segredo-da-cidade-que-virou-centro-de-excelencia-em-saude","status":"publish","type":"post","link":"https:\/\/noticiasribeiraopreto.com.br\/index.php\/2025\/06\/19\/ribeirao-preto-169-anos-o-segredo-da-cidade-que-virou-centro-de-excelencia-em-saude\/","title":{"rendered":"Ribeir\u00e3o Preto 169 anos: o segredo da cidade que virou centro de excel\u00eancia em sa\u00fade"},"content":{"rendered":"<p> <br \/>\n<\/p>\n<div>\n<p><strong>Ribeir\u00e3o Preto \u00e9 hoje um dos principais polos de sa\u00fade do Brasil.<\/strong> O que se v\u00ea no munic\u00edpio \u00e9 resultado de uma estrutura s\u00f3lida, que <strong>combina forma\u00e7\u00e3o universit\u00e1ria<\/strong>, <strong>pesquisa<\/strong>, <strong>rede hospitalar p\u00fablica<\/strong> e <strong>privada<\/strong>, al\u00e9m de<strong> investimentos cont\u00ednuos em expans\u00e3o de servi\u00e7os<\/strong> e <strong>infraestrutura<\/strong>.<\/p>\n<p>A consolida\u00e7\u00e3o desse setor se apoia em ra\u00edzes hist\u00f3ricas profundas e em a\u00e7\u00f5es estrat\u00e9gicas recentes \u2014 como a USP construindo um novo complexo de sa\u00fade p\u00fablica, a expans\u00e3o do hospital privado da Rede D\u2019Or e o reconhecimento internacional que Ribeir\u00e3o Preto conquistou pelo tratamento de AVC.<\/p>\n<p>\ud83d\udd0d <em>Essa reportagem faz parte de uma s\u00e9rie especial em comemora\u00e7\u00e3o ao anivers\u00e1rio de 169 anos de Ribeir\u00e3o Preto, celebrado no dia 19 de junho de 2025. Clique aqui e veja as outras mat\u00e9rias.<\/em>\u00a0<\/p>\n<h3 class=\"wp-block-heading\"><strong>Livro analisa forma\u00e7\u00e3o hist\u00f3rica do polo de sa\u00fade<\/strong><\/h3>\n<p>Esse percurso de desenvolvimento \u00e9 tema central do livro <em>\u201cForma\u00e7\u00e3o do polo da sa\u00fade de Ribeir\u00e3o Preto: ind\u00fastrias, institui\u00e7\u00f5es e empreendedores\u201d<\/em>, da historiadora <strong>Erika Moretini<\/strong>. A obra explica como o munic\u00edpio se transformou em um centro de excel\u00eancia na \u00e1rea da sa\u00fade, destacando o papel de empreendedores locais, institui\u00e7\u00f5es de ensino e pol\u00edticas p\u00fablicas.<\/p>\n<figure class=\"wp-block-gallery has-nested-images columns-default is-cropped wp-block-gallery-1 is-layout-flex wp-block-gallery-is-layout-flex\">\n<figure class=\"wp-block-image size-large\"><img data-recalc-dims=\"1\" fetchpriority=\"high\" decoding=\"async\" width=\"682\" height=\"1024\" data-id=\"120255\" src=\"https:\/\/i0.wp.com\/cdn.media-acidadeon.com.br\/ribeiraopreto\/wp-content\/uploads\/sites\/3\/2025\/06\/Imagem-do-WhatsApp-de-2025-06-18-as-16.21.21_00b0bd7e_2025-06-18_19-28-22-682x1024.webp?resize=682%2C1024&#038;ssl=1\" alt=\"\" class=\"wp-image-120255\" srcset=\"https:\/\/cdn.media-acidadeon.com.br\/ribeiraopreto\/wp-content\/uploads\/sites\/3\/2025\/06\/Imagem-do-WhatsApp-de-2025-06-18-as-16.21.21_00b0bd7e_2025-06-18_19-28-22-682x1024.webp 682w, https:\/\/cdn.media-acidadeon.com.br\/ribeiraopreto\/wp-content\/uploads\/sites\/3\/2025\/06\/Imagem-do-WhatsApp-de-2025-06-18-as-16.21.21_00b0bd7e_2025-06-18_19-28-22-200x300.webp 200w, https:\/\/cdn.media-acidadeon.com.br\/ribeiraopreto\/wp-content\/uploads\/sites\/3\/2025\/06\/Imagem-do-WhatsApp-de-2025-06-18-as-16.21.21_00b0bd7e_2025-06-18_19-28-22-768x1152.webp 768w, https:\/\/cdn.media-acidadeon.com.br\/ribeiraopreto\/wp-content\/uploads\/sites\/3\/2025\/06\/Imagem-do-WhatsApp-de-2025-06-18-as-16.21.21_00b0bd7e_2025-06-18_19-28-22-696x1044.webp 696w, https:\/\/cdn.media-acidadeon.com.br\/ribeiraopreto\/wp-content\/uploads\/sites\/3\/2025\/06\/Imagem-do-WhatsApp-de-2025-06-18-as-16.21.21_00b0bd7e_2025-06-18_19-28-22.webp 853w\" sizes=\"(max-width: 682px) 100vw, 682px\"\/><\/figure>\n<figure class=\"wp-block-image size-large\"><img data-recalc-dims=\"1\" loading=\"lazy\" decoding=\"async\" width=\"676\" height=\"1024\" data-id=\"120256\" src=\"https:\/\/i0.wp.com\/cdn.media-acidadeon.com.br\/ribeiraopreto\/wp-content\/uploads\/sites\/3\/2025\/06\/Imagem-do-WhatsApp-de-2025-06-18-as-16.22.27_2259c7c0_2025-06-18_19-28-25-676x1024.webp?resize=676%2C1024&#038;ssl=1\" alt=\"\" class=\"wp-image-120256\" srcset=\"https:\/\/cdn.media-acidadeon.com.br\/ribeiraopreto\/wp-content\/uploads\/sites\/3\/2025\/06\/Imagem-do-WhatsApp-de-2025-06-18-as-16.22.27_2259c7c0_2025-06-18_19-28-25-676x1024.webp 676w, https:\/\/cdn.media-acidadeon.com.br\/ribeiraopreto\/wp-content\/uploads\/sites\/3\/2025\/06\/Imagem-do-WhatsApp-de-2025-06-18-as-16.22.27_2259c7c0_2025-06-18_19-28-25-198x300.webp 198w, https:\/\/cdn.media-acidadeon.com.br\/ribeiraopreto\/wp-content\/uploads\/sites\/3\/2025\/06\/Imagem-do-WhatsApp-de-2025-06-18-as-16.22.27_2259c7c0_2025-06-18_19-28-25-768x1163.webp 768w, https:\/\/cdn.media-acidadeon.com.br\/ribeiraopreto\/wp-content\/uploads\/sites\/3\/2025\/06\/Imagem-do-WhatsApp-de-2025-06-18-as-16.22.27_2259c7c0_2025-06-18_19-28-25-696x1054.webp 696w, https:\/\/cdn.media-acidadeon.com.br\/ribeiraopreto\/wp-content\/uploads\/sites\/3\/2025\/06\/Imagem-do-WhatsApp-de-2025-06-18-as-16.22.27_2259c7c0_2025-06-18_19-28-25.webp 845w\" sizes=\"auto, (max-width: 676px) 100vw, 676px\"\/><\/figure>\n<\/figure>\n<p>Segundo a autora, esse processo come\u00e7ou ainda no final do s\u00e9culo XIX, impulsionado pela riqueza gerada pela cafeicultura.<\/p>\n<figure class=\"wp-block-pullquote\">\n<blockquote>\n<p> Ribeir\u00e3o Preto passou a se transformar em uma cidade moderna, com uma elite econ\u00f4mica interessada em investir em infraestrutura, sa\u00fade e educa\u00e7\u00e3o<\/p>\n<p><cite>afirma Moretini<\/cite><\/p><\/blockquote>\n<\/figure>\n<p>Ela explica que, ao longo do s\u00e9culo XX, a <strong>cidade fortaleceu seu perfil como polo da sa\u00fade ao reunir setores complementares<\/strong>. <em>\u201cEla se consolidou como um polo industrial da sa\u00fade, combinando o desenvolvimento de universidades, ind\u00fastrias e servi\u00e7os m\u00e9dico-odontol\u00f3gicos \u00e0s pol\u00edticas p\u00fablicas locais.\u201d<\/em><\/p>\n<p>A historiadora tamb\u00e9m destaca a articula\u00e7\u00e3o entre os diferentes atores como fator determinante para esse sucesso.<\/p>\n<figure class=\"wp-block-pullquote\">\n<blockquote>\n<p> O diferencial de Ribeir\u00e3o foi o modo como conseguiu integrar universidades, setor produtivo e governo local, criando uma base s\u00f3lida para a inova\u00e7\u00e3o e a presta\u00e7\u00e3o de servi\u00e7os em sa\u00fade<\/p>\n<p><cite>finaliza<\/cite><\/p><\/blockquote>\n<\/figure>\n<h3 class=\"wp-block-heading\"><strong>USP \u2013 Entre tradi\u00e7\u00e3o e inova\u00e7\u00e3o<\/strong><\/h3>\n<p><strong>A hist\u00f3ria da sa\u00fade p\u00fablica em Ribeir\u00e3o Preto est\u00e1 ligada \u00e0 Universidade de S\u00e3o Paulo (USP)<\/strong>. Desde 1952, quando a Faculdade de Medicina se instalou oficialmente, a USP constr\u00f3i uma trajet\u00f3ria de inova\u00e7\u00e3o e compromisso com a assist\u00eancia e a forma\u00e7\u00e3o em sa\u00fade. No in\u00edcio, a <strong>Santa Casa abrigou provisoriamente os atendimentos cl\u00ednicos.<\/strong><\/p>\n<p>Pouco depois, em <strong>1953<\/strong>, um conv\u00eanio com a<strong> Funda\u00e7\u00e3o Sinh\u00e1 Junqueira viabilizou o uso do pr\u00e9dio na rua Bernardino de Campos<\/strong>, permitindo o funcionamento do futuro <strong>Hospital das Cl\u00ednicas (HC).<\/strong><\/p>\n<p>A constru\u00e7\u00e3o da sede pr\u00f3pria do HC, no Campus Monte Alegre, come\u00e7ou em <strong>1963 <\/strong>e, ap\u00f3s interrup\u00e7\u00f5es, foi conclu\u00edda em <strong>1979<\/strong>. Nesse intervalo, o hospital consolidou sua import\u00e2ncia, realizando feitos pioneiros como o primeiro transplante de rim com doador cad\u00e1ver na Am\u00e9rica Latina, em <strong>1968<\/strong>.<\/p>\n<figure class=\"wp-block-gallery has-nested-images columns-default is-cropped wp-block-gallery-2 is-layout-flex wp-block-gallery-is-layout-flex\">\n<figure class=\"wp-block-image size-large\"><img data-recalc-dims=\"1\" loading=\"lazy\" decoding=\"async\" width=\"1024\" height=\"612\" data-id=\"120259\" src=\"https:\/\/i0.wp.com\/cdn.media-acidadeon.com.br\/ribeiraopreto\/wp-content\/uploads\/sites\/3\/2025\/06\/Imagem-do-WhatsApp-de-2025-06-18-as-13.59.59_8793b303_2025-06-18_20-10-52-1024x612.webp?resize=1024%2C612&#038;ssl=1\" alt=\"\" class=\"wp-image-120259\" srcset=\"https:\/\/cdn.media-acidadeon.com.br\/ribeiraopreto\/wp-content\/uploads\/sites\/3\/2025\/06\/Imagem-do-WhatsApp-de-2025-06-18-as-13.59.59_8793b303_2025-06-18_20-10-52-1024x612.webp 1024w, https:\/\/cdn.media-acidadeon.com.br\/ribeiraopreto\/wp-content\/uploads\/sites\/3\/2025\/06\/Imagem-do-WhatsApp-de-2025-06-18-as-13.59.59_8793b303_2025-06-18_20-10-52-300x179.webp 300w, https:\/\/cdn.media-acidadeon.com.br\/ribeiraopreto\/wp-content\/uploads\/sites\/3\/2025\/06\/Imagem-do-WhatsApp-de-2025-06-18-as-13.59.59_8793b303_2025-06-18_20-10-52-768x459.webp 768w, https:\/\/cdn.media-acidadeon.com.br\/ribeiraopreto\/wp-content\/uploads\/sites\/3\/2025\/06\/Imagem-do-WhatsApp-de-2025-06-18-as-13.59.59_8793b303_2025-06-18_20-10-52-696x416.webp 696w, https:\/\/cdn.media-acidadeon.com.br\/ribeiraopreto\/wp-content\/uploads\/sites\/3\/2025\/06\/Imagem-do-WhatsApp-de-2025-06-18-as-13.59.59_8793b303_2025-06-18_20-10-52-1068x638.webp 1068w, https:\/\/cdn.media-acidadeon.com.br\/ribeiraopreto\/wp-content\/uploads\/sites\/3\/2025\/06\/Imagem-do-WhatsApp-de-2025-06-18-as-13.59.59_8793b303_2025-06-18_20-10-52.webp 1200w\" sizes=\"auto, (max-width: 1024px) 100vw, 1024px\"\/><\/figure>\n<figure class=\"wp-block-image size-large\"><img data-recalc-dims=\"1\" loading=\"lazy\" decoding=\"async\" width=\"665\" height=\"529\" data-id=\"120260\" src=\"https:\/\/i0.wp.com\/cdn.media-acidadeon.com.br\/ribeiraopreto\/wp-content\/uploads\/sites\/3\/2025\/06\/Imagem-do-WhatsApp-de-2025-06-18-as-14.00.28_e9af9782_2025-06-18_20-10-55.webp?resize=665%2C529&#038;ssl=1\" alt=\"\" class=\"wp-image-120260\" srcset=\"https:\/\/cdn.media-acidadeon.com.br\/ribeiraopreto\/wp-content\/uploads\/sites\/3\/2025\/06\/Imagem-do-WhatsApp-de-2025-06-18-as-14.00.28_e9af9782_2025-06-18_20-10-55.webp 665w, https:\/\/cdn.media-acidadeon.com.br\/ribeiraopreto\/wp-content\/uploads\/sites\/3\/2025\/06\/Imagem-do-WhatsApp-de-2025-06-18-as-14.00.28_e9af9782_2025-06-18_20-10-55-300x239.webp 300w\" sizes=\"auto, (max-width: 665px) 100vw, 665px\"\/><\/figure>\n<figure class=\"wp-block-image size-large\"><img data-recalc-dims=\"1\" loading=\"lazy\" decoding=\"async\" width=\"1024\" height=\"608\" data-id=\"120261\" src=\"https:\/\/i0.wp.com\/cdn.media-acidadeon.com.br\/ribeiraopreto\/wp-content\/uploads\/sites\/3\/2025\/06\/Imagem-do-WhatsApp-de-2025-06-18-as-14.03.42_aea1573e_2025-06-18_20-10-56-1024x608.webp?resize=1024%2C608&#038;ssl=1\" alt=\"\" class=\"wp-image-120261\" srcset=\"https:\/\/cdn.media-acidadeon.com.br\/ribeiraopreto\/wp-content\/uploads\/sites\/3\/2025\/06\/Imagem-do-WhatsApp-de-2025-06-18-as-14.03.42_aea1573e_2025-06-18_20-10-56-1024x608.webp 1024w, https:\/\/cdn.media-acidadeon.com.br\/ribeiraopreto\/wp-content\/uploads\/sites\/3\/2025\/06\/Imagem-do-WhatsApp-de-2025-06-18-as-14.03.42_aea1573e_2025-06-18_20-10-56-300x178.webp 300w, https:\/\/cdn.media-acidadeon.com.br\/ribeiraopreto\/wp-content\/uploads\/sites\/3\/2025\/06\/Imagem-do-WhatsApp-de-2025-06-18-as-14.03.42_aea1573e_2025-06-18_20-10-56-768x456.webp 768w, https:\/\/cdn.media-acidadeon.com.br\/ribeiraopreto\/wp-content\/uploads\/sites\/3\/2025\/06\/Imagem-do-WhatsApp-de-2025-06-18-as-14.03.42_aea1573e_2025-06-18_20-10-56-696x413.webp 696w, https:\/\/cdn.media-acidadeon.com.br\/ribeiraopreto\/wp-content\/uploads\/sites\/3\/2025\/06\/Imagem-do-WhatsApp-de-2025-06-18-as-14.03.42_aea1573e_2025-06-18_20-10-56-1068x634.webp 1068w, https:\/\/cdn.media-acidadeon.com.br\/ribeiraopreto\/wp-content\/uploads\/sites\/3\/2025\/06\/Imagem-do-WhatsApp-de-2025-06-18-as-14.03.42_aea1573e_2025-06-18_20-10-56.webp 1200w\" sizes=\"auto, (max-width: 1024px) 100vw, 1024px\"\/><\/figure>\n<\/figure>\n<p>Dando continuidade a esse legado, a <strong>USP e a Prefeitura de Ribeir\u00e3o Preto anunciaram um novo complexo de sa\u00fade p\u00fablica na zona Sul da cidade<\/strong>, com 780 mil m\u00b2, que incluir\u00e1 um Hospital das Cl\u00ednicas com 400 leitos, centros de reabilita\u00e7\u00e3o, unidades de sa\u00fade mental, pesquisa e ensino.<\/p>\n<p>Com investimento inicial de R$ 281 milh\u00f5es e opera\u00e7\u00e3o custeada por Estado e munic\u00edpio, o novo complexo ser\u00e1 entregue em etapas, sem prazo final definido.<\/p>\n<h3 class=\"wp-block-heading\"><strong>Novo hospital da Rede D\u2019Or <\/strong><\/h3>\n<p>A constru\u00e7\u00e3o do <strong>Hospital S\u00e3o Luiz Ribeir\u00e3o Preto<\/strong>, da Rede D\u2019Or, \u00e9 outro ponto de expans\u00e3o no sistema de sa\u00fade da cidade. <strong>O empreendimento est\u00e1 em andamento dentro do Ribeir\u00e3o Shopping<\/strong>, na zona Sul, e deve ocupar uma \u00e1rea de mais de 37 mil m\u00b2.<\/p>\n<figure class=\"wp-block-gallery has-nested-images columns-default is-cropped wp-block-gallery-3 is-layout-flex wp-block-gallery-is-layout-flex\">\n<figure class=\"wp-block-image size-large\"><img data-recalc-dims=\"1\" loading=\"lazy\" decoding=\"async\" width=\"1024\" height=\"461\" data-id=\"120253\" src=\"https:\/\/i0.wp.com\/cdn.media-acidadeon.com.br\/ribeiraopreto\/wp-content\/uploads\/sites\/3\/2025\/06\/Imagem-do-WhatsApp-de-2025-06-16-as-14.41.35_34e09e2b_2025-06-18_19-26-25-1024x461.webp?resize=1024%2C461&#038;ssl=1\" alt=\"\" class=\"wp-image-120253\" srcset=\"https:\/\/cdn.media-acidadeon.com.br\/ribeiraopreto\/wp-content\/uploads\/sites\/3\/2025\/06\/Imagem-do-WhatsApp-de-2025-06-16-as-14.41.35_34e09e2b_2025-06-18_19-26-25-1024x461.webp 1024w, https:\/\/cdn.media-acidadeon.com.br\/ribeiraopreto\/wp-content\/uploads\/sites\/3\/2025\/06\/Imagem-do-WhatsApp-de-2025-06-16-as-14.41.35_34e09e2b_2025-06-18_19-26-25-300x135.webp 300w, https:\/\/cdn.media-acidadeon.com.br\/ribeiraopreto\/wp-content\/uploads\/sites\/3\/2025\/06\/Imagem-do-WhatsApp-de-2025-06-16-as-14.41.35_34e09e2b_2025-06-18_19-26-25-768x346.webp 768w, https:\/\/cdn.media-acidadeon.com.br\/ribeiraopreto\/wp-content\/uploads\/sites\/3\/2025\/06\/Imagem-do-WhatsApp-de-2025-06-16-as-14.41.35_34e09e2b_2025-06-18_19-26-25-696x313.webp 696w, https:\/\/cdn.media-acidadeon.com.br\/ribeiraopreto\/wp-content\/uploads\/sites\/3\/2025\/06\/Imagem-do-WhatsApp-de-2025-06-16-as-14.41.35_34e09e2b_2025-06-18_19-26-25-1068x481.webp 1068w, https:\/\/cdn.media-acidadeon.com.br\/ribeiraopreto\/wp-content\/uploads\/sites\/3\/2025\/06\/Imagem-do-WhatsApp-de-2025-06-16-as-14.41.35_34e09e2b_2025-06-18_19-26-25.webp 1200w\" sizes=\"auto, (max-width: 1024px) 100vw, 1024px\"\/><\/figure>\n<figure class=\"wp-block-image size-large\"><img data-recalc-dims=\"1\" loading=\"lazy\" decoding=\"async\" width=\"1024\" height=\"461\" data-id=\"120254\" src=\"https:\/\/i0.wp.com\/cdn.media-acidadeon.com.br\/ribeiraopreto\/wp-content\/uploads\/sites\/3\/2025\/06\/Imagem-do-WhatsApp-de-2025-06-16-as-14.41.35_788d8f3b_2025-06-18_19-26-28-1024x461.webp?resize=1024%2C461&#038;ssl=1\" alt=\"\" class=\"wp-image-120254\" srcset=\"https:\/\/cdn.media-acidadeon.com.br\/ribeiraopreto\/wp-content\/uploads\/sites\/3\/2025\/06\/Imagem-do-WhatsApp-de-2025-06-16-as-14.41.35_788d8f3b_2025-06-18_19-26-28-1024x461.webp 1024w, https:\/\/cdn.media-acidadeon.com.br\/ribeiraopreto\/wp-content\/uploads\/sites\/3\/2025\/06\/Imagem-do-WhatsApp-de-2025-06-16-as-14.41.35_788d8f3b_2025-06-18_19-26-28-300x135.webp 300w, https:\/\/cdn.media-acidadeon.com.br\/ribeiraopreto\/wp-content\/uploads\/sites\/3\/2025\/06\/Imagem-do-WhatsApp-de-2025-06-16-as-14.41.35_788d8f3b_2025-06-18_19-26-28-768x346.webp 768w, https:\/\/cdn.media-acidadeon.com.br\/ribeiraopreto\/wp-content\/uploads\/sites\/3\/2025\/06\/Imagem-do-WhatsApp-de-2025-06-16-as-14.41.35_788d8f3b_2025-06-18_19-26-28-696x313.webp 696w, https:\/\/cdn.media-acidadeon.com.br\/ribeiraopreto\/wp-content\/uploads\/sites\/3\/2025\/06\/Imagem-do-WhatsApp-de-2025-06-16-as-14.41.35_788d8f3b_2025-06-18_19-26-28-1068x481.webp 1068w, https:\/\/cdn.media-acidadeon.com.br\/ribeiraopreto\/wp-content\/uploads\/sites\/3\/2025\/06\/Imagem-do-WhatsApp-de-2025-06-16-as-14.41.35_788d8f3b_2025-06-18_19-26-28.webp 1200w\" sizes=\"auto, (max-width: 1024px) 100vw, 1024px\"\/><\/figure>\n<\/figure>\n<p>Na primeira fase, ser\u00e1 entregue uma unidade hospitalar com 138 leitos, pronto atendimento adulto e pedi\u00e1trico, UTIs e centro cir\u00fargico. A segunda etapa prev\u00ea a constru\u00e7\u00e3o de uma torre hospitalar com 10 andares, que elevar\u00e1 a capacidade para 290 leitos e incluir\u00e1 diagn\u00f3stico por imagem e consult\u00f3rios ambulatoriais.<\/p>\n<p>O <strong><em>acidade on<\/em><\/strong> tentou contato com a rede D\u2019or, mas n\u00e3o houve retorno at\u00e9 a publica\u00e7\u00e3o deste material. <\/p>\n<h3 class=\"wp-block-heading\"><strong>Reconhecimento<\/strong><\/h3>\n<p>O reconhecimento de <strong>Ribeir\u00e3o Preto<\/strong> como a <strong>1\u00aa Cidade Angels no mundo<\/strong> no tratamento de Acidente Vascular Cerebral (AVC) refor\u00e7a a qualidade da rede de aten\u00e7\u00e3o local. A certifica\u00e7\u00e3o \u00e9 concedida pela <em>Angels Initiative<\/em>, <strong>organiza\u00e7\u00e3o internacional presente em mais de 140 pa\u00edses e voltada \u00e0 melhoria do atendimento ao AVC em comunidades locais.<\/strong><\/p>\n<p>O t\u00edtulo reconhece o comprometimento da cidade com a melhoria cont\u00ednua na linha de cuidado do AVC, envolvendo hospitais, profissionais de sa\u00fade e pol\u00edticas p\u00fablicas integradas. O programa est\u00e1 ativo no Brasil desde 2017 e \u00e9 adotado por mais de 8 mil institui\u00e7\u00f5es de sa\u00fade no mundo.<\/p>\n<hr class=\"wp-block-separator has-alpha-channel-opacity\"\/>\n<p>SAIBA MAIS<\/p>\n<p>Ribeir\u00e3o Preto 169 anos: Terra da ci\u00eancia, ber\u00e7o do Genoma SUS<\/p>\n<h2 class=\"wp-block-heading\"><strong>FIQUE ON<\/strong><\/h2>\n<p>Quer ficar por dentro de tudo que acontece em Ribeir\u00e3o Preto e regi\u00e3o? Ent\u00e3o siga os perfis do\u202facidade on\u202fno\u202f<a href=\"https:\/\/www.instagram.com\/acidadeonribeirao\" target=\"_blank\" rel=\"noreferrer noopener\">Instagram<\/a>\u202fe no\u202f<a href=\"https:\/\/www.facebook.com\/acidadeonribeirao\/\" target=\"_blank\" rel=\"noreferrer noopener\">Facebook<\/a>.<\/p>\n<p>Al\u00e9m disso, voc\u00ea pode receber as principais not\u00edcias diretamente no WhatsApp. Para isso, basta\u00a0<a href=\"https:\/\/chat.whatsapp.com\/BjKQZ9oJwlz8VVT50NuePq\" target=\"_blank\" rel=\"noreferrer noopener\">entrar no grupo clicando aqui<\/a>.<\/p>\n<p>Por fim, se quiser fazer uma den\u00fancia ou sugerir uma reportagem sobre Ribeir\u00e3o Preto e regi\u00e3o, envie uma mensagem pelo WhatsApp: (16) 99117-7802.<\/p>\n<p>VEJA TAMB\u00c9M<\/p>\n<p>Quem denunciou o padre F\u00e1bio de Melo? <mark style=\"background-color:#ffffff\" class=\"has-inline-color has-white-color\">contudo,<\/mark><\/p>\n<p><!-- CONTENT END 1 -->\n<\/div>\n<p><script async src=\"\/\/www.instagram.com\/embed.js\"><\/script><br \/>\n<br \/><br \/>\n<br \/><a href=\"https:\/\/www.acidadeon.com\/ribeiraopreto\/cotidiano\/ribeirao-preto-169-anos-o-segredo-da-cidade-que-virou-centro-de-excelencia-em-saude\/\">Source link <\/a><\/p>\n","protected":false},"excerpt":{"rendered":"<p>Ribeir\u00e3o Preto \u00e9 hoje um dos principais polos de sa\u00fade do Brasil. O que se v\u00ea no munic\u00edpio \u00e9 resultado de uma estrutura s\u00f3lida, que&#8230;<\/p>\n","protected":false},"author":1,"featured_media":72636,"comment_status":"open","ping_status":"open","sticky":false,"template":"","format":"standard","meta":{"advanced_seo_description":"","jetpack_seo_html_title":"","jetpack_seo_noindex":false,"jetpack_post_was_ever_published":false,"_jetpack_newsletter_access":"","_jetpack_dont_email_post_to_subs":false,"_jetpack_newsletter_tier_id":0,"_jetpack_memberships_contains_paywalled_content":false,"_jetpack_memberships_contains_paid_content":false,"footnotes":"","jetpack_publicize_message":"","jetpack_publicize_feature_enabled":true,"jetpack_social_post_already_shared":true,"jetpack_social_options":{"image_generator_settings":{"template":"highway","default_image_id":0,"font":"","enabled":false},"version":2}},"categories":[11],"tags":[],"class_list":["post-72635","post","type-post","status-publish","format-standard","has-post-thumbnail","hentry","category-noticias-de-ribeirao-preto-sp-e-regiao-ismael-colosi"],"jetpack_publicize_connections":[],"jetpack_featured_media_url":"https:\/\/i0.wp.com\/noticiasribeiraopreto.com.br\/wp-content\/uploads\/2025\/06\/Copia-de-Copia-de-Copia-de-TAMANHO-EXATO-PARA-FOTOS-NO-SISTEMA-NOVO-2025-06-18T174513.703_2025-06-18_20-46-38.webp.webp?fit=1200%2C675&ssl=1","jetpack-related-posts":[{"id":67105,"url":"https:\/\/noticiasribeiraopreto.com.br\/index.php\/2025\/04\/09\/expansao-do-supera-parque-em-ribeirao-preto-tera-investimentos-de-r-18-milhoes\/","url_meta":{"origin":72635,"position":0},"title":"Expans\u00e3o do Supera Parque, em Ribeir\u00e3o Preto, ter\u00e1 investimentos de R$ 18 milh\u00f5es","author":"noticiasribeiraopreto.com.br","date":"9 de April de 2025","format":false,"excerpt":"Teve in\u00edcio na \u00faltima segunda-feira (8) o in\u00edcio das obras do Health to Business Center, no Supera Parque, em Ribeir\u00e3o Preto. O novo centro de inova\u00e7\u00e3o \u00e9 voltado ao desenvolvimento de empresas nos setores de biotecnologia e sa\u00fade. O investimento previsto \u00e9 de R$ 18,2 milh\u00f5es, sendo que R$ 14\u2026","rel":"","context":"In &quot;Not\u00edcias de Ribeir\u00e3o Preto-SP e Regi\u00e3o&quot;","block_context":{"text":"Not\u00edcias de Ribeir\u00e3o Preto-SP e Regi\u00e3o","link":"https:\/\/noticiasribeiraopreto.com.br\/index.php\/category\/noticias-de-ribeirao-preto-sp-e-regiao-ismael-colosi\/"},"img":{"alt_text":"","src":"https:\/\/i0.wp.com\/noticiasribeiraopreto.com.br\/wp-content\/uploads\/2025\/04\/OBRA-HEATH-CENTER_2025-04-09_19-50-03_jpg_2025-04-09_19-50-04.webp.webp?fit=1200%2C800&ssl=1&resize=350%2C200","width":350,"height":200,"srcset":"https:\/\/i0.wp.com\/noticiasribeiraopreto.com.br\/wp-content\/uploads\/2025\/04\/OBRA-HEATH-CENTER_2025-04-09_19-50-03_jpg_2025-04-09_19-50-04.webp.webp?fit=1200%2C800&ssl=1&resize=350%2C200 1x, https:\/\/i0.wp.com\/noticiasribeiraopreto.com.br\/wp-content\/uploads\/2025\/04\/OBRA-HEATH-CENTER_2025-04-09_19-50-03_jpg_2025-04-09_19-50-04.webp.webp?fit=1200%2C800&ssl=1&resize=525%2C300 1.5x, https:\/\/i0.wp.com\/noticiasribeiraopreto.com.br\/wp-content\/uploads\/2025\/04\/OBRA-HEATH-CENTER_2025-04-09_19-50-03_jpg_2025-04-09_19-50-04.webp.webp?fit=1200%2C800&ssl=1&resize=700%2C400 2x, https:\/\/i0.wp.com\/noticiasribeiraopreto.com.br\/wp-content\/uploads\/2025\/04\/OBRA-HEATH-CENTER_2025-04-09_19-50-03_jpg_2025-04-09_19-50-04.webp.webp?fit=1200%2C800&ssl=1&resize=1050%2C600 3x"},"classes":[]},{"id":42790,"url":"https:\/\/noticiasribeiraopreto.com.br\/index.php\/2024\/03\/17\/cai-quantidade-de-medicos-na-rede-municipal-de-saude-de-ribeirao-preto\/","url_meta":{"origin":72635,"position":1},"title":"Cai quantidade de m\u00e9dicos na rede municipal de Sa\u00fade de Ribeir\u00e3o Preto","author":"noticiasribeiraopreto.com.br","date":"17 de March de 2024","format":false,"excerpt":"Desde 2020, caiu em 5% o n\u00famero de m\u00e9dicos na rede municipal de Sa\u00fade de Ribeir\u00e3o Preto. Segundo a presta\u00e7\u00e3o de contas da Secretaria Municipal da Sa\u00fade, referente ao terceiro quadrimestre de 2023, o n\u00famero de m\u00e9dicos caiu de 424 para 401. O n\u00famero chegou a ser menor. No primeiro\u2026","rel":"","context":"In &quot;Not\u00edcias de Ribeir\u00e3o Preto-SP e Regi\u00e3o&quot;","block_context":{"text":"Not\u00edcias de Ribeir\u00e3o Preto-SP e Regi\u00e3o","link":"https:\/\/noticiasribeiraopreto.com.br\/index.php\/category\/noticias-de-ribeirao-preto-sp-e-regiao-ismael-colosi\/"},"img":{"alt_text":"","src":"https:\/\/i0.wp.com\/noticiasribeiraopreto.com.br\/wp-content\/uploads\/2024\/03\/1710674793_acidadeon_logos_Prancheta-1-copia-12_edited.jpg?fit=1199%2C1200&ssl=1&resize=350%2C200","width":350,"height":200,"srcset":"https:\/\/i0.wp.com\/noticiasribeiraopreto.com.br\/wp-content\/uploads\/2024\/03\/1710674793_acidadeon_logos_Prancheta-1-copia-12_edited.jpg?fit=1199%2C1200&ssl=1&resize=350%2C200 1x, https:\/\/i0.wp.com\/noticiasribeiraopreto.com.br\/wp-content\/uploads\/2024\/03\/1710674793_acidadeon_logos_Prancheta-1-copia-12_edited.jpg?fit=1199%2C1200&ssl=1&resize=525%2C300 1.5x, https:\/\/i0.wp.com\/noticiasribeiraopreto.com.br\/wp-content\/uploads\/2024\/03\/1710674793_acidadeon_logos_Prancheta-1-copia-12_edited.jpg?fit=1199%2C1200&ssl=1&resize=700%2C400 2x, https:\/\/i0.wp.com\/noticiasribeiraopreto.com.br\/wp-content\/uploads\/2024\/03\/1710674793_acidadeon_logos_Prancheta-1-copia-12_edited.jpg?fit=1199%2C1200&ssl=1&resize=1050%2C600 3x"},"classes":[]},{"id":78034,"url":"https:\/\/noticiasribeiraopreto.com.br\/index.php\/2025\/10\/01\/saude-amplia-leitos-do-sus-no-cantinho-do-ceu\/","url_meta":{"origin":72635,"position":2},"title":"Sa\u00fade amplia leitos \u2028do SUS no &#8220;Cantinho do C\u00e9u&#8221;","author":"noticiasribeiraopreto.com.br","date":"1 de October de 2025","format":false,"excerpt":"1 de outubro de 2025 08:551 de outubro de 2025 08:422 Compartilhar0 Unidade passa a contar com 57 leitos financiados pela Prefeitura, refor\u00e7ando a rede municipal de sa\u00fade\u2028\u2028 A prefeitura de Ribeir\u00e3o Preto anunciou, na \u00faltima segunda-feira, 29 de setembro, a amplia\u00e7\u00e3o dos leitos do Hospital de Retaguarda Cantinho do\u2026","rel":"","context":"In &quot;Not\u00edcias de Ribeir\u00e3o Preto-SP e Regi\u00e3o&quot;","block_context":{"text":"Not\u00edcias de Ribeir\u00e3o Preto-SP e Regi\u00e3o","link":"https:\/\/noticiasribeiraopreto.com.br\/index.php\/category\/noticias-de-ribeirao-preto-sp-e-regiao-ismael-colosi\/"},"img":{"alt_text":"","src":"https:\/\/i0.wp.com\/noticiasribeiraopreto.com.br\/wp-content\/uploads\/2025\/10\/Cantinho-Guilherme-Sircili-scaled.jpeg?fit=1170%2C780&ssl=1&resize=350%2C200","width":350,"height":200,"srcset":"https:\/\/i0.wp.com\/noticiasribeiraopreto.com.br\/wp-content\/uploads\/2025\/10\/Cantinho-Guilherme-Sircili-scaled.jpeg?fit=1170%2C780&ssl=1&resize=350%2C200 1x, https:\/\/i0.wp.com\/noticiasribeiraopreto.com.br\/wp-content\/uploads\/2025\/10\/Cantinho-Guilherme-Sircili-scaled.jpeg?fit=1170%2C780&ssl=1&resize=525%2C300 1.5x, https:\/\/i0.wp.com\/noticiasribeiraopreto.com.br\/wp-content\/uploads\/2025\/10\/Cantinho-Guilherme-Sircili-scaled.jpeg?fit=1170%2C780&ssl=1&resize=700%2C400 2x, https:\/\/i0.wp.com\/noticiasribeiraopreto.com.br\/wp-content\/uploads\/2025\/10\/Cantinho-Guilherme-Sircili-scaled.jpeg?fit=1170%2C780&ssl=1&resize=1050%2C600 3x"},"classes":[]},{"id":60572,"url":"https:\/\/noticiasribeiraopreto.com.br\/index.php\/2024\/11\/18\/entenda-como-funciona-o-servico-de-telemedicina-na-rede-publica-de-ribeirao-preto\/","url_meta":{"origin":72635,"position":3},"title":"Entenda como funciona o servi\u00e7o de telemedicina na rede p\u00fablica de Ribeir\u00e3o Preto","author":"noticiasribeiraopreto.com.br","date":"18 de November de 2024","format":false,"excerpt":"O \u201cConecta SUS Ribeir\u00e3o\u201d, servi\u00e7o que oferece telemedicina, telenfermagem e atendimento de psicologia digital gratuitamente para usu\u00e1rios do Sistema \u00danico de Sa\u00fade (SUS), em Ribeir\u00e3o Preto, foi lan\u00e7ado oficialmente na manh\u00e3 desta segunda-feira (18). O Servi\u00e7o de Pronto Atendimento Digital (PAD) est\u00e1 dispon\u00edvel 24 horas, sete dias por semana, incluindo\u2026","rel":"","context":"In &quot;Not\u00edcias de Ribeir\u00e3o Preto-SP e Regi\u00e3o&quot;","block_context":{"text":"Not\u00edcias de Ribeir\u00e3o Preto-SP e Regi\u00e3o","link":"https:\/\/noticiasribeiraopreto.com.br\/index.php\/category\/noticias-de-ribeirao-preto-sp-e-regiao-ismael-colosi\/"},"img":{"alt_text":"","src":"https:\/\/i0.wp.com\/noticiasribeiraopreto.com.br\/wp-content\/uploads\/2024\/08\/hospital_2024-08-20_14-06-39_jpg_2024-08-20_14-06-39.webp.webp?fit=1200%2C800&ssl=1&resize=350%2C200","width":350,"height":200,"srcset":"https:\/\/i0.wp.com\/noticiasribeiraopreto.com.br\/wp-content\/uploads\/2024\/08\/hospital_2024-08-20_14-06-39_jpg_2024-08-20_14-06-39.webp.webp?fit=1200%2C800&ssl=1&resize=350%2C200 1x, https:\/\/i0.wp.com\/noticiasribeiraopreto.com.br\/wp-content\/uploads\/2024\/08\/hospital_2024-08-20_14-06-39_jpg_2024-08-20_14-06-39.webp.webp?fit=1200%2C800&ssl=1&resize=525%2C300 1.5x, https:\/\/i0.wp.com\/noticiasribeiraopreto.com.br\/wp-content\/uploads\/2024\/08\/hospital_2024-08-20_14-06-39_jpg_2024-08-20_14-06-39.webp.webp?fit=1200%2C800&ssl=1&resize=700%2C400 2x, https:\/\/i0.wp.com\/noticiasribeiraopreto.com.br\/wp-content\/uploads\/2024\/08\/hospital_2024-08-20_14-06-39_jpg_2024-08-20_14-06-39.webp.webp?fit=1200%2C800&ssl=1&resize=1050%2C600 3x"},"classes":[]},{"id":72899,"url":"https:\/\/noticiasribeiraopreto.com.br\/index.php\/2025\/06\/22\/macaco-e-encontrado-morto-em-praca-no-bairro-campos-eliseos-em-ribeirao-preto\/","url_meta":{"origin":72635,"position":4},"title":"Macaco \u00e9 encontrado morto em pra\u00e7a no bairro Campos El\u00edseos em Ribeir\u00e3o Preto","author":"noticiasribeiraopreto.com.br","date":"22 de June de 2025","format":false,"excerpt":"Um macaco foi encontrado morto na manh\u00e3 deste domingo (22), na Pra\u00e7a Conde Francisco Matarazzo J\u00fanior, ao lado da avenida Marechal Costa e Silva, no bairro Campos El\u00edseos, zona Norte de Ribeir\u00e3o Preto. Uma moradora achou o animal ca\u00eddo j\u00e1 sem vida em meio a um canteiro na pra\u00e7a e\u2026","rel":"","context":"In &quot;Not\u00edcias de Ribeir\u00e3o Preto-SP e Regi\u00e3o&quot;","block_context":{"text":"Not\u00edcias de Ribeir\u00e3o Preto-SP e Regi\u00e3o","link":"https:\/\/noticiasribeiraopreto.com.br\/index.php\/category\/noticias-de-ribeirao-preto-sp-e-regiao-ismael-colosi\/"},"img":{"alt_text":"","src":"https:\/\/i0.wp.com\/noticiasribeiraopreto.com.br\/wp-content\/uploads\/2025\/06\/MACACO_2025-06-22_16-54-08.webp.webp?fit=1200%2C677&ssl=1&resize=350%2C200","width":350,"height":200,"srcset":"https:\/\/i0.wp.com\/noticiasribeiraopreto.com.br\/wp-content\/uploads\/2025\/06\/MACACO_2025-06-22_16-54-08.webp.webp?fit=1200%2C677&ssl=1&resize=350%2C200 1x, https:\/\/i0.wp.com\/noticiasribeiraopreto.com.br\/wp-content\/uploads\/2025\/06\/MACACO_2025-06-22_16-54-08.webp.webp?fit=1200%2C677&ssl=1&resize=525%2C300 1.5x, https:\/\/i0.wp.com\/noticiasribeiraopreto.com.br\/wp-content\/uploads\/2025\/06\/MACACO_2025-06-22_16-54-08.webp.webp?fit=1200%2C677&ssl=1&resize=700%2C400 2x, https:\/\/i0.wp.com\/noticiasribeiraopreto.com.br\/wp-content\/uploads\/2025\/06\/MACACO_2025-06-22_16-54-08.webp.webp?fit=1200%2C677&ssl=1&resize=1050%2C600 3x"},"classes":[]},{"id":79583,"url":"https:\/\/noticiasribeiraopreto.com.br\/index.php\/2025\/11\/04\/problema-em-banco-atrasa-pagamento-de-servidores-da-saude-em-ribeirao-preto\/","url_meta":{"origin":72635,"position":5},"title":"Problema em banco atrasa pagamento de servidores da Sa\u00fade em Ribeir\u00e3o Preto","author":"noticiasribeiraopreto.com.br","date":"4 de November de 2025","format":false,"excerpt":"O Sindicato dos Servidores Municipais de Ribeir\u00e3o Preto informou que cobrou oficialmente a Prefeitura de Ribeir\u00e3o Preto pelo pagamento dos funcion\u00e1rios da Sa\u00fade na manh\u00e3 desta ter\u00e7a-feira (4). De acordo com a entidade, o pagamento deveria ser sido realizado nesta segunda-feira (3). Em um v\u00eddeo publicado nas redes sociais, o\u2026","rel":"","context":"In &quot;Not\u00edcias de Ribeir\u00e3o Preto-SP e Regi\u00e3o&quot;","block_context":{"text":"Not\u00edcias de Ribeir\u00e3o Preto-SP e Regi\u00e3o","link":"https:\/\/noticiasribeiraopreto.com.br\/index.php\/category\/noticias-de-ribeirao-preto-sp-e-regiao-ismael-colosi\/"},"img":{"alt_text":"","src":"https:\/\/i0.wp.com\/noticiasribeiraopreto.com.br\/wp-content\/uploads\/2025\/10\/Copia-de-Copia-de-Copia-de-TAMANHO-EXATO-PARA-FOTOS-NO-SISTEMA-NOVO-2025-10-24T180452.289_2025-10-24_21-04-57.webp.webp?fit=1200%2C675&ssl=1&resize=350%2C200","width":350,"height":200,"srcset":"https:\/\/i0.wp.com\/noticiasribeiraopreto.com.br\/wp-content\/uploads\/2025\/10\/Copia-de-Copia-de-Copia-de-TAMANHO-EXATO-PARA-FOTOS-NO-SISTEMA-NOVO-2025-10-24T180452.289_2025-10-24_21-04-57.webp.webp?fit=1200%2C675&ssl=1&resize=350%2C200 1x, https:\/\/i0.wp.com\/noticiasribeiraopreto.com.br\/wp-content\/uploads\/2025\/10\/Copia-de-Copia-de-Copia-de-TAMANHO-EXATO-PARA-FOTOS-NO-SISTEMA-NOVO-2025-10-24T180452.289_2025-10-24_21-04-57.webp.webp?fit=1200%2C675&ssl=1&resize=525%2C300 1.5x, https:\/\/i0.wp.com\/noticiasribeiraopreto.com.br\/wp-content\/uploads\/2025\/10\/Copia-de-Copia-de-Copia-de-TAMANHO-EXATO-PARA-FOTOS-NO-SISTEMA-NOVO-2025-10-24T180452.289_2025-10-24_21-04-57.webp.webp?fit=1200%2C675&ssl=1&resize=700%2C400 2x, https:\/\/i0.wp.com\/noticiasribeiraopreto.com.br\/wp-content\/uploads\/2025\/10\/Copia-de-Copia-de-Copia-de-TAMANHO-EXATO-PARA-FOTOS-NO-SISTEMA-NOVO-2025-10-24T180452.289_2025-10-24_21-04-57.webp.webp?fit=1200%2C675&ssl=1&resize=1050%2C600 3x"},"classes":[]}],"jetpack_sharing_enabled":true,"jetpack_shortlink":"https:\/\/wp.me\/peQAOb-iTx","_links":{"self":[{"href":"https:\/\/noticiasribeiraopreto.com.br\/index.php\/wp-json\/wp\/v2\/posts\/72635","targetHints":{"allow":["GET"]}}],"collection":[{"href":"https:\/\/noticiasribeiraopreto.com.br\/index.php\/wp-json\/wp\/v2\/posts"}],"about":[{"href":"https:\/\/noticiasribeiraopreto.com.br\/index.php\/wp-json\/wp\/v2\/types\/post"}],"author":[{"embeddable":true,"href":"https:\/\/noticiasribeiraopreto.com.br\/index.php\/wp-json\/wp\/v2\/users\/1"}],"replies":[{"embeddable":true,"href":"https:\/\/noticiasribeiraopreto.com.br\/index.php\/wp-json\/wp\/v2\/comments?post=72635"}],"version-history":[{"count":0,"href":"https:\/\/noticiasribeiraopreto.com.br\/index.php\/wp-json\/wp\/v2\/posts\/72635\/revisions"}],"wp:featuredmedia":[{"embeddable":true,"href":"https:\/\/noticiasribeiraopreto.com.br\/index.php\/wp-json\/wp\/v2\/media\/72636"}],"wp:attachment":[{"href":"https:\/\/noticiasribeiraopreto.com.br\/index.php\/wp-json\/wp\/v2\/media?parent=72635"}],"wp:term":[{"taxonomy":"category","embeddable":true,"href":"https:\/\/noticiasribeiraopreto.com.br\/index.php\/wp-json\/wp\/v2\/categories?post=72635"},{"taxonomy":"post_tag","embeddable":true,"href":"https:\/\/noticiasribeiraopreto.com.br\/index.php\/wp-json\/wp\/v2\/tags?post=72635"}],"curies":[{"name":"wp","href":"https:\/\/api.w.org\/{rel}","templated":true}]}}