{"id":72643,"date":"2025-06-19T13:19:59","date_gmt":"2025-06-19T16:19:59","guid":{"rendered":"https:\/\/noticiasribeiraopreto.com.br\/index.php\/2025\/06\/19\/ribeirao-169-anos-cidade-e-retratada-por-artista-de-fora-em-postais-ilustrados\/"},"modified":"2025-06-19T13:19:59","modified_gmt":"2025-06-19T16:19:59","slug":"ribeirao-169-anos-cidade-e-retratada-por-artista-de-fora-em-postais-ilustrados","status":"publish","type":"post","link":"https:\/\/noticiasribeiraopreto.com.br\/index.php\/2025\/06\/19\/ribeirao-169-anos-cidade-e-retratada-por-artista-de-fora-em-postais-ilustrados\/","title":{"rendered":"Ribeir\u00e3o 169 anos: cidade \u00e9 retratada por artista de fora em postais ilustrados"},"content":{"rendered":"<p> <br \/>\n<\/p>\n<div>\n<p><strong>Ribeir\u00e3o Preto<\/strong>, que completa <strong>169 anos<\/strong> nesta <strong>quinta-feira(19)<\/strong>, ganhou uma homenagem no \u00faltimo ano pelas m\u00e3os de algu\u00e9m que n\u00e3o nasceu aqui: o artista visual <strong>Denis Tchepelentyky<\/strong>. Convidado pelo <strong>Sesc<\/strong> para ilustrar uma s\u00e9rie de postais com os patrim\u00f4nios hist\u00f3ricos da cidade, <strong>Denis<\/strong> transformou paisagens conhecidas em obras de arte.<\/p>\n<p>O projeto foi lan\u00e7ado em <strong>2024<\/strong>, as ilustra\u00e7\u00f5es re\u00fanem constru\u00e7\u00f5es marcantes como o <strong>Theatro Pedro II<\/strong>, <strong>Palacete Camilo de Mattos<\/strong>, <strong>Biblioteca Sinh\u00e1 Junqueira<\/strong> e o <strong>Centro Cultural Palace<\/strong>, que ganham nova vida nas cores e formas do tra\u00e7o do artista.<\/p>\n<p>Denis j\u00e1 conhecia a cidade por estar envolvido com a <strong>Feira Internacional do Livro (FIL) de Ribeir\u00e3o Preto<\/strong>, da qual \u00e9 designer h\u00e1 tr\u00eas edi\u00e7\u00f5es.<\/p>\n<figure class=\"wp-block-pullquote\">\n<blockquote>\n<p>\u201cSempre me hospedei no centro, ent\u00e3o j\u00e1 conhecia muitos dos locais retratados. Ficava impressionado com a limpeza do centro em compara\u00e7\u00e3o com muitos dos patrim\u00f4nios em SP, onde morei boa parte da minha vida. O cuidado e uso do espa\u00e7o p\u00fablico tamb\u00e9m chamam a aten\u00e7\u00e3o, tudo mais organizado do que estava habituado.\u201d<\/p>\n<p><cite>Denis, em entrevista ao acidade on Ribeir\u00e3o Preto<\/cite><\/p><\/blockquote>\n<\/figure>\n<p>Para ele, os patrim\u00f4nios hist\u00f3ricos de <strong>Ribeir\u00e3o<\/strong> n\u00e3o s\u00e3o apenas bonitos, s\u00e3o fundamentais para a constru\u00e7\u00e3o da identidade local.<\/p>\n<figure class=\"wp-block-pullquote\">\n<blockquote>\n<p>\u201cEles contam a hist\u00f3ria da cidade, da popula\u00e7\u00e3o\u2026 D\u00e3o sentido ao termo identidade. A arquitetura, seus detalhes, sua arte, o uso destes espa\u00e7os e o conv\u00edvio em cada local, tudo isso expressa o sentimento de fazer parte de uma comunidade.\u201d<\/p>\n<p><cite>Denis, em entrevista ao acidade on Ribeir\u00e3o Preto<\/cite><\/p><\/blockquote>\n<\/figure>\n<figure class=\"wp-block-gallery has-nested-images columns-default is-cropped wp-block-gallery-1 is-layout-flex wp-block-gallery-is-layout-flex\">\n<figure class=\"wp-block-image size-large\"><img data-recalc-dims=\"1\" fetchpriority=\"high\" decoding=\"async\" width=\"1024\" height=\"771\" data-id=\"120241\" src=\"https:\/\/i0.wp.com\/cdn.media-acidadeon.com.br\/ribeiraopreto\/wp-content\/uploads\/sites\/3\/2025\/06\/IMG-20250618-WA0174_2025-06-18_19-06-42-1024x771.webp?resize=1024%2C771&#038;ssl=1\" alt=\"\" class=\"wp-image-120241\" srcset=\"https:\/\/cdn.media-acidadeon.com.br\/ribeiraopreto\/wp-content\/uploads\/sites\/3\/2025\/06\/IMG-20250618-WA0174_2025-06-18_19-06-42-1024x771.webp 1024w, https:\/\/cdn.media-acidadeon.com.br\/ribeiraopreto\/wp-content\/uploads\/sites\/3\/2025\/06\/IMG-20250618-WA0174_2025-06-18_19-06-42-300x226.webp 300w, https:\/\/cdn.media-acidadeon.com.br\/ribeiraopreto\/wp-content\/uploads\/sites\/3\/2025\/06\/IMG-20250618-WA0174_2025-06-18_19-06-42-768x578.webp 768w, https:\/\/cdn.media-acidadeon.com.br\/ribeiraopreto\/wp-content\/uploads\/sites\/3\/2025\/06\/IMG-20250618-WA0174_2025-06-18_19-06-42-696x524.webp 696w, https:\/\/cdn.media-acidadeon.com.br\/ribeiraopreto\/wp-content\/uploads\/sites\/3\/2025\/06\/IMG-20250618-WA0174_2025-06-18_19-06-42-1068x804.webp 1068w, https:\/\/cdn.media-acidadeon.com.br\/ribeiraopreto\/wp-content\/uploads\/sites\/3\/2025\/06\/IMG-20250618-WA0174_2025-06-18_19-06-42.webp 1200w\" sizes=\"(max-width: 1024px) 100vw, 1024px\"\/><figcaption class=\"wp-element-caption\">Foto: Leonardo Santos\/ acidade on<\/figcaption><\/figure>\n<figure class=\"wp-block-image size-large\"><img data-recalc-dims=\"1\" loading=\"lazy\" decoding=\"async\" width=\"1024\" height=\"771\" data-id=\"120242\" src=\"https:\/\/i0.wp.com\/cdn.media-acidadeon.com.br\/ribeiraopreto\/wp-content\/uploads\/sites\/3\/2025\/06\/IMG-20250618-WA0177_2025-06-18_19-06-44-1024x771.webp?resize=1024%2C771&#038;ssl=1\" alt=\"\" class=\"wp-image-120242\" srcset=\"https:\/\/cdn.media-acidadeon.com.br\/ribeiraopreto\/wp-content\/uploads\/sites\/3\/2025\/06\/IMG-20250618-WA0177_2025-06-18_19-06-44-1024x771.webp 1024w, https:\/\/cdn.media-acidadeon.com.br\/ribeiraopreto\/wp-content\/uploads\/sites\/3\/2025\/06\/IMG-20250618-WA0177_2025-06-18_19-06-44-300x226.webp 300w, https:\/\/cdn.media-acidadeon.com.br\/ribeiraopreto\/wp-content\/uploads\/sites\/3\/2025\/06\/IMG-20250618-WA0177_2025-06-18_19-06-44-768x578.webp 768w, https:\/\/cdn.media-acidadeon.com.br\/ribeiraopreto\/wp-content\/uploads\/sites\/3\/2025\/06\/IMG-20250618-WA0177_2025-06-18_19-06-44-696x524.webp 696w, https:\/\/cdn.media-acidadeon.com.br\/ribeiraopreto\/wp-content\/uploads\/sites\/3\/2025\/06\/IMG-20250618-WA0177_2025-06-18_19-06-44-1068x804.webp 1068w, https:\/\/cdn.media-acidadeon.com.br\/ribeiraopreto\/wp-content\/uploads\/sites\/3\/2025\/06\/IMG-20250618-WA0177_2025-06-18_19-06-44.webp 1200w\" sizes=\"auto, (max-width: 1024px) 100vw, 1024px\"\/><figcaption class=\"wp-element-caption\">Foto: Leonardo Santos\/ acidade on<\/figcaption><\/figure>\n<figure class=\"wp-block-image size-large\"><img data-recalc-dims=\"1\" loading=\"lazy\" decoding=\"async\" width=\"1024\" height=\"771\" data-id=\"120243\" src=\"https:\/\/i0.wp.com\/cdn.media-acidadeon.com.br\/ribeiraopreto\/wp-content\/uploads\/sites\/3\/2025\/06\/IMG-20250618-WA0178_2025-06-18_19-06-47-1024x771.webp?resize=1024%2C771&#038;ssl=1\" alt=\"\" class=\"wp-image-120243\" srcset=\"https:\/\/cdn.media-acidadeon.com.br\/ribeiraopreto\/wp-content\/uploads\/sites\/3\/2025\/06\/IMG-20250618-WA0178_2025-06-18_19-06-47-1024x771.webp 1024w, https:\/\/cdn.media-acidadeon.com.br\/ribeiraopreto\/wp-content\/uploads\/sites\/3\/2025\/06\/IMG-20250618-WA0178_2025-06-18_19-06-47-300x226.webp 300w, https:\/\/cdn.media-acidadeon.com.br\/ribeiraopreto\/wp-content\/uploads\/sites\/3\/2025\/06\/IMG-20250618-WA0178_2025-06-18_19-06-47-768x578.webp 768w, https:\/\/cdn.media-acidadeon.com.br\/ribeiraopreto\/wp-content\/uploads\/sites\/3\/2025\/06\/IMG-20250618-WA0178_2025-06-18_19-06-47-696x524.webp 696w, https:\/\/cdn.media-acidadeon.com.br\/ribeiraopreto\/wp-content\/uploads\/sites\/3\/2025\/06\/IMG-20250618-WA0178_2025-06-18_19-06-47-1068x804.webp 1068w, https:\/\/cdn.media-acidadeon.com.br\/ribeiraopreto\/wp-content\/uploads\/sites\/3\/2025\/06\/IMG-20250618-WA0178_2025-06-18_19-06-47.webp 1200w\" sizes=\"auto, (max-width: 1024px) 100vw, 1024px\"\/><figcaption class=\"wp-element-caption\">Foto: Leonardo Santos\/ acidade on<\/figcaption><\/figure>\n<figure class=\"wp-block-image size-large\"><img data-recalc-dims=\"1\" loading=\"lazy\" decoding=\"async\" width=\"1024\" height=\"771\" data-id=\"120244\" src=\"https:\/\/i0.wp.com\/cdn.media-acidadeon.com.br\/ribeiraopreto\/wp-content\/uploads\/sites\/3\/2025\/06\/IMG-20250618-WA0180_2025-06-18_19-06-49-1024x771.webp?resize=1024%2C771&#038;ssl=1\" alt=\"\" class=\"wp-image-120244\" srcset=\"https:\/\/cdn.media-acidadeon.com.br\/ribeiraopreto\/wp-content\/uploads\/sites\/3\/2025\/06\/IMG-20250618-WA0180_2025-06-18_19-06-49-1024x771.webp 1024w, https:\/\/cdn.media-acidadeon.com.br\/ribeiraopreto\/wp-content\/uploads\/sites\/3\/2025\/06\/IMG-20250618-WA0180_2025-06-18_19-06-49-300x226.webp 300w, https:\/\/cdn.media-acidadeon.com.br\/ribeiraopreto\/wp-content\/uploads\/sites\/3\/2025\/06\/IMG-20250618-WA0180_2025-06-18_19-06-49-768x578.webp 768w, https:\/\/cdn.media-acidadeon.com.br\/ribeiraopreto\/wp-content\/uploads\/sites\/3\/2025\/06\/IMG-20250618-WA0180_2025-06-18_19-06-49-696x524.webp 696w, https:\/\/cdn.media-acidadeon.com.br\/ribeiraopreto\/wp-content\/uploads\/sites\/3\/2025\/06\/IMG-20250618-WA0180_2025-06-18_19-06-49-1068x804.webp 1068w, https:\/\/cdn.media-acidadeon.com.br\/ribeiraopreto\/wp-content\/uploads\/sites\/3\/2025\/06\/IMG-20250618-WA0180_2025-06-18_19-06-49.webp 1200w\" sizes=\"auto, (max-width: 1024px) 100vw, 1024px\"\/><figcaption class=\"wp-element-caption\">Foto: Leonardo Santos\/ acidade on<\/figcaption><\/figure>\n<figure class=\"wp-block-image size-large\"><img data-recalc-dims=\"1\" loading=\"lazy\" decoding=\"async\" width=\"1024\" height=\"771\" data-id=\"120245\" src=\"https:\/\/i0.wp.com\/cdn.media-acidadeon.com.br\/ribeiraopreto\/wp-content\/uploads\/sites\/3\/2025\/06\/IMG-20250618-WA0181_2025-06-18_19-06-52-1024x771.webp?resize=1024%2C771&#038;ssl=1\" alt=\"\" class=\"wp-image-120245\" srcset=\"https:\/\/cdn.media-acidadeon.com.br\/ribeiraopreto\/wp-content\/uploads\/sites\/3\/2025\/06\/IMG-20250618-WA0181_2025-06-18_19-06-52-1024x771.webp 1024w, https:\/\/cdn.media-acidadeon.com.br\/ribeiraopreto\/wp-content\/uploads\/sites\/3\/2025\/06\/IMG-20250618-WA0181_2025-06-18_19-06-52-300x226.webp 300w, https:\/\/cdn.media-acidadeon.com.br\/ribeiraopreto\/wp-content\/uploads\/sites\/3\/2025\/06\/IMG-20250618-WA0181_2025-06-18_19-06-52-768x578.webp 768w, https:\/\/cdn.media-acidadeon.com.br\/ribeiraopreto\/wp-content\/uploads\/sites\/3\/2025\/06\/IMG-20250618-WA0181_2025-06-18_19-06-52-696x524.webp 696w, https:\/\/cdn.media-acidadeon.com.br\/ribeiraopreto\/wp-content\/uploads\/sites\/3\/2025\/06\/IMG-20250618-WA0181_2025-06-18_19-06-52-1068x804.webp 1068w, https:\/\/cdn.media-acidadeon.com.br\/ribeiraopreto\/wp-content\/uploads\/sites\/3\/2025\/06\/IMG-20250618-WA0181_2025-06-18_19-06-52.webp 1200w\" sizes=\"auto, (max-width: 1024px) 100vw, 1024px\"\/><figcaption class=\"wp-element-caption\">Foto: Leonardo Santos\/ acidade on<\/figcaption><\/figure>\n<figure class=\"wp-block-image size-large\"><img data-recalc-dims=\"1\" loading=\"lazy\" decoding=\"async\" width=\"1024\" height=\"771\" data-id=\"120246\" src=\"https:\/\/i0.wp.com\/cdn.media-acidadeon.com.br\/ribeiraopreto\/wp-content\/uploads\/sites\/3\/2025\/06\/IMG-20250618-WA0185_2025-06-18_19-06-54-1024x771.webp?resize=1024%2C771&#038;ssl=1\" alt=\"\" class=\"wp-image-120246\" srcset=\"https:\/\/cdn.media-acidadeon.com.br\/ribeiraopreto\/wp-content\/uploads\/sites\/3\/2025\/06\/IMG-20250618-WA0185_2025-06-18_19-06-54-1024x771.webp 1024w, https:\/\/cdn.media-acidadeon.com.br\/ribeiraopreto\/wp-content\/uploads\/sites\/3\/2025\/06\/IMG-20250618-WA0185_2025-06-18_19-06-54-300x226.webp 300w, https:\/\/cdn.media-acidadeon.com.br\/ribeiraopreto\/wp-content\/uploads\/sites\/3\/2025\/06\/IMG-20250618-WA0185_2025-06-18_19-06-54-768x578.webp 768w, https:\/\/cdn.media-acidadeon.com.br\/ribeiraopreto\/wp-content\/uploads\/sites\/3\/2025\/06\/IMG-20250618-WA0185_2025-06-18_19-06-54-696x524.webp 696w, https:\/\/cdn.media-acidadeon.com.br\/ribeiraopreto\/wp-content\/uploads\/sites\/3\/2025\/06\/IMG-20250618-WA0185_2025-06-18_19-06-54-1068x804.webp 1068w, https:\/\/cdn.media-acidadeon.com.br\/ribeiraopreto\/wp-content\/uploads\/sites\/3\/2025\/06\/IMG-20250618-WA0185_2025-06-18_19-06-54.webp 1200w\" sizes=\"auto, (max-width: 1024px) 100vw, 1024px\"\/><figcaption class=\"wp-element-caption\">Foto: Leonardo Santos\/ acidade on<\/figcaption><\/figure>\n<\/figure>\n<h2 class=\"wp-block-heading\"><strong>Processo criativo<\/strong><\/h2>\n<p>Mesmo j\u00e1 tendo passado por alguns dos espa\u00e7os retratados, o <strong>processo criativo<\/strong> envolveu uma nova visita \u00e0 cidade. \u201cVoltei a Ribeir\u00e3o Preto para fotografar e fazer alguns desenhos iniciais, me conectar com os espa\u00e7os\u201d, conta.<\/p>\n<p>Uma das decis\u00f5es foi justamente <strong>n\u00e3o representar os edif\u00edcios por inteiro<\/strong>, mas em <strong>fragmentos<\/strong>. \u201cPropus ao Sesc a ideia de retratar somente partes de cada local, para que a pessoa, ao receber o postal, pudesse se perguntar justamente o nome do projeto: \u2018Que Lugar \u00e9 Esse?\u2019\u201d.<\/p>\n<p>Entre os locais ilustrados, o <strong>Palacete Camilo de Mattos<\/strong> teve papel central.<\/p>\n<figure class=\"wp-block-pullquote\">\n<blockquote>\n<p>\u201cO primeiro que fiz, foi o que mais desenhei e me norteou para o estilo que segui nos demais [\u2026] O formato circular retratado, os reflexos nos vidros, o muro do entorno com os detalhes nas grades\u2026 Tem uma beleza e uma simplicidade que me atra\u00edram \u00e0 primeira vista.\u201d<\/p>\n<p><cite>Denis, em entrevista ao acidade on Ribeir\u00e3o Preto<\/cite><\/p><\/blockquote>\n<\/figure>\n<p>Sobre a repercuss\u00e3o do trabalho, <strong>Denis<\/strong> diz que ainda est\u00e1 assimilando. \u201cN\u00e3o tenho uma clara no\u00e7\u00e3o do alcance, do quanto as pessoas se conectam com as aquarelas produzidas. Mas estive na atividade pertencente ao projeto com o p\u00fablico segurando os postais e comentando, vendo a arte em tamanho real. Tudo isso foi muito agrad\u00e1vel de acompanhar\u201d, relembra.<\/p>\n<figure class=\"wp-block-pullquote\">\n<blockquote>\n<p>\u201cMe trouxe paz ao final por conseguir me expressar com arte e ver as pessoas interessadas, com um outro olhar. Espero poder realizar mais aquarelas para este projeto que valoriza a cidade e sua hist\u00f3ria.\u201d<\/p>\n<p><cite>Denis, em entrevista ao acidade on Ribeir\u00e3o Preto<\/cite><\/p><\/blockquote>\n<\/figure>\n<p>Para conhecer mais do trabalho de <strong>Denis Tchepelentyky<\/strong>, acesse o site <a href=\"http:\/\/denis-t.com\">(clique aqui)<\/a> e acompanhe nas redes sociais <a href=\"https:\/\/www.instagram.com\/denis.art.design\/\">@denis.art.design<\/a>.<\/p>\n<p>\ud83d\udd0d <em>Essa reportagem faz parte de uma s\u00e9rie especial em comemora\u00e7\u00e3o ao anivers\u00e1rio de 169 anos de Ribeir\u00e3o Preto, celebrado no dia 19 de junho de 2025. Clique aqui e veja as outras mat\u00e9rias.<\/em>\u00a0<\/p>\n<hr class=\"wp-block-separator has-alpha-channel-opacity\"\/>\n<p>SAIBA MAIS<br \/>Bairros da zona Norte de Ribeir\u00e3o Preto t\u00eam alerta de falta d\u2019\u00e1gua; Veja quais<\/p>\n<h4 class=\"wp-block-heading\"><strong>FIQUE ON<\/strong><\/h4>\n<p>Fique ligado em tudo que acontece em Ribeir\u00e3o Preto e regi\u00e3o. Siga os perfis do <strong>acidade on <\/strong>no <a href=\"https:\/\/www.instagram.com\/acidadeonribeirao\" target=\"_blank\" rel=\"noreferrer noopener\">Instagram<\/a> e no <a href=\"https:\/\/www.facebook.com\/acidadeonribeirao\" target=\"_blank\" rel=\"noreferrer noopener\">Facebook<\/a>.<\/p>\n<p>Receba not\u00edcias do acidade on no WhatsApp. Para entrar no grupo, basta <a href=\"https:\/\/chat.whatsapp.com\/BjKQZ9oJwlz8VVT50NuePq\" target=\"_blank\" rel=\"noreferrer noopener\">clicar aqui<\/a>.<\/p>\n<p>Fa\u00e7a uma den\u00fancia ou sugira uma reportagem sobre Ribeir\u00e3o Preto e regi\u00e3o pelo WhatsApp: 16 99117 7802.<\/p>\n<p>VEJA TAMB\u00c9M<br \/>Quando Marcinho VP ser\u00e1 solto? Oruam fala sobre previs\u00e3o<\/p>\n<p><!-- CONTENT END 1 -->\n<\/div>\n<p><script async src=\"\/\/www.instagram.com\/embed.js\"><\/script><br \/>\n<br \/><br \/>\n<br \/><a href=\"https:\/\/www.acidadeon.com\/ribeiraopreto\/lazer-e-cultura\/169-anos-de-ribeirao-preto-cidade-e-retratada-por-artista-de-fora-em-postais-ilustrados\/\">Source link <\/a><\/p>\n","protected":false},"excerpt":{"rendered":"<p>Ribeir\u00e3o Preto, que completa 169 anos nesta quinta-feira(19), ganhou uma homenagem no \u00faltimo ano pelas m\u00e3os de algu\u00e9m que n\u00e3o nasceu aqui: o artista visual&#8230;<\/p>\n","protected":false},"author":1,"featured_media":72644,"comment_status":"open","ping_status":"open","sticky":false,"template":"","format":"standard","meta":{"advanced_seo_description":"","jetpack_seo_html_title":"","jetpack_seo_noindex":false,"jetpack_post_was_ever_published":false,"_jetpack_newsletter_access":"","_jetpack_dont_email_post_to_subs":false,"_jetpack_newsletter_tier_id":0,"_jetpack_memberships_contains_paywalled_content":false,"_jetpack_memberships_contains_paid_content":false,"footnotes":"","jetpack_publicize_message":"","jetpack_publicize_feature_enabled":true,"jetpack_social_post_already_shared":true,"jetpack_social_options":{"image_generator_settings":{"template":"highway","default_image_id":0,"font":"","enabled":false},"version":2}},"categories":[11],"tags":[],"class_list":["post-72643","post","type-post","status-publish","format-standard","has-post-thumbnail","hentry","category-noticias-de-ribeirao-preto-sp-e-regiao-ismael-colosi"],"jetpack_publicize_connections":[],"jetpack_featured_media_url":"https:\/\/i0.wp.com\/noticiasribeiraopreto.com.br\/wp-content\/uploads\/2025\/06\/IMG-20250618-WA0181_2025-06-18_19-06-52.webp.webp?fit=1200%2C903&ssl=1","jetpack-related-posts":[{"id":72623,"url":"https:\/\/noticiasribeiraopreto.com.br\/index.php\/2025\/06\/19\/leci-brandao-canta-nos-169-anos-de-rp\/","url_meta":{"origin":72643,"position":0},"title":"Leci Brand\u00e3o canta nos 169 anos de RP","author":"noticiasribeiraopreto.com.br","date":"19 de June de 2025","format":false,"excerpt":"Ribeir\u00e3o Preto completa 169 anos nesta quinta-feira, 19 de junho, Dia de Santa Juliana Falconieri e de Corpus Christi. Para comemorar, a cidade se transforma em um grande palco a c\u00e9u aberto. Com uma programa\u00e7\u00e3o gratuita e diversa durante todo o m\u00eas de junho, a popula\u00e7\u00e3o \u00e9 convidada a ocupar\u2026","rel":"","context":"In &quot;Not\u00edcias de Ribeir\u00e3o Preto-SP e Regi\u00e3o&quot;","block_context":{"text":"Not\u00edcias de Ribeir\u00e3o Preto-SP e Regi\u00e3o","link":"https:\/\/noticiasribeiraopreto.com.br\/index.php\/category\/noticias-de-ribeirao-preto-sp-e-regiao-ismael-colosi\/"},"img":{"alt_text":"","src":"https:\/\/i0.wp.com\/noticiasribeiraopreto.com.br\/wp-content\/uploads\/2025\/06\/NiverRP-Divulgacao-scaled.jpeg?fit=750%2C500&ssl=1&resize=350%2C200","width":350,"height":200,"srcset":"https:\/\/i0.wp.com\/noticiasribeiraopreto.com.br\/wp-content\/uploads\/2025\/06\/NiverRP-Divulgacao-scaled.jpeg?fit=750%2C500&ssl=1&resize=350%2C200 1x, https:\/\/i0.wp.com\/noticiasribeiraopreto.com.br\/wp-content\/uploads\/2025\/06\/NiverRP-Divulgacao-scaled.jpeg?fit=750%2C500&ssl=1&resize=525%2C300 1.5x, https:\/\/i0.wp.com\/noticiasribeiraopreto.com.br\/wp-content\/uploads\/2025\/06\/NiverRP-Divulgacao-scaled.jpeg?fit=750%2C500&ssl=1&resize=700%2C400 2x"},"classes":[]},{"id":27186,"url":"https:\/\/noticiasribeiraopreto.com.br\/index.php\/2024\/01\/11\/guilherme-arantes-passa-por-cirurgia-em-hospital-da-regiao-de-ribeirao-entenda\/","url_meta":{"origin":72643,"position":1},"title":"Guilherme Arantes passa por cirurgia em hospital da regi\u00e3o de Ribeir\u00e3o; Entenda","author":"noticiasribeiraopreto.com.br","date":"11 de January de 2024","format":false,"excerpt":"O cantor e compositor Guilherme Arantes, de 70 anos, realizou uma cirurgia no quadril e permanece internado na Santa casa de Batatais, cidade a 42 quil\u00f4metros de Ribeir\u00e3o Preto. A informa\u00e7\u00e3o foi confirmada pelo empres\u00e1rio do cantor ao portal acidade on, nesta quinta-feira (11). De acordo com o homem, a\u2026","rel":"","context":"In &quot;Not\u00edcias de Ribeir\u00e3o Preto-SP e Regi\u00e3o&quot;","block_context":{"text":"Not\u00edcias de Ribeir\u00e3o Preto-SP e Regi\u00e3o","link":"https:\/\/noticiasribeiraopreto.com.br\/index.php\/category\/noticias-de-ribeirao-preto-sp-e-regiao-ismael-colosi\/"},"img":{"alt_text":"","src":"https:\/\/i0.wp.com\/noticiasribeiraopreto.com.br\/wp-content\/uploads\/2024\/01\/236888485_372172644269665_5078006427887263608_n_version1660685860599.jpg?fit=1200%2C675&ssl=1&resize=350%2C200","width":350,"height":200,"srcset":"https:\/\/i0.wp.com\/noticiasribeiraopreto.com.br\/wp-content\/uploads\/2024\/01\/236888485_372172644269665_5078006427887263608_n_version1660685860599.jpg?fit=1200%2C675&ssl=1&resize=350%2C200 1x, https:\/\/i0.wp.com\/noticiasribeiraopreto.com.br\/wp-content\/uploads\/2024\/01\/236888485_372172644269665_5078006427887263608_n_version1660685860599.jpg?fit=1200%2C675&ssl=1&resize=525%2C300 1.5x, https:\/\/i0.wp.com\/noticiasribeiraopreto.com.br\/wp-content\/uploads\/2024\/01\/236888485_372172644269665_5078006427887263608_n_version1660685860599.jpg?fit=1200%2C675&ssl=1&resize=700%2C400 2x, https:\/\/i0.wp.com\/noticiasribeiraopreto.com.br\/wp-content\/uploads\/2024\/01\/236888485_372172644269665_5078006427887263608_n_version1660685860599.jpg?fit=1200%2C675&ssl=1&resize=1050%2C600 3x"},"classes":[]},{"id":71291,"url":"https:\/\/noticiasribeiraopreto.com.br\/index.php\/2025\/06\/04\/teatro-de-arena-recebe-leci-brandao-no-aniversario-de-169-anos-de-ribeirao-preto\/","url_meta":{"origin":72643,"position":2},"title":"Teatro de Arena recebe Leci Brand\u00e3o no anivers\u00e1rio de 169 anos de Ribeir\u00e3o Preto","author":"noticiasribeiraopreto.com.br","date":"4 de June de 2025","format":false,"excerpt":"O Teatro de Arena recebe a sambista Leci Brand\u00e3o, no pr\u00f3ximo dia 19 de junho, a partir das 20h, para show em comemora\u00e7\u00e3o ao anivers\u00e1rio de 169 anos de Ribeir\u00e3o Preto. A entrada \u00e9 gratuita e aberta ao p\u00fablico. Com 50 anos de carreira, Leci Brand\u00e3o se tornou um dos\u2026","rel":"","context":"In &quot;Not\u00edcias de Ribeir\u00e3o Preto-SP e Regi\u00e3o&quot;","block_context":{"text":"Not\u00edcias de Ribeir\u00e3o Preto-SP e Regi\u00e3o","link":"https:\/\/noticiasribeiraopreto.com.br\/index.php\/category\/noticias-de-ribeirao-preto-sp-e-regiao-ismael-colosi\/"},"img":{"alt_text":"","src":"https:\/\/i0.wp.com\/noticiasribeiraopreto.com.br\/wp-content\/uploads\/2025\/06\/Leci-Branda-o-CREDITOS-ROGER-CIPO-2023-01-21-17-17-33.webp.webp?fit=414%2C280&ssl=1&resize=350%2C200","width":350,"height":200},"classes":[]},{"id":53283,"url":"https:\/\/noticiasribeiraopreto.com.br\/index.php\/2024\/06\/18\/confira-eventos-gratuitos-para-curtir-no-aniversario-de-168-anos-de-ribeirao-preto\/","url_meta":{"origin":72643,"position":3},"title":"Confira eventos gratuitos para curtir no anivers\u00e1rio de 168 anos de Ribeir\u00e3o Preto","author":"noticiasribeiraopreto.com.br","date":"18 de June de 2024","format":false,"excerpt":"Nesta quarta-feira (19), \u00e9 comemorado o anivers\u00e1rio de 168 anos de Ribeir\u00e3o Preto. A programa\u00e7\u00e3o para comemorar a data conta com shows, exposi\u00e7\u00e3o e at\u00e9 passeio tur\u00edstico. Todas as atividades s\u00e3o gratuitas. Carmen Miranda \u2013 Pra Voc\u00ea Gostar de Mim O musical ser\u00e1 apresentado no Teatro Municipal de Ribeir\u00e3o Preto,\u2026","rel":"","context":"In &quot;Not\u00edcias de Ribeir\u00e3o Preto-SP e Regi\u00e3o&quot;","block_context":{"text":"Not\u00edcias de Ribeir\u00e3o Preto-SP e Regi\u00e3o","link":"https:\/\/noticiasribeiraopreto.com.br\/index.php\/category\/noticias-de-ribeirao-preto-sp-e-regiao-ismael-colosi\/"},"img":{"alt_text":"","src":"https:\/\/i0.wp.com\/noticiasribeiraopreto.com.br\/wp-content\/uploads\/2024\/06\/WhatsApp-Image-2024-06-05-at-08.22.06_2024-06-05_11-29-47_jpeg_2024-06-05_11-29-48.webp.webp?fit=1200%2C540&ssl=1&resize=350%2C200","width":350,"height":200,"srcset":"https:\/\/i0.wp.com\/noticiasribeiraopreto.com.br\/wp-content\/uploads\/2024\/06\/WhatsApp-Image-2024-06-05-at-08.22.06_2024-06-05_11-29-47_jpeg_2024-06-05_11-29-48.webp.webp?fit=1200%2C540&ssl=1&resize=350%2C200 1x, https:\/\/i0.wp.com\/noticiasribeiraopreto.com.br\/wp-content\/uploads\/2024\/06\/WhatsApp-Image-2024-06-05-at-08.22.06_2024-06-05_11-29-47_jpeg_2024-06-05_11-29-48.webp.webp?fit=1200%2C540&ssl=1&resize=525%2C300 1.5x, https:\/\/i0.wp.com\/noticiasribeiraopreto.com.br\/wp-content\/uploads\/2024\/06\/WhatsApp-Image-2024-06-05-at-08.22.06_2024-06-05_11-29-47_jpeg_2024-06-05_11-29-48.webp.webp?fit=1200%2C540&ssl=1&resize=700%2C400 2x, https:\/\/i0.wp.com\/noticiasribeiraopreto.com.br\/wp-content\/uploads\/2024\/06\/WhatsApp-Image-2024-06-05-at-08.22.06_2024-06-05_11-29-47_jpeg_2024-06-05_11-29-48.webp.webp?fit=1200%2C540&ssl=1&resize=1050%2C600 3x"},"classes":[]},{"id":76199,"url":"https:\/\/noticiasribeiraopreto.com.br\/index.php\/2025\/08\/24\/unico-artista-presente-nos-tres-palcos-principais-de-barretos-jiraya-uai-relembra-inicio-da-carreira-quem-nao-conhecia-criticava\/","url_meta":{"origin":72643,"position":4},"title":"\u00danico artista presente nos tr\u00eas palcos principais de Barretos, Jiraya Uai relembra in\u00edcio da carreira: &#8216;Quem n\u00e3o conhecia criticava&#8217;","author":"noticiasribeiraopreto.com.br","date":"24 de August de 2025","format":false,"excerpt":"O DJ goiano Jiraya Uai pode dizer que \u2018gabaritou\u2019 a Festa do Pe\u00e3o de Barretos. Ele se apresentou no Palco Camping e Palco Amanhecer neste s\u00e1bado (23) e se prepara para um show no Palco Est\u00e1dio, principal do evento, na pr\u00f3xima sexta-feira (29). O artista possui um visual \u201calternativo\u201d, sempre\u2026","rel":"","context":"In &quot;Not\u00edcias de Ribeir\u00e3o Preto-SP e Regi\u00e3o&quot;","block_context":{"text":"Not\u00edcias de Ribeir\u00e3o Preto-SP e Regi\u00e3o","link":"https:\/\/noticiasribeiraopreto.com.br\/index.php\/category\/noticias-de-ribeirao-preto-sp-e-regiao-ismael-colosi\/"},"img":{"alt_text":"","src":"https:\/\/i0.wp.com\/noticiasribeiraopreto.com.br\/wp-content\/uploads\/2025\/08\/0fbb6ede7e20d66eae95775981451a28_2025-08-24_09-31-08.webp.webp?fit=651%2C447&ssl=1&resize=350%2C200","width":350,"height":200,"srcset":"https:\/\/i0.wp.com\/noticiasribeiraopreto.com.br\/wp-content\/uploads\/2025\/08\/0fbb6ede7e20d66eae95775981451a28_2025-08-24_09-31-08.webp.webp?fit=651%2C447&ssl=1&resize=350%2C200 1x, https:\/\/i0.wp.com\/noticiasribeiraopreto.com.br\/wp-content\/uploads\/2025\/08\/0fbb6ede7e20d66eae95775981451a28_2025-08-24_09-31-08.webp.webp?fit=651%2C447&ssl=1&resize=525%2C300 1.5x"},"classes":[]},{"id":77984,"url":"https:\/\/noticiasribeiraopreto.com.br\/index.php\/2025\/09\/30\/inigualaveis-irmas-cola-celebram-10-anos-com-espetaculo-gratuito-em-ribeirao-preto-acidade-on-ribeirao-preto-irmas\/","url_meta":{"origin":72643,"position":5},"title":"Inigual\u00e1veis Irm\u00e3s Cola celebram 10 anos com espet\u00e1culo gratuito em Ribeir\u00e3o Preto &#8211; ACidade ON Ribeir\u00e3o Preto irm\u00e3s","author":"noticiasribeiraopreto.com.br","date":"30 de September de 2025","format":false,"excerpt":"As Inigual\u00e1veis Irm\u00e3s Cola comemoram 10 anos de trajet\u00f3ria com uma turn\u00ea especial pelo Estado de S\u00e3o Paulo. Em Ribeir\u00e3o Preto, a dupla se apresenta no dia 2 de outubro, \u00e0s 17h, no Cal\u00e7ad\u00e3o, com o espet\u00e1culo gratuito \u201cFuleragem\u201d. O show re\u00fane malabarismo, palha\u00e7aria e comicidade popular para revisitar a\u2026","rel":"","context":"In &quot;Not\u00edcias de Ribeir\u00e3o Preto-SP e Regi\u00e3o&quot;","block_context":{"text":"Not\u00edcias de Ribeir\u00e3o Preto-SP e Regi\u00e3o","link":"https:\/\/noticiasribeiraopreto.com.br\/index.php\/category\/noticias-de-ribeirao-preto-sp-e-regiao-ismael-colosi\/"},"img":{"alt_text":"","src":"https:\/\/i0.wp.com\/noticiasribeiraopreto.com.br\/wp-content\/uploads\/2025\/09\/FOTO_muralisabryna_Irmas-Cola_Espetaculo-Fuleragem-1_2025-09-30_12-08-02.webp.webp?fit=1200%2C823&ssl=1&resize=350%2C200","width":350,"height":200,"srcset":"https:\/\/i0.wp.com\/noticiasribeiraopreto.com.br\/wp-content\/uploads\/2025\/09\/FOTO_muralisabryna_Irmas-Cola_Espetaculo-Fuleragem-1_2025-09-30_12-08-02.webp.webp?fit=1200%2C823&ssl=1&resize=350%2C200 1x, https:\/\/i0.wp.com\/noticiasribeiraopreto.com.br\/wp-content\/uploads\/2025\/09\/FOTO_muralisabryna_Irmas-Cola_Espetaculo-Fuleragem-1_2025-09-30_12-08-02.webp.webp?fit=1200%2C823&ssl=1&resize=525%2C300 1.5x, https:\/\/i0.wp.com\/noticiasribeiraopreto.com.br\/wp-content\/uploads\/2025\/09\/FOTO_muralisabryna_Irmas-Cola_Espetaculo-Fuleragem-1_2025-09-30_12-08-02.webp.webp?fit=1200%2C823&ssl=1&resize=700%2C400 2x, https:\/\/i0.wp.com\/noticiasribeiraopreto.com.br\/wp-content\/uploads\/2025\/09\/FOTO_muralisabryna_Irmas-Cola_Espetaculo-Fuleragem-1_2025-09-30_12-08-02.webp.webp?fit=1200%2C823&ssl=1&resize=1050%2C600 3x"},"classes":[]}],"jetpack_sharing_enabled":true,"jetpack_shortlink":"https:\/\/wp.me\/peQAOb-iTF","_links":{"self":[{"href":"https:\/\/noticiasribeiraopreto.com.br\/index.php\/wp-json\/wp\/v2\/posts\/72643","targetHints":{"allow":["GET"]}}],"collection":[{"href":"https:\/\/noticiasribeiraopreto.com.br\/index.php\/wp-json\/wp\/v2\/posts"}],"about":[{"href":"https:\/\/noticiasribeiraopreto.com.br\/index.php\/wp-json\/wp\/v2\/types\/post"}],"author":[{"embeddable":true,"href":"https:\/\/noticiasribeiraopreto.com.br\/index.php\/wp-json\/wp\/v2\/users\/1"}],"replies":[{"embeddable":true,"href":"https:\/\/noticiasribeiraopreto.com.br\/index.php\/wp-json\/wp\/v2\/comments?post=72643"}],"version-history":[{"count":0,"href":"https:\/\/noticiasribeiraopreto.com.br\/index.php\/wp-json\/wp\/v2\/posts\/72643\/revisions"}],"wp:featuredmedia":[{"embeddable":true,"href":"https:\/\/noticiasribeiraopreto.com.br\/index.php\/wp-json\/wp\/v2\/media\/72644"}],"wp:attachment":[{"href":"https:\/\/noticiasribeiraopreto.com.br\/index.php\/wp-json\/wp\/v2\/media?parent=72643"}],"wp:term":[{"taxonomy":"category","embeddable":true,"href":"https:\/\/noticiasribeiraopreto.com.br\/index.php\/wp-json\/wp\/v2\/categories?post=72643"},{"taxonomy":"post_tag","embeddable":true,"href":"https:\/\/noticiasribeiraopreto.com.br\/index.php\/wp-json\/wp\/v2\/tags?post=72643"}],"curies":[{"name":"wp","href":"https:\/\/api.w.org\/{rel}","templated":true}]}}