{"id":72649,"date":"2025-06-19T13:37:11","date_gmt":"2025-06-19T16:37:11","guid":{"rendered":"https:\/\/noticiasribeiraopreto.com.br\/index.php\/2025\/06\/19\/frente-fria-deve-trazer-chuva-e-geada-ao-estado-de-sp-veja-quando\/"},"modified":"2025-06-19T13:37:11","modified_gmt":"2025-06-19T16:37:11","slug":"frente-fria-deve-trazer-chuva-e-geada-ao-estado-de-sp-veja-quando","status":"publish","type":"post","link":"https:\/\/noticiasribeiraopreto.com.br\/index.php\/2025\/06\/19\/frente-fria-deve-trazer-chuva-e-geada-ao-estado-de-sp-veja-quando\/","title":{"rendered":"Frente fria deve trazer chuva e geada ao estado de SP; Veja quando"},"content":{"rendered":"<p> <br \/>\n<\/p>\n<div data-td-block-uid=\"tdi_95\">\n<div class=\"tdb-block-inner td-fix-index\">\n<p><strong>Uma frente fria est\u00e1 prevista na pr\u00f3xima semana e deve trazer chuva e geada ao estado de S\u00e3o Paulo.<\/strong><\/p>\n<p>Segundo <a href=\"https:\/\/portal.inmet.gov.br\/\">Inmet (Instituto Nacional de Meteorologia)<\/a>, <mark style=\"background-color:#fcb900\" class=\"has-inline-color has-black-color\">esse sistema deve chegar na segunda feira (23) at\u00e9 a faixa Sul do estado paulista.<\/mark> O <strong>inverno <\/strong>come\u00e7a \u00e0s <strong>23h42<\/strong> desta <strong>sexta-feira (20)<\/strong>. <\/p>\n<figure class=\"wp-block-pullquote\">\n<blockquote>\n<p>Al\u00e9m das chuvas, este sistema deve derrubar as temperaturas sobre a Regi\u00e3o Sul e \u00e1reas do Mato Grosso do Sul j\u00e1 pela manh\u00e3. No decorrer do dia, a queda de temperatura deve atingir \u00e1reas de S\u00e3o Paulo, sul do Rio de Janeiro, sudoeste do Mato Grosso e at\u00e9 em \u00e1reas do sul de Rond\u00f4nia e do Acre, evidenciando mais um epis\u00f3dio de friagem, a quarta do ano, <\/p>\n<p><cite><strong>explica o Imet.<\/strong><\/cite><\/p><\/blockquote>\n<\/figure>\n<h2 class=\"wp-block-heading\"><strong>Neve no Sul e geada em SP<\/strong><\/h2>\n<p>H\u00e1 expectativa de ocorr\u00eancia de neve nas \u00e1reas das serras ga\u00facha e catarinense, na noite da segunda-feira.<\/p>\n<p>Na ter\u00e7a-feira (24), o Inmet informa que h\u00e1 condi\u00e7\u00f5es para geada ampla nos tr\u00eas estados do Sul, geada com intensidade variando de moderada a forte entre a serra ga\u00facha, \u00e1reas de Santa Catarina e sul do Paran\u00e1, no sul do Mato Grosso do Sul, sudoeste e sul de S\u00e3o Paulo.<\/p>\n<p>A condi\u00e7\u00e3o de geada deve permanecer tamb\u00e9m na quarta-feira (25) nestas mesmas \u00e1reas, conforme a previs\u00e3o.<\/p>\n<p>A partir de quarta, a massa de ar frio come\u00e7a a perder for\u00e7a gradativamente.<\/p>\n<p>SAIBA MAIS<\/p>\n<p>Ribeir\u00e3o 169 anos: Entre avan\u00e7os e desafios, munic\u00edpio busca se tornar uma cidade inteligente<\/p>\n<h3 class=\"wp-block-heading\"><strong>FIQUE ON<\/strong><\/h3>\n<p>Quer ficar por dentro de tudo que acontece em Ribeir\u00e3o Preto e regi\u00e3o? Ent\u00e3o siga os perfis do\u202facidade on\u202fno\u202f<a href=\"https:\/\/www.instagram.com\/acidadeonribeirao\" target=\"_blank\" rel=\"noreferrer noopener\">Instagram<\/a>\u202fe no\u202f<a href=\"https:\/\/www.facebook.com\/acidadeonribeirao\/\" target=\"_blank\" rel=\"noreferrer noopener\">Facebook<\/a>.<\/p>\n<p>Al\u00e9m disso, voc\u00ea pode receber as principais not\u00edcias diretamente no WhatsApp. Para isso, basta\u00a0<a href=\"https:\/\/chat.whatsapp.com\/BjKQZ9oJwlz8VVT50NuePq\" target=\"_blank\" rel=\"noreferrer noopener\">entrar no grupo clicando aqui<\/a>.<\/p>\n<p>Por fim, se quiser fazer uma den\u00fancia ou sugerir uma reportagem sobre Ribeir\u00e3o Preto e regi\u00e3o, envie uma mensagem pelo WhatsApp: (16) 99117-7802.<\/p>\n<p>VEJA TAMB\u00c9M<\/p>\n<p>Concurso MP-SP: quem tem direito a isen\u00e7\u00e3o da taxa de inscri\u00e7\u00e3o?<\/p>\n<p><!-- CONTENT END 1 -->\n<\/div>\n<\/div>\n<p><script async src=\"\/\/www.instagram.com\/embed.js\"><\/script><br \/>\n<br \/><br \/>\n<br \/><a href=\"https:\/\/www.acidadeon.com\/ribeiraopreto\/cotidiano\/frente-fria-deve-trazer-chuva-e-geada-ao-estado-de-sp-veja-quando\/\">Source link <\/a><\/p>\n","protected":false},"excerpt":{"rendered":"<p>Uma frente fria est\u00e1 prevista na pr\u00f3xima semana e deve trazer chuva e geada ao estado de S\u00e3o Paulo. Segundo Inmet (Instituto Nacional de Meteorologia),&#8230;<\/p>\n","protected":false},"author":1,"featured_media":72650,"comment_status":"open","ping_status":"open","sticky":false,"template":"","format":"standard","meta":{"advanced_seo_description":"","jetpack_seo_html_title":"","jetpack_seo_noindex":false,"jetpack_post_was_ever_published":false,"_jetpack_newsletter_access":"","_jetpack_dont_email_post_to_subs":false,"_jetpack_newsletter_tier_id":0,"_jetpack_memberships_contains_paywalled_content":false,"_jetpack_memberships_contains_paid_content":false,"footnotes":"","jetpack_publicize_message":"","jetpack_publicize_feature_enabled":true,"jetpack_social_post_already_shared":true,"jetpack_social_options":{"image_generator_settings":{"template":"highway","default_image_id":0,"font":"","enabled":false},"version":2}},"categories":[11],"tags":[],"class_list":["post-72649","post","type-post","status-publish","format-standard","has-post-thumbnail","hentry","category-noticias-de-ribeirao-preto-sp-e-regiao-ismael-colosi"],"jetpack_publicize_connections":[],"jetpack_featured_media_url":"https:\/\/i0.wp.com\/noticiasribeiraopreto.com.br\/wp-content\/uploads\/2025\/06\/frio-df_mcamgo_abr_110820221818-4_2024-07-08_17-50-52_jpg_2024-07-08_17-50-54-scaled.webp.webp?fit=2560%2C1707&ssl=1","jetpack-related-posts":[{"id":58059,"url":"https:\/\/noticiasribeiraopreto.com.br\/index.php\/2024\/09\/17\/inverno-deve-terminar-com-frente-fria-e-chuva-no-estado-de-sp-veja-previsao\/","url_meta":{"origin":72649,"position":0},"title":"Inverno deve terminar com frente fria e chuva no estado de SP; Veja previs\u00e3o","author":"noticiasribeiraopreto.com.br","date":"17 de September de 2024","format":false,"excerpt":"A \u00faltima semana do Inverno ser\u00e1 marcada por oscila\u00e7\u00f5es clim\u00e1ticas em diversas regi\u00f5es do Centro-Sul do Brasil, inclusive no estado de S\u00e3o Paulo. A primavera de 2024 come\u00e7a astronomicamente neste domingo (22), \u00e0s 9h44. A semana come\u00e7ou com o registro de chuva fraca, garoa e temperaturas mais amenas em algumas\u2026","rel":"","context":"In &quot;Not\u00edcias de Ribeir\u00e3o Preto-SP e Regi\u00e3o&quot;","block_context":{"text":"Not\u00edcias de Ribeir\u00e3o Preto-SP e Regi\u00e3o","link":"https:\/\/noticiasribeiraopreto.com.br\/index.php\/category\/noticias-de-ribeirao-preto-sp-e-regiao-ismael-colosi\/"},"img":{"alt_text":"","src":"https:\/\/i0.wp.com\/noticiasribeiraopreto.com.br\/wp-content\/uploads\/2024\/09\/chuva_na_cidade_de_campinas_sp_cxdigo_19_170676.jpg?fit=1200%2C800&ssl=1&resize=350%2C200","width":350,"height":200,"srcset":"https:\/\/i0.wp.com\/noticiasribeiraopreto.com.br\/wp-content\/uploads\/2024\/09\/chuva_na_cidade_de_campinas_sp_cxdigo_19_170676.jpg?fit=1200%2C800&ssl=1&resize=350%2C200 1x, https:\/\/i0.wp.com\/noticiasribeiraopreto.com.br\/wp-content\/uploads\/2024\/09\/chuva_na_cidade_de_campinas_sp_cxdigo_19_170676.jpg?fit=1200%2C800&ssl=1&resize=525%2C300 1.5x, https:\/\/i0.wp.com\/noticiasribeiraopreto.com.br\/wp-content\/uploads\/2024\/09\/chuva_na_cidade_de_campinas_sp_cxdigo_19_170676.jpg?fit=1200%2C800&ssl=1&resize=700%2C400 2x, https:\/\/i0.wp.com\/noticiasribeiraopreto.com.br\/wp-content\/uploads\/2024\/09\/chuva_na_cidade_de_campinas_sp_cxdigo_19_170676.jpg?fit=1200%2C800&ssl=1&resize=1050%2C600 3x"},"classes":[]},{"id":77395,"url":"https:\/\/noticiasribeiraopreto.com.br\/index.php\/2025\/09\/17\/onda-de-calor-atinge-sp-mas-frente-fria-tem-data-para-chegar-saiba-quando\/","url_meta":{"origin":72649,"position":1},"title":"Onda de calor atinge SP, mas frente fria tem data para chegar; Saiba quando","author":"noticiasribeiraopreto.com.br","date":"17 de September de 2025","format":false,"excerpt":"Uma nova onda de calor come\u00e7a nesta quinta-feira (18) e deve manter as temperaturas elevadas at\u00e9 a pr\u00f3xima segunda-feira (22). No entanto, esse calor intenso pode estar com os dias contados, j\u00e1 que uma forte massa de ar frio deve avan\u00e7ar sobre a regi\u00e3o. frente fria De acordo com o\u2026","rel":"","context":"In &quot;Not\u00edcias de Ribeir\u00e3o Preto-SP e Regi\u00e3o&quot;","block_context":{"text":"Not\u00edcias de Ribeir\u00e3o Preto-SP e Regi\u00e3o","link":"https:\/\/noticiasribeiraopreto.com.br\/index.php\/category\/noticias-de-ribeirao-preto-sp-e-regiao-ismael-colosi\/"},"img":{"alt_text":"","src":"https:\/\/i0.wp.com\/noticiasribeiraopreto.com.br\/wp-content\/uploads\/2025\/09\/Copia-de-Copia-de-Copia-de-TAMANHO-EXATO-PARA-FOTOS-NO-SISTEMA-NOVO-2025-09-17T183620.587_2025-09-17_21-36-30.webp.webp?fit=1200%2C675&ssl=1&resize=350%2C200","width":350,"height":200,"srcset":"https:\/\/i0.wp.com\/noticiasribeiraopreto.com.br\/wp-content\/uploads\/2025\/09\/Copia-de-Copia-de-Copia-de-TAMANHO-EXATO-PARA-FOTOS-NO-SISTEMA-NOVO-2025-09-17T183620.587_2025-09-17_21-36-30.webp.webp?fit=1200%2C675&ssl=1&resize=350%2C200 1x, https:\/\/i0.wp.com\/noticiasribeiraopreto.com.br\/wp-content\/uploads\/2025\/09\/Copia-de-Copia-de-Copia-de-TAMANHO-EXATO-PARA-FOTOS-NO-SISTEMA-NOVO-2025-09-17T183620.587_2025-09-17_21-36-30.webp.webp?fit=1200%2C675&ssl=1&resize=525%2C300 1.5x, https:\/\/i0.wp.com\/noticiasribeiraopreto.com.br\/wp-content\/uploads\/2025\/09\/Copia-de-Copia-de-Copia-de-TAMANHO-EXATO-PARA-FOTOS-NO-SISTEMA-NOVO-2025-09-17T183620.587_2025-09-17_21-36-30.webp.webp?fit=1200%2C675&ssl=1&resize=700%2C400 2x, https:\/\/i0.wp.com\/noticiasribeiraopreto.com.br\/wp-content\/uploads\/2025\/09\/Copia-de-Copia-de-Copia-de-TAMANHO-EXATO-PARA-FOTOS-NO-SISTEMA-NOVO-2025-09-17T183620.587_2025-09-17_21-36-30.webp.webp?fit=1200%2C675&ssl=1&resize=1050%2C600 3x"},"classes":[]},{"id":57893,"url":"https:\/\/noticiasribeiraopreto.com.br\/index.php\/2024\/09\/12\/frente-fria-traz-de-volta-a-chuva-e-a-sensacao-de-frio-para-parte-de-sp\/","url_meta":{"origin":72649,"position":2},"title":"Frente fria traz de volta a chuva e a sensa\u00e7\u00e3o de frio para parte de SP","author":"noticiasribeiraopreto.com.br","date":"12 de September de 2024","format":false,"excerpt":"Uma nova frente fria atingir\u00e1 o Centro-Oeste e parte do Sudeste do Brasil durante os pr\u00f3ximos dias, de acordo com os meteorologistas. Esse cen\u00e1rio vai trazer chuvas e uma queda nas temperaturas que v\u00e3o aliviar a estiagem e a onda de calor em alguns munic\u00edpios. Contudo, o sistema n\u00e3o ser\u00e1\u2026","rel":"","context":"In &quot;Not\u00edcias de Ribeir\u00e3o Preto-SP e Regi\u00e3o&quot;","block_context":{"text":"Not\u00edcias de Ribeir\u00e3o Preto-SP e Regi\u00e3o","link":"https:\/\/noticiasribeiraopreto.com.br\/index.php\/category\/noticias-de-ribeirao-preto-sp-e-regiao-ismael-colosi\/"},"img":{"alt_text":"","src":"https:\/\/i0.wp.com\/noticiasribeiraopreto.com.br\/wp-content\/uploads\/2024\/08\/frio-df_mcamgo_abr_110820221818-4_2024-07-08_17-50-52_jpg_2024-07-08_17-50-54-scaled.webp.webp?fit=1200%2C800&ssl=1&resize=350%2C200","width":350,"height":200,"srcset":"https:\/\/i0.wp.com\/noticiasribeiraopreto.com.br\/wp-content\/uploads\/2024\/08\/frio-df_mcamgo_abr_110820221818-4_2024-07-08_17-50-52_jpg_2024-07-08_17-50-54-scaled.webp.webp?fit=1200%2C800&ssl=1&resize=350%2C200 1x, https:\/\/i0.wp.com\/noticiasribeiraopreto.com.br\/wp-content\/uploads\/2024\/08\/frio-df_mcamgo_abr_110820221818-4_2024-07-08_17-50-52_jpg_2024-07-08_17-50-54-scaled.webp.webp?fit=1200%2C800&ssl=1&resize=525%2C300 1.5x, https:\/\/i0.wp.com\/noticiasribeiraopreto.com.br\/wp-content\/uploads\/2024\/08\/frio-df_mcamgo_abr_110820221818-4_2024-07-08_17-50-52_jpg_2024-07-08_17-50-54-scaled.webp.webp?fit=1200%2C800&ssl=1&resize=700%2C400 2x, https:\/\/i0.wp.com\/noticiasribeiraopreto.com.br\/wp-content\/uploads\/2024\/08\/frio-df_mcamgo_abr_110820221818-4_2024-07-08_17-50-52_jpg_2024-07-08_17-50-54-scaled.webp.webp?fit=1200%2C800&ssl=1&resize=1050%2C600 3x"},"classes":[]},{"id":58634,"url":"https:\/\/noticiasribeiraopreto.com.br\/index.php\/2024\/10\/02\/primeira-frente-fria-de-outubro-se-aproxima-do-interior-de-sp-com-chuva-e-ventos-intensos\/","url_meta":{"origin":72649,"position":3},"title":"Primeira frente fria de outubro se aproxima do interior de SP com chuva e ventos intensos","author":"noticiasribeiraopreto.com.br","date":"2 de October de 2024","format":false,"excerpt":"A frente fria que se desloca pelo Brasil nesta quarta-feira (2) marca a entrada do primeiro sistema frontal significativo de outubro, trazendo instabilidades e mudan\u00e7as clim\u00e1ticas para amplas \u00e1reas do Pa\u00eds, principal para os estados da regi\u00e3o Sul, Mato Grosso do Sul e S\u00e3o Paulo, que podem registrar chuva e\u2026","rel":"","context":"In &quot;Not\u00edcias de Ribeir\u00e3o Preto-SP e Regi\u00e3o&quot;","block_context":{"text":"Not\u00edcias de Ribeir\u00e3o Preto-SP e Regi\u00e3o","link":"https:\/\/noticiasribeiraopreto.com.br\/index.php\/category\/noticias-de-ribeirao-preto-sp-e-regiao-ismael-colosi\/"},"img":{"alt_text":"","src":"https:\/\/i0.wp.com\/noticiasribeiraopreto.com.br\/wp-content\/uploads\/2024\/05\/AnyConv.com__frente-fria.webp.webp?fit=1200%2C628&ssl=1&resize=350%2C200","width":350,"height":200,"srcset":"https:\/\/i0.wp.com\/noticiasribeiraopreto.com.br\/wp-content\/uploads\/2024\/05\/AnyConv.com__frente-fria.webp.webp?fit=1200%2C628&ssl=1&resize=350%2C200 1x, https:\/\/i0.wp.com\/noticiasribeiraopreto.com.br\/wp-content\/uploads\/2024\/05\/AnyConv.com__frente-fria.webp.webp?fit=1200%2C628&ssl=1&resize=525%2C300 1.5x, https:\/\/i0.wp.com\/noticiasribeiraopreto.com.br\/wp-content\/uploads\/2024\/05\/AnyConv.com__frente-fria.webp.webp?fit=1200%2C628&ssl=1&resize=700%2C400 2x, https:\/\/i0.wp.com\/noticiasribeiraopreto.com.br\/wp-content\/uploads\/2024\/05\/AnyConv.com__frente-fria.webp.webp?fit=1200%2C628&ssl=1&resize=1050%2C600 3x"},"classes":[]},{"id":72787,"url":"https:\/\/noticiasribeiraopreto.com.br\/index.php\/2025\/06\/21\/jornal-da-franca-por-que-o-inverno-de-2025-deve-ser-mais-frio-que-o-de-anos-anteriores\/","url_meta":{"origin":72649,"position":4},"title":"Jornal da Franca &#8211; Por que o inverno de 2025 deve ser mais frio que o de anos anteriores","author":"noticiasribeiraopreto.com.br","date":"21 de June de 2025","format":false,"excerpt":"compartilhar no whatsapp compartilhar no telegram compartilhar no facebook compartilhar no linkedin De acordo dom a Defesa Civil do Estado de S\u00e3o Paulo, o inverno ter\u00e1 neutralidade das condi\u00e7\u00f5es no Oceano Pac\u00edfico, sem a atua\u00e7\u00e3o dos fen\u00f4menos El Ni\u00f1o e La Ni\u00f1a Inverno, que come\u00e7ou na \u00faltima sexta-feira, 20, deve\u2026","rel":"","context":"In &quot;Not\u00edcias de Franca-SP&quot;","block_context":{"text":"Not\u00edcias de Franca-SP","link":"https:\/\/noticiasribeiraopreto.com.br\/index.php\/category\/noticias-de-ribeirao-preto-sp-e-regiao-ismael-colosi\/noticias-franca-sp\/"},"img":{"alt_text":"","src":"https:\/\/i0.wp.com\/noticiasribeiraopreto.com.br\/wp-content\/uploads\/2025\/06\/mulheres-com-frio.jpg?fit=1200%2C675&ssl=1&resize=350%2C200","width":350,"height":200,"srcset":"https:\/\/i0.wp.com\/noticiasribeiraopreto.com.br\/wp-content\/uploads\/2025\/06\/mulheres-com-frio.jpg?fit=1200%2C675&ssl=1&resize=350%2C200 1x, https:\/\/i0.wp.com\/noticiasribeiraopreto.com.br\/wp-content\/uploads\/2025\/06\/mulheres-com-frio.jpg?fit=1200%2C675&ssl=1&resize=525%2C300 1.5x, https:\/\/i0.wp.com\/noticiasribeiraopreto.com.br\/wp-content\/uploads\/2025\/06\/mulheres-com-frio.jpg?fit=1200%2C675&ssl=1&resize=700%2C400 2x, https:\/\/i0.wp.com\/noticiasribeiraopreto.com.br\/wp-content\/uploads\/2025\/06\/mulheres-com-frio.jpg?fit=1200%2C675&ssl=1&resize=1050%2C600 3x"},"classes":[]},{"id":79103,"url":"https:\/\/noticiasribeiraopreto.com.br\/index.php\/2025\/10\/24\/o-que-esperar-da-nova-frente-fria-no-estado-de-sp-veja-a-previsao\/","url_meta":{"origin":72649,"position":5},"title":"O que esperar da nova frente fria no estado de SP; Veja a previs\u00e3o","author":"noticiasribeiraopreto.com.br","date":"24 de October de 2025","format":false,"excerpt":"Uma nova frente fria est\u00e1 prevista para mudar o tempo novamente ao longo da pr\u00f3xima semana. Segundo a Meteored, esse sistema n\u00e3o deve ser t\u00e3o intenso quanto a frente fria que atuou no pa\u00eds nos \u00faltimos dias, mas trar\u00e1 chuva e queda na temperatura. Ainda conforme a previs\u00e3o, S\u00e3o Paulo\u2026","rel":"","context":"In &quot;Not\u00edcias de Ribeir\u00e3o Preto-SP e Regi\u00e3o&quot;","block_context":{"text":"Not\u00edcias de Ribeir\u00e3o Preto-SP e Regi\u00e3o","link":"https:\/\/noticiasribeiraopreto.com.br\/index.php\/category\/noticias-de-ribeirao-preto-sp-e-regiao-ismael-colosi\/"},"img":{"alt_text":"","src":"https:\/\/i0.wp.com\/noticiasribeiraopreto.com.br\/wp-content\/uploads\/2025\/10\/CHUVA_2025-10-24_11-33-42.webp.webp?fit=1200%2C786&ssl=1&resize=350%2C200","width":350,"height":200,"srcset":"https:\/\/i0.wp.com\/noticiasribeiraopreto.com.br\/wp-content\/uploads\/2025\/10\/CHUVA_2025-10-24_11-33-42.webp.webp?fit=1200%2C786&ssl=1&resize=350%2C200 1x, https:\/\/i0.wp.com\/noticiasribeiraopreto.com.br\/wp-content\/uploads\/2025\/10\/CHUVA_2025-10-24_11-33-42.webp.webp?fit=1200%2C786&ssl=1&resize=525%2C300 1.5x, https:\/\/i0.wp.com\/noticiasribeiraopreto.com.br\/wp-content\/uploads\/2025\/10\/CHUVA_2025-10-24_11-33-42.webp.webp?fit=1200%2C786&ssl=1&resize=700%2C400 2x, https:\/\/i0.wp.com\/noticiasribeiraopreto.com.br\/wp-content\/uploads\/2025\/10\/CHUVA_2025-10-24_11-33-42.webp.webp?fit=1200%2C786&ssl=1&resize=1050%2C600 3x"},"classes":[]}],"jetpack_sharing_enabled":true,"jetpack_shortlink":"https:\/\/wp.me\/peQAOb-iTL","_links":{"self":[{"href":"https:\/\/noticiasribeiraopreto.com.br\/index.php\/wp-json\/wp\/v2\/posts\/72649","targetHints":{"allow":["GET"]}}],"collection":[{"href":"https:\/\/noticiasribeiraopreto.com.br\/index.php\/wp-json\/wp\/v2\/posts"}],"about":[{"href":"https:\/\/noticiasribeiraopreto.com.br\/index.php\/wp-json\/wp\/v2\/types\/post"}],"author":[{"embeddable":true,"href":"https:\/\/noticiasribeiraopreto.com.br\/index.php\/wp-json\/wp\/v2\/users\/1"}],"replies":[{"embeddable":true,"href":"https:\/\/noticiasribeiraopreto.com.br\/index.php\/wp-json\/wp\/v2\/comments?post=72649"}],"version-history":[{"count":0,"href":"https:\/\/noticiasribeiraopreto.com.br\/index.php\/wp-json\/wp\/v2\/posts\/72649\/revisions"}],"wp:featuredmedia":[{"embeddable":true,"href":"https:\/\/noticiasribeiraopreto.com.br\/index.php\/wp-json\/wp\/v2\/media\/72650"}],"wp:attachment":[{"href":"https:\/\/noticiasribeiraopreto.com.br\/index.php\/wp-json\/wp\/v2\/media?parent=72649"}],"wp:term":[{"taxonomy":"category","embeddable":true,"href":"https:\/\/noticiasribeiraopreto.com.br\/index.php\/wp-json\/wp\/v2\/categories?post=72649"},{"taxonomy":"post_tag","embeddable":true,"href":"https:\/\/noticiasribeiraopreto.com.br\/index.php\/wp-json\/wp\/v2\/tags?post=72649"}],"curies":[{"name":"wp","href":"https:\/\/api.w.org\/{rel}","templated":true}]}}