{"id":72653,"date":"2025-06-19T15:27:38","date_gmt":"2025-06-19T18:27:38","guid":{"rendered":"https:\/\/noticiasribeiraopreto.com.br\/index.php\/2025\/06\/19\/jornal-da-franca-didi-louzada-na-nba-para-o-sesi-franca-e-escolhido-como-o-melhor-jogador-do-nbb\/"},"modified":"2025-06-19T15:27:38","modified_gmt":"2025-06-19T18:27:38","slug":"jornal-da-franca-didi-louzada-na-nba-para-o-sesi-franca-e-escolhido-como-o-melhor-jogador-do-nbb","status":"publish","type":"post","link":"https:\/\/noticiasribeiraopreto.com.br\/index.php\/2025\/06\/19\/jornal-da-franca-didi-louzada-na-nba-para-o-sesi-franca-e-escolhido-como-o-melhor-jogador-do-nbb\/","title":{"rendered":"Jornal da Franca &#8211; Didi Louzada, na NBA para o Sesi Franca, \u00e9 escolhido como o melhor jogador do NBB"},"content":{"rendered":"<p> <br \/>\n<\/p>\n<div>\n\t                            <a class=\"mb-1\" href=\"https:\/\/api.whatsapp.com\/send?text=Olha essa Not\u00edcia no Jornal da Franca.%0D%0D*Didi Louzada, na NBA para o Sesi Franca, \u00e9 escolhido como o melhor jogador do NBB*%0D%0Dclique na url abaixo%0Dhttps:\/\/www.jornaldafranca.com.br\/didi-louzada-na-nba-para-o-sesi-franca-e-escolhido-como-o-melhor-jogador-do-nbb\/\" target=\"_blank\"><span class=\"text-12 badge badge-pill badge-success\"><i class=\"fa fa-whatsapp\"\/> compartilhar no whatsapp<\/span><\/a><\/p>\n<p>\t                            <a class=\"mb-1\" href=\"https:\/\/telegram.me\/share\/url?url=https:\/\/www.jornaldafranca.com.br\/didi-louzada-na-nba-para-o-sesi-franca-e-escolhido-como-o-melhor-jogador-do-nbb\/&amp;text=Olha essa Not\u00edcia no Jornal da Franca.\" target=\"_blank\"><span class=\"text-12 badge badge-pill badge-info\"><i class=\"fa fa-telegram\"\/> compartilhar no telegram<\/span><\/a><\/p>\n<p>\t                            <a class=\"mb-1\" href=\"https:\/\/www.facebook.com\/sharer\/sharer.php?u=https:\/\/www.jornaldafranca.com.br\/didi-louzada-na-nba-para-o-sesi-franca-e-escolhido-como-o-melhor-jogador-do-nbb\/\" target=\"_blank\"><span class=\"text-12 badge badge-pill badge-primary\"><i class=\"fa fa-facebook\"\/> compartilhar no facebook<\/span><\/a><\/p>\n<p>\t                            <a class=\"mb-1\" href=\"https:\/\/www.linkedin.com\/shareArticle?mini=true&amp;url=https:\/\/www.jornaldafranca.com.br\/didi-louzada-na-nba-para-o-sesi-franca-e-escolhido-como-o-melhor-jogador-do-nbb\/&amp;title=Didi Louzada, na NBA para o Sesi Franca, \u00e9 escolhido como o melhor jogador do NBB&amp;source=JORNAL DA FRANCA\" target=\"_blank\"><span class=\"text-12 badge badge-pill badge-secondary\"><i class=\"fa fa-linkedin\"\/> compartilhar no linkedin<\/span><\/a><\/p>\n<div class=\"lead text-20\">\n<p>Jogador, que tem passagens pela badalada NBA, ajudou muito na conquista do t\u00edtulo<\/p>\n<\/p><\/div>\n<p><img data-recalc-dims=\"1\" decoding=\"async\" src=\"https:\/\/i0.wp.com\/www.jornaldafranca.com.br\/wp-content\/uploads\/2025\/06\/didi.jpeg?ssl=1\" alt=\"\"\/><\/p>\n<p>Na hora mais decisiva, ele foi gigante. Didi Louzada escreveu seu nome na hist\u00f3ria com um grande desempenho nas Finais do NBB CAIXA 2024\/25. Incans\u00e1vel na defesa, letal no ataque e com sangue frio para suportar os momentos mais intensos, o ala do Sesi Franca foi eleito o MVP (Jogador Mais Valioso) da s\u00e9rie contra o KTO Minas, que rendeu ao time francano o tetracampeonato, e recebeu o Trof\u00e9u Amaury Pasos. Merecidamente!<\/p>\n<p>Didi se destacou nos dois lados da quadra e liderou o Sesi Franca com intensidade e maturidade, sendo o principal protagonista de uma equipe recheada de grandes jogadores, como Lucas Dias, Georginho e David Jackson. Foram atua\u00e7\u00f5es consistentes na s\u00e9rie, com cestas decisivas e uma presen\u00e7a dominante que impulsionou a equipe rumo ao t\u00edtulo.<\/p>\n<p>Na defesa, Didi marcou os principais nomes do KTO Minas com for\u00e7a e intelig\u00eancia. No ataque, mostrou repert\u00f3rio, confian\u00e7a e precis\u00e3o quando foi exigido. Seja com bolas de tr\u00eas, infiltra\u00e7\u00f5es, jogadas em transi\u00e7\u00e3o ou, claro, enterradas potentes, Didi esteve sempre presente.<\/p>\n<p>A regularidade de suas atua\u00e7\u00f5es chamou aten\u00e7\u00e3o desde o in\u00edcio da s\u00e9rie. No jogo do t\u00edtulo, manteve seu n\u00edvel e registrou um duplo-duplo, com 13 pontos e 10 rebotes, na vit\u00f3ria sobre o KTO Minas por 86 a 73.<\/p>\n<p>Formado nas categorias de base do Sesi Franca, Didi representa uma gera\u00e7\u00e3o que une talento, disciplina e identidade com o clube. Ap\u00f3s rodar o mundo \u2014 atuando por New Orleans Pelicans e Portland Trail Blazers na NBA \u2014 e acumular experi\u00eancia, voltou para casa mais maduro, ap\u00f3s uma temporada no Flamengo. Na hora exata!<\/p>\n<p>Agora Didi colhe os frutos de uma trajet\u00f3ria que continua em ascens\u00e3o. O pr\u00eamio de MVP das n\u00e3o \u00e9 apenas pelo que fez dentro de quadra, mas tamb\u00e9m pela postura, esp\u00edrito coletivo e capacidade de elevar o n\u00edvel dos companheiros.<\/p>\n<p>\u201cFoi a escolha certa. Queria agradecer a todos da diretoria, principalmente da comiss\u00e3o t\u00e9cnica, que acreditou no meu trabalho. Quando decidi vir para o Franca, est\u00e1vamos nas Olimp\u00edadas ainda. Foi quando tomei essa decis\u00e3o: era hora de voltar para casa, hora de trazer meu jogo de volta\u201d, afirmou.<\/p>\n<p>\u201cConsegui trazer isso de volta. Campe\u00e3o, primeiro t\u00edtulo no NBB e MVP. N\u00e3o podia ser melhor. Tem um gostinho ainda maior por ser em Franca, minha casa. Estou bem emocionado e muito feliz mesmo\u201d, finalizou.<\/p>\n<p><!-- CONTENT END 1 --><\/p>\n<hr\/><\/div>\n<p><br \/>\n<br \/><a href=\"https:\/\/www.jornaldafranca.com.br\/didi-louzada-na-nba-para-o-sesi-franca-e-escolhido-como-o-melhor-jogador-do-nbb\/\">Source link <\/a><\/p>\n","protected":false},"excerpt":{"rendered":"<p>compartilhar no whatsapp compartilhar no telegram compartilhar no facebook compartilhar no linkedin Jogador, que tem passagens pela badalada NBA, ajudou muito na conquista do t\u00edtulo&#8230;<\/p>\n","protected":false},"author":1,"featured_media":72654,"comment_status":"open","ping_status":"open","sticky":false,"template":"","format":"standard","meta":{"advanced_seo_description":"","jetpack_seo_html_title":"","jetpack_seo_noindex":false,"jetpack_post_was_ever_published":false,"_jetpack_newsletter_access":"","_jetpack_dont_email_post_to_subs":false,"_jetpack_newsletter_tier_id":0,"_jetpack_memberships_contains_paywalled_content":false,"_jetpack_memberships_contains_paid_content":false,"footnotes":"","jetpack_publicize_message":"","jetpack_publicize_feature_enabled":true,"jetpack_social_post_already_shared":true,"jetpack_social_options":{"image_generator_settings":{"template":"highway","default_image_id":0,"font":"","enabled":false},"version":2}},"categories":[3597],"tags":[],"class_list":["post-72653","post","type-post","status-publish","format-standard","has-post-thumbnail","hentry","category-noticias-franca-sp"],"jetpack_publicize_connections":[],"jetpack_featured_media_url":"https:\/\/i0.wp.com\/noticiasribeiraopreto.com.br\/wp-content\/uploads\/2025\/06\/didi.jpeg?fit=1280%2C853&ssl=1","jetpack-related-posts":[{"id":67863,"url":"https:\/\/noticiasribeiraopreto.com.br\/index.php\/2025\/04\/19\/jornal-da-franca-sesi-franca-quer-vencer-o-cordoba-e-deixar-a-champions-league-de-cabeca-erguida\/","url_meta":{"origin":72653,"position":0},"title":"Jornal da Franca &#8211; Sesi Franca quer vencer o C\u00f3rdoba e deixar a Champions League de cabe\u00e7a erguida","author":"noticiasribeiraopreto.com.br","date":"19 de April de 2025","format":false,"excerpt":"compartilhar no whatsapp compartilhar no telegram compartilhar no facebook compartilhar no linkedin Jogo de hoje servir\u00e1 para a equipe se reencontrar e encerrar campeonato honrosamente O Sesi Franca ainda procura se reencontrar ap\u00f3s a elimina\u00e7\u00e3o contra o Flamengo pelas semifinais da Champions League, por 91 a 65, na noite desta\u2026","rel":"","context":"In &quot;Not\u00edcias de Franca-SP&quot;","block_context":{"text":"Not\u00edcias de Franca-SP","link":"https:\/\/noticiasribeiraopreto.com.br\/index.php\/category\/noticias-de-ribeirao-preto-sp-e-regiao-ismael-colosi\/noticias-franca-sp\/"},"img":{"alt_text":"","src":"https:\/\/i0.wp.com\/noticiasribeiraopreto.com.br\/wp-content\/uploads\/2025\/04\/IMG_20250418_111654.jpg?fit=1080%2C710&ssl=1&resize=350%2C200","width":350,"height":200,"srcset":"https:\/\/i0.wp.com\/noticiasribeiraopreto.com.br\/wp-content\/uploads\/2025\/04\/IMG_20250418_111654.jpg?fit=1080%2C710&ssl=1&resize=350%2C200 1x, https:\/\/i0.wp.com\/noticiasribeiraopreto.com.br\/wp-content\/uploads\/2025\/04\/IMG_20250418_111654.jpg?fit=1080%2C710&ssl=1&resize=525%2C300 1.5x, https:\/\/i0.wp.com\/noticiasribeiraopreto.com.br\/wp-content\/uploads\/2025\/04\/IMG_20250418_111654.jpg?fit=1080%2C710&ssl=1&resize=700%2C400 2x, https:\/\/i0.wp.com\/noticiasribeiraopreto.com.br\/wp-content\/uploads\/2025\/04\/IMG_20250418_111654.jpg?fit=1080%2C710&ssl=1&resize=1050%2C600 3x"},"classes":[]},{"id":72627,"url":"https:\/\/noticiasribeiraopreto.com.br\/index.php\/2025\/06\/19\/jornal-da-franca-torcedores-do-sesi-franca-aguardam-confirmacao-de-carreata-para-comemorar-o-tetra\/","url_meta":{"origin":72653,"position":1},"title":"Jornal da Franca &#8211; Torcedores do Sesi Franca aguardam confirma\u00e7\u00e3o de carreata para comemorar o tetra","author":"noticiasribeiraopreto.com.br","date":"19 de June de 2025","format":false,"excerpt":"compartilhar no whatsapp compartilhar no telegram compartilhar no facebook compartilhar no linkedin Time tradicionalmente comemora titulos desfilando em carro aberto pela cidade Os torcedores do Sesi Franca aguardam que o clube confirme a realiza\u00e7\u00e3o de uma carreata para comemorar o t\u00edtulo do tetracampeonato do NBB \u2013 Novo Basquete Brasil, conquistado\u2026","rel":"","context":"In &quot;Not\u00edcias de Franca-SP&quot;","block_context":{"text":"Not\u00edcias de Franca-SP","link":"https:\/\/noticiasribeiraopreto.com.br\/index.php\/category\/noticias-de-ribeirao-preto-sp-e-regiao-ismael-colosi\/noticias-franca-sp\/"},"img":{"alt_text":"","src":"https:\/\/i0.wp.com\/noticiasribeiraopreto.com.br\/wp-content\/uploads\/2025\/06\/basq-scaled.jpg?fit=1200%2C800&ssl=1&resize=350%2C200","width":350,"height":200,"srcset":"https:\/\/i0.wp.com\/noticiasribeiraopreto.com.br\/wp-content\/uploads\/2025\/06\/basq-scaled.jpg?fit=1200%2C800&ssl=1&resize=350%2C200 1x, https:\/\/i0.wp.com\/noticiasribeiraopreto.com.br\/wp-content\/uploads\/2025\/06\/basq-scaled.jpg?fit=1200%2C800&ssl=1&resize=525%2C300 1.5x, https:\/\/i0.wp.com\/noticiasribeiraopreto.com.br\/wp-content\/uploads\/2025\/06\/basq-scaled.jpg?fit=1200%2C800&ssl=1&resize=700%2C400 2x, https:\/\/i0.wp.com\/noticiasribeiraopreto.com.br\/wp-content\/uploads\/2025\/06\/basq-scaled.jpg?fit=1200%2C800&ssl=1&resize=1050%2C600 3x"},"classes":[]},{"id":72602,"url":"https:\/\/noticiasribeiraopreto.com.br\/index.php\/2025\/06\/18\/jornal-da-franca-uma-cidade-dominante-no-basquete-sesi-franca-vence-o-minas-e-conquista-tetra-do-nbb\/","url_meta":{"origin":72653,"position":2},"title":"Jornal da Franca &#8211; Uma cidade dominante no basquete: Sesi Franca vence o Minas e conquista tetra do NBB","author":"noticiasribeiraopreto.com.br","date":"18 de June de 2025","format":false,"excerpt":"compartilhar no whatsapp compartilhar no telegram compartilhar no facebook compartilhar no linkedin Equipe francana fecha playoff por 3 a 1 e reafirma momento hist\u00f3rico da Capital do Basquete Pode comemorar torcedor: o Sesi Franca venceu o Minas T\u00eanis no Pedroc\u00e3o por 86 a 73 e fechou a s\u00e9rie decisiva do\u2026","rel":"","context":"In &quot;Not\u00edcias de Franca-SP&quot;","block_context":{"text":"Not\u00edcias de Franca-SP","link":"https:\/\/noticiasribeiraopreto.com.br\/index.php\/category\/noticias-de-ribeirao-preto-sp-e-regiao-ismael-colosi\/noticias-franca-sp\/"},"img":{"alt_text":"","src":"https:\/\/i0.wp.com\/noticiasribeiraopreto.com.br\/wp-content\/uploads\/2025\/06\/IMG-20250618-WA0035-scaled.jpg?fit=1200%2C960&ssl=1&resize=350%2C200","width":350,"height":200,"srcset":"https:\/\/i0.wp.com\/noticiasribeiraopreto.com.br\/wp-content\/uploads\/2025\/06\/IMG-20250618-WA0035-scaled.jpg?fit=1200%2C960&ssl=1&resize=350%2C200 1x, https:\/\/i0.wp.com\/noticiasribeiraopreto.com.br\/wp-content\/uploads\/2025\/06\/IMG-20250618-WA0035-scaled.jpg?fit=1200%2C960&ssl=1&resize=525%2C300 1.5x, https:\/\/i0.wp.com\/noticiasribeiraopreto.com.br\/wp-content\/uploads\/2025\/06\/IMG-20250618-WA0035-scaled.jpg?fit=1200%2C960&ssl=1&resize=700%2C400 2x, https:\/\/i0.wp.com\/noticiasribeiraopreto.com.br\/wp-content\/uploads\/2025\/06\/IMG-20250618-WA0035-scaled.jpg?fit=1200%2C960&ssl=1&resize=1050%2C600 3x"},"classes":[]},{"id":65225,"url":"https:\/\/noticiasribeiraopreto.com.br\/index.php\/2025\/03\/17\/jornal-da-franca-sesi-franca-volta-a-jogar-pelo-nbb-nesta-terca-com-foco-em-buscar-terceira-colocacao\/","url_meta":{"origin":72653,"position":3},"title":"Jornal da Franca &#8211; Sesi Franca volta a jogar pelo NBB nesta ter\u00e7a com foco em buscar terceira coloca\u00e7\u00e3o","author":"noticiasribeiraopreto.com.br","date":"17 de March de 2025","format":false,"excerpt":"compartilhar no whatsapp compartilhar no telegram compartilhar no facebook compartilhar no linkedin Ap\u00f3s garantir vaga no quadrangular decisivo da BCLA, o Sesi Franca retoma sua participa\u00e7\u00e3o no NBB O Sesi Franca Basquete garantiu, na quinta-feira, sua classifica\u00e7\u00e3o para o quadrangular decisivo da Champions League ap\u00f3s vencer o Quimsa da Argentina.\u2026","rel":"","context":"In &quot;Not\u00edcias de Franca-SP&quot;","block_context":{"text":"Not\u00edcias de Franca-SP","link":"https:\/\/noticiasribeiraopreto.com.br\/index.php\/category\/noticias-de-ribeirao-preto-sp-e-regiao-ismael-colosi\/noticias-franca-sp\/"},"img":{"alt_text":"","src":"https:\/\/i0.wp.com\/noticiasribeiraopreto.com.br\/wp-content\/uploads\/2025\/03\/1742247739_54385421709-7f90c2f567-k.jpg?fit=600%2C400&ssl=1&resize=350%2C200","width":350,"height":200,"srcset":"https:\/\/i0.wp.com\/noticiasribeiraopreto.com.br\/wp-content\/uploads\/2025\/03\/1742247739_54385421709-7f90c2f567-k.jpg?fit=600%2C400&ssl=1&resize=350%2C200 1x, https:\/\/i0.wp.com\/noticiasribeiraopreto.com.br\/wp-content\/uploads\/2025\/03\/1742247739_54385421709-7f90c2f567-k.jpg?fit=600%2C400&ssl=1&resize=525%2C300 1.5x"},"classes":[]},{"id":72354,"url":"https:\/\/noticiasribeiraopreto.com.br\/index.php\/2025\/06\/16\/jornal-da-franca-valendo-o-tetra-do-nbb-sesi-franca-se-prepara-para-decisao-contra-o-minas-tenis\/","url_meta":{"origin":72653,"position":4},"title":"Jornal da Franca &#8211; Valendo o tetra do NBB: Sesi Franca se prepara para decis\u00e3o contra o Minas T\u00eanis","author":"noticiasribeiraopreto.com.br","date":"16 de June de 2025","format":false,"excerpt":"compartilhar no whatsapp compartilhar no telegram compartilhar no facebook compartilhar no linkedin Treino desta segunda-feira visa aprimorar estrat\u00e9gia para jogo crucial na busca pelo tetracampeonato O Sesi Franca voltou \u00e0 quadra nesta segunda-feira para realizar treino visando o jogo de quarta-feira contra o Minas T\u00eanis, quarto confronto da s\u00e9rie decisiva\u2026","rel":"","context":"In &quot;Not\u00edcias de Franca-SP&quot;","block_context":{"text":"Not\u00edcias de Franca-SP","link":"https:\/\/noticiasribeiraopreto.com.br\/index.php\/category\/noticias-de-ribeirao-preto-sp-e-regiao-ismael-colosi\/noticias-franca-sp\/"},"img":{"alt_text":"","src":"https:\/\/i0.wp.com\/noticiasribeiraopreto.com.br\/wp-content\/uploads\/2025\/06\/WhatsApp-Image-2025-06-03-at-22.42.34-2-1200x800-3.jpeg?fit=1200%2C800&ssl=1&resize=350%2C200","width":350,"height":200,"srcset":"https:\/\/i0.wp.com\/noticiasribeiraopreto.com.br\/wp-content\/uploads\/2025\/06\/WhatsApp-Image-2025-06-03-at-22.42.34-2-1200x800-3.jpeg?fit=1200%2C800&ssl=1&resize=350%2C200 1x, https:\/\/i0.wp.com\/noticiasribeiraopreto.com.br\/wp-content\/uploads\/2025\/06\/WhatsApp-Image-2025-06-03-at-22.42.34-2-1200x800-3.jpeg?fit=1200%2C800&ssl=1&resize=525%2C300 1.5x, https:\/\/i0.wp.com\/noticiasribeiraopreto.com.br\/wp-content\/uploads\/2025\/06\/WhatsApp-Image-2025-06-03-at-22.42.34-2-1200x800-3.jpeg?fit=1200%2C800&ssl=1&resize=700%2C400 2x, https:\/\/i0.wp.com\/noticiasribeiraopreto.com.br\/wp-content\/uploads\/2025\/06\/WhatsApp-Image-2025-06-03-at-22.42.34-2-1200x800-3.jpeg?fit=1200%2C800&ssl=1&resize=1050%2C600 3x"},"classes":[]},{"id":66379,"url":"https:\/\/noticiasribeiraopreto.com.br\/index.php\/2025\/03\/31\/jornal-da-franca-sesi-franca-quer-nona-vitoria-consecutiva-pelo-nbb-nesta-noite-contra-o-caxias\/","url_meta":{"origin":72653,"position":5},"title":"Jornal da Franca &#8211; Sesi Franca quer nona vit\u00f3ria consecutiva pelo NBB nesta noite, contra o Caxias","author":"noticiasribeiraopreto.com.br","date":"31 de March de 2025","format":false,"excerpt":"compartilhar no whatsapp compartilhar no telegram compartilhar no facebook compartilhar no linkedin Time francano, terceiro colocado na tabela de classifica\u00e7\u00e3o, enfrenta o Caxias, que est\u00e1 em 15\u00ba\u00a0 O Sesi Franca Basquete recebe o Caxias \u00e0s 19h30 desta segunda-feira, 31 de mar\u00e7o, no gin\u00e1sio Pedroc\u00e3o, pelo segundo turno do NBB \u2013\u2026","rel":"","context":"In &quot;Not\u00edcias de Franca-SP&quot;","block_context":{"text":"Not\u00edcias de Franca-SP","link":"https:\/\/noticiasribeiraopreto.com.br\/index.php\/category\/noticias-de-ribeirao-preto-sp-e-regiao-ismael-colosi\/noticias-franca-sp\/"},"img":{"alt_text":"","src":"https:\/\/i0.wp.com\/noticiasribeiraopreto.com.br\/wp-content\/uploads\/2025\/03\/IMG-20250329-WA0001.jpg?fit=1040%2C694&ssl=1&resize=350%2C200","width":350,"height":200,"srcset":"https:\/\/i0.wp.com\/noticiasribeiraopreto.com.br\/wp-content\/uploads\/2025\/03\/IMG-20250329-WA0001.jpg?fit=1040%2C694&ssl=1&resize=350%2C200 1x, https:\/\/i0.wp.com\/noticiasribeiraopreto.com.br\/wp-content\/uploads\/2025\/03\/IMG-20250329-WA0001.jpg?fit=1040%2C694&ssl=1&resize=525%2C300 1.5x, https:\/\/i0.wp.com\/noticiasribeiraopreto.com.br\/wp-content\/uploads\/2025\/03\/IMG-20250329-WA0001.jpg?fit=1040%2C694&ssl=1&resize=700%2C400 2x"},"classes":[]}],"jetpack_sharing_enabled":true,"jetpack_shortlink":"https:\/\/wp.me\/peQAOb-iTP","_links":{"self":[{"href":"https:\/\/noticiasribeiraopreto.com.br\/index.php\/wp-json\/wp\/v2\/posts\/72653","targetHints":{"allow":["GET"]}}],"collection":[{"href":"https:\/\/noticiasribeiraopreto.com.br\/index.php\/wp-json\/wp\/v2\/posts"}],"about":[{"href":"https:\/\/noticiasribeiraopreto.com.br\/index.php\/wp-json\/wp\/v2\/types\/post"}],"author":[{"embeddable":true,"href":"https:\/\/noticiasribeiraopreto.com.br\/index.php\/wp-json\/wp\/v2\/users\/1"}],"replies":[{"embeddable":true,"href":"https:\/\/noticiasribeiraopreto.com.br\/index.php\/wp-json\/wp\/v2\/comments?post=72653"}],"version-history":[{"count":0,"href":"https:\/\/noticiasribeiraopreto.com.br\/index.php\/wp-json\/wp\/v2\/posts\/72653\/revisions"}],"wp:featuredmedia":[{"embeddable":true,"href":"https:\/\/noticiasribeiraopreto.com.br\/index.php\/wp-json\/wp\/v2\/media\/72654"}],"wp:attachment":[{"href":"https:\/\/noticiasribeiraopreto.com.br\/index.php\/wp-json\/wp\/v2\/media?parent=72653"}],"wp:term":[{"taxonomy":"category","embeddable":true,"href":"https:\/\/noticiasribeiraopreto.com.br\/index.php\/wp-json\/wp\/v2\/categories?post=72653"},{"taxonomy":"post_tag","embeddable":true,"href":"https:\/\/noticiasribeiraopreto.com.br\/index.php\/wp-json\/wp\/v2\/tags?post=72653"}],"curies":[{"name":"wp","href":"https:\/\/api.w.org\/{rel}","templated":true}]}}