{"id":72655,"date":"2025-06-19T16:25:17","date_gmt":"2025-06-19T19:25:17","guid":{"rendered":"https:\/\/noticiasribeiraopreto.com.br\/index.php\/2025\/06\/19\/homem-morre-apos-disparo-acidental-do-amigo-em-propriedade-rural-no-interior-de-sp\/"},"modified":"2025-06-19T16:25:17","modified_gmt":"2025-06-19T19:25:17","slug":"homem-morre-apos-disparo-acidental-do-amigo-em-propriedade-rural-no-interior-de-sp","status":"publish","type":"post","link":"https:\/\/noticiasribeiraopreto.com.br\/index.php\/2025\/06\/19\/homem-morre-apos-disparo-acidental-do-amigo-em-propriedade-rural-no-interior-de-sp\/","title":{"rendered":"Homem morre ap\u00f3s disparo acidental do amigo em propriedade rural no interior de SP"},"content":{"rendered":"<p> <br \/>\n<\/p>\n<div>\n<p>A <strong>Pol\u00edcia Civil<\/strong> investiga uma ocorr\u00eancia com arma de fogo que terminou com <strong>a<\/strong> <strong>morte de dois homens<\/strong>, durante a madrugada desta quinta-feira (19), em uma propriedade na zona rural de <strong>Santo Ant\u00f4nio da Alegria<\/strong>, h\u00e1 96 quil\u00f4metros de <strong>Ribeir\u00e3o Preto<\/strong>.<\/p>\n<p>De acordo com o <strong>BO (boletim de ocorr\u00eancia)<\/strong>, Gabriel Amaral Santos e Gustavo Fornazari Fernandes, eram colegas e estavam na cozinha da resid\u00eancia com outro amigo.<\/p>\n<p>Aos policiais, a testemunha disse que Gustavo estava manuseando uma pistola, acreditando que estivesse descarregada, <strong>quando efetuou acidentalmente um disparo<\/strong> que atingiu Gabriel no t\u00f3rax.<\/p>\n<p>Ap\u00f3s o ocorrido, a testemunha informou que recolheu a arma, que j\u00e1 se encontrava sem muni\u00e7\u00f5es, e a escondeu atr\u00e1s de um freezer na \u00e1rea externa do im\u00f3vel. Em seguida, saiu com seu ve\u00edculo em busca de aux\u00edlio.<\/p>\n<p>Durante a aus\u00eancia do homem, Gustavo teria atirado contra si mesmo. <strong>Ele chegou a ser socorrido, mas morreu no hospital<\/strong>.<\/p>\n<p>Ainda de acordo com o <strong>BO<\/strong>, a testemunha informou que as v\u00edtimas eram <strong>colecionadores, atiradores e ca\u00e7adores (CAC)<\/strong> e costumavam utilizar armas de fogo no local.<\/p>\n<p>A <strong>Per\u00edcia <\/strong>foi acionada e encontrou diversas c\u00e1psulas deflagradas no ch\u00e3o da resid\u00eancia. Al\u00e9m das armas, os celulares das v\u00edtimas tamb\u00e9m foram apreendidos. A ocorr\u00eancia foi registrada na <strong>CPJ (Central de Pol\u00edcia Judici\u00e1ria) de Ribeir\u00e3o Preto<\/strong>.<\/p>\n<hr class=\"wp-block-separator has-alpha-channel-opacity\"\/>\n<p>SAIBA MAIS<\/p>\n<p>Pol\u00edcia investiga morte de Nath\u00e1lia Garnica como homic\u00eddio ap\u00f3s laudo apontar veneno<\/p>\n<h2 class=\"wp-block-heading\"><strong>FIQUE ON<\/strong><\/h2>\n<p>Quer ficar por dentro de tudo que acontece em Ribeir\u00e3o Preto e regi\u00e3o? Ent\u00e3o siga os perfis do\u202facidade on\u202fno\u202f<a href=\"https:\/\/www.instagram.com\/acidadeonribeirao\" target=\"_blank\" rel=\"noreferrer noopener\">Instagram<\/a>\u202fe no\u202f<a href=\"https:\/\/www.facebook.com\/acidadeonribeirao\/\" target=\"_blank\" rel=\"noreferrer noopener\">Facebook<\/a>.<\/p>\n<p>Al\u00e9m disso, voc\u00ea pode receber as principais not\u00edcias diretamente no WhatsApp. Para isso, basta\u00a0<a href=\"https:\/\/chat.whatsapp.com\/BjKQZ9oJwlz8VVT50NuePq\" target=\"_blank\" rel=\"noreferrer noopener\">entrar no grupo clicando aqui<\/a>.<\/p>\n<p>Por fim, se quiser fazer uma den\u00fancia ou sugerir uma reportagem sobre Ribeir\u00e3o Preto e regi\u00e3o, envie uma mensagem pelo WhatsApp: (16) 99117-7802.<\/p>\n<p>VEJA TAMB\u00c9M<\/p>\n<p>Quanto tempo vive um periquito-australiano?<\/p>\n<p><!-- CONTENT END 1 -->\n<\/div>\n<p><script async src=\"\/\/www.instagram.com\/embed.js\"><\/script><br \/>\n<br \/><br \/>\n<br \/><a href=\"https:\/\/www.acidadeon.com\/ribeiraopreto\/cotidiano\/homem-morre-apos-disparo-acidental-do-amigo-em-propriedade-rural-no-interior-de-sp\/\">Source link <\/a><\/p>\n","protected":false},"excerpt":{"rendered":"<p>A Pol\u00edcia Civil investiga uma ocorr\u00eancia com arma de fogo que terminou com a morte de dois homens, durante a madrugada desta quinta-feira (19), em&#8230;<\/p>\n","protected":false},"author":1,"featured_media":72656,"comment_status":"open","ping_status":"open","sticky":false,"template":"","format":"standard","meta":{"advanced_seo_description":"","jetpack_seo_html_title":"","jetpack_seo_noindex":false,"jetpack_post_was_ever_published":false,"_jetpack_newsletter_access":"","_jetpack_dont_email_post_to_subs":false,"_jetpack_newsletter_tier_id":0,"_jetpack_memberships_contains_paywalled_content":false,"_jetpack_memberships_contains_paid_content":false,"footnotes":"","jetpack_publicize_message":"","jetpack_publicize_feature_enabled":true,"jetpack_social_post_already_shared":true,"jetpack_social_options":{"image_generator_settings":{"template":"highway","default_image_id":0,"font":"","enabled":false},"version":2}},"categories":[11],"tags":[],"class_list":["post-72655","post","type-post","status-publish","format-standard","has-post-thumbnail","hentry","category-noticias-de-ribeirao-preto-sp-e-regiao-ismael-colosi"],"jetpack_publicize_connections":[],"jetpack_featured_media_url":"https:\/\/i0.wp.com\/noticiasribeiraopreto.com.br\/wp-content\/uploads\/2025\/06\/1750361117_giroflex_policia_1024x576_23032020103807.jpg?fit=1024%2C576&ssl=1","jetpack-related-posts":[{"id":84654,"url":"https:\/\/noticiasribeiraopreto.com.br\/index.php\/2026\/04\/13\/morador-de-ribeirao-preto-morre-baleado-no-rj\/","url_meta":{"origin":72655,"position":0},"title":"Morador de Ribeir\u00e3o Preto morre baleado no RJ","author":"noticiasribeiraopreto.com.br","date":"13 de April de 2026","format":false,"excerpt":"Ler o resumo da not\u00edcia \r Empres\u00e1rio de Ribeir\u00e3o Preto foi baleado durante briga em bar na Barra da Tijuca, Rio de Janeiro.\r Ryan Victor Araujo dos Santos, 28 anos, morreu no incidente.\r Crime ocorreu na madrugada desta segunda-feira (13).\r Caso foi registrado na zona Oeste do Rio de Janeiro.\r\u2026","rel":"","context":"In &quot;Not\u00edcias de Ribeir\u00e3o Preto-SP e Regi\u00e3o&quot;","block_context":{"text":"Not\u00edcias de Ribeir\u00e3o Preto-SP e Regi\u00e3o","link":"https:\/\/noticiasribeiraopreto.com.br\/index.php\/category\/noticias-de-ribeirao-preto-sp-e-regiao-ismael-colosi\/"},"img":{"alt_text":"","src":"https:\/\/i0.wp.com\/noticiasribeiraopreto.com.br\/wp-content\/uploads\/2026\/04\/palace-2026-04-13T174425.439_2026-04-13_20-44-44.webp.webp?fit=1200%2C675&ssl=1&resize=350%2C200","width":350,"height":200,"srcset":"https:\/\/i0.wp.com\/noticiasribeiraopreto.com.br\/wp-content\/uploads\/2026\/04\/palace-2026-04-13T174425.439_2026-04-13_20-44-44.webp.webp?fit=1200%2C675&ssl=1&resize=350%2C200 1x, https:\/\/i0.wp.com\/noticiasribeiraopreto.com.br\/wp-content\/uploads\/2026\/04\/palace-2026-04-13T174425.439_2026-04-13_20-44-44.webp.webp?fit=1200%2C675&ssl=1&resize=525%2C300 1.5x, https:\/\/i0.wp.com\/noticiasribeiraopreto.com.br\/wp-content\/uploads\/2026\/04\/palace-2026-04-13T174425.439_2026-04-13_20-44-44.webp.webp?fit=1200%2C675&ssl=1&resize=700%2C400 2x, https:\/\/i0.wp.com\/noticiasribeiraopreto.com.br\/wp-content\/uploads\/2026\/04\/palace-2026-04-13T174425.439_2026-04-13_20-44-44.webp.webp?fit=1200%2C675&ssl=1&resize=1050%2C600 3x"},"classes":[]},{"id":41982,"url":"https:\/\/noticiasribeiraopreto.com.br\/index.php\/2024\/03\/12\/empresario-e-preso-apos-denuncia-de-disparos-na-zona-sul-de-ribeirao-preto\/","url_meta":{"origin":72655,"position":1},"title":"Empres\u00e1rio \u00e9 preso ap\u00f3s den\u00fancia de disparos na zona Sul de Ribeir\u00e3o Preto","author":"noticiasribeiraopreto.com.br","date":"12 de March de 2024","format":false,"excerpt":"Um empres\u00e1rio de 31 anos foi preso ap\u00f3s uma den\u00fancia de supostos disparos com arma de fogo em frente ao um bar na avenida Independ\u00eancia, na zona Sul de Ribeir\u00e3o Preto. O caso aconteceu na madrugada da \u00faltima segunda-feira (11). De acordo com o B.O. (boletim de ocorr\u00eancia), a Pol\u00edcia\u2026","rel":"","context":"In &quot;Not\u00edcias de Ribeir\u00e3o Preto-SP e Regi\u00e3o&quot;","block_context":{"text":"Not\u00edcias de Ribeir\u00e3o Preto-SP e Regi\u00e3o","link":"https:\/\/noticiasribeiraopreto.com.br\/index.php\/category\/noticias-de-ribeirao-preto-sp-e-regiao-ismael-colosi\/"},"img":{"alt_text":"","src":"https:\/\/i0.wp.com\/noticiasribeiraopreto.com.br\/wp-content\/uploads\/2024\/03\/1710257645_WhatsApp-Image-2023-12-09-at-13.55.44.jpeg?fit=1024%2C576&ssl=1&resize=350%2C200","width":350,"height":200,"srcset":"https:\/\/i0.wp.com\/noticiasribeiraopreto.com.br\/wp-content\/uploads\/2024\/03\/1710257645_WhatsApp-Image-2023-12-09-at-13.55.44.jpeg?fit=1024%2C576&ssl=1&resize=350%2C200 1x, https:\/\/i0.wp.com\/noticiasribeiraopreto.com.br\/wp-content\/uploads\/2024\/03\/1710257645_WhatsApp-Image-2023-12-09-at-13.55.44.jpeg?fit=1024%2C576&ssl=1&resize=525%2C300 1.5x, https:\/\/i0.wp.com\/noticiasribeiraopreto.com.br\/wp-content\/uploads\/2024\/03\/1710257645_WhatsApp-Image-2023-12-09-at-13.55.44.jpeg?fit=1024%2C576&ssl=1&resize=700%2C400 2x"},"classes":[]},{"id":53311,"url":"https:\/\/noticiasribeiraopreto.com.br\/index.php\/2024\/06\/18\/policia-reconstitui-morte-de-jovem-baleada-em-condominio-na-zona-leste-de-ribeirao-preto\/","url_meta":{"origin":72655,"position":2},"title":"Pol\u00edcia reconstitui morte de jovem baleada em condom\u00ednio na zona Leste de Ribeir\u00e3o Preto","author":"noticiasribeiraopreto.com.br","date":"18 de June de 2024","format":false,"excerpt":"A Pol\u00edcia Civil realizou nesta ter\u00e7a-feira (18), a reconstitui\u00e7\u00e3o da morte de Ana J\u00falia dos Santos Borsoi, de 19 anos, em um condom\u00ednio na zona Leste de Ribeir\u00e3o Preto. A jovem morreu ap\u00f3s ser atingida no t\u00f3rax por um disparo de arma de fogo, realizado no dia 27 de abril,\u2026","rel":"","context":"In &quot;Not\u00edcias de Ribeir\u00e3o Preto-SP e Regi\u00e3o&quot;","block_context":{"text":"Not\u00edcias de Ribeir\u00e3o Preto-SP e Regi\u00e3o","link":"https:\/\/noticiasribeiraopreto.com.br\/index.php\/category\/noticias-de-ribeirao-preto-sp-e-regiao-ismael-colosi\/"},"img":{"alt_text":"","src":"https:\/\/i0.wp.com\/noticiasribeiraopreto.com.br\/wp-content\/uploads\/2024\/04\/Copia-de-Copia-de-TAMANHO-EXATO-PARA-FOTOS-NO-SISTEMA-NOVO-23-1_2024-04-29_23-57-41_jpg.webp.webp?fit=1200%2C675&ssl=1&resize=350%2C200","width":350,"height":200,"srcset":"https:\/\/i0.wp.com\/noticiasribeiraopreto.com.br\/wp-content\/uploads\/2024\/04\/Copia-de-Copia-de-TAMANHO-EXATO-PARA-FOTOS-NO-SISTEMA-NOVO-23-1_2024-04-29_23-57-41_jpg.webp.webp?fit=1200%2C675&ssl=1&resize=350%2C200 1x, https:\/\/i0.wp.com\/noticiasribeiraopreto.com.br\/wp-content\/uploads\/2024\/04\/Copia-de-Copia-de-TAMANHO-EXATO-PARA-FOTOS-NO-SISTEMA-NOVO-23-1_2024-04-29_23-57-41_jpg.webp.webp?fit=1200%2C675&ssl=1&resize=525%2C300 1.5x, https:\/\/i0.wp.com\/noticiasribeiraopreto.com.br\/wp-content\/uploads\/2024\/04\/Copia-de-Copia-de-TAMANHO-EXATO-PARA-FOTOS-NO-SISTEMA-NOVO-23-1_2024-04-29_23-57-41_jpg.webp.webp?fit=1200%2C675&ssl=1&resize=700%2C400 2x, https:\/\/i0.wp.com\/noticiasribeiraopreto.com.br\/wp-content\/uploads\/2024\/04\/Copia-de-Copia-de-TAMANHO-EXATO-PARA-FOTOS-NO-SISTEMA-NOVO-23-1_2024-04-29_23-57-41_jpg.webp.webp?fit=1200%2C675&ssl=1&resize=1050%2C600 3x"},"classes":[]},{"id":82861,"url":"https:\/\/noticiasribeiraopreto.com.br\/index.php\/2026\/03\/01\/empresario-presta-depoimento-apos-ser-flagrado-atirando-em-direcao-a-cachorro-no-interior-de-sp\/","url_meta":{"origin":72655,"position":3},"title":"Empres\u00e1rio presta depoimento ap\u00f3s ser flagrado atirando em dire\u00e7\u00e3o a cachorro no interior de SP","author":"noticiasribeiraopreto.com.br","date":"1 de March de 2026","format":false,"excerpt":"O homem flagrado por c\u00e2meras de seguran\u00e7a disparando com uma arma de fogo em dire\u00e7\u00e3o a um cachorro em Ituverava, no interior de S\u00e3o Paulo, se apresentou \u00e0 Pol\u00edcia Civil na noite desta sexta-feira (27), um dia ap\u00f3s o caso \u2013 veja o v\u00eddeo abaixo. O empres\u00e1rio Vinicius Henrique Pou\u00e7as\u2026","rel":"","context":"In &quot;Not\u00edcias de Ribeir\u00e3o Preto-SP e Regi\u00e3o&quot;","block_context":{"text":"Not\u00edcias de Ribeir\u00e3o Preto-SP e Regi\u00e3o","link":"https:\/\/noticiasribeiraopreto.com.br\/index.php\/category\/noticias-de-ribeirao-preto-sp-e-regiao-ismael-colosi\/"},"img":{"alt_text":"","src":"https:\/\/i0.wp.com\/noticiasribeiraopreto.com.br\/wp-content\/uploads\/2026\/03\/palace-37_2026-02-26_19-07-16.webp.webp?fit=1200%2C675&ssl=1&resize=350%2C200","width":350,"height":200,"srcset":"https:\/\/i0.wp.com\/noticiasribeiraopreto.com.br\/wp-content\/uploads\/2026\/03\/palace-37_2026-02-26_19-07-16.webp.webp?fit=1200%2C675&ssl=1&resize=350%2C200 1x, https:\/\/i0.wp.com\/noticiasribeiraopreto.com.br\/wp-content\/uploads\/2026\/03\/palace-37_2026-02-26_19-07-16.webp.webp?fit=1200%2C675&ssl=1&resize=525%2C300 1.5x, https:\/\/i0.wp.com\/noticiasribeiraopreto.com.br\/wp-content\/uploads\/2026\/03\/palace-37_2026-02-26_19-07-16.webp.webp?fit=1200%2C675&ssl=1&resize=700%2C400 2x, https:\/\/i0.wp.com\/noticiasribeiraopreto.com.br\/wp-content\/uploads\/2026\/03\/palace-37_2026-02-26_19-07-16.webp.webp?fit=1200%2C675&ssl=1&resize=1050%2C600 3x"},"classes":[]},{"id":47975,"url":"https:\/\/noticiasribeiraopreto.com.br\/index.php\/2024\/04\/29\/o-que-se-sabe-sobre-morte-de-jovem-baleada-por-marido-em-ribeirao-preto\/","url_meta":{"origin":72655,"position":4},"title":"O que se sabe sobre morte de jovem baleada por marido em Ribeir\u00e3o Preto","author":"noticiasribeiraopreto.com.br","date":"29 de April de 2024","format":false,"excerpt":"A jovem Ana J\u00falia dos Santos Borsoi, de 19 anos, que morreu ap\u00f3s ser atingida no t\u00f3rax por um disparo de arma de fogo realizado pelo marido, foi sepultada nesta segunda-feira (29). A vers\u00e3o apresentada por Matheus Augusto Pinto, companheiro de Ana J\u00falia, de que o disparo foi acidental, est\u00e1\u2026","rel":"","context":"In &quot;Not\u00edcias de Ribeir\u00e3o Preto-SP e Regi\u00e3o&quot;","block_context":{"text":"Not\u00edcias de Ribeir\u00e3o Preto-SP e Regi\u00e3o","link":"https:\/\/noticiasribeiraopreto.com.br\/index.php\/category\/noticias-de-ribeirao-preto-sp-e-regiao-ismael-colosi\/"},"img":{"alt_text":"","src":"https:\/\/i0.wp.com\/noticiasribeiraopreto.com.br\/wp-content\/uploads\/2024\/04\/Copia-de-Copia-de-TAMANHO-EXATO-PARA-FOTOS-NO-SISTEMA-NOVO-23-1_2024-04-29_23-57-41_jpg.webp.webp?fit=1200%2C675&ssl=1&resize=350%2C200","width":350,"height":200,"srcset":"https:\/\/i0.wp.com\/noticiasribeiraopreto.com.br\/wp-content\/uploads\/2024\/04\/Copia-de-Copia-de-TAMANHO-EXATO-PARA-FOTOS-NO-SISTEMA-NOVO-23-1_2024-04-29_23-57-41_jpg.webp.webp?fit=1200%2C675&ssl=1&resize=350%2C200 1x, https:\/\/i0.wp.com\/noticiasribeiraopreto.com.br\/wp-content\/uploads\/2024\/04\/Copia-de-Copia-de-TAMANHO-EXATO-PARA-FOTOS-NO-SISTEMA-NOVO-23-1_2024-04-29_23-57-41_jpg.webp.webp?fit=1200%2C675&ssl=1&resize=525%2C300 1.5x, https:\/\/i0.wp.com\/noticiasribeiraopreto.com.br\/wp-content\/uploads\/2024\/04\/Copia-de-Copia-de-TAMANHO-EXATO-PARA-FOTOS-NO-SISTEMA-NOVO-23-1_2024-04-29_23-57-41_jpg.webp.webp?fit=1200%2C675&ssl=1&resize=700%2C400 2x, https:\/\/i0.wp.com\/noticiasribeiraopreto.com.br\/wp-content\/uploads\/2024\/04\/Copia-de-Copia-de-TAMANHO-EXATO-PARA-FOTOS-NO-SISTEMA-NOVO-23-1_2024-04-29_23-57-41_jpg.webp.webp?fit=1200%2C675&ssl=1&resize=1050%2C600 3x"},"classes":[]},{"id":51801,"url":"https:\/\/noticiasribeiraopreto.com.br\/index.php\/2024\/05\/30\/empresario-e-preso-apos-denuncia-de-disparo-de-arma-de-fogo-em-ribeirao-preto\/","url_meta":{"origin":72655,"position":5},"title":"Empres\u00e1rio \u00e9 preso ap\u00f3s den\u00fancia de disparo de arma de fogo em Ribeir\u00e3o Preto","author":"noticiasribeiraopreto.com.br","date":"30 de May de 2024","format":false,"excerpt":"A PM (Pol\u00edcia Militar) prendeu um empres\u00e1rio de 43 anos na noite desta quarta-feira (29), depois de receber uma den\u00fancia an\u00f4nima de disparo de arma de fogo nos Campos El\u00edseos, zona Norte de Ribeir\u00e3o Preto. Segundo o boletim de ocorr\u00eancia (BO), ao chegarem ao endere\u00e7o, na rua Frei Santo, os\u2026","rel":"","context":"In &quot;Not\u00edcias de Ribeir\u00e3o Preto-SP e Regi\u00e3o&quot;","block_context":{"text":"Not\u00edcias de Ribeir\u00e3o Preto-SP e Regi\u00e3o","link":"https:\/\/noticiasribeiraopreto.com.br\/index.php\/category\/noticias-de-ribeirao-preto-sp-e-regiao-ismael-colosi\/"},"img":{"alt_text":"","src":"https:\/\/i0.wp.com\/noticiasribeiraopreto.com.br\/wp-content\/uploads\/2024\/05\/1717094356_policia_qru_1024x576_25052021184749.jpg?fit=1024%2C576&ssl=1&resize=350%2C200","width":350,"height":200,"srcset":"https:\/\/i0.wp.com\/noticiasribeiraopreto.com.br\/wp-content\/uploads\/2024\/05\/1717094356_policia_qru_1024x576_25052021184749.jpg?fit=1024%2C576&ssl=1&resize=350%2C200 1x, https:\/\/i0.wp.com\/noticiasribeiraopreto.com.br\/wp-content\/uploads\/2024\/05\/1717094356_policia_qru_1024x576_25052021184749.jpg?fit=1024%2C576&ssl=1&resize=525%2C300 1.5x, https:\/\/i0.wp.com\/noticiasribeiraopreto.com.br\/wp-content\/uploads\/2024\/05\/1717094356_policia_qru_1024x576_25052021184749.jpg?fit=1024%2C576&ssl=1&resize=700%2C400 2x"},"classes":[]}],"jetpack_sharing_enabled":true,"jetpack_shortlink":"https:\/\/wp.me\/peQAOb-iTR","_links":{"self":[{"href":"https:\/\/noticiasribeiraopreto.com.br\/index.php\/wp-json\/wp\/v2\/posts\/72655","targetHints":{"allow":["GET"]}}],"collection":[{"href":"https:\/\/noticiasribeiraopreto.com.br\/index.php\/wp-json\/wp\/v2\/posts"}],"about":[{"href":"https:\/\/noticiasribeiraopreto.com.br\/index.php\/wp-json\/wp\/v2\/types\/post"}],"author":[{"embeddable":true,"href":"https:\/\/noticiasribeiraopreto.com.br\/index.php\/wp-json\/wp\/v2\/users\/1"}],"replies":[{"embeddable":true,"href":"https:\/\/noticiasribeiraopreto.com.br\/index.php\/wp-json\/wp\/v2\/comments?post=72655"}],"version-history":[{"count":0,"href":"https:\/\/noticiasribeiraopreto.com.br\/index.php\/wp-json\/wp\/v2\/posts\/72655\/revisions"}],"wp:featuredmedia":[{"embeddable":true,"href":"https:\/\/noticiasribeiraopreto.com.br\/index.php\/wp-json\/wp\/v2\/media\/72656"}],"wp:attachment":[{"href":"https:\/\/noticiasribeiraopreto.com.br\/index.php\/wp-json\/wp\/v2\/media?parent=72655"}],"wp:term":[{"taxonomy":"category","embeddable":true,"href":"https:\/\/noticiasribeiraopreto.com.br\/index.php\/wp-json\/wp\/v2\/categories?post=72655"},{"taxonomy":"post_tag","embeddable":true,"href":"https:\/\/noticiasribeiraopreto.com.br\/index.php\/wp-json\/wp\/v2\/tags?post=72655"}],"curies":[{"name":"wp","href":"https:\/\/api.w.org\/{rel}","templated":true}]}}