{"id":72659,"date":"2025-06-19T16:33:20","date_gmt":"2025-06-19T19:33:20","guid":{"rendered":"https:\/\/noticiasribeiraopreto.com.br\/index.php\/2025\/06\/19\/exposicao-gratuita-de-fuscas-acontece-na-regiao-de-ribeirao-preto\/"},"modified":"2025-06-19T16:33:20","modified_gmt":"2025-06-19T19:33:20","slug":"exposicao-gratuita-de-fuscas-acontece-na-regiao-de-ribeirao-preto","status":"publish","type":"post","link":"https:\/\/noticiasribeiraopreto.com.br\/index.php\/2025\/06\/19\/exposicao-gratuita-de-fuscas-acontece-na-regiao-de-ribeirao-preto\/","title":{"rendered":"Exposi\u00e7\u00e3o gratuita de fuscas acontece na regi\u00e3o de Ribeir\u00e3o Preto"},"content":{"rendered":"<p> <br \/>\n<\/p>\n<div>\n<p>Em comemora\u00e7\u00e3o ao <strong>Dia Mundial do Fusca<\/strong>, celebrado em 22 de junho, o Santa Maria Outlet, em <strong>Cravinhos<\/strong>, cidade na <strong>regi\u00e3o de Ribeir\u00e3o Preto<\/strong>, recebe a <strong>exposi\u00e7\u00e3o \u201cFusca e Automotivos\u201d<\/strong>.<\/p>\n<p>O evento, com <strong>entrada gratuita<\/strong>, come\u00e7a neste s\u00e1bado (21), e promete atrair colecionadores e apaixonados de todas as idades. <mark style=\"background-color:#fcb900\" class=\"has-inline-color\">A exposi\u00e7\u00e3o ficar\u00e1 no empreendimento at\u00e9 o dia 13 de julho<\/mark>.<\/p>\n<h2 class=\"wp-block-heading\"><strong>Exposi\u00e7\u00e3o de fuscas<\/strong><\/h2>\n<p>Quem visitar a exposi\u00e7\u00e3o poder\u00e1 ver de perto em torno de <strong>15 ve\u00edculos<\/strong>, incluindo <strong>Fuscas<\/strong>, <strong>Karmann-ghias<\/strong>, <strong>Kombis <\/strong>e o <strong>VW SP2<\/strong>.<\/p>\n<p>Entre os destaques est\u00e3o um <strong>Fusca de 1953<\/strong> \u2013 o exemplar mais antigo em exposi\u00e7\u00e3o -, <strong>um modelo customizado de 1957<\/strong> e um <strong>Fusca de 1959<\/strong> com um curioso sistema de ar-condicionado com compartimento de gelo.<\/p>\n<figure class=\"wp-block-pullquote\">\n<blockquote>\n<p>Todo mundo tem uma hist\u00f3ria afetiva com este carro que atravessou gera\u00e7\u00f5es, passando de av\u00f4 para pai, de pai para filho. Hoje est\u00e1 ficando cada vez mais raro ver um Fusca nas ruas, mas a tradi\u00e7\u00e3o \u00e9 preservada gra\u00e7as aos colecionadores<\/p>\n<p><cite>Marcos Carrer, colecionador e um dos organizadores do evento<\/cite><\/p><\/blockquote>\n<\/figure>\n<p>A mostra \u00e9 promovida pelo <strong>Calif\u00f3rnia Volks<\/strong>, grupo de colecionadores fundado h\u00e1 15 anos em Ribeir\u00e3o Preto.<\/p>\n<h3 class=\"wp-block-heading\"><strong>Servi\u00e7o<\/strong><\/h3>\n<p><em>Mostra \u201cFusca e Automotivos\u201d<\/em><\/p>\n<p>Quando: de 21 de junho a 13 de julho<\/p>\n<p>Hor\u00e1rios de funcionamento (todos os dias): Lojas: das 9h \u00e0s 21h\/ Pra\u00e7a de alimenta\u00e7\u00e3o e restaurantes: das 11h \u00e0s 22h<\/p>\n<p>Local: Santa Maria Outlet \u2013 rodovia Anhanguera, km 299 \u2013 Cravinhos<\/p>\n<p>Entrada: gratuita<\/p>\n<hr class=\"wp-block-separator has-alpha-channel-opacity\"\/>\n<p>SAIBA MAIS<\/p>\n<p>Inscri\u00e7\u00f5es para o \u2018Pedala Ribeir\u00e3o\u2019 est\u00e3o abertas; saiba como participar<\/p>\n<h2 class=\"wp-block-heading\"><strong>FIQUE ON<\/strong><\/h2>\n<p>Quer ficar por dentro de tudo que acontece em Ribeir\u00e3o Preto e regi\u00e3o? Ent\u00e3o siga os perfis do\u202facidade on\u202fno\u202f<a href=\"https:\/\/www.instagram.com\/acidadeonribeirao\" target=\"_blank\" rel=\"noreferrer noopener\">Instagram<\/a>\u202fe no\u202f<a href=\"https:\/\/www.facebook.com\/acidadeonribeirao\/\" target=\"_blank\" rel=\"noreferrer noopener\">Facebook<\/a>.<\/p>\n<p>Al\u00e9m disso, voc\u00ea pode receber as principais not\u00edcias diretamente no WhatsApp. Para isso, basta\u00a0<a href=\"https:\/\/chat.whatsapp.com\/BjKQZ9oJwlz8VVT50NuePq\" target=\"_blank\" rel=\"noreferrer noopener\">entrar no grupo clicando aqui<\/a>.<\/p>\n<p>Por fim, se quiser fazer uma den\u00fancia ou sugerir uma reportagem sobre Ribeir\u00e3o Preto e regi\u00e3o, envie uma mensagem pelo WhatsApp: (16) 99117-7802.<\/p>\n<p>VEJA TAMB\u00c9M<\/p>\n<p>Lanche francesinha; aprenda receita do \u2018Mais Voc\u00ea\u2019<\/p>\n<p><!-- CONTENT END 1 -->\n<\/div>\n<p><script async src=\"\/\/www.instagram.com\/embed.js\"><\/script><br \/>\n<br \/><br \/>\n<br \/><a href=\"https:\/\/www.acidadeon.com\/ribeiraopreto\/lazer-e-cultura\/exposicao-gratuita-de-fuscas-acontece-na-regiao-de-ribeirao-preto\/\">Source link <\/a><\/p>\n","protected":false},"excerpt":{"rendered":"<p>Em comemora\u00e7\u00e3o ao Dia Mundial do Fusca, celebrado em 22 de junho, o Santa Maria Outlet, em Cravinhos, cidade na regi\u00e3o de Ribeir\u00e3o Preto, recebe&#8230;<\/p>\n","protected":false},"author":1,"featured_media":72660,"comment_status":"open","ping_status":"open","sticky":false,"template":"","format":"standard","meta":{"advanced_seo_description":"","jetpack_seo_html_title":"","jetpack_seo_noindex":false,"jetpack_post_was_ever_published":false,"_jetpack_newsletter_access":"","_jetpack_dont_email_post_to_subs":false,"_jetpack_newsletter_tier_id":0,"_jetpack_memberships_contains_paywalled_content":false,"_jetpack_memberships_contains_paid_content":false,"footnotes":"","jetpack_publicize_message":"","jetpack_publicize_feature_enabled":true,"jetpack_social_post_already_shared":true,"jetpack_social_options":{"image_generator_settings":{"template":"highway","default_image_id":0,"font":"","enabled":false},"version":2}},"categories":[11],"tags":[],"class_list":["post-72659","post","type-post","status-publish","format-standard","has-post-thumbnail","hentry","category-noticias-de-ribeirao-preto-sp-e-regiao-ismael-colosi"],"jetpack_publicize_connections":[],"jetpack_featured_media_url":"https:\/\/i0.wp.com\/noticiasribeiraopreto.com.br\/wp-content\/uploads\/2025\/06\/Copia-de-Copia-de-Copia-de-TAMANHO-EXATO-PARA-FOTOS-NO-SISTEMA-NOVO-2025-06-19T145705.311_2025-06-19_18-01-05.webp.webp?fit=1200%2C675&ssl=1","jetpack-related-posts":[{"id":47195,"url":"https:\/\/noticiasribeiraopreto.com.br\/index.php\/2024\/04\/25\/shopping-da-zona-sul-de-ribeirao-preto-recebe-exposicao-de-carros-antigos-veja-quando\/","url_meta":{"origin":72659,"position":0},"title":"Shopping da zona Sul de Ribeir\u00e3o Preto recebe exposi\u00e7\u00e3o de carros antigos; Veja quando","author":"noticiasribeiraopreto.com.br","date":"25 de April de 2024","format":false,"excerpt":"O shopping Iguatemi de Ribeir\u00e3o Preto recebe neste s\u00e1bado (27), um evento gratuito para quem \u00e9 apaixonado por carros antigos. O empreendimento vai receber uma exposi\u00e7\u00e3o de carros antigos, rel\u00edquias e raridades, reunindo cerca de 50 autom\u00f3veis de modelos variados, alguns com mais de 90% de originalidade e outros de\u2026","rel":"","context":"In &quot;Not\u00edcias de Ribeir\u00e3o Preto-SP e Regi\u00e3o&quot;","block_context":{"text":"Not\u00edcias de Ribeir\u00e3o Preto-SP e Regi\u00e3o","link":"https:\/\/noticiasribeiraopreto.com.br\/index.php\/category\/noticias-de-ribeirao-preto-sp-e-regiao-ismael-colosi\/"},"img":{"alt_text":"","src":"https:\/\/i0.wp.com\/noticiasribeiraopreto.com.br\/wp-content\/uploads\/2024\/04\/90d5187b9cacc33433269f3cf094ecc2_2024-04-25_00-14-20_jpeg.webp.webp?fit=1200%2C803&ssl=1&resize=350%2C200","width":350,"height":200,"srcset":"https:\/\/i0.wp.com\/noticiasribeiraopreto.com.br\/wp-content\/uploads\/2024\/04\/90d5187b9cacc33433269f3cf094ecc2_2024-04-25_00-14-20_jpeg.webp.webp?fit=1200%2C803&ssl=1&resize=350%2C200 1x, https:\/\/i0.wp.com\/noticiasribeiraopreto.com.br\/wp-content\/uploads\/2024\/04\/90d5187b9cacc33433269f3cf094ecc2_2024-04-25_00-14-20_jpeg.webp.webp?fit=1200%2C803&ssl=1&resize=525%2C300 1.5x, https:\/\/i0.wp.com\/noticiasribeiraopreto.com.br\/wp-content\/uploads\/2024\/04\/90d5187b9cacc33433269f3cf094ecc2_2024-04-25_00-14-20_jpeg.webp.webp?fit=1200%2C803&ssl=1&resize=700%2C400 2x, https:\/\/i0.wp.com\/noticiasribeiraopreto.com.br\/wp-content\/uploads\/2024\/04\/90d5187b9cacc33433269f3cf094ecc2_2024-04-25_00-14-20_jpeg.webp.webp?fit=1200%2C803&ssl=1&resize=1050%2C600 3x"},"classes":[]},{"id":62597,"url":"https:\/\/noticiasribeiraopreto.com.br\/index.php\/2025\/01\/18\/ribeirao-preto-recebe-encontro-de-carros-antigos-para-celebrar-o-dia-do-fusca\/","url_meta":{"origin":72659,"position":1},"title":"Ribeir\u00e3o Preto recebe encontro de carros antigos para celebrar o dia do Fusca","author":"noticiasribeiraopreto.com.br","date":"18 de January de 2025","format":false,"excerpt":"A primeira edi\u00e7\u00e3o de 2025 do encontro de carros antigos de Ribeir\u00e3o Preto acontece neste domingo (19), a partir das 10h. O encontro acontece em celebra\u00e7\u00e3o ao Dia Nacional do Fusca, comemorado na segunda-feira (20). A entrada no evento \u00e9 gratuita. O evento ser\u00e1 realizado na rua Marcos Markarian, 377,\u2026","rel":"","context":"In &quot;Not\u00edcias de Ribeir\u00e3o Preto-SP e Regi\u00e3o&quot;","block_context":{"text":"Not\u00edcias de Ribeir\u00e3o Preto-SP e Regi\u00e3o","link":"https:\/\/noticiasribeiraopreto.com.br\/index.php\/category\/noticias-de-ribeirao-preto-sp-e-regiao-ismael-colosi\/"},"img":{"alt_text":"","src":"https:\/\/i0.wp.com\/noticiasribeiraopreto.com.br\/wp-content\/uploads\/2025\/01\/IMG-8262_2024-07-10_13-03-13_jpg_2024-07-10_13-03-15-scaled.webp.webp?fit=1200%2C800&ssl=1&resize=350%2C200","width":350,"height":200,"srcset":"https:\/\/i0.wp.com\/noticiasribeiraopreto.com.br\/wp-content\/uploads\/2025\/01\/IMG-8262_2024-07-10_13-03-13_jpg_2024-07-10_13-03-15-scaled.webp.webp?fit=1200%2C800&ssl=1&resize=350%2C200 1x, https:\/\/i0.wp.com\/noticiasribeiraopreto.com.br\/wp-content\/uploads\/2025\/01\/IMG-8262_2024-07-10_13-03-13_jpg_2024-07-10_13-03-15-scaled.webp.webp?fit=1200%2C800&ssl=1&resize=525%2C300 1.5x, https:\/\/i0.wp.com\/noticiasribeiraopreto.com.br\/wp-content\/uploads\/2025\/01\/IMG-8262_2024-07-10_13-03-13_jpg_2024-07-10_13-03-15-scaled.webp.webp?fit=1200%2C800&ssl=1&resize=700%2C400 2x, https:\/\/i0.wp.com\/noticiasribeiraopreto.com.br\/wp-content\/uploads\/2025\/01\/IMG-8262_2024-07-10_13-03-13_jpg_2024-07-10_13-03-15-scaled.webp.webp?fit=1200%2C800&ssl=1&resize=1050%2C600 3x"},"classes":[]},{"id":53555,"url":"https:\/\/noticiasribeiraopreto.com.br\/index.php\/2024\/06\/21\/ribeirao-tem-novo-encontro-de-fuscas-com-dj-food-truck-e-chope-veja-quando\/","url_meta":{"origin":72659,"position":2},"title":"Ribeir\u00e3o tem novo encontro de Fuscas com DJ, food truck e chope; Veja quando","author":"noticiasribeiraopreto.com.br","date":"21 de June de 2024","format":false,"excerpt":"Ribeir\u00e3o Preto recebe um novo encontro de Fuscas com m\u00fasica ao vivo, DJ, food truck e uma \u2018kombi de chope\u2019, neste s\u00e1bado (22), a partir das 15h, na zona Leste da cidade. O evento acontece em celebra\u00e7\u00e3o ao Dia Mundial do Fusca. A entrada no evento \u00e9 gratuita, mediante a\u2026","rel":"","context":"In &quot;Not\u00edcias de Ribeir\u00e3o Preto-SP e Regi\u00e3o&quot;","block_context":{"text":"Not\u00edcias de Ribeir\u00e3o Preto-SP e Regi\u00e3o","link":"https:\/\/noticiasribeiraopreto.com.br\/index.php\/category\/noticias-de-ribeirao-preto-sp-e-regiao-ismael-colosi\/"},"img":{"alt_text":"","src":"https:\/\/i0.wp.com\/noticiasribeiraopreto.com.br\/wp-content\/uploads\/2024\/06\/WhatsApp-Image-2024-01-17-at-17.46.28.jpeg?fit=1200%2C675&ssl=1&resize=350%2C200","width":350,"height":200,"srcset":"https:\/\/i0.wp.com\/noticiasribeiraopreto.com.br\/wp-content\/uploads\/2024\/06\/WhatsApp-Image-2024-01-17-at-17.46.28.jpeg?fit=1200%2C675&ssl=1&resize=350%2C200 1x, https:\/\/i0.wp.com\/noticiasribeiraopreto.com.br\/wp-content\/uploads\/2024\/06\/WhatsApp-Image-2024-01-17-at-17.46.28.jpeg?fit=1200%2C675&ssl=1&resize=525%2C300 1.5x, https:\/\/i0.wp.com\/noticiasribeiraopreto.com.br\/wp-content\/uploads\/2024\/06\/WhatsApp-Image-2024-01-17-at-17.46.28.jpeg?fit=1200%2C675&ssl=1&resize=700%2C400 2x, https:\/\/i0.wp.com\/noticiasribeiraopreto.com.br\/wp-content\/uploads\/2024\/06\/WhatsApp-Image-2024-01-17-at-17.46.28.jpeg?fit=1200%2C675&ssl=1&resize=1050%2C600 3x"},"classes":[]},{"id":57037,"url":"https:\/\/noticiasribeiraopreto.com.br\/index.php\/2024\/08\/21\/ribeirao-preto-recebe-nova-exposicao-de-carros-antigos-no-final-de-semana-veja-onde\/","url_meta":{"origin":72659,"position":3},"title":"Ribeir\u00e3o Preto recebe nova exposi\u00e7\u00e3o de carros antigos no final de semana; Veja onde","author":"noticiasribeiraopreto.com.br","date":"21 de August de 2024","format":false,"excerpt":"Ribeir\u00e3o Preto vai receber uma nova exposi\u00e7\u00e3o gratuita de carros antigos neste s\u00e1bado (24), a partir das 18h, no shopping Iguatemi, localizado na zona Sul do munic\u00edpio. Em parceria com o California Volks, o empreendimento ir\u00e1 receber mais de 30 autom\u00f3veis VW Air Colled, ve\u00edculos cl\u00e1ssicos, modificados e novos colecion\u00e1veis,\u2026","rel":"","context":"In &quot;Not\u00edcias de Ribeir\u00e3o Preto-SP e Regi\u00e3o&quot;","block_context":{"text":"Not\u00edcias de Ribeir\u00e3o Preto-SP e Regi\u00e3o","link":"https:\/\/noticiasribeiraopreto.com.br\/index.php\/category\/noticias-de-ribeirao-preto-sp-e-regiao-ismael-colosi\/"},"img":{"alt_text":"","src":"https:\/\/i0.wp.com\/noticiasribeiraopreto.com.br\/wp-content\/uploads\/2024\/08\/Copia-de-Copia-de-Copia-de-TAMANHO-EXATO-PARA-FOTOS-NO-SISTEMA-NOVO-16_2024-08-21_17-41-56_png_2024-08-21_17-41-56.webp.webp?fit=1200%2C675&ssl=1&resize=350%2C200","width":350,"height":200,"srcset":"https:\/\/i0.wp.com\/noticiasribeiraopreto.com.br\/wp-content\/uploads\/2024\/08\/Copia-de-Copia-de-Copia-de-TAMANHO-EXATO-PARA-FOTOS-NO-SISTEMA-NOVO-16_2024-08-21_17-41-56_png_2024-08-21_17-41-56.webp.webp?fit=1200%2C675&ssl=1&resize=350%2C200 1x, https:\/\/i0.wp.com\/noticiasribeiraopreto.com.br\/wp-content\/uploads\/2024\/08\/Copia-de-Copia-de-Copia-de-TAMANHO-EXATO-PARA-FOTOS-NO-SISTEMA-NOVO-16_2024-08-21_17-41-56_png_2024-08-21_17-41-56.webp.webp?fit=1200%2C675&ssl=1&resize=525%2C300 1.5x, https:\/\/i0.wp.com\/noticiasribeiraopreto.com.br\/wp-content\/uploads\/2024\/08\/Copia-de-Copia-de-Copia-de-TAMANHO-EXATO-PARA-FOTOS-NO-SISTEMA-NOVO-16_2024-08-21_17-41-56_png_2024-08-21_17-41-56.webp.webp?fit=1200%2C675&ssl=1&resize=700%2C400 2x, https:\/\/i0.wp.com\/noticiasribeiraopreto.com.br\/wp-content\/uploads\/2024\/08\/Copia-de-Copia-de-Copia-de-TAMANHO-EXATO-PARA-FOTOS-NO-SISTEMA-NOVO-16_2024-08-21_17-41-56_png_2024-08-21_17-41-56.webp.webp?fit=1200%2C675&ssl=1&resize=1050%2C600 3x"},"classes":[]},{"id":50847,"url":"https:\/\/noticiasribeiraopreto.com.br\/index.php\/2024\/05\/20\/fusca-invade-calcada-e-atinge-poste-de-semaforo-na-zona-sul-de-ribeirao\/","url_meta":{"origin":72659,"position":4},"title":"Fusca invade cal\u00e7ada e atinge poste de sem\u00e1foro na zona Sul de Ribeir\u00e3o","author":"noticiasribeiraopreto.com.br","date":"20 de May de 2024","format":false,"excerpt":"O motorista de um Fusca invadiu a cal\u00e7ada com o carro e atingiu um poste de sem\u00e1foro no cruzamento das avenidas Presidente Vargas e Jo\u00e3o Fi\u00fasa, na zona Sul de Ribeir\u00e3o Preto. O ve\u00edculo ainda estava no local, no in\u00edcio da manh\u00e3 desta segunda-feira (20). O poste met\u00e1lico, de sinaliza\u00e7\u00e3o\u2026","rel":"","context":"In &quot;Not\u00edcias de Ribeir\u00e3o Preto-SP e Regi\u00e3o&quot;","block_context":{"text":"Not\u00edcias de Ribeir\u00e3o Preto-SP e Regi\u00e3o","link":"https:\/\/noticiasribeiraopreto.com.br\/index.php\/category\/noticias-de-ribeirao-preto-sp-e-regiao-ismael-colosi\/"},"img":{"alt_text":"","src":"https:\/\/i0.wp.com\/noticiasribeiraopreto.com.br\/wp-content\/uploads\/2024\/05\/fusca-bate-em-poste_2024-05-20_11-48-19_jpg_2024-05-20_11-48-20.webp.webp?fit=1024%2C568&ssl=1&resize=350%2C200","width":350,"height":200,"srcset":"https:\/\/i0.wp.com\/noticiasribeiraopreto.com.br\/wp-content\/uploads\/2024\/05\/fusca-bate-em-poste_2024-05-20_11-48-19_jpg_2024-05-20_11-48-20.webp.webp?fit=1024%2C568&ssl=1&resize=350%2C200 1x, https:\/\/i0.wp.com\/noticiasribeiraopreto.com.br\/wp-content\/uploads\/2024\/05\/fusca-bate-em-poste_2024-05-20_11-48-19_jpg_2024-05-20_11-48-20.webp.webp?fit=1024%2C568&ssl=1&resize=525%2C300 1.5x, https:\/\/i0.wp.com\/noticiasribeiraopreto.com.br\/wp-content\/uploads\/2024\/05\/fusca-bate-em-poste_2024-05-20_11-48-19_jpg_2024-05-20_11-48-20.webp.webp?fit=1024%2C568&ssl=1&resize=700%2C400 2x"},"classes":[]},{"id":37621,"url":"https:\/\/noticiasribeiraopreto.com.br\/index.php\/2024\/02\/17\/catedral-de-ribeirao-preto-anuncia-novo-sorteio-de-fusca-veja-como-participar\/","url_meta":{"origin":72659,"position":5},"title":"Catedral de Ribeir\u00e3o Preto anuncia novo sorteio de Fusca; Veja como participar","author":"noticiasribeiraopreto.com.br","date":"17 de February de 2024","format":false,"excerpt":"A Catedral Metropolitana de Ribeir\u00e3o Preto anunciou, no come\u00e7o da noite desta sexta-feira (16), que come\u00e7ar\u00e1 a vender os bilhetes para a 17\u00aa rifa de um Fusca 1976. Segundo postagem nas redes sociais da Catedral, todo o valor arrecadado com a rifa do Fusca ser\u00e1 destinado \u00e0 campanha de restaura\u00e7\u00e3o\u2026","rel":"","context":"In &quot;Not\u00edcias de Ribeir\u00e3o Preto-SP e Regi\u00e3o&quot;","block_context":{"text":"Not\u00edcias de Ribeir\u00e3o Preto-SP e Regi\u00e3o","link":"https:\/\/noticiasribeiraopreto.com.br\/index.php\/category\/noticias-de-ribeirao-preto-sp-e-regiao-ismael-colosi\/"},"img":{"alt_text":"","src":"https:\/\/i0.wp.com\/noticiasribeiraopreto.com.br\/wp-content\/uploads\/2024\/02\/20220618_024226476_catedral_sao_1200x675_17062022004910-1.jpg?fit=1200%2C675&ssl=1&resize=350%2C200","width":350,"height":200,"srcset":"https:\/\/i0.wp.com\/noticiasribeiraopreto.com.br\/wp-content\/uploads\/2024\/02\/20220618_024226476_catedral_sao_1200x675_17062022004910-1.jpg?fit=1200%2C675&ssl=1&resize=350%2C200 1x, https:\/\/i0.wp.com\/noticiasribeiraopreto.com.br\/wp-content\/uploads\/2024\/02\/20220618_024226476_catedral_sao_1200x675_17062022004910-1.jpg?fit=1200%2C675&ssl=1&resize=525%2C300 1.5x, https:\/\/i0.wp.com\/noticiasribeiraopreto.com.br\/wp-content\/uploads\/2024\/02\/20220618_024226476_catedral_sao_1200x675_17062022004910-1.jpg?fit=1200%2C675&ssl=1&resize=700%2C400 2x, https:\/\/i0.wp.com\/noticiasribeiraopreto.com.br\/wp-content\/uploads\/2024\/02\/20220618_024226476_catedral_sao_1200x675_17062022004910-1.jpg?fit=1200%2C675&ssl=1&resize=1050%2C600 3x"},"classes":[]}],"jetpack_sharing_enabled":true,"jetpack_shortlink":"https:\/\/wp.me\/peQAOb-iTV","_links":{"self":[{"href":"https:\/\/noticiasribeiraopreto.com.br\/index.php\/wp-json\/wp\/v2\/posts\/72659","targetHints":{"allow":["GET"]}}],"collection":[{"href":"https:\/\/noticiasribeiraopreto.com.br\/index.php\/wp-json\/wp\/v2\/posts"}],"about":[{"href":"https:\/\/noticiasribeiraopreto.com.br\/index.php\/wp-json\/wp\/v2\/types\/post"}],"author":[{"embeddable":true,"href":"https:\/\/noticiasribeiraopreto.com.br\/index.php\/wp-json\/wp\/v2\/users\/1"}],"replies":[{"embeddable":true,"href":"https:\/\/noticiasribeiraopreto.com.br\/index.php\/wp-json\/wp\/v2\/comments?post=72659"}],"version-history":[{"count":0,"href":"https:\/\/noticiasribeiraopreto.com.br\/index.php\/wp-json\/wp\/v2\/posts\/72659\/revisions"}],"wp:featuredmedia":[{"embeddable":true,"href":"https:\/\/noticiasribeiraopreto.com.br\/index.php\/wp-json\/wp\/v2\/media\/72660"}],"wp:attachment":[{"href":"https:\/\/noticiasribeiraopreto.com.br\/index.php\/wp-json\/wp\/v2\/media?parent=72659"}],"wp:term":[{"taxonomy":"category","embeddable":true,"href":"https:\/\/noticiasribeiraopreto.com.br\/index.php\/wp-json\/wp\/v2\/categories?post=72659"},{"taxonomy":"post_tag","embeddable":true,"href":"https:\/\/noticiasribeiraopreto.com.br\/index.php\/wp-json\/wp\/v2\/tags?post=72659"}],"curies":[{"name":"wp","href":"https:\/\/api.w.org\/{rel}","templated":true}]}}