{"id":72661,"date":"2025-06-19T16:40:42","date_gmt":"2025-06-19T19:40:42","guid":{"rendered":"https:\/\/noticiasribeiraopreto.com.br\/index.php\/2025\/06\/19\/corpus-christi-catedral-de-ribeirao-preto-prepara-tapetes-para-procissao\/"},"modified":"2025-06-19T16:40:42","modified_gmt":"2025-06-19T19:40:42","slug":"corpus-christi-catedral-de-ribeirao-preto-prepara-tapetes-para-procissao","status":"publish","type":"post","link":"https:\/\/noticiasribeiraopreto.com.br\/index.php\/2025\/06\/19\/corpus-christi-catedral-de-ribeirao-preto-prepara-tapetes-para-procissao\/","title":{"rendered":"Corpus Christi: Catedral de Ribeir\u00e3o Preto prepara tapetes para prociss\u00e3o"},"content":{"rendered":"<p> <br \/>\n<\/p>\n<div data-td-block-uid=\"tdi_95\">\n<div class=\"tdb-block-inner td-fix-index\">\n<p><strong>A Catedral Metropolitana de S\u00e3o Sebasti\u00e3o ter\u00e1 missa de Corpus Christi com prociss\u00e3o nesta quinta-feira (19), \u00e0s 18h30, em Ribeir\u00e3o Preto.<\/strong><\/p>\n<p>Os <strong>tradicionais tapetes <\/strong>que marcam a data foram feitos pela manh\u00e3 no piso da <strong>alameda <\/strong>que corta a <strong>Pra\u00e7a das Bandeiras<\/strong>, em frente \u00e0 igreja, no <strong>Centro <\/strong>da <strong>cidade<\/strong>. A <strong>catedral <\/strong>fica na <strong>rua Flor\u00eancio de Abreu<\/strong>, s\/n\u00ba.<\/p>\n<h2 class=\"wp-block-heading\"><strong>O que \u00e9 Corpus Christi?<\/strong><\/h2>\n<p>O\u00a0Corpus Christi\u00a0\u00e9 uma celebra\u00e7\u00e3o lit\u00fargica da Igreja Cat\u00f3lica que simboliza a presen\u00e7a de Cristo na Eucaristia, que sai pelas ruas das cidades, lembrando a morte e a ressurrei\u00e7\u00e3o de Jesus.<\/p>\n<p>SAIBA MAIS<\/p>\n<p>Frente fria deve trazer chuva e geada ao estado de SP; Veja quando<\/p>\n<h3 class=\"wp-block-heading\"><strong>FIQUE ON<\/strong><\/h3>\n<p>Quer ficar por dentro de tudo que acontece em Ribeir\u00e3o Preto e regi\u00e3o? Ent\u00e3o siga os perfis do\u202facidade on\u202fno\u202f<a href=\"https:\/\/www.instagram.com\/acidadeonribeirao\" target=\"_blank\" rel=\"noreferrer noopener\">Instagram<\/a>\u202fe no\u202f<a href=\"https:\/\/www.facebook.com\/acidadeonribeirao\/\" target=\"_blank\" rel=\"noreferrer noopener\">Facebook<\/a>.<\/p>\n<p>Al\u00e9m disso, voc\u00ea pode receber as principais not\u00edcias diretamente no WhatsApp. Para isso, basta\u00a0<a href=\"https:\/\/chat.whatsapp.com\/BjKQZ9oJwlz8VVT50NuePq\" target=\"_blank\" rel=\"noreferrer noopener\">entrar no grupo clicando aqui<\/a>.<\/p>\n<p>Por fim, se quiser fazer uma den\u00fancia ou sugerir uma reportagem sobre Ribeir\u00e3o Preto e regi\u00e3o, envie uma mensagem pelo WhatsApp: (16) 99117-7802.<\/p>\n<p>VEJA TAMB\u00c9M<\/p>\n<p>Quanto rende R$ 230 milh\u00f5es, pr\u00eamio da Quina de S\u00e3o Jo\u00e3o?<\/p>\n<p><!-- CONTENT END 1 -->\n<\/div>\n<\/div>\n<p><script async src=\"\/\/www.instagram.com\/embed.js\"><\/script><br \/>\n<br \/><br \/>\n<br \/><a href=\"https:\/\/www.acidadeon.com\/ribeiraopreto\/cotidiano\/corpus-christi-catedral-de-ribeirao-preto-prepara-tapetes-para-procissao\/\">Source link <\/a><\/p>\n","protected":false},"excerpt":{"rendered":"<p>A Catedral Metropolitana de S\u00e3o Sebasti\u00e3o ter\u00e1 missa de Corpus Christi com prociss\u00e3o nesta quinta-feira (19), \u00e0s 18h30, em Ribeir\u00e3o Preto. Os tradicionais tapetes que&#8230;<\/p>\n","protected":false},"author":1,"featured_media":72662,"comment_status":"open","ping_status":"open","sticky":false,"template":"","format":"standard","meta":{"advanced_seo_description":"","jetpack_seo_html_title":"","jetpack_seo_noindex":false,"jetpack_post_was_ever_published":false,"_jetpack_newsletter_access":"","_jetpack_dont_email_post_to_subs":false,"_jetpack_newsletter_tier_id":0,"_jetpack_memberships_contains_paywalled_content":false,"_jetpack_memberships_contains_paid_content":false,"footnotes":"","jetpack_publicize_message":"","jetpack_publicize_feature_enabled":true,"jetpack_social_post_already_shared":true,"jetpack_social_options":{"image_generator_settings":{"template":"highway","default_image_id":0,"font":"","enabled":false},"version":2}},"categories":[11],"tags":[],"class_list":["post-72661","post","type-post","status-publish","format-standard","has-post-thumbnail","hentry","category-noticias-de-ribeirao-preto-sp-e-regiao-ismael-colosi"],"jetpack_publicize_connections":[],"jetpack_featured_media_url":"https:\/\/i0.wp.com\/noticiasribeiraopreto.com.br\/wp-content\/uploads\/2025\/06\/WhatsApp-Image-2025-06-19-at-14.50.11-1_2025-06-19_18-03-42.webp.webp?fit=1200%2C990&ssl=1","jetpack-related-posts":[{"id":51822,"url":"https:\/\/noticiasribeiraopreto.com.br\/index.php\/2024\/05\/30\/catedral-de-ribeirao-preto-tem-missa-com-tapetes-de-corpus-christi-veja-o-horario\/","url_meta":{"origin":72661,"position":0},"title":"Catedral de Ribeir\u00e3o Preto tem missa com tapetes de Corpus Christi; Veja o hor\u00e1rio","author":"noticiasribeiraopreto.com.br","date":"30 de May de 2024","format":false,"excerpt":"A Catedral Metropolitana de S\u00e3o Sebasti\u00e3o ter\u00e1 missa de Corpus Christi seguida de prociss\u00e3o nesta quinta-feira (30), \u00e0s 18h30, em Ribeir\u00e3o Preto. Esta ser\u00e1 a \u00faltima das tr\u00eas celebra\u00e7\u00f5es programadas neste dia. As outras foram realizadas \u00e0s 7h30 e 12h. Segundo a Catedral, a prociss\u00e3o percorrer\u00e1 ruas do Centro da\u2026","rel":"","context":"In &quot;Not\u00edcias de Ribeir\u00e3o Preto-SP e Regi\u00e3o&quot;","block_context":{"text":"Not\u00edcias de Ribeir\u00e3o Preto-SP e Regi\u00e3o","link":"https:\/\/noticiasribeiraopreto.com.br\/index.php\/category\/noticias-de-ribeirao-preto-sp-e-regiao-ismael-colosi\/"},"img":{"alt_text":"","src":"https:\/\/i0.wp.com\/noticiasribeiraopreto.com.br\/wp-content\/uploads\/2024\/05\/WhatsApp-Image-2024-05-30-at-10.25.16-1_2024-05-30_16-01-31_jpeg_2024-05-30_16-01-33-scaled.webp.webp?fit=1200%2C675&ssl=1&resize=350%2C200","width":350,"height":200,"srcset":"https:\/\/i0.wp.com\/noticiasribeiraopreto.com.br\/wp-content\/uploads\/2024\/05\/WhatsApp-Image-2024-05-30-at-10.25.16-1_2024-05-30_16-01-31_jpeg_2024-05-30_16-01-33-scaled.webp.webp?fit=1200%2C675&ssl=1&resize=350%2C200 1x, https:\/\/i0.wp.com\/noticiasribeiraopreto.com.br\/wp-content\/uploads\/2024\/05\/WhatsApp-Image-2024-05-30-at-10.25.16-1_2024-05-30_16-01-31_jpeg_2024-05-30_16-01-33-scaled.webp.webp?fit=1200%2C675&ssl=1&resize=525%2C300 1.5x, https:\/\/i0.wp.com\/noticiasribeiraopreto.com.br\/wp-content\/uploads\/2024\/05\/WhatsApp-Image-2024-05-30-at-10.25.16-1_2024-05-30_16-01-31_jpeg_2024-05-30_16-01-33-scaled.webp.webp?fit=1200%2C675&ssl=1&resize=700%2C400 2x, https:\/\/i0.wp.com\/noticiasribeiraopreto.com.br\/wp-content\/uploads\/2024\/05\/WhatsApp-Image-2024-05-30-at-10.25.16-1_2024-05-30_16-01-31_jpeg_2024-05-30_16-01-33-scaled.webp.webp?fit=1200%2C675&ssl=1&resize=1050%2C600 3x"},"classes":[]},{"id":51754,"url":"https:\/\/noticiasribeiraopreto.com.br\/index.php\/2024\/05\/29\/tapetes-de-serragem-sao-destaque-em-celebracao-de-corpus-christi-em-paroquia-de-ribeirao\/","url_meta":{"origin":72661,"position":1},"title":"Tapetes de serragem s\u00e3o destaque em celebra\u00e7\u00e3o de Corpus Christi em Par\u00f3quia de Ribeir\u00e3o","author":"noticiasribeiraopreto.com.br","date":"29 de May de 2024","format":false,"excerpt":"Igrejas de Ribeir\u00e3o Preto realizam a celebra\u00e7\u00e3o de Corpus Christi nesta quinta-feira (30) e, al\u00e9m de missas e prociss\u00f5es, algumas par\u00f3quias tamb\u00e9m realizam a montagem dos tradicionais tapetes de serragem. Esse \u00e9 o caso da Par\u00f3quia Nossa Senhora de Lourdes, localizada na rua Major Ricardo Guimar\u00e3es, 603, no Parque Ribeir\u00e3o.\u2026","rel":"","context":"In &quot;Not\u00edcias de Ribeir\u00e3o Preto-SP e Regi\u00e3o&quot;","block_context":{"text":"Not\u00edcias de Ribeir\u00e3o Preto-SP e Regi\u00e3o","link":"https:\/\/noticiasribeiraopreto.com.br\/index.php\/category\/noticias-de-ribeirao-preto-sp-e-regiao-ismael-colosi\/"},"img":{"alt_text":"","src":"https:\/\/i0.wp.com\/noticiasribeiraopreto.com.br\/wp-content\/uploads\/2024\/05\/WhatsApp-Image-2024-05-29-at-19.13.01_2024-05-29_23-49-28_jpeg_2024-05-29_23-49-30-scaled.webp.webp?fit=900%2C1200&ssl=1&resize=350%2C200","width":350,"height":200,"srcset":"https:\/\/i0.wp.com\/noticiasribeiraopreto.com.br\/wp-content\/uploads\/2024\/05\/WhatsApp-Image-2024-05-29-at-19.13.01_2024-05-29_23-49-28_jpeg_2024-05-29_23-49-30-scaled.webp.webp?fit=900%2C1200&ssl=1&resize=350%2C200 1x, https:\/\/i0.wp.com\/noticiasribeiraopreto.com.br\/wp-content\/uploads\/2024\/05\/WhatsApp-Image-2024-05-29-at-19.13.01_2024-05-29_23-49-28_jpeg_2024-05-29_23-49-30-scaled.webp.webp?fit=900%2C1200&ssl=1&resize=525%2C300 1.5x, https:\/\/i0.wp.com\/noticiasribeiraopreto.com.br\/wp-content\/uploads\/2024\/05\/WhatsApp-Image-2024-05-29-at-19.13.01_2024-05-29_23-49-28_jpeg_2024-05-29_23-49-30-scaled.webp.webp?fit=900%2C1200&ssl=1&resize=700%2C400 2x"},"classes":[]},{"id":51876,"url":"https:\/\/noticiasribeiraopreto.com.br\/index.php\/2024\/05\/31\/gcm-recupera-caminhonete-furtada-no-feriado-de-corpus-christi-em-ribeirao-preto\/","url_meta":{"origin":72661,"position":2},"title":"GCM recupera caminhonete furtada no feriado de Corpus Christi em Ribeir\u00e3o Preto","author":"noticiasribeiraopreto.com.br","date":"31 de May de 2024","format":false,"excerpt":"A Guarda Civil Metropolitana (GCM) de Ribeir\u00e3o Preto localizou nesta sexta-feira (31), uma caminhonete Toyota Hilux furtada na zona Sul da cidade. Segundo as informa\u00e7\u00f5es, o ve\u00edculo pertence a um m\u00e9dico ortopedista da cidade e foi furtado nesta quinta-feira (30), feriado de Corpus Christi, enquanto o homem estava jantando em\u2026","rel":"","context":"In &quot;Not\u00edcias de Ribeir\u00e3o Preto-SP e Regi\u00e3o&quot;","block_context":{"text":"Not\u00edcias de Ribeir\u00e3o Preto-SP e Regi\u00e3o","link":"https:\/\/noticiasribeiraopreto.com.br\/index.php\/category\/noticias-de-ribeirao-preto-sp-e-regiao-ismael-colosi\/"},"img":{"alt_text":"","src":"https:\/\/i0.wp.com\/noticiasribeiraopreto.com.br\/wp-content\/uploads\/2024\/05\/Copia-de-Copia-de-TAMANHO-EXATO-PARA-FOTOS-NO-SISTEMA-NOVO-60_2024-05-31_19-39-01_png_2024-05-31_19-39-02.webp.webp?fit=1200%2C675&ssl=1&resize=350%2C200","width":350,"height":200,"srcset":"https:\/\/i0.wp.com\/noticiasribeiraopreto.com.br\/wp-content\/uploads\/2024\/05\/Copia-de-Copia-de-TAMANHO-EXATO-PARA-FOTOS-NO-SISTEMA-NOVO-60_2024-05-31_19-39-01_png_2024-05-31_19-39-02.webp.webp?fit=1200%2C675&ssl=1&resize=350%2C200 1x, https:\/\/i0.wp.com\/noticiasribeiraopreto.com.br\/wp-content\/uploads\/2024\/05\/Copia-de-Copia-de-TAMANHO-EXATO-PARA-FOTOS-NO-SISTEMA-NOVO-60_2024-05-31_19-39-01_png_2024-05-31_19-39-02.webp.webp?fit=1200%2C675&ssl=1&resize=525%2C300 1.5x, https:\/\/i0.wp.com\/noticiasribeiraopreto.com.br\/wp-content\/uploads\/2024\/05\/Copia-de-Copia-de-TAMANHO-EXATO-PARA-FOTOS-NO-SISTEMA-NOVO-60_2024-05-31_19-39-01_png_2024-05-31_19-39-02.webp.webp?fit=1200%2C675&ssl=1&resize=700%2C400 2x, https:\/\/i0.wp.com\/noticiasribeiraopreto.com.br\/wp-content\/uploads\/2024\/05\/Copia-de-Copia-de-TAMANHO-EXATO-PARA-FOTOS-NO-SISTEMA-NOVO-60_2024-05-31_19-39-01_png_2024-05-31_19-39-02.webp.webp?fit=1200%2C675&ssl=1&resize=1050%2C600 3x"},"classes":[]},{"id":51472,"url":"https:\/\/noticiasribeiraopreto.com.br\/index.php\/2024\/05\/27\/corpus-christi-entenda-se-e-feriado-ou-ponto-facultativo-em-ribeirao-preto\/","url_meta":{"origin":72661,"position":3},"title":"Corpus Christi: Entenda se \u00e9 feriado ou ponto facultativo em Ribeir\u00e3o Preto","author":"noticiasribeiraopreto.com.br","date":"27 de May de 2024","format":false,"excerpt":"O Dia de Corpus Christi, na pr\u00f3xima quinta-feira (30), comemora a institui\u00e7\u00e3o da eucaristia, um sacramento cat\u00f3lico. \u00c9 celebrado sempre 60 dias ap\u00f3s a P\u00e1scoa. Mas, afinal: \u00e9 feriado ou n\u00e3o? Pelo Governo Federal, a data \u00e9 considera ponto facultativo, por\u00e9m, cada munic\u00edpio tem a liberdade de considerar a celebra\u00e7\u00e3o\u2026","rel":"","context":"In &quot;Not\u00edcias de Ribeir\u00e3o Preto-SP e Regi\u00e3o&quot;","block_context":{"text":"Not\u00edcias de Ribeir\u00e3o Preto-SP e Regi\u00e3o","link":"https:\/\/noticiasribeiraopreto.com.br\/index.php\/category\/noticias-de-ribeirao-preto-sp-e-regiao-ismael-colosi\/"},"img":{"alt_text":"","src":"https:\/\/i0.wp.com\/noticiasribeiraopreto.com.br\/wp-content\/uploads\/2024\/05\/Copia-de-Copia-de-TAMANHO-EXATO-PARA-FOTOS-NO-SISTEMA-NOVO-2_2024-05-27_12-36-20_jpg_2024-05-27_12-36-20.webp.webp?fit=1200%2C675&ssl=1&resize=350%2C200","width":350,"height":200,"srcset":"https:\/\/i0.wp.com\/noticiasribeiraopreto.com.br\/wp-content\/uploads\/2024\/05\/Copia-de-Copia-de-TAMANHO-EXATO-PARA-FOTOS-NO-SISTEMA-NOVO-2_2024-05-27_12-36-20_jpg_2024-05-27_12-36-20.webp.webp?fit=1200%2C675&ssl=1&resize=350%2C200 1x, https:\/\/i0.wp.com\/noticiasribeiraopreto.com.br\/wp-content\/uploads\/2024\/05\/Copia-de-Copia-de-TAMANHO-EXATO-PARA-FOTOS-NO-SISTEMA-NOVO-2_2024-05-27_12-36-20_jpg_2024-05-27_12-36-20.webp.webp?fit=1200%2C675&ssl=1&resize=525%2C300 1.5x, https:\/\/i0.wp.com\/noticiasribeiraopreto.com.br\/wp-content\/uploads\/2024\/05\/Copia-de-Copia-de-TAMANHO-EXATO-PARA-FOTOS-NO-SISTEMA-NOVO-2_2024-05-27_12-36-20_jpg_2024-05-27_12-36-20.webp.webp?fit=1200%2C675&ssl=1&resize=700%2C400 2x, https:\/\/i0.wp.com\/noticiasribeiraopreto.com.br\/wp-content\/uploads\/2024\/05\/Copia-de-Copia-de-TAMANHO-EXATO-PARA-FOTOS-NO-SISTEMA-NOVO-2_2024-05-27_12-36-20_jpg_2024-05-27_12-36-20.webp.webp?fit=1200%2C675&ssl=1&resize=1050%2C600 3x"},"classes":[]},{"id":67960,"url":"https:\/\/noticiasribeiraopreto.com.br\/index.php\/2025\/04\/21\/arcebispo-de-ribeirao-preto-pede-profunda-oracao-aos-fieis-apos-morte-do-papa-francisco\/","url_meta":{"origin":72661,"position":4},"title":"Arcebispo de Ribeir\u00e3o Preto pede &#8216;profunda ora\u00e7\u00e3o&#8217; aos fi\u00e9is ap\u00f3s morte do Papa Francisco","author":"noticiasribeiraopreto.com.br","date":"21 de April de 2025","format":false,"excerpt":"O arcebispo metropolitano de Ribeir\u00e3o Preto, Dom Moacir Silva, emitiu nota de pesar em que lamenta a morte do Papa Francisco, nesta segunda-feira (21). Dom Moacir ressaltou a vida do pont\u00edfice dedicada ao servi\u00e7o e pede aos fi\u00e9is uma \u201cprofunda ora\u00e7\u00e3o\u201d pelo descanso de Francisco. Uma missa est\u00e1 programada para\u2026","rel":"","context":"In &quot;Not\u00edcias de Ribeir\u00e3o Preto-SP e Regi\u00e3o&quot;","block_context":{"text":"Not\u00edcias de Ribeir\u00e3o Preto-SP e Regi\u00e3o","link":"https:\/\/noticiasribeiraopreto.com.br\/index.php\/category\/noticias-de-ribeirao-preto-sp-e-regiao-ismael-colosi\/"},"img":{"alt_text":"","src":"https:\/\/i0.wp.com\/noticiasribeiraopreto.com.br\/wp-content\/uploads\/2025\/04\/af9cec10-6767-492e-8b16-0f43f63ffe18.jpg?fit=310%2C200&ssl=1&resize=350%2C200","width":350,"height":200},"classes":[]},{"id":72586,"url":"https:\/\/noticiasribeiraopreto.com.br\/index.php\/2025\/06\/18\/arraia-mio-di-bao-anima-ribeirao-no-feriado-de-corpus-christi\/","url_meta":{"origin":72661,"position":5},"title":"Arrai\u00e1 Mi\u00f3 Di B\u00e3o anima Ribeir\u00e3o no feriado de Corpus Christi","author":"noticiasribeiraopreto.com.br","date":"18 de June de 2025","format":false,"excerpt":"18 de junho de 2025 18:0018 de junho de 2025 14:5610 Compartilhar0 O clima de festa continua em Ribeir\u00e3o Preto com o\u00a0Arrai\u00e1 Mi\u00f3 Di B\u00e3o Ribeir\u00e3o, o maior evento junino da regi\u00e3o, que promete agitar tamb\u00e9m o feriado de\u00a0Corpus Christi e anivers\u00e1rio da cidade, nesta quarta-feira, 19 de junho. Al\u00e9m\u2026","rel":"","context":"In &quot;Not\u00edcias de Ribeir\u00e3o Preto-SP e Regi\u00e3o&quot;","block_context":{"text":"Not\u00edcias de Ribeir\u00e3o Preto-SP e Regi\u00e3o","link":"https:\/\/noticiasribeiraopreto.com.br\/index.php\/category\/noticias-de-ribeirao-preto-sp-e-regiao-ismael-colosi\/"},"img":{"alt_text":"","src":"https:\/\/i0.wp.com\/noticiasribeiraopreto.com.br\/wp-content\/uploads\/2025\/06\/ARRAIA-DINO.jpeg?fit=1200%2C814&ssl=1&resize=350%2C200","width":350,"height":200,"srcset":"https:\/\/i0.wp.com\/noticiasribeiraopreto.com.br\/wp-content\/uploads\/2025\/06\/ARRAIA-DINO.jpeg?fit=1200%2C814&ssl=1&resize=350%2C200 1x, https:\/\/i0.wp.com\/noticiasribeiraopreto.com.br\/wp-content\/uploads\/2025\/06\/ARRAIA-DINO.jpeg?fit=1200%2C814&ssl=1&resize=525%2C300 1.5x, https:\/\/i0.wp.com\/noticiasribeiraopreto.com.br\/wp-content\/uploads\/2025\/06\/ARRAIA-DINO.jpeg?fit=1200%2C814&ssl=1&resize=700%2C400 2x, https:\/\/i0.wp.com\/noticiasribeiraopreto.com.br\/wp-content\/uploads\/2025\/06\/ARRAIA-DINO.jpeg?fit=1200%2C814&ssl=1&resize=1050%2C600 3x"},"classes":[]}],"jetpack_sharing_enabled":true,"jetpack_shortlink":"https:\/\/wp.me\/peQAOb-iTX","_links":{"self":[{"href":"https:\/\/noticiasribeiraopreto.com.br\/index.php\/wp-json\/wp\/v2\/posts\/72661","targetHints":{"allow":["GET"]}}],"collection":[{"href":"https:\/\/noticiasribeiraopreto.com.br\/index.php\/wp-json\/wp\/v2\/posts"}],"about":[{"href":"https:\/\/noticiasribeiraopreto.com.br\/index.php\/wp-json\/wp\/v2\/types\/post"}],"author":[{"embeddable":true,"href":"https:\/\/noticiasribeiraopreto.com.br\/index.php\/wp-json\/wp\/v2\/users\/1"}],"replies":[{"embeddable":true,"href":"https:\/\/noticiasribeiraopreto.com.br\/index.php\/wp-json\/wp\/v2\/comments?post=72661"}],"version-history":[{"count":0,"href":"https:\/\/noticiasribeiraopreto.com.br\/index.php\/wp-json\/wp\/v2\/posts\/72661\/revisions"}],"wp:featuredmedia":[{"embeddable":true,"href":"https:\/\/noticiasribeiraopreto.com.br\/index.php\/wp-json\/wp\/v2\/media\/72662"}],"wp:attachment":[{"href":"https:\/\/noticiasribeiraopreto.com.br\/index.php\/wp-json\/wp\/v2\/media?parent=72661"}],"wp:term":[{"taxonomy":"category","embeddable":true,"href":"https:\/\/noticiasribeiraopreto.com.br\/index.php\/wp-json\/wp\/v2\/categories?post=72661"},{"taxonomy":"post_tag","embeddable":true,"href":"https:\/\/noticiasribeiraopreto.com.br\/index.php\/wp-json\/wp\/v2\/tags?post=72661"}],"curies":[{"name":"wp","href":"https:\/\/api.w.org\/{rel}","templated":true}]}}